{"id":31820,"date":"2026-03-12T15:11:08","date_gmt":"2026-03-12T14:11:08","guid":{"rendered":"https:\/\/www.colegionewman.org\/?p=31820"},"modified":"2026-03-12T15:11:14","modified_gmt":"2026-03-12T14:11:14","slug":"el-poder-de-las-palabras-con-javier-ablitas-y-lydia-balenciaga","status":"publish","type":"post","link":"https:\/\/www.colegionewman.org\/es_es\/el-poder-de-las-palabras-con-javier-ablitas-y-lydia-balenciaga\/","title":{"rendered":"El poder de las palabras con Javier Ablitas y Lydia Balenciaga"},"content":{"rendered":"\n<h2 class=\"wp-block-heading\">La <a href=\"https:\/\/www.colegionewman.org\/es_es\/sac-newman\/\">SAC<\/a> sigue adelante con muchas actividades. El mi\u00e9rcoles tuvo lugar una conferencia con dos periodistas: Lydia Balenciaga (periodista de Antena 3) y Javier Ablitas (periodista en el \u00e1mbito econ\u00f3mico). El coloquio se organiz\u00f3 bajo el t\u00edtulo de <em>\u201cEl poder de las palabras\u201d<\/em> y tuvo como principal objetivo mostrar a los alumnos la importancia de c\u00f3mo nos expresamos y de c\u00f3mo nos informamos sobre lo que est\u00e1 pasando en el mundo.\u00a0<\/h2>\n\n\n\n<h3 class=\"wp-block-heading\">Trayectoria profesional de los ponentes<\/h3>\n\n\n\n<p>Ambos ponentes estudiaron periodismo y cuentan con una amplia experiencia profesional, habiendo trabajado en televisi\u00f3n, radio, prensa y medios digitales. Tanto Javier como Lydia expusieron a lo largo de la conferencia algunas de las dificultades que puede encontrar un periodista en su trayectoria profesional. Explicaron que, en ocasiones, deben trabajar con contenidos que reflejan realidades duras y complejas. Sin embargo, tambi\u00e9n destacaron la parte positiva de la profesi\u00f3n, ya que permite conocer a numerosos profesionales expertos en distintas disciplinas. Tambi\u00e9n quisieron se\u00f1alar que la carrera universitaria no siempre refleja la realidad del trabajo diario en los medios de comunicaci\u00f3n.<\/p>\n\n\n\n<h3 class=\"wp-block-heading\">La responsabilidad de informar con rigor<\/h3>\n\n\n\n<p>La labor principal del periodista es informar a la audiencia sobre lo que est\u00e1 pasando en el mundo, sin persuadir, convencer ni manipular. Para ello es muy importante presentar los distintos prismas de un mismo acontecimiento. Para lograrlo, es fundamental mantener la objetividad, el rigor y la verificaci\u00f3n de la informaci\u00f3n. Tambi\u00e9n quisieron destacar que la objetividad no es lo mismo que la neutralidad y que es posible contar un hecho de forma objetiva sin mantener necesariamente una posici\u00f3n neutral.<\/p>\n\n\n\n<h3 class=\"wp-block-heading\">El poder de las palabras en la comunicaci\u00f3n<\/h3>\n\n\n\n<p><em>El poder de las palabras<\/em>, t\u00edtulo de la conferencia, tambi\u00e9n qued\u00f3 reflejado de varias formas por parte de los periodistas. Quisieron transmitir a los alumnos que, m\u00e1s all\u00e1 de las profesiones relacionadas con el periodismo o con la comunicaci\u00f3n, en cualquier \u00e1mbito profesional llegar\u00e1 el momento de tener que hablar en p\u00fablico. Es importante conocer cu\u00e1l es el registro que debemos utilizar para expresarnos en un ambiente laboral y qu\u00e9 palabras conviene emplear en cada contexto. Adem\u00e1s, recordaron la importancia de tener en cuenta qui\u00e9n recibe el mensaje, ya que siempre existe una intenci\u00f3n detr\u00e1s de lo que decimos. Esa intenci\u00f3n puede influir en los dem\u00e1s y por ello es fundamental evitar la manipulaci\u00f3n. El uso de adjetivos, por ejemplo, puede hacer que una misma historia se relate de maneras muy distintas.&nbsp;<\/p>\n\n\n\n<h3 class=\"wp-block-heading\">Pensamiento cr\u00edtico y redes sociales<\/h3>\n\n\n\n<p>Javier y Lydia quisieron recalcar que el primer paso para ser un buen periodista es desarrollar el pensamiento cr\u00edtico, algo que se fomenta durante la etapa escolar. Es importante no aceptar la primera versi\u00f3n de las cosas, contrastar fuentes, verificar y utilizar distintos canales de comunicaci\u00f3n para informarnos. Tambi\u00e9n hay que tener en cuenta el panorama que tenemos actualmente en el mundo de la comunicaci\u00f3n con la aparici\u00f3n de las redes sociales. Las redes se han convertido en uno de los grandes desaf\u00edos para el periodismo actual. Mientras que en los medios tradicionales la informaci\u00f3n pasa por distintos filtros editoriales, en las redes sociales no hay control sobre lo que se dice ni sobre qui\u00e9n lo dice. Las redes sociales son un instrumento muy valioso porque nos ofrecen informaci\u00f3n de forma inmediata, pero tambi\u00e9n tienen el riesgo de que cualquier persona pueda difundir contenidos sin contrastarlos previamente. Esto provoca que muchas veces se comparta informaci\u00f3n sin verificar.<\/p>\n\n\n\n<h3 class=\"wp-block-heading\">Aprendizajes para los alumnos<\/h3>\n\n\n\n<p>A lo largo de la conferencia hubo varias ideas que se repitieron en distintas ocasiones y que dejaron una huella clara entre los alumnos. En primer lugar, Javier Ablitas insisti\u00f3 en la importancia de mantener siempre la curiosidad y la inquietud por comprender lo que ocurre a nuestro alrededor, algo que puede alimentarse, por ejemplo, a trav\u00e9s de la lectura y del seguimiento de la actualidad. Otra de las recomendaciones fue no vivir de espaldas a la realidad, sino mantenerse informado aunque no se vaya a ejercer el periodismo como profesi\u00f3n. Adem\u00e1s, recordaron que en pr\u00e1cticamente cualquier \u00e1mbito laboral ser\u00e1 necesario hablar en p\u00fablico en alg\u00fan momento. Por ello aconsejaron a los alumnos grabarse mientras realizan presentaciones o exposiciones, con el objetivo de analizar posteriormente su forma de expresarse.<\/p>\n\n\n\n<p>La charla finaliz\u00f3 con una ronda de preguntas por parte de los alumnos, que mostraron un gran inter\u00e9s durante toda la sesi\u00f3n por los temas que los periodistas compartieron con ellos. La conferencia les permiti\u00f3 reflexionar sobre la importancia de las palabras y sobre la responsabilidad que todos tenemos al comunicarnos y al informarnos en la sociedad actual.<\/p>\n\n\n\n<figure class=\"wp-block-embed is-type-video is-provider-youtube wp-block-embed-youtube wp-embed-aspect-16-9 wp-has-aspect-ratio\"><div class=\"wp-block-embed__wrapper\">\n<div class='avia-iframe-wrap'><iframe loading=\"lazy\" title=\"D\u00edas 2 y 3 #SAC | Colegio Internacional J.H. Newman\" width=\"1500\" height=\"844\" src=\"https:\/\/www.youtube.com\/embed\/swXDzVuBWY4?feature=oembed\" frameborder=\"0\" allow=\"accelerometer; autoplay; clipboard-write; encrypted-media; gyroscope; picture-in-picture; web-share\" referrerpolicy=\"strict-origin-when-cross-origin\" allowfullscreen><\/iframe><\/div>\n<\/div><\/figure>\n","protected":false},"excerpt":{"rendered":"<p>La SAC sigue adelante con muchas actividades. El mi\u00e9rcoles tuvo lugar una conferencia con dos periodistas: Lydia Balenciaga (periodista de Antena 3) y Javier Ablitas (periodista en el \u00e1mbito econ\u00f3mico). El coloquio se organiz\u00f3 bajo el t\u00edtulo de \u201cEl poder de las palabras\u201d y tuvo como principal objetivo mostrar a los alumnos la importancia de [&hellip;]<\/p>\n","protected":false},"author":1,"featured_media":31822,"comment_status":"open","ping_status":"open","sticky":false,"template":"","format":"standard","meta":{"footnotes":""},"categories":[17,72,47,87,1413,16],"tags":[721,26,1597,30,1602,420,1603,421,1601,1433,1538],"class_list":["post-31820","post","type-post","status-publish","format-standard","has-post-thumbnail","hentry","category-bachillerato","category-colegio","category-eventos","category-noticias","category-sac","category-secundaria","tag-colegio-internacional-jh-newman","tag-colegio-newman","tag-conferencias","tag-educacion","tag-javier-ablitas","tag-lengua","tag-lydia-balenciaga","tag-madrid","tag-pensamiento-critico","tag-periodismo","tag-sac"],"yoast_head":"<!-- This site is optimized with the Yoast SEO plugin v27.3 - https:\/\/yoast.com\/product\/yoast-seo-wordpress\/ -->\n<title>El poder de las palabras con Javier Ablitas y Lydia Balenciaga<\/title>\n<meta name=\"description\" content=\"Los periodistas Javier Ablitas y Lydia Balenciaga ofrecen una charla sobre el poder de las palabras y la responsabilidad de informar.\" \/>\n<meta name=\"robots\" content=\"index, follow, max-snippet:-1, max-image-preview:large, max-video-preview:-1\" \/>\n<link rel=\"canonical\" href=\"https:\/\/www.colegionewman.org\/es_es\/el-poder-de-las-palabras-con-javier-ablitas-y-lydia-balenciaga\/\" \/>\n<meta property=\"og:locale\" content=\"es_ES\" \/>\n<meta property=\"og:type\" content=\"article\" \/>\n<meta property=\"og:title\" content=\"El poder de las palabras con Javier Ablitas y Lydia Balenciaga\" \/>\n<meta property=\"og:description\" content=\"Los periodistas Javier Ablitas y Lydia Balenciaga ofrecen una charla sobre el poder de las palabras y la responsabilidad de informar.\" \/>\n<meta property=\"og:url\" content=\"https:\/\/www.colegionewman.org\/es_es\/el-poder-de-las-palabras-con-javier-ablitas-y-lydia-balenciaga\/\" \/>\n<meta property=\"og:site_name\" content=\"Colegio Internacional J.H. Newman\" \/>\n<meta property=\"article:published_time\" content=\"2026-03-12T14:11:08+00:00\" \/>\n<meta property=\"article:modified_time\" content=\"2026-03-12T14:11:14+00:00\" \/>\n<meta property=\"og:image\" content=\"https:\/\/www.colegionewman.org\/wp-content\/uploads\/el-poder-de-las-palabras.jpg\" \/>\n\t<meta property=\"og:image:width\" content=\"1000\" \/>\n\t<meta property=\"og:image:height\" content=\"750\" \/>\n\t<meta property=\"og:image:type\" content=\"image\/jpeg\" \/>\n<meta name=\"author\" content=\"usuario01\" \/>\n<meta name=\"twitter:card\" content=\"summary_large_image\" \/>\n<meta name=\"twitter:label1\" content=\"Escrito por\" \/>\n\t<meta name=\"twitter:data1\" content=\"usuario01\" \/>\n\t<meta name=\"twitter:label2\" content=\"Tiempo de lectura\" \/>\n\t<meta name=\"twitter:data2\" content=\"4 minutos\" \/>\n<script type=\"application\/ld+json\" class=\"yoast-schema-graph\">{\"@context\":\"https:\\\/\\\/schema.org\",\"@graph\":[{\"@type\":\"Article\",\"@id\":\"https:\\\/\\\/www.colegionewman.org\\\/el-poder-de-las-palabras-con-javier-ablitas-y-lydia-balenciaga\\\/#article\",\"isPartOf\":{\"@id\":\"https:\\\/\\\/www.colegionewman.org\\\/el-poder-de-las-palabras-con-javier-ablitas-y-lydia-balenciaga\\\/\"},\"author\":{\"name\":\"usuario01\",\"@id\":\"https:\\\/\\\/www.colegionewman.org\\\/#\\\/schema\\\/person\\\/8106daec86dc9c621dee981574299879\"},\"headline\":\"El poder de las palabras con Javier Ablitas y Lydia Balenciaga\",\"datePublished\":\"2026-03-12T14:11:08+00:00\",\"dateModified\":\"2026-03-12T14:11:14+00:00\",\"mainEntityOfPage\":{\"@id\":\"https:\\\/\\\/www.colegionewman.org\\\/el-poder-de-las-palabras-con-javier-ablitas-y-lydia-balenciaga\\\/\"},\"wordCount\":822,\"commentCount\":0,\"publisher\":{\"@id\":\"https:\\\/\\\/www.colegionewman.org\\\/#organization\"},\"image\":{\"@id\":\"https:\\\/\\\/www.colegionewman.org\\\/el-poder-de-las-palabras-con-javier-ablitas-y-lydia-balenciaga\\\/#primaryimage\"},\"thumbnailUrl\":\"https:\\\/\\\/www.colegionewman.org\\\/wp-content\\\/uploads\\\/el-poder-de-las-palabras.jpg\",\"keywords\":[\"Colegio Internacional JH Newman\",\"Colegio Newman\",\"conferencias\",\"educaci\u00f3n\",\"javier ablitas\",\"Lengua\",\"lydia balenciaga\",\"Madrid\",\"pensamiento cr\u00edtico\",\"periodismo\",\"sac\"],\"articleSection\":[\"Bachillerato\",\"Colegio\",\"Eventos\",\"Noticias\",\"SAC\",\"Secundaria\"],\"inLanguage\":\"es\",\"potentialAction\":[{\"@type\":\"CommentAction\",\"name\":\"Comment\",\"target\":[\"https:\\\/\\\/www.colegionewman.org\\\/el-poder-de-las-palabras-con-javier-ablitas-y-lydia-balenciaga\\\/#respond\"]}]},{\"@type\":\"WebPage\",\"@id\":\"https:\\\/\\\/www.colegionewman.org\\\/el-poder-de-las-palabras-con-javier-ablitas-y-lydia-balenciaga\\\/\",\"url\":\"https:\\\/\\\/www.colegionewman.org\\\/el-poder-de-las-palabras-con-javier-ablitas-y-lydia-balenciaga\\\/\",\"name\":\"El poder de las palabras con Javier Ablitas y Lydia Balenciaga\",\"isPartOf\":{\"@id\":\"https:\\\/\\\/www.colegionewman.org\\\/#website\"},\"primaryImageOfPage\":{\"@id\":\"https:\\\/\\\/www.colegionewman.org\\\/el-poder-de-las-palabras-con-javier-ablitas-y-lydia-balenciaga\\\/#primaryimage\"},\"image\":{\"@id\":\"https:\\\/\\\/www.colegionewman.org\\\/el-poder-de-las-palabras-con-javier-ablitas-y-lydia-balenciaga\\\/#primaryimage\"},\"thumbnailUrl\":\"https:\\\/\\\/www.colegionewman.org\\\/wp-content\\\/uploads\\\/el-poder-de-las-palabras.jpg\",\"datePublished\":\"2026-03-12T14:11:08+00:00\",\"dateModified\":\"2026-03-12T14:11:14+00:00\",\"description\":\"Los periodistas Javier Ablitas y Lydia Balenciaga ofrecen una charla sobre el poder de las palabras y la responsabilidad de informar.\",\"breadcrumb\":{\"@id\":\"https:\\\/\\\/www.colegionewman.org\\\/el-poder-de-las-palabras-con-javier-ablitas-y-lydia-balenciaga\\\/#breadcrumb\"},\"inLanguage\":\"es\",\"potentialAction\":[{\"@type\":\"ReadAction\",\"target\":[\"https:\\\/\\\/www.colegionewman.org\\\/el-poder-de-las-palabras-con-javier-ablitas-y-lydia-balenciaga\\\/\"]}]},{\"@type\":\"ImageObject\",\"inLanguage\":\"es\",\"@id\":\"https:\\\/\\\/www.colegionewman.org\\\/el-poder-de-las-palabras-con-javier-ablitas-y-lydia-balenciaga\\\/#primaryimage\",\"url\":\"https:\\\/\\\/www.colegionewman.org\\\/wp-content\\\/uploads\\\/el-poder-de-las-palabras.jpg\",\"contentUrl\":\"https:\\\/\\\/www.colegionewman.org\\\/wp-content\\\/uploads\\\/el-poder-de-las-palabras.jpg\",\"width\":1000,\"height\":750},{\"@type\":\"BreadcrumbList\",\"@id\":\"https:\\\/\\\/www.colegionewman.org\\\/el-poder-de-las-palabras-con-javier-ablitas-y-lydia-balenciaga\\\/#breadcrumb\",\"itemListElement\":[{\"@type\":\"ListItem\",\"position\":1,\"name\":\"Portada\",\"item\":\"https:\\\/\\\/www.colegionewman.org\\\/\"},{\"@type\":\"ListItem\",\"position\":2,\"name\":\"El poder de las palabras con Javier Ablitas y Lydia Balenciaga\"}]},{\"@type\":\"WebSite\",\"@id\":\"https:\\\/\\\/www.colegionewman.org\\\/#website\",\"url\":\"https:\\\/\\\/www.colegionewman.org\\\/\",\"name\":\"Colegio Internacional J.H. Newman\",\"description\":\"Un colegio que te abre al mundo\",\"publisher\":{\"@id\":\"https:\\\/\\\/www.colegionewman.org\\\/#organization\"},\"alternateName\":\"Colegio Newman\",\"potentialAction\":[{\"@type\":\"SearchAction\",\"target\":{\"@type\":\"EntryPoint\",\"urlTemplate\":\"https:\\\/\\\/www.colegionewman.org\\\/?s={search_term_string}\"},\"query-input\":{\"@type\":\"PropertyValueSpecification\",\"valueRequired\":true,\"valueName\":\"search_term_string\"}}],\"inLanguage\":\"es\"},{\"@type\":\"Organization\",\"@id\":\"https:\\\/\\\/www.colegionewman.org\\\/#organization\",\"name\":\"Colegio Internacional J.H. Newman\",\"alternateName\":\"Colegio Newman\",\"url\":\"https:\\\/\\\/www.colegionewman.org\\\/\",\"logo\":{\"@type\":\"ImageObject\",\"inLanguage\":\"es\",\"@id\":\"https:\\\/\\\/www.colegionewman.org\\\/#\\\/schema\\\/logo\\\/image\\\/\",\"url\":\"https:\\\/\\\/www.colegionewman.org\\\/wp-content\\\/uploads\\\/logo_mini_newman_Mesa-de-trabajo-1.png\",\"contentUrl\":\"https:\\\/\\\/www.colegionewman.org\\\/wp-content\\\/uploads\\\/logo_mini_newman_Mesa-de-trabajo-1.png\",\"width\":750,\"height\":750,\"caption\":\"Colegio Internacional J.H. Newman\"},\"image\":{\"@id\":\"https:\\\/\\\/www.colegionewman.org\\\/#\\\/schema\\\/logo\\\/image\\\/\"},\"sameAs\":[\"https:\\\/\\\/www.instagram.com\\\/colegiojhnewman\\\/\",\"https:\\\/\\\/www.youtube.com\\\/channel\\\/UCUEVCANGRsznbp-DRfSrexw\",\"https:\\\/\\\/www.linkedin.com\\\/company\\\/colegio-internacional-jh-newman\"]},{\"@type\":\"Person\",\"@id\":\"https:\\\/\\\/www.colegionewman.org\\\/#\\\/schema\\\/person\\\/8106daec86dc9c621dee981574299879\",\"name\":\"usuario01\",\"image\":{\"@type\":\"ImageObject\",\"inLanguage\":\"es\",\"@id\":\"https:\\\/\\\/secure.gravatar.com\\\/avatar\\\/2cefad0f4eecf4293f29f0087b54fe8c76e9fc1d6aed0ef8a8ecdd2e38e8cd47?s=96&d=mm&r=g\",\"url\":\"https:\\\/\\\/secure.gravatar.com\\\/avatar\\\/2cefad0f4eecf4293f29f0087b54fe8c76e9fc1d6aed0ef8a8ecdd2e38e8cd47?s=96&d=mm&r=g\",\"contentUrl\":\"https:\\\/\\\/secure.gravatar.com\\\/avatar\\\/2cefad0f4eecf4293f29f0087b54fe8c76e9fc1d6aed0ef8a8ecdd2e38e8cd47?s=96&d=mm&r=g\",\"caption\":\"usuario01\"},\"sameAs\":[\"https:\\\/\\\/www.colegionewman.org\"],\"url\":\"https:\\\/\\\/www.colegionewman.org\\\/es_es\\\/author\\\/usuario01\\\/\"}]}<\/script>\n<!-- \/ Yoast SEO plugin. -->","yoast_head_json":{"title":"El poder de las palabras con Javier Ablitas y Lydia Balenciaga","description":"Los periodistas Javier Ablitas y Lydia Balenciaga ofrecen una charla sobre el poder de las palabras y la responsabilidad de informar.","robots":{"index":"index","follow":"follow","max-snippet":"max-snippet:-1","max-image-preview":"max-image-preview:large","max-video-preview":"max-video-preview:-1"},"canonical":"https:\/\/www.colegionewman.org\/es_es\/el-poder-de-las-palabras-con-javier-ablitas-y-lydia-balenciaga\/","og_locale":"es_ES","og_type":"article","og_title":"El poder de las palabras con Javier Ablitas y Lydia Balenciaga","og_description":"Los periodistas Javier Ablitas y Lydia Balenciaga ofrecen una charla sobre el poder de las palabras y la responsabilidad de informar.","og_url":"https:\/\/www.colegionewman.org\/es_es\/el-poder-de-las-palabras-con-javier-ablitas-y-lydia-balenciaga\/","og_site_name":"Colegio Internacional J.H. Newman","article_published_time":"2026-03-12T14:11:08+00:00","article_modified_time":"2026-03-12T14:11:14+00:00","og_image":[{"width":1000,"height":750,"url":"https:\/\/www.colegionewman.org\/wp-content\/uploads\/el-poder-de-las-palabras.jpg","type":"image\/jpeg"}],"author":"usuario01","twitter_card":"summary_large_image","twitter_misc":{"Escrito por":"usuario01","Tiempo de lectura":"4 minutos"},"schema":{"@context":"https:\/\/schema.org","@graph":[{"@type":"Article","@id":"https:\/\/www.colegionewman.org\/el-poder-de-las-palabras-con-javier-ablitas-y-lydia-balenciaga\/#article","isPartOf":{"@id":"https:\/\/www.colegionewman.org\/el-poder-de-las-palabras-con-javier-ablitas-y-lydia-balenciaga\/"},"author":{"name":"usuario01","@id":"https:\/\/www.colegionewman.org\/#\/schema\/person\/8106daec86dc9c621dee981574299879"},"headline":"El poder de las palabras con Javier Ablitas y Lydia Balenciaga","datePublished":"2026-03-12T14:11:08+00:00","dateModified":"2026-03-12T14:11:14+00:00","mainEntityOfPage":{"@id":"https:\/\/www.colegionewman.org\/el-poder-de-las-palabras-con-javier-ablitas-y-lydia-balenciaga\/"},"wordCount":822,"commentCount":0,"publisher":{"@id":"https:\/\/www.colegionewman.org\/#organization"},"image":{"@id":"https:\/\/www.colegionewman.org\/el-poder-de-las-palabras-con-javier-ablitas-y-lydia-balenciaga\/#primaryimage"},"thumbnailUrl":"https:\/\/www.colegionewman.org\/wp-content\/uploads\/el-poder-de-las-palabras.jpg","keywords":["Colegio Internacional JH Newman","Colegio Newman","conferencias","educaci\u00f3n","javier ablitas","Lengua","lydia balenciaga","Madrid","pensamiento cr\u00edtico","periodismo","sac"],"articleSection":["Bachillerato","Colegio","Eventos","Noticias","SAC","Secundaria"],"inLanguage":"es","potentialAction":[{"@type":"CommentAction","name":"Comment","target":["https:\/\/www.colegionewman.org\/el-poder-de-las-palabras-con-javier-ablitas-y-lydia-balenciaga\/#respond"]}]},{"@type":"WebPage","@id":"https:\/\/www.colegionewman.org\/el-poder-de-las-palabras-con-javier-ablitas-y-lydia-balenciaga\/","url":"https:\/\/www.colegionewman.org\/el-poder-de-las-palabras-con-javier-ablitas-y-lydia-balenciaga\/","name":"El poder de las palabras con Javier Ablitas y Lydia Balenciaga","isPartOf":{"@id":"https:\/\/www.colegionewman.org\/#website"},"primaryImageOfPage":{"@id":"https:\/\/www.colegionewman.org\/el-poder-de-las-palabras-con-javier-ablitas-y-lydia-balenciaga\/#primaryimage"},"image":{"@id":"https:\/\/www.colegionewman.org\/el-poder-de-las-palabras-con-javier-ablitas-y-lydia-balenciaga\/#primaryimage"},"thumbnailUrl":"https:\/\/www.colegionewman.org\/wp-content\/uploads\/el-poder-de-las-palabras.jpg","datePublished":"2026-03-12T14:11:08+00:00","dateModified":"2026-03-12T14:11:14+00:00","description":"Los periodistas Javier Ablitas y Lydia Balenciaga ofrecen una charla sobre el poder de las palabras y la responsabilidad de informar.","breadcrumb":{"@id":"https:\/\/www.colegionewman.org\/el-poder-de-las-palabras-con-javier-ablitas-y-lydia-balenciaga\/#breadcrumb"},"inLanguage":"es","potentialAction":[{"@type":"ReadAction","target":["https:\/\/www.colegionewman.org\/el-poder-de-las-palabras-con-javier-ablitas-y-lydia-balenciaga\/"]}]},{"@type":"ImageObject","inLanguage":"es","@id":"https:\/\/www.colegionewman.org\/el-poder-de-las-palabras-con-javier-ablitas-y-lydia-balenciaga\/#primaryimage","url":"https:\/\/www.colegionewman.org\/wp-content\/uploads\/el-poder-de-las-palabras.jpg","contentUrl":"https:\/\/www.colegionewman.org\/wp-content\/uploads\/el-poder-de-las-palabras.jpg","width":1000,"height":750},{"@type":"BreadcrumbList","@id":"https:\/\/www.colegionewman.org\/el-poder-de-las-palabras-con-javier-ablitas-y-lydia-balenciaga\/#breadcrumb","itemListElement":[{"@type":"ListItem","position":1,"name":"Portada","item":"https:\/\/www.colegionewman.org\/"},{"@type":"ListItem","position":2,"name":"El poder de las palabras con Javier Ablitas y Lydia Balenciaga"}]},{"@type":"WebSite","@id":"https:\/\/www.colegionewman.org\/#website","url":"https:\/\/www.colegionewman.org\/","name":"Colegio Internacional J.H. Newman","description":"Un colegio que te abre al mundo","publisher":{"@id":"https:\/\/www.colegionewman.org\/#organization"},"alternateName":"Colegio Newman","potentialAction":[{"@type":"SearchAction","target":{"@type":"EntryPoint","urlTemplate":"https:\/\/www.colegionewman.org\/?s={search_term_string}"},"query-input":{"@type":"PropertyValueSpecification","valueRequired":true,"valueName":"search_term_string"}}],"inLanguage":"es"},{"@type":"Organization","@id":"https:\/\/www.colegionewman.org\/#organization","name":"Colegio Internacional J.H. Newman","alternateName":"Colegio Newman","url":"https:\/\/www.colegionewman.org\/","logo":{"@type":"ImageObject","inLanguage":"es","@id":"https:\/\/www.colegionewman.org\/#\/schema\/logo\/image\/","url":"https:\/\/www.colegionewman.org\/wp-content\/uploads\/logo_mini_newman_Mesa-de-trabajo-1.png","contentUrl":"https:\/\/www.colegionewman.org\/wp-content\/uploads\/logo_mini_newman_Mesa-de-trabajo-1.png","width":750,"height":750,"caption":"Colegio Internacional J.H. Newman"},"image":{"@id":"https:\/\/www.colegionewman.org\/#\/schema\/logo\/image\/"},"sameAs":["https:\/\/www.instagram.com\/colegiojhnewman\/","https:\/\/www.youtube.com\/channel\/UCUEVCANGRsznbp-DRfSrexw","https:\/\/www.linkedin.com\/company\/colegio-internacional-jh-newman"]},{"@type":"Person","@id":"https:\/\/www.colegionewman.org\/#\/schema\/person\/8106daec86dc9c621dee981574299879","name":"usuario01","image":{"@type":"ImageObject","inLanguage":"es","@id":"https:\/\/secure.gravatar.com\/avatar\/2cefad0f4eecf4293f29f0087b54fe8c76e9fc1d6aed0ef8a8ecdd2e38e8cd47?s=96&d=mm&r=g","url":"https:\/\/secure.gravatar.com\/avatar\/2cefad0f4eecf4293f29f0087b54fe8c76e9fc1d6aed0ef8a8ecdd2e38e8cd47?s=96&d=mm&r=g","contentUrl":"https:\/\/secure.gravatar.com\/avatar\/2cefad0f4eecf4293f29f0087b54fe8c76e9fc1d6aed0ef8a8ecdd2e38e8cd47?s=96&d=mm&r=g","caption":"usuario01"},"sameAs":["https:\/\/www.colegionewman.org"],"url":"https:\/\/www.colegionewman.org\/es_es\/author\/usuario01\/"}]}},"_links":{"self":[{"href":"https:\/\/www.colegionewman.org\/es_es\/wp-json\/wp\/v2\/posts\/31820","targetHints":{"allow":["GET"]}}],"collection":[{"href":"https:\/\/www.colegionewman.org\/es_es\/wp-json\/wp\/v2\/posts"}],"about":[{"href":"https:\/\/www.colegionewman.org\/es_es\/wp-json\/wp\/v2\/types\/post"}],"author":[{"embeddable":true,"href":"https:\/\/www.colegionewman.org\/es_es\/wp-json\/wp\/v2\/users\/1"}],"replies":[{"embeddable":true,"href":"https:\/\/www.colegionewman.org\/es_es\/wp-json\/wp\/v2\/comments?post=31820"}],"version-history":[{"count":2,"href":"https:\/\/www.colegionewman.org\/es_es\/wp-json\/wp\/v2\/posts\/31820\/revisions"}],"predecessor-version":[{"id":31823,"href":"https:\/\/www.colegionewman.org\/es_es\/wp-json\/wp\/v2\/posts\/31820\/revisions\/31823"}],"wp:featuredmedia":[{"embeddable":true,"href":"https:\/\/www.colegionewman.org\/es_es\/wp-json\/wp\/v2\/media\/31822"}],"wp:attachment":[{"href":"https:\/\/www.colegionewman.org\/es_es\/wp-json\/wp\/v2\/media?parent=31820"}],"wp:term":[{"taxonomy":"category","embeddable":true,"href":"https:\/\/www.colegionewman.org\/es_es\/wp-json\/wp\/v2\/categories?post=31820"},{"taxonomy":"post_tag","embeddable":true,"href":"https:\/\/www.colegionewman.org\/es_es\/wp-json\/wp\/v2\/tags?post=31820"}],"curies":[{"name":"wp","href":"https:\/\/api.w.org\/{rel}","templated":true}]}}