{"id":31195,"date":"2025-11-06T12:32:50","date_gmt":"2025-11-06T11:32:50","guid":{"rendered":"https:\/\/www.colegionewman.org\/?p=31195"},"modified":"2026-01-07T11:41:16","modified_gmt":"2026-01-07T10:41:16","slug":"el-colegio-internacional-j-h-newman-celebra-20-anos-formando-personas-libres-integras-y-comprometidas","status":"publish","type":"post","link":"https:\/\/www.colegionewman.org\/es_es\/el-colegio-internacional-j-h-newman-celebra-20-anos-formando-personas-libres-integras-y-comprometidas\/","title":{"rendered":"El Colegio Internacional J.H. Newman celebra 20 a\u00f1os formando personas libres, \u00edntegras y comprometidas"},"content":{"rendered":"\n<h2 class=\"wp-block-heading\">El <strong>Colegio Internacional J.H. Newman<\/strong> del madrile\u00f1o barrio de Las Rosas, <strong>ha celebrado durante este a\u00f1o escolar su vig\u00e9simo aniversario<\/strong>. Con una serie de actos significativos, ha querido recordar el camino recorrido desde hace 20 a\u00f1os, en su fundaci\u00f3n en 2005, reafirmando su vocaci\u00f3n educativa: <strong>formar personas libres, \u00edntegras y comprometidas con el bien com\u00fan.<\/strong><\/h2>\n\n\n\n<p>El Colegio Newman es un proyecto educativo puesto en marcha por profesores y familias con el deseo de ofrecer una educaci\u00f3n a la altura de las exigencias del ser humano; de que la certeza de esta experiencia educativa no se quedara aislada, sino que tuviera una expresividad com\u00fan mucho m\u00e1s s\u00f3lida y fecunda. As\u00ed, desde sus inicios, el colegio ha acompa\u00f1ado a cientos de estudiantes en su crecimiento personal y acad\u00e9mico, cultivando todas las dimensiones de la persona: la racional, la afectiva y la espiritual, fomentando una verdadera actitud cr\u00edtica y abierta al mundo.<\/p>\n\n\n\n<h3 class=\"wp-block-heading\"><strong>20 a\u00f1os de crecimiento<\/strong><\/h3>\n\n\n\n<p>Comenzaba la aventura del Colegio Newman un septiembre de 2005 con apenas 25 profesores. Hoy cuenta con m\u00e1s de 130 y 180 profesionales en total. Adem\u00e1s, se han ampliado las instalaciones, ha crecido el n\u00famero de alumnos, el n\u00famero de aulas\u2026 pero, el colegio, no solo ha aumentado en dimensiones e instalaciones, sino, sobre todo, en <strong>profundidad de la experiencia educativa<\/strong> gracias a un trabajo de fondo de los profesionales a trav\u00e9s de contenidos acad\u00e9micos, al trabajo transversal de los departamentos y etapas o la generaci\u00f3n de acuerdos y relaciones con otros centros educativos de Espa\u00f1a y del extranjero, proyectos formativos, etc.&nbsp;<\/p>\n\n\n\n<h3 class=\"wp-block-heading\"><strong>Actos conmemorativos por el 20 aniversario<\/strong><\/h3>\n\n\n\n<p>Con motivo de esta grata celebraci\u00f3n, se han llevado a cabo durante este curso, numerosos actos conmemorativos.<\/p>\n\n\n\n<p>Uno de los momentos m\u00e1s especiales de esta celebraci\u00f3n tuvo lugar el pasado 3 de octubre con la <strong>visita del Arzobispo de Madrid, D. Jos\u00e9 Cobo,<\/strong> que quiso acompa\u00f1ar a la comunidad educativa del Colegio Newman en este aniversario tan significativo.<\/p>\n\n\n\n<p>La jornada comenz\u00f3 con una Eucarist\u00eda presidida por el Arzobispo y concelebrada por sacerdotes amigos del colegio y el vicario de zona. En su homil\u00eda, Don Jos\u00e9 centr\u00f3 su mensaje en la unidad de la Iglesia, recordando que toda la comunidad educativa \u2014alumnos, familias, profesores y personal\u2014 <strong>forma parte de un mismo cuerpo y est\u00e1 llamada a caminar en comuni\u00f3n y ser signo de esperanza.<\/strong><\/p>\n\n\n\n<p>Tras la misa, el Arzobispo se reuni\u00f3 con los alumnos de Secundaria y Bachillerato en un coloquio abierto donde se trataron temas de gran profundidad y actualidad: <strong>la vocaci\u00f3n, el sentido de la vida, el sufrimiento, la sexualidad, la fe y la ciencia, entre otros.<\/strong><\/p>\n\n\n\n<p>Don Jos\u00e9 respondi\u00f3 con sinceridad y valent\u00eda, animando a los j\u00f3venes a no temer sus preguntas ni sus b\u00fasquedas. <strong><em>\u00abNadie nace creyente \u2014afirm\u00f3\u2014, ser creyente es buscar. El cristianismo es un camino. Puedes o no hacerlo, pero es una decisi\u00f3n\u201d. <\/em><\/strong>Subray\u00f3 que hacerse preguntas es una parte esencial del crecimiento y del camino de la fe, y valor\u00f3 el colegio como un espacio privilegiado donde compartir ese proceso acompa\u00f1ado por adultos que escuchan y orientan.<\/p>\n\n\n\n<p>Otro de los actos m\u00e1s emotivos de la celebraci\u00f3n del aniversario fue el <strong>encuentro con antiguos alumnos<\/strong> del colegio. Veinte generaciones de estudiantes se reencontraron en una jornada que fue testimonio vivo del impacto que ha tenido el Colegio Newman en sus vidas.<\/p>\n\n\n\n<p>Durante el acto, se compartieron testimonios de exalumnos, padres de familia y profesores que repasaron la historia del colegio a trav\u00e9s de sus propias experiencias personales. El encuentro continu\u00f3 compartiendo la cena con los m\u00e1s de 150 asistentes y con un concierto de alumnos y profesores que sell\u00f3 la noche con un ambiente festivo y familiar.<\/p>\n\n\n\n<p>En el marco de esta celebraci\u00f3n, este verano, profesores, familias y amigos del colegio, realizaron un viaje muy especial a <strong>Oxford, Londres y Littlemore<\/strong>, para conocer de cerca la <strong>vida y el legado de San John Henry Newman,<\/strong> quien adem\u00e1s ser\u00e1 nombrado Doctor de la Iglesia por el Papa este noviembre. Durante el recorrido, pudieron visitar los lugares clave de su vida y de su conversi\u00f3n al catolicismo, siendo unos d\u00edas preciosos de compartir la vida fecunda de la comunidad educativa que genera el Colegio Newman.&nbsp;<\/p>\n\n\n\n<h3 class=\"wp-block-heading\"><strong>Una historia que merece ser contada<\/strong><\/h3>\n\n\n\n<p>Como fruto de este camino, <strong>se ha publicado un libro conmemorativo<\/strong> que recoge la historia del colegio en estos veinte a\u00f1os. La autora, una antigua alumna del centro y actual periodista, relata en sus p\u00e1ginas la apasionante experiencia del colegio, con testimonios de miembros de la comunidad educativa.<\/p>\n\n\n\n<h3 class=\"wp-block-heading\"><strong>Un compromiso que se renueva<\/strong><\/h3>\n\n\n\n<p>Este 20\u00ba aniversario ha sido una ocasi\u00f3n para mirar hacia atr\u00e1s con gratitud y seguir trabajando por este proyecto que ha ido creciendo de una manera tan providencial.<\/p>\n\n\n\n<p>Lejos de conformarse con los logros alcanzados, <strong>el Colegio Internacional J.H. Newman reafirma su misi\u00f3n<\/strong> y los rasgos que han distinguido desde el principio a alumnos, profesores y personal del colegio: <strong>el amor a la raz\u00f3n, a esta experiencia de libertad grande, la pasi\u00f3n por el hombre y el deseo de construir el bien com\u00fan.<\/strong><\/p>\n","protected":false},"excerpt":{"rendered":"<p>El Colegio Internacional J.H. Newman del madrile\u00f1o barrio de Las Rosas, ha celebrado durante este a\u00f1o escolar su vig\u00e9simo aniversario. Con una serie de actos significativos, ha querido recordar el camino recorrido desde hace 20 a\u00f1os, en su fundaci\u00f3n en 2005, reafirmando su vocaci\u00f3n educativa: formar personas libres, \u00edntegras y comprometidas con el bien com\u00fan. [&hellip;]<\/p>\n","protected":false},"author":1,"featured_media":31155,"comment_status":"open","ping_status":"open","sticky":false,"template":"","format":"standard","meta":{"footnotes":""},"categories":[1501,41,1515,17,1412,23,72,1496,47,22,14,21,87,19,249,15,1413,16],"tags":[1489,97,721,26,30,188,28,33,113],"class_list":["post-31195","post","type-post","status-publish","format-standard","has-post-thumbnail","hentry","category-20-aniversario","category-apa","category-arte","category-bachillerato","category-ciencias","category-club-deportivo","category-colegio","category-coro","category-eventos","category-extraescolares","category-infantil","category-internacional","category-noticias","category-orientacion","category-prensa","category-primaria","category-sac","category-secundaria","tag-20-anos","tag-bachillerato","tag-colegio-internacional-jh-newman","tag-colegio-newman","tag-educacion","tag-eso","tag-infantil","tag-primaria","tag-secundaria"],"yoast_head":"<!-- This site is optimized with the Yoast SEO plugin v27.3 - https:\/\/yoast.com\/product\/yoast-seo-wordpress\/ -->\n<title>Vig\u00e9simo aniversario del Colegio Newman<\/title>\n<meta name=\"description\" content=\"El Colegio Internacional J.H. Newman de Las Rosas, ha celebrado durante este a\u00f1o escolar sus 20 a\u00f1os con multitud de actos conmemorativos.\" \/>\n<meta name=\"robots\" content=\"index, follow, max-snippet:-1, max-image-preview:large, max-video-preview:-1\" \/>\n<link rel=\"canonical\" href=\"https:\/\/www.colegionewman.org\/es_es\/el-colegio-internacional-j-h-newman-celebra-20-anos-formando-personas-libres-integras-y-comprometidas\/\" \/>\n<meta property=\"og:locale\" content=\"es_ES\" \/>\n<meta property=\"og:type\" content=\"article\" \/>\n<meta property=\"og:title\" content=\"Vig\u00e9simo aniversario del Colegio Newman\" \/>\n<meta property=\"og:description\" content=\"El Colegio Internacional J.H. Newman de Las Rosas, ha celebrado durante este a\u00f1o escolar sus 20 a\u00f1os con multitud de actos conmemorativos.\" \/>\n<meta property=\"og:url\" content=\"https:\/\/www.colegionewman.org\/es_es\/el-colegio-internacional-j-h-newman-celebra-20-anos-formando-personas-libres-integras-y-comprometidas\/\" \/>\n<meta property=\"og:site_name\" content=\"Colegio Internacional J.H. Newman\" \/>\n<meta property=\"article:published_time\" content=\"2025-11-06T11:32:50+00:00\" \/>\n<meta property=\"article:modified_time\" content=\"2026-01-07T10:41:16+00:00\" \/>\n<meta property=\"og:image\" content=\"https:\/\/www.colegionewman.org\/wp-content\/uploads\/Visita_Arzobispo_20_aniv4593.jpg\" \/>\n\t<meta property=\"og:image:width\" content=\"2000\" \/>\n\t<meta property=\"og:image:height\" content=\"1500\" \/>\n\t<meta property=\"og:image:type\" content=\"image\/jpeg\" \/>\n<meta name=\"author\" content=\"usuario01\" \/>\n<meta name=\"twitter:card\" content=\"summary_large_image\" \/>\n<meta name=\"twitter:label1\" content=\"Escrito por\" \/>\n\t<meta name=\"twitter:data1\" content=\"usuario01\" \/>\n\t<meta name=\"twitter:label2\" content=\"Tiempo de lectura\" \/>\n\t<meta name=\"twitter:data2\" content=\"4 minutos\" \/>\n<script type=\"application\/ld+json\" class=\"yoast-schema-graph\">{\"@context\":\"https:\\\/\\\/schema.org\",\"@graph\":[{\"@type\":\"Article\",\"@id\":\"https:\\\/\\\/www.colegionewman.org\\\/el-colegio-internacional-j-h-newman-celebra-20-anos-formando-personas-libres-integras-y-comprometidas\\\/#article\",\"isPartOf\":{\"@id\":\"https:\\\/\\\/www.colegionewman.org\\\/el-colegio-internacional-j-h-newman-celebra-20-anos-formando-personas-libres-integras-y-comprometidas\\\/\"},\"author\":{\"name\":\"usuario01\",\"@id\":\"https:\\\/\\\/www.colegionewman.org\\\/#\\\/schema\\\/person\\\/8106daec86dc9c621dee981574299879\"},\"headline\":\"El Colegio Internacional J.H. Newman celebra 20 a\u00f1os formando personas libres, \u00edntegras y comprometidas\",\"datePublished\":\"2025-11-06T11:32:50+00:00\",\"dateModified\":\"2026-01-07T10:41:16+00:00\",\"mainEntityOfPage\":{\"@id\":\"https:\\\/\\\/www.colegionewman.org\\\/el-colegio-internacional-j-h-newman-celebra-20-anos-formando-personas-libres-integras-y-comprometidas\\\/\"},\"wordCount\":891,\"commentCount\":0,\"publisher\":{\"@id\":\"https:\\\/\\\/www.colegionewman.org\\\/#organization\"},\"image\":{\"@id\":\"https:\\\/\\\/www.colegionewman.org\\\/el-colegio-internacional-j-h-newman-celebra-20-anos-formando-personas-libres-integras-y-comprometidas\\\/#primaryimage\"},\"thumbnailUrl\":\"https:\\\/\\\/www.colegionewman.org\\\/wp-content\\\/uploads\\\/Visita_Arzobispo_20_aniv4593.jpg\",\"keywords\":[\"20 a\u00f1os\",\"Bachillerato\",\"Colegio Internacional JH Newman\",\"Colegio Newman\",\"educaci\u00f3n\",\"ESO\",\"Infantil\",\"Primaria\",\"Secundaria\"],\"articleSection\":[\"20 aniversario\",\"AMPA\",\"Arte\",\"Bachillerato\",\"Ciencias\",\"Club Deportivo\",\"Colegio\",\"Coro\",\"Eventos\",\"Extraescolares\",\"Infantil\",\"Internacional\",\"Noticias\",\"Orientaci\u00f3n\",\"Prensa\",\"Primaria\",\"SAC\",\"Secundaria\"],\"inLanguage\":\"es\",\"potentialAction\":[{\"@type\":\"CommentAction\",\"name\":\"Comment\",\"target\":[\"https:\\\/\\\/www.colegionewman.org\\\/el-colegio-internacional-j-h-newman-celebra-20-anos-formando-personas-libres-integras-y-comprometidas\\\/#respond\"]}]},{\"@type\":\"WebPage\",\"@id\":\"https:\\\/\\\/www.colegionewman.org\\\/el-colegio-internacional-j-h-newman-celebra-20-anos-formando-personas-libres-integras-y-comprometidas\\\/\",\"url\":\"https:\\\/\\\/www.colegionewman.org\\\/el-colegio-internacional-j-h-newman-celebra-20-anos-formando-personas-libres-integras-y-comprometidas\\\/\",\"name\":\"Vig\u00e9simo aniversario del Colegio Newman\",\"isPartOf\":{\"@id\":\"https:\\\/\\\/www.colegionewman.org\\\/#website\"},\"primaryImageOfPage\":{\"@id\":\"https:\\\/\\\/www.colegionewman.org\\\/el-colegio-internacional-j-h-newman-celebra-20-anos-formando-personas-libres-integras-y-comprometidas\\\/#primaryimage\"},\"image\":{\"@id\":\"https:\\\/\\\/www.colegionewman.org\\\/el-colegio-internacional-j-h-newman-celebra-20-anos-formando-personas-libres-integras-y-comprometidas\\\/#primaryimage\"},\"thumbnailUrl\":\"https:\\\/\\\/www.colegionewman.org\\\/wp-content\\\/uploads\\\/Visita_Arzobispo_20_aniv4593.jpg\",\"datePublished\":\"2025-11-06T11:32:50+00:00\",\"dateModified\":\"2026-01-07T10:41:16+00:00\",\"description\":\"El Colegio Internacional J.H. Newman de Las Rosas, ha celebrado durante este a\u00f1o escolar sus 20 a\u00f1os con multitud de actos conmemorativos.\",\"breadcrumb\":{\"@id\":\"https:\\\/\\\/www.colegionewman.org\\\/el-colegio-internacional-j-h-newman-celebra-20-anos-formando-personas-libres-integras-y-comprometidas\\\/#breadcrumb\"},\"inLanguage\":\"es\",\"potentialAction\":[{\"@type\":\"ReadAction\",\"target\":[\"https:\\\/\\\/www.colegionewman.org\\\/el-colegio-internacional-j-h-newman-celebra-20-anos-formando-personas-libres-integras-y-comprometidas\\\/\"]}]},{\"@type\":\"ImageObject\",\"inLanguage\":\"es\",\"@id\":\"https:\\\/\\\/www.colegionewman.org\\\/el-colegio-internacional-j-h-newman-celebra-20-anos-formando-personas-libres-integras-y-comprometidas\\\/#primaryimage\",\"url\":\"https:\\\/\\\/www.colegionewman.org\\\/wp-content\\\/uploads\\\/Visita_Arzobispo_20_aniv4593.jpg\",\"contentUrl\":\"https:\\\/\\\/www.colegionewman.org\\\/wp-content\\\/uploads\\\/Visita_Arzobispo_20_aniv4593.jpg\",\"width\":2000,\"height\":1500,\"caption\":\"Sacerdote conversando con un adulto en exterior durante una jornada de orientaci\u00f3n educativa del centro.\"},{\"@type\":\"BreadcrumbList\",\"@id\":\"https:\\\/\\\/www.colegionewman.org\\\/el-colegio-internacional-j-h-newman-celebra-20-anos-formando-personas-libres-integras-y-comprometidas\\\/#breadcrumb\",\"itemListElement\":[{\"@type\":\"ListItem\",\"position\":1,\"name\":\"Portada\",\"item\":\"https:\\\/\\\/www.colegionewman.org\\\/\"},{\"@type\":\"ListItem\",\"position\":2,\"name\":\"El Colegio Internacional J.H. Newman celebra 20 a\u00f1os formando personas libres, \u00edntegras y comprometidas\"}]},{\"@type\":\"WebSite\",\"@id\":\"https:\\\/\\\/www.colegionewman.org\\\/#website\",\"url\":\"https:\\\/\\\/www.colegionewman.org\\\/\",\"name\":\"Colegio Internacional J.H. Newman\",\"description\":\"Un colegio que te abre al mundo\",\"publisher\":{\"@id\":\"https:\\\/\\\/www.colegionewman.org\\\/#organization\"},\"alternateName\":\"Colegio Newman\",\"potentialAction\":[{\"@type\":\"SearchAction\",\"target\":{\"@type\":\"EntryPoint\",\"urlTemplate\":\"https:\\\/\\\/www.colegionewman.org\\\/?s={search_term_string}\"},\"query-input\":{\"@type\":\"PropertyValueSpecification\",\"valueRequired\":true,\"valueName\":\"search_term_string\"}}],\"inLanguage\":\"es\"},{\"@type\":\"Organization\",\"@id\":\"https:\\\/\\\/www.colegionewman.org\\\/#organization\",\"name\":\"Colegio Internacional J.H. Newman\",\"alternateName\":\"Colegio Newman\",\"url\":\"https:\\\/\\\/www.colegionewman.org\\\/\",\"logo\":{\"@type\":\"ImageObject\",\"inLanguage\":\"es\",\"@id\":\"https:\\\/\\\/www.colegionewman.org\\\/#\\\/schema\\\/logo\\\/image\\\/\",\"url\":\"https:\\\/\\\/www.colegionewman.org\\\/wp-content\\\/uploads\\\/logo_mini_newman_Mesa-de-trabajo-1.png\",\"contentUrl\":\"https:\\\/\\\/www.colegionewman.org\\\/wp-content\\\/uploads\\\/logo_mini_newman_Mesa-de-trabajo-1.png\",\"width\":750,\"height\":750,\"caption\":\"Colegio Internacional J.H. Newman\"},\"image\":{\"@id\":\"https:\\\/\\\/www.colegionewman.org\\\/#\\\/schema\\\/logo\\\/image\\\/\"},\"sameAs\":[\"https:\\\/\\\/www.instagram.com\\\/colegiojhnewman\\\/\",\"https:\\\/\\\/www.youtube.com\\\/channel\\\/UCUEVCANGRsznbp-DRfSrexw\",\"https:\\\/\\\/www.linkedin.com\\\/company\\\/colegio-internacional-jh-newman\"]},{\"@type\":\"Person\",\"@id\":\"https:\\\/\\\/www.colegionewman.org\\\/#\\\/schema\\\/person\\\/8106daec86dc9c621dee981574299879\",\"name\":\"usuario01\",\"image\":{\"@type\":\"ImageObject\",\"inLanguage\":\"es\",\"@id\":\"https:\\\/\\\/secure.gravatar.com\\\/avatar\\\/2cefad0f4eecf4293f29f0087b54fe8c76e9fc1d6aed0ef8a8ecdd2e38e8cd47?s=96&d=mm&r=g\",\"url\":\"https:\\\/\\\/secure.gravatar.com\\\/avatar\\\/2cefad0f4eecf4293f29f0087b54fe8c76e9fc1d6aed0ef8a8ecdd2e38e8cd47?s=96&d=mm&r=g\",\"contentUrl\":\"https:\\\/\\\/secure.gravatar.com\\\/avatar\\\/2cefad0f4eecf4293f29f0087b54fe8c76e9fc1d6aed0ef8a8ecdd2e38e8cd47?s=96&d=mm&r=g\",\"caption\":\"usuario01\"},\"sameAs\":[\"https:\\\/\\\/www.colegionewman.org\"],\"url\":\"https:\\\/\\\/www.colegionewman.org\\\/es_es\\\/author\\\/usuario01\\\/\"}]}<\/script>\n<!-- \/ Yoast SEO plugin. -->","yoast_head_json":{"title":"Vig\u00e9simo aniversario del Colegio Newman","description":"El Colegio Internacional J.H. Newman de Las Rosas, ha celebrado durante este a\u00f1o escolar sus 20 a\u00f1os con multitud de actos conmemorativos.","robots":{"index":"index","follow":"follow","max-snippet":"max-snippet:-1","max-image-preview":"max-image-preview:large","max-video-preview":"max-video-preview:-1"},"canonical":"https:\/\/www.colegionewman.org\/es_es\/el-colegio-internacional-j-h-newman-celebra-20-anos-formando-personas-libres-integras-y-comprometidas\/","og_locale":"es_ES","og_type":"article","og_title":"Vig\u00e9simo aniversario del Colegio Newman","og_description":"El Colegio Internacional J.H. Newman de Las Rosas, ha celebrado durante este a\u00f1o escolar sus 20 a\u00f1os con multitud de actos conmemorativos.","og_url":"https:\/\/www.colegionewman.org\/es_es\/el-colegio-internacional-j-h-newman-celebra-20-anos-formando-personas-libres-integras-y-comprometidas\/","og_site_name":"Colegio Internacional J.H. Newman","article_published_time":"2025-11-06T11:32:50+00:00","article_modified_time":"2026-01-07T10:41:16+00:00","og_image":[{"width":2000,"height":1500,"url":"https:\/\/www.colegionewman.org\/wp-content\/uploads\/Visita_Arzobispo_20_aniv4593.jpg","type":"image\/jpeg"}],"author":"usuario01","twitter_card":"summary_large_image","twitter_misc":{"Escrito por":"usuario01","Tiempo de lectura":"4 minutos"},"schema":{"@context":"https:\/\/schema.org","@graph":[{"@type":"Article","@id":"https:\/\/www.colegionewman.org\/el-colegio-internacional-j-h-newman-celebra-20-anos-formando-personas-libres-integras-y-comprometidas\/#article","isPartOf":{"@id":"https:\/\/www.colegionewman.org\/el-colegio-internacional-j-h-newman-celebra-20-anos-formando-personas-libres-integras-y-comprometidas\/"},"author":{"name":"usuario01","@id":"https:\/\/www.colegionewman.org\/#\/schema\/person\/8106daec86dc9c621dee981574299879"},"headline":"El Colegio Internacional J.H. Newman celebra 20 a\u00f1os formando personas libres, \u00edntegras y comprometidas","datePublished":"2025-11-06T11:32:50+00:00","dateModified":"2026-01-07T10:41:16+00:00","mainEntityOfPage":{"@id":"https:\/\/www.colegionewman.org\/el-colegio-internacional-j-h-newman-celebra-20-anos-formando-personas-libres-integras-y-comprometidas\/"},"wordCount":891,"commentCount":0,"publisher":{"@id":"https:\/\/www.colegionewman.org\/#organization"},"image":{"@id":"https:\/\/www.colegionewman.org\/el-colegio-internacional-j-h-newman-celebra-20-anos-formando-personas-libres-integras-y-comprometidas\/#primaryimage"},"thumbnailUrl":"https:\/\/www.colegionewman.org\/wp-content\/uploads\/Visita_Arzobispo_20_aniv4593.jpg","keywords":["20 a\u00f1os","Bachillerato","Colegio Internacional JH Newman","Colegio Newman","educaci\u00f3n","ESO","Infantil","Primaria","Secundaria"],"articleSection":["20 aniversario","AMPA","Arte","Bachillerato","Ciencias","Club Deportivo","Colegio","Coro","Eventos","Extraescolares","Infantil","Internacional","Noticias","Orientaci\u00f3n","Prensa","Primaria","SAC","Secundaria"],"inLanguage":"es","potentialAction":[{"@type":"CommentAction","name":"Comment","target":["https:\/\/www.colegionewman.org\/el-colegio-internacional-j-h-newman-celebra-20-anos-formando-personas-libres-integras-y-comprometidas\/#respond"]}]},{"@type":"WebPage","@id":"https:\/\/www.colegionewman.org\/el-colegio-internacional-j-h-newman-celebra-20-anos-formando-personas-libres-integras-y-comprometidas\/","url":"https:\/\/www.colegionewman.org\/el-colegio-internacional-j-h-newman-celebra-20-anos-formando-personas-libres-integras-y-comprometidas\/","name":"Vig\u00e9simo aniversario del Colegio Newman","isPartOf":{"@id":"https:\/\/www.colegionewman.org\/#website"},"primaryImageOfPage":{"@id":"https:\/\/www.colegionewman.org\/el-colegio-internacional-j-h-newman-celebra-20-anos-formando-personas-libres-integras-y-comprometidas\/#primaryimage"},"image":{"@id":"https:\/\/www.colegionewman.org\/el-colegio-internacional-j-h-newman-celebra-20-anos-formando-personas-libres-integras-y-comprometidas\/#primaryimage"},"thumbnailUrl":"https:\/\/www.colegionewman.org\/wp-content\/uploads\/Visita_Arzobispo_20_aniv4593.jpg","datePublished":"2025-11-06T11:32:50+00:00","dateModified":"2026-01-07T10:41:16+00:00","description":"El Colegio Internacional J.H. Newman de Las Rosas, ha celebrado durante este a\u00f1o escolar sus 20 a\u00f1os con multitud de actos conmemorativos.","breadcrumb":{"@id":"https:\/\/www.colegionewman.org\/el-colegio-internacional-j-h-newman-celebra-20-anos-formando-personas-libres-integras-y-comprometidas\/#breadcrumb"},"inLanguage":"es","potentialAction":[{"@type":"ReadAction","target":["https:\/\/www.colegionewman.org\/el-colegio-internacional-j-h-newman-celebra-20-anos-formando-personas-libres-integras-y-comprometidas\/"]}]},{"@type":"ImageObject","inLanguage":"es","@id":"https:\/\/www.colegionewman.org\/el-colegio-internacional-j-h-newman-celebra-20-anos-formando-personas-libres-integras-y-comprometidas\/#primaryimage","url":"https:\/\/www.colegionewman.org\/wp-content\/uploads\/Visita_Arzobispo_20_aniv4593.jpg","contentUrl":"https:\/\/www.colegionewman.org\/wp-content\/uploads\/Visita_Arzobispo_20_aniv4593.jpg","width":2000,"height":1500,"caption":"Sacerdote conversando con un adulto en exterior durante una jornada de orientaci\u00f3n educativa del centro."},{"@type":"BreadcrumbList","@id":"https:\/\/www.colegionewman.org\/el-colegio-internacional-j-h-newman-celebra-20-anos-formando-personas-libres-integras-y-comprometidas\/#breadcrumb","itemListElement":[{"@type":"ListItem","position":1,"name":"Portada","item":"https:\/\/www.colegionewman.org\/"},{"@type":"ListItem","position":2,"name":"El Colegio Internacional J.H. Newman celebra 20 a\u00f1os formando personas libres, \u00edntegras y comprometidas"}]},{"@type":"WebSite","@id":"https:\/\/www.colegionewman.org\/#website","url":"https:\/\/www.colegionewman.org\/","name":"Colegio Internacional J.H. Newman","description":"Un colegio que te abre al mundo","publisher":{"@id":"https:\/\/www.colegionewman.org\/#organization"},"alternateName":"Colegio Newman","potentialAction":[{"@type":"SearchAction","target":{"@type":"EntryPoint","urlTemplate":"https:\/\/www.colegionewman.org\/?s={search_term_string}"},"query-input":{"@type":"PropertyValueSpecification","valueRequired":true,"valueName":"search_term_string"}}],"inLanguage":"es"},{"@type":"Organization","@id":"https:\/\/www.colegionewman.org\/#organization","name":"Colegio Internacional J.H. Newman","alternateName":"Colegio Newman","url":"https:\/\/www.colegionewman.org\/","logo":{"@type":"ImageObject","inLanguage":"es","@id":"https:\/\/www.colegionewman.org\/#\/schema\/logo\/image\/","url":"https:\/\/www.colegionewman.org\/wp-content\/uploads\/logo_mini_newman_Mesa-de-trabajo-1.png","contentUrl":"https:\/\/www.colegionewman.org\/wp-content\/uploads\/logo_mini_newman_Mesa-de-trabajo-1.png","width":750,"height":750,"caption":"Colegio Internacional J.H. Newman"},"image":{"@id":"https:\/\/www.colegionewman.org\/#\/schema\/logo\/image\/"},"sameAs":["https:\/\/www.instagram.com\/colegiojhnewman\/","https:\/\/www.youtube.com\/channel\/UCUEVCANGRsznbp-DRfSrexw","https:\/\/www.linkedin.com\/company\/colegio-internacional-jh-newman"]},{"@type":"Person","@id":"https:\/\/www.colegionewman.org\/#\/schema\/person\/8106daec86dc9c621dee981574299879","name":"usuario01","image":{"@type":"ImageObject","inLanguage":"es","@id":"https:\/\/secure.gravatar.com\/avatar\/2cefad0f4eecf4293f29f0087b54fe8c76e9fc1d6aed0ef8a8ecdd2e38e8cd47?s=96&d=mm&r=g","url":"https:\/\/secure.gravatar.com\/avatar\/2cefad0f4eecf4293f29f0087b54fe8c76e9fc1d6aed0ef8a8ecdd2e38e8cd47?s=96&d=mm&r=g","contentUrl":"https:\/\/secure.gravatar.com\/avatar\/2cefad0f4eecf4293f29f0087b54fe8c76e9fc1d6aed0ef8a8ecdd2e38e8cd47?s=96&d=mm&r=g","caption":"usuario01"},"sameAs":["https:\/\/www.colegionewman.org"],"url":"https:\/\/www.colegionewman.org\/es_es\/author\/usuario01\/"}]}},"_links":{"self":[{"href":"https:\/\/www.colegionewman.org\/es_es\/wp-json\/wp\/v2\/posts\/31195","targetHints":{"allow":["GET"]}}],"collection":[{"href":"https:\/\/www.colegionewman.org\/es_es\/wp-json\/wp\/v2\/posts"}],"about":[{"href":"https:\/\/www.colegionewman.org\/es_es\/wp-json\/wp\/v2\/types\/post"}],"author":[{"embeddable":true,"href":"https:\/\/www.colegionewman.org\/es_es\/wp-json\/wp\/v2\/users\/1"}],"replies":[{"embeddable":true,"href":"https:\/\/www.colegionewman.org\/es_es\/wp-json\/wp\/v2\/comments?post=31195"}],"version-history":[{"count":1,"href":"https:\/\/www.colegionewman.org\/es_es\/wp-json\/wp\/v2\/posts\/31195\/revisions"}],"predecessor-version":[{"id":31196,"href":"https:\/\/www.colegionewman.org\/es_es\/wp-json\/wp\/v2\/posts\/31195\/revisions\/31196"}],"wp:featuredmedia":[{"embeddable":true,"href":"https:\/\/www.colegionewman.org\/es_es\/wp-json\/wp\/v2\/media\/31155"}],"wp:attachment":[{"href":"https:\/\/www.colegionewman.org\/es_es\/wp-json\/wp\/v2\/media?parent=31195"}],"wp:term":[{"taxonomy":"category","embeddable":true,"href":"https:\/\/www.colegionewman.org\/es_es\/wp-json\/wp\/v2\/categories?post=31195"},{"taxonomy":"post_tag","embeddable":true,"href":"https:\/\/www.colegionewman.org\/es_es\/wp-json\/wp\/v2\/tags?post=31195"}],"curies":[{"name":"wp","href":"https:\/\/api.w.org\/{rel}","templated":true}]}}