{"id":30815,"date":"2025-04-23T18:06:00","date_gmt":"2025-04-23T16:06:00","guid":{"rendered":"https:\/\/www.colegionewman.org\/?p=30815"},"modified":"2026-01-07T11:48:14","modified_gmt":"2026-01-07T10:48:14","slug":"20-anos-por-una-alumna-de-6o-de-primaria","status":"publish","type":"post","link":"https:\/\/www.colegionewman.org\/es_es\/20-anos-por-una-alumna-de-6o-de-primaria\/","title":{"rendered":"20 a\u00f1os, por una alumna de 6\u00ba de Primaria"},"content":{"rendered":"\n<h2 class=\"wp-block-heading\">FELIZ 20 ANIVERSARIO<\/h2>\n\n\n\n<p>El colegio me ha abierto al mundo y, por ello, es momento de festejar sus veinte a\u00f1os. Habr\u00e1 gente a la que el colegio le parezca un desperdicio de tiempo, pero yo digo y siempre dir\u00e9: \u00bfqu\u00e9 har\u00eda sin \u00e9l? <\/p>\n\n\n\n<p>Para m\u00ed, el colegio es un lugar donde surgen inolvidables amistades, donde se disfruta aprendiendo y, sobre todo, un lugar donde eres t\u00fa mismo. En \u00e9l siento que el mundo est\u00e1 lleno de nuevas aventuras para m\u00ed. Desde mi punto de vista, los profesores, m\u00e1s que ense\u00f1arte, te forman con cari\u00f1o y ternura. En este colegio los profesores te quieren y se preocupan por ti.<\/p>\n\n\n\n<p>Cuando estoy aqu\u00ed, me siento diferente, como si un impulso procedente de mi interior me hiciera abrirme y disfrutar de este gran regalo. Y, sinceramente, no creo que haya colegio mejor que este.Y esto se debe a que los profesores se preocupan por nosotros y quieren lo mejor para nosotros. Hacen cantidad de esfuerzos por nosotros y me doy cuenta de que no se lo agradecemos de la mejor manera. <\/p>\n\n\n\n<p>En este colegio estamos muy unidos unos con otros. Si un d\u00eda te ocurre algo, siempre hay alguien ah\u00ed para ayudarte. Me dejan impresionada las amistades entre profesores y creo que, si no fuera as\u00ed, este no ser\u00eda un lugar tan agradable y bonito. <\/p>\n\n\n\n<p>Me asombra saber que hay personas (profesores) que se quedan hasta muy tarde solo por nosotros, para que al siguiente d\u00eda disfrutemos del colegio. Eso me hace pensar que soy algo m\u00e1s que una simple ni\u00f1a. De mayor me gustar\u00eda poder recordar estos momentos que me marcar\u00e1n durante toda la vida. Sinceramente, el colegio para m\u00ed es un hogar. El lugar donde demuestro qui\u00e9n soy. <\/p>\n\n\n\n<p>Con este relato, me gustar\u00eda poder agradecer a todas aquellas personas, ya sean adultos o no, por todo lo que hacen d\u00eda a d\u00eda, y sobre todo por su cercan\u00eda y amabilidad.<\/p>\n\n\n\n<p>Con esta narraci\u00f3n me he dado cuenta de muchas cosas muy importantes, que a veces pasamos por alto. Como por ejemplo el esfuerzo que hac\u00e9is por todos nosotros. \u00a1GRACIAS! <\/p>\n\n\n\n<p>Gracias de todo coraz\u00f3n. Deseo alg\u00fan d\u00eda poder agradec\u00e9roslo. <\/p>\n\n\n\n<p>\u00a1MUCHAS GRACIAS!<\/p>\n\n\n\n<p><strong>Alumna de 6\u00ba Primaria<\/strong><\/p>\n\n\n\n<p><em>Relato por el concurso de relatos del D\u00eda del Libro 2025.<\/em><\/p>\n\n\n\n<p><\/p>\n","protected":false},"excerpt":{"rendered":"<p>FELIZ 20 ANIVERSARIO El colegio me ha abierto al mundo y, por ello, es momento de festejar sus veinte a\u00f1os. Habr\u00e1 gente a la que el colegio le parezca un desperdicio de tiempo, pero yo digo y siempre dir\u00e9: \u00bfqu\u00e9 har\u00eda sin \u00e9l? Para m\u00ed, el colegio es un lugar donde surgen inolvidables amistades, donde [&hellip;]<\/p>\n","protected":false},"author":1,"featured_media":29832,"comment_status":"open","ping_status":"open","sticky":false,"template":"","format":"standard","meta":{"footnotes":""},"categories":[1501,72,15],"tags":[944,153,33,129],"class_list":["post-30815","post","type-post","status-publish","format-standard","has-post-thumbnail","hentry","category-20-aniversario","category-colegio","category-primaria","tag-aniversario","tag-colegio","tag-primaria","tag-relato"],"yoast_head":"<!-- This site is optimized with the Yoast SEO plugin v27.3 - https:\/\/yoast.com\/product\/yoast-seo-wordpress\/ -->\n<title>20 a\u00f1os del Newman: Historia<\/title>\n<meta name=\"description\" content=\"Una alumna de 6\u00ba de Primaria escribe este relato para el Concurso de Relatos del Colegio por el D\u00eda del Libro. &quot;Felices 20 a\u00f1os&quot;.\" \/>\n<meta name=\"robots\" content=\"index, follow, max-snippet:-1, max-image-preview:large, max-video-preview:-1\" \/>\n<link rel=\"canonical\" href=\"https:\/\/www.colegionewman.org\/es_es\/20-anos-por-una-alumna-de-6o-de-primaria\/\" \/>\n<meta property=\"og:locale\" content=\"es_ES\" \/>\n<meta property=\"og:type\" content=\"article\" \/>\n<meta property=\"og:title\" content=\"20 a\u00f1os del Newman: Historia\" \/>\n<meta property=\"og:description\" content=\"Una alumna de 6\u00ba de Primaria escribe este relato para el Concurso de Relatos del Colegio por el D\u00eda del Libro. &quot;Felices 20 a\u00f1os&quot;.\" \/>\n<meta property=\"og:url\" content=\"https:\/\/www.colegionewman.org\/es_es\/20-anos-por-una-alumna-de-6o-de-primaria\/\" \/>\n<meta property=\"og:site_name\" content=\"Colegio Internacional J.H. Newman\" \/>\n<meta property=\"article:published_time\" content=\"2025-04-23T16:06:00+00:00\" \/>\n<meta property=\"article:modified_time\" content=\"2026-01-07T10:48:14+00:00\" \/>\n<meta property=\"og:image\" content=\"https:\/\/www.colegionewman.org\/wp-content\/uploads\/library-7720589_1280.jpg\" \/>\n\t<meta property=\"og:image:width\" content=\"1280\" \/>\n\t<meta property=\"og:image:height\" content=\"853\" \/>\n\t<meta property=\"og:image:type\" content=\"image\/jpeg\" \/>\n<meta name=\"author\" content=\"usuario01\" \/>\n<meta name=\"twitter:card\" content=\"summary_large_image\" \/>\n<meta name=\"twitter:label1\" content=\"Escrito por\" \/>\n\t<meta name=\"twitter:data1\" content=\"usuario01\" \/>\n\t<meta name=\"twitter:label2\" content=\"Tiempo de lectura\" \/>\n\t<meta name=\"twitter:data2\" content=\"2 minutos\" \/>\n<script type=\"application\/ld+json\" class=\"yoast-schema-graph\">{\"@context\":\"https:\\\/\\\/schema.org\",\"@graph\":[{\"@type\":\"Article\",\"@id\":\"https:\\\/\\\/www.colegionewman.org\\\/20-anos-por-una-alumna-de-6o-de-primaria\\\/#article\",\"isPartOf\":{\"@id\":\"https:\\\/\\\/www.colegionewman.org\\\/20-anos-por-una-alumna-de-6o-de-primaria\\\/\"},\"author\":{\"name\":\"usuario01\",\"@id\":\"https:\\\/\\\/www.colegionewman.org\\\/#\\\/schema\\\/person\\\/8106daec86dc9c621dee981574299879\"},\"headline\":\"20 a\u00f1os, por una alumna de 6\u00ba de Primaria\",\"datePublished\":\"2025-04-23T16:06:00+00:00\",\"dateModified\":\"2026-01-07T10:48:14+00:00\",\"mainEntityOfPage\":{\"@id\":\"https:\\\/\\\/www.colegionewman.org\\\/20-anos-por-una-alumna-de-6o-de-primaria\\\/\"},\"wordCount\":404,\"commentCount\":0,\"publisher\":{\"@id\":\"https:\\\/\\\/www.colegionewman.org\\\/#organization\"},\"image\":{\"@id\":\"https:\\\/\\\/www.colegionewman.org\\\/20-anos-por-una-alumna-de-6o-de-primaria\\\/#primaryimage\"},\"thumbnailUrl\":\"https:\\\/\\\/www.colegionewman.org\\\/wp-content\\\/uploads\\\/library-7720589_1280.jpg\",\"keywords\":[\"Aniversario\",\"colegio\",\"Primaria\",\"Relato\"],\"articleSection\":[\"20 aniversario\",\"Colegio\",\"Primaria\"],\"inLanguage\":\"es\",\"potentialAction\":[{\"@type\":\"CommentAction\",\"name\":\"Comment\",\"target\":[\"https:\\\/\\\/www.colegionewman.org\\\/20-anos-por-una-alumna-de-6o-de-primaria\\\/#respond\"]}]},{\"@type\":\"WebPage\",\"@id\":\"https:\\\/\\\/www.colegionewman.org\\\/20-anos-por-una-alumna-de-6o-de-primaria\\\/\",\"url\":\"https:\\\/\\\/www.colegionewman.org\\\/20-anos-por-una-alumna-de-6o-de-primaria\\\/\",\"name\":\"20 a\u00f1os del Newman: Historia\",\"isPartOf\":{\"@id\":\"https:\\\/\\\/www.colegionewman.org\\\/#website\"},\"primaryImageOfPage\":{\"@id\":\"https:\\\/\\\/www.colegionewman.org\\\/20-anos-por-una-alumna-de-6o-de-primaria\\\/#primaryimage\"},\"image\":{\"@id\":\"https:\\\/\\\/www.colegionewman.org\\\/20-anos-por-una-alumna-de-6o-de-primaria\\\/#primaryimage\"},\"thumbnailUrl\":\"https:\\\/\\\/www.colegionewman.org\\\/wp-content\\\/uploads\\\/library-7720589_1280.jpg\",\"datePublished\":\"2025-04-23T16:06:00+00:00\",\"dateModified\":\"2026-01-07T10:48:14+00:00\",\"description\":\"Una alumna de 6\u00ba de Primaria escribe este relato para el Concurso de Relatos del Colegio por el D\u00eda del Libro. \\\"Felices 20 a\u00f1os\\\".\",\"breadcrumb\":{\"@id\":\"https:\\\/\\\/www.colegionewman.org\\\/20-anos-por-una-alumna-de-6o-de-primaria\\\/#breadcrumb\"},\"inLanguage\":\"es\",\"potentialAction\":[{\"@type\":\"ReadAction\",\"target\":[\"https:\\\/\\\/www.colegionewman.org\\\/20-anos-por-una-alumna-de-6o-de-primaria\\\/\"]}]},{\"@type\":\"ImageObject\",\"inLanguage\":\"es\",\"@id\":\"https:\\\/\\\/www.colegionewman.org\\\/20-anos-por-una-alumna-de-6o-de-primaria\\\/#primaryimage\",\"url\":\"https:\\\/\\\/www.colegionewman.org\\\/wp-content\\\/uploads\\\/library-7720589_1280.jpg\",\"contentUrl\":\"https:\\\/\\\/www.colegionewman.org\\\/wp-content\\\/uploads\\\/library-7720589_1280.jpg\",\"width\":1280,\"height\":853,\"caption\":\"Composici\u00f3n art\u00edstica de libros abiertos relacionada con los proyectos educativos del colegio concertado Madrid.\"},{\"@type\":\"BreadcrumbList\",\"@id\":\"https:\\\/\\\/www.colegionewman.org\\\/20-anos-por-una-alumna-de-6o-de-primaria\\\/#breadcrumb\",\"itemListElement\":[{\"@type\":\"ListItem\",\"position\":1,\"name\":\"Portada\",\"item\":\"https:\\\/\\\/www.colegionewman.org\\\/\"},{\"@type\":\"ListItem\",\"position\":2,\"name\":\"20 a\u00f1os, por una alumna de 6\u00ba de Primaria\"}]},{\"@type\":\"WebSite\",\"@id\":\"https:\\\/\\\/www.colegionewman.org\\\/#website\",\"url\":\"https:\\\/\\\/www.colegionewman.org\\\/\",\"name\":\"Colegio Internacional J.H. Newman\",\"description\":\"Un colegio que te abre al mundo\",\"publisher\":{\"@id\":\"https:\\\/\\\/www.colegionewman.org\\\/#organization\"},\"alternateName\":\"Colegio Newman\",\"potentialAction\":[{\"@type\":\"SearchAction\",\"target\":{\"@type\":\"EntryPoint\",\"urlTemplate\":\"https:\\\/\\\/www.colegionewman.org\\\/?s={search_term_string}\"},\"query-input\":{\"@type\":\"PropertyValueSpecification\",\"valueRequired\":true,\"valueName\":\"search_term_string\"}}],\"inLanguage\":\"es\"},{\"@type\":\"Organization\",\"@id\":\"https:\\\/\\\/www.colegionewman.org\\\/#organization\",\"name\":\"Colegio Internacional J.H. Newman\",\"alternateName\":\"Colegio Newman\",\"url\":\"https:\\\/\\\/www.colegionewman.org\\\/\",\"logo\":{\"@type\":\"ImageObject\",\"inLanguage\":\"es\",\"@id\":\"https:\\\/\\\/www.colegionewman.org\\\/#\\\/schema\\\/logo\\\/image\\\/\",\"url\":\"https:\\\/\\\/www.colegionewman.org\\\/wp-content\\\/uploads\\\/logo_mini_newman_Mesa-de-trabajo-1.png\",\"contentUrl\":\"https:\\\/\\\/www.colegionewman.org\\\/wp-content\\\/uploads\\\/logo_mini_newman_Mesa-de-trabajo-1.png\",\"width\":750,\"height\":750,\"caption\":\"Colegio Internacional J.H. Newman\"},\"image\":{\"@id\":\"https:\\\/\\\/www.colegionewman.org\\\/#\\\/schema\\\/logo\\\/image\\\/\"},\"sameAs\":[\"https:\\\/\\\/www.instagram.com\\\/colegiojhnewman\\\/\",\"https:\\\/\\\/www.youtube.com\\\/channel\\\/UCUEVCANGRsznbp-DRfSrexw\",\"https:\\\/\\\/www.linkedin.com\\\/company\\\/colegio-internacional-jh-newman\"]},{\"@type\":\"Person\",\"@id\":\"https:\\\/\\\/www.colegionewman.org\\\/#\\\/schema\\\/person\\\/8106daec86dc9c621dee981574299879\",\"name\":\"usuario01\",\"image\":{\"@type\":\"ImageObject\",\"inLanguage\":\"es\",\"@id\":\"https:\\\/\\\/secure.gravatar.com\\\/avatar\\\/2cefad0f4eecf4293f29f0087b54fe8c76e9fc1d6aed0ef8a8ecdd2e38e8cd47?s=96&d=mm&r=g\",\"url\":\"https:\\\/\\\/secure.gravatar.com\\\/avatar\\\/2cefad0f4eecf4293f29f0087b54fe8c76e9fc1d6aed0ef8a8ecdd2e38e8cd47?s=96&d=mm&r=g\",\"contentUrl\":\"https:\\\/\\\/secure.gravatar.com\\\/avatar\\\/2cefad0f4eecf4293f29f0087b54fe8c76e9fc1d6aed0ef8a8ecdd2e38e8cd47?s=96&d=mm&r=g\",\"caption\":\"usuario01\"},\"sameAs\":[\"https:\\\/\\\/www.colegionewman.org\"],\"url\":\"https:\\\/\\\/www.colegionewman.org\\\/es_es\\\/author\\\/usuario01\\\/\"}]}<\/script>\n<!-- \/ Yoast SEO plugin. -->","yoast_head_json":{"title":"20 a\u00f1os del Newman: Historia","description":"Una alumna de 6\u00ba de Primaria escribe este relato para el Concurso de Relatos del Colegio por el D\u00eda del Libro. \"Felices 20 a\u00f1os\".","robots":{"index":"index","follow":"follow","max-snippet":"max-snippet:-1","max-image-preview":"max-image-preview:large","max-video-preview":"max-video-preview:-1"},"canonical":"https:\/\/www.colegionewman.org\/es_es\/20-anos-por-una-alumna-de-6o-de-primaria\/","og_locale":"es_ES","og_type":"article","og_title":"20 a\u00f1os del Newman: Historia","og_description":"Una alumna de 6\u00ba de Primaria escribe este relato para el Concurso de Relatos del Colegio por el D\u00eda del Libro. \"Felices 20 a\u00f1os\".","og_url":"https:\/\/www.colegionewman.org\/es_es\/20-anos-por-una-alumna-de-6o-de-primaria\/","og_site_name":"Colegio Internacional J.H. Newman","article_published_time":"2025-04-23T16:06:00+00:00","article_modified_time":"2026-01-07T10:48:14+00:00","og_image":[{"width":1280,"height":853,"url":"https:\/\/www.colegionewman.org\/wp-content\/uploads\/library-7720589_1280.jpg","type":"image\/jpeg"}],"author":"usuario01","twitter_card":"summary_large_image","twitter_misc":{"Escrito por":"usuario01","Tiempo de lectura":"2 minutos"},"schema":{"@context":"https:\/\/schema.org","@graph":[{"@type":"Article","@id":"https:\/\/www.colegionewman.org\/20-anos-por-una-alumna-de-6o-de-primaria\/#article","isPartOf":{"@id":"https:\/\/www.colegionewman.org\/20-anos-por-una-alumna-de-6o-de-primaria\/"},"author":{"name":"usuario01","@id":"https:\/\/www.colegionewman.org\/#\/schema\/person\/8106daec86dc9c621dee981574299879"},"headline":"20 a\u00f1os, por una alumna de 6\u00ba de Primaria","datePublished":"2025-04-23T16:06:00+00:00","dateModified":"2026-01-07T10:48:14+00:00","mainEntityOfPage":{"@id":"https:\/\/www.colegionewman.org\/20-anos-por-una-alumna-de-6o-de-primaria\/"},"wordCount":404,"commentCount":0,"publisher":{"@id":"https:\/\/www.colegionewman.org\/#organization"},"image":{"@id":"https:\/\/www.colegionewman.org\/20-anos-por-una-alumna-de-6o-de-primaria\/#primaryimage"},"thumbnailUrl":"https:\/\/www.colegionewman.org\/wp-content\/uploads\/library-7720589_1280.jpg","keywords":["Aniversario","colegio","Primaria","Relato"],"articleSection":["20 aniversario","Colegio","Primaria"],"inLanguage":"es","potentialAction":[{"@type":"CommentAction","name":"Comment","target":["https:\/\/www.colegionewman.org\/20-anos-por-una-alumna-de-6o-de-primaria\/#respond"]}]},{"@type":"WebPage","@id":"https:\/\/www.colegionewman.org\/20-anos-por-una-alumna-de-6o-de-primaria\/","url":"https:\/\/www.colegionewman.org\/20-anos-por-una-alumna-de-6o-de-primaria\/","name":"20 a\u00f1os del Newman: Historia","isPartOf":{"@id":"https:\/\/www.colegionewman.org\/#website"},"primaryImageOfPage":{"@id":"https:\/\/www.colegionewman.org\/20-anos-por-una-alumna-de-6o-de-primaria\/#primaryimage"},"image":{"@id":"https:\/\/www.colegionewman.org\/20-anos-por-una-alumna-de-6o-de-primaria\/#primaryimage"},"thumbnailUrl":"https:\/\/www.colegionewman.org\/wp-content\/uploads\/library-7720589_1280.jpg","datePublished":"2025-04-23T16:06:00+00:00","dateModified":"2026-01-07T10:48:14+00:00","description":"Una alumna de 6\u00ba de Primaria escribe este relato para el Concurso de Relatos del Colegio por el D\u00eda del Libro. \"Felices 20 a\u00f1os\".","breadcrumb":{"@id":"https:\/\/www.colegionewman.org\/20-anos-por-una-alumna-de-6o-de-primaria\/#breadcrumb"},"inLanguage":"es","potentialAction":[{"@type":"ReadAction","target":["https:\/\/www.colegionewman.org\/20-anos-por-una-alumna-de-6o-de-primaria\/"]}]},{"@type":"ImageObject","inLanguage":"es","@id":"https:\/\/www.colegionewman.org\/20-anos-por-una-alumna-de-6o-de-primaria\/#primaryimage","url":"https:\/\/www.colegionewman.org\/wp-content\/uploads\/library-7720589_1280.jpg","contentUrl":"https:\/\/www.colegionewman.org\/wp-content\/uploads\/library-7720589_1280.jpg","width":1280,"height":853,"caption":"Composici\u00f3n art\u00edstica de libros abiertos relacionada con los proyectos educativos del colegio concertado Madrid."},{"@type":"BreadcrumbList","@id":"https:\/\/www.colegionewman.org\/20-anos-por-una-alumna-de-6o-de-primaria\/#breadcrumb","itemListElement":[{"@type":"ListItem","position":1,"name":"Portada","item":"https:\/\/www.colegionewman.org\/"},{"@type":"ListItem","position":2,"name":"20 a\u00f1os, por una alumna de 6\u00ba de Primaria"}]},{"@type":"WebSite","@id":"https:\/\/www.colegionewman.org\/#website","url":"https:\/\/www.colegionewman.org\/","name":"Colegio Internacional J.H. Newman","description":"Un colegio que te abre al mundo","publisher":{"@id":"https:\/\/www.colegionewman.org\/#organization"},"alternateName":"Colegio Newman","potentialAction":[{"@type":"SearchAction","target":{"@type":"EntryPoint","urlTemplate":"https:\/\/www.colegionewman.org\/?s={search_term_string}"},"query-input":{"@type":"PropertyValueSpecification","valueRequired":true,"valueName":"search_term_string"}}],"inLanguage":"es"},{"@type":"Organization","@id":"https:\/\/www.colegionewman.org\/#organization","name":"Colegio Internacional J.H. Newman","alternateName":"Colegio Newman","url":"https:\/\/www.colegionewman.org\/","logo":{"@type":"ImageObject","inLanguage":"es","@id":"https:\/\/www.colegionewman.org\/#\/schema\/logo\/image\/","url":"https:\/\/www.colegionewman.org\/wp-content\/uploads\/logo_mini_newman_Mesa-de-trabajo-1.png","contentUrl":"https:\/\/www.colegionewman.org\/wp-content\/uploads\/logo_mini_newman_Mesa-de-trabajo-1.png","width":750,"height":750,"caption":"Colegio Internacional J.H. Newman"},"image":{"@id":"https:\/\/www.colegionewman.org\/#\/schema\/logo\/image\/"},"sameAs":["https:\/\/www.instagram.com\/colegiojhnewman\/","https:\/\/www.youtube.com\/channel\/UCUEVCANGRsznbp-DRfSrexw","https:\/\/www.linkedin.com\/company\/colegio-internacional-jh-newman"]},{"@type":"Person","@id":"https:\/\/www.colegionewman.org\/#\/schema\/person\/8106daec86dc9c621dee981574299879","name":"usuario01","image":{"@type":"ImageObject","inLanguage":"es","@id":"https:\/\/secure.gravatar.com\/avatar\/2cefad0f4eecf4293f29f0087b54fe8c76e9fc1d6aed0ef8a8ecdd2e38e8cd47?s=96&d=mm&r=g","url":"https:\/\/secure.gravatar.com\/avatar\/2cefad0f4eecf4293f29f0087b54fe8c76e9fc1d6aed0ef8a8ecdd2e38e8cd47?s=96&d=mm&r=g","contentUrl":"https:\/\/secure.gravatar.com\/avatar\/2cefad0f4eecf4293f29f0087b54fe8c76e9fc1d6aed0ef8a8ecdd2e38e8cd47?s=96&d=mm&r=g","caption":"usuario01"},"sameAs":["https:\/\/www.colegionewman.org"],"url":"https:\/\/www.colegionewman.org\/es_es\/author\/usuario01\/"}]}},"_links":{"self":[{"href":"https:\/\/www.colegionewman.org\/es_es\/wp-json\/wp\/v2\/posts\/30815","targetHints":{"allow":["GET"]}}],"collection":[{"href":"https:\/\/www.colegionewman.org\/es_es\/wp-json\/wp\/v2\/posts"}],"about":[{"href":"https:\/\/www.colegionewman.org\/es_es\/wp-json\/wp\/v2\/types\/post"}],"author":[{"embeddable":true,"href":"https:\/\/www.colegionewman.org\/es_es\/wp-json\/wp\/v2\/users\/1"}],"replies":[{"embeddable":true,"href":"https:\/\/www.colegionewman.org\/es_es\/wp-json\/wp\/v2\/comments?post=30815"}],"version-history":[{"count":1,"href":"https:\/\/www.colegionewman.org\/es_es\/wp-json\/wp\/v2\/posts\/30815\/revisions"}],"predecessor-version":[{"id":30816,"href":"https:\/\/www.colegionewman.org\/es_es\/wp-json\/wp\/v2\/posts\/30815\/revisions\/30816"}],"wp:featuredmedia":[{"embeddable":true,"href":"https:\/\/www.colegionewman.org\/es_es\/wp-json\/wp\/v2\/media\/29832"}],"wp:attachment":[{"href":"https:\/\/www.colegionewman.org\/es_es\/wp-json\/wp\/v2\/media?parent=30815"}],"wp:term":[{"taxonomy":"category","embeddable":true,"href":"https:\/\/www.colegionewman.org\/es_es\/wp-json\/wp\/v2\/categories?post=30815"},{"taxonomy":"post_tag","embeddable":true,"href":"https:\/\/www.colegionewman.org\/es_es\/wp-json\/wp\/v2\/tags?post=30815"}],"curies":[{"name":"wp","href":"https:\/\/api.w.org\/{rel}","templated":true}]}}