{"id":30793,"date":"2025-03-21T12:17:26","date_gmt":"2025-03-21T11:17:26","guid":{"rendered":"https:\/\/www.colegionewman.org\/?p=30793"},"modified":"2025-03-21T12:18:04","modified_gmt":"2025-03-21T11:18:04","slug":"nota-final-de-la-sac-newman-2025-el-gusto-por-el-trabajo-bien-hecho","status":"publish","type":"post","link":"https:\/\/www.colegionewman.org\/es_es\/nota-final-de-la-sac-newman-2025-el-gusto-por-el-trabajo-bien-hecho\/","title":{"rendered":"Nota final de la #SAC Newman 2025. \u00abEl gusto por el trabajo bien hecho\u00bb."},"content":{"rendered":"\n<p><strong>Madrid, 21 de marzo de 2025.-<\/strong> Finaliza la <strong>Semana de las Artes y las Ciencias (SAC Newman) del Colegio Internacional J.H. Newman<\/strong> un a\u00f1o m\u00e1s, y ya van cuatro. Un evento de seis d\u00edas donde alumnos, profesores, familias, ex alumnos y estudiantes de otros colegios, han tenido la oportunidad de compartir conocimiento y talentos, aprender de sus compa\u00f1eros y dejarse empapar por el arte, la investigaci\u00f3n cient\u00edfica, la m\u00fasica o el deporte entre otros.<\/p>\n\n\n\n<p>Comenz\u00e1bamos esta semana educativa y cultural con un encuentro con <strong>Vera Doronina, refugiada ucraniana en Espa\u00f1a,<\/strong> que situaba a los alumnos frente a grandes preguntas y la experiencia humana del perd\u00f3n y la paz en lo cotidiano, para seguir con las <strong>ferias de arte, ciencia y emprendimiento.<\/strong> Un recorrido por todas las zonas del colegio donde era imposible no encontrarse con una obra de arte o trabajo art\u00edstico realizado y expuesto por los alumnos del Bachillerato de Artes o alg\u00fan experimento cient\u00edfico explicado por los alumnos de Ciencias. En la Biblioteca, los alumnos de Ciencias Sociales, expon\u00edan m\u00e1s de 10 start-ups creadas por ellos mismos, con el objetivo de encontrar soluciones a los problemas actuales y contribuir a la creaci\u00f3n de un mundo m\u00e1s justo y sostenible. <\/p>\n\n\n\n<p>La <strong>#SAC Newman<\/strong> ha contado tambi\u00e9n con conferencias divulgativas impartidas por grandes personalidades en cada uno de sus \u00e1mbitos. As\u00ed, hemos tenido la oportunidad de conocer el trabajo del <strong>CSIC <\/strong>sobre el&nbsp;<strong>magnetismo&nbsp;<\/strong>y la&nbsp;<strong>nanociencia<\/strong> y el impacto medioambiental de la mano de <strong>Miriam Jaafar<\/strong>, doctora en Ciencias F\u00edsicas y participante de este proyecto. O tambi\u00e9n, c\u00f3mo se utiliza la <strong>gen\u00e9tica forense como m\u00e9todo de identificaci\u00f3n<\/strong> por la Polic\u00eda de personas que cometen delitos o para identificar cad\u00e1veres. Todo ello, explicado por <strong>Marta Ventura<\/strong>, sub-inspectora de la Polic\u00eda Nacional.<\/p>\n\n\n\n<p>Pero no s\u00f3lo ha habido lugar para conferencias del \u00e1mbito cient\u00edfico. La clausura de <strong>Semana de las Artes y las Ciencias<\/strong> el jueves 20 de marzo, la pon\u00eda el jardinero, paisajista y experto en arte, <strong>Eduardo Barba, autor del libro \u00abEl jard\u00edn del Prado\u00bb. <\/strong>Eduardo cerraba la <strong>SAC Newman<\/strong> con una bell\u00edsima exposici\u00f3n del significado de la bot\u00e1nica y las plantas en el arte, concretamente en varios cuadros del Museo del Prado. Comenzaba su charla con los alumnos afirmando que \u00aben momentos en los que podemos sentirnos m\u00e1s d\u00e9biles, es el arte el que nos cura y nos calma\u00bb, para despu\u00e9s continuar impulsando a los alumnos a fijarse en los detalles de lo cotidiano, ya que como \u00e9l mismo sentenciaba: \u00abcuando quise profundizar en la historia del arte me di cuenta de que cada p\u00e9talo cuenta\u00bb y as\u00ed sucede en cada aspecto de la vida, recalcando finalmente que, como los pintores de las obras de arte que no dejan nada al azar,<strong> \u00abhay que desarrollar el gusto por hacer bien las cosas, por honestidad con uno mismo\u00bb. <\/strong><\/p>\n\n\n\n<p>Finalmente, en la <strong>Semana de las Artes y las Ciencias Newman,<\/strong> no s\u00f3lo ha habido lugar para el arte y la ciencia, tambi\u00e9n ha habido espacio para el <strong>deporte<\/strong>, donde los alumnos de diversos cursos de Secundaria han podido aprender y practicar diferentes deportes paral\u00edmpicos y, ellos mismos, pudieron acudir a una conferencia de <strong>Javier Soto<\/strong>, medallista y campe\u00f3n del mundo de atletismo de sordos en 1.500 metros que les motivaba a todos diciendo <em>\u00abhay que luchar hasta el final\u00bb<\/em>.  Y por supuesto, espacio tambi\u00e9n para la m\u00fasica, de gran valor en nuestro centro. Cada ma\u00f1ana, diferentes alumnos han podido interpretar piezas y canciones con su voz e instrumentos, desde el pop, pasando por el rock, himnos cl\u00e1sicos o jazz. <\/p>\n\n\n\n<p>Asimismo, se han disputado concursos de formulaci\u00f3n, de volcanes, desaf\u00edos matem\u00e1ticos, torneos de juegos de mesa, se han realizado talleres de radio, de urban sketching y exposiciones de proyectos de investigaci\u00f3n cient\u00edfica de los alumnos de 1\u00ba de Bachillerato. <\/p>\n\n\n\n<p>Un a\u00f1o m\u00e1s, cerramos esta semana con la experiencia y la certeza de que los<strong> j\u00f3venes est\u00e1n deseando encontrarse con el mundo, con la realidad que les rodea, descubrirla y darle sentido.<\/strong> Toda la comunidad educativa del Colegio J.H. Newman experimenta que <strong>los alumnos se hacen preguntas, se cuestionan y desean encontrar respuesta<\/strong>, de mano de sus profesores, el adulto que les gu\u00eda y les acompa\u00f1a en la tarea de descubrir la vida y su significado. <\/p>\n\n\n\n<p>Un a\u00f1o m\u00e1s, la <strong>#SAC Newman<\/strong> nos demuestra que somos <strong>una escuela abierta al mundo. <\/strong><\/p>\n\n\n\n<p><\/p>\n\n\n\n<figure class=\"wp-block-embed is-type-video is-provider-youtube wp-block-embed-youtube wp-embed-aspect-16-9 wp-has-aspect-ratio\"><div class=\"wp-block-embed__wrapper\">\n<div class='avia-iframe-wrap'><iframe loading=\"lazy\" title=\"SAC Newman 2025 | Colegio Internacional J.H. Newman\" width=\"1500\" height=\"844\" src=\"https:\/\/www.youtube.com\/embed\/beQHhAGYOmk?feature=oembed\" frameborder=\"0\" allow=\"accelerometer; autoplay; clipboard-write; encrypted-media; gyroscope; picture-in-picture; web-share\" referrerpolicy=\"strict-origin-when-cross-origin\" allowfullscreen><\/iframe><\/div>\n<\/div><\/figure>\n\n\n\n<p><\/p>\n","protected":false},"excerpt":{"rendered":"<p>Madrid, 21 de marzo de 2025.- Finaliza la Semana de las Artes y las Ciencias (SAC Newman) del Colegio Internacional J.H. Newman un a\u00f1o m\u00e1s, y ya van cuatro. Un evento de seis d\u00edas donde alumnos, profesores, familias, ex alumnos y estudiantes de otros colegios, han tenido la oportunidad de compartir conocimiento y talentos, aprender [&hellip;]<\/p>\n","protected":false},"author":1,"featured_media":30794,"comment_status":"open","ping_status":"open","sticky":false,"template":"","format":"standard","meta":{"footnotes":""},"categories":[1515,17,1412,72,1496,47,87,249,1413,16],"tags":[70,97,118,721,26,188,421,1538,113,1240],"class_list":["post-30793","post","type-post","status-publish","format-standard","has-post-thumbnail","hentry","category-arte","category-bachillerato","category-ciencias","category-colegio","category-coro","category-eventos","category-noticias","category-prensa","category-sac","category-secundaria","tag-arte","tag-bachillerato","tag-ciencia","tag-colegio-internacional-jh-newman","tag-colegio-newman","tag-eso","tag-madrid","tag-sac","tag-secundaria","tag-semana-de-las-artes-y-las-ciencias"],"yoast_head":"<!-- This site is optimized with the Yoast SEO plugin v27.3 - https:\/\/yoast.com\/product\/yoast-seo-wordpress\/ -->\n<title>Summer Camp del Colegio Newman<\/title>\n<meta name=\"description\" content=\"Finaliza la Semana de las Artes y las Ciencias (SAC Newman) del Colegio Internacional J.H. Newman un a\u00f1o m\u00e1s, y ya van cuatro.\" \/>\n<meta name=\"robots\" content=\"index, follow, max-snippet:-1, max-image-preview:large, max-video-preview:-1\" \/>\n<link rel=\"canonical\" href=\"https:\/\/www.colegionewman.org\/es_es\/nota-final-de-la-sac-newman-2025-el-gusto-por-el-trabajo-bien-hecho\/\" \/>\n<meta property=\"og:locale\" content=\"es_ES\" \/>\n<meta property=\"og:type\" content=\"article\" \/>\n<meta property=\"og:title\" content=\"Summer Camp del Colegio Newman\" \/>\n<meta property=\"og:description\" content=\"Finaliza la Semana de las Artes y las Ciencias (SAC Newman) del Colegio Internacional J.H. Newman un a\u00f1o m\u00e1s, y ya van cuatro.\" \/>\n<meta property=\"og:url\" content=\"https:\/\/www.colegionewman.org\/es_es\/nota-final-de-la-sac-newman-2025-el-gusto-por-el-trabajo-bien-hecho\/\" \/>\n<meta property=\"og:site_name\" content=\"Colegio Internacional J.H. Newman\" \/>\n<meta property=\"article:published_time\" content=\"2025-03-21T11:17:26+00:00\" \/>\n<meta property=\"article:modified_time\" content=\"2025-03-21T11:18:04+00:00\" \/>\n<meta property=\"og:image\" content=\"https:\/\/www.colegionewman.org\/wp-content\/uploads\/nota-final-sac-newman-2025.jpg\" \/>\n\t<meta property=\"og:image:width\" content=\"1600\" \/>\n\t<meta property=\"og:image:height\" content=\"1200\" \/>\n\t<meta property=\"og:image:type\" content=\"image\/jpeg\" \/>\n<meta name=\"author\" content=\"usuario01\" \/>\n<meta name=\"twitter:card\" content=\"summary_large_image\" \/>\n<meta name=\"twitter:label1\" content=\"Escrito por\" \/>\n\t<meta name=\"twitter:data1\" content=\"usuario01\" \/>\n\t<meta name=\"twitter:label2\" content=\"Tiempo de lectura\" \/>\n\t<meta name=\"twitter:data2\" content=\"4 minutos\" \/>\n<script type=\"application\/ld+json\" class=\"yoast-schema-graph\">{\"@context\":\"https:\\\/\\\/schema.org\",\"@graph\":[{\"@type\":\"Article\",\"@id\":\"https:\\\/\\\/www.colegionewman.org\\\/nota-final-de-la-sac-newman-2025-el-gusto-por-el-trabajo-bien-hecho\\\/#article\",\"isPartOf\":{\"@id\":\"https:\\\/\\\/www.colegionewman.org\\\/nota-final-de-la-sac-newman-2025-el-gusto-por-el-trabajo-bien-hecho\\\/\"},\"author\":{\"name\":\"usuario01\",\"@id\":\"https:\\\/\\\/www.colegionewman.org\\\/#\\\/schema\\\/person\\\/8106daec86dc9c621dee981574299879\"},\"headline\":\"Nota final de la #SAC Newman 2025. \u00abEl gusto por el trabajo bien hecho\u00bb.\",\"datePublished\":\"2025-03-21T11:17:26+00:00\",\"dateModified\":\"2025-03-21T11:18:04+00:00\",\"mainEntityOfPage\":{\"@id\":\"https:\\\/\\\/www.colegionewman.org\\\/nota-final-de-la-sac-newman-2025-el-gusto-por-el-trabajo-bien-hecho\\\/\"},\"wordCount\":802,\"commentCount\":1,\"publisher\":{\"@id\":\"https:\\\/\\\/www.colegionewman.org\\\/#organization\"},\"image\":{\"@id\":\"https:\\\/\\\/www.colegionewman.org\\\/nota-final-de-la-sac-newman-2025-el-gusto-por-el-trabajo-bien-hecho\\\/#primaryimage\"},\"thumbnailUrl\":\"https:\\\/\\\/www.colegionewman.org\\\/wp-content\\\/uploads\\\/nota-final-sac-newman-2025.jpg\",\"keywords\":[\"Arte\",\"Bachillerato\",\"Ciencia\",\"Colegio Internacional JH Newman\",\"Colegio Newman\",\"ESO\",\"Madrid\",\"sac\",\"Secundaria\",\"Semana de las Artes y las Ciencias\"],\"articleSection\":[\"Arte\",\"Bachillerato\",\"Ciencias\",\"Colegio\",\"Coro\",\"Eventos\",\"Noticias\",\"Prensa\",\"SAC\",\"Secundaria\"],\"inLanguage\":\"es\",\"potentialAction\":[{\"@type\":\"CommentAction\",\"name\":\"Comment\",\"target\":[\"https:\\\/\\\/www.colegionewman.org\\\/nota-final-de-la-sac-newman-2025-el-gusto-por-el-trabajo-bien-hecho\\\/#respond\"]}]},{\"@type\":\"WebPage\",\"@id\":\"https:\\\/\\\/www.colegionewman.org\\\/nota-final-de-la-sac-newman-2025-el-gusto-por-el-trabajo-bien-hecho\\\/\",\"url\":\"https:\\\/\\\/www.colegionewman.org\\\/nota-final-de-la-sac-newman-2025-el-gusto-por-el-trabajo-bien-hecho\\\/\",\"name\":\"Summer Camp del Colegio Newman\",\"isPartOf\":{\"@id\":\"https:\\\/\\\/www.colegionewman.org\\\/#website\"},\"primaryImageOfPage\":{\"@id\":\"https:\\\/\\\/www.colegionewman.org\\\/nota-final-de-la-sac-newman-2025-el-gusto-por-el-trabajo-bien-hecho\\\/#primaryimage\"},\"image\":{\"@id\":\"https:\\\/\\\/www.colegionewman.org\\\/nota-final-de-la-sac-newman-2025-el-gusto-por-el-trabajo-bien-hecho\\\/#primaryimage\"},\"thumbnailUrl\":\"https:\\\/\\\/www.colegionewman.org\\\/wp-content\\\/uploads\\\/nota-final-sac-newman-2025.jpg\",\"datePublished\":\"2025-03-21T11:17:26+00:00\",\"dateModified\":\"2025-03-21T11:18:04+00:00\",\"description\":\"Finaliza la Semana de las Artes y las Ciencias (SAC Newman) del Colegio Internacional J.H. Newman un a\u00f1o m\u00e1s, y ya van cuatro.\",\"breadcrumb\":{\"@id\":\"https:\\\/\\\/www.colegionewman.org\\\/nota-final-de-la-sac-newman-2025-el-gusto-por-el-trabajo-bien-hecho\\\/#breadcrumb\"},\"inLanguage\":\"es\",\"potentialAction\":[{\"@type\":\"ReadAction\",\"target\":[\"https:\\\/\\\/www.colegionewman.org\\\/nota-final-de-la-sac-newman-2025-el-gusto-por-el-trabajo-bien-hecho\\\/\"]}]},{\"@type\":\"ImageObject\",\"inLanguage\":\"es\",\"@id\":\"https:\\\/\\\/www.colegionewman.org\\\/nota-final-de-la-sac-newman-2025-el-gusto-por-el-trabajo-bien-hecho\\\/#primaryimage\",\"url\":\"https:\\\/\\\/www.colegionewman.org\\\/wp-content\\\/uploads\\\/nota-final-sac-newman-2025.jpg\",\"contentUrl\":\"https:\\\/\\\/www.colegionewman.org\\\/wp-content\\\/uploads\\\/nota-final-sac-newman-2025.jpg\",\"width\":1600,\"height\":1200,\"caption\":\"Alumna observando muestras cient\u00edficas al microscopio en una pr\u00e1ctica del colegio internacional madrid.\"},{\"@type\":\"BreadcrumbList\",\"@id\":\"https:\\\/\\\/www.colegionewman.org\\\/nota-final-de-la-sac-newman-2025-el-gusto-por-el-trabajo-bien-hecho\\\/#breadcrumb\",\"itemListElement\":[{\"@type\":\"ListItem\",\"position\":1,\"name\":\"Portada\",\"item\":\"https:\\\/\\\/www.colegionewman.org\\\/\"},{\"@type\":\"ListItem\",\"position\":2,\"name\":\"Nota final de la #SAC Newman 2025. \u00abEl gusto por el trabajo bien hecho\u00bb.\"}]},{\"@type\":\"WebSite\",\"@id\":\"https:\\\/\\\/www.colegionewman.org\\\/#website\",\"url\":\"https:\\\/\\\/www.colegionewman.org\\\/\",\"name\":\"Colegio Internacional J.H. Newman\",\"description\":\"Un colegio que te abre al mundo\",\"publisher\":{\"@id\":\"https:\\\/\\\/www.colegionewman.org\\\/#organization\"},\"alternateName\":\"Colegio Newman\",\"potentialAction\":[{\"@type\":\"SearchAction\",\"target\":{\"@type\":\"EntryPoint\",\"urlTemplate\":\"https:\\\/\\\/www.colegionewman.org\\\/?s={search_term_string}\"},\"query-input\":{\"@type\":\"PropertyValueSpecification\",\"valueRequired\":true,\"valueName\":\"search_term_string\"}}],\"inLanguage\":\"es\"},{\"@type\":\"Organization\",\"@id\":\"https:\\\/\\\/www.colegionewman.org\\\/#organization\",\"name\":\"Colegio Internacional J.H. Newman\",\"alternateName\":\"Colegio Newman\",\"url\":\"https:\\\/\\\/www.colegionewman.org\\\/\",\"logo\":{\"@type\":\"ImageObject\",\"inLanguage\":\"es\",\"@id\":\"https:\\\/\\\/www.colegionewman.org\\\/#\\\/schema\\\/logo\\\/image\\\/\",\"url\":\"https:\\\/\\\/www.colegionewman.org\\\/wp-content\\\/uploads\\\/logo_mini_newman_Mesa-de-trabajo-1.png\",\"contentUrl\":\"https:\\\/\\\/www.colegionewman.org\\\/wp-content\\\/uploads\\\/logo_mini_newman_Mesa-de-trabajo-1.png\",\"width\":750,\"height\":750,\"caption\":\"Colegio Internacional J.H. Newman\"},\"image\":{\"@id\":\"https:\\\/\\\/www.colegionewman.org\\\/#\\\/schema\\\/logo\\\/image\\\/\"},\"sameAs\":[\"https:\\\/\\\/www.instagram.com\\\/colegiojhnewman\\\/\",\"https:\\\/\\\/www.youtube.com\\\/channel\\\/UCUEVCANGRsznbp-DRfSrexw\",\"https:\\\/\\\/www.linkedin.com\\\/company\\\/colegio-internacional-jh-newman\"]},{\"@type\":\"Person\",\"@id\":\"https:\\\/\\\/www.colegionewman.org\\\/#\\\/schema\\\/person\\\/8106daec86dc9c621dee981574299879\",\"name\":\"usuario01\",\"image\":{\"@type\":\"ImageObject\",\"inLanguage\":\"es\",\"@id\":\"https:\\\/\\\/secure.gravatar.com\\\/avatar\\\/2cefad0f4eecf4293f29f0087b54fe8c76e9fc1d6aed0ef8a8ecdd2e38e8cd47?s=96&d=mm&r=g\",\"url\":\"https:\\\/\\\/secure.gravatar.com\\\/avatar\\\/2cefad0f4eecf4293f29f0087b54fe8c76e9fc1d6aed0ef8a8ecdd2e38e8cd47?s=96&d=mm&r=g\",\"contentUrl\":\"https:\\\/\\\/secure.gravatar.com\\\/avatar\\\/2cefad0f4eecf4293f29f0087b54fe8c76e9fc1d6aed0ef8a8ecdd2e38e8cd47?s=96&d=mm&r=g\",\"caption\":\"usuario01\"},\"sameAs\":[\"https:\\\/\\\/www.colegionewman.org\"],\"url\":\"https:\\\/\\\/www.colegionewman.org\\\/es_es\\\/author\\\/usuario01\\\/\"}]}<\/script>\n<!-- \/ Yoast SEO plugin. -->","yoast_head_json":{"title":"Summer Camp del Colegio Newman","description":"Finaliza la Semana de las Artes y las Ciencias (SAC Newman) del Colegio Internacional J.H. Newman un a\u00f1o m\u00e1s, y ya van cuatro.","robots":{"index":"index","follow":"follow","max-snippet":"max-snippet:-1","max-image-preview":"max-image-preview:large","max-video-preview":"max-video-preview:-1"},"canonical":"https:\/\/www.colegionewman.org\/es_es\/nota-final-de-la-sac-newman-2025-el-gusto-por-el-trabajo-bien-hecho\/","og_locale":"es_ES","og_type":"article","og_title":"Summer Camp del Colegio Newman","og_description":"Finaliza la Semana de las Artes y las Ciencias (SAC Newman) del Colegio Internacional J.H. Newman un a\u00f1o m\u00e1s, y ya van cuatro.","og_url":"https:\/\/www.colegionewman.org\/es_es\/nota-final-de-la-sac-newman-2025-el-gusto-por-el-trabajo-bien-hecho\/","og_site_name":"Colegio Internacional J.H. Newman","article_published_time":"2025-03-21T11:17:26+00:00","article_modified_time":"2025-03-21T11:18:04+00:00","og_image":[{"width":1600,"height":1200,"url":"https:\/\/www.colegionewman.org\/wp-content\/uploads\/nota-final-sac-newman-2025.jpg","type":"image\/jpeg"}],"author":"usuario01","twitter_card":"summary_large_image","twitter_misc":{"Escrito por":"usuario01","Tiempo de lectura":"4 minutos"},"schema":{"@context":"https:\/\/schema.org","@graph":[{"@type":"Article","@id":"https:\/\/www.colegionewman.org\/nota-final-de-la-sac-newman-2025-el-gusto-por-el-trabajo-bien-hecho\/#article","isPartOf":{"@id":"https:\/\/www.colegionewman.org\/nota-final-de-la-sac-newman-2025-el-gusto-por-el-trabajo-bien-hecho\/"},"author":{"name":"usuario01","@id":"https:\/\/www.colegionewman.org\/#\/schema\/person\/8106daec86dc9c621dee981574299879"},"headline":"Nota final de la #SAC Newman 2025. \u00abEl gusto por el trabajo bien hecho\u00bb.","datePublished":"2025-03-21T11:17:26+00:00","dateModified":"2025-03-21T11:18:04+00:00","mainEntityOfPage":{"@id":"https:\/\/www.colegionewman.org\/nota-final-de-la-sac-newman-2025-el-gusto-por-el-trabajo-bien-hecho\/"},"wordCount":802,"commentCount":1,"publisher":{"@id":"https:\/\/www.colegionewman.org\/#organization"},"image":{"@id":"https:\/\/www.colegionewman.org\/nota-final-de-la-sac-newman-2025-el-gusto-por-el-trabajo-bien-hecho\/#primaryimage"},"thumbnailUrl":"https:\/\/www.colegionewman.org\/wp-content\/uploads\/nota-final-sac-newman-2025.jpg","keywords":["Arte","Bachillerato","Ciencia","Colegio Internacional JH Newman","Colegio Newman","ESO","Madrid","sac","Secundaria","Semana de las Artes y las Ciencias"],"articleSection":["Arte","Bachillerato","Ciencias","Colegio","Coro","Eventos","Noticias","Prensa","SAC","Secundaria"],"inLanguage":"es","potentialAction":[{"@type":"CommentAction","name":"Comment","target":["https:\/\/www.colegionewman.org\/nota-final-de-la-sac-newman-2025-el-gusto-por-el-trabajo-bien-hecho\/#respond"]}]},{"@type":"WebPage","@id":"https:\/\/www.colegionewman.org\/nota-final-de-la-sac-newman-2025-el-gusto-por-el-trabajo-bien-hecho\/","url":"https:\/\/www.colegionewman.org\/nota-final-de-la-sac-newman-2025-el-gusto-por-el-trabajo-bien-hecho\/","name":"Summer Camp del Colegio Newman","isPartOf":{"@id":"https:\/\/www.colegionewman.org\/#website"},"primaryImageOfPage":{"@id":"https:\/\/www.colegionewman.org\/nota-final-de-la-sac-newman-2025-el-gusto-por-el-trabajo-bien-hecho\/#primaryimage"},"image":{"@id":"https:\/\/www.colegionewman.org\/nota-final-de-la-sac-newman-2025-el-gusto-por-el-trabajo-bien-hecho\/#primaryimage"},"thumbnailUrl":"https:\/\/www.colegionewman.org\/wp-content\/uploads\/nota-final-sac-newman-2025.jpg","datePublished":"2025-03-21T11:17:26+00:00","dateModified":"2025-03-21T11:18:04+00:00","description":"Finaliza la Semana de las Artes y las Ciencias (SAC Newman) del Colegio Internacional J.H. Newman un a\u00f1o m\u00e1s, y ya van cuatro.","breadcrumb":{"@id":"https:\/\/www.colegionewman.org\/nota-final-de-la-sac-newman-2025-el-gusto-por-el-trabajo-bien-hecho\/#breadcrumb"},"inLanguage":"es","potentialAction":[{"@type":"ReadAction","target":["https:\/\/www.colegionewman.org\/nota-final-de-la-sac-newman-2025-el-gusto-por-el-trabajo-bien-hecho\/"]}]},{"@type":"ImageObject","inLanguage":"es","@id":"https:\/\/www.colegionewman.org\/nota-final-de-la-sac-newman-2025-el-gusto-por-el-trabajo-bien-hecho\/#primaryimage","url":"https:\/\/www.colegionewman.org\/wp-content\/uploads\/nota-final-sac-newman-2025.jpg","contentUrl":"https:\/\/www.colegionewman.org\/wp-content\/uploads\/nota-final-sac-newman-2025.jpg","width":1600,"height":1200,"caption":"Alumna observando muestras cient\u00edficas al microscopio en una pr\u00e1ctica del colegio internacional madrid."},{"@type":"BreadcrumbList","@id":"https:\/\/www.colegionewman.org\/nota-final-de-la-sac-newman-2025-el-gusto-por-el-trabajo-bien-hecho\/#breadcrumb","itemListElement":[{"@type":"ListItem","position":1,"name":"Portada","item":"https:\/\/www.colegionewman.org\/"},{"@type":"ListItem","position":2,"name":"Nota final de la #SAC Newman 2025. \u00abEl gusto por el trabajo bien hecho\u00bb."}]},{"@type":"WebSite","@id":"https:\/\/www.colegionewman.org\/#website","url":"https:\/\/www.colegionewman.org\/","name":"Colegio Internacional J.H. Newman","description":"Un colegio que te abre al mundo","publisher":{"@id":"https:\/\/www.colegionewman.org\/#organization"},"alternateName":"Colegio Newman","potentialAction":[{"@type":"SearchAction","target":{"@type":"EntryPoint","urlTemplate":"https:\/\/www.colegionewman.org\/?s={search_term_string}"},"query-input":{"@type":"PropertyValueSpecification","valueRequired":true,"valueName":"search_term_string"}}],"inLanguage":"es"},{"@type":"Organization","@id":"https:\/\/www.colegionewman.org\/#organization","name":"Colegio Internacional J.H. Newman","alternateName":"Colegio Newman","url":"https:\/\/www.colegionewman.org\/","logo":{"@type":"ImageObject","inLanguage":"es","@id":"https:\/\/www.colegionewman.org\/#\/schema\/logo\/image\/","url":"https:\/\/www.colegionewman.org\/wp-content\/uploads\/logo_mini_newman_Mesa-de-trabajo-1.png","contentUrl":"https:\/\/www.colegionewman.org\/wp-content\/uploads\/logo_mini_newman_Mesa-de-trabajo-1.png","width":750,"height":750,"caption":"Colegio Internacional J.H. Newman"},"image":{"@id":"https:\/\/www.colegionewman.org\/#\/schema\/logo\/image\/"},"sameAs":["https:\/\/www.instagram.com\/colegiojhnewman\/","https:\/\/www.youtube.com\/channel\/UCUEVCANGRsznbp-DRfSrexw","https:\/\/www.linkedin.com\/company\/colegio-internacional-jh-newman"]},{"@type":"Person","@id":"https:\/\/www.colegionewman.org\/#\/schema\/person\/8106daec86dc9c621dee981574299879","name":"usuario01","image":{"@type":"ImageObject","inLanguage":"es","@id":"https:\/\/secure.gravatar.com\/avatar\/2cefad0f4eecf4293f29f0087b54fe8c76e9fc1d6aed0ef8a8ecdd2e38e8cd47?s=96&d=mm&r=g","url":"https:\/\/secure.gravatar.com\/avatar\/2cefad0f4eecf4293f29f0087b54fe8c76e9fc1d6aed0ef8a8ecdd2e38e8cd47?s=96&d=mm&r=g","contentUrl":"https:\/\/secure.gravatar.com\/avatar\/2cefad0f4eecf4293f29f0087b54fe8c76e9fc1d6aed0ef8a8ecdd2e38e8cd47?s=96&d=mm&r=g","caption":"usuario01"},"sameAs":["https:\/\/www.colegionewman.org"],"url":"https:\/\/www.colegionewman.org\/es_es\/author\/usuario01\/"}]}},"_links":{"self":[{"href":"https:\/\/www.colegionewman.org\/es_es\/wp-json\/wp\/v2\/posts\/30793","targetHints":{"allow":["GET"]}}],"collection":[{"href":"https:\/\/www.colegionewman.org\/es_es\/wp-json\/wp\/v2\/posts"}],"about":[{"href":"https:\/\/www.colegionewman.org\/es_es\/wp-json\/wp\/v2\/types\/post"}],"author":[{"embeddable":true,"href":"https:\/\/www.colegionewman.org\/es_es\/wp-json\/wp\/v2\/users\/1"}],"replies":[{"embeddable":true,"href":"https:\/\/www.colegionewman.org\/es_es\/wp-json\/wp\/v2\/comments?post=30793"}],"version-history":[{"count":2,"href":"https:\/\/www.colegionewman.org\/es_es\/wp-json\/wp\/v2\/posts\/30793\/revisions"}],"predecessor-version":[{"id":30796,"href":"https:\/\/www.colegionewman.org\/es_es\/wp-json\/wp\/v2\/posts\/30793\/revisions\/30796"}],"wp:featuredmedia":[{"embeddable":true,"href":"https:\/\/www.colegionewman.org\/es_es\/wp-json\/wp\/v2\/media\/30794"}],"wp:attachment":[{"href":"https:\/\/www.colegionewman.org\/es_es\/wp-json\/wp\/v2\/media?parent=30793"}],"wp:term":[{"taxonomy":"category","embeddable":true,"href":"https:\/\/www.colegionewman.org\/es_es\/wp-json\/wp\/v2\/categories?post=30793"},{"taxonomy":"post_tag","embeddable":true,"href":"https:\/\/www.colegionewman.org\/es_es\/wp-json\/wp\/v2\/tags?post=30793"}],"curies":[{"name":"wp","href":"https:\/\/api.w.org\/{rel}","templated":true}]}}