{"id":30689,"date":"2025-03-15T19:00:39","date_gmt":"2025-03-15T18:00:39","guid":{"rendered":"https:\/\/www.colegionewman.org\/?p=30689"},"modified":"2025-03-18T10:21:48","modified_gmt":"2025-03-18T09:21:48","slug":"javier-soto-atleta-paralimpico-y-medallista-en-la-sac-newman-2025","status":"publish","type":"post","link":"https:\/\/www.colegionewman.org\/es_es\/javier-soto-atleta-paralimpico-y-medallista-en-la-sac-newman-2025\/","title":{"rendered":"Javier Soto, atleta paral\u00edmpico y medallista en la SAC Newman 2025"},"content":{"rendered":"\n<p><\/p>\n\n\n\n<h2 class=\"wp-block-heading\">Durante la SAC Newman 2025, hemos tenido la oportunidad de escuchar a Javier Soto Rey, campe\u00f3n del mundo de atletismo de sordos en 1.500 metros y 27 veces medallista de campeonatos internacionales. Javi vino a contarnos su experiencia en el deporte inclusivo y qu\u00e9 significa exactamente este tipo de deporte. <\/h2>\n\n\n\n<p><\/p>\n\n\n\n<p><a href=\"https:\/\/www.javiersotorey.com\/\">Javier Soto Rey<\/a>, <strong>atleta, profesor <\/strong>de Ciencias de la Actividad F\u00edsica y el Deporte en la Universidad Aut\u00f3noma de Madrid (UAM), investigador del Centro de Estudios sobre Deporte Inclusivo (CEDI) de la Facultad de Ciencias de la Actividad F\u00edsica y Deporte (INEF-UPM Madrid)\u2013 INEF y director t\u00e9cnico de la Federaci\u00f3n Espa\u00f1ola de Deportes para Sordos (FEDS) y trainer paral\u00edmpico comenz\u00f3 explicando qu\u00e9 ha significado en su vida vivir con una <strong>sordera de nacimiento<\/strong>, una discapacidad, <strong>describ\u00eda, \u00abinvisible\u00bb<\/strong>. Cu\u00e1les fueron sus obst\u00e1culos y cu\u00e1les, sus lanzaderas para encontrarse hoy donde se encuentra, como un l\u00edder del deporte inclusivo. <\/p>\n\n\n\n<p>Javi, vive con una sordera de nacimiento que le permite percibir sonidos fuertes pero nada m\u00e1s. Durante su intervenci\u00f3n, explicaba que esta discapacidad le ha hecho m\u00e1s sensible, por ejemplo, a percibir sonido de otras maneras como a trav\u00e9s de la vibraci\u00f3n o a entender a los dem\u00e1s a trav\u00e9s de la lectura de labios. Hoy, escucha tambi\u00e9n gracias a los aud\u00edfonos que lleva puestos. Habla lenguaje de signos y puede, con esfuerzo, hablar tambi\u00e9n gracias a la rehabilitaci\u00f3n que hizo durante su vida del habla con logopedas.  Simplemente escucharle hablar y hacerse entender y comunicarse con nosotros, ya fue un gran aprendizaje. <\/p>\n\n\n\n<p>Sin embargo para \u00e9l, esta discapacidad auditiva, le ha provocado <strong>dificultades a lo largo de su vida<\/strong> y ha hecho que, desde luego, una vida normal no haya sido f\u00e1cil. En el colegio se sent\u00eda muchas veces s\u00f3lo, pues la relaci\u00f3n con los dem\u00e1s por la barrera comunicativa no era sencilla. Durante la Universidad, afirmaba: <em>\u00abfue como una selva, tuve que saltar multitud de obst\u00e1culos que me encontraba\u00bb<\/em>. En varias ocasiones, no era f\u00e1cil entender en clase al profesor, no se lo pon\u00edan f\u00e1cil, otros profesores no vocalizaban, el profesor de f\u00fatbol, dec\u00eda, le gritaba constantemente (sin tener ning\u00fan sentido&#8230;). <\/p>\n\n\n\n<p>Sin embargo, su gran testimonio es que eso, s\u00f3lo fueron \u00abpiedras\u00bb en el camino, como muchos podemos tener. <strong>Javi no se rindi\u00f3 y sigui\u00f3 hasta conseguir lo que m\u00e1s deseaba, ser deportista <\/strong>y llegas hasta la cumbre. <\/p>\n\n\n\n<p>Ha competido con atletas con y sin discapacidad, ha viajado por todo el mundo con la Selecci\u00f3n espa\u00f1ola, tambi\u00e9n como mochilero, se ha recorrido 97 pa\u00edses, <strong>ha ganado 220 medallas y 120 trofeos,<\/strong> tiene el <strong>r\u00e9cord mundial de personas sordas en atletismo 1000m<\/strong> con su mejor marca 2 min y 25seg&#8230;<\/p>\n\n\n\n<p>Pero esto, resalta Javi al final de su charla, no es lo m\u00e1s importante. Soto terminaba animando a los alumnos a <strong>no abandonar aquellos que les motiva y les gusta, <\/strong><em>\u00abhay que luchar hasta el final\u00bb<\/em>. Cada uno, dec\u00eda, debe aprovechar sus capacidades y talentos al m\u00e1ximo. El deporte le ha ense\u00f1ado que no hay barreras ni l\u00edmites para lo que uno desea de verdad en la vida. <\/p>\n\n\n\n<p>Durante su intervenci\u00f3n, otro grupo de alumnos realizaba un taller de deporte inclusivo donde, por grupos, practicaban distintos deportes paral\u00edmpicos, como el voley sentado, baloncesto en silla de ruedas, f\u00fatbol o atletismo para ciegos, etc.<\/p>\n\n\n\n<p>Adem\u00e1s, otra parte de los alumnos disputaba un gran campeonato de juegos de mesa en el comedor, bati\u00e9ndose en duelos en juegos como el Uno, en Jungle Speed o el double. <\/p>\n\n\n\n<figure class=\"wp-block-image size-large\"><img loading=\"lazy\" decoding=\"async\" width=\"1030\" height=\"772\" src=\"https:\/\/www.colegionewman.org\/wp-content\/uploads\/javi-soto-sac-newman-25-1030x772.jpeg\" alt=\"\" class=\"wp-image-30690\" srcset=\"https:\/\/www.colegionewman.org\/wp-content\/uploads\/javi-soto-sac-newman-25-1030x772.jpeg 1030w, https:\/\/www.colegionewman.org\/wp-content\/uploads\/javi-soto-sac-newman-25-300x225.jpeg 300w, https:\/\/www.colegionewman.org\/wp-content\/uploads\/javi-soto-sac-newman-25-768x576.jpeg 768w, https:\/\/www.colegionewman.org\/wp-content\/uploads\/javi-soto-sac-newman-25-1536x1151.jpeg 1536w, https:\/\/www.colegionewman.org\/wp-content\/uploads\/javi-soto-sac-newman-25-1500x1124.jpeg 1500w, https:\/\/www.colegionewman.org\/wp-content\/uploads\/javi-soto-sac-newman-25-705x528.jpeg 705w, https:\/\/www.colegionewman.org\/wp-content\/uploads\/javi-soto-sac-newman-25.jpeg 1600w\" sizes=\"auto, (max-width: 1030px) 100vw, 1030px\" \/><\/figure>\n\n\n\n<figure class=\"wp-block-image size-large\"><img loading=\"lazy\" decoding=\"async\" width=\"1030\" height=\"772\" src=\"https:\/\/www.colegionewman.org\/wp-content\/uploads\/deporte-inclusivo-sac-25-1030x772.jpeg\" alt=\"\" class=\"wp-image-30691\" srcset=\"https:\/\/www.colegionewman.org\/wp-content\/uploads\/deporte-inclusivo-sac-25-1030x772.jpeg 1030w, https:\/\/www.colegionewman.org\/wp-content\/uploads\/deporte-inclusivo-sac-25-300x225.jpeg 300w, https:\/\/www.colegionewman.org\/wp-content\/uploads\/deporte-inclusivo-sac-25-768x576.jpeg 768w, https:\/\/www.colegionewman.org\/wp-content\/uploads\/deporte-inclusivo-sac-25-1536x1151.jpeg 1536w, https:\/\/www.colegionewman.org\/wp-content\/uploads\/deporte-inclusivo-sac-25-1500x1124.jpeg 1500w, https:\/\/www.colegionewman.org\/wp-content\/uploads\/deporte-inclusivo-sac-25-705x528.jpeg 705w, https:\/\/www.colegionewman.org\/wp-content\/uploads\/deporte-inclusivo-sac-25.jpeg 2048w\" sizes=\"auto, (max-width: 1030px) 100vw, 1030px\" \/><\/figure>\n\n\n\n<figure class=\"wp-block-embed is-type-video is-provider-youtube wp-block-embed-youtube wp-embed-aspect-16-9 wp-has-aspect-ratio\"><div class=\"wp-block-embed__wrapper\">\n<div class='avia-iframe-wrap'><iframe loading=\"lazy\" title=\"Javier Soto, atleta y medallista #SAC NEWMAN 2025 | &quot;Deporte inclusivo&quot;\" width=\"1500\" height=\"844\" src=\"https:\/\/www.youtube.com\/embed\/Fki_8lUr3bo?feature=oembed\" frameborder=\"0\" allow=\"accelerometer; autoplay; clipboard-write; encrypted-media; gyroscope; picture-in-picture; web-share\" referrerpolicy=\"strict-origin-when-cross-origin\" allowfullscreen><\/iframe><\/div>\n<\/div><\/figure>\n","protected":false},"excerpt":{"rendered":"<p>Durante la SAC Newman 2025, hemos tenido la oportunidad de escuchar a Javier Soto Rey, campe\u00f3n del mundo de atletismo de sordos en 1.500 metros y 27 veces medallista de campeonatos internacionales. Javi vino a contarnos su experiencia en el deporte inclusivo y qu\u00e9 significa exactamente este tipo de deporte. Javier Soto Rey, atleta, profesor [&hellip;]<\/p>\n","protected":false},"author":1,"featured_media":30692,"comment_status":"open","ping_status":"open","sticky":false,"template":"","format":"standard","meta":{"footnotes":""},"categories":[23,72,47,87,1413],"tags":[1546,721,26,54,1544,1547,30,1545,1538,1548],"class_list":["post-30689","post","type-post","status-publish","format-standard","has-post-thumbnail","hentry","category-club-deportivo","category-colegio","category-eventos","category-noticias","category-sac","tag-atleta","tag-colegio-internacional-jh-newman","tag-colegio-newman","tag-deporte","tag-deporte-inclusivo","tag-deporte-paralimpico","tag-educacion","tag-javier-soto-rey","tag-sac","tag-sordos"],"yoast_head":"<!-- This site is optimized with the Yoast SEO plugin v27.3 - https:\/\/yoast.com\/product\/yoast-seo-wordpress\/ -->\n<title>Javier Soto visita el Colegio Newman<\/title>\n<meta name=\"description\" content=\"En la SAC Newman 2025, hemos escuchado a Javier Soto, campe\u00f3n del mundo de atletismo de sordos en 1.500 metros y 27 veces medallista.\" \/>\n<meta name=\"robots\" content=\"index, follow, max-snippet:-1, max-image-preview:large, max-video-preview:-1\" \/>\n<link rel=\"canonical\" href=\"https:\/\/www.colegionewman.org\/es_es\/javier-soto-atleta-paralimpico-y-medallista-en-la-sac-newman-2025\/\" \/>\n<meta property=\"og:locale\" content=\"es_ES\" \/>\n<meta property=\"og:type\" content=\"article\" \/>\n<meta property=\"og:title\" content=\"Javier Soto visita el Colegio Newman\" \/>\n<meta property=\"og:description\" content=\"En la SAC Newman 2025, hemos escuchado a Javier Soto, campe\u00f3n del mundo de atletismo de sordos en 1.500 metros y 27 veces medallista.\" \/>\n<meta property=\"og:url\" content=\"https:\/\/www.colegionewman.org\/es_es\/javier-soto-atleta-paralimpico-y-medallista-en-la-sac-newman-2025\/\" \/>\n<meta property=\"og:site_name\" content=\"Colegio Internacional J.H. Newman\" \/>\n<meta property=\"article:published_time\" content=\"2025-03-15T18:00:39+00:00\" \/>\n<meta property=\"article:modified_time\" content=\"2025-03-18T09:21:48+00:00\" \/>\n<meta property=\"og:image\" content=\"https:\/\/www.colegionewman.org\/wp-content\/uploads\/javier-soto-sac-newman-25.jpeg\" \/>\n\t<meta property=\"og:image:width\" content=\"1600\" \/>\n\t<meta property=\"og:image:height\" content=\"1199\" \/>\n\t<meta property=\"og:image:type\" content=\"image\/jpeg\" \/>\n<meta name=\"author\" content=\"usuario01\" \/>\n<meta name=\"twitter:card\" content=\"summary_large_image\" \/>\n<meta name=\"twitter:label1\" content=\"Escrito por\" \/>\n\t<meta name=\"twitter:data1\" content=\"usuario01\" \/>\n\t<meta name=\"twitter:label2\" content=\"Tiempo de lectura\" \/>\n\t<meta name=\"twitter:data2\" content=\"4 minutos\" \/>\n<script type=\"application\/ld+json\" class=\"yoast-schema-graph\">{\"@context\":\"https:\\\/\\\/schema.org\",\"@graph\":[{\"@type\":\"Article\",\"@id\":\"https:\\\/\\\/www.colegionewman.org\\\/javier-soto-atleta-paralimpico-y-medallista-en-la-sac-newman-2025\\\/#article\",\"isPartOf\":{\"@id\":\"https:\\\/\\\/www.colegionewman.org\\\/javier-soto-atleta-paralimpico-y-medallista-en-la-sac-newman-2025\\\/\"},\"author\":{\"name\":\"usuario01\",\"@id\":\"https:\\\/\\\/www.colegionewman.org\\\/#\\\/schema\\\/person\\\/8106daec86dc9c621dee981574299879\"},\"headline\":\"Javier Soto, atleta paral\u00edmpico y medallista en la SAC Newman 2025\",\"datePublished\":\"2025-03-15T18:00:39+00:00\",\"dateModified\":\"2025-03-18T09:21:48+00:00\",\"mainEntityOfPage\":{\"@id\":\"https:\\\/\\\/www.colegionewman.org\\\/javier-soto-atleta-paralimpico-y-medallista-en-la-sac-newman-2025\\\/\"},\"wordCount\":638,\"commentCount\":0,\"publisher\":{\"@id\":\"https:\\\/\\\/www.colegionewman.org\\\/#organization\"},\"image\":{\"@id\":\"https:\\\/\\\/www.colegionewman.org\\\/javier-soto-atleta-paralimpico-y-medallista-en-la-sac-newman-2025\\\/#primaryimage\"},\"thumbnailUrl\":\"https:\\\/\\\/www.colegionewman.org\\\/wp-content\\\/uploads\\\/javier-soto-sac-newman-25.jpeg\",\"keywords\":[\"atleta\",\"Colegio Internacional JH Newman\",\"Colegio Newman\",\"deporte\",\"Deporte inclusivo\",\"deporte paral\u00edmpico\",\"educaci\u00f3n\",\"javier soto rey\",\"sac\",\"sordos\"],\"articleSection\":[\"Club Deportivo\",\"Colegio\",\"Eventos\",\"Noticias\",\"SAC\"],\"inLanguage\":\"es\",\"potentialAction\":[{\"@type\":\"CommentAction\",\"name\":\"Comment\",\"target\":[\"https:\\\/\\\/www.colegionewman.org\\\/javier-soto-atleta-paralimpico-y-medallista-en-la-sac-newman-2025\\\/#respond\"]}]},{\"@type\":\"WebPage\",\"@id\":\"https:\\\/\\\/www.colegionewman.org\\\/javier-soto-atleta-paralimpico-y-medallista-en-la-sac-newman-2025\\\/\",\"url\":\"https:\\\/\\\/www.colegionewman.org\\\/javier-soto-atleta-paralimpico-y-medallista-en-la-sac-newman-2025\\\/\",\"name\":\"Javier Soto visita el Colegio Newman\",\"isPartOf\":{\"@id\":\"https:\\\/\\\/www.colegionewman.org\\\/#website\"},\"primaryImageOfPage\":{\"@id\":\"https:\\\/\\\/www.colegionewman.org\\\/javier-soto-atleta-paralimpico-y-medallista-en-la-sac-newman-2025\\\/#primaryimage\"},\"image\":{\"@id\":\"https:\\\/\\\/www.colegionewman.org\\\/javier-soto-atleta-paralimpico-y-medallista-en-la-sac-newman-2025\\\/#primaryimage\"},\"thumbnailUrl\":\"https:\\\/\\\/www.colegionewman.org\\\/wp-content\\\/uploads\\\/javier-soto-sac-newman-25.jpeg\",\"datePublished\":\"2025-03-15T18:00:39+00:00\",\"dateModified\":\"2025-03-18T09:21:48+00:00\",\"description\":\"En la SAC Newman 2025, hemos escuchado a Javier Soto, campe\u00f3n del mundo de atletismo de sordos en 1.500 metros y 27 veces medallista.\",\"breadcrumb\":{\"@id\":\"https:\\\/\\\/www.colegionewman.org\\\/javier-soto-atleta-paralimpico-y-medallista-en-la-sac-newman-2025\\\/#breadcrumb\"},\"inLanguage\":\"es\",\"potentialAction\":[{\"@type\":\"ReadAction\",\"target\":[\"https:\\\/\\\/www.colegionewman.org\\\/javier-soto-atleta-paralimpico-y-medallista-en-la-sac-newman-2025\\\/\"]}]},{\"@type\":\"ImageObject\",\"inLanguage\":\"es\",\"@id\":\"https:\\\/\\\/www.colegionewman.org\\\/javier-soto-atleta-paralimpico-y-medallista-en-la-sac-newman-2025\\\/#primaryimage\",\"url\":\"https:\\\/\\\/www.colegionewman.org\\\/wp-content\\\/uploads\\\/javier-soto-sac-newman-25.jpeg\",\"contentUrl\":\"https:\\\/\\\/www.colegionewman.org\\\/wp-content\\\/uploads\\\/javier-soto-sac-newman-25.jpeg\",\"width\":1600,\"height\":1199,\"caption\":\"Ponente explicando una obra cl\u00e1sica ante estudiantes del colegio concertado Madrid, durante una sesi\u00f3n cultural.\"},{\"@type\":\"BreadcrumbList\",\"@id\":\"https:\\\/\\\/www.colegionewman.org\\\/javier-soto-atleta-paralimpico-y-medallista-en-la-sac-newman-2025\\\/#breadcrumb\",\"itemListElement\":[{\"@type\":\"ListItem\",\"position\":1,\"name\":\"Portada\",\"item\":\"https:\\\/\\\/www.colegionewman.org\\\/\"},{\"@type\":\"ListItem\",\"position\":2,\"name\":\"Javier Soto, atleta paral\u00edmpico y medallista en la SAC Newman 2025\"}]},{\"@type\":\"WebSite\",\"@id\":\"https:\\\/\\\/www.colegionewman.org\\\/#website\",\"url\":\"https:\\\/\\\/www.colegionewman.org\\\/\",\"name\":\"Colegio Internacional J.H. Newman\",\"description\":\"Un colegio que te abre al mundo\",\"publisher\":{\"@id\":\"https:\\\/\\\/www.colegionewman.org\\\/#organization\"},\"alternateName\":\"Colegio Newman\",\"potentialAction\":[{\"@type\":\"SearchAction\",\"target\":{\"@type\":\"EntryPoint\",\"urlTemplate\":\"https:\\\/\\\/www.colegionewman.org\\\/?s={search_term_string}\"},\"query-input\":{\"@type\":\"PropertyValueSpecification\",\"valueRequired\":true,\"valueName\":\"search_term_string\"}}],\"inLanguage\":\"es\"},{\"@type\":\"Organization\",\"@id\":\"https:\\\/\\\/www.colegionewman.org\\\/#organization\",\"name\":\"Colegio Internacional J.H. Newman\",\"alternateName\":\"Colegio Newman\",\"url\":\"https:\\\/\\\/www.colegionewman.org\\\/\",\"logo\":{\"@type\":\"ImageObject\",\"inLanguage\":\"es\",\"@id\":\"https:\\\/\\\/www.colegionewman.org\\\/#\\\/schema\\\/logo\\\/image\\\/\",\"url\":\"https:\\\/\\\/www.colegionewman.org\\\/wp-content\\\/uploads\\\/logo_mini_newman_Mesa-de-trabajo-1.png\",\"contentUrl\":\"https:\\\/\\\/www.colegionewman.org\\\/wp-content\\\/uploads\\\/logo_mini_newman_Mesa-de-trabajo-1.png\",\"width\":750,\"height\":750,\"caption\":\"Colegio Internacional J.H. Newman\"},\"image\":{\"@id\":\"https:\\\/\\\/www.colegionewman.org\\\/#\\\/schema\\\/logo\\\/image\\\/\"},\"sameAs\":[\"https:\\\/\\\/www.instagram.com\\\/colegiojhnewman\\\/\",\"https:\\\/\\\/www.youtube.com\\\/channel\\\/UCUEVCANGRsznbp-DRfSrexw\",\"https:\\\/\\\/www.linkedin.com\\\/company\\\/colegio-internacional-jh-newman\"]},{\"@type\":\"Person\",\"@id\":\"https:\\\/\\\/www.colegionewman.org\\\/#\\\/schema\\\/person\\\/8106daec86dc9c621dee981574299879\",\"name\":\"usuario01\",\"image\":{\"@type\":\"ImageObject\",\"inLanguage\":\"es\",\"@id\":\"https:\\\/\\\/secure.gravatar.com\\\/avatar\\\/2cefad0f4eecf4293f29f0087b54fe8c76e9fc1d6aed0ef8a8ecdd2e38e8cd47?s=96&d=mm&r=g\",\"url\":\"https:\\\/\\\/secure.gravatar.com\\\/avatar\\\/2cefad0f4eecf4293f29f0087b54fe8c76e9fc1d6aed0ef8a8ecdd2e38e8cd47?s=96&d=mm&r=g\",\"contentUrl\":\"https:\\\/\\\/secure.gravatar.com\\\/avatar\\\/2cefad0f4eecf4293f29f0087b54fe8c76e9fc1d6aed0ef8a8ecdd2e38e8cd47?s=96&d=mm&r=g\",\"caption\":\"usuario01\"},\"sameAs\":[\"https:\\\/\\\/www.colegionewman.org\"],\"url\":\"https:\\\/\\\/www.colegionewman.org\\\/es_es\\\/author\\\/usuario01\\\/\"}]}<\/script>\n<!-- \/ Yoast SEO plugin. -->","yoast_head_json":{"title":"Javier Soto visita el Colegio Newman","description":"En la SAC Newman 2025, hemos escuchado a Javier Soto, campe\u00f3n del mundo de atletismo de sordos en 1.500 metros y 27 veces medallista.","robots":{"index":"index","follow":"follow","max-snippet":"max-snippet:-1","max-image-preview":"max-image-preview:large","max-video-preview":"max-video-preview:-1"},"canonical":"https:\/\/www.colegionewman.org\/es_es\/javier-soto-atleta-paralimpico-y-medallista-en-la-sac-newman-2025\/","og_locale":"es_ES","og_type":"article","og_title":"Javier Soto visita el Colegio Newman","og_description":"En la SAC Newman 2025, hemos escuchado a Javier Soto, campe\u00f3n del mundo de atletismo de sordos en 1.500 metros y 27 veces medallista.","og_url":"https:\/\/www.colegionewman.org\/es_es\/javier-soto-atleta-paralimpico-y-medallista-en-la-sac-newman-2025\/","og_site_name":"Colegio Internacional J.H. Newman","article_published_time":"2025-03-15T18:00:39+00:00","article_modified_time":"2025-03-18T09:21:48+00:00","og_image":[{"width":1600,"height":1199,"url":"https:\/\/www.colegionewman.org\/wp-content\/uploads\/javier-soto-sac-newman-25.jpeg","type":"image\/jpeg"}],"author":"usuario01","twitter_card":"summary_large_image","twitter_misc":{"Escrito por":"usuario01","Tiempo de lectura":"4 minutos"},"schema":{"@context":"https:\/\/schema.org","@graph":[{"@type":"Article","@id":"https:\/\/www.colegionewman.org\/javier-soto-atleta-paralimpico-y-medallista-en-la-sac-newman-2025\/#article","isPartOf":{"@id":"https:\/\/www.colegionewman.org\/javier-soto-atleta-paralimpico-y-medallista-en-la-sac-newman-2025\/"},"author":{"name":"usuario01","@id":"https:\/\/www.colegionewman.org\/#\/schema\/person\/8106daec86dc9c621dee981574299879"},"headline":"Javier Soto, atleta paral\u00edmpico y medallista en la SAC Newman 2025","datePublished":"2025-03-15T18:00:39+00:00","dateModified":"2025-03-18T09:21:48+00:00","mainEntityOfPage":{"@id":"https:\/\/www.colegionewman.org\/javier-soto-atleta-paralimpico-y-medallista-en-la-sac-newman-2025\/"},"wordCount":638,"commentCount":0,"publisher":{"@id":"https:\/\/www.colegionewman.org\/#organization"},"image":{"@id":"https:\/\/www.colegionewman.org\/javier-soto-atleta-paralimpico-y-medallista-en-la-sac-newman-2025\/#primaryimage"},"thumbnailUrl":"https:\/\/www.colegionewman.org\/wp-content\/uploads\/javier-soto-sac-newman-25.jpeg","keywords":["atleta","Colegio Internacional JH Newman","Colegio Newman","deporte","Deporte inclusivo","deporte paral\u00edmpico","educaci\u00f3n","javier soto rey","sac","sordos"],"articleSection":["Club Deportivo","Colegio","Eventos","Noticias","SAC"],"inLanguage":"es","potentialAction":[{"@type":"CommentAction","name":"Comment","target":["https:\/\/www.colegionewman.org\/javier-soto-atleta-paralimpico-y-medallista-en-la-sac-newman-2025\/#respond"]}]},{"@type":"WebPage","@id":"https:\/\/www.colegionewman.org\/javier-soto-atleta-paralimpico-y-medallista-en-la-sac-newman-2025\/","url":"https:\/\/www.colegionewman.org\/javier-soto-atleta-paralimpico-y-medallista-en-la-sac-newman-2025\/","name":"Javier Soto visita el Colegio Newman","isPartOf":{"@id":"https:\/\/www.colegionewman.org\/#website"},"primaryImageOfPage":{"@id":"https:\/\/www.colegionewman.org\/javier-soto-atleta-paralimpico-y-medallista-en-la-sac-newman-2025\/#primaryimage"},"image":{"@id":"https:\/\/www.colegionewman.org\/javier-soto-atleta-paralimpico-y-medallista-en-la-sac-newman-2025\/#primaryimage"},"thumbnailUrl":"https:\/\/www.colegionewman.org\/wp-content\/uploads\/javier-soto-sac-newman-25.jpeg","datePublished":"2025-03-15T18:00:39+00:00","dateModified":"2025-03-18T09:21:48+00:00","description":"En la SAC Newman 2025, hemos escuchado a Javier Soto, campe\u00f3n del mundo de atletismo de sordos en 1.500 metros y 27 veces medallista.","breadcrumb":{"@id":"https:\/\/www.colegionewman.org\/javier-soto-atleta-paralimpico-y-medallista-en-la-sac-newman-2025\/#breadcrumb"},"inLanguage":"es","potentialAction":[{"@type":"ReadAction","target":["https:\/\/www.colegionewman.org\/javier-soto-atleta-paralimpico-y-medallista-en-la-sac-newman-2025\/"]}]},{"@type":"ImageObject","inLanguage":"es","@id":"https:\/\/www.colegionewman.org\/javier-soto-atleta-paralimpico-y-medallista-en-la-sac-newman-2025\/#primaryimage","url":"https:\/\/www.colegionewman.org\/wp-content\/uploads\/javier-soto-sac-newman-25.jpeg","contentUrl":"https:\/\/www.colegionewman.org\/wp-content\/uploads\/javier-soto-sac-newman-25.jpeg","width":1600,"height":1199,"caption":"Ponente explicando una obra cl\u00e1sica ante estudiantes del colegio concertado Madrid, durante una sesi\u00f3n cultural."},{"@type":"BreadcrumbList","@id":"https:\/\/www.colegionewman.org\/javier-soto-atleta-paralimpico-y-medallista-en-la-sac-newman-2025\/#breadcrumb","itemListElement":[{"@type":"ListItem","position":1,"name":"Portada","item":"https:\/\/www.colegionewman.org\/"},{"@type":"ListItem","position":2,"name":"Javier Soto, atleta paral\u00edmpico y medallista en la SAC Newman 2025"}]},{"@type":"WebSite","@id":"https:\/\/www.colegionewman.org\/#website","url":"https:\/\/www.colegionewman.org\/","name":"Colegio Internacional J.H. Newman","description":"Un colegio que te abre al mundo","publisher":{"@id":"https:\/\/www.colegionewman.org\/#organization"},"alternateName":"Colegio Newman","potentialAction":[{"@type":"SearchAction","target":{"@type":"EntryPoint","urlTemplate":"https:\/\/www.colegionewman.org\/?s={search_term_string}"},"query-input":{"@type":"PropertyValueSpecification","valueRequired":true,"valueName":"search_term_string"}}],"inLanguage":"es"},{"@type":"Organization","@id":"https:\/\/www.colegionewman.org\/#organization","name":"Colegio Internacional J.H. Newman","alternateName":"Colegio Newman","url":"https:\/\/www.colegionewman.org\/","logo":{"@type":"ImageObject","inLanguage":"es","@id":"https:\/\/www.colegionewman.org\/#\/schema\/logo\/image\/","url":"https:\/\/www.colegionewman.org\/wp-content\/uploads\/logo_mini_newman_Mesa-de-trabajo-1.png","contentUrl":"https:\/\/www.colegionewman.org\/wp-content\/uploads\/logo_mini_newman_Mesa-de-trabajo-1.png","width":750,"height":750,"caption":"Colegio Internacional J.H. Newman"},"image":{"@id":"https:\/\/www.colegionewman.org\/#\/schema\/logo\/image\/"},"sameAs":["https:\/\/www.instagram.com\/colegiojhnewman\/","https:\/\/www.youtube.com\/channel\/UCUEVCANGRsznbp-DRfSrexw","https:\/\/www.linkedin.com\/company\/colegio-internacional-jh-newman"]},{"@type":"Person","@id":"https:\/\/www.colegionewman.org\/#\/schema\/person\/8106daec86dc9c621dee981574299879","name":"usuario01","image":{"@type":"ImageObject","inLanguage":"es","@id":"https:\/\/secure.gravatar.com\/avatar\/2cefad0f4eecf4293f29f0087b54fe8c76e9fc1d6aed0ef8a8ecdd2e38e8cd47?s=96&d=mm&r=g","url":"https:\/\/secure.gravatar.com\/avatar\/2cefad0f4eecf4293f29f0087b54fe8c76e9fc1d6aed0ef8a8ecdd2e38e8cd47?s=96&d=mm&r=g","contentUrl":"https:\/\/secure.gravatar.com\/avatar\/2cefad0f4eecf4293f29f0087b54fe8c76e9fc1d6aed0ef8a8ecdd2e38e8cd47?s=96&d=mm&r=g","caption":"usuario01"},"sameAs":["https:\/\/www.colegionewman.org"],"url":"https:\/\/www.colegionewman.org\/es_es\/author\/usuario01\/"}]}},"_links":{"self":[{"href":"https:\/\/www.colegionewman.org\/es_es\/wp-json\/wp\/v2\/posts\/30689","targetHints":{"allow":["GET"]}}],"collection":[{"href":"https:\/\/www.colegionewman.org\/es_es\/wp-json\/wp\/v2\/posts"}],"about":[{"href":"https:\/\/www.colegionewman.org\/es_es\/wp-json\/wp\/v2\/types\/post"}],"author":[{"embeddable":true,"href":"https:\/\/www.colegionewman.org\/es_es\/wp-json\/wp\/v2\/users\/1"}],"replies":[{"embeddable":true,"href":"https:\/\/www.colegionewman.org\/es_es\/wp-json\/wp\/v2\/comments?post=30689"}],"version-history":[{"count":3,"href":"https:\/\/www.colegionewman.org\/es_es\/wp-json\/wp\/v2\/posts\/30689\/revisions"}],"predecessor-version":[{"id":30726,"href":"https:\/\/www.colegionewman.org\/es_es\/wp-json\/wp\/v2\/posts\/30689\/revisions\/30726"}],"wp:featuredmedia":[{"embeddable":true,"href":"https:\/\/www.colegionewman.org\/es_es\/wp-json\/wp\/v2\/media\/30692"}],"wp:attachment":[{"href":"https:\/\/www.colegionewman.org\/es_es\/wp-json\/wp\/v2\/media?parent=30689"}],"wp:term":[{"taxonomy":"category","embeddable":true,"href":"https:\/\/www.colegionewman.org\/es_es\/wp-json\/wp\/v2\/categories?post=30689"},{"taxonomy":"post_tag","embeddable":true,"href":"https:\/\/www.colegionewman.org\/es_es\/wp-json\/wp\/v2\/tags?post=30689"}],"curies":[{"name":"wp","href":"https:\/\/api.w.org\/{rel}","templated":true}]}}