{"id":30634,"date":"2025-03-26T13:30:37","date_gmt":"2025-03-26T12:30:37","guid":{"rendered":"https:\/\/www.colegionewman.org\/?p=30634"},"modified":"2025-03-07T13:32:02","modified_gmt":"2025-03-07T12:32:02","slug":"alumnos-y-profesores-de-fundatione-karis-vienen-al-colegio-j-h-newman","status":"publish","type":"post","link":"https:\/\/www.colegionewman.org\/es_es\/alumnos-y-profesores-de-fundatione-karis-vienen-al-colegio-j-h-newman\/","title":{"rendered":"Alumnos y profesores de Fundatione Karis vienen al Colegio J.H. Newman"},"content":{"rendered":"\n<h3 class=\"wp-block-heading\">En los \u00faltimos d\u00edas, alumnos del <strong>Colegio J.H. Newman y del Karis de Rimini (Italia)<\/strong> han compartido una experiencia enriquecedora que ha fortalecido los lazos entre ambas culturas. A lo largo de este tiempo, han tenido la oportunidad de intercambiar impresiones sobre sus respectivas ciudades, costumbres y formas de vida.<\/h3>\n\n\n\n<h2 class=\"wp-block-heading\"><strong>La perspectiva de los alumnos: la diferencia y la experiencia unitaria<\/strong><\/h2>\n\n\n\n<p>Nuestros alumnos participaron en una asamblea junto con los estudiantes italianos donde pusieron en com\u00fan varias ideas acerca de los d\u00edas vividos en Madrid. Los alumnos italianos mencionaron la limpieza de la ciudad, la facilidad para entenderse con los habitantes y la sensaci\u00f3n de seguridad que se vive en las calles. En su opini\u00f3n, Madrid es una ciudad m\u00e1s ordenada y tranquila en comparaci\u00f3n con las grandes ciudades italianas, donde la cantidad de personas y el bullicio son m\u00e1s notorios.<\/p>\n\n\n\n<p>Tambi\u00e9n comentaron lo acogedora que es la gente de aqu\u00ed, que en poco tiempo hacen sentir que eres parte de la ciudad, algo que consideran menos com\u00fan en Italia, donde la adaptaci\u00f3n a las costumbres y h\u00e1bitos puede ser m\u00e1s lenta. Los italianos tambi\u00e9n mencionaron la mezcla de lo antiguo y lo moderno que caracteriza a Madrid, donde la parte hist\u00f3rica y la modernidad de la ciudad se combinan armoniosamente.<\/p>\n\n\n\n<p>En cuanto a su experiencia en el colegio, los alumnos italianos se sorprendieron de c\u00f3mo se organiza el sistema de clases, donde los estudiantes se desplazan entre aulas seg\u00fan las asignaturas. Adem\u00e1s, les result\u00f3 extra\u00f1o usar <strong>uniforme<\/strong>, ya que en Italia, la ropa y las marcas juegan un papel importante, algo que genera ciertas discriminaciones. Sin embargo, reconocieron que el uso de uniforme podr\u00eda favorecer la integraci\u00f3n, ya que elimina las diferencias visibles entre los estudiantes.<\/p>\n\n\n\n<p>Otro aspecto que llam\u00f3 la atenci\u00f3n a los alumnos italianos fue el <strong>trato cercano y la relaci\u00f3n entre profesores y estudiantes.<\/strong> En Italia, los docentes se dirigen a los alumnos utilizando su apellido y les llaman de usted, mientras que en el Colegio J. H Newman se utiliza el nombre de pila y el trato es un tanto m\u00e1s cercano. Esto favorece una relaci\u00f3n m\u00e1s estrecha, lo que, seg\u00fan los italianos, ayuda a una mejor comunicaci\u00f3n y comprensi\u00f3n en las materias.<\/p>\n\n\n\n<p>Por su parte, los estudiantes espa\u00f1oles tambi\u00e9n compartieron sus impresiones sobre Italia. Comentaron que el ambiente all\u00ed es m\u00e1s agitado, la gente suele ir r\u00e1pidamente por la calle y las interacciones son m\u00e1s distantes. Sin embargo, destacaron la amabilidad de las personas. Durante su estancia en Italia, los estudiantes espa\u00f1oles visitaron lugares emblem\u00e1ticos como Venecia, a la que describieron como una ciudad rom\u00e1ntica.<\/p>\n\n\n\n<h2 class=\"wp-block-heading\"><strong>Los profesores valoran y comparan la educaci\u00f3n de ambos centros: el intercambio, una experiencia de riqueza compartida<\/strong><\/h2>\n\n\n\n<p>El <strong>intercambio<\/strong> no solo ha sido una experiencia cultural para los alumnos, sino tambi\u00e9n para los profesores. Los primeros encuentros entre el <strong>Karis y el Colegio J.H. Newman<\/strong> fueron motivados por la visita de dos alumnos italianos en el primer trimestre hace ya un a\u00f1o, cuya experiencia despert\u00f3 el inter\u00e9s de los docentes en continuar con este proyecto. Para ambos, el enfoque del intercambio es m\u00e1s que aprender un idioma; se busca una <strong>inmersi\u00f3n cultural<\/strong>, donde los estudiantes puedan vivir una experiencia educativa, entendiendo mejor el sistema educativo y la forma en que se ense\u00f1a en otro contexto.<\/p>\n\n\n\n<p>Lo m\u00e1s sorprendente para los profesores de Rimini ha sido la organizaci\u00f3n del intercambio, en la que los mismos estudiantes han jugado un papel fundamental. Los <strong>j\u00f3venes se encargaron de coordinar muchas de las actividades,<\/strong> con el apoyo de la secretar\u00eda acad\u00e9mica y el departamento internacional, lo que permiti\u00f3 que esta experiencia fuera verdaderamente participativa.<\/p>\n\n\n\n<p>Adem\u00e1s, los profesores destacaron la cercan\u00eda en las relaciones entre docentes y alumnos. Aunque en Italia los estudiantes se dirigen a los profesores de forma m\u00e1s formal, en Madrid el trato cercano y por el nombre de pila ha fortalecido la comunicaci\u00f3n, creando un ambiente de confianza y respeto mutuo. En el Colegio J.H. Newman, cada miembro del equipo docente conoce las historias de los estudiantes, lo que permite una <strong>atenci\u00f3n m\u00e1s personalizada y familiar.<\/strong><\/p>\n\n\n\n<p>En cuanto a la <strong>propuesta cultural,<\/strong> los alumnos italianos han tenido la oportunidad de explorar la identidad espa\u00f1ola, entendiendo que Espa\u00f1a es una uni\u00f3n de diversas culturas y tradiciones. La visita a lugares emblem\u00e1ticos como el Barrio de las Letras, Toledo y El Escorial les ha permitido conocer m\u00e1s profundamente la rica historia y diversidad de Espa\u00f1a.<\/p>\n\n\n\n<p>Este intercambio ha sido una experiencia transformadora para todos los involucrados, quienes han ampliado su visi\u00f3n del mundo, reforzando el valor de la diversidad y el entendimiento mutuo a trav\u00e9s de la <strong>cultura, el idioma y la convivencia<\/strong>. Sin duda, esta ser\u00e1 una experiencia que recordar\u00e1n con cari\u00f1o y que continuar\u00e1 fortaleciendo los lazos entre ambos pa\u00edses.<\/p>\n\n\n\n<p><\/p>\n","protected":false},"excerpt":{"rendered":"<p>En los \u00faltimos d\u00edas, alumnos del Colegio J.H. Newman y del Karis de Rimini (Italia) han compartido una experiencia enriquecedora que ha fortalecido los lazos entre ambas culturas. A lo largo de este tiempo, han tenido la oportunidad de intercambiar impresiones sobre sus respectivas ciudades, costumbres y formas de vida. La perspectiva de los alumnos: [&hellip;]<\/p>\n","protected":false},"author":1,"featured_media":30635,"comment_status":"open","ping_status":"open","sticky":false,"template":"","format":"standard","meta":{"footnotes":""},"categories":[72,21,87,16],"tags":[721,26,188,1542,1112,145,1541,113],"class_list":["post-30634","post","type-post","status-publish","format-standard","has-post-thumbnail","hentry","category-colegio","category-internacional","category-noticias","category-secundaria","tag-colegio-internacional-jh-newman","tag-colegio-newman","tag-eso","tag-intercambiio","tag-internacional","tag-italia","tag-karis","tag-secundaria"],"yoast_head":"<!-- This site is optimized with the Yoast SEO plugin v27.3 - https:\/\/yoast.com\/product\/yoast-seo-wordpress\/ -->\n<title>Fundatione Karis visita el Colegio Newman<\/title>\n<meta name=\"description\" content=\"Alumnos y profesores del Colegio J.H. Newman y del Karis de Rimini (Italia) han compartido una experiencia \u00fanica en nuestro colegio.\" \/>\n<meta name=\"robots\" content=\"index, follow, max-snippet:-1, max-image-preview:large, max-video-preview:-1\" \/>\n<link rel=\"canonical\" href=\"https:\/\/www.colegionewman.org\/es_es\/alumnos-y-profesores-de-fundatione-karis-vienen-al-colegio-j-h-newman\/\" \/>\n<meta property=\"og:locale\" content=\"es_ES\" \/>\n<meta property=\"og:type\" content=\"article\" \/>\n<meta property=\"og:title\" content=\"Fundatione Karis visita el Colegio Newman\" \/>\n<meta property=\"og:description\" content=\"Alumnos y profesores del Colegio J.H. Newman y del Karis de Rimini (Italia) han compartido una experiencia \u00fanica en nuestro colegio.\" \/>\n<meta property=\"og:url\" content=\"https:\/\/www.colegionewman.org\/es_es\/alumnos-y-profesores-de-fundatione-karis-vienen-al-colegio-j-h-newman\/\" \/>\n<meta property=\"og:site_name\" content=\"Colegio Internacional J.H. Newman\" \/>\n<meta property=\"article:published_time\" content=\"2025-03-26T12:30:37+00:00\" \/>\n<meta property=\"og:image\" content=\"https:\/\/www.colegionewman.org\/wp-content\/uploads\/karis-vien-a-jh-newman.jpeg\" \/>\n\t<meta property=\"og:image:width\" content=\"614\" \/>\n\t<meta property=\"og:image:height\" content=\"461\" \/>\n\t<meta property=\"og:image:type\" content=\"image\/jpeg\" \/>\n<meta name=\"author\" content=\"usuario01\" \/>\n<meta name=\"twitter:card\" content=\"summary_large_image\" \/>\n<meta name=\"twitter:label1\" content=\"Escrito por\" \/>\n\t<meta name=\"twitter:data1\" content=\"usuario01\" \/>\n\t<meta name=\"twitter:label2\" content=\"Tiempo de lectura\" \/>\n\t<meta name=\"twitter:data2\" content=\"4 minutos\" \/>\n<script type=\"application\/ld+json\" class=\"yoast-schema-graph\">{\"@context\":\"https:\\\/\\\/schema.org\",\"@graph\":[{\"@type\":\"Article\",\"@id\":\"https:\\\/\\\/www.colegionewman.org\\\/alumnos-y-profesores-de-fundatione-karis-vienen-al-colegio-j-h-newman\\\/#article\",\"isPartOf\":{\"@id\":\"https:\\\/\\\/www.colegionewman.org\\\/alumnos-y-profesores-de-fundatione-karis-vienen-al-colegio-j-h-newman\\\/\"},\"author\":{\"name\":\"usuario01\",\"@id\":\"https:\\\/\\\/www.colegionewman.org\\\/#\\\/schema\\\/person\\\/8106daec86dc9c621dee981574299879\"},\"headline\":\"Alumnos y profesores de Fundatione Karis vienen al Colegio J.H. Newman\",\"datePublished\":\"2025-03-26T12:30:37+00:00\",\"mainEntityOfPage\":{\"@id\":\"https:\\\/\\\/www.colegionewman.org\\\/alumnos-y-profesores-de-fundatione-karis-vienen-al-colegio-j-h-newman\\\/\"},\"wordCount\":871,\"commentCount\":0,\"publisher\":{\"@id\":\"https:\\\/\\\/www.colegionewman.org\\\/#organization\"},\"image\":{\"@id\":\"https:\\\/\\\/www.colegionewman.org\\\/alumnos-y-profesores-de-fundatione-karis-vienen-al-colegio-j-h-newman\\\/#primaryimage\"},\"thumbnailUrl\":\"https:\\\/\\\/www.colegionewman.org\\\/wp-content\\\/uploads\\\/karis-vien-a-jh-newman.jpeg\",\"keywords\":[\"Colegio Internacional JH Newman\",\"Colegio Newman\",\"ESO\",\"intercambiio\",\"Internacional\",\"Italia\",\"karis\",\"Secundaria\"],\"articleSection\":[\"Colegio\",\"Internacional\",\"Noticias\",\"Secundaria\"],\"inLanguage\":\"es\",\"potentialAction\":[{\"@type\":\"CommentAction\",\"name\":\"Comment\",\"target\":[\"https:\\\/\\\/www.colegionewman.org\\\/alumnos-y-profesores-de-fundatione-karis-vienen-al-colegio-j-h-newman\\\/#respond\"]}]},{\"@type\":\"WebPage\",\"@id\":\"https:\\\/\\\/www.colegionewman.org\\\/alumnos-y-profesores-de-fundatione-karis-vienen-al-colegio-j-h-newman\\\/\",\"url\":\"https:\\\/\\\/www.colegionewman.org\\\/alumnos-y-profesores-de-fundatione-karis-vienen-al-colegio-j-h-newman\\\/\",\"name\":\"Fundatione Karis visita el Colegio Newman\",\"isPartOf\":{\"@id\":\"https:\\\/\\\/www.colegionewman.org\\\/#website\"},\"primaryImageOfPage\":{\"@id\":\"https:\\\/\\\/www.colegionewman.org\\\/alumnos-y-profesores-de-fundatione-karis-vienen-al-colegio-j-h-newman\\\/#primaryimage\"},\"image\":{\"@id\":\"https:\\\/\\\/www.colegionewman.org\\\/alumnos-y-profesores-de-fundatione-karis-vienen-al-colegio-j-h-newman\\\/#primaryimage\"},\"thumbnailUrl\":\"https:\\\/\\\/www.colegionewman.org\\\/wp-content\\\/uploads\\\/karis-vien-a-jh-newman.jpeg\",\"datePublished\":\"2025-03-26T12:30:37+00:00\",\"description\":\"Alumnos y profesores del Colegio J.H. Newman y del Karis de Rimini (Italia) han compartido una experiencia \u00fanica en nuestro colegio.\",\"breadcrumb\":{\"@id\":\"https:\\\/\\\/www.colegionewman.org\\\/alumnos-y-profesores-de-fundatione-karis-vienen-al-colegio-j-h-newman\\\/#breadcrumb\"},\"inLanguage\":\"es\",\"potentialAction\":[{\"@type\":\"ReadAction\",\"target\":[\"https:\\\/\\\/www.colegionewman.org\\\/alumnos-y-profesores-de-fundatione-karis-vienen-al-colegio-j-h-newman\\\/\"]}]},{\"@type\":\"ImageObject\",\"inLanguage\":\"es\",\"@id\":\"https:\\\/\\\/www.colegionewman.org\\\/alumnos-y-profesores-de-fundatione-karis-vienen-al-colegio-j-h-newman\\\/#primaryimage\",\"url\":\"https:\\\/\\\/www.colegionewman.org\\\/wp-content\\\/uploads\\\/karis-vien-a-jh-newman.jpeg\",\"contentUrl\":\"https:\\\/\\\/www.colegionewman.org\\\/wp-content\\\/uploads\\\/karis-vien-a-jh-newman.jpeg\",\"width\":614,\"height\":461,\"caption\":\"quipo educativo del colegio religioso Madrid en una de las instalaciones del colegio.\"},{\"@type\":\"BreadcrumbList\",\"@id\":\"https:\\\/\\\/www.colegionewman.org\\\/alumnos-y-profesores-de-fundatione-karis-vienen-al-colegio-j-h-newman\\\/#breadcrumb\",\"itemListElement\":[{\"@type\":\"ListItem\",\"position\":1,\"name\":\"Portada\",\"item\":\"https:\\\/\\\/www.colegionewman.org\\\/\"},{\"@type\":\"ListItem\",\"position\":2,\"name\":\"Alumnos y profesores de Fundatione Karis vienen al Colegio J.H. Newman\"}]},{\"@type\":\"WebSite\",\"@id\":\"https:\\\/\\\/www.colegionewman.org\\\/#website\",\"url\":\"https:\\\/\\\/www.colegionewman.org\\\/\",\"name\":\"Colegio Internacional J.H. Newman\",\"description\":\"Un colegio que te abre al mundo\",\"publisher\":{\"@id\":\"https:\\\/\\\/www.colegionewman.org\\\/#organization\"},\"alternateName\":\"Colegio Newman\",\"potentialAction\":[{\"@type\":\"SearchAction\",\"target\":{\"@type\":\"EntryPoint\",\"urlTemplate\":\"https:\\\/\\\/www.colegionewman.org\\\/?s={search_term_string}\"},\"query-input\":{\"@type\":\"PropertyValueSpecification\",\"valueRequired\":true,\"valueName\":\"search_term_string\"}}],\"inLanguage\":\"es\"},{\"@type\":\"Organization\",\"@id\":\"https:\\\/\\\/www.colegionewman.org\\\/#organization\",\"name\":\"Colegio Internacional J.H. Newman\",\"alternateName\":\"Colegio Newman\",\"url\":\"https:\\\/\\\/www.colegionewman.org\\\/\",\"logo\":{\"@type\":\"ImageObject\",\"inLanguage\":\"es\",\"@id\":\"https:\\\/\\\/www.colegionewman.org\\\/#\\\/schema\\\/logo\\\/image\\\/\",\"url\":\"https:\\\/\\\/www.colegionewman.org\\\/wp-content\\\/uploads\\\/logo_mini_newman_Mesa-de-trabajo-1.png\",\"contentUrl\":\"https:\\\/\\\/www.colegionewman.org\\\/wp-content\\\/uploads\\\/logo_mini_newman_Mesa-de-trabajo-1.png\",\"width\":750,\"height\":750,\"caption\":\"Colegio Internacional J.H. Newman\"},\"image\":{\"@id\":\"https:\\\/\\\/www.colegionewman.org\\\/#\\\/schema\\\/logo\\\/image\\\/\"},\"sameAs\":[\"https:\\\/\\\/www.instagram.com\\\/colegiojhnewman\\\/\",\"https:\\\/\\\/www.youtube.com\\\/channel\\\/UCUEVCANGRsznbp-DRfSrexw\",\"https:\\\/\\\/www.linkedin.com\\\/company\\\/colegio-internacional-jh-newman\"]},{\"@type\":\"Person\",\"@id\":\"https:\\\/\\\/www.colegionewman.org\\\/#\\\/schema\\\/person\\\/8106daec86dc9c621dee981574299879\",\"name\":\"usuario01\",\"image\":{\"@type\":\"ImageObject\",\"inLanguage\":\"es\",\"@id\":\"https:\\\/\\\/secure.gravatar.com\\\/avatar\\\/2cefad0f4eecf4293f29f0087b54fe8c76e9fc1d6aed0ef8a8ecdd2e38e8cd47?s=96&d=mm&r=g\",\"url\":\"https:\\\/\\\/secure.gravatar.com\\\/avatar\\\/2cefad0f4eecf4293f29f0087b54fe8c76e9fc1d6aed0ef8a8ecdd2e38e8cd47?s=96&d=mm&r=g\",\"contentUrl\":\"https:\\\/\\\/secure.gravatar.com\\\/avatar\\\/2cefad0f4eecf4293f29f0087b54fe8c76e9fc1d6aed0ef8a8ecdd2e38e8cd47?s=96&d=mm&r=g\",\"caption\":\"usuario01\"},\"sameAs\":[\"https:\\\/\\\/www.colegionewman.org\"],\"url\":\"https:\\\/\\\/www.colegionewman.org\\\/es_es\\\/author\\\/usuario01\\\/\"}]}<\/script>\n<!-- \/ Yoast SEO plugin. -->","yoast_head_json":{"title":"Fundatione Karis visita el Colegio Newman","description":"Alumnos y profesores del Colegio J.H. Newman y del Karis de Rimini (Italia) han compartido una experiencia \u00fanica en nuestro colegio.","robots":{"index":"index","follow":"follow","max-snippet":"max-snippet:-1","max-image-preview":"max-image-preview:large","max-video-preview":"max-video-preview:-1"},"canonical":"https:\/\/www.colegionewman.org\/es_es\/alumnos-y-profesores-de-fundatione-karis-vienen-al-colegio-j-h-newman\/","og_locale":"es_ES","og_type":"article","og_title":"Fundatione Karis visita el Colegio Newman","og_description":"Alumnos y profesores del Colegio J.H. Newman y del Karis de Rimini (Italia) han compartido una experiencia \u00fanica en nuestro colegio.","og_url":"https:\/\/www.colegionewman.org\/es_es\/alumnos-y-profesores-de-fundatione-karis-vienen-al-colegio-j-h-newman\/","og_site_name":"Colegio Internacional J.H. Newman","article_published_time":"2025-03-26T12:30:37+00:00","og_image":[{"width":614,"height":461,"url":"https:\/\/www.colegionewman.org\/wp-content\/uploads\/karis-vien-a-jh-newman.jpeg","type":"image\/jpeg"}],"author":"usuario01","twitter_card":"summary_large_image","twitter_misc":{"Escrito por":"usuario01","Tiempo de lectura":"4 minutos"},"schema":{"@context":"https:\/\/schema.org","@graph":[{"@type":"Article","@id":"https:\/\/www.colegionewman.org\/alumnos-y-profesores-de-fundatione-karis-vienen-al-colegio-j-h-newman\/#article","isPartOf":{"@id":"https:\/\/www.colegionewman.org\/alumnos-y-profesores-de-fundatione-karis-vienen-al-colegio-j-h-newman\/"},"author":{"name":"usuario01","@id":"https:\/\/www.colegionewman.org\/#\/schema\/person\/8106daec86dc9c621dee981574299879"},"headline":"Alumnos y profesores de Fundatione Karis vienen al Colegio J.H. Newman","datePublished":"2025-03-26T12:30:37+00:00","mainEntityOfPage":{"@id":"https:\/\/www.colegionewman.org\/alumnos-y-profesores-de-fundatione-karis-vienen-al-colegio-j-h-newman\/"},"wordCount":871,"commentCount":0,"publisher":{"@id":"https:\/\/www.colegionewman.org\/#organization"},"image":{"@id":"https:\/\/www.colegionewman.org\/alumnos-y-profesores-de-fundatione-karis-vienen-al-colegio-j-h-newman\/#primaryimage"},"thumbnailUrl":"https:\/\/www.colegionewman.org\/wp-content\/uploads\/karis-vien-a-jh-newman.jpeg","keywords":["Colegio Internacional JH Newman","Colegio Newman","ESO","intercambiio","Internacional","Italia","karis","Secundaria"],"articleSection":["Colegio","Internacional","Noticias","Secundaria"],"inLanguage":"es","potentialAction":[{"@type":"CommentAction","name":"Comment","target":["https:\/\/www.colegionewman.org\/alumnos-y-profesores-de-fundatione-karis-vienen-al-colegio-j-h-newman\/#respond"]}]},{"@type":"WebPage","@id":"https:\/\/www.colegionewman.org\/alumnos-y-profesores-de-fundatione-karis-vienen-al-colegio-j-h-newman\/","url":"https:\/\/www.colegionewman.org\/alumnos-y-profesores-de-fundatione-karis-vienen-al-colegio-j-h-newman\/","name":"Fundatione Karis visita el Colegio Newman","isPartOf":{"@id":"https:\/\/www.colegionewman.org\/#website"},"primaryImageOfPage":{"@id":"https:\/\/www.colegionewman.org\/alumnos-y-profesores-de-fundatione-karis-vienen-al-colegio-j-h-newman\/#primaryimage"},"image":{"@id":"https:\/\/www.colegionewman.org\/alumnos-y-profesores-de-fundatione-karis-vienen-al-colegio-j-h-newman\/#primaryimage"},"thumbnailUrl":"https:\/\/www.colegionewman.org\/wp-content\/uploads\/karis-vien-a-jh-newman.jpeg","datePublished":"2025-03-26T12:30:37+00:00","description":"Alumnos y profesores del Colegio J.H. Newman y del Karis de Rimini (Italia) han compartido una experiencia \u00fanica en nuestro colegio.","breadcrumb":{"@id":"https:\/\/www.colegionewman.org\/alumnos-y-profesores-de-fundatione-karis-vienen-al-colegio-j-h-newman\/#breadcrumb"},"inLanguage":"es","potentialAction":[{"@type":"ReadAction","target":["https:\/\/www.colegionewman.org\/alumnos-y-profesores-de-fundatione-karis-vienen-al-colegio-j-h-newman\/"]}]},{"@type":"ImageObject","inLanguage":"es","@id":"https:\/\/www.colegionewman.org\/alumnos-y-profesores-de-fundatione-karis-vienen-al-colegio-j-h-newman\/#primaryimage","url":"https:\/\/www.colegionewman.org\/wp-content\/uploads\/karis-vien-a-jh-newman.jpeg","contentUrl":"https:\/\/www.colegionewman.org\/wp-content\/uploads\/karis-vien-a-jh-newman.jpeg","width":614,"height":461,"caption":"quipo educativo del colegio religioso Madrid en una de las instalaciones del colegio."},{"@type":"BreadcrumbList","@id":"https:\/\/www.colegionewman.org\/alumnos-y-profesores-de-fundatione-karis-vienen-al-colegio-j-h-newman\/#breadcrumb","itemListElement":[{"@type":"ListItem","position":1,"name":"Portada","item":"https:\/\/www.colegionewman.org\/"},{"@type":"ListItem","position":2,"name":"Alumnos y profesores de Fundatione Karis vienen al Colegio J.H. Newman"}]},{"@type":"WebSite","@id":"https:\/\/www.colegionewman.org\/#website","url":"https:\/\/www.colegionewman.org\/","name":"Colegio Internacional J.H. Newman","description":"Un colegio que te abre al mundo","publisher":{"@id":"https:\/\/www.colegionewman.org\/#organization"},"alternateName":"Colegio Newman","potentialAction":[{"@type":"SearchAction","target":{"@type":"EntryPoint","urlTemplate":"https:\/\/www.colegionewman.org\/?s={search_term_string}"},"query-input":{"@type":"PropertyValueSpecification","valueRequired":true,"valueName":"search_term_string"}}],"inLanguage":"es"},{"@type":"Organization","@id":"https:\/\/www.colegionewman.org\/#organization","name":"Colegio Internacional J.H. Newman","alternateName":"Colegio Newman","url":"https:\/\/www.colegionewman.org\/","logo":{"@type":"ImageObject","inLanguage":"es","@id":"https:\/\/www.colegionewman.org\/#\/schema\/logo\/image\/","url":"https:\/\/www.colegionewman.org\/wp-content\/uploads\/logo_mini_newman_Mesa-de-trabajo-1.png","contentUrl":"https:\/\/www.colegionewman.org\/wp-content\/uploads\/logo_mini_newman_Mesa-de-trabajo-1.png","width":750,"height":750,"caption":"Colegio Internacional J.H. Newman"},"image":{"@id":"https:\/\/www.colegionewman.org\/#\/schema\/logo\/image\/"},"sameAs":["https:\/\/www.instagram.com\/colegiojhnewman\/","https:\/\/www.youtube.com\/channel\/UCUEVCANGRsznbp-DRfSrexw","https:\/\/www.linkedin.com\/company\/colegio-internacional-jh-newman"]},{"@type":"Person","@id":"https:\/\/www.colegionewman.org\/#\/schema\/person\/8106daec86dc9c621dee981574299879","name":"usuario01","image":{"@type":"ImageObject","inLanguage":"es","@id":"https:\/\/secure.gravatar.com\/avatar\/2cefad0f4eecf4293f29f0087b54fe8c76e9fc1d6aed0ef8a8ecdd2e38e8cd47?s=96&d=mm&r=g","url":"https:\/\/secure.gravatar.com\/avatar\/2cefad0f4eecf4293f29f0087b54fe8c76e9fc1d6aed0ef8a8ecdd2e38e8cd47?s=96&d=mm&r=g","contentUrl":"https:\/\/secure.gravatar.com\/avatar\/2cefad0f4eecf4293f29f0087b54fe8c76e9fc1d6aed0ef8a8ecdd2e38e8cd47?s=96&d=mm&r=g","caption":"usuario01"},"sameAs":["https:\/\/www.colegionewman.org"],"url":"https:\/\/www.colegionewman.org\/es_es\/author\/usuario01\/"}]}},"_links":{"self":[{"href":"https:\/\/www.colegionewman.org\/es_es\/wp-json\/wp\/v2\/posts\/30634","targetHints":{"allow":["GET"]}}],"collection":[{"href":"https:\/\/www.colegionewman.org\/es_es\/wp-json\/wp\/v2\/posts"}],"about":[{"href":"https:\/\/www.colegionewman.org\/es_es\/wp-json\/wp\/v2\/types\/post"}],"author":[{"embeddable":true,"href":"https:\/\/www.colegionewman.org\/es_es\/wp-json\/wp\/v2\/users\/1"}],"replies":[{"embeddable":true,"href":"https:\/\/www.colegionewman.org\/es_es\/wp-json\/wp\/v2\/comments?post=30634"}],"version-history":[{"count":1,"href":"https:\/\/www.colegionewman.org\/es_es\/wp-json\/wp\/v2\/posts\/30634\/revisions"}],"predecessor-version":[{"id":30636,"href":"https:\/\/www.colegionewman.org\/es_es\/wp-json\/wp\/v2\/posts\/30634\/revisions\/30636"}],"wp:featuredmedia":[{"embeddable":true,"href":"https:\/\/www.colegionewman.org\/es_es\/wp-json\/wp\/v2\/media\/30635"}],"wp:attachment":[{"href":"https:\/\/www.colegionewman.org\/es_es\/wp-json\/wp\/v2\/media?parent=30634"}],"wp:term":[{"taxonomy":"category","embeddable":true,"href":"https:\/\/www.colegionewman.org\/es_es\/wp-json\/wp\/v2\/categories?post=30634"},{"taxonomy":"post_tag","embeddable":true,"href":"https:\/\/www.colegionewman.org\/es_es\/wp-json\/wp\/v2\/tags?post=30634"}],"curies":[{"name":"wp","href":"https:\/\/api.w.org\/{rel}","templated":true}]}}