{"id":30367,"date":"2025-02-15T15:49:27","date_gmt":"2025-02-15T14:49:27","guid":{"rendered":"https:\/\/www.colegionewman.org\/?p=30367"},"modified":"2025-02-03T09:56:32","modified_gmt":"2025-02-03T08:56:32","slug":"colegio-newman-asociado-al-master-en-excelencia-educativa","status":"publish","type":"post","link":"https:\/\/www.colegionewman.org\/es_es\/colegio-newman-asociado-al-master-en-excelencia-educativa\/","title":{"rendered":"Colegio Newman, asociado al M\u00e1ster en Excelencia Educativa"},"content":{"rendered":"\n<p>La&nbsp;<strong>Universidad Francisco de Vitoria<\/strong>&nbsp;y la&nbsp;<strong>Fundaci\u00f3n Internacional de Educaci\u00f3n<\/strong>&nbsp;imparten un m\u00e1ster&nbsp;pionero en Espa\u00f1a:&nbsp;<strong>El M\u00e1ster en Excelencia Educativa<\/strong>.<\/p>\n\n\n\n<p>Una experiencia&nbsp;\u00fanica&nbsp;con una&nbsp;<strong>completa inmersi\u00f3n en el \u00e1mbito educativo<\/strong>&nbsp;durante un curso escolar. Con casi&nbsp;<strong>1000 horas en el centro educativo<\/strong>&nbsp;de manera&nbsp;<strong>remunerada<\/strong>&nbsp;y con plena responsabilidad docente, el M\u00e1ster en Excelencia Educativa orientado a los&nbsp;<strong>graduados de Infantil y Primaria<\/strong>, se configura a modo de \u00ab<strong>MIR Educativo\u00bb<\/strong>&nbsp;del que muchos hablan.<\/p>\n\n\n\n<p>Ya somos&nbsp;<strong>m\u00e1s de 8 colegios de referencia<\/strong>&nbsp;(Colegio Internacional J.H. Newman, Colegio Internacional Kolbe, Colegio Arenales, Colegio Edith Stein, entre otros).<\/p>\n\n\n\n<p><strong>\u00bfEres estudiante o graduado de Magisterio de Infantil o Primaria? \u00a1Esto te interesa<\/strong>! \u00a1Y mucho!<br>Te presentamos el m\u00e1ster pionero y \u00fanico en Espa\u00f1a, que ya lleva dos a\u00f1os en funcionamiento: El M\u00e1ster en Excelencia Educativa.<\/p>\n\n\n\n<p><\/p>\n\n\n\n<p>Ap\u00fantate a la&nbsp;<strong>sesi\u00f3n online<\/strong>&nbsp;de orientaci\u00f3n<br><br>El&nbsp;<strong>18 de marzo a las 19:00h<\/strong><br><br>&nbsp;<br>\u00bfQuieres formar parte de una red de docentes excelentes?<\/p>\n\n\n\n<p><em>Conoce todos los detalles de un&nbsp;<strong>m\u00e1ster \u00fanico e innovador<\/strong><\/em><\/p>\n\n\n\n<div class=\"wp-block-buttons is-layout-flex wp-block-buttons-is-layout-flex\">\n<div class=\"wp-block-button\"><a class=\"wp-block-button__link has-white-color has-text-color has-link-color wp-element-button\" href=\"https:\/\/docs.google.com\/forms\/d\/e\/1FAIpQLScnhP-rnhC_5Ya0tvMIMlDoddg4LAxee8INjdyPVQ2i8U9fZA\/viewform\">INSCRIPCI\u00d3N SESI\u00d3N ONLINE <\/a><\/div>\n<\/div>\n\n\n\n<p><\/p>\n\n\n\n<p><\/p>\n\n\n\n<p><\/p>\n\n\n\n<figure class=\"wp-block-image size-large is-resized\"><a href=\"https:\/\/docs.google.com\/forms\/d\/e\/1FAIpQLScnhP-rnhC_5Ya0tvMIMlDoddg4LAxee8INjdyPVQ2i8U9fZA\/viewform\"><img loading=\"lazy\" decoding=\"async\" width=\"1030\" height=\"579\" src=\"https:\/\/www.colegionewman.org\/wp-content\/uploads\/IMAGENES-MIR-1030x579.png\" alt=\"\" class=\"wp-image-30368\" style=\"width:743px;height:auto\" srcset=\"https:\/\/www.colegionewman.org\/wp-content\/uploads\/IMAGENES-MIR-1030x579.png 1030w, https:\/\/www.colegionewman.org\/wp-content\/uploads\/IMAGENES-MIR-300x169.png 300w, https:\/\/www.colegionewman.org\/wp-content\/uploads\/IMAGENES-MIR-768x432.png 768w, https:\/\/www.colegionewman.org\/wp-content\/uploads\/IMAGENES-MIR-1536x864.png 1536w, https:\/\/www.colegionewman.org\/wp-content\/uploads\/IMAGENES-MIR-1500x844.png 1500w, https:\/\/www.colegionewman.org\/wp-content\/uploads\/IMAGENES-MIR-705x397.png 705w, https:\/\/www.colegionewman.org\/wp-content\/uploads\/IMAGENES-MIR.png 1920w\" sizes=\"auto, (max-width: 1030px) 100vw, 1030px\" \/><\/a><\/figure>\n\n\n\n<p>Las plazas son limitadas<\/p>\n\n\n\n<p><strong>Disponemos de&nbsp;becas del 20% de descuento&nbsp;para alumnos procedentes de la UFV o de la FIE<\/strong><\/p>\n\n\n\n<p>\u00a1No lo dejes escapar y solicita informaci\u00f3n sin compromiso ya!<\/p>\n\n\n\n<div class=\"wp-block-buttons is-layout-flex wp-block-buttons-is-layout-flex\">\n<div class=\"wp-block-button\"><a class=\"wp-block-button__link has-white-color has-text-color has-link-color wp-element-button\" href=\"https:\/\/postgrado.ufv.es\/master-en-formacion-permanente-en-excelencia-educativa\/\">VER INFO DEL M\u00c1STER<\/a><\/div>\n<\/div>\n\n\n\n<p><\/p>\n\n\n\n<figure class=\"wp-block-embed is-type-video is-provider-youtube wp-block-embed-youtube wp-embed-aspect-16-9 wp-has-aspect-ratio\"><div class=\"wp-block-embed__wrapper\">\n<div class='avia-iframe-wrap'><iframe loading=\"lazy\" title=\"M\u00e1ster de Formaci\u00f3n Permanente en Excelencia Educativa UFV\" width=\"1500\" height=\"844\" src=\"https:\/\/www.youtube.com\/embed\/PnYz4SEf0Y8?feature=oembed\" frameborder=\"0\" allow=\"accelerometer; autoplay; clipboard-write; encrypted-media; gyroscope; picture-in-picture; web-share\" referrerpolicy=\"strict-origin-when-cross-origin\" allowfullscreen><\/iframe><\/div>\n<\/div><\/figure>\n","protected":false},"excerpt":{"rendered":"<p>La&nbsp;Universidad Francisco de Vitoria&nbsp;y la&nbsp;Fundaci\u00f3n Internacional de Educaci\u00f3n&nbsp;imparten un m\u00e1ster&nbsp;pionero en Espa\u00f1a:&nbsp;El M\u00e1ster en Excelencia Educativa. Una experiencia&nbsp;\u00fanica&nbsp;con una&nbsp;completa inmersi\u00f3n en el \u00e1mbito educativo&nbsp;durante un curso escolar. Con casi&nbsp;1000 horas en el centro educativo&nbsp;de manera&nbsp;remunerada&nbsp;y con plena responsabilidad docente, el M\u00e1ster en Excelencia Educativa orientado a los&nbsp;graduados de Infantil y Primaria, se configura a modo [&hellip;]<\/p>\n","protected":false},"author":1,"featured_media":30368,"comment_status":"open","ping_status":"open","sticky":false,"template":"","format":"standard","meta":{"footnotes":""},"categories":[72,47,87],"tags":[721,26,30,1526,1528],"class_list":["post-30367","post","type-post","status-publish","format-standard","has-post-thumbnail","hentry","category-colegio","category-eventos","category-noticias","tag-colegio-internacional-jh-newman","tag-colegio-newman","tag-educacion","tag-master","tag-mir-educativo"],"yoast_head":"<!-- This site is optimized with the Yoast SEO plugin v27.3 - https:\/\/yoast.com\/product\/yoast-seo-wordpress\/ -->\n<title>Colegio Newman, asociado al M\u00e1ster en Excelencia Educativa<\/title>\n<meta name=\"description\" content=\"\u00bfEres estudiante o graduado de Magisterio de Infantil o Primaria? Te presentamos el m\u00e1ster pionero y \u00fanico en Espa\u00f1a: El M\u00e1ster en Excelencia Educativa.\" \/>\n<meta name=\"robots\" content=\"index, follow, max-snippet:-1, max-image-preview:large, max-video-preview:-1\" \/>\n<link rel=\"canonical\" href=\"https:\/\/www.colegionewman.org\/es_es\/colegio-newman-asociado-al-master-en-excelencia-educativa\/\" \/>\n<meta property=\"og:locale\" content=\"es_ES\" \/>\n<meta property=\"og:type\" content=\"article\" \/>\n<meta property=\"og:title\" content=\"Colegio Newman, asociado al M\u00e1ster en Excelencia Educativa\" \/>\n<meta property=\"og:description\" content=\"\u00bfEres estudiante o graduado de Magisterio de Infantil o Primaria? Te presentamos el m\u00e1ster pionero y \u00fanico en Espa\u00f1a: El M\u00e1ster en Excelencia Educativa.\" \/>\n<meta property=\"og:url\" content=\"https:\/\/www.colegionewman.org\/es_es\/colegio-newman-asociado-al-master-en-excelencia-educativa\/\" \/>\n<meta property=\"og:site_name\" content=\"Colegio Internacional J.H. Newman\" \/>\n<meta property=\"article:published_time\" content=\"2025-02-15T14:49:27+00:00\" \/>\n<meta property=\"og:image\" content=\"https:\/\/www.colegionewman.org\/wp-content\/uploads\/IMAGENES-MIR.png\" \/>\n\t<meta property=\"og:image:width\" content=\"1920\" \/>\n\t<meta property=\"og:image:height\" content=\"1080\" \/>\n\t<meta property=\"og:image:type\" content=\"image\/png\" \/>\n<meta name=\"author\" content=\"usuario01\" \/>\n<meta name=\"twitter:card\" content=\"summary_large_image\" \/>\n<meta name=\"twitter:label1\" content=\"Escrito por\" \/>\n\t<meta name=\"twitter:data1\" content=\"usuario01\" \/>\n\t<meta name=\"twitter:label2\" content=\"Tiempo de lectura\" \/>\n\t<meta name=\"twitter:data2\" content=\"2 minutos\" \/>\n<script type=\"application\/ld+json\" class=\"yoast-schema-graph\">{\"@context\":\"https:\\\/\\\/schema.org\",\"@graph\":[{\"@type\":\"Article\",\"@id\":\"https:\\\/\\\/www.colegionewman.org\\\/colegio-newman-asociado-al-master-en-excelencia-educativa\\\/#article\",\"isPartOf\":{\"@id\":\"https:\\\/\\\/www.colegionewman.org\\\/colegio-newman-asociado-al-master-en-excelencia-educativa\\\/\"},\"author\":{\"name\":\"usuario01\",\"@id\":\"https:\\\/\\\/www.colegionewman.org\\\/#\\\/schema\\\/person\\\/8106daec86dc9c621dee981574299879\"},\"headline\":\"Colegio Newman, asociado al M\u00e1ster en Excelencia Educativa\",\"datePublished\":\"2025-02-15T14:49:27+00:00\",\"mainEntityOfPage\":{\"@id\":\"https:\\\/\\\/www.colegionewman.org\\\/colegio-newman-asociado-al-master-en-excelencia-educativa\\\/\"},\"wordCount\":270,\"commentCount\":0,\"publisher\":{\"@id\":\"https:\\\/\\\/www.colegionewman.org\\\/#organization\"},\"image\":{\"@id\":\"https:\\\/\\\/www.colegionewman.org\\\/colegio-newman-asociado-al-master-en-excelencia-educativa\\\/#primaryimage\"},\"thumbnailUrl\":\"https:\\\/\\\/www.colegionewman.org\\\/wp-content\\\/uploads\\\/IMAGENES-MIR.png\",\"keywords\":[\"Colegio Internacional JH Newman\",\"Colegio Newman\",\"educaci\u00f3n\",\"M\u00c1STER\",\"MIR EDUCATIVO\"],\"articleSection\":[\"Colegio\",\"Eventos\",\"Noticias\"],\"inLanguage\":\"es\",\"potentialAction\":[{\"@type\":\"CommentAction\",\"name\":\"Comment\",\"target\":[\"https:\\\/\\\/www.colegionewman.org\\\/colegio-newman-asociado-al-master-en-excelencia-educativa\\\/#respond\"]}]},{\"@type\":\"WebPage\",\"@id\":\"https:\\\/\\\/www.colegionewman.org\\\/colegio-newman-asociado-al-master-en-excelencia-educativa\\\/\",\"url\":\"https:\\\/\\\/www.colegionewman.org\\\/colegio-newman-asociado-al-master-en-excelencia-educativa\\\/\",\"name\":\"Colegio Newman, asociado al M\u00e1ster en Excelencia Educativa\",\"isPartOf\":{\"@id\":\"https:\\\/\\\/www.colegionewman.org\\\/#website\"},\"primaryImageOfPage\":{\"@id\":\"https:\\\/\\\/www.colegionewman.org\\\/colegio-newman-asociado-al-master-en-excelencia-educativa\\\/#primaryimage\"},\"image\":{\"@id\":\"https:\\\/\\\/www.colegionewman.org\\\/colegio-newman-asociado-al-master-en-excelencia-educativa\\\/#primaryimage\"},\"thumbnailUrl\":\"https:\\\/\\\/www.colegionewman.org\\\/wp-content\\\/uploads\\\/IMAGENES-MIR.png\",\"datePublished\":\"2025-02-15T14:49:27+00:00\",\"description\":\"\u00bfEres estudiante o graduado de Magisterio de Infantil o Primaria? Te presentamos el m\u00e1ster pionero y \u00fanico en Espa\u00f1a: El M\u00e1ster en Excelencia Educativa.\",\"breadcrumb\":{\"@id\":\"https:\\\/\\\/www.colegionewman.org\\\/colegio-newman-asociado-al-master-en-excelencia-educativa\\\/#breadcrumb\"},\"inLanguage\":\"es\",\"potentialAction\":[{\"@type\":\"ReadAction\",\"target\":[\"https:\\\/\\\/www.colegionewman.org\\\/colegio-newman-asociado-al-master-en-excelencia-educativa\\\/\"]}]},{\"@type\":\"ImageObject\",\"inLanguage\":\"es\",\"@id\":\"https:\\\/\\\/www.colegionewman.org\\\/colegio-newman-asociado-al-master-en-excelencia-educativa\\\/#primaryimage\",\"url\":\"https:\\\/\\\/www.colegionewman.org\\\/wp-content\\\/uploads\\\/IMAGENES-MIR.png\",\"contentUrl\":\"https:\\\/\\\/www.colegionewman.org\\\/wp-content\\\/uploads\\\/IMAGENES-MIR.png\",\"width\":1920,\"height\":1080,\"caption\":\"Promoci\u00f3n de un programa formativo online de la fundaci\u00f3n internacional de educaci\u00f3n dirigido a futuros docentes.\"},{\"@type\":\"BreadcrumbList\",\"@id\":\"https:\\\/\\\/www.colegionewman.org\\\/colegio-newman-asociado-al-master-en-excelencia-educativa\\\/#breadcrumb\",\"itemListElement\":[{\"@type\":\"ListItem\",\"position\":1,\"name\":\"Portada\",\"item\":\"https:\\\/\\\/www.colegionewman.org\\\/\"},{\"@type\":\"ListItem\",\"position\":2,\"name\":\"Colegio Newman, asociado al M\u00e1ster en Excelencia Educativa\"}]},{\"@type\":\"WebSite\",\"@id\":\"https:\\\/\\\/www.colegionewman.org\\\/#website\",\"url\":\"https:\\\/\\\/www.colegionewman.org\\\/\",\"name\":\"Colegio Internacional J.H. Newman\",\"description\":\"Un colegio que te abre al mundo\",\"publisher\":{\"@id\":\"https:\\\/\\\/www.colegionewman.org\\\/#organization\"},\"alternateName\":\"Colegio Newman\",\"potentialAction\":[{\"@type\":\"SearchAction\",\"target\":{\"@type\":\"EntryPoint\",\"urlTemplate\":\"https:\\\/\\\/www.colegionewman.org\\\/?s={search_term_string}\"},\"query-input\":{\"@type\":\"PropertyValueSpecification\",\"valueRequired\":true,\"valueName\":\"search_term_string\"}}],\"inLanguage\":\"es\"},{\"@type\":\"Organization\",\"@id\":\"https:\\\/\\\/www.colegionewman.org\\\/#organization\",\"name\":\"Colegio Internacional J.H. Newman\",\"alternateName\":\"Colegio Newman\",\"url\":\"https:\\\/\\\/www.colegionewman.org\\\/\",\"logo\":{\"@type\":\"ImageObject\",\"inLanguage\":\"es\",\"@id\":\"https:\\\/\\\/www.colegionewman.org\\\/#\\\/schema\\\/logo\\\/image\\\/\",\"url\":\"https:\\\/\\\/www.colegionewman.org\\\/wp-content\\\/uploads\\\/logo_mini_newman_Mesa-de-trabajo-1.png\",\"contentUrl\":\"https:\\\/\\\/www.colegionewman.org\\\/wp-content\\\/uploads\\\/logo_mini_newman_Mesa-de-trabajo-1.png\",\"width\":750,\"height\":750,\"caption\":\"Colegio Internacional J.H. Newman\"},\"image\":{\"@id\":\"https:\\\/\\\/www.colegionewman.org\\\/#\\\/schema\\\/logo\\\/image\\\/\"},\"sameAs\":[\"https:\\\/\\\/www.instagram.com\\\/colegiojhnewman\\\/\",\"https:\\\/\\\/www.youtube.com\\\/channel\\\/UCUEVCANGRsznbp-DRfSrexw\",\"https:\\\/\\\/www.linkedin.com\\\/company\\\/colegio-internacional-jh-newman\"]},{\"@type\":\"Person\",\"@id\":\"https:\\\/\\\/www.colegionewman.org\\\/#\\\/schema\\\/person\\\/8106daec86dc9c621dee981574299879\",\"name\":\"usuario01\",\"image\":{\"@type\":\"ImageObject\",\"inLanguage\":\"es\",\"@id\":\"https:\\\/\\\/secure.gravatar.com\\\/avatar\\\/2cefad0f4eecf4293f29f0087b54fe8c76e9fc1d6aed0ef8a8ecdd2e38e8cd47?s=96&d=mm&r=g\",\"url\":\"https:\\\/\\\/secure.gravatar.com\\\/avatar\\\/2cefad0f4eecf4293f29f0087b54fe8c76e9fc1d6aed0ef8a8ecdd2e38e8cd47?s=96&d=mm&r=g\",\"contentUrl\":\"https:\\\/\\\/secure.gravatar.com\\\/avatar\\\/2cefad0f4eecf4293f29f0087b54fe8c76e9fc1d6aed0ef8a8ecdd2e38e8cd47?s=96&d=mm&r=g\",\"caption\":\"usuario01\"},\"sameAs\":[\"https:\\\/\\\/www.colegionewman.org\"],\"url\":\"https:\\\/\\\/www.colegionewman.org\\\/es_es\\\/author\\\/usuario01\\\/\"}]}<\/script>\n<!-- \/ Yoast SEO plugin. -->","yoast_head_json":{"title":"Colegio Newman, asociado al M\u00e1ster en Excelencia Educativa","description":"\u00bfEres estudiante o graduado de Magisterio de Infantil o Primaria? Te presentamos el m\u00e1ster pionero y \u00fanico en Espa\u00f1a: El M\u00e1ster en Excelencia Educativa.","robots":{"index":"index","follow":"follow","max-snippet":"max-snippet:-1","max-image-preview":"max-image-preview:large","max-video-preview":"max-video-preview:-1"},"canonical":"https:\/\/www.colegionewman.org\/es_es\/colegio-newman-asociado-al-master-en-excelencia-educativa\/","og_locale":"es_ES","og_type":"article","og_title":"Colegio Newman, asociado al M\u00e1ster en Excelencia Educativa","og_description":"\u00bfEres estudiante o graduado de Magisterio de Infantil o Primaria? Te presentamos el m\u00e1ster pionero y \u00fanico en Espa\u00f1a: El M\u00e1ster en Excelencia Educativa.","og_url":"https:\/\/www.colegionewman.org\/es_es\/colegio-newman-asociado-al-master-en-excelencia-educativa\/","og_site_name":"Colegio Internacional J.H. Newman","article_published_time":"2025-02-15T14:49:27+00:00","og_image":[{"width":1920,"height":1080,"url":"https:\/\/www.colegionewman.org\/wp-content\/uploads\/IMAGENES-MIR.png","type":"image\/png"}],"author":"usuario01","twitter_card":"summary_large_image","twitter_misc":{"Escrito por":"usuario01","Tiempo de lectura":"2 minutos"},"schema":{"@context":"https:\/\/schema.org","@graph":[{"@type":"Article","@id":"https:\/\/www.colegionewman.org\/colegio-newman-asociado-al-master-en-excelencia-educativa\/#article","isPartOf":{"@id":"https:\/\/www.colegionewman.org\/colegio-newman-asociado-al-master-en-excelencia-educativa\/"},"author":{"name":"usuario01","@id":"https:\/\/www.colegionewman.org\/#\/schema\/person\/8106daec86dc9c621dee981574299879"},"headline":"Colegio Newman, asociado al M\u00e1ster en Excelencia Educativa","datePublished":"2025-02-15T14:49:27+00:00","mainEntityOfPage":{"@id":"https:\/\/www.colegionewman.org\/colegio-newman-asociado-al-master-en-excelencia-educativa\/"},"wordCount":270,"commentCount":0,"publisher":{"@id":"https:\/\/www.colegionewman.org\/#organization"},"image":{"@id":"https:\/\/www.colegionewman.org\/colegio-newman-asociado-al-master-en-excelencia-educativa\/#primaryimage"},"thumbnailUrl":"https:\/\/www.colegionewman.org\/wp-content\/uploads\/IMAGENES-MIR.png","keywords":["Colegio Internacional JH Newman","Colegio Newman","educaci\u00f3n","M\u00c1STER","MIR EDUCATIVO"],"articleSection":["Colegio","Eventos","Noticias"],"inLanguage":"es","potentialAction":[{"@type":"CommentAction","name":"Comment","target":["https:\/\/www.colegionewman.org\/colegio-newman-asociado-al-master-en-excelencia-educativa\/#respond"]}]},{"@type":"WebPage","@id":"https:\/\/www.colegionewman.org\/colegio-newman-asociado-al-master-en-excelencia-educativa\/","url":"https:\/\/www.colegionewman.org\/colegio-newman-asociado-al-master-en-excelencia-educativa\/","name":"Colegio Newman, asociado al M\u00e1ster en Excelencia Educativa","isPartOf":{"@id":"https:\/\/www.colegionewman.org\/#website"},"primaryImageOfPage":{"@id":"https:\/\/www.colegionewman.org\/colegio-newman-asociado-al-master-en-excelencia-educativa\/#primaryimage"},"image":{"@id":"https:\/\/www.colegionewman.org\/colegio-newman-asociado-al-master-en-excelencia-educativa\/#primaryimage"},"thumbnailUrl":"https:\/\/www.colegionewman.org\/wp-content\/uploads\/IMAGENES-MIR.png","datePublished":"2025-02-15T14:49:27+00:00","description":"\u00bfEres estudiante o graduado de Magisterio de Infantil o Primaria? Te presentamos el m\u00e1ster pionero y \u00fanico en Espa\u00f1a: El M\u00e1ster en Excelencia Educativa.","breadcrumb":{"@id":"https:\/\/www.colegionewman.org\/colegio-newman-asociado-al-master-en-excelencia-educativa\/#breadcrumb"},"inLanguage":"es","potentialAction":[{"@type":"ReadAction","target":["https:\/\/www.colegionewman.org\/colegio-newman-asociado-al-master-en-excelencia-educativa\/"]}]},{"@type":"ImageObject","inLanguage":"es","@id":"https:\/\/www.colegionewman.org\/colegio-newman-asociado-al-master-en-excelencia-educativa\/#primaryimage","url":"https:\/\/www.colegionewman.org\/wp-content\/uploads\/IMAGENES-MIR.png","contentUrl":"https:\/\/www.colegionewman.org\/wp-content\/uploads\/IMAGENES-MIR.png","width":1920,"height":1080,"caption":"Promoci\u00f3n de un programa formativo online de la fundaci\u00f3n internacional de educaci\u00f3n dirigido a futuros docentes."},{"@type":"BreadcrumbList","@id":"https:\/\/www.colegionewman.org\/colegio-newman-asociado-al-master-en-excelencia-educativa\/#breadcrumb","itemListElement":[{"@type":"ListItem","position":1,"name":"Portada","item":"https:\/\/www.colegionewman.org\/"},{"@type":"ListItem","position":2,"name":"Colegio Newman, asociado al M\u00e1ster en Excelencia Educativa"}]},{"@type":"WebSite","@id":"https:\/\/www.colegionewman.org\/#website","url":"https:\/\/www.colegionewman.org\/","name":"Colegio Internacional J.H. Newman","description":"Un colegio que te abre al mundo","publisher":{"@id":"https:\/\/www.colegionewman.org\/#organization"},"alternateName":"Colegio Newman","potentialAction":[{"@type":"SearchAction","target":{"@type":"EntryPoint","urlTemplate":"https:\/\/www.colegionewman.org\/?s={search_term_string}"},"query-input":{"@type":"PropertyValueSpecification","valueRequired":true,"valueName":"search_term_string"}}],"inLanguage":"es"},{"@type":"Organization","@id":"https:\/\/www.colegionewman.org\/#organization","name":"Colegio Internacional J.H. Newman","alternateName":"Colegio Newman","url":"https:\/\/www.colegionewman.org\/","logo":{"@type":"ImageObject","inLanguage":"es","@id":"https:\/\/www.colegionewman.org\/#\/schema\/logo\/image\/","url":"https:\/\/www.colegionewman.org\/wp-content\/uploads\/logo_mini_newman_Mesa-de-trabajo-1.png","contentUrl":"https:\/\/www.colegionewman.org\/wp-content\/uploads\/logo_mini_newman_Mesa-de-trabajo-1.png","width":750,"height":750,"caption":"Colegio Internacional J.H. Newman"},"image":{"@id":"https:\/\/www.colegionewman.org\/#\/schema\/logo\/image\/"},"sameAs":["https:\/\/www.instagram.com\/colegiojhnewman\/","https:\/\/www.youtube.com\/channel\/UCUEVCANGRsznbp-DRfSrexw","https:\/\/www.linkedin.com\/company\/colegio-internacional-jh-newman"]},{"@type":"Person","@id":"https:\/\/www.colegionewman.org\/#\/schema\/person\/8106daec86dc9c621dee981574299879","name":"usuario01","image":{"@type":"ImageObject","inLanguage":"es","@id":"https:\/\/secure.gravatar.com\/avatar\/2cefad0f4eecf4293f29f0087b54fe8c76e9fc1d6aed0ef8a8ecdd2e38e8cd47?s=96&d=mm&r=g","url":"https:\/\/secure.gravatar.com\/avatar\/2cefad0f4eecf4293f29f0087b54fe8c76e9fc1d6aed0ef8a8ecdd2e38e8cd47?s=96&d=mm&r=g","contentUrl":"https:\/\/secure.gravatar.com\/avatar\/2cefad0f4eecf4293f29f0087b54fe8c76e9fc1d6aed0ef8a8ecdd2e38e8cd47?s=96&d=mm&r=g","caption":"usuario01"},"sameAs":["https:\/\/www.colegionewman.org"],"url":"https:\/\/www.colegionewman.org\/es_es\/author\/usuario01\/"}]}},"_links":{"self":[{"href":"https:\/\/www.colegionewman.org\/es_es\/wp-json\/wp\/v2\/posts\/30367","targetHints":{"allow":["GET"]}}],"collection":[{"href":"https:\/\/www.colegionewman.org\/es_es\/wp-json\/wp\/v2\/posts"}],"about":[{"href":"https:\/\/www.colegionewman.org\/es_es\/wp-json\/wp\/v2\/types\/post"}],"author":[{"embeddable":true,"href":"https:\/\/www.colegionewman.org\/es_es\/wp-json\/wp\/v2\/users\/1"}],"replies":[{"embeddable":true,"href":"https:\/\/www.colegionewman.org\/es_es\/wp-json\/wp\/v2\/comments?post=30367"}],"version-history":[{"count":3,"href":"https:\/\/www.colegionewman.org\/es_es\/wp-json\/wp\/v2\/posts\/30367\/revisions"}],"predecessor-version":[{"id":30382,"href":"https:\/\/www.colegionewman.org\/es_es\/wp-json\/wp\/v2\/posts\/30367\/revisions\/30382"}],"wp:featuredmedia":[{"embeddable":true,"href":"https:\/\/www.colegionewman.org\/es_es\/wp-json\/wp\/v2\/media\/30368"}],"wp:attachment":[{"href":"https:\/\/www.colegionewman.org\/es_es\/wp-json\/wp\/v2\/media?parent=30367"}],"wp:term":[{"taxonomy":"category","embeddable":true,"href":"https:\/\/www.colegionewman.org\/es_es\/wp-json\/wp\/v2\/categories?post=30367"},{"taxonomy":"post_tag","embeddable":true,"href":"https:\/\/www.colegionewman.org\/es_es\/wp-json\/wp\/v2\/tags?post=30367"}],"curies":[{"name":"wp","href":"https:\/\/api.w.org\/{rel}","templated":true}]}}