{"id":30328,"date":"2025-01-17T10:42:00","date_gmt":"2025-01-17T09:42:00","guid":{"rendered":"https:\/\/www.colegionewman.org\/?p=30328"},"modified":"2025-01-14T16:18:09","modified_gmt":"2025-01-14T15:18:09","slug":"conoce-el-newman-fechas-visitas-y-admisiones","status":"publish","type":"post","link":"https:\/\/www.colegionewman.org\/es_es\/conoce-el-newman-fechas-visitas-y-admisiones\/","title":{"rendered":"CONOCE EL NEWMAN | FECHAS VISITAS Y ADMISIONES"},"content":{"rendered":"\n<p>\u00bfEst\u00e1is buscando colegio? \u00bfOs interesa el Colegio Internacional J.H. Newman? \u00a1Estamos encantados de que veng\u00e1is a conocernos!<\/p>\n\n\n\n<p>Ya se acerca el per\u00edodo de solicitud de admisi\u00f3n y es momento de tomar una de as decisiones m\u00e1s importantes: colegio para nuestros hijos. Por ello, desde el Colegio Internacional J.H. Newman, organizamos diversas visitas, jornadas de puertas abiertas y entrevistas personales, para facilitar este proceso y la toma de decisi\u00f3n. <\/p>\n\n\n\n<p>\u00a1No te pierdas las oportunidades que ofrecemos de conocernos!<\/p>\n\n\n\n<p>Adem\u00e1s, siempre pod\u00e9is solicitar una entrevista personal con el centro: <a href=\"https:\/\/www.colegionewman.org\/admision\/ \"><strong>www.colegionewman.org\/admision\/ <\/strong><\/a><\/p>\n\n\n\n<p><\/p>\n\n\n\n<p><\/p>\n\n\n\n<p><strong>VISITAS GUIADAS PARA INFANTIL 3 A\u00d1OS<\/strong><\/p>\n\n\n\n<p><\/p>\n\n\n\n<p>Os invitamos a las diferentes visitas guiadas<strong> para Infantil 3 a\u00f1os&nbsp;<\/strong>que realizaremos los d\u00edas <em><strong>17 de enero, 31 de enero, 7 de febrero, 21 de febrero<\/strong><\/em> a las<strong> 09.15h<\/strong>&nbsp;en el Colegio Internacional J.H. Newman de manera presencial. En ellas, contaremos cu\u00e1l es nuestro proyecto educativo, c\u00f3mo trabajamos en el aula y podr\u00e9is ver de primera mano el d\u00eda a d\u00eda de los alumnos. <\/p>\n\n\n\n<p>Para asistir es&nbsp;<strong>imprescindible la inscripci\u00f3n<\/strong>&nbsp;a trav\u00e9s del formulario que os dejamos a continuaci\u00f3n.<\/p>\n\n\n\n<p><\/p>\n\n\n\n<div class=\"wp-block-buttons is-layout-flex wp-block-buttons-is-layout-flex\">\n<div class=\"wp-block-button\"><a class=\"wp-block-button__link has-white-color has-text-color has-background has-link-color wp-element-button\" href=\"https:\/\/forms.gle\/zXAT1BSPbGfm27jK7\" style=\"background-color:#0b0f3d\">INSCRIPCI\u00d3N VISITAS GUIADAS 3 A\u00d1OS<\/a><\/div>\n<\/div>\n\n\n\n<p>Os detallamos el horario aproximado de la jornada:<\/p>\n\n\n\n<p><strong>09.15h<\/strong>&nbsp;| Bienvenida y caf\u00e9<br><strong>09.30h<\/strong>&nbsp;| Presentaci\u00f3n del centro y del proyecto educativo<br><strong>10.00h<\/strong>&nbsp;| Recorrido por las aulas de Infantil<br><strong>10.45h<\/strong>&nbsp;| Despedida<\/p>\n\n\n\n<p><\/p>\n\n\n\n<p><\/p>\n\n\n\n<figure class=\"wp-block-image size-large\"><img loading=\"lazy\" decoding=\"async\" width=\"1030\" height=\"726\" src=\"https:\/\/www.colegionewman.org\/wp-content\/uploads\/Visita-Guiada-2025-1030x726.png\" alt=\"\" class=\"wp-image-30303\" srcset=\"https:\/\/www.colegionewman.org\/wp-content\/uploads\/Visita-Guiada-2025-1030x726.png 1030w, https:\/\/www.colegionewman.org\/wp-content\/uploads\/Visita-Guiada-2025-300x212.png 300w, https:\/\/www.colegionewman.org\/wp-content\/uploads\/Visita-Guiada-2025-768x541.png 768w, https:\/\/www.colegionewman.org\/wp-content\/uploads\/Visita-Guiada-2025-1536x1083.png 1536w, https:\/\/www.colegionewman.org\/wp-content\/uploads\/Visita-Guiada-2025-1500x1058.png 1500w, https:\/\/www.colegionewman.org\/wp-content\/uploads\/Visita-Guiada-2025-705x497.png 705w, https:\/\/www.colegionewman.org\/wp-content\/uploads\/Visita-Guiada-2025.png 2000w\" sizes=\"auto, (max-width: 1030px) 100vw, 1030px\" \/><\/figure>\n\n\n\n<p><\/p>\n\n\n\n<p><\/p>\n\n\n\n<p><strong>JORNADA DE PUERTAS ABIERTAS ETAPA DE INFANTIL<\/strong><\/p>\n\n\n\n<p>Celebramos una Jornada de Puertas Abiertas exclusiva para <strong>toda la etapa de Infantil el viernes 7 de marzo a las 17.30h.<\/strong> Todas las familias interesadas en el proyecto de la etapa de Infantil Newman (3 a\u00f1os, 4 a\u00f1os y 5 a\u00f1os) podr\u00e1n hacer un recorrido por todas las aulas, espacios, conocer la metodolog\u00eda, hablar con los profesores y tutores y mucho m\u00e1s. \u00a1No os lo pod\u00e9is perder!<\/p>\n\n\n\n<p>No es necesaria la inscripci\u00f3n. <\/p>\n\n\n\n<p><\/p>\n\n\n\n<p><\/p>\n\n\n\n<figure class=\"wp-block-image size-large\"><img loading=\"lazy\" decoding=\"async\" width=\"1030\" height=\"728\" src=\"https:\/\/www.colegionewman.org\/wp-content\/uploads\/Cartel-Puertas-Abiertas_2024-1030x728.png\" alt=\"\" class=\"wp-image-30319\" srcset=\"https:\/\/www.colegionewman.org\/wp-content\/uploads\/Cartel-Puertas-Abiertas_2024-1030x728.png 1030w, https:\/\/www.colegionewman.org\/wp-content\/uploads\/Cartel-Puertas-Abiertas_2024-300x212.png 300w, https:\/\/www.colegionewman.org\/wp-content\/uploads\/Cartel-Puertas-Abiertas_2024-768x543.png 768w, https:\/\/www.colegionewman.org\/wp-content\/uploads\/Cartel-Puertas-Abiertas_2024-1536x1086.png 1536w, https:\/\/www.colegionewman.org\/wp-content\/uploads\/Cartel-Puertas-Abiertas_2024-1500x1061.png 1500w, https:\/\/www.colegionewman.org\/wp-content\/uploads\/Cartel-Puertas-Abiertas_2024-260x185.png 260w, https:\/\/www.colegionewman.org\/wp-content\/uploads\/Cartel-Puertas-Abiertas_2024-705x498.png 705w, https:\/\/www.colegionewman.org\/wp-content\/uploads\/Cartel-Puertas-Abiertas_2024.png 2000w\" sizes=\"auto, (max-width: 1030px) 100vw, 1030px\" \/><\/figure>\n\n\n\n<p><\/p>\n\n\n\n<p><\/p>\n\n\n\n<p><strong>OPEN DAY (Infantil, Primaria, ESO y Bachillerato)<\/strong><\/p>\n\n\n\n<p><strong>El s\u00e1bado 15 de marzo entre las 10.00h y las 13.00h<\/strong> abrimos el colegio de par en par para que pod\u00e1is conocer las instalaciones, el equipo directivo, docentes, alumnos de Secundaria y Bachillerato y el ambiente del colegio, con familias, actividades y mucho m\u00e1s. <\/p>\n\n\n\n<p>No es necesaria inscripci\u00f3n. <\/p>\n\n\n\n<p><\/p>\n\n\n\n<p><\/p>\n\n\n\n<figure class=\"wp-block-image size-large\"><img loading=\"lazy\" decoding=\"async\" width=\"1030\" height=\"728\" src=\"https:\/\/www.colegionewman.org\/wp-content\/uploads\/Cartel-Puertas-Abiertas_2024-1-1030x728.jpg\" alt=\"\" class=\"wp-image-30312\" srcset=\"https:\/\/www.colegionewman.org\/wp-content\/uploads\/Cartel-Puertas-Abiertas_2024-1-1030x728.jpg 1030w, https:\/\/www.colegionewman.org\/wp-content\/uploads\/Cartel-Puertas-Abiertas_2024-1-300x212.jpg 300w, https:\/\/www.colegionewman.org\/wp-content\/uploads\/Cartel-Puertas-Abiertas_2024-1-768x543.jpg 768w, https:\/\/www.colegionewman.org\/wp-content\/uploads\/Cartel-Puertas-Abiertas_2024-1-1536x1086.jpg 1536w, https:\/\/www.colegionewman.org\/wp-content\/uploads\/Cartel-Puertas-Abiertas_2024-1-1500x1061.jpg 1500w, https:\/\/www.colegionewman.org\/wp-content\/uploads\/Cartel-Puertas-Abiertas_2024-1-260x185.jpg 260w, https:\/\/www.colegionewman.org\/wp-content\/uploads\/Cartel-Puertas-Abiertas_2024-1-705x498.jpg 705w, https:\/\/www.colegionewman.org\/wp-content\/uploads\/Cartel-Puertas-Abiertas_2024-1.jpg 2000w\" sizes=\"auto, (max-width: 1030px) 100vw, 1030px\" \/><\/figure>\n\n\n\n<p><\/p>\n\n\n\n<p><\/p>\n\n\n\n<p><strong>JORNADA DE ORIENTACI\u00d3N ONLINE PARA BACHILLERATO<\/strong><\/p>\n\n\n\n<p><\/p>\n\n\n\n<p>Finalmente, el <strong>mi\u00e9rcoles 26 de febrero a las 18.30h<\/strong> organizamos una jornada de orientaci\u00f3n online para conocer el Bachillerato Newman. Contaremos con la presencia de los profesores y directores de los diferentes tipos de Bachillerato que ofertamos, testimonios de alumnos y contaremos c\u00f3mo es el plan de estudios, el proyecto y resolveremos dudas.<\/p>\n\n\n\n<p>Necesaria inscripci\u00f3n aqu\u00ed. <\/p>\n\n\n\n<p><\/p>\n\n\n\n<div class=\"wp-block-buttons is-layout-flex wp-block-buttons-is-layout-flex\">\n<div class=\"wp-block-button\"><a class=\"wp-block-button__link has-white-color has-text-color has-background has-link-color wp-element-button\" href=\"https:\/\/forms.gle\/cpqQCdHPad2HiJReA\" style=\"background-color:#0d1b45\">INSCRIPCI\u00d3N JORNADA BACHILLERATO ONLINE<\/a><\/div>\n<\/div>\n\n\n\n<p><\/p>\n\n\n\n<p><\/p>\n\n\n\n<p><\/p>\n\n\n\n<p><strong>FECHAS DE ADMISI\u00d3N PARA INFANTIL PRIMARIA Y ESO<\/strong><\/p>\n\n\n\n<p>Ya est\u00e1 publicado el calendario de actuaci\u00f3n de las solicitudes de admisi\u00f3n para el curso 2025-2026. A continuaci\u00f3n pod\u00e9is encontrar el documento de la Comunidad de Madrid con toda la informaci\u00f3n y el calendario con las fechas principales.<\/p>\n\n\n\n<p>M\u00e1s adelante iremos publicando m\u00e1s informaci\u00f3n. Toda la informaci\u00f3n la encontrar\u00e9is <strong><a href=\"https:\/\/www.colegionewman.org\/admision\/\">AQU\u00cd.<\/a><\/strong><\/p>\n\n\n\n<p><\/p>\n\n\n\n<p><\/p>\n\n\n\n<figure class=\"wp-block-table\"><table class=\"has-fixed-layout\"><tbody><tr><th>FECHAS<\/th><th>ACTUACI\u00d3N<\/th><\/tr><tr><th>12-26 de marzo 2025<\/th><th>Plazo de presentaci\u00f3n de solicitudes para el proceso de admisi\u00f3n.<\/th><\/tr><tr><th>4 de abril 2025<\/th><th>Listados provisionales de todos los alumnos<br>que han solicitado el centro en primera opci\u00f3n.<\/th><\/tr><tr><th>7, 8 y 9 de abril 2025<\/th><th>Plazo de reclamaciones<\/th><\/tr><tr><th>24 de abril 2025<\/th><th>Informaci\u00f3n<br>provisional con la puntuaci\u00f3n obtenida por los solicitantes.<\/th><\/tr><tr><th>25, 28 y 29 de abril 2025<\/th><th>Plazo de reclamaciones.<\/th><\/tr><tr><th>8 de mayo 2025<\/th><th>Publicaci\u00f3n del listado definitivo de puntuaciones de solicitudes<br>baremadas.<\/th><\/tr><tr><th>28 de mayo 2025<\/th><th>Listado de alumnos admitidos en cada centro.<\/th><\/tr><tr><th>Del 12 al 26 de junio de 2025<\/th><th>Plazo de matriculaci\u00f3n en los centros de Educaci\u00f3n Infantil, Primaria<br>y Especial.<\/th><\/tr><tr><th>Del 12 de junio al 4 de julio de 2025<\/th><th>Plazo general de matriculaci\u00f3n en los centros de Educaci\u00f3n<br>Secundaria.<\/th><\/tr><\/tbody><\/table><\/figure>\n\n\n\n<p><\/p>\n\n\n\n<p><strong>ADMISIONES BACHILLERATO <\/strong><\/p>\n\n\n\n<p>Para realizar la admisi\u00f3n en el Bachillerato Newman, se debe solicitar primeramente una entrevista con la Direcci\u00f3n del colegio. Finalmente, la inscripci\u00f3n se puede realizar mediante el formulario que encontr\u00e1is en nuestra web.<\/p>\n\n\n\n<p><\/p>\n\n\n\n<p><\/p>\n\n\n\n<div class=\"wp-block-buttons is-layout-flex wp-block-buttons-is-layout-flex\">\n<div class=\"wp-block-button\"><a class=\"wp-block-button__link has-white-color has-text-color has-background has-link-color wp-element-button\" href=\"https:\/\/forms.gle\/zXAT1BSPbGfm27jK7\" style=\"background-color:#0d1b45\">ADMISIONES BACHILLERATO<\/a><\/div>\n<\/div>\n\n\n\n<p><\/p>\n","protected":false},"excerpt":{"rendered":"<p>\u00bfEst\u00e1is buscando colegio? \u00bfOs interesa el Colegio Internacional J.H. Newman? \u00a1Estamos encantados de que veng\u00e1is a conocernos! Ya se acerca el per\u00edodo de solicitud de admisi\u00f3n y es momento de tomar una de as decisiones m\u00e1s importantes: colegio para nuestros hijos. Por ello, desde el Colegio Internacional J.H. Newman, organizamos diversas visitas, jornadas de puertas [&hellip;]<\/p>\n","protected":false},"author":1,"featured_media":30346,"comment_status":"open","ping_status":"open","sticky":false,"template":"","format":"standard","meta":{"footnotes":""},"categories":[1501,41,1515,17,1412,72,47,22,14,21,87,19,249,15,16],"tags":[767,97,1525,721,526,26,28,403,421,1524,33,113,1195],"class_list":["post-30328","post","type-post","status-publish","format-standard","has-post-thumbnail","hentry","category-20-aniversario","category-apa","category-arte","category-bachillerato","category-ciencias","category-colegio","category-eventos","category-extraescolares","category-infantil","category-internacional","category-noticias","category-orientacion","category-prensa","category-primaria","category-secundaria","tag-admisiones","tag-bachillerato","tag-barrio-las-rosas","tag-colegio-internacional-jh-newman","tag-colegio-madrid","tag-colegio-newman","tag-infantil","tag-jornada-de-puertas-abiertas","tag-madrid","tag-open-day","tag-primaria","tag-secundaria","tag-visita-guiada"],"yoast_head":"<!-- This site is optimized with the Yoast SEO plugin v27.3 - https:\/\/yoast.com\/product\/yoast-seo-wordpress\/ -->\n<title>Visitas y admisiones en un colegio concertado de Madrid<\/title>\n<meta name=\"description\" content=\"desde el Colegio Internacional J.H. Newman, organizamos diversas visitas, jornadas de puertas abiertas y entrevistas personales para la admisi\u00f3n 25\/26\" \/>\n<meta name=\"robots\" content=\"index, follow, max-snippet:-1, max-image-preview:large, max-video-preview:-1\" \/>\n<link rel=\"canonical\" href=\"https:\/\/www.colegionewman.org\/es_es\/conoce-el-newman-fechas-visitas-y-admisiones\/\" \/>\n<meta property=\"og:locale\" content=\"es_ES\" \/>\n<meta property=\"og:type\" content=\"article\" \/>\n<meta property=\"og:title\" content=\"Visitas y admisiones en un colegio concertado de Madrid\" \/>\n<meta property=\"og:description\" content=\"desde el Colegio Internacional J.H. Newman, organizamos diversas visitas, jornadas de puertas abiertas y entrevistas personales para la admisi\u00f3n 25\/26\" \/>\n<meta property=\"og:url\" content=\"https:\/\/www.colegionewman.org\/es_es\/conoce-el-newman-fechas-visitas-y-admisiones\/\" \/>\n<meta property=\"og:site_name\" content=\"Colegio Internacional J.H. Newman\" \/>\n<meta property=\"article:published_time\" content=\"2025-01-17T09:42:00+00:00\" \/>\n<meta property=\"og:image\" content=\"https:\/\/www.colegionewman.org\/wp-content\/uploads\/puertas-abiertas-2025.jpg\" \/>\n\t<meta property=\"og:image:width\" content=\"1080\" \/>\n\t<meta property=\"og:image:height\" content=\"1080\" \/>\n\t<meta property=\"og:image:type\" content=\"image\/jpeg\" \/>\n<meta name=\"author\" content=\"usuario01\" \/>\n<meta name=\"twitter:card\" content=\"summary_large_image\" \/>\n<meta name=\"twitter:label1\" content=\"Escrito por\" \/>\n\t<meta name=\"twitter:data1\" content=\"usuario01\" \/>\n\t<meta name=\"twitter:label2\" content=\"Tiempo de lectura\" \/>\n\t<meta name=\"twitter:data2\" content=\"4 minutos\" \/>\n<script type=\"application\/ld+json\" class=\"yoast-schema-graph\">{\"@context\":\"https:\\\/\\\/schema.org\",\"@graph\":[{\"@type\":\"Article\",\"@id\":\"https:\\\/\\\/www.colegionewman.org\\\/conoce-el-newman-fechas-visitas-y-admisiones\\\/#article\",\"isPartOf\":{\"@id\":\"https:\\\/\\\/www.colegionewman.org\\\/conoce-el-newman-fechas-visitas-y-admisiones\\\/\"},\"author\":{\"name\":\"usuario01\",\"@id\":\"https:\\\/\\\/www.colegionewman.org\\\/#\\\/schema\\\/person\\\/8106daec86dc9c621dee981574299879\"},\"headline\":\"CONOCE EL NEWMAN | FECHAS VISITAS Y ADMISIONES\",\"datePublished\":\"2025-01-17T09:42:00+00:00\",\"mainEntityOfPage\":{\"@id\":\"https:\\\/\\\/www.colegionewman.org\\\/conoce-el-newman-fechas-visitas-y-admisiones\\\/\"},\"wordCount\":680,\"commentCount\":0,\"publisher\":{\"@id\":\"https:\\\/\\\/www.colegionewman.org\\\/#organization\"},\"image\":{\"@id\":\"https:\\\/\\\/www.colegionewman.org\\\/conoce-el-newman-fechas-visitas-y-admisiones\\\/#primaryimage\"},\"thumbnailUrl\":\"https:\\\/\\\/www.colegionewman.org\\\/wp-content\\\/uploads\\\/puertas-abiertas-2025.jpg\",\"keywords\":[\"Admisiones\",\"Bachillerato\",\"barrio las rosas\",\"Colegio Internacional JH Newman\",\"Colegio Madrid\",\"Colegio Newman\",\"Infantil\",\"Jornada de Puertas Abiertas\",\"Madrid\",\"open day\",\"Primaria\",\"Secundaria\",\"visita guiada\"],\"articleSection\":[\"20 aniversario\",\"AMPA\",\"Arte\",\"Bachillerato\",\"Ciencias\",\"Colegio\",\"Eventos\",\"Extraescolares\",\"Infantil\",\"Internacional\",\"Noticias\",\"Orientaci\u00f3n\",\"Prensa\",\"Primaria\",\"Secundaria\"],\"inLanguage\":\"es\",\"potentialAction\":[{\"@type\":\"CommentAction\",\"name\":\"Comment\",\"target\":[\"https:\\\/\\\/www.colegionewman.org\\\/conoce-el-newman-fechas-visitas-y-admisiones\\\/#respond\"]}]},{\"@type\":\"WebPage\",\"@id\":\"https:\\\/\\\/www.colegionewman.org\\\/conoce-el-newman-fechas-visitas-y-admisiones\\\/\",\"url\":\"https:\\\/\\\/www.colegionewman.org\\\/conoce-el-newman-fechas-visitas-y-admisiones\\\/\",\"name\":\"Visitas y admisiones en un colegio concertado de Madrid\",\"isPartOf\":{\"@id\":\"https:\\\/\\\/www.colegionewman.org\\\/#website\"},\"primaryImageOfPage\":{\"@id\":\"https:\\\/\\\/www.colegionewman.org\\\/conoce-el-newman-fechas-visitas-y-admisiones\\\/#primaryimage\"},\"image\":{\"@id\":\"https:\\\/\\\/www.colegionewman.org\\\/conoce-el-newman-fechas-visitas-y-admisiones\\\/#primaryimage\"},\"thumbnailUrl\":\"https:\\\/\\\/www.colegionewman.org\\\/wp-content\\\/uploads\\\/puertas-abiertas-2025.jpg\",\"datePublished\":\"2025-01-17T09:42:00+00:00\",\"description\":\"desde el Colegio Internacional J.H. Newman, organizamos diversas visitas, jornadas de puertas abiertas y entrevistas personales para la admisi\u00f3n 25\\\/26\",\"breadcrumb\":{\"@id\":\"https:\\\/\\\/www.colegionewman.org\\\/conoce-el-newman-fechas-visitas-y-admisiones\\\/#breadcrumb\"},\"inLanguage\":\"es\",\"potentialAction\":[{\"@type\":\"ReadAction\",\"target\":[\"https:\\\/\\\/www.colegionewman.org\\\/conoce-el-newman-fechas-visitas-y-admisiones\\\/\"]}]},{\"@type\":\"ImageObject\",\"inLanguage\":\"es\",\"@id\":\"https:\\\/\\\/www.colegionewman.org\\\/conoce-el-newman-fechas-visitas-y-admisiones\\\/#primaryimage\",\"url\":\"https:\\\/\\\/www.colegionewman.org\\\/wp-content\\\/uploads\\\/puertas-abiertas-2025.jpg\",\"contentUrl\":\"https:\\\/\\\/www.colegionewman.org\\\/wp-content\\\/uploads\\\/puertas-abiertas-2025.jpg\",\"width\":1080,\"height\":1080,\"caption\":\"Invitaci\u00f3n del Colegio Newman a jornadas informativas de infantil dentro del colegio concertado Madrid.\"},{\"@type\":\"BreadcrumbList\",\"@id\":\"https:\\\/\\\/www.colegionewman.org\\\/conoce-el-newman-fechas-visitas-y-admisiones\\\/#breadcrumb\",\"itemListElement\":[{\"@type\":\"ListItem\",\"position\":1,\"name\":\"Portada\",\"item\":\"https:\\\/\\\/www.colegionewman.org\\\/\"},{\"@type\":\"ListItem\",\"position\":2,\"name\":\"CONOCE EL NEWMAN | FECHAS VISITAS Y ADMISIONES\"}]},{\"@type\":\"WebSite\",\"@id\":\"https:\\\/\\\/www.colegionewman.org\\\/#website\",\"url\":\"https:\\\/\\\/www.colegionewman.org\\\/\",\"name\":\"Colegio Internacional J.H. Newman\",\"description\":\"Un colegio que te abre al mundo\",\"publisher\":{\"@id\":\"https:\\\/\\\/www.colegionewman.org\\\/#organization\"},\"alternateName\":\"Colegio Newman\",\"potentialAction\":[{\"@type\":\"SearchAction\",\"target\":{\"@type\":\"EntryPoint\",\"urlTemplate\":\"https:\\\/\\\/www.colegionewman.org\\\/?s={search_term_string}\"},\"query-input\":{\"@type\":\"PropertyValueSpecification\",\"valueRequired\":true,\"valueName\":\"search_term_string\"}}],\"inLanguage\":\"es\"},{\"@type\":\"Organization\",\"@id\":\"https:\\\/\\\/www.colegionewman.org\\\/#organization\",\"name\":\"Colegio Internacional J.H. Newman\",\"alternateName\":\"Colegio Newman\",\"url\":\"https:\\\/\\\/www.colegionewman.org\\\/\",\"logo\":{\"@type\":\"ImageObject\",\"inLanguage\":\"es\",\"@id\":\"https:\\\/\\\/www.colegionewman.org\\\/#\\\/schema\\\/logo\\\/image\\\/\",\"url\":\"https:\\\/\\\/www.colegionewman.org\\\/wp-content\\\/uploads\\\/logo_mini_newman_Mesa-de-trabajo-1.png\",\"contentUrl\":\"https:\\\/\\\/www.colegionewman.org\\\/wp-content\\\/uploads\\\/logo_mini_newman_Mesa-de-trabajo-1.png\",\"width\":750,\"height\":750,\"caption\":\"Colegio Internacional J.H. Newman\"},\"image\":{\"@id\":\"https:\\\/\\\/www.colegionewman.org\\\/#\\\/schema\\\/logo\\\/image\\\/\"},\"sameAs\":[\"https:\\\/\\\/www.instagram.com\\\/colegiojhnewman\\\/\",\"https:\\\/\\\/www.youtube.com\\\/channel\\\/UCUEVCANGRsznbp-DRfSrexw\",\"https:\\\/\\\/www.linkedin.com\\\/company\\\/colegio-internacional-jh-newman\"]},{\"@type\":\"Person\",\"@id\":\"https:\\\/\\\/www.colegionewman.org\\\/#\\\/schema\\\/person\\\/8106daec86dc9c621dee981574299879\",\"name\":\"usuario01\",\"image\":{\"@type\":\"ImageObject\",\"inLanguage\":\"es\",\"@id\":\"https:\\\/\\\/secure.gravatar.com\\\/avatar\\\/2cefad0f4eecf4293f29f0087b54fe8c76e9fc1d6aed0ef8a8ecdd2e38e8cd47?s=96&d=mm&r=g\",\"url\":\"https:\\\/\\\/secure.gravatar.com\\\/avatar\\\/2cefad0f4eecf4293f29f0087b54fe8c76e9fc1d6aed0ef8a8ecdd2e38e8cd47?s=96&d=mm&r=g\",\"contentUrl\":\"https:\\\/\\\/secure.gravatar.com\\\/avatar\\\/2cefad0f4eecf4293f29f0087b54fe8c76e9fc1d6aed0ef8a8ecdd2e38e8cd47?s=96&d=mm&r=g\",\"caption\":\"usuario01\"},\"sameAs\":[\"https:\\\/\\\/www.colegionewman.org\"],\"url\":\"https:\\\/\\\/www.colegionewman.org\\\/es_es\\\/author\\\/usuario01\\\/\"}]}<\/script>\n<!-- \/ Yoast SEO plugin. -->","yoast_head_json":{"title":"Visitas y admisiones en un colegio concertado de Madrid","description":"desde el Colegio Internacional J.H. Newman, organizamos diversas visitas, jornadas de puertas abiertas y entrevistas personales para la admisi\u00f3n 25\/26","robots":{"index":"index","follow":"follow","max-snippet":"max-snippet:-1","max-image-preview":"max-image-preview:large","max-video-preview":"max-video-preview:-1"},"canonical":"https:\/\/www.colegionewman.org\/es_es\/conoce-el-newman-fechas-visitas-y-admisiones\/","og_locale":"es_ES","og_type":"article","og_title":"Visitas y admisiones en un colegio concertado de Madrid","og_description":"desde el Colegio Internacional J.H. Newman, organizamos diversas visitas, jornadas de puertas abiertas y entrevistas personales para la admisi\u00f3n 25\/26","og_url":"https:\/\/www.colegionewman.org\/es_es\/conoce-el-newman-fechas-visitas-y-admisiones\/","og_site_name":"Colegio Internacional J.H. Newman","article_published_time":"2025-01-17T09:42:00+00:00","og_image":[{"width":1080,"height":1080,"url":"https:\/\/www.colegionewman.org\/wp-content\/uploads\/puertas-abiertas-2025.jpg","type":"image\/jpeg"}],"author":"usuario01","twitter_card":"summary_large_image","twitter_misc":{"Escrito por":"usuario01","Tiempo de lectura":"4 minutos"},"schema":{"@context":"https:\/\/schema.org","@graph":[{"@type":"Article","@id":"https:\/\/www.colegionewman.org\/conoce-el-newman-fechas-visitas-y-admisiones\/#article","isPartOf":{"@id":"https:\/\/www.colegionewman.org\/conoce-el-newman-fechas-visitas-y-admisiones\/"},"author":{"name":"usuario01","@id":"https:\/\/www.colegionewman.org\/#\/schema\/person\/8106daec86dc9c621dee981574299879"},"headline":"CONOCE EL NEWMAN | FECHAS VISITAS Y ADMISIONES","datePublished":"2025-01-17T09:42:00+00:00","mainEntityOfPage":{"@id":"https:\/\/www.colegionewman.org\/conoce-el-newman-fechas-visitas-y-admisiones\/"},"wordCount":680,"commentCount":0,"publisher":{"@id":"https:\/\/www.colegionewman.org\/#organization"},"image":{"@id":"https:\/\/www.colegionewman.org\/conoce-el-newman-fechas-visitas-y-admisiones\/#primaryimage"},"thumbnailUrl":"https:\/\/www.colegionewman.org\/wp-content\/uploads\/puertas-abiertas-2025.jpg","keywords":["Admisiones","Bachillerato","barrio las rosas","Colegio Internacional JH Newman","Colegio Madrid","Colegio Newman","Infantil","Jornada de Puertas Abiertas","Madrid","open day","Primaria","Secundaria","visita guiada"],"articleSection":["20 aniversario","AMPA","Arte","Bachillerato","Ciencias","Colegio","Eventos","Extraescolares","Infantil","Internacional","Noticias","Orientaci\u00f3n","Prensa","Primaria","Secundaria"],"inLanguage":"es","potentialAction":[{"@type":"CommentAction","name":"Comment","target":["https:\/\/www.colegionewman.org\/conoce-el-newman-fechas-visitas-y-admisiones\/#respond"]}]},{"@type":"WebPage","@id":"https:\/\/www.colegionewman.org\/conoce-el-newman-fechas-visitas-y-admisiones\/","url":"https:\/\/www.colegionewman.org\/conoce-el-newman-fechas-visitas-y-admisiones\/","name":"Visitas y admisiones en un colegio concertado de Madrid","isPartOf":{"@id":"https:\/\/www.colegionewman.org\/#website"},"primaryImageOfPage":{"@id":"https:\/\/www.colegionewman.org\/conoce-el-newman-fechas-visitas-y-admisiones\/#primaryimage"},"image":{"@id":"https:\/\/www.colegionewman.org\/conoce-el-newman-fechas-visitas-y-admisiones\/#primaryimage"},"thumbnailUrl":"https:\/\/www.colegionewman.org\/wp-content\/uploads\/puertas-abiertas-2025.jpg","datePublished":"2025-01-17T09:42:00+00:00","description":"desde el Colegio Internacional J.H. Newman, organizamos diversas visitas, jornadas de puertas abiertas y entrevistas personales para la admisi\u00f3n 25\/26","breadcrumb":{"@id":"https:\/\/www.colegionewman.org\/conoce-el-newman-fechas-visitas-y-admisiones\/#breadcrumb"},"inLanguage":"es","potentialAction":[{"@type":"ReadAction","target":["https:\/\/www.colegionewman.org\/conoce-el-newman-fechas-visitas-y-admisiones\/"]}]},{"@type":"ImageObject","inLanguage":"es","@id":"https:\/\/www.colegionewman.org\/conoce-el-newman-fechas-visitas-y-admisiones\/#primaryimage","url":"https:\/\/www.colegionewman.org\/wp-content\/uploads\/puertas-abiertas-2025.jpg","contentUrl":"https:\/\/www.colegionewman.org\/wp-content\/uploads\/puertas-abiertas-2025.jpg","width":1080,"height":1080,"caption":"Invitaci\u00f3n del Colegio Newman a jornadas informativas de infantil dentro del colegio concertado Madrid."},{"@type":"BreadcrumbList","@id":"https:\/\/www.colegionewman.org\/conoce-el-newman-fechas-visitas-y-admisiones\/#breadcrumb","itemListElement":[{"@type":"ListItem","position":1,"name":"Portada","item":"https:\/\/www.colegionewman.org\/"},{"@type":"ListItem","position":2,"name":"CONOCE EL NEWMAN | FECHAS VISITAS Y ADMISIONES"}]},{"@type":"WebSite","@id":"https:\/\/www.colegionewman.org\/#website","url":"https:\/\/www.colegionewman.org\/","name":"Colegio Internacional J.H. Newman","description":"Un colegio que te abre al mundo","publisher":{"@id":"https:\/\/www.colegionewman.org\/#organization"},"alternateName":"Colegio Newman","potentialAction":[{"@type":"SearchAction","target":{"@type":"EntryPoint","urlTemplate":"https:\/\/www.colegionewman.org\/?s={search_term_string}"},"query-input":{"@type":"PropertyValueSpecification","valueRequired":true,"valueName":"search_term_string"}}],"inLanguage":"es"},{"@type":"Organization","@id":"https:\/\/www.colegionewman.org\/#organization","name":"Colegio Internacional J.H. Newman","alternateName":"Colegio Newman","url":"https:\/\/www.colegionewman.org\/","logo":{"@type":"ImageObject","inLanguage":"es","@id":"https:\/\/www.colegionewman.org\/#\/schema\/logo\/image\/","url":"https:\/\/www.colegionewman.org\/wp-content\/uploads\/logo_mini_newman_Mesa-de-trabajo-1.png","contentUrl":"https:\/\/www.colegionewman.org\/wp-content\/uploads\/logo_mini_newman_Mesa-de-trabajo-1.png","width":750,"height":750,"caption":"Colegio Internacional J.H. Newman"},"image":{"@id":"https:\/\/www.colegionewman.org\/#\/schema\/logo\/image\/"},"sameAs":["https:\/\/www.instagram.com\/colegiojhnewman\/","https:\/\/www.youtube.com\/channel\/UCUEVCANGRsznbp-DRfSrexw","https:\/\/www.linkedin.com\/company\/colegio-internacional-jh-newman"]},{"@type":"Person","@id":"https:\/\/www.colegionewman.org\/#\/schema\/person\/8106daec86dc9c621dee981574299879","name":"usuario01","image":{"@type":"ImageObject","inLanguage":"es","@id":"https:\/\/secure.gravatar.com\/avatar\/2cefad0f4eecf4293f29f0087b54fe8c76e9fc1d6aed0ef8a8ecdd2e38e8cd47?s=96&d=mm&r=g","url":"https:\/\/secure.gravatar.com\/avatar\/2cefad0f4eecf4293f29f0087b54fe8c76e9fc1d6aed0ef8a8ecdd2e38e8cd47?s=96&d=mm&r=g","contentUrl":"https:\/\/secure.gravatar.com\/avatar\/2cefad0f4eecf4293f29f0087b54fe8c76e9fc1d6aed0ef8a8ecdd2e38e8cd47?s=96&d=mm&r=g","caption":"usuario01"},"sameAs":["https:\/\/www.colegionewman.org"],"url":"https:\/\/www.colegionewman.org\/es_es\/author\/usuario01\/"}]}},"_links":{"self":[{"href":"https:\/\/www.colegionewman.org\/es_es\/wp-json\/wp\/v2\/posts\/30328","targetHints":{"allow":["GET"]}}],"collection":[{"href":"https:\/\/www.colegionewman.org\/es_es\/wp-json\/wp\/v2\/posts"}],"about":[{"href":"https:\/\/www.colegionewman.org\/es_es\/wp-json\/wp\/v2\/types\/post"}],"author":[{"embeddable":true,"href":"https:\/\/www.colegionewman.org\/es_es\/wp-json\/wp\/v2\/users\/1"}],"replies":[{"embeddable":true,"href":"https:\/\/www.colegionewman.org\/es_es\/wp-json\/wp\/v2\/comments?post=30328"}],"version-history":[{"count":4,"href":"https:\/\/www.colegionewman.org\/es_es\/wp-json\/wp\/v2\/posts\/30328\/revisions"}],"predecessor-version":[{"id":30347,"href":"https:\/\/www.colegionewman.org\/es_es\/wp-json\/wp\/v2\/posts\/30328\/revisions\/30347"}],"wp:featuredmedia":[{"embeddable":true,"href":"https:\/\/www.colegionewman.org\/es_es\/wp-json\/wp\/v2\/media\/30346"}],"wp:attachment":[{"href":"https:\/\/www.colegionewman.org\/es_es\/wp-json\/wp\/v2\/media?parent=30328"}],"wp:term":[{"taxonomy":"category","embeddable":true,"href":"https:\/\/www.colegionewman.org\/es_es\/wp-json\/wp\/v2\/categories?post=30328"},{"taxonomy":"post_tag","embeddable":true,"href":"https:\/\/www.colegionewman.org\/es_es\/wp-json\/wp\/v2\/tags?post=30328"}],"curies":[{"name":"wp","href":"https:\/\/api.w.org\/{rel}","templated":true}]}}