{"id":30324,"date":"2025-01-13T10:17:00","date_gmt":"2025-01-13T09:17:00","guid":{"rendered":"https:\/\/www.colegionewman.org\/?p=30324"},"modified":"2025-01-10T20:23:04","modified_gmt":"2025-01-10T19:23:04","slug":"20-anos-de-historia-merecen-ser-recordados","status":"publish","type":"post","link":"https:\/\/www.colegionewman.org\/es_es\/20-anos-de-historia-merecen-ser-recordados\/","title":{"rendered":"20 a\u00f1os de historia, merecen ser recordados"},"content":{"rendered":"\n<p>\ud83c\udf89\ud83c\udf89CUMPLIMOS 20 A\u00d1OS\ud83c\udf89\ud83c\udf89<\/p>\n\n\n\n<p><\/p>\n\n\n\n<p>El <strong>Colegio Internacional J.H. Newman<\/strong> celebra su <strong>vig\u00e9simo aniversario.<\/strong><\/p>\n\n\n\n<ul class=\"wp-block-list\">\n<li>20 a\u00f1os de historia, que se dice pronto.<\/li>\n\n\n\n<li>20 a\u00f1os de una aventura asombrosa.<\/li>\n\n\n\n<li>20 a\u00f1os de rostros -alumnos, profesores, familias\u2026- que ya son parte del colegio.<\/li>\n\n\n\n<li>20 a\u00f1os de amistad.<\/li>\n<\/ul>\n\n\n\n<p>20 a\u00f1os no caben en unos pocos minutos, pero merecen contar de manos de sus protagonistas, el recorrido de una historia apasionante.<\/p>\n\n\n\n<p><\/p>\n\n\n\n<figure class=\"wp-block-embed is-type-video is-provider-youtube wp-block-embed-youtube wp-embed-aspect-16-9 wp-has-aspect-ratio\"><div class=\"wp-block-embed__wrapper\">\n<div class='avia-iframe-wrap'><iframe loading=\"lazy\" title=\"20 A\u00f1os del Colegio J.H. Newman | Colegio Internacional J.H. Newman\" width=\"1500\" height=\"844\" src=\"https:\/\/www.youtube.com\/embed\/9PErX6bmoMs?feature=oembed\" frameborder=\"0\" allow=\"accelerometer; autoplay; clipboard-write; encrypted-media; gyroscope; picture-in-picture; web-share\" referrerpolicy=\"strict-origin-when-cross-origin\" allowfullscreen><\/iframe><\/div>\n<\/div><\/figure>\n","protected":false},"excerpt":{"rendered":"<p>\ud83c\udf89\ud83c\udf89CUMPLIMOS 20 A\u00d1OS\ud83c\udf89\ud83c\udf89 El Colegio Internacional J.H. Newman celebra su vig\u00e9simo aniversario. 20 a\u00f1os no caben en unos pocos minutos, pero merecen contar de manos de sus protagonistas, el recorrido de una historia apasionante.<\/p>\n","protected":false},"author":1,"featured_media":30325,"comment_status":"open","ping_status":"open","sticky":false,"template":"","format":"standard","meta":{"footnotes":""},"categories":[1501,17,23,72,47,14,21,87,19,249,15,16],"tags":[1489,97,721,26,188,28,33],"class_list":["post-30324","post","type-post","status-publish","format-standard","has-post-thumbnail","hentry","category-20-aniversario","category-bachillerato","category-club-deportivo","category-colegio","category-eventos","category-infantil","category-internacional","category-noticias","category-orientacion","category-prensa","category-primaria","category-secundaria","tag-20-anos","tag-bachillerato","tag-colegio-internacional-jh-newman","tag-colegio-newman","tag-eso","tag-infantil","tag-primaria"],"yoast_head":"<!-- This site is optimized with the Yoast SEO plugin v27.3 - https:\/\/yoast.com\/product\/yoast-seo-wordpress\/ -->\n<title>20 a\u00f1os de la fundaci\u00f3n internacional de educaci\u00f3n<\/title>\n<meta name=\"description\" content=\"20 a\u00f1os no caben en unos pocos minutos, pero merecen contar de manos de sus protagonistas, el recorrido de una historia apasionante.\" \/>\n<meta name=\"robots\" content=\"index, follow, max-snippet:-1, max-image-preview:large, max-video-preview:-1\" \/>\n<link rel=\"canonical\" href=\"https:\/\/www.colegionewman.org\/es_es\/20-anos-de-historia-merecen-ser-recordados\/\" \/>\n<meta property=\"og:locale\" content=\"es_ES\" \/>\n<meta property=\"og:type\" content=\"article\" \/>\n<meta property=\"og:title\" content=\"20 a\u00f1os de la fundaci\u00f3n internacional de educaci\u00f3n\" \/>\n<meta property=\"og:description\" content=\"20 a\u00f1os no caben en unos pocos minutos, pero merecen contar de manos de sus protagonistas, el recorrido de una historia apasionante.\" \/>\n<meta property=\"og:url\" content=\"https:\/\/www.colegionewman.org\/es_es\/20-anos-de-historia-merecen-ser-recordados\/\" \/>\n<meta property=\"og:site_name\" content=\"Colegio Internacional J.H. Newman\" \/>\n<meta property=\"article:published_time\" content=\"2025-01-13T09:17:00+00:00\" \/>\n<meta property=\"og:image\" content=\"https:\/\/www.colegionewman.org\/wp-content\/uploads\/20-anos-de-historia-merecen-ser-recordados.png\" \/>\n\t<meta property=\"og:image:width\" content=\"1576\" \/>\n\t<meta property=\"og:image:height\" content=\"892\" \/>\n\t<meta property=\"og:image:type\" content=\"image\/png\" \/>\n<meta name=\"author\" content=\"usuario01\" \/>\n<meta name=\"twitter:card\" content=\"summary_large_image\" \/>\n<meta name=\"twitter:label1\" content=\"Escrito por\" \/>\n\t<meta name=\"twitter:data1\" content=\"usuario01\" \/>\n\t<meta name=\"twitter:label2\" content=\"Tiempo de lectura\" \/>\n\t<meta name=\"twitter:data2\" content=\"1 minuto\" \/>\n<script type=\"application\/ld+json\" class=\"yoast-schema-graph\">{\"@context\":\"https:\\\/\\\/schema.org\",\"@graph\":[{\"@type\":\"Article\",\"@id\":\"https:\\\/\\\/www.colegionewman.org\\\/20-anos-de-historia-merecen-ser-recordados\\\/#article\",\"isPartOf\":{\"@id\":\"https:\\\/\\\/www.colegionewman.org\\\/20-anos-de-historia-merecen-ser-recordados\\\/\"},\"author\":{\"name\":\"usuario01\",\"@id\":\"https:\\\/\\\/www.colegionewman.org\\\/#\\\/schema\\\/person\\\/8106daec86dc9c621dee981574299879\"},\"headline\":\"20 a\u00f1os de historia, merecen ser recordados\",\"datePublished\":\"2025-01-13T09:17:00+00:00\",\"mainEntityOfPage\":{\"@id\":\"https:\\\/\\\/www.colegionewman.org\\\/20-anos-de-historia-merecen-ser-recordados\\\/\"},\"wordCount\":80,\"commentCount\":0,\"publisher\":{\"@id\":\"https:\\\/\\\/www.colegionewman.org\\\/#organization\"},\"image\":{\"@id\":\"https:\\\/\\\/www.colegionewman.org\\\/20-anos-de-historia-merecen-ser-recordados\\\/#primaryimage\"},\"thumbnailUrl\":\"https:\\\/\\\/www.colegionewman.org\\\/wp-content\\\/uploads\\\/20-anos-de-historia-merecen-ser-recordados.png\",\"keywords\":[\"20 a\u00f1os\",\"Bachillerato\",\"Colegio Internacional JH Newman\",\"Colegio Newman\",\"ESO\",\"Infantil\",\"Primaria\"],\"articleSection\":[\"20 aniversario\",\"Bachillerato\",\"Club Deportivo\",\"Colegio\",\"Eventos\",\"Infantil\",\"Internacional\",\"Noticias\",\"Orientaci\u00f3n\",\"Prensa\",\"Primaria\",\"Secundaria\"],\"inLanguage\":\"es\",\"potentialAction\":[{\"@type\":\"CommentAction\",\"name\":\"Comment\",\"target\":[\"https:\\\/\\\/www.colegionewman.org\\\/20-anos-de-historia-merecen-ser-recordados\\\/#respond\"]}]},{\"@type\":\"WebPage\",\"@id\":\"https:\\\/\\\/www.colegionewman.org\\\/20-anos-de-historia-merecen-ser-recordados\\\/\",\"url\":\"https:\\\/\\\/www.colegionewman.org\\\/20-anos-de-historia-merecen-ser-recordados\\\/\",\"name\":\"20 a\u00f1os de la fundaci\u00f3n internacional de educaci\u00f3n\",\"isPartOf\":{\"@id\":\"https:\\\/\\\/www.colegionewman.org\\\/#website\"},\"primaryImageOfPage\":{\"@id\":\"https:\\\/\\\/www.colegionewman.org\\\/20-anos-de-historia-merecen-ser-recordados\\\/#primaryimage\"},\"image\":{\"@id\":\"https:\\\/\\\/www.colegionewman.org\\\/20-anos-de-historia-merecen-ser-recordados\\\/#primaryimage\"},\"thumbnailUrl\":\"https:\\\/\\\/www.colegionewman.org\\\/wp-content\\\/uploads\\\/20-anos-de-historia-merecen-ser-recordados.png\",\"datePublished\":\"2025-01-13T09:17:00+00:00\",\"description\":\"20 a\u00f1os no caben en unos pocos minutos, pero merecen contar de manos de sus protagonistas, el recorrido de una historia apasionante.\",\"breadcrumb\":{\"@id\":\"https:\\\/\\\/www.colegionewman.org\\\/20-anos-de-historia-merecen-ser-recordados\\\/#breadcrumb\"},\"inLanguage\":\"es\",\"potentialAction\":[{\"@type\":\"ReadAction\",\"target\":[\"https:\\\/\\\/www.colegionewman.org\\\/20-anos-de-historia-merecen-ser-recordados\\\/\"]}]},{\"@type\":\"ImageObject\",\"inLanguage\":\"es\",\"@id\":\"https:\\\/\\\/www.colegionewman.org\\\/20-anos-de-historia-merecen-ser-recordados\\\/#primaryimage\",\"url\":\"https:\\\/\\\/www.colegionewman.org\\\/wp-content\\\/uploads\\\/20-anos-de-historia-merecen-ser-recordados.png\",\"contentUrl\":\"https:\\\/\\\/www.colegionewman.org\\\/wp-content\\\/uploads\\\/20-anos-de-historia-merecen-ser-recordados.png\",\"width\":1576,\"height\":892,\"caption\":\"Presentaci\u00f3n en v\u00eddeo del proyecto educativo del colegio internacional Madrid.\"},{\"@type\":\"BreadcrumbList\",\"@id\":\"https:\\\/\\\/www.colegionewman.org\\\/20-anos-de-historia-merecen-ser-recordados\\\/#breadcrumb\",\"itemListElement\":[{\"@type\":\"ListItem\",\"position\":1,\"name\":\"Portada\",\"item\":\"https:\\\/\\\/www.colegionewman.org\\\/\"},{\"@type\":\"ListItem\",\"position\":2,\"name\":\"20 a\u00f1os de historia, merecen ser recordados\"}]},{\"@type\":\"WebSite\",\"@id\":\"https:\\\/\\\/www.colegionewman.org\\\/#website\",\"url\":\"https:\\\/\\\/www.colegionewman.org\\\/\",\"name\":\"Colegio Internacional J.H. Newman\",\"description\":\"Un colegio que te abre al mundo\",\"publisher\":{\"@id\":\"https:\\\/\\\/www.colegionewman.org\\\/#organization\"},\"alternateName\":\"Colegio Newman\",\"potentialAction\":[{\"@type\":\"SearchAction\",\"target\":{\"@type\":\"EntryPoint\",\"urlTemplate\":\"https:\\\/\\\/www.colegionewman.org\\\/?s={search_term_string}\"},\"query-input\":{\"@type\":\"PropertyValueSpecification\",\"valueRequired\":true,\"valueName\":\"search_term_string\"}}],\"inLanguage\":\"es\"},{\"@type\":\"Organization\",\"@id\":\"https:\\\/\\\/www.colegionewman.org\\\/#organization\",\"name\":\"Colegio Internacional J.H. Newman\",\"alternateName\":\"Colegio Newman\",\"url\":\"https:\\\/\\\/www.colegionewman.org\\\/\",\"logo\":{\"@type\":\"ImageObject\",\"inLanguage\":\"es\",\"@id\":\"https:\\\/\\\/www.colegionewman.org\\\/#\\\/schema\\\/logo\\\/image\\\/\",\"url\":\"https:\\\/\\\/www.colegionewman.org\\\/wp-content\\\/uploads\\\/logo_mini_newman_Mesa-de-trabajo-1.png\",\"contentUrl\":\"https:\\\/\\\/www.colegionewman.org\\\/wp-content\\\/uploads\\\/logo_mini_newman_Mesa-de-trabajo-1.png\",\"width\":750,\"height\":750,\"caption\":\"Colegio Internacional J.H. Newman\"},\"image\":{\"@id\":\"https:\\\/\\\/www.colegionewman.org\\\/#\\\/schema\\\/logo\\\/image\\\/\"},\"sameAs\":[\"https:\\\/\\\/www.instagram.com\\\/colegiojhnewman\\\/\",\"https:\\\/\\\/www.youtube.com\\\/channel\\\/UCUEVCANGRsznbp-DRfSrexw\",\"https:\\\/\\\/www.linkedin.com\\\/company\\\/colegio-internacional-jh-newman\"]},{\"@type\":\"Person\",\"@id\":\"https:\\\/\\\/www.colegionewman.org\\\/#\\\/schema\\\/person\\\/8106daec86dc9c621dee981574299879\",\"name\":\"usuario01\",\"image\":{\"@type\":\"ImageObject\",\"inLanguage\":\"es\",\"@id\":\"https:\\\/\\\/secure.gravatar.com\\\/avatar\\\/2cefad0f4eecf4293f29f0087b54fe8c76e9fc1d6aed0ef8a8ecdd2e38e8cd47?s=96&d=mm&r=g\",\"url\":\"https:\\\/\\\/secure.gravatar.com\\\/avatar\\\/2cefad0f4eecf4293f29f0087b54fe8c76e9fc1d6aed0ef8a8ecdd2e38e8cd47?s=96&d=mm&r=g\",\"contentUrl\":\"https:\\\/\\\/secure.gravatar.com\\\/avatar\\\/2cefad0f4eecf4293f29f0087b54fe8c76e9fc1d6aed0ef8a8ecdd2e38e8cd47?s=96&d=mm&r=g\",\"caption\":\"usuario01\"},\"sameAs\":[\"https:\\\/\\\/www.colegionewman.org\"],\"url\":\"https:\\\/\\\/www.colegionewman.org\\\/es_es\\\/author\\\/usuario01\\\/\"}]}<\/script>\n<!-- \/ Yoast SEO plugin. -->","yoast_head_json":{"title":"20 a\u00f1os de la fundaci\u00f3n internacional de educaci\u00f3n","description":"20 a\u00f1os no caben en unos pocos minutos, pero merecen contar de manos de sus protagonistas, el recorrido de una historia apasionante.","robots":{"index":"index","follow":"follow","max-snippet":"max-snippet:-1","max-image-preview":"max-image-preview:large","max-video-preview":"max-video-preview:-1"},"canonical":"https:\/\/www.colegionewman.org\/es_es\/20-anos-de-historia-merecen-ser-recordados\/","og_locale":"es_ES","og_type":"article","og_title":"20 a\u00f1os de la fundaci\u00f3n internacional de educaci\u00f3n","og_description":"20 a\u00f1os no caben en unos pocos minutos, pero merecen contar de manos de sus protagonistas, el recorrido de una historia apasionante.","og_url":"https:\/\/www.colegionewman.org\/es_es\/20-anos-de-historia-merecen-ser-recordados\/","og_site_name":"Colegio Internacional J.H. Newman","article_published_time":"2025-01-13T09:17:00+00:00","og_image":[{"width":1576,"height":892,"url":"https:\/\/www.colegionewman.org\/wp-content\/uploads\/20-anos-de-historia-merecen-ser-recordados.png","type":"image\/png"}],"author":"usuario01","twitter_card":"summary_large_image","twitter_misc":{"Escrito por":"usuario01","Tiempo de lectura":"1 minuto"},"schema":{"@context":"https:\/\/schema.org","@graph":[{"@type":"Article","@id":"https:\/\/www.colegionewman.org\/20-anos-de-historia-merecen-ser-recordados\/#article","isPartOf":{"@id":"https:\/\/www.colegionewman.org\/20-anos-de-historia-merecen-ser-recordados\/"},"author":{"name":"usuario01","@id":"https:\/\/www.colegionewman.org\/#\/schema\/person\/8106daec86dc9c621dee981574299879"},"headline":"20 a\u00f1os de historia, merecen ser recordados","datePublished":"2025-01-13T09:17:00+00:00","mainEntityOfPage":{"@id":"https:\/\/www.colegionewman.org\/20-anos-de-historia-merecen-ser-recordados\/"},"wordCount":80,"commentCount":0,"publisher":{"@id":"https:\/\/www.colegionewman.org\/#organization"},"image":{"@id":"https:\/\/www.colegionewman.org\/20-anos-de-historia-merecen-ser-recordados\/#primaryimage"},"thumbnailUrl":"https:\/\/www.colegionewman.org\/wp-content\/uploads\/20-anos-de-historia-merecen-ser-recordados.png","keywords":["20 a\u00f1os","Bachillerato","Colegio Internacional JH Newman","Colegio Newman","ESO","Infantil","Primaria"],"articleSection":["20 aniversario","Bachillerato","Club Deportivo","Colegio","Eventos","Infantil","Internacional","Noticias","Orientaci\u00f3n","Prensa","Primaria","Secundaria"],"inLanguage":"es","potentialAction":[{"@type":"CommentAction","name":"Comment","target":["https:\/\/www.colegionewman.org\/20-anos-de-historia-merecen-ser-recordados\/#respond"]}]},{"@type":"WebPage","@id":"https:\/\/www.colegionewman.org\/20-anos-de-historia-merecen-ser-recordados\/","url":"https:\/\/www.colegionewman.org\/20-anos-de-historia-merecen-ser-recordados\/","name":"20 a\u00f1os de la fundaci\u00f3n internacional de educaci\u00f3n","isPartOf":{"@id":"https:\/\/www.colegionewman.org\/#website"},"primaryImageOfPage":{"@id":"https:\/\/www.colegionewman.org\/20-anos-de-historia-merecen-ser-recordados\/#primaryimage"},"image":{"@id":"https:\/\/www.colegionewman.org\/20-anos-de-historia-merecen-ser-recordados\/#primaryimage"},"thumbnailUrl":"https:\/\/www.colegionewman.org\/wp-content\/uploads\/20-anos-de-historia-merecen-ser-recordados.png","datePublished":"2025-01-13T09:17:00+00:00","description":"20 a\u00f1os no caben en unos pocos minutos, pero merecen contar de manos de sus protagonistas, el recorrido de una historia apasionante.","breadcrumb":{"@id":"https:\/\/www.colegionewman.org\/20-anos-de-historia-merecen-ser-recordados\/#breadcrumb"},"inLanguage":"es","potentialAction":[{"@type":"ReadAction","target":["https:\/\/www.colegionewman.org\/20-anos-de-historia-merecen-ser-recordados\/"]}]},{"@type":"ImageObject","inLanguage":"es","@id":"https:\/\/www.colegionewman.org\/20-anos-de-historia-merecen-ser-recordados\/#primaryimage","url":"https:\/\/www.colegionewman.org\/wp-content\/uploads\/20-anos-de-historia-merecen-ser-recordados.png","contentUrl":"https:\/\/www.colegionewman.org\/wp-content\/uploads\/20-anos-de-historia-merecen-ser-recordados.png","width":1576,"height":892,"caption":"Presentaci\u00f3n en v\u00eddeo del proyecto educativo del colegio internacional Madrid."},{"@type":"BreadcrumbList","@id":"https:\/\/www.colegionewman.org\/20-anos-de-historia-merecen-ser-recordados\/#breadcrumb","itemListElement":[{"@type":"ListItem","position":1,"name":"Portada","item":"https:\/\/www.colegionewman.org\/"},{"@type":"ListItem","position":2,"name":"20 a\u00f1os de historia, merecen ser recordados"}]},{"@type":"WebSite","@id":"https:\/\/www.colegionewman.org\/#website","url":"https:\/\/www.colegionewman.org\/","name":"Colegio Internacional J.H. Newman","description":"Un colegio que te abre al mundo","publisher":{"@id":"https:\/\/www.colegionewman.org\/#organization"},"alternateName":"Colegio Newman","potentialAction":[{"@type":"SearchAction","target":{"@type":"EntryPoint","urlTemplate":"https:\/\/www.colegionewman.org\/?s={search_term_string}"},"query-input":{"@type":"PropertyValueSpecification","valueRequired":true,"valueName":"search_term_string"}}],"inLanguage":"es"},{"@type":"Organization","@id":"https:\/\/www.colegionewman.org\/#organization","name":"Colegio Internacional J.H. Newman","alternateName":"Colegio Newman","url":"https:\/\/www.colegionewman.org\/","logo":{"@type":"ImageObject","inLanguage":"es","@id":"https:\/\/www.colegionewman.org\/#\/schema\/logo\/image\/","url":"https:\/\/www.colegionewman.org\/wp-content\/uploads\/logo_mini_newman_Mesa-de-trabajo-1.png","contentUrl":"https:\/\/www.colegionewman.org\/wp-content\/uploads\/logo_mini_newman_Mesa-de-trabajo-1.png","width":750,"height":750,"caption":"Colegio Internacional J.H. Newman"},"image":{"@id":"https:\/\/www.colegionewman.org\/#\/schema\/logo\/image\/"},"sameAs":["https:\/\/www.instagram.com\/colegiojhnewman\/","https:\/\/www.youtube.com\/channel\/UCUEVCANGRsznbp-DRfSrexw","https:\/\/www.linkedin.com\/company\/colegio-internacional-jh-newman"]},{"@type":"Person","@id":"https:\/\/www.colegionewman.org\/#\/schema\/person\/8106daec86dc9c621dee981574299879","name":"usuario01","image":{"@type":"ImageObject","inLanguage":"es","@id":"https:\/\/secure.gravatar.com\/avatar\/2cefad0f4eecf4293f29f0087b54fe8c76e9fc1d6aed0ef8a8ecdd2e38e8cd47?s=96&d=mm&r=g","url":"https:\/\/secure.gravatar.com\/avatar\/2cefad0f4eecf4293f29f0087b54fe8c76e9fc1d6aed0ef8a8ecdd2e38e8cd47?s=96&d=mm&r=g","contentUrl":"https:\/\/secure.gravatar.com\/avatar\/2cefad0f4eecf4293f29f0087b54fe8c76e9fc1d6aed0ef8a8ecdd2e38e8cd47?s=96&d=mm&r=g","caption":"usuario01"},"sameAs":["https:\/\/www.colegionewman.org"],"url":"https:\/\/www.colegionewman.org\/es_es\/author\/usuario01\/"}]}},"_links":{"self":[{"href":"https:\/\/www.colegionewman.org\/es_es\/wp-json\/wp\/v2\/posts\/30324","targetHints":{"allow":["GET"]}}],"collection":[{"href":"https:\/\/www.colegionewman.org\/es_es\/wp-json\/wp\/v2\/posts"}],"about":[{"href":"https:\/\/www.colegionewman.org\/es_es\/wp-json\/wp\/v2\/types\/post"}],"author":[{"embeddable":true,"href":"https:\/\/www.colegionewman.org\/es_es\/wp-json\/wp\/v2\/users\/1"}],"replies":[{"embeddable":true,"href":"https:\/\/www.colegionewman.org\/es_es\/wp-json\/wp\/v2\/comments?post=30324"}],"version-history":[{"count":1,"href":"https:\/\/www.colegionewman.org\/es_es\/wp-json\/wp\/v2\/posts\/30324\/revisions"}],"predecessor-version":[{"id":30326,"href":"https:\/\/www.colegionewman.org\/es_es\/wp-json\/wp\/v2\/posts\/30324\/revisions\/30326"}],"wp:featuredmedia":[{"embeddable":true,"href":"https:\/\/www.colegionewman.org\/es_es\/wp-json\/wp\/v2\/media\/30325"}],"wp:attachment":[{"href":"https:\/\/www.colegionewman.org\/es_es\/wp-json\/wp\/v2\/media?parent=30324"}],"wp:term":[{"taxonomy":"category","embeddable":true,"href":"https:\/\/www.colegionewman.org\/es_es\/wp-json\/wp\/v2\/categories?post=30324"},{"taxonomy":"post_tag","embeddable":true,"href":"https:\/\/www.colegionewman.org\/es_es\/wp-json\/wp\/v2\/tags?post=30324"}],"curies":[{"name":"wp","href":"https:\/\/api.w.org\/{rel}","templated":true}]}}