{"id":30213,"date":"2025-01-10T09:24:58","date_gmt":"2025-01-10T08:24:58","guid":{"rendered":"https:\/\/www.colegionewman.org\/?p=30213"},"modified":"2024-12-19T17:07:16","modified_gmt":"2024-12-19T16:07:16","slug":"el-observatorio-de-la-actualidad","status":"publish","type":"post","link":"https:\/\/www.colegionewman.org\/es_es\/el-observatorio-de-la-actualidad\/","title":{"rendered":"El observatorio de la actualidad"},"content":{"rendered":"\n<h2 class=\"wp-block-heading\"><strong>En el Colegio Newman hay un espacio en el que crear, proponer, preguntar y debatir sobre cuestiones actuales, con alumnos y profesores: el observatorio de la actualidad.&nbsp;<\/strong><\/h2>\n\n\n\n<h3 class=\"wp-block-heading\"><strong>En este art\u00edculo descubriremos qu\u00e9 sucede ah\u00ed, sus inicios y las nuevas propuestas para este curso.<\/strong><\/h3>\n\n\n\n<figure class=\"wp-block-gallery has-nested-images columns-default is-cropped wp-block-gallery-1 is-layout-flex wp-block-gallery-is-layout-flex\">\n<figure class=\"wp-block-image\"><img decoding=\"async\" src=\"https:\/\/lh7-rt.googleusercontent.com\/docsz\/AD_4nXfeM2pj_xPUNux-jC6vng4X6f7XV7pqJjeFBpOmDPXpI9doPjodSNfTpOgrrZMC3OnGX7XWG9B3tvrnRAbVWyJNEITAhkX60_kf6RzDmFUxXhp2Zx7x_pM29vN1EPY2FsomNb_dlg?key=X9_W7Z2YVn_Tuk1nubvEkqs8\" alt=\"\"\/><\/figure>\n<\/figure>\n\n\n\n<p>El <strong>observatorio de la actualidad<\/strong> naci\u00f3 en un peque\u00f1o aula del<strong> Colegio Internacional J. H. Newman,<\/strong> entre unos pocos profesores y alumnos de Bachillerato interesados por la realidad actual. En origen surg\u00eda de la necesidad de tener un espacio donde poder <strong>dialogar<\/strong>, <strong>entender <\/strong>el mundo, <strong>contrastar <\/strong>y as\u00ed poder partir de datos, no de opiniones.\u00a0<\/p>\n\n\n\n<p>Con el tiempo, se hizo evidente la ayuda que es para los que participan en \u00e9l, formando una <strong>mirada cr\u00edtica<\/strong> sobre la informaci\u00f3n que actualmente recibimos sin mesura.<\/p>\n\n\n\n<h3 class=\"wp-block-heading\"><strong>Los primeros pasos<\/strong><\/h3>\n\n\n\n<p>A inicios del a\u00f1o 2022, Loli, profesora del colegio, propon\u00eda a algunos alumnos de Bachillerato asistir a una ponencia sobre la guerra. Federico Zorz\u00e1n, funcionario del Servicio Europeo de Acci\u00f3n Exterior de la UE daba una ponencia bajo el t\u00edtulo: <strong><em>\u00abEl nuevo orden mundial: Claves para entender los \u00faltimos acontecimientos\u00bb.<\/em><\/strong> Apenas unos d\u00edas antes estallaba la guerra entre Rusia y Ucrania. La ponencia trataba de ayudar a comprender la importancia y el papel actual y futuro de los bloques encabezados por Estados Unidos, la Uni\u00f3n Europea, Rusia, China y la India en el funcionamiento econ\u00f3mico y pol\u00edtico del mundo actual. Y de esta forma, d\u00e1ndonos una visi\u00f3n de futuro de los nuevos bloques mundiales, con especial atenci\u00f3n a la guerra en Ucrania.\u00a0<\/p>\n\n\n\n<p>A ra\u00edz de este gran encuentro, estos alumnos invitados por Loli -y alguno m\u00e1s- empezaron a trabajar muy duro para sacar adelante una exposici\u00f3n sobre el conflicto, dando comienzo as\u00ed a lo que ser\u00eda el <strong>Observatorio de la Actualidad<\/strong>.<\/p>\n\n\n\n<p>Poco despu\u00e9s, ese grupo de alumnos y profesores, se puso en marcha con m\u00e1s proyectos. Desde una exhaustiva investigaci\u00f3n sobre el <strong>metaverso<\/strong> e <strong>inteligencia artificial<\/strong> que di\u00f3 como resultado una exposici\u00f3n en la Feria de la Ciencia, hasta un gran mapa donde se reflejaban las relaciones de los pa\u00edses protagonistas de Oriente Medio.<\/p>\n\n\n\n<p>Bachillerato finalizaba para los alumnos que hab\u00edan empezado esta gran aventura del <strong>Observatorio de la Actualidad<\/strong>. Parec\u00eda ser el fin de este gran espacio donde<strong> aprender<\/strong> y <strong>juzgar la realidad<\/strong>. Terminaban el curso 2023 con Juan Carlos S\u00e1nchez Delgado, general de brigada del Ej\u00e9rcito del Aire y del Espacio impartiendo la conferencia <strong><em>\u00abLa nueva frontera. Desaf\u00edos y retos en el espacio\u00bb<\/em><\/strong>. No pod\u00eda acabar m\u00e1s alto. Lo que a\u00fan no sab\u00edan, era que esto solo acababa de empezar.<\/p>\n\n\n\n<h3 class=\"wp-block-heading\"><strong>El tiempo de observar y juzgar<\/strong><\/h3>\n\n\n\n<p>El <strong>Observatorio de la Actualidad<\/strong> ha seguido su actividad con el mismo objetivo:<strong> observar y juzgar<\/strong>. Os preguntar\u00e9is, \u00bfc\u00f3mo se hace eso?\u00a0<\/p>\n\n\n\n<p>Pues bien, ahora ya no es algo \u00fanicamente para los alumnos de Bachillerato, sino que es una propuesta para todos aquellos que est\u00e1n en Secundaria. Es por esto que la aproximaci\u00f3n seg\u00fan el curso es un tanto distinta, aunque siempre se tome como base el peri\u00f3dico.<\/p>\n\n\n\n<p>En el caso de los alumnos de 1\u00ba y 2\u00ba de la ESO, queda estructurado por la pregunta: <em>\u00bfqu\u00e9 puedes obtener al abrir un <strong>peri\u00f3dico<\/strong>?<\/em> Y a ra\u00edz de esta: <em>\u00bfqu\u00e9 diferencias sustanciales se encuentran en uno u otro?<\/em> Se hace un trabajo con ellos de observar los <strong>peri\u00f3dicos<\/strong> de la semana y compararlos, empezando por la portada.<\/p>\n\n\n\n<p>En el caso de los alumnos entre 3\u00ba de la ESO y 2\u00ba de Bachillerato, no es muy distinta la din\u00e1mica inicial a la de los peque\u00f1os. Sin embargo, a partir de ese <strong>trabajo de observaci\u00f3n<\/strong>, suele elegirse una <strong>noticia <\/strong>para poder ver el recorrido que tiene en el tiempo. De ah\u00ed, suele generarse un dossier para quien est\u00e9 interesado en saber sobre el tema. De vez en cuando, tambi\u00e9n se escogen temas suscitados por <strong>noticias <\/strong>le\u00eddas juntos y se exponen frente a los dem\u00e1s compa\u00f1eros, incluyendo a los de 1\u00ba y 2\u00ba de la ESO.<\/p>\n\n\n\n<h3 class=\"wp-block-heading\"><strong>Los frutos y las nuevas propuestas<\/strong><\/h3>\n\n\n\n<p>El <strong>Observatorio de la Actualidad<\/strong> es sin duda, dicen los chicos, un lugar donde se les permite conocer una realidad que va m\u00e1s all\u00e1 de las <strong>noticias <\/strong>y que no hablan entre amigos. Reconocen ellos mismos la importancia de conocerla y as\u00ed poder participar de conversaciones sobre los temas importantes de la vida, como la pol\u00edtica o la cultura. De esta forma, conocen a otros con sus mismos intereses e investigan aspectos de la realidad que de por s\u00ed ya les interesan, como la Historia, a la luz de la actualidad.<\/p>\n\n\n\n<p>Adem\u00e1s, este curso se inicia con una nueva secci\u00f3n: <strong>\u00ab<em>Una mirada sobre<\/em>\u00ab.<\/strong> Se trata de una actividad donde poder abordar personajes o temas controvertidos e indagar en ellos en busca de titulares de diversos medios y aspectos del mismo. La intenci\u00f3n es romper el prejuicio y conocer los grises de todas las <strong>noticias<\/strong>.\u00a0\u00a0<\/p>\n\n\n\n<p>El mecanismo es sencillo: buscar titulares controvertidos en torno a un tema o un personaje y en un documento, linkear las <strong>noticias <\/strong>con QR.\u00a0Buscar la mayor objetividad posible, ser descriptivos y luego, partiendo de unas preguntas, hacer un <strong>juicio <\/strong>sobre lo que opinamos es nuestro objetivo. La secci\u00f3n quedar\u00e1 iniciada por grandes personajes actuales, los cuales descubrir\u00e9is pr\u00f3ximamente por los pasillos del Colegio Internacional J. H. Newman.<\/p>\n\n\n\n<p>\u00a1Nos vemos entre peri\u00f3dicos y noticias!&nbsp;<\/p>\n\n\n\n<figure class=\"wp-block-embed is-type-video is-provider-youtube wp-block-embed-youtube wp-embed-aspect-16-9 wp-has-aspect-ratio\"><div class=\"wp-block-embed__wrapper\">\n<div class='avia-iframe-wrap'><iframe loading=\"lazy\" title=\"Observatorio de la Actualidad | Colegio Internacional J.H. Newman\" width=\"1500\" height=\"844\" src=\"https:\/\/www.youtube.com\/embed\/WZQ_NzM3Z9U?feature=oembed\" frameborder=\"0\" allow=\"accelerometer; autoplay; clipboard-write; encrypted-media; gyroscope; picture-in-picture; web-share\" referrerpolicy=\"strict-origin-when-cross-origin\" allowfullscreen><\/iframe><\/div>\n<\/div><\/figure>\n\n\n\n<p><\/p>\n","protected":false},"excerpt":{"rendered":"<p>En el Colegio Newman hay un espacio en el que crear, proponer, preguntar y debatir sobre cuestiones actuales, con alumnos y profesores: el observatorio de la actualidad.&nbsp; En este art\u00edculo descubriremos qu\u00e9 sucede ah\u00ed, sus inicios y las nuevas propuestas para este curso. El observatorio de la actualidad naci\u00f3 en un peque\u00f1o aula del Colegio [&hellip;]<\/p>\n","protected":false},"author":1,"featured_media":30216,"comment_status":"open","ping_status":"open","sticky":false,"template":"","format":"standard","meta":{"footnotes":""},"categories":[17,72,87,249,16],"tags":[97,721,26,1292,188,446,1236],"class_list":["post-30213","post","type-post","status-publish","format-standard","has-post-thumbnail","hentry","category-bachillerato","category-colegio","category-noticias","category-prensa","category-secundaria","tag-bachillerato","tag-colegio-internacional-jh-newman","tag-colegio-newman","tag-dialogo","tag-eso","tag-observar","tag-observatorio-de-la-actualidad"],"yoast_head":"<!-- This site is optimized with the Yoast SEO plugin v27.3 - https:\/\/yoast.com\/product\/yoast-seo-wordpress\/ -->\n<title>Observatorio de la Actualidad en el Colegio Newman<\/title>\n<meta name=\"description\" content=\"En el Newman hay un espacio en el que preguntar y debatir sobre actualidad, con alumnos y profesores: el observatorio de la actualidad.\u00a0\" \/>\n<meta name=\"robots\" content=\"index, follow, max-snippet:-1, max-image-preview:large, max-video-preview:-1\" \/>\n<link rel=\"canonical\" href=\"https:\/\/www.colegionewman.org\/es_es\/el-observatorio-de-la-actualidad\/\" \/>\n<meta property=\"og:locale\" content=\"es_ES\" \/>\n<meta property=\"og:type\" content=\"article\" \/>\n<meta property=\"og:title\" content=\"Observatorio de la Actualidad en el Colegio Newman\" \/>\n<meta property=\"og:description\" content=\"En el Newman hay un espacio en el que preguntar y debatir sobre actualidad, con alumnos y profesores: el observatorio de la actualidad.\u00a0\" \/>\n<meta property=\"og:url\" content=\"https:\/\/www.colegionewman.org\/es_es\/el-observatorio-de-la-actualidad\/\" \/>\n<meta property=\"og:site_name\" content=\"Colegio Internacional J.H. Newman\" \/>\n<meta property=\"article:published_time\" content=\"2025-01-10T08:24:58+00:00\" \/>\n<meta property=\"og:image\" content=\"https:\/\/www.colegionewman.org\/wp-content\/uploads\/Observatorio-de-la-Actualidad.jpg\" \/>\n\t<meta property=\"og:image:width\" content=\"2048\" \/>\n\t<meta property=\"og:image:height\" content=\"1152\" \/>\n\t<meta property=\"og:image:type\" content=\"image\/jpeg\" \/>\n<meta name=\"author\" content=\"usuario01\" \/>\n<meta name=\"twitter:card\" content=\"summary_large_image\" \/>\n<meta name=\"twitter:label1\" content=\"Escrito por\" \/>\n\t<meta name=\"twitter:data1\" content=\"usuario01\" \/>\n\t<meta name=\"twitter:label2\" content=\"Tiempo de lectura\" \/>\n\t<meta name=\"twitter:data2\" content=\"5 minutos\" \/>\n<script type=\"application\/ld+json\" class=\"yoast-schema-graph\">{\"@context\":\"https:\\\/\\\/schema.org\",\"@graph\":[{\"@type\":\"Article\",\"@id\":\"https:\\\/\\\/www.colegionewman.org\\\/el-observatorio-de-la-actualidad\\\/#article\",\"isPartOf\":{\"@id\":\"https:\\\/\\\/www.colegionewman.org\\\/el-observatorio-de-la-actualidad\\\/\"},\"author\":{\"name\":\"usuario01\",\"@id\":\"https:\\\/\\\/www.colegionewman.org\\\/#\\\/schema\\\/person\\\/8106daec86dc9c621dee981574299879\"},\"headline\":\"El observatorio de la actualidad\",\"datePublished\":\"2025-01-10T08:24:58+00:00\",\"mainEntityOfPage\":{\"@id\":\"https:\\\/\\\/www.colegionewman.org\\\/el-observatorio-de-la-actualidad\\\/\"},\"wordCount\":942,\"commentCount\":0,\"publisher\":{\"@id\":\"https:\\\/\\\/www.colegionewman.org\\\/#organization\"},\"image\":{\"@id\":\"https:\\\/\\\/www.colegionewman.org\\\/el-observatorio-de-la-actualidad\\\/#primaryimage\"},\"thumbnailUrl\":\"https:\\\/\\\/www.colegionewman.org\\\/wp-content\\\/uploads\\\/Observatorio-de-la-Actualidad.jpg\",\"keywords\":[\"Bachillerato\",\"Colegio Internacional JH Newman\",\"Colegio Newman\",\"dialogo\",\"ESO\",\"Observar\",\"Observatorio de la actualidad\"],\"articleSection\":[\"Bachillerato\",\"Colegio\",\"Noticias\",\"Prensa\",\"Secundaria\"],\"inLanguage\":\"es\",\"potentialAction\":[{\"@type\":\"CommentAction\",\"name\":\"Comment\",\"target\":[\"https:\\\/\\\/www.colegionewman.org\\\/el-observatorio-de-la-actualidad\\\/#respond\"]}]},{\"@type\":\"WebPage\",\"@id\":\"https:\\\/\\\/www.colegionewman.org\\\/el-observatorio-de-la-actualidad\\\/\",\"url\":\"https:\\\/\\\/www.colegionewman.org\\\/el-observatorio-de-la-actualidad\\\/\",\"name\":\"Observatorio de la Actualidad en el Colegio Newman\",\"isPartOf\":{\"@id\":\"https:\\\/\\\/www.colegionewman.org\\\/#website\"},\"primaryImageOfPage\":{\"@id\":\"https:\\\/\\\/www.colegionewman.org\\\/el-observatorio-de-la-actualidad\\\/#primaryimage\"},\"image\":{\"@id\":\"https:\\\/\\\/www.colegionewman.org\\\/el-observatorio-de-la-actualidad\\\/#primaryimage\"},\"thumbnailUrl\":\"https:\\\/\\\/www.colegionewman.org\\\/wp-content\\\/uploads\\\/Observatorio-de-la-Actualidad.jpg\",\"datePublished\":\"2025-01-10T08:24:58+00:00\",\"description\":\"En el Newman hay un espacio en el que preguntar y debatir sobre actualidad, con alumnos y profesores: el observatorio de la actualidad.\u00a0\",\"breadcrumb\":{\"@id\":\"https:\\\/\\\/www.colegionewman.org\\\/el-observatorio-de-la-actualidad\\\/#breadcrumb\"},\"inLanguage\":\"es\",\"potentialAction\":[{\"@type\":\"ReadAction\",\"target\":[\"https:\\\/\\\/www.colegionewman.org\\\/el-observatorio-de-la-actualidad\\\/\"]}]},{\"@type\":\"ImageObject\",\"inLanguage\":\"es\",\"@id\":\"https:\\\/\\\/www.colegionewman.org\\\/el-observatorio-de-la-actualidad\\\/#primaryimage\",\"url\":\"https:\\\/\\\/www.colegionewman.org\\\/wp-content\\\/uploads\\\/Observatorio-de-la-Actualidad.jpg\",\"contentUrl\":\"https:\\\/\\\/www.colegionewman.org\\\/wp-content\\\/uploads\\\/Observatorio-de-la-Actualidad.jpg\",\"width\":2048,\"height\":1152,\"caption\":\"Imagen promocional del Observatorio de la Actualidad, iniciativa educativa del Colegio Newman dentro de sus actividades complementarias y extraescolares.\"},{\"@type\":\"BreadcrumbList\",\"@id\":\"https:\\\/\\\/www.colegionewman.org\\\/el-observatorio-de-la-actualidad\\\/#breadcrumb\",\"itemListElement\":[{\"@type\":\"ListItem\",\"position\":1,\"name\":\"Portada\",\"item\":\"https:\\\/\\\/www.colegionewman.org\\\/\"},{\"@type\":\"ListItem\",\"position\":2,\"name\":\"El observatorio de la actualidad\"}]},{\"@type\":\"WebSite\",\"@id\":\"https:\\\/\\\/www.colegionewman.org\\\/#website\",\"url\":\"https:\\\/\\\/www.colegionewman.org\\\/\",\"name\":\"Colegio Internacional J.H. Newman\",\"description\":\"Un colegio que te abre al mundo\",\"publisher\":{\"@id\":\"https:\\\/\\\/www.colegionewman.org\\\/#organization\"},\"alternateName\":\"Colegio Newman\",\"potentialAction\":[{\"@type\":\"SearchAction\",\"target\":{\"@type\":\"EntryPoint\",\"urlTemplate\":\"https:\\\/\\\/www.colegionewman.org\\\/?s={search_term_string}\"},\"query-input\":{\"@type\":\"PropertyValueSpecification\",\"valueRequired\":true,\"valueName\":\"search_term_string\"}}],\"inLanguage\":\"es\"},{\"@type\":\"Organization\",\"@id\":\"https:\\\/\\\/www.colegionewman.org\\\/#organization\",\"name\":\"Colegio Internacional J.H. Newman\",\"alternateName\":\"Colegio Newman\",\"url\":\"https:\\\/\\\/www.colegionewman.org\\\/\",\"logo\":{\"@type\":\"ImageObject\",\"inLanguage\":\"es\",\"@id\":\"https:\\\/\\\/www.colegionewman.org\\\/#\\\/schema\\\/logo\\\/image\\\/\",\"url\":\"https:\\\/\\\/www.colegionewman.org\\\/wp-content\\\/uploads\\\/logo_mini_newman_Mesa-de-trabajo-1.png\",\"contentUrl\":\"https:\\\/\\\/www.colegionewman.org\\\/wp-content\\\/uploads\\\/logo_mini_newman_Mesa-de-trabajo-1.png\",\"width\":750,\"height\":750,\"caption\":\"Colegio Internacional J.H. Newman\"},\"image\":{\"@id\":\"https:\\\/\\\/www.colegionewman.org\\\/#\\\/schema\\\/logo\\\/image\\\/\"},\"sameAs\":[\"https:\\\/\\\/www.instagram.com\\\/colegiojhnewman\\\/\",\"https:\\\/\\\/www.youtube.com\\\/channel\\\/UCUEVCANGRsznbp-DRfSrexw\",\"https:\\\/\\\/www.linkedin.com\\\/company\\\/colegio-internacional-jh-newman\"]},{\"@type\":\"Person\",\"@id\":\"https:\\\/\\\/www.colegionewman.org\\\/#\\\/schema\\\/person\\\/8106daec86dc9c621dee981574299879\",\"name\":\"usuario01\",\"image\":{\"@type\":\"ImageObject\",\"inLanguage\":\"es\",\"@id\":\"https:\\\/\\\/secure.gravatar.com\\\/avatar\\\/2cefad0f4eecf4293f29f0087b54fe8c76e9fc1d6aed0ef8a8ecdd2e38e8cd47?s=96&d=mm&r=g\",\"url\":\"https:\\\/\\\/secure.gravatar.com\\\/avatar\\\/2cefad0f4eecf4293f29f0087b54fe8c76e9fc1d6aed0ef8a8ecdd2e38e8cd47?s=96&d=mm&r=g\",\"contentUrl\":\"https:\\\/\\\/secure.gravatar.com\\\/avatar\\\/2cefad0f4eecf4293f29f0087b54fe8c76e9fc1d6aed0ef8a8ecdd2e38e8cd47?s=96&d=mm&r=g\",\"caption\":\"usuario01\"},\"sameAs\":[\"https:\\\/\\\/www.colegionewman.org\"],\"url\":\"https:\\\/\\\/www.colegionewman.org\\\/es_es\\\/author\\\/usuario01\\\/\"}]}<\/script>\n<!-- \/ Yoast SEO plugin. -->","yoast_head_json":{"title":"Observatorio de la Actualidad en el Colegio Newman","description":"En el Newman hay un espacio en el que preguntar y debatir sobre actualidad, con alumnos y profesores: el observatorio de la actualidad.\u00a0","robots":{"index":"index","follow":"follow","max-snippet":"max-snippet:-1","max-image-preview":"max-image-preview:large","max-video-preview":"max-video-preview:-1"},"canonical":"https:\/\/www.colegionewman.org\/es_es\/el-observatorio-de-la-actualidad\/","og_locale":"es_ES","og_type":"article","og_title":"Observatorio de la Actualidad en el Colegio Newman","og_description":"En el Newman hay un espacio en el que preguntar y debatir sobre actualidad, con alumnos y profesores: el observatorio de la actualidad.\u00a0","og_url":"https:\/\/www.colegionewman.org\/es_es\/el-observatorio-de-la-actualidad\/","og_site_name":"Colegio Internacional J.H. Newman","article_published_time":"2025-01-10T08:24:58+00:00","og_image":[{"width":2048,"height":1152,"url":"https:\/\/www.colegionewman.org\/wp-content\/uploads\/Observatorio-de-la-Actualidad.jpg","type":"image\/jpeg"}],"author":"usuario01","twitter_card":"summary_large_image","twitter_misc":{"Escrito por":"usuario01","Tiempo de lectura":"5 minutos"},"schema":{"@context":"https:\/\/schema.org","@graph":[{"@type":"Article","@id":"https:\/\/www.colegionewman.org\/el-observatorio-de-la-actualidad\/#article","isPartOf":{"@id":"https:\/\/www.colegionewman.org\/el-observatorio-de-la-actualidad\/"},"author":{"name":"usuario01","@id":"https:\/\/www.colegionewman.org\/#\/schema\/person\/8106daec86dc9c621dee981574299879"},"headline":"El observatorio de la actualidad","datePublished":"2025-01-10T08:24:58+00:00","mainEntityOfPage":{"@id":"https:\/\/www.colegionewman.org\/el-observatorio-de-la-actualidad\/"},"wordCount":942,"commentCount":0,"publisher":{"@id":"https:\/\/www.colegionewman.org\/#organization"},"image":{"@id":"https:\/\/www.colegionewman.org\/el-observatorio-de-la-actualidad\/#primaryimage"},"thumbnailUrl":"https:\/\/www.colegionewman.org\/wp-content\/uploads\/Observatorio-de-la-Actualidad.jpg","keywords":["Bachillerato","Colegio Internacional JH Newman","Colegio Newman","dialogo","ESO","Observar","Observatorio de la actualidad"],"articleSection":["Bachillerato","Colegio","Noticias","Prensa","Secundaria"],"inLanguage":"es","potentialAction":[{"@type":"CommentAction","name":"Comment","target":["https:\/\/www.colegionewman.org\/el-observatorio-de-la-actualidad\/#respond"]}]},{"@type":"WebPage","@id":"https:\/\/www.colegionewman.org\/el-observatorio-de-la-actualidad\/","url":"https:\/\/www.colegionewman.org\/el-observatorio-de-la-actualidad\/","name":"Observatorio de la Actualidad en el Colegio Newman","isPartOf":{"@id":"https:\/\/www.colegionewman.org\/#website"},"primaryImageOfPage":{"@id":"https:\/\/www.colegionewman.org\/el-observatorio-de-la-actualidad\/#primaryimage"},"image":{"@id":"https:\/\/www.colegionewman.org\/el-observatorio-de-la-actualidad\/#primaryimage"},"thumbnailUrl":"https:\/\/www.colegionewman.org\/wp-content\/uploads\/Observatorio-de-la-Actualidad.jpg","datePublished":"2025-01-10T08:24:58+00:00","description":"En el Newman hay un espacio en el que preguntar y debatir sobre actualidad, con alumnos y profesores: el observatorio de la actualidad.\u00a0","breadcrumb":{"@id":"https:\/\/www.colegionewman.org\/el-observatorio-de-la-actualidad\/#breadcrumb"},"inLanguage":"es","potentialAction":[{"@type":"ReadAction","target":["https:\/\/www.colegionewman.org\/el-observatorio-de-la-actualidad\/"]}]},{"@type":"ImageObject","inLanguage":"es","@id":"https:\/\/www.colegionewman.org\/el-observatorio-de-la-actualidad\/#primaryimage","url":"https:\/\/www.colegionewman.org\/wp-content\/uploads\/Observatorio-de-la-Actualidad.jpg","contentUrl":"https:\/\/www.colegionewman.org\/wp-content\/uploads\/Observatorio-de-la-Actualidad.jpg","width":2048,"height":1152,"caption":"Imagen promocional del Observatorio de la Actualidad, iniciativa educativa del Colegio Newman dentro de sus actividades complementarias y extraescolares."},{"@type":"BreadcrumbList","@id":"https:\/\/www.colegionewman.org\/el-observatorio-de-la-actualidad\/#breadcrumb","itemListElement":[{"@type":"ListItem","position":1,"name":"Portada","item":"https:\/\/www.colegionewman.org\/"},{"@type":"ListItem","position":2,"name":"El observatorio de la actualidad"}]},{"@type":"WebSite","@id":"https:\/\/www.colegionewman.org\/#website","url":"https:\/\/www.colegionewman.org\/","name":"Colegio Internacional J.H. Newman","description":"Un colegio que te abre al mundo","publisher":{"@id":"https:\/\/www.colegionewman.org\/#organization"},"alternateName":"Colegio Newman","potentialAction":[{"@type":"SearchAction","target":{"@type":"EntryPoint","urlTemplate":"https:\/\/www.colegionewman.org\/?s={search_term_string}"},"query-input":{"@type":"PropertyValueSpecification","valueRequired":true,"valueName":"search_term_string"}}],"inLanguage":"es"},{"@type":"Organization","@id":"https:\/\/www.colegionewman.org\/#organization","name":"Colegio Internacional J.H. Newman","alternateName":"Colegio Newman","url":"https:\/\/www.colegionewman.org\/","logo":{"@type":"ImageObject","inLanguage":"es","@id":"https:\/\/www.colegionewman.org\/#\/schema\/logo\/image\/","url":"https:\/\/www.colegionewman.org\/wp-content\/uploads\/logo_mini_newman_Mesa-de-trabajo-1.png","contentUrl":"https:\/\/www.colegionewman.org\/wp-content\/uploads\/logo_mini_newman_Mesa-de-trabajo-1.png","width":750,"height":750,"caption":"Colegio Internacional J.H. Newman"},"image":{"@id":"https:\/\/www.colegionewman.org\/#\/schema\/logo\/image\/"},"sameAs":["https:\/\/www.instagram.com\/colegiojhnewman\/","https:\/\/www.youtube.com\/channel\/UCUEVCANGRsznbp-DRfSrexw","https:\/\/www.linkedin.com\/company\/colegio-internacional-jh-newman"]},{"@type":"Person","@id":"https:\/\/www.colegionewman.org\/#\/schema\/person\/8106daec86dc9c621dee981574299879","name":"usuario01","image":{"@type":"ImageObject","inLanguage":"es","@id":"https:\/\/secure.gravatar.com\/avatar\/2cefad0f4eecf4293f29f0087b54fe8c76e9fc1d6aed0ef8a8ecdd2e38e8cd47?s=96&d=mm&r=g","url":"https:\/\/secure.gravatar.com\/avatar\/2cefad0f4eecf4293f29f0087b54fe8c76e9fc1d6aed0ef8a8ecdd2e38e8cd47?s=96&d=mm&r=g","contentUrl":"https:\/\/secure.gravatar.com\/avatar\/2cefad0f4eecf4293f29f0087b54fe8c76e9fc1d6aed0ef8a8ecdd2e38e8cd47?s=96&d=mm&r=g","caption":"usuario01"},"sameAs":["https:\/\/www.colegionewman.org"],"url":"https:\/\/www.colegionewman.org\/es_es\/author\/usuario01\/"}]}},"_links":{"self":[{"href":"https:\/\/www.colegionewman.org\/es_es\/wp-json\/wp\/v2\/posts\/30213","targetHints":{"allow":["GET"]}}],"collection":[{"href":"https:\/\/www.colegionewman.org\/es_es\/wp-json\/wp\/v2\/posts"}],"about":[{"href":"https:\/\/www.colegionewman.org\/es_es\/wp-json\/wp\/v2\/types\/post"}],"author":[{"embeddable":true,"href":"https:\/\/www.colegionewman.org\/es_es\/wp-json\/wp\/v2\/users\/1"}],"replies":[{"embeddable":true,"href":"https:\/\/www.colegionewman.org\/es_es\/wp-json\/wp\/v2\/comments?post=30213"}],"version-history":[{"count":2,"href":"https:\/\/www.colegionewman.org\/es_es\/wp-json\/wp\/v2\/posts\/30213\/revisions"}],"predecessor-version":[{"id":30282,"href":"https:\/\/www.colegionewman.org\/es_es\/wp-json\/wp\/v2\/posts\/30213\/revisions\/30282"}],"wp:featuredmedia":[{"embeddable":true,"href":"https:\/\/www.colegionewman.org\/es_es\/wp-json\/wp\/v2\/media\/30216"}],"wp:attachment":[{"href":"https:\/\/www.colegionewman.org\/es_es\/wp-json\/wp\/v2\/media?parent=30213"}],"wp:term":[{"taxonomy":"category","embeddable":true,"href":"https:\/\/www.colegionewman.org\/es_es\/wp-json\/wp\/v2\/categories?post=30213"},{"taxonomy":"post_tag","embeddable":true,"href":"https:\/\/www.colegionewman.org\/es_es\/wp-json\/wp\/v2\/tags?post=30213"}],"curies":[{"name":"wp","href":"https:\/\/api.w.org\/{rel}","templated":true}]}}