{"id":30083,"date":"2024-11-21T14:52:53","date_gmt":"2024-11-21T13:52:53","guid":{"rendered":"https:\/\/www.colegionewman.org\/?p=30083"},"modified":"2025-11-26T16:53:38","modified_gmt":"2025-11-26T15:53:38","slug":"vii-feria-de-universidades-newman-2024","status":"publish","type":"post","link":"https:\/\/www.colegionewman.org\/es_es\/vii-feria-de-universidades-newman-2024\/","title":{"rendered":"VII Feria de Universidades Newman 2024"},"content":{"rendered":"\n<p><strong>EL COLEGIO INTERNACIONAL J.H. NEWMAN DE MADRID HA CELEBRADO LA VII FERIA DE UNIVERSIDADES<\/strong><\/p>\n\n\n\n<p>El Colegio Internacional J.H. Newman, situado en el barrio de Las Rosas de Madrid celebra la <strong>VII Edici\u00f3n de la Feria de Universidades Newman los d\u00edas 20 y 21 de noviembre de 2024.<\/strong> Ya es el s\u00e9ptimo a\u00f1o en el que, desde el Dpto. de Orientaci\u00f3n, se organizan dos jornadas en las que acuden a nuestro colegio <strong>m\u00e1s de 20 instituciones educativas de estudios superiores<\/strong> (universidades, escuelas de FP e institutos especializados) para exponer su oferta educativa a los alumnos y personas interesadas.&nbsp;<\/p>\n\n\n\n<p><strong>Desde las 10.30h y hasta las 14.00h, <\/strong>los estudiantes de 4\u00ba de ESO y de Bachillerato han podido recorrer los diferentes stands de cada universidad o instituci\u00f3n y conocer su oferta, programas y estudios.&nbsp;<\/p>\n\n\n\n<p>Estas jornadas de orientaci\u00f3n son una oportunidad privilegiada para <strong>resolver dudas en primera persona con cada universidad,<\/strong> alumnos de facultad, etc., y conocer en qu\u00e9 consiste la vida universitaria, qu\u00e9 significa estudiar en la universidad y comenzar a definir su futuro pr\u00f3ximo.<\/p>\n\n\n\n<p>Las <strong>instituciones invitadas<\/strong> este a\u00f1o y que participar\u00e1n en la feria son las siguientes: <a href=\"https:\/\/www.cedeu.es\/\">CEDEU<\/a>, <a href=\"https:\/\/www.centrogarrigues.com\/\">Centro de Estudios Garrigues<\/a>, <a href=\"https:\/\/www.ufv.es\/\">Universidad Francisco de Vitoria<\/a>, <a href=\"https:\/\/u-tad.com\/\">UTAD<\/a>, <a href=\"https:\/\/www.uax.com\/\">Universidad Alfonso X el Sabio<\/a>, <a href=\"https:\/\/www.unav.edu\/inicio\">Universidad de Navarra<\/a>, <a href=\"https:\/\/www.nebrija.com\/\">Universidad Nebrija,<\/a> <a href=\"https:\/\/www.comillas.edu\/\">Universidad de Comillas<\/a>, <a href=\"https:\/\/instede.com\/\">INSTEDE<\/a>, <a href=\"https:\/\/fp.colegionicoli.org\/\">Colegio Internacional G. Nicoli<\/a>, <a href=\"https:\/\/www.upm.es\/\">Universidad Polit\u00e9cnica<\/a>, <a href=\"https:\/\/www.uc3m.es\/inicio\">Universidad Carlos III<\/a>, <a href=\"https:\/\/www.villanueva.edu\/\">Universidad Villanueva<\/a>, <a href=\"https:\/\/www.cunef.edu\/\">CUNEF<\/a>, <a href=\"https:\/\/www.protocolo.com\/\">Escuela de Protocolo<\/a>, <a href=\"https:\/\/www.ieb.es\/estudios-ieb\/grados\/\">IEB<\/a>, <a href=\"https:\/\/isde.es\/\">ISDE<\/a>, Salus Infirmorum, <a href=\"https:\/\/www.urjc.es\/\">Universidad Rey Juan Carlos<\/a>, <a href=\"https:\/\/udit.es\/\">UDIT<\/a>, <a href=\"https:\/\/www.uspceu.com\/\">CEU San Pablo<\/a>, <a href=\"https:\/\/universidadeuropea.com\/\">Universidad Europea<\/a>, <a href=\"https:\/\/lesroches.edu\/es\/\">Les Roches<\/a>, Glion y <a href=\"https:\/\/www.sommet-education.com\/our-schools\/ecole-ducasse\">Ecole Ducasse<\/a> y las <a href=\"https:\/\/reclutamiento.defensa.gob.es\/\">Fuerzas Armadas<\/a>.<\/p>\n\n\n\n<p>La Feria de Universidades Newman ha estado <strong>abierta a todos los estudiantes e interesados que quieren conocer los programas formativos universitarios y de formaci\u00f3n profesional. <\/strong><\/p>\n\n\n\n<figure class=\"wp-block-embed is-type-video is-provider-youtube wp-block-embed-youtube wp-embed-aspect-16-9 wp-has-aspect-ratio\"><div class=\"wp-block-embed__wrapper\">\n<div class='avia-iframe-wrap'><iframe loading=\"lazy\" title=\"Feria de Universidades 2024 | Colegio Internacional J.H. Newman\" width=\"1500\" height=\"844\" src=\"https:\/\/www.youtube.com\/embed\/J-_yHeKDQ4I?feature=oembed\" frameborder=\"0\" allow=\"accelerometer; autoplay; clipboard-write; encrypted-media; gyroscope; picture-in-picture; web-share\" referrerpolicy=\"strict-origin-when-cross-origin\" allowfullscreen><\/iframe><\/div>\n<\/div><\/figure>\n\n\n\n<p><\/p>\n","protected":false},"excerpt":{"rendered":"<p>EL COLEGIO INTERNACIONAL J.H. NEWMAN DE MADRID HA CELEBRADO LA VII FERIA DE UNIVERSIDADES El Colegio Internacional J.H. Newman, situado en el barrio de Las Rosas de Madrid celebra la VII Edici\u00f3n de la Feria de Universidades Newman los d\u00edas 20 y 21 de noviembre de 2024. Ya es el s\u00e9ptimo a\u00f1o en el que, [&hellip;]<\/p>\n","protected":false},"author":1,"featured_media":30025,"comment_status":"open","ping_status":"open","sticky":false,"template":"","format":"standard","meta":{"footnotes":""},"categories":[17,72,47,19,16],"tags":[618,413,1320,451],"class_list":["post-30083","post","type-post","status-publish","format-standard","has-post-thumbnail","hentry","category-bachillerato","category-colegio","category-eventos","category-orientacion","category-secundaria","tag-colegio-jh-newman","tag-feria-de-universidades","tag-orientacion","tag-universidades"],"yoast_head":"<!-- This site is optimized with the Yoast SEO plugin v27.3 - https:\/\/yoast.com\/product\/yoast-seo-wordpress\/ -->\n<title>Feria de universidades del colegio internacional Madrid<\/title>\n<meta name=\"description\" content=\"EL COLEGIO INTERNACIONAL J.H. NEWMAN DE MADRID HA CELEBRADO LA VII FERIA DE UNIVERSIDADES DEL COLEGIO.\" \/>\n<meta name=\"robots\" content=\"index, follow, max-snippet:-1, max-image-preview:large, max-video-preview:-1\" \/>\n<link rel=\"canonical\" href=\"https:\/\/www.colegionewman.org\/es_es\/vii-feria-de-universidades-newman-2024\/\" \/>\n<meta property=\"og:locale\" content=\"es_ES\" \/>\n<meta property=\"og:type\" content=\"article\" \/>\n<meta property=\"og:title\" content=\"Feria de universidades del colegio internacional Madrid\" \/>\n<meta property=\"og:description\" content=\"EL COLEGIO INTERNACIONAL J.H. NEWMAN DE MADRID HA CELEBRADO LA VII FERIA DE UNIVERSIDADES DEL COLEGIO.\" \/>\n<meta property=\"og:url\" content=\"https:\/\/www.colegionewman.org\/es_es\/vii-feria-de-universidades-newman-2024\/\" \/>\n<meta property=\"og:site_name\" content=\"Colegio Internacional J.H. Newman\" \/>\n<meta property=\"article:published_time\" content=\"2024-11-21T13:52:53+00:00\" \/>\n<meta property=\"article:modified_time\" content=\"2025-11-26T15:53:38+00:00\" \/>\n<meta property=\"og:image\" content=\"https:\/\/www.colegionewman.org\/wp-content\/uploads\/feria-universidades-2024.jpg\" \/>\n\t<meta property=\"og:image:width\" content=\"1920\" \/>\n\t<meta property=\"og:image:height\" content=\"1080\" \/>\n\t<meta property=\"og:image:type\" content=\"image\/jpeg\" \/>\n<meta name=\"author\" content=\"usuario01\" \/>\n<meta name=\"twitter:card\" content=\"summary_large_image\" \/>\n<meta name=\"twitter:label1\" content=\"Escrito por\" \/>\n\t<meta name=\"twitter:data1\" content=\"usuario01\" \/>\n\t<meta name=\"twitter:label2\" content=\"Tiempo de lectura\" \/>\n\t<meta name=\"twitter:data2\" content=\"2 minutos\" \/>\n<script type=\"application\/ld+json\" class=\"yoast-schema-graph\">{\"@context\":\"https:\\\/\\\/schema.org\",\"@graph\":[{\"@type\":\"Article\",\"@id\":\"https:\\\/\\\/www.colegionewman.org\\\/vii-feria-de-universidades-newman-2024\\\/#article\",\"isPartOf\":{\"@id\":\"https:\\\/\\\/www.colegionewman.org\\\/vii-feria-de-universidades-newman-2024\\\/\"},\"author\":{\"name\":\"usuario01\",\"@id\":\"https:\\\/\\\/www.colegionewman.org\\\/#\\\/schema\\\/person\\\/8106daec86dc9c621dee981574299879\"},\"headline\":\"VII Feria de Universidades Newman 2024\",\"datePublished\":\"2024-11-21T13:52:53+00:00\",\"dateModified\":\"2025-11-26T15:53:38+00:00\",\"mainEntityOfPage\":{\"@id\":\"https:\\\/\\\/www.colegionewman.org\\\/vii-feria-de-universidades-newman-2024\\\/\"},\"wordCount\":301,\"commentCount\":0,\"publisher\":{\"@id\":\"https:\\\/\\\/www.colegionewman.org\\\/#organization\"},\"image\":{\"@id\":\"https:\\\/\\\/www.colegionewman.org\\\/vii-feria-de-universidades-newman-2024\\\/#primaryimage\"},\"thumbnailUrl\":\"https:\\\/\\\/www.colegionewman.org\\\/wp-content\\\/uploads\\\/feria-universidades-2024.jpg\",\"keywords\":[\"Colegio JH Newman\",\"Feria de Universidades\",\"orientaci\u00f3n\",\"Universidades\"],\"articleSection\":[\"Bachillerato\",\"Colegio\",\"Eventos\",\"Orientaci\u00f3n\",\"Secundaria\"],\"inLanguage\":\"es\",\"potentialAction\":[{\"@type\":\"CommentAction\",\"name\":\"Comment\",\"target\":[\"https:\\\/\\\/www.colegionewman.org\\\/vii-feria-de-universidades-newman-2024\\\/#respond\"]}]},{\"@type\":\"WebPage\",\"@id\":\"https:\\\/\\\/www.colegionewman.org\\\/vii-feria-de-universidades-newman-2024\\\/\",\"url\":\"https:\\\/\\\/www.colegionewman.org\\\/vii-feria-de-universidades-newman-2024\\\/\",\"name\":\"Feria de universidades del colegio internacional Madrid\",\"isPartOf\":{\"@id\":\"https:\\\/\\\/www.colegionewman.org\\\/#website\"},\"primaryImageOfPage\":{\"@id\":\"https:\\\/\\\/www.colegionewman.org\\\/vii-feria-de-universidades-newman-2024\\\/#primaryimage\"},\"image\":{\"@id\":\"https:\\\/\\\/www.colegionewman.org\\\/vii-feria-de-universidades-newman-2024\\\/#primaryimage\"},\"thumbnailUrl\":\"https:\\\/\\\/www.colegionewman.org\\\/wp-content\\\/uploads\\\/feria-universidades-2024.jpg\",\"datePublished\":\"2024-11-21T13:52:53+00:00\",\"dateModified\":\"2025-11-26T15:53:38+00:00\",\"description\":\"EL COLEGIO INTERNACIONAL J.H. NEWMAN DE MADRID HA CELEBRADO LA VII FERIA DE UNIVERSIDADES DEL COLEGIO.\",\"breadcrumb\":{\"@id\":\"https:\\\/\\\/www.colegionewman.org\\\/vii-feria-de-universidades-newman-2024\\\/#breadcrumb\"},\"inLanguage\":\"es\",\"potentialAction\":[{\"@type\":\"ReadAction\",\"target\":[\"https:\\\/\\\/www.colegionewman.org\\\/vii-feria-de-universidades-newman-2024\\\/\"]}]},{\"@type\":\"ImageObject\",\"inLanguage\":\"es\",\"@id\":\"https:\\\/\\\/www.colegionewman.org\\\/vii-feria-de-universidades-newman-2024\\\/#primaryimage\",\"url\":\"https:\\\/\\\/www.colegionewman.org\\\/wp-content\\\/uploads\\\/feria-universidades-2024.jpg\",\"contentUrl\":\"https:\\\/\\\/www.colegionewman.org\\\/wp-content\\\/uploads\\\/feria-universidades-2024.jpg\",\"width\":1920,\"height\":1080,\"caption\":\"Feria de universidades organizada por el Colegio Newman como parte de su programa de orientaci\u00f3n educativa.\"},{\"@type\":\"BreadcrumbList\",\"@id\":\"https:\\\/\\\/www.colegionewman.org\\\/vii-feria-de-universidades-newman-2024\\\/#breadcrumb\",\"itemListElement\":[{\"@type\":\"ListItem\",\"position\":1,\"name\":\"Portada\",\"item\":\"https:\\\/\\\/www.colegionewman.org\\\/\"},{\"@type\":\"ListItem\",\"position\":2,\"name\":\"VII Feria de Universidades Newman 2024\"}]},{\"@type\":\"WebSite\",\"@id\":\"https:\\\/\\\/www.colegionewman.org\\\/#website\",\"url\":\"https:\\\/\\\/www.colegionewman.org\\\/\",\"name\":\"Colegio Internacional J.H. Newman\",\"description\":\"Un colegio que te abre al mundo\",\"publisher\":{\"@id\":\"https:\\\/\\\/www.colegionewman.org\\\/#organization\"},\"alternateName\":\"Colegio Newman\",\"potentialAction\":[{\"@type\":\"SearchAction\",\"target\":{\"@type\":\"EntryPoint\",\"urlTemplate\":\"https:\\\/\\\/www.colegionewman.org\\\/?s={search_term_string}\"},\"query-input\":{\"@type\":\"PropertyValueSpecification\",\"valueRequired\":true,\"valueName\":\"search_term_string\"}}],\"inLanguage\":\"es\"},{\"@type\":\"Organization\",\"@id\":\"https:\\\/\\\/www.colegionewman.org\\\/#organization\",\"name\":\"Colegio Internacional J.H. Newman\",\"alternateName\":\"Colegio Newman\",\"url\":\"https:\\\/\\\/www.colegionewman.org\\\/\",\"logo\":{\"@type\":\"ImageObject\",\"inLanguage\":\"es\",\"@id\":\"https:\\\/\\\/www.colegionewman.org\\\/#\\\/schema\\\/logo\\\/image\\\/\",\"url\":\"https:\\\/\\\/www.colegionewman.org\\\/wp-content\\\/uploads\\\/logo_mini_newman_Mesa-de-trabajo-1.png\",\"contentUrl\":\"https:\\\/\\\/www.colegionewman.org\\\/wp-content\\\/uploads\\\/logo_mini_newman_Mesa-de-trabajo-1.png\",\"width\":750,\"height\":750,\"caption\":\"Colegio Internacional J.H. Newman\"},\"image\":{\"@id\":\"https:\\\/\\\/www.colegionewman.org\\\/#\\\/schema\\\/logo\\\/image\\\/\"},\"sameAs\":[\"https:\\\/\\\/www.instagram.com\\\/colegiojhnewman\\\/\",\"https:\\\/\\\/www.youtube.com\\\/channel\\\/UCUEVCANGRsznbp-DRfSrexw\",\"https:\\\/\\\/www.linkedin.com\\\/company\\\/colegio-internacional-jh-newman\"]},{\"@type\":\"Person\",\"@id\":\"https:\\\/\\\/www.colegionewman.org\\\/#\\\/schema\\\/person\\\/8106daec86dc9c621dee981574299879\",\"name\":\"usuario01\",\"image\":{\"@type\":\"ImageObject\",\"inLanguage\":\"es\",\"@id\":\"https:\\\/\\\/secure.gravatar.com\\\/avatar\\\/2cefad0f4eecf4293f29f0087b54fe8c76e9fc1d6aed0ef8a8ecdd2e38e8cd47?s=96&d=mm&r=g\",\"url\":\"https:\\\/\\\/secure.gravatar.com\\\/avatar\\\/2cefad0f4eecf4293f29f0087b54fe8c76e9fc1d6aed0ef8a8ecdd2e38e8cd47?s=96&d=mm&r=g\",\"contentUrl\":\"https:\\\/\\\/secure.gravatar.com\\\/avatar\\\/2cefad0f4eecf4293f29f0087b54fe8c76e9fc1d6aed0ef8a8ecdd2e38e8cd47?s=96&d=mm&r=g\",\"caption\":\"usuario01\"},\"sameAs\":[\"https:\\\/\\\/www.colegionewman.org\"],\"url\":\"https:\\\/\\\/www.colegionewman.org\\\/es_es\\\/author\\\/usuario01\\\/\"}]}<\/script>\n<!-- \/ Yoast SEO plugin. -->","yoast_head_json":{"title":"Feria de universidades del colegio internacional Madrid","description":"EL COLEGIO INTERNACIONAL J.H. NEWMAN DE MADRID HA CELEBRADO LA VII FERIA DE UNIVERSIDADES DEL COLEGIO.","robots":{"index":"index","follow":"follow","max-snippet":"max-snippet:-1","max-image-preview":"max-image-preview:large","max-video-preview":"max-video-preview:-1"},"canonical":"https:\/\/www.colegionewman.org\/es_es\/vii-feria-de-universidades-newman-2024\/","og_locale":"es_ES","og_type":"article","og_title":"Feria de universidades del colegio internacional Madrid","og_description":"EL COLEGIO INTERNACIONAL J.H. NEWMAN DE MADRID HA CELEBRADO LA VII FERIA DE UNIVERSIDADES DEL COLEGIO.","og_url":"https:\/\/www.colegionewman.org\/es_es\/vii-feria-de-universidades-newman-2024\/","og_site_name":"Colegio Internacional J.H. Newman","article_published_time":"2024-11-21T13:52:53+00:00","article_modified_time":"2025-11-26T15:53:38+00:00","og_image":[{"width":1920,"height":1080,"url":"https:\/\/www.colegionewman.org\/wp-content\/uploads\/feria-universidades-2024.jpg","type":"image\/jpeg"}],"author":"usuario01","twitter_card":"summary_large_image","twitter_misc":{"Escrito por":"usuario01","Tiempo de lectura":"2 minutos"},"schema":{"@context":"https:\/\/schema.org","@graph":[{"@type":"Article","@id":"https:\/\/www.colegionewman.org\/vii-feria-de-universidades-newman-2024\/#article","isPartOf":{"@id":"https:\/\/www.colegionewman.org\/vii-feria-de-universidades-newman-2024\/"},"author":{"name":"usuario01","@id":"https:\/\/www.colegionewman.org\/#\/schema\/person\/8106daec86dc9c621dee981574299879"},"headline":"VII Feria de Universidades Newman 2024","datePublished":"2024-11-21T13:52:53+00:00","dateModified":"2025-11-26T15:53:38+00:00","mainEntityOfPage":{"@id":"https:\/\/www.colegionewman.org\/vii-feria-de-universidades-newman-2024\/"},"wordCount":301,"commentCount":0,"publisher":{"@id":"https:\/\/www.colegionewman.org\/#organization"},"image":{"@id":"https:\/\/www.colegionewman.org\/vii-feria-de-universidades-newman-2024\/#primaryimage"},"thumbnailUrl":"https:\/\/www.colegionewman.org\/wp-content\/uploads\/feria-universidades-2024.jpg","keywords":["Colegio JH Newman","Feria de Universidades","orientaci\u00f3n","Universidades"],"articleSection":["Bachillerato","Colegio","Eventos","Orientaci\u00f3n","Secundaria"],"inLanguage":"es","potentialAction":[{"@type":"CommentAction","name":"Comment","target":["https:\/\/www.colegionewman.org\/vii-feria-de-universidades-newman-2024\/#respond"]}]},{"@type":"WebPage","@id":"https:\/\/www.colegionewman.org\/vii-feria-de-universidades-newman-2024\/","url":"https:\/\/www.colegionewman.org\/vii-feria-de-universidades-newman-2024\/","name":"Feria de universidades del colegio internacional Madrid","isPartOf":{"@id":"https:\/\/www.colegionewman.org\/#website"},"primaryImageOfPage":{"@id":"https:\/\/www.colegionewman.org\/vii-feria-de-universidades-newman-2024\/#primaryimage"},"image":{"@id":"https:\/\/www.colegionewman.org\/vii-feria-de-universidades-newman-2024\/#primaryimage"},"thumbnailUrl":"https:\/\/www.colegionewman.org\/wp-content\/uploads\/feria-universidades-2024.jpg","datePublished":"2024-11-21T13:52:53+00:00","dateModified":"2025-11-26T15:53:38+00:00","description":"EL COLEGIO INTERNACIONAL J.H. NEWMAN DE MADRID HA CELEBRADO LA VII FERIA DE UNIVERSIDADES DEL COLEGIO.","breadcrumb":{"@id":"https:\/\/www.colegionewman.org\/vii-feria-de-universidades-newman-2024\/#breadcrumb"},"inLanguage":"es","potentialAction":[{"@type":"ReadAction","target":["https:\/\/www.colegionewman.org\/vii-feria-de-universidades-newman-2024\/"]}]},{"@type":"ImageObject","inLanguage":"es","@id":"https:\/\/www.colegionewman.org\/vii-feria-de-universidades-newman-2024\/#primaryimage","url":"https:\/\/www.colegionewman.org\/wp-content\/uploads\/feria-universidades-2024.jpg","contentUrl":"https:\/\/www.colegionewman.org\/wp-content\/uploads\/feria-universidades-2024.jpg","width":1920,"height":1080,"caption":"Feria de universidades organizada por el Colegio Newman como parte de su programa de orientaci\u00f3n educativa."},{"@type":"BreadcrumbList","@id":"https:\/\/www.colegionewman.org\/vii-feria-de-universidades-newman-2024\/#breadcrumb","itemListElement":[{"@type":"ListItem","position":1,"name":"Portada","item":"https:\/\/www.colegionewman.org\/"},{"@type":"ListItem","position":2,"name":"VII Feria de Universidades Newman 2024"}]},{"@type":"WebSite","@id":"https:\/\/www.colegionewman.org\/#website","url":"https:\/\/www.colegionewman.org\/","name":"Colegio Internacional J.H. Newman","description":"Un colegio que te abre al mundo","publisher":{"@id":"https:\/\/www.colegionewman.org\/#organization"},"alternateName":"Colegio Newman","potentialAction":[{"@type":"SearchAction","target":{"@type":"EntryPoint","urlTemplate":"https:\/\/www.colegionewman.org\/?s={search_term_string}"},"query-input":{"@type":"PropertyValueSpecification","valueRequired":true,"valueName":"search_term_string"}}],"inLanguage":"es"},{"@type":"Organization","@id":"https:\/\/www.colegionewman.org\/#organization","name":"Colegio Internacional J.H. Newman","alternateName":"Colegio Newman","url":"https:\/\/www.colegionewman.org\/","logo":{"@type":"ImageObject","inLanguage":"es","@id":"https:\/\/www.colegionewman.org\/#\/schema\/logo\/image\/","url":"https:\/\/www.colegionewman.org\/wp-content\/uploads\/logo_mini_newman_Mesa-de-trabajo-1.png","contentUrl":"https:\/\/www.colegionewman.org\/wp-content\/uploads\/logo_mini_newman_Mesa-de-trabajo-1.png","width":750,"height":750,"caption":"Colegio Internacional J.H. Newman"},"image":{"@id":"https:\/\/www.colegionewman.org\/#\/schema\/logo\/image\/"},"sameAs":["https:\/\/www.instagram.com\/colegiojhnewman\/","https:\/\/www.youtube.com\/channel\/UCUEVCANGRsznbp-DRfSrexw","https:\/\/www.linkedin.com\/company\/colegio-internacional-jh-newman"]},{"@type":"Person","@id":"https:\/\/www.colegionewman.org\/#\/schema\/person\/8106daec86dc9c621dee981574299879","name":"usuario01","image":{"@type":"ImageObject","inLanguage":"es","@id":"https:\/\/secure.gravatar.com\/avatar\/2cefad0f4eecf4293f29f0087b54fe8c76e9fc1d6aed0ef8a8ecdd2e38e8cd47?s=96&d=mm&r=g","url":"https:\/\/secure.gravatar.com\/avatar\/2cefad0f4eecf4293f29f0087b54fe8c76e9fc1d6aed0ef8a8ecdd2e38e8cd47?s=96&d=mm&r=g","contentUrl":"https:\/\/secure.gravatar.com\/avatar\/2cefad0f4eecf4293f29f0087b54fe8c76e9fc1d6aed0ef8a8ecdd2e38e8cd47?s=96&d=mm&r=g","caption":"usuario01"},"sameAs":["https:\/\/www.colegionewman.org"],"url":"https:\/\/www.colegionewman.org\/es_es\/author\/usuario01\/"}]}},"_links":{"self":[{"href":"https:\/\/www.colegionewman.org\/es_es\/wp-json\/wp\/v2\/posts\/30083","targetHints":{"allow":["GET"]}}],"collection":[{"href":"https:\/\/www.colegionewman.org\/es_es\/wp-json\/wp\/v2\/posts"}],"about":[{"href":"https:\/\/www.colegionewman.org\/es_es\/wp-json\/wp\/v2\/types\/post"}],"author":[{"embeddable":true,"href":"https:\/\/www.colegionewman.org\/es_es\/wp-json\/wp\/v2\/users\/1"}],"replies":[{"embeddable":true,"href":"https:\/\/www.colegionewman.org\/es_es\/wp-json\/wp\/v2\/comments?post=30083"}],"version-history":[{"count":5,"href":"https:\/\/www.colegionewman.org\/es_es\/wp-json\/wp\/v2\/posts\/30083\/revisions"}],"predecessor-version":[{"id":31326,"href":"https:\/\/www.colegionewman.org\/es_es\/wp-json\/wp\/v2\/posts\/30083\/revisions\/31326"}],"wp:featuredmedia":[{"embeddable":true,"href":"https:\/\/www.colegionewman.org\/es_es\/wp-json\/wp\/v2\/media\/30025"}],"wp:attachment":[{"href":"https:\/\/www.colegionewman.org\/es_es\/wp-json\/wp\/v2\/media?parent=30083"}],"wp:term":[{"taxonomy":"category","embeddable":true,"href":"https:\/\/www.colegionewman.org\/es_es\/wp-json\/wp\/v2\/categories?post=30083"},{"taxonomy":"post_tag","embeddable":true,"href":"https:\/\/www.colegionewman.org\/es_es\/wp-json\/wp\/v2\/tags?post=30083"}],"curies":[{"name":"wp","href":"https:\/\/api.w.org\/{rel}","templated":true}]}}