{"id":30069,"date":"2024-12-02T09:50:00","date_gmt":"2024-12-02T08:50:00","guid":{"rendered":"https:\/\/www.colegionewman.org\/?p=30069"},"modified":"2025-01-10T20:46:14","modified_gmt":"2025-01-10T19:46:14","slug":"campana-de-navidad-newman-2024","status":"publish","type":"post","link":"https:\/\/www.colegionewman.org\/es_es\/campana-de-navidad-newman-2024\/","title":{"rendered":"Campa\u00f1a de Navidad Newman 2024"},"content":{"rendered":"\n<h2 class=\"wp-block-heading\"><em>Cor ad cor loquitur. <\/em><\/h2>\n\n\n\n<h2 class=\"wp-block-heading\">Emergencia DANA Valencia y Tierra Santa<\/h2>\n\n\n\n<h3 class=\"wp-block-heading\">CAMPA\u00d1A DE NAVIDAD NEWMAN 2024<\/h3>\n\n\n\n<p><\/p>\n\n\n\n<p>\u00a1Arranca la Campa\u00f1a de Navidad Newman 2024! Un curso m\u00e1s, llegada esta \u00e9poca del a\u00f1o tan especial, toda la comunidad educativa Newman nos unimos para trabajar y participar en multitud de actividades y eventos en favor de una causa social.<\/p>\n\n\n\n<p>Este a\u00f1o, bajo el lema: <strong>\u00abCor ad cor loquitur\u201d (El coraz\u00f3n habla al coraz\u00f3n), todas las acciones ir\u00e1n dirigidas a recaudar fondos para ayudar a las personas afectadas por la DANA en Valencia y por la guerra en Tierra Santa (en continuaci\u00f3n con la ayuda iniciada el curso pasado).<\/strong><\/p>\n\n\n\n<p>El desastre provocado por la DANA en toda la zona de Levante el pasado 29 de octubre, ha dejado innumerables p\u00e9rdidas de infraestructuras, hogares, transportes y m\u00e1s de 200 v\u00edctimas mortales. La necesidad es grande y requiere una respuesta urgente y efectiva. Por ello, <strong>en colaboraci\u00f3n con la ONG Cesal,<\/strong> queremos responder con una actuaci\u00f3n a medio y largo plazo.<\/p>\n\n\n\n<p>Por otro lado, la guerra en Tierra Santa contin\u00faa y muchas familias siguen necesitando ayuda. Cesal, en colaboraci\u00f3n con la asociaci\u00f3n Pro Terra Sancta y el Patriarcado Latino de Jerusal\u00e9n, trabaja para dar apoyo concretamente en Gaza y Bel\u00e9n.<\/p>\n\n\n\n<p>Desde el Colegio Internacional J.H. Newman nos unimos a estas iniciativas de Cesal y prestamos toda nuestra ayuda y recaudaci\u00f3n en esta Campa\u00f1a de Navidad 2024.<\/p>\n\n\n\n<p><\/p>\n\n\n\n<figure class=\"wp-block-embed is-type-video is-provider-youtube wp-block-embed-youtube wp-embed-aspect-16-9 wp-has-aspect-ratio\"><div class=\"wp-block-embed__wrapper\">\n<div class='avia-iframe-wrap'><iframe loading=\"lazy\" title=\"Campa\u00f1a de Navidad 2024 | Colegio Internacional J.H. Newman\" width=\"1500\" height=\"844\" src=\"https:\/\/www.youtube.com\/embed\/L3o_4gN19U8?feature=oembed\" frameborder=\"0\" allow=\"accelerometer; autoplay; clipboard-write; encrypted-media; gyroscope; picture-in-picture; web-share\" referrerpolicy=\"strict-origin-when-cross-origin\" allowfullscreen><\/iframe><\/div>\n<\/div><\/figure>\n\n\n\n<p><\/p>\n\n\n\n<h4 class=\"wp-block-heading\">COLABORA con el programa de actividades.<\/h4>\n\n\n\n<p>\u00a1Participa en todo lo que quieras!<\/p>\n\n\n\n<p><strong>Jueves 5 de diciembre<\/strong> | Los alumnos de Infantil y Primaria llevar\u00e1n a casa una hucha elaborada por ellos mismos en el colegio, para que puedan pedir ayuda a familiares, vecinos y amigos.<\/p>\n\n\n\n<p><strong>Jueves 12 de diciembre<\/strong> | Gran chocolatada con churros y concierto navide\u00f1o, cortes\u00eda del AMPA Newman. (Se podr\u00e1 donar la voluntad con Bizum y en efectivo. No se dar\u00e1 cambio por log\u00edstica).<\/p>\n\n\n\n<p><strong>Lunes 16 de diciembre<\/strong> | Non-Uniform Day. Los alumnos de Secundaria pueden venir vestidos sin uniforme y se les propone donar al menos 2\u20ac, cantidad que dar\u00e1n al profesor que tenga clase con ellos a primera hora.<\/p>\n\n\n\n<p><strong>Viernes 20 de diciembre<\/strong> | Teatro de Navidad de 2\u00ba Bachillerato. Adaptaci\u00f3n de \u00ab\u00d3scar o la felicidad de existir\u00bb. Sal\u00f3n de Actos. Hora y entradas por determinar.<\/p>\n\n\n\n<figure class=\"wp-block-image size-large\"><img loading=\"lazy\" decoding=\"async\" width=\"1030\" height=\"728\" src=\"https:\/\/www.colegionewman.org\/wp-content\/uploads\/Cartel-Campana-Navidad-2024-2-1030x728.jpg\" alt=\"\" class=\"wp-image-30148\" srcset=\"https:\/\/www.colegionewman.org\/wp-content\/uploads\/Cartel-Campana-Navidad-2024-2-1030x728.jpg 1030w, https:\/\/www.colegionewman.org\/wp-content\/uploads\/Cartel-Campana-Navidad-2024-2-300x212.jpg 300w, https:\/\/www.colegionewman.org\/wp-content\/uploads\/Cartel-Campana-Navidad-2024-2-768x543.jpg 768w, https:\/\/www.colegionewman.org\/wp-content\/uploads\/Cartel-Campana-Navidad-2024-2-1536x1086.jpg 1536w, https:\/\/www.colegionewman.org\/wp-content\/uploads\/Cartel-Campana-Navidad-2024-2-1500x1061.jpg 1500w, https:\/\/www.colegionewman.org\/wp-content\/uploads\/Cartel-Campana-Navidad-2024-2-260x185.jpg 260w, https:\/\/www.colegionewman.org\/wp-content\/uploads\/Cartel-Campana-Navidad-2024-2-705x498.jpg 705w, https:\/\/www.colegionewman.org\/wp-content\/uploads\/Cartel-Campana-Navidad-2024-2.jpg 2000w\" sizes=\"auto, (max-width: 1030px) 100vw, 1030px\" \/><\/figure>\n\n\n\n<h4 class=\"wp-block-heading\">DONA ahora si lo deseas a trav\u00e9s de CESAL.<\/h4>\n\n\n\n<p><strong>BIZUM: 33547<\/strong><\/p>\n\n\n\n<p><strong>TRANSFERENCIA: ES78 0049 1811 3521 1025 9564<\/strong><\/p>\n\n\n\n<p><strong>Concepto: \u00abEmergencia Newman\u00bb<\/strong><\/p>\n\n\n\n<p><\/p>\n\n\n\n<p>Accede a Bizum desde la app de tu entidad bancaria habitual.<\/p>\n\n\n\n<p>Busca la opci\u00f3n de \u201cenviar una donaci\u00f3n\u201d o \u00abenviar dinero a una ONG\u00bb. Aparecer\u00e1 un cuadro para buscar la organizaci\u00f3n a la que vas a donar. En este caso es CESAL EMERGENCIA. Tambi\u00e9n puedes poner en el recuadro el c\u00f3digo 33547.&nbsp;<\/p>\n\n\n\n<p>Despu\u00e9s indica el importe y, si lo permite, indica el concepto: Emergencia Newman<\/p>\n\n\n\n<p>Pincha enviar y \u00a1haz un Bizum! As\u00ed de sencillo.<\/p>\n\n\n\n<p>En ambos casos se debe escribir en el concepto: Emergencia Newman&nbsp;<\/p>\n\n\n\n<h5 class=\"wp-block-heading\">Muchas gracias por tu ayuda y colaboraci\u00f3n<\/h5>\n\n\n\n<h5 class=\"wp-block-heading\">Toda aportaci\u00f3n es un gran gesto.<\/h5>\n\n\n\n<p><\/p>\n","protected":false},"excerpt":{"rendered":"<p>Cor ad cor loquitur. Emergencia DANA Valencia y Tierra Santa CAMPA\u00d1A DE NAVIDAD NEWMAN 2024 \u00a1Arranca la Campa\u00f1a de Navidad Newman 2024! Un curso m\u00e1s, llegada esta \u00e9poca del a\u00f1o tan especial, toda la comunidad educativa Newman nos unimos para trabajar y participar en multitud de actividades y eventos en favor de una causa social. [&hellip;]<\/p>\n","protected":false},"author":1,"featured_media":30148,"comment_status":"open","ping_status":"open","sticky":false,"template":"","format":"standard","meta":{"footnotes":""},"categories":[41,17,72,47,14,87,15,16],"tags":[721,26,1516,421,102,1518,1517],"class_list":["post-30069","post","type-post","status-publish","format-standard","has-post-thumbnail","hentry","category-apa","category-bachillerato","category-colegio","category-eventos","category-infantil","category-noticias","category-primaria","category-secundaria","tag-colegio-internacional-jh-newman","tag-colegio-newman","tag-dana","tag-madrid","tag-navidad","tag-tierra-santa","tag-valencia"],"yoast_head":"<!-- This site is optimized with the Yoast SEO plugin v27.3 - https:\/\/yoast.com\/product\/yoast-seo-wordpress\/ -->\n<title>Campa\u00f1a de Navidad 2024 del Colegio Newman<\/title>\n<meta name=\"description\" content=\"\u00a1Arranca la Campa\u00f1a de Navidad Newman 2024! Este a\u00f1o, bajo el lema cor ad cor loquitur, ayudaremos a Valencia por la DANA y a Tierra Santa.\" \/>\n<meta name=\"robots\" content=\"index, follow, max-snippet:-1, max-image-preview:large, max-video-preview:-1\" \/>\n<link rel=\"canonical\" href=\"https:\/\/www.colegionewman.org\/es_es\/campana-de-navidad-newman-2024\/\" \/>\n<meta property=\"og:locale\" content=\"es_ES\" \/>\n<meta property=\"og:type\" content=\"article\" \/>\n<meta property=\"og:title\" content=\"Campa\u00f1a de Navidad 2024 del Colegio Newman\" \/>\n<meta property=\"og:description\" content=\"\u00a1Arranca la Campa\u00f1a de Navidad Newman 2024! Este a\u00f1o, bajo el lema cor ad cor loquitur, ayudaremos a Valencia por la DANA y a Tierra Santa.\" \/>\n<meta property=\"og:url\" content=\"https:\/\/www.colegionewman.org\/es_es\/campana-de-navidad-newman-2024\/\" \/>\n<meta property=\"og:site_name\" content=\"Colegio Internacional J.H. Newman\" \/>\n<meta property=\"article:published_time\" content=\"2024-12-02T08:50:00+00:00\" \/>\n<meta property=\"article:modified_time\" content=\"2025-01-10T19:46:14+00:00\" \/>\n<meta property=\"og:image\" content=\"https:\/\/www.colegionewman.org\/wp-content\/uploads\/Cartel-Campana-Navidad-2024-2.jpg\" \/>\n\t<meta property=\"og:image:width\" content=\"2000\" \/>\n\t<meta property=\"og:image:height\" content=\"1414\" \/>\n\t<meta property=\"og:image:type\" content=\"image\/jpeg\" \/>\n<meta name=\"author\" content=\"usuario01\" \/>\n<meta name=\"twitter:card\" content=\"summary_large_image\" \/>\n<meta name=\"twitter:label1\" content=\"Escrito por\" \/>\n\t<meta name=\"twitter:data1\" content=\"usuario01\" \/>\n\t<meta name=\"twitter:label2\" content=\"Tiempo de lectura\" \/>\n\t<meta name=\"twitter:data2\" content=\"3 minutos\" \/>\n<script type=\"application\/ld+json\" class=\"yoast-schema-graph\">{\"@context\":\"https:\\\/\\\/schema.org\",\"@graph\":[{\"@type\":\"Article\",\"@id\":\"https:\\\/\\\/www.colegionewman.org\\\/campana-de-navidad-newman-2024\\\/#article\",\"isPartOf\":{\"@id\":\"https:\\\/\\\/www.colegionewman.org\\\/campana-de-navidad-newman-2024\\\/\"},\"author\":{\"name\":\"usuario01\",\"@id\":\"https:\\\/\\\/www.colegionewman.org\\\/#\\\/schema\\\/person\\\/8106daec86dc9c621dee981574299879\"},\"headline\":\"Campa\u00f1a de Navidad Newman 2024\",\"datePublished\":\"2024-12-02T08:50:00+00:00\",\"dateModified\":\"2025-01-10T19:46:14+00:00\",\"mainEntityOfPage\":{\"@id\":\"https:\\\/\\\/www.colegionewman.org\\\/campana-de-navidad-newman-2024\\\/\"},\"wordCount\":522,\"commentCount\":0,\"publisher\":{\"@id\":\"https:\\\/\\\/www.colegionewman.org\\\/#organization\"},\"image\":{\"@id\":\"https:\\\/\\\/www.colegionewman.org\\\/campana-de-navidad-newman-2024\\\/#primaryimage\"},\"thumbnailUrl\":\"https:\\\/\\\/www.colegionewman.org\\\/wp-content\\\/uploads\\\/Cartel-Campana-Navidad-2024-2.jpg\",\"keywords\":[\"Colegio Internacional JH Newman\",\"Colegio Newman\",\"dana\",\"Madrid\",\"Navidad\",\"tierra santa\",\"valencia\"],\"articleSection\":[\"AMPA\",\"Bachillerato\",\"Colegio\",\"Eventos\",\"Infantil\",\"Noticias\",\"Primaria\",\"Secundaria\"],\"inLanguage\":\"es\",\"potentialAction\":[{\"@type\":\"CommentAction\",\"name\":\"Comment\",\"target\":[\"https:\\\/\\\/www.colegionewman.org\\\/campana-de-navidad-newman-2024\\\/#respond\"]}]},{\"@type\":\"WebPage\",\"@id\":\"https:\\\/\\\/www.colegionewman.org\\\/campana-de-navidad-newman-2024\\\/\",\"url\":\"https:\\\/\\\/www.colegionewman.org\\\/campana-de-navidad-newman-2024\\\/\",\"name\":\"Campa\u00f1a de Navidad 2024 del Colegio Newman\",\"isPartOf\":{\"@id\":\"https:\\\/\\\/www.colegionewman.org\\\/#website\"},\"primaryImageOfPage\":{\"@id\":\"https:\\\/\\\/www.colegionewman.org\\\/campana-de-navidad-newman-2024\\\/#primaryimage\"},\"image\":{\"@id\":\"https:\\\/\\\/www.colegionewman.org\\\/campana-de-navidad-newman-2024\\\/#primaryimage\"},\"thumbnailUrl\":\"https:\\\/\\\/www.colegionewman.org\\\/wp-content\\\/uploads\\\/Cartel-Campana-Navidad-2024-2.jpg\",\"datePublished\":\"2024-12-02T08:50:00+00:00\",\"dateModified\":\"2025-01-10T19:46:14+00:00\",\"description\":\"\u00a1Arranca la Campa\u00f1a de Navidad Newman 2024! Este a\u00f1o, bajo el lema cor ad cor loquitur, ayudaremos a Valencia por la DANA y a Tierra Santa.\",\"breadcrumb\":{\"@id\":\"https:\\\/\\\/www.colegionewman.org\\\/campana-de-navidad-newman-2024\\\/#breadcrumb\"},\"inLanguage\":\"es\",\"potentialAction\":[{\"@type\":\"ReadAction\",\"target\":[\"https:\\\/\\\/www.colegionewman.org\\\/campana-de-navidad-newman-2024\\\/\"]}]},{\"@type\":\"ImageObject\",\"inLanguage\":\"es\",\"@id\":\"https:\\\/\\\/www.colegionewman.org\\\/campana-de-navidad-newman-2024\\\/#primaryimage\",\"url\":\"https:\\\/\\\/www.colegionewman.org\\\/wp-content\\\/uploads\\\/Cartel-Campana-Navidad-2024-2.jpg\",\"contentUrl\":\"https:\\\/\\\/www.colegionewman.org\\\/wp-content\\\/uploads\\\/Cartel-Campana-Navidad-2024-2.jpg\",\"width\":2000,\"height\":1414,\"caption\":\"Cartel del campamento de Navidad organizado por el Colegio Newman dentro de sus actividades complementarias y extraescolares.\"},{\"@type\":\"BreadcrumbList\",\"@id\":\"https:\\\/\\\/www.colegionewman.org\\\/campana-de-navidad-newman-2024\\\/#breadcrumb\",\"itemListElement\":[{\"@type\":\"ListItem\",\"position\":1,\"name\":\"Portada\",\"item\":\"https:\\\/\\\/www.colegionewman.org\\\/\"},{\"@type\":\"ListItem\",\"position\":2,\"name\":\"Campa\u00f1a de Navidad Newman 2024\"}]},{\"@type\":\"WebSite\",\"@id\":\"https:\\\/\\\/www.colegionewman.org\\\/#website\",\"url\":\"https:\\\/\\\/www.colegionewman.org\\\/\",\"name\":\"Colegio Internacional J.H. Newman\",\"description\":\"Un colegio que te abre al mundo\",\"publisher\":{\"@id\":\"https:\\\/\\\/www.colegionewman.org\\\/#organization\"},\"alternateName\":\"Colegio Newman\",\"potentialAction\":[{\"@type\":\"SearchAction\",\"target\":{\"@type\":\"EntryPoint\",\"urlTemplate\":\"https:\\\/\\\/www.colegionewman.org\\\/?s={search_term_string}\"},\"query-input\":{\"@type\":\"PropertyValueSpecification\",\"valueRequired\":true,\"valueName\":\"search_term_string\"}}],\"inLanguage\":\"es\"},{\"@type\":\"Organization\",\"@id\":\"https:\\\/\\\/www.colegionewman.org\\\/#organization\",\"name\":\"Colegio Internacional J.H. Newman\",\"alternateName\":\"Colegio Newman\",\"url\":\"https:\\\/\\\/www.colegionewman.org\\\/\",\"logo\":{\"@type\":\"ImageObject\",\"inLanguage\":\"es\",\"@id\":\"https:\\\/\\\/www.colegionewman.org\\\/#\\\/schema\\\/logo\\\/image\\\/\",\"url\":\"https:\\\/\\\/www.colegionewman.org\\\/wp-content\\\/uploads\\\/logo_mini_newman_Mesa-de-trabajo-1.png\",\"contentUrl\":\"https:\\\/\\\/www.colegionewman.org\\\/wp-content\\\/uploads\\\/logo_mini_newman_Mesa-de-trabajo-1.png\",\"width\":750,\"height\":750,\"caption\":\"Colegio Internacional J.H. Newman\"},\"image\":{\"@id\":\"https:\\\/\\\/www.colegionewman.org\\\/#\\\/schema\\\/logo\\\/image\\\/\"},\"sameAs\":[\"https:\\\/\\\/www.instagram.com\\\/colegiojhnewman\\\/\",\"https:\\\/\\\/www.youtube.com\\\/channel\\\/UCUEVCANGRsznbp-DRfSrexw\",\"https:\\\/\\\/www.linkedin.com\\\/company\\\/colegio-internacional-jh-newman\"]},{\"@type\":\"Person\",\"@id\":\"https:\\\/\\\/www.colegionewman.org\\\/#\\\/schema\\\/person\\\/8106daec86dc9c621dee981574299879\",\"name\":\"usuario01\",\"image\":{\"@type\":\"ImageObject\",\"inLanguage\":\"es\",\"@id\":\"https:\\\/\\\/secure.gravatar.com\\\/avatar\\\/2cefad0f4eecf4293f29f0087b54fe8c76e9fc1d6aed0ef8a8ecdd2e38e8cd47?s=96&d=mm&r=g\",\"url\":\"https:\\\/\\\/secure.gravatar.com\\\/avatar\\\/2cefad0f4eecf4293f29f0087b54fe8c76e9fc1d6aed0ef8a8ecdd2e38e8cd47?s=96&d=mm&r=g\",\"contentUrl\":\"https:\\\/\\\/secure.gravatar.com\\\/avatar\\\/2cefad0f4eecf4293f29f0087b54fe8c76e9fc1d6aed0ef8a8ecdd2e38e8cd47?s=96&d=mm&r=g\",\"caption\":\"usuario01\"},\"sameAs\":[\"https:\\\/\\\/www.colegionewman.org\"],\"url\":\"https:\\\/\\\/www.colegionewman.org\\\/es_es\\\/author\\\/usuario01\\\/\"}]}<\/script>\n<!-- \/ Yoast SEO plugin. -->","yoast_head_json":{"title":"Campa\u00f1a de Navidad 2024 del Colegio Newman","description":"\u00a1Arranca la Campa\u00f1a de Navidad Newman 2024! Este a\u00f1o, bajo el lema cor ad cor loquitur, ayudaremos a Valencia por la DANA y a Tierra Santa.","robots":{"index":"index","follow":"follow","max-snippet":"max-snippet:-1","max-image-preview":"max-image-preview:large","max-video-preview":"max-video-preview:-1"},"canonical":"https:\/\/www.colegionewman.org\/es_es\/campana-de-navidad-newman-2024\/","og_locale":"es_ES","og_type":"article","og_title":"Campa\u00f1a de Navidad 2024 del Colegio Newman","og_description":"\u00a1Arranca la Campa\u00f1a de Navidad Newman 2024! Este a\u00f1o, bajo el lema cor ad cor loquitur, ayudaremos a Valencia por la DANA y a Tierra Santa.","og_url":"https:\/\/www.colegionewman.org\/es_es\/campana-de-navidad-newman-2024\/","og_site_name":"Colegio Internacional J.H. Newman","article_published_time":"2024-12-02T08:50:00+00:00","article_modified_time":"2025-01-10T19:46:14+00:00","og_image":[{"width":2000,"height":1414,"url":"https:\/\/www.colegionewman.org\/wp-content\/uploads\/Cartel-Campana-Navidad-2024-2.jpg","type":"image\/jpeg"}],"author":"usuario01","twitter_card":"summary_large_image","twitter_misc":{"Escrito por":"usuario01","Tiempo de lectura":"3 minutos"},"schema":{"@context":"https:\/\/schema.org","@graph":[{"@type":"Article","@id":"https:\/\/www.colegionewman.org\/campana-de-navidad-newman-2024\/#article","isPartOf":{"@id":"https:\/\/www.colegionewman.org\/campana-de-navidad-newman-2024\/"},"author":{"name":"usuario01","@id":"https:\/\/www.colegionewman.org\/#\/schema\/person\/8106daec86dc9c621dee981574299879"},"headline":"Campa\u00f1a de Navidad Newman 2024","datePublished":"2024-12-02T08:50:00+00:00","dateModified":"2025-01-10T19:46:14+00:00","mainEntityOfPage":{"@id":"https:\/\/www.colegionewman.org\/campana-de-navidad-newman-2024\/"},"wordCount":522,"commentCount":0,"publisher":{"@id":"https:\/\/www.colegionewman.org\/#organization"},"image":{"@id":"https:\/\/www.colegionewman.org\/campana-de-navidad-newman-2024\/#primaryimage"},"thumbnailUrl":"https:\/\/www.colegionewman.org\/wp-content\/uploads\/Cartel-Campana-Navidad-2024-2.jpg","keywords":["Colegio Internacional JH Newman","Colegio Newman","dana","Madrid","Navidad","tierra santa","valencia"],"articleSection":["AMPA","Bachillerato","Colegio","Eventos","Infantil","Noticias","Primaria","Secundaria"],"inLanguage":"es","potentialAction":[{"@type":"CommentAction","name":"Comment","target":["https:\/\/www.colegionewman.org\/campana-de-navidad-newman-2024\/#respond"]}]},{"@type":"WebPage","@id":"https:\/\/www.colegionewman.org\/campana-de-navidad-newman-2024\/","url":"https:\/\/www.colegionewman.org\/campana-de-navidad-newman-2024\/","name":"Campa\u00f1a de Navidad 2024 del Colegio Newman","isPartOf":{"@id":"https:\/\/www.colegionewman.org\/#website"},"primaryImageOfPage":{"@id":"https:\/\/www.colegionewman.org\/campana-de-navidad-newman-2024\/#primaryimage"},"image":{"@id":"https:\/\/www.colegionewman.org\/campana-de-navidad-newman-2024\/#primaryimage"},"thumbnailUrl":"https:\/\/www.colegionewman.org\/wp-content\/uploads\/Cartel-Campana-Navidad-2024-2.jpg","datePublished":"2024-12-02T08:50:00+00:00","dateModified":"2025-01-10T19:46:14+00:00","description":"\u00a1Arranca la Campa\u00f1a de Navidad Newman 2024! Este a\u00f1o, bajo el lema cor ad cor loquitur, ayudaremos a Valencia por la DANA y a Tierra Santa.","breadcrumb":{"@id":"https:\/\/www.colegionewman.org\/campana-de-navidad-newman-2024\/#breadcrumb"},"inLanguage":"es","potentialAction":[{"@type":"ReadAction","target":["https:\/\/www.colegionewman.org\/campana-de-navidad-newman-2024\/"]}]},{"@type":"ImageObject","inLanguage":"es","@id":"https:\/\/www.colegionewman.org\/campana-de-navidad-newman-2024\/#primaryimage","url":"https:\/\/www.colegionewman.org\/wp-content\/uploads\/Cartel-Campana-Navidad-2024-2.jpg","contentUrl":"https:\/\/www.colegionewman.org\/wp-content\/uploads\/Cartel-Campana-Navidad-2024-2.jpg","width":2000,"height":1414,"caption":"Cartel del campamento de Navidad organizado por el Colegio Newman dentro de sus actividades complementarias y extraescolares."},{"@type":"BreadcrumbList","@id":"https:\/\/www.colegionewman.org\/campana-de-navidad-newman-2024\/#breadcrumb","itemListElement":[{"@type":"ListItem","position":1,"name":"Portada","item":"https:\/\/www.colegionewman.org\/"},{"@type":"ListItem","position":2,"name":"Campa\u00f1a de Navidad Newman 2024"}]},{"@type":"WebSite","@id":"https:\/\/www.colegionewman.org\/#website","url":"https:\/\/www.colegionewman.org\/","name":"Colegio Internacional J.H. Newman","description":"Un colegio que te abre al mundo","publisher":{"@id":"https:\/\/www.colegionewman.org\/#organization"},"alternateName":"Colegio Newman","potentialAction":[{"@type":"SearchAction","target":{"@type":"EntryPoint","urlTemplate":"https:\/\/www.colegionewman.org\/?s={search_term_string}"},"query-input":{"@type":"PropertyValueSpecification","valueRequired":true,"valueName":"search_term_string"}}],"inLanguage":"es"},{"@type":"Organization","@id":"https:\/\/www.colegionewman.org\/#organization","name":"Colegio Internacional J.H. Newman","alternateName":"Colegio Newman","url":"https:\/\/www.colegionewman.org\/","logo":{"@type":"ImageObject","inLanguage":"es","@id":"https:\/\/www.colegionewman.org\/#\/schema\/logo\/image\/","url":"https:\/\/www.colegionewman.org\/wp-content\/uploads\/logo_mini_newman_Mesa-de-trabajo-1.png","contentUrl":"https:\/\/www.colegionewman.org\/wp-content\/uploads\/logo_mini_newman_Mesa-de-trabajo-1.png","width":750,"height":750,"caption":"Colegio Internacional J.H. Newman"},"image":{"@id":"https:\/\/www.colegionewman.org\/#\/schema\/logo\/image\/"},"sameAs":["https:\/\/www.instagram.com\/colegiojhnewman\/","https:\/\/www.youtube.com\/channel\/UCUEVCANGRsznbp-DRfSrexw","https:\/\/www.linkedin.com\/company\/colegio-internacional-jh-newman"]},{"@type":"Person","@id":"https:\/\/www.colegionewman.org\/#\/schema\/person\/8106daec86dc9c621dee981574299879","name":"usuario01","image":{"@type":"ImageObject","inLanguage":"es","@id":"https:\/\/secure.gravatar.com\/avatar\/2cefad0f4eecf4293f29f0087b54fe8c76e9fc1d6aed0ef8a8ecdd2e38e8cd47?s=96&d=mm&r=g","url":"https:\/\/secure.gravatar.com\/avatar\/2cefad0f4eecf4293f29f0087b54fe8c76e9fc1d6aed0ef8a8ecdd2e38e8cd47?s=96&d=mm&r=g","contentUrl":"https:\/\/secure.gravatar.com\/avatar\/2cefad0f4eecf4293f29f0087b54fe8c76e9fc1d6aed0ef8a8ecdd2e38e8cd47?s=96&d=mm&r=g","caption":"usuario01"},"sameAs":["https:\/\/www.colegionewman.org"],"url":"https:\/\/www.colegionewman.org\/es_es\/author\/usuario01\/"}]}},"_links":{"self":[{"href":"https:\/\/www.colegionewman.org\/es_es\/wp-json\/wp\/v2\/posts\/30069","targetHints":{"allow":["GET"]}}],"collection":[{"href":"https:\/\/www.colegionewman.org\/es_es\/wp-json\/wp\/v2\/posts"}],"about":[{"href":"https:\/\/www.colegionewman.org\/es_es\/wp-json\/wp\/v2\/types\/post"}],"author":[{"embeddable":true,"href":"https:\/\/www.colegionewman.org\/es_es\/wp-json\/wp\/v2\/users\/1"}],"replies":[{"embeddable":true,"href":"https:\/\/www.colegionewman.org\/es_es\/wp-json\/wp\/v2\/comments?post=30069"}],"version-history":[{"count":6,"href":"https:\/\/www.colegionewman.org\/es_es\/wp-json\/wp\/v2\/posts\/30069\/revisions"}],"predecessor-version":[{"id":30150,"href":"https:\/\/www.colegionewman.org\/es_es\/wp-json\/wp\/v2\/posts\/30069\/revisions\/30150"}],"wp:featuredmedia":[{"embeddable":true,"href":"https:\/\/www.colegionewman.org\/es_es\/wp-json\/wp\/v2\/media\/30148"}],"wp:attachment":[{"href":"https:\/\/www.colegionewman.org\/es_es\/wp-json\/wp\/v2\/media?parent=30069"}],"wp:term":[{"taxonomy":"category","embeddable":true,"href":"https:\/\/www.colegionewman.org\/es_es\/wp-json\/wp\/v2\/categories?post=30069"},{"taxonomy":"post_tag","embeddable":true,"href":"https:\/\/www.colegionewman.org\/es_es\/wp-json\/wp\/v2\/tags?post=30069"}],"curies":[{"name":"wp","href":"https:\/\/api.w.org\/{rel}","templated":true}]}}