{"id":29849,"date":"2024-09-12T14:55:57","date_gmt":"2024-09-12T12:55:57","guid":{"rendered":"https:\/\/www.colegionewman.org\/?p=29849"},"modified":"2025-01-10T20:47:14","modified_gmt":"2025-01-10T19:47:14","slug":"el-colegio-internacional-j-h-newman-de-las-rosas-celebra-su-vigesimo-aniversario","status":"publish","type":"post","link":"https:\/\/www.colegionewman.org\/es_es\/el-colegio-internacional-j-h-newman-de-las-rosas-celebra-su-vigesimo-aniversario\/","title":{"rendered":"El Colegio Internacional J.H. Newman de Las Rosas, celebra su vig\u00e9simo aniversario"},"content":{"rendered":"\n<p><strong>| NOTA DE PRENSA<\/strong><\/p>\n\n\n\n<p><\/p>\n\n\n\n<p><strong>Madrid, a 16 de septiembre de 2024.-<\/strong> El Colegio Internacional J.H. Newman de Madrid, celebra durante este curso 2024\/2025 su vig\u00e9simo aniversario. Supondr\u00e1 una celebraci\u00f3n para toda la comunidad educativa en la que se llevar\u00e1n a cabo multitud de<strong> actividades e iniciativas conmemorativas<\/strong>.&nbsp;<\/p>\n\n\n\n<p>Desde su fundaci\u00f3n en septiembre de 2005, el colegio del madrile\u00f1o barrio de Las Rosas, ha buscado formar estudiantes con una s\u00f3lida formaci\u00f3n acad\u00e9mica <strong>a la altura de los desaf\u00edos y las exigencias <\/strong>de lo propiamente humano para enfrentarse a los desaf\u00edos del mundo actual. La misi\u00f3n y visi\u00f3n del Colegio J.H. Newman ha sido desde el comienzo, <strong>acompa\u00f1ar al alumno<\/strong> para que la persona crezca, se construya, le interese el bien com\u00fan y se forme adecuadamente para asumir responsabilidades profesionales con una conciencia social profunda.&nbsp;<\/p>\n\n\n\n<p><strong>As\u00ed fueron los primeros a\u00f1os<\/strong><\/p>\n\n\n\n<p>La historia del Colegio Internacional J.H. Newman comienza en la<strong> primavera de 1998,<\/strong> donde un grupo de amigos profesores plantearon el deseo de hacer un colegio capaz de expresar todo lo que les hab\u00eda construido como personas y que pudiera hacer cercana a todos una posibilidad de significado completo para la vida.<strong> <\/strong>Desde sus inicios, los fundadores establecieron el<strong> compromiso de fomentar una educaci\u00f3n integral<\/strong>, fruto de la experiencia de la fe, cuyo enfoque educativo es un modelo de formaci\u00f3n humanista, conocido por su visi\u00f3n de la educaci\u00f3n como un proceso de desarrollo integral que abarca tanto el intelecto como el car\u00e1cter. Esta filosof\u00eda ha sido fundamental para el colegio, guiando su misi\u00f3n de formar estudiantes capaces de contribuir positivamente a la sociedad.<\/p>\n\n\n\n<p>Finalmente, no fue hasta <strong>septiembre de 2005<\/strong> cuando el Colegio Internacional J.H. Newman <strong>abri\u00f3 sus puertas <\/strong>a los primeros alumnos. Desde entonces, y bajo la titularidad de la <a href=\"https:\/\/fie.org.es\/\">FIE (Fundaci\u00f3n Internacional de Educaci\u00f3n)<\/a> a la que pertenece el colegio, ha seguido construyendo esta obra educativa gracias a tantas personas, familias, instituciones y realidades eclesiales y civiles que han confiado en el proyecto.&nbsp;<\/p>\n\n\n\n<figure class=\"wp-block-image size-full\"><img loading=\"lazy\" decoding=\"async\" width=\"992\" height=\"416\" src=\"https:\/\/www.colegionewman.org\/wp-content\/uploads\/Captura-de-pantalla-2024-07-29-104741.png\" alt=\"\" class=\"wp-image-29792\" srcset=\"https:\/\/www.colegionewman.org\/wp-content\/uploads\/Captura-de-pantalla-2024-07-29-104741.png 992w, https:\/\/www.colegionewman.org\/wp-content\/uploads\/Captura-de-pantalla-2024-07-29-104741-300x126.png 300w, https:\/\/www.colegionewman.org\/wp-content\/uploads\/Captura-de-pantalla-2024-07-29-104741-768x322.png 768w, https:\/\/www.colegionewman.org\/wp-content\/uploads\/Captura-de-pantalla-2024-07-29-104741-705x296.png 705w\" sizes=\"auto, (max-width: 992px) 100vw, 992px\" \/><figcaption class=\"wp-element-caption\"><em>Imagen de los primeros cimientos del Colegio Newman en el a\u00f1o 2000<\/em><\/figcaption><\/figure>\n\n\n\n<p><strong>Una escuela abierta al mundo<\/strong><\/p>\n\n\n\n<p>Desde su inicio, el colegio ha experimentado un crecimiento constante. Con el tiempo, ha ampliado sus instalaciones y programas, y ha continuado aumentando el n\u00famero de solicitudes en todas las etapas, lo que refleja su <strong>compromiso con la formaci\u00f3n <\/strong>global de sus estudiantes y el gran inter\u00e9s que suscita el colegio.<\/p>\n\n\n\n<p>La misi\u00f3n del Colegio Internacional J.H. Newman es <strong>hacer crecer a la persona en todas sus dimensiones:<\/strong> racional, afectiva y a trav\u00e9s de una verdadera actitud cr\u00edtica, que abren al mundo a todos los miembros de la comunidad educativa. Uno de los principales pilares es la creaci\u00f3n art\u00edstica y el gusto por la belleza y el trabajo bien hecho con multitud de propuestas relacionadas con el arte y las humanidades: teatro dentro del horario escolar, introducci\u00f3n al dise\u00f1o, exposiciones, semanas culturales (la conocida #SAC), proyectos musicales como el Coro Newman que ha recibido numerosos galardones, cinco itinerarios de Bachillerato y un sinf\u00edn de propuestas significativas. Asimismo los alumnos se sumergen en actividades sociales, proyectos de emprendimiento personal o el fomento del deporte, entre otras propuestas.&nbsp;<\/p>\n\n\n\n<p>El Colegio Internacional J.H. Newman es ante todo una comunidad educativa donde la principal vocaci\u00f3n de sus miembros es el <strong>acompa\u00f1amiento del alumno<\/strong> a trav\u00e9s de una propuesta educativa \u00fanica, exigente e innovadora. De esta relaci\u00f3n entre el profesor y el alumno nacen multitud de propuestas como el Club de Ciencias, el Observatorio de la Actualidad, la semana de las artes y las ciencias y mucho m\u00e1s.<\/p>\n\n\n\n<p><strong>Un horizonte internacional<\/strong><\/p>\n\n\n\n<p>El colegio tambi\u00e9n se distingue por su <strong>horizonte internacional, <\/strong>con programas que incluyen intercambios culturales y educativos a trav\u00e9s de convenios internacionales y el programa Erasmus+. Estas iniciativas ofrecen a los estudiantes la oportunidad de estudiar en el extranjero y experimentar otras culturas, lo que enriquece su aprendizaje y ampl\u00eda sus perspectivas globales. <strong>El curr\u00edculo pluriling\u00fce,<\/strong> que integra el ingl\u00e9s y el italiano, <strong>es un componente clave<\/strong> de esta formaci\u00f3n internacional, preparando a los estudiantes para comunicarse eficazmente en m\u00faltiples idiomas y comprender diversas culturas.&nbsp; As\u00ed, alumnos del Colegio J.H. Newman tienen multitud de posibilidades de viajar a otros pa\u00edses y realizar estancias de diferente duraci\u00f3n en diversos colegios del mundo (Italia, Reino Unido, Estados Unidos\u2026). Adem\u00e1s, mantenemos una <strong>relaci\u00f3n continua con centros de todo el mundo<\/strong> para crear una red de colaboraci\u00f3n y compartir experiencias educativas (Portugal, Chile, Argentina, Italia, Colombia\u2026).<\/p>\n\n\n\n<p><strong>Celebraciones por el 20 aniversario<\/strong><\/p>\n\n\n\n<p>En el 20 aniversario, el Colegio Internacional J.H. Newman <strong>reafirma su compromiso con la excelencia educativa<\/strong> y la formaci\u00f3n integral de sus estudiantes, inspir\u00e1ndolos a ser ciudadanos del mundo responsables y \u00e9ticamente conscientes: un colegio que abre al mundo (como se refleja el lema del centro) y dispuesto a afrontar libremente los desaf\u00edos que la realidad proponga.&nbsp;<\/p>\n\n\n\n<p>Todo ello estar\u00e1 enmarcado en un amplio programa de actividades para conocer y compartir la vida del colegio a trav\u00e9s del trabajo en las aulas, conferencias abiertas al p\u00fablico, conciertos, y <strong>un viaje de fin de curso a Oxford, <\/strong>ciudad natal del Cardenal Newman como colof\u00f3n celebrativo.&nbsp;<\/p>\n\n\n\n<p>El 13 de septiembre, viernes, tendr\u00e1 lugar <strong>el acto inaugural del vig\u00e9simo aniversario<\/strong> en el colegio, con un momento de encuentro con las familias del centro primero y, posteriormente, otro momento con los alumnos.&nbsp;&nbsp;<\/p>\n\n\n\n<p><strong>M\u00c1S INFORMACI\u00d3N<\/strong><\/p>\n\n\n\n<p>El Colegio Internacional J.H. Newman es un colegio pluriling\u00fce (ingl\u00e9s, italiano y espa\u00f1ol) con una clara visi\u00f3n: que el alumno reconozca que la vida es un bien, considere que toda persona es un ser \u00fanico y digno de ser amado, que sea responsable de lo que sucede en su entorno y tenga el deseo de construir el bien com\u00fan. Apostamos por <strong>\u2018un colegio que te abre al mundo\u2019 <\/strong>donde es necesario dialogar, trabajar y razonar juntos, introduciendo al estudiante dentro de la experiencia de hacer ciencia, de leer, de expresarse, de hablar una lengua extranjera y mucho m\u00e1s.<\/p>\n\n\n\n<p>Fomentamos la creaci\u00f3n art\u00edstica, el gusto por la belleza y el conocimiento e inter\u00e9s por la realidad a trav\u00e9s de la relaci\u00f3n profesor-alumno. El Colegio J.H. Newman, adem\u00e1s, cuenta con un claro horizonte internacional, del que nacen <strong>colaboraciones con colegios de diferentes pa\u00edses<\/strong> con las que nos enriquecemos mutuamente.<\/p>\n","protected":false},"excerpt":{"rendered":"<p>| NOTA DE PRENSA Madrid, a 16 de septiembre de 2024.- El Colegio Internacional J.H. Newman de Madrid, celebra durante este curso 2024\/2025 su vig\u00e9simo aniversario. Supondr\u00e1 una celebraci\u00f3n para toda la comunidad educativa en la que se llevar\u00e1n a cabo multitud de actividades e iniciativas conmemorativas.&nbsp; Desde su fundaci\u00f3n en septiembre de 2005, el [&hellip;]<\/p>\n","protected":false},"author":1,"featured_media":29850,"comment_status":"open","ping_status":"open","sticky":false,"template":"","format":"standard","meta":{"footnotes":""},"categories":[1501,17,72,47,22,14,21,87,19,249,15,16],"tags":[1494,1484,97,721,26,188,1493,31,421,33,1495],"class_list":["post-29849","post","type-post","status-publish","format-standard","has-post-thumbnail","hentry","category-20-aniversario","category-bachillerato","category-colegio","category-eventos","category-extraescolares","category-infantil","category-internacional","category-noticias","category-orientacion","category-prensa","category-primaria","category-secundaria","tag-20-aniversario","tag-20-aniversario-newman","tag-bachillerato","tag-colegio-internacional-jh-newman","tag-colegio-newman","tag-eso","tag-horizonte-internacional","tag-ingles","tag-madrid","tag-primaria","tag-primeros-anos"],"yoast_head":"<!-- This site is optimized with the Yoast SEO plugin v27.3 - https:\/\/yoast.com\/product\/yoast-seo-wordpress\/ -->\n<title>Celebraci\u00f3n del vigesimo aniversario del Colegio Newman<\/title>\n<meta name=\"description\" content=\"El Colegio Newman celebra su vig\u00e9simo aniversario. Una celebraci\u00f3n para toda la comunidad educativa con diversas actividades e iniciativas.\" \/>\n<meta name=\"robots\" content=\"index, follow, max-snippet:-1, max-image-preview:large, max-video-preview:-1\" \/>\n<link rel=\"canonical\" href=\"https:\/\/www.colegionewman.org\/es_es\/el-colegio-internacional-j-h-newman-de-las-rosas-celebra-su-vigesimo-aniversario\/\" \/>\n<meta property=\"og:locale\" content=\"es_ES\" \/>\n<meta property=\"og:type\" content=\"article\" \/>\n<meta property=\"og:title\" content=\"Celebraci\u00f3n del vigesimo aniversario del Colegio Newman\" \/>\n<meta property=\"og:description\" content=\"El Colegio Newman celebra su vig\u00e9simo aniversario. Una celebraci\u00f3n para toda la comunidad educativa con diversas actividades e iniciativas.\" \/>\n<meta property=\"og:url\" content=\"https:\/\/www.colegionewman.org\/es_es\/el-colegio-internacional-j-h-newman-de-las-rosas-celebra-su-vigesimo-aniversario\/\" \/>\n<meta property=\"og:site_name\" content=\"Colegio Internacional J.H. Newman\" \/>\n<meta property=\"article:published_time\" content=\"2024-09-12T12:55:57+00:00\" \/>\n<meta property=\"article:modified_time\" content=\"2025-01-10T19:47:14+00:00\" \/>\n<meta property=\"og:image\" content=\"https:\/\/www.colegionewman.org\/wp-content\/uploads\/IMAGEN-20-ANIVERSARIO-NEWMAN.jpg\" \/>\n\t<meta property=\"og:image:width\" content=\"1920\" \/>\n\t<meta property=\"og:image:height\" content=\"1080\" \/>\n\t<meta property=\"og:image:type\" content=\"image\/jpeg\" \/>\n<meta name=\"author\" content=\"usuario01\" \/>\n<meta name=\"twitter:card\" content=\"summary_large_image\" \/>\n<meta name=\"twitter:label1\" content=\"Escrito por\" \/>\n\t<meta name=\"twitter:data1\" content=\"usuario01\" \/>\n\t<meta name=\"twitter:label2\" content=\"Tiempo de lectura\" \/>\n\t<meta name=\"twitter:data2\" content=\"5 minutos\" \/>\n<script type=\"application\/ld+json\" class=\"yoast-schema-graph\">{\"@context\":\"https:\\\/\\\/schema.org\",\"@graph\":[{\"@type\":\"Article\",\"@id\":\"https:\\\/\\\/www.colegionewman.org\\\/el-colegio-internacional-j-h-newman-de-las-rosas-celebra-su-vigesimo-aniversario\\\/#article\",\"isPartOf\":{\"@id\":\"https:\\\/\\\/www.colegionewman.org\\\/el-colegio-internacional-j-h-newman-de-las-rosas-celebra-su-vigesimo-aniversario\\\/\"},\"author\":{\"name\":\"usuario01\",\"@id\":\"https:\\\/\\\/www.colegionewman.org\\\/#\\\/schema\\\/person\\\/8106daec86dc9c621dee981574299879\"},\"headline\":\"El Colegio Internacional J.H. Newman de Las Rosas, celebra su vig\u00e9simo aniversario\",\"datePublished\":\"2024-09-12T12:55:57+00:00\",\"dateModified\":\"2025-01-10T19:47:14+00:00\",\"mainEntityOfPage\":{\"@id\":\"https:\\\/\\\/www.colegionewman.org\\\/el-colegio-internacional-j-h-newman-de-las-rosas-celebra-su-vigesimo-aniversario\\\/\"},\"wordCount\":1120,\"commentCount\":0,\"publisher\":{\"@id\":\"https:\\\/\\\/www.colegionewman.org\\\/#organization\"},\"image\":{\"@id\":\"https:\\\/\\\/www.colegionewman.org\\\/el-colegio-internacional-j-h-newman-de-las-rosas-celebra-su-vigesimo-aniversario\\\/#primaryimage\"},\"thumbnailUrl\":\"https:\\\/\\\/www.colegionewman.org\\\/wp-content\\\/uploads\\\/IMAGEN-20-ANIVERSARIO-NEWMAN.jpg\",\"keywords\":[\"20 aniversario\",\"20 aniversario newman\",\"Bachillerato\",\"Colegio Internacional JH Newman\",\"Colegio Newman\",\"ESO\",\"Horizonte internacional\",\"ingl\u00e9s\",\"Madrid\",\"Primaria\",\"Primeros a\u00f1os\"],\"articleSection\":[\"20 aniversario\",\"Bachillerato\",\"Colegio\",\"Eventos\",\"Extraescolares\",\"Infantil\",\"Internacional\",\"Noticias\",\"Orientaci\u00f3n\",\"Prensa\",\"Primaria\",\"Secundaria\"],\"inLanguage\":\"es\",\"potentialAction\":[{\"@type\":\"CommentAction\",\"name\":\"Comment\",\"target\":[\"https:\\\/\\\/www.colegionewman.org\\\/el-colegio-internacional-j-h-newman-de-las-rosas-celebra-su-vigesimo-aniversario\\\/#respond\"]}]},{\"@type\":\"WebPage\",\"@id\":\"https:\\\/\\\/www.colegionewman.org\\\/el-colegio-internacional-j-h-newman-de-las-rosas-celebra-su-vigesimo-aniversario\\\/\",\"url\":\"https:\\\/\\\/www.colegionewman.org\\\/el-colegio-internacional-j-h-newman-de-las-rosas-celebra-su-vigesimo-aniversario\\\/\",\"name\":\"Celebraci\u00f3n del vigesimo aniversario del Colegio Newman\",\"isPartOf\":{\"@id\":\"https:\\\/\\\/www.colegionewman.org\\\/#website\"},\"primaryImageOfPage\":{\"@id\":\"https:\\\/\\\/www.colegionewman.org\\\/el-colegio-internacional-j-h-newman-de-las-rosas-celebra-su-vigesimo-aniversario\\\/#primaryimage\"},\"image\":{\"@id\":\"https:\\\/\\\/www.colegionewman.org\\\/el-colegio-internacional-j-h-newman-de-las-rosas-celebra-su-vigesimo-aniversario\\\/#primaryimage\"},\"thumbnailUrl\":\"https:\\\/\\\/www.colegionewman.org\\\/wp-content\\\/uploads\\\/IMAGEN-20-ANIVERSARIO-NEWMAN.jpg\",\"datePublished\":\"2024-09-12T12:55:57+00:00\",\"dateModified\":\"2025-01-10T19:47:14+00:00\",\"description\":\"El Colegio Newman celebra su vig\u00e9simo aniversario. Una celebraci\u00f3n para toda la comunidad educativa con diversas actividades e iniciativas.\",\"breadcrumb\":{\"@id\":\"https:\\\/\\\/www.colegionewman.org\\\/el-colegio-internacional-j-h-newman-de-las-rosas-celebra-su-vigesimo-aniversario\\\/#breadcrumb\"},\"inLanguage\":\"es\",\"potentialAction\":[{\"@type\":\"ReadAction\",\"target\":[\"https:\\\/\\\/www.colegionewman.org\\\/el-colegio-internacional-j-h-newman-de-las-rosas-celebra-su-vigesimo-aniversario\\\/\"]}]},{\"@type\":\"ImageObject\",\"inLanguage\":\"es\",\"@id\":\"https:\\\/\\\/www.colegionewman.org\\\/el-colegio-internacional-j-h-newman-de-las-rosas-celebra-su-vigesimo-aniversario\\\/#primaryimage\",\"url\":\"https:\\\/\\\/www.colegionewman.org\\\/wp-content\\\/uploads\\\/IMAGEN-20-ANIVERSARIO-NEWMAN.jpg\",\"contentUrl\":\"https:\\\/\\\/www.colegionewman.org\\\/wp-content\\\/uploads\\\/IMAGEN-20-ANIVERSARIO-NEWMAN.jpg\",\"width\":1920,\"height\":1080,\"caption\":\"Imagen conmemorativa del vig\u00e9simo aniversario del Colegio Newman, hito institucional de la fundaci\u00f3n internacional de educaci\u00f3n.\"},{\"@type\":\"BreadcrumbList\",\"@id\":\"https:\\\/\\\/www.colegionewman.org\\\/el-colegio-internacional-j-h-newman-de-las-rosas-celebra-su-vigesimo-aniversario\\\/#breadcrumb\",\"itemListElement\":[{\"@type\":\"ListItem\",\"position\":1,\"name\":\"Portada\",\"item\":\"https:\\\/\\\/www.colegionewman.org\\\/\"},{\"@type\":\"ListItem\",\"position\":2,\"name\":\"El Colegio Internacional J.H. Newman de Las Rosas, celebra su vig\u00e9simo aniversario\"}]},{\"@type\":\"WebSite\",\"@id\":\"https:\\\/\\\/www.colegionewman.org\\\/#website\",\"url\":\"https:\\\/\\\/www.colegionewman.org\\\/\",\"name\":\"Colegio Internacional J.H. Newman\",\"description\":\"Un colegio que te abre al mundo\",\"publisher\":{\"@id\":\"https:\\\/\\\/www.colegionewman.org\\\/#organization\"},\"alternateName\":\"Colegio Newman\",\"potentialAction\":[{\"@type\":\"SearchAction\",\"target\":{\"@type\":\"EntryPoint\",\"urlTemplate\":\"https:\\\/\\\/www.colegionewman.org\\\/?s={search_term_string}\"},\"query-input\":{\"@type\":\"PropertyValueSpecification\",\"valueRequired\":true,\"valueName\":\"search_term_string\"}}],\"inLanguage\":\"es\"},{\"@type\":\"Organization\",\"@id\":\"https:\\\/\\\/www.colegionewman.org\\\/#organization\",\"name\":\"Colegio Internacional J.H. Newman\",\"alternateName\":\"Colegio Newman\",\"url\":\"https:\\\/\\\/www.colegionewman.org\\\/\",\"logo\":{\"@type\":\"ImageObject\",\"inLanguage\":\"es\",\"@id\":\"https:\\\/\\\/www.colegionewman.org\\\/#\\\/schema\\\/logo\\\/image\\\/\",\"url\":\"https:\\\/\\\/www.colegionewman.org\\\/wp-content\\\/uploads\\\/logo_mini_newman_Mesa-de-trabajo-1.png\",\"contentUrl\":\"https:\\\/\\\/www.colegionewman.org\\\/wp-content\\\/uploads\\\/logo_mini_newman_Mesa-de-trabajo-1.png\",\"width\":750,\"height\":750,\"caption\":\"Colegio Internacional J.H. Newman\"},\"image\":{\"@id\":\"https:\\\/\\\/www.colegionewman.org\\\/#\\\/schema\\\/logo\\\/image\\\/\"},\"sameAs\":[\"https:\\\/\\\/www.instagram.com\\\/colegiojhnewman\\\/\",\"https:\\\/\\\/www.youtube.com\\\/channel\\\/UCUEVCANGRsznbp-DRfSrexw\",\"https:\\\/\\\/www.linkedin.com\\\/company\\\/colegio-internacional-jh-newman\"]},{\"@type\":\"Person\",\"@id\":\"https:\\\/\\\/www.colegionewman.org\\\/#\\\/schema\\\/person\\\/8106daec86dc9c621dee981574299879\",\"name\":\"usuario01\",\"image\":{\"@type\":\"ImageObject\",\"inLanguage\":\"es\",\"@id\":\"https:\\\/\\\/secure.gravatar.com\\\/avatar\\\/2cefad0f4eecf4293f29f0087b54fe8c76e9fc1d6aed0ef8a8ecdd2e38e8cd47?s=96&d=mm&r=g\",\"url\":\"https:\\\/\\\/secure.gravatar.com\\\/avatar\\\/2cefad0f4eecf4293f29f0087b54fe8c76e9fc1d6aed0ef8a8ecdd2e38e8cd47?s=96&d=mm&r=g\",\"contentUrl\":\"https:\\\/\\\/secure.gravatar.com\\\/avatar\\\/2cefad0f4eecf4293f29f0087b54fe8c76e9fc1d6aed0ef8a8ecdd2e38e8cd47?s=96&d=mm&r=g\",\"caption\":\"usuario01\"},\"sameAs\":[\"https:\\\/\\\/www.colegionewman.org\"],\"url\":\"https:\\\/\\\/www.colegionewman.org\\\/es_es\\\/author\\\/usuario01\\\/\"}]}<\/script>\n<!-- \/ Yoast SEO plugin. -->","yoast_head_json":{"title":"Celebraci\u00f3n del vigesimo aniversario del Colegio Newman","description":"El Colegio Newman celebra su vig\u00e9simo aniversario. Una celebraci\u00f3n para toda la comunidad educativa con diversas actividades e iniciativas.","robots":{"index":"index","follow":"follow","max-snippet":"max-snippet:-1","max-image-preview":"max-image-preview:large","max-video-preview":"max-video-preview:-1"},"canonical":"https:\/\/www.colegionewman.org\/es_es\/el-colegio-internacional-j-h-newman-de-las-rosas-celebra-su-vigesimo-aniversario\/","og_locale":"es_ES","og_type":"article","og_title":"Celebraci\u00f3n del vigesimo aniversario del Colegio Newman","og_description":"El Colegio Newman celebra su vig\u00e9simo aniversario. Una celebraci\u00f3n para toda la comunidad educativa con diversas actividades e iniciativas.","og_url":"https:\/\/www.colegionewman.org\/es_es\/el-colegio-internacional-j-h-newman-de-las-rosas-celebra-su-vigesimo-aniversario\/","og_site_name":"Colegio Internacional J.H. Newman","article_published_time":"2024-09-12T12:55:57+00:00","article_modified_time":"2025-01-10T19:47:14+00:00","og_image":[{"width":1920,"height":1080,"url":"https:\/\/www.colegionewman.org\/wp-content\/uploads\/IMAGEN-20-ANIVERSARIO-NEWMAN.jpg","type":"image\/jpeg"}],"author":"usuario01","twitter_card":"summary_large_image","twitter_misc":{"Escrito por":"usuario01","Tiempo de lectura":"5 minutos"},"schema":{"@context":"https:\/\/schema.org","@graph":[{"@type":"Article","@id":"https:\/\/www.colegionewman.org\/el-colegio-internacional-j-h-newman-de-las-rosas-celebra-su-vigesimo-aniversario\/#article","isPartOf":{"@id":"https:\/\/www.colegionewman.org\/el-colegio-internacional-j-h-newman-de-las-rosas-celebra-su-vigesimo-aniversario\/"},"author":{"name":"usuario01","@id":"https:\/\/www.colegionewman.org\/#\/schema\/person\/8106daec86dc9c621dee981574299879"},"headline":"El Colegio Internacional J.H. Newman de Las Rosas, celebra su vig\u00e9simo aniversario","datePublished":"2024-09-12T12:55:57+00:00","dateModified":"2025-01-10T19:47:14+00:00","mainEntityOfPage":{"@id":"https:\/\/www.colegionewman.org\/el-colegio-internacional-j-h-newman-de-las-rosas-celebra-su-vigesimo-aniversario\/"},"wordCount":1120,"commentCount":0,"publisher":{"@id":"https:\/\/www.colegionewman.org\/#organization"},"image":{"@id":"https:\/\/www.colegionewman.org\/el-colegio-internacional-j-h-newman-de-las-rosas-celebra-su-vigesimo-aniversario\/#primaryimage"},"thumbnailUrl":"https:\/\/www.colegionewman.org\/wp-content\/uploads\/IMAGEN-20-ANIVERSARIO-NEWMAN.jpg","keywords":["20 aniversario","20 aniversario newman","Bachillerato","Colegio Internacional JH Newman","Colegio Newman","ESO","Horizonte internacional","ingl\u00e9s","Madrid","Primaria","Primeros a\u00f1os"],"articleSection":["20 aniversario","Bachillerato","Colegio","Eventos","Extraescolares","Infantil","Internacional","Noticias","Orientaci\u00f3n","Prensa","Primaria","Secundaria"],"inLanguage":"es","potentialAction":[{"@type":"CommentAction","name":"Comment","target":["https:\/\/www.colegionewman.org\/el-colegio-internacional-j-h-newman-de-las-rosas-celebra-su-vigesimo-aniversario\/#respond"]}]},{"@type":"WebPage","@id":"https:\/\/www.colegionewman.org\/el-colegio-internacional-j-h-newman-de-las-rosas-celebra-su-vigesimo-aniversario\/","url":"https:\/\/www.colegionewman.org\/el-colegio-internacional-j-h-newman-de-las-rosas-celebra-su-vigesimo-aniversario\/","name":"Celebraci\u00f3n del vigesimo aniversario del Colegio Newman","isPartOf":{"@id":"https:\/\/www.colegionewman.org\/#website"},"primaryImageOfPage":{"@id":"https:\/\/www.colegionewman.org\/el-colegio-internacional-j-h-newman-de-las-rosas-celebra-su-vigesimo-aniversario\/#primaryimage"},"image":{"@id":"https:\/\/www.colegionewman.org\/el-colegio-internacional-j-h-newman-de-las-rosas-celebra-su-vigesimo-aniversario\/#primaryimage"},"thumbnailUrl":"https:\/\/www.colegionewman.org\/wp-content\/uploads\/IMAGEN-20-ANIVERSARIO-NEWMAN.jpg","datePublished":"2024-09-12T12:55:57+00:00","dateModified":"2025-01-10T19:47:14+00:00","description":"El Colegio Newman celebra su vig\u00e9simo aniversario. Una celebraci\u00f3n para toda la comunidad educativa con diversas actividades e iniciativas.","breadcrumb":{"@id":"https:\/\/www.colegionewman.org\/el-colegio-internacional-j-h-newman-de-las-rosas-celebra-su-vigesimo-aniversario\/#breadcrumb"},"inLanguage":"es","potentialAction":[{"@type":"ReadAction","target":["https:\/\/www.colegionewman.org\/el-colegio-internacional-j-h-newman-de-las-rosas-celebra-su-vigesimo-aniversario\/"]}]},{"@type":"ImageObject","inLanguage":"es","@id":"https:\/\/www.colegionewman.org\/el-colegio-internacional-j-h-newman-de-las-rosas-celebra-su-vigesimo-aniversario\/#primaryimage","url":"https:\/\/www.colegionewman.org\/wp-content\/uploads\/IMAGEN-20-ANIVERSARIO-NEWMAN.jpg","contentUrl":"https:\/\/www.colegionewman.org\/wp-content\/uploads\/IMAGEN-20-ANIVERSARIO-NEWMAN.jpg","width":1920,"height":1080,"caption":"Imagen conmemorativa del vig\u00e9simo aniversario del Colegio Newman, hito institucional de la fundaci\u00f3n internacional de educaci\u00f3n."},{"@type":"BreadcrumbList","@id":"https:\/\/www.colegionewman.org\/el-colegio-internacional-j-h-newman-de-las-rosas-celebra-su-vigesimo-aniversario\/#breadcrumb","itemListElement":[{"@type":"ListItem","position":1,"name":"Portada","item":"https:\/\/www.colegionewman.org\/"},{"@type":"ListItem","position":2,"name":"El Colegio Internacional J.H. Newman de Las Rosas, celebra su vig\u00e9simo aniversario"}]},{"@type":"WebSite","@id":"https:\/\/www.colegionewman.org\/#website","url":"https:\/\/www.colegionewman.org\/","name":"Colegio Internacional J.H. Newman","description":"Un colegio que te abre al mundo","publisher":{"@id":"https:\/\/www.colegionewman.org\/#organization"},"alternateName":"Colegio Newman","potentialAction":[{"@type":"SearchAction","target":{"@type":"EntryPoint","urlTemplate":"https:\/\/www.colegionewman.org\/?s={search_term_string}"},"query-input":{"@type":"PropertyValueSpecification","valueRequired":true,"valueName":"search_term_string"}}],"inLanguage":"es"},{"@type":"Organization","@id":"https:\/\/www.colegionewman.org\/#organization","name":"Colegio Internacional J.H. Newman","alternateName":"Colegio Newman","url":"https:\/\/www.colegionewman.org\/","logo":{"@type":"ImageObject","inLanguage":"es","@id":"https:\/\/www.colegionewman.org\/#\/schema\/logo\/image\/","url":"https:\/\/www.colegionewman.org\/wp-content\/uploads\/logo_mini_newman_Mesa-de-trabajo-1.png","contentUrl":"https:\/\/www.colegionewman.org\/wp-content\/uploads\/logo_mini_newman_Mesa-de-trabajo-1.png","width":750,"height":750,"caption":"Colegio Internacional J.H. Newman"},"image":{"@id":"https:\/\/www.colegionewman.org\/#\/schema\/logo\/image\/"},"sameAs":["https:\/\/www.instagram.com\/colegiojhnewman\/","https:\/\/www.youtube.com\/channel\/UCUEVCANGRsznbp-DRfSrexw","https:\/\/www.linkedin.com\/company\/colegio-internacional-jh-newman"]},{"@type":"Person","@id":"https:\/\/www.colegionewman.org\/#\/schema\/person\/8106daec86dc9c621dee981574299879","name":"usuario01","image":{"@type":"ImageObject","inLanguage":"es","@id":"https:\/\/secure.gravatar.com\/avatar\/2cefad0f4eecf4293f29f0087b54fe8c76e9fc1d6aed0ef8a8ecdd2e38e8cd47?s=96&d=mm&r=g","url":"https:\/\/secure.gravatar.com\/avatar\/2cefad0f4eecf4293f29f0087b54fe8c76e9fc1d6aed0ef8a8ecdd2e38e8cd47?s=96&d=mm&r=g","contentUrl":"https:\/\/secure.gravatar.com\/avatar\/2cefad0f4eecf4293f29f0087b54fe8c76e9fc1d6aed0ef8a8ecdd2e38e8cd47?s=96&d=mm&r=g","caption":"usuario01"},"sameAs":["https:\/\/www.colegionewman.org"],"url":"https:\/\/www.colegionewman.org\/es_es\/author\/usuario01\/"}]}},"_links":{"self":[{"href":"https:\/\/www.colegionewman.org\/es_es\/wp-json\/wp\/v2\/posts\/29849","targetHints":{"allow":["GET"]}}],"collection":[{"href":"https:\/\/www.colegionewman.org\/es_es\/wp-json\/wp\/v2\/posts"}],"about":[{"href":"https:\/\/www.colegionewman.org\/es_es\/wp-json\/wp\/v2\/types\/post"}],"author":[{"embeddable":true,"href":"https:\/\/www.colegionewman.org\/es_es\/wp-json\/wp\/v2\/users\/1"}],"replies":[{"embeddable":true,"href":"https:\/\/www.colegionewman.org\/es_es\/wp-json\/wp\/v2\/comments?post=29849"}],"version-history":[{"count":2,"href":"https:\/\/www.colegionewman.org\/es_es\/wp-json\/wp\/v2\/posts\/29849\/revisions"}],"predecessor-version":[{"id":29852,"href":"https:\/\/www.colegionewman.org\/es_es\/wp-json\/wp\/v2\/posts\/29849\/revisions\/29852"}],"wp:featuredmedia":[{"embeddable":true,"href":"https:\/\/www.colegionewman.org\/es_es\/wp-json\/wp\/v2\/media\/29850"}],"wp:attachment":[{"href":"https:\/\/www.colegionewman.org\/es_es\/wp-json\/wp\/v2\/media?parent=29849"}],"wp:term":[{"taxonomy":"category","embeddable":true,"href":"https:\/\/www.colegionewman.org\/es_es\/wp-json\/wp\/v2\/categories?post=29849"},{"taxonomy":"post_tag","embeddable":true,"href":"https:\/\/www.colegionewman.org\/es_es\/wp-json\/wp\/v2\/tags?post=29849"}],"curies":[{"name":"wp","href":"https:\/\/api.w.org\/{rel}","templated":true}]}}