{"id":29762,"date":"2024-11-15T11:18:00","date_gmt":"2024-11-15T10:18:00","guid":{"rendered":"https:\/\/www.colegionewman.org\/?p=29762"},"modified":"2025-01-10T20:46:31","modified_gmt":"2025-01-10T19:46:31","slug":"resolucion-de-conflictos-en-las-aulas-la-razon-de-la-disciplina-y-el-valor-de-la-correccion","status":"publish","type":"post","link":"https:\/\/www.colegionewman.org\/es_es\/resolucion-de-conflictos-en-las-aulas-la-razon-de-la-disciplina-y-el-valor-de-la-correccion\/","title":{"rendered":"Resoluci\u00f3n de conflictos en las aulas: La raz\u00f3n de la disciplina y el valor de la correcci\u00f3n."},"content":{"rendered":"\n<p><em>La educaci\u00f3n es una libertad que se dirige a otra libertad. Por eso implica un riesgo en el educador. La acci\u00f3n educativa nace como un acto de caridad en el que quien educa ofrece su persona al otro a trav\u00e9s de todo lo que le propone dentro de la vida escolar.&nbsp;<\/em><\/p>\n\n\n\n<p><em>\u00bfQu\u00e9 puede dar energ\u00edas a un chico para actuar de una determinada forma o para que corrija su error una vez que es consciente de \u00e9l? Si apuntamos s\u00f3lo sobre su fuerza de voluntad, incluso los que empiezan bien pueden acabar fracasando. Es necesario estar acompa\u00f1ados por alguien que le aprecie m\u00e1s all\u00e1 de su debilidad o incapacidad, porque el deseo y esfuerzo por cambiar se renueva cuando -al ser corregido- el otro se siente abrazado y perdonado. Si no, el peso de los errores puede generar una desilusi\u00f3n de uno mismo que acaba derivando en escepticismo y, con el tiempo, en cinismo.<\/em><\/p>\n\n\n\n<p><em>Corregir y reclamar a la verdad significa posibilitar que una acci\u00f3n, un gesto, est\u00e9 en armon\u00eda con el contexto en que se realiza. Se puede recoger el papel del suelo por amor al lugar en el que est\u00e1s, o se puede guardar silencio por amor y respeto a las personas que te rodean. Sin esta perspectiva es un simple gesto de buena conducta.&nbsp;<\/em><\/p>\n\n\n\n<p>Desde el <strong>Colegio J.H. Newman <\/strong>trabajamos estos aspectos desde Infantil hasta Bachillerato, no solo para mejorar el ambiente escolar, sino tambi\u00e9n para ense\u00f1ar a los estudiantes <strong>valiosas lecciones<\/strong> sobre <strong>comunicaci\u00f3n, empat\u00eda, el valor de la correcci\u00f3n <\/strong>o el porqu\u00e9 de la disciplina.&nbsp;<\/p>\n\n\n\n<p>La reconocida psic\u00f3loga <strong>Giovanna Moretto,<\/strong> que visit\u00f3 nuestro colegio para abordar los problemas a los que se enfrentan los adolescentes de hoy con los docentes y familias, mostr\u00f3 su preocupaci\u00f3n por la fragilidad y las dificultades que los j\u00f3venes viven actualmente y la respuesta del adulto: <em>\u201ccreemos que tenemos que dirigirnos a expertos, para que nos resuelvan y nos den una receta de c\u00f3mo tenemos que comportarnos o cual es la forma de responder adecuadamente. Nada de eso es as\u00ed: todo se juega en una responsabilidad y en una mirada donde el sujeto protagonista somos en primer lugar, nosotros\u201d, afirm\u00f3.<\/em><\/p>\n\n\n\n<p>A nivel pr\u00e1ctico y de manera concreta, para solventar ciertas problem\u00e1ticas o conflictos que pueden darse en la vida escolar, los docentes pueden utilizar juegos de rol, discusiones y actividades de reflexi\u00f3n para ayudar a los estudiantes a <strong>ponerse en el lugar de los dem\u00e1s <\/strong>y comprender sus perspectivas y sentimientos. Al desarrollar la empat\u00eda, los estudiantes son m\u00e1s capaces de identificar y respetar las diferencias, reduciendo as\u00ed la frecuencia de conflictos.&nbsp;<\/p>\n\n\n\n<p>Pilar fundamental es en este aspecto, la relaci\u00f3n y el trabajo de los<strong> tutores con el alumno<\/strong>, espacio oportuno para ayudarles a educar la libertad y el afecto, as\u00ed como el amor y el respeto al pr\u00f3jimo.&nbsp;<\/p>\n\n\n\n<h2 class=\"wp-block-heading\"><strong>La raz\u00f3n de la disciplina<\/strong><\/h2>\n\n\n\n<p><\/p>\n\n\n\n<p>Es igual de importante entender y trabajar la <strong>raz\u00f3n de la disciplina. <\/strong>Para juzgar y elegir hace falta tener un criterio. Es por ello que la relaci\u00f3n profesor-alumno se hace imprescindible, ya que la disciplina implica una relaci\u00f3n educativa que favorezca que el alumno reconozca y valore esas exigencias dentro de lo que sucede en la vida escolar. <strong>&nbsp;<\/strong>En este punto entra en juego <strong>la fragilidad afectiva, <\/strong>algo que como insisti\u00f3 Giovanna Moretto, siempre ha existido y \u201cest\u00e1 dentro de la naturaleza del hombre\u201d.&nbsp;<\/p>\n\n\n\n<h2 class=\"wp-block-heading\"><strong>El valor de la correcci\u00f3n<\/strong><\/h2>\n\n\n\n<p><\/p>\n\n\n\n<p><strong>Corregir es regirse con otro,<\/strong> lo que posibilita eliminar o enmendar los errores. La correcci\u00f3n es una de las acciones m\u00e1s necesarias y dif\u00edciles dentro de la tarea de educar. Muchas veces es vista como una recriminaci\u00f3n que, al final, puede acabar aplastando a la persona. <strong>Corregir<\/strong>, sin embargo, es reclamar a la verdad, permite descubrir aspectos que quiz\u00e1s antes no se ve\u00edan o estimular el deseo de lo que es correcto.<\/p>\n\n\n\n<p>Ahora bien, para que la correcci\u00f3n sea fruct\u00edfera en este sentido, hay que partir de la consideraci\u00f3n de que la persona -en su valor y dignidad- no est\u00e1 definida por sus acciones. De una estima as\u00ed surge la magnanimidad y la paciencia que permite confiar en el hecho de que todos tenemos el mismo coraz\u00f3n y que, a pesar de una posible reacci\u00f3n negativa, en el tiempo el alumno puede comprender e incluso cambiar.<\/p>\n\n\n\n<p>Por ello, a la hora de corregir algo, adem\u00e1s de decir que est\u00e1 mal, se trata de querer ir a las causas de la acci\u00f3n equivocada, a las razones que la originan.<\/p>\n\n\n\n<p>Ante un problema de cualquier \u00edndole, <strong>la experta Moretto <\/strong>habl\u00f3 as\u00ed a los padres: \u201c<em>Pretendo que les hag\u00e1is ver un camino, les hag\u00e1is una propuesta. Un camino donde est\u00e1 todo, no un camino donde est\u00e1 lo f\u00e1cil. As\u00ed que \u00bfqu\u00e9 es lo que necesitan? Adultos que sepan estar frente a su dolor, mirando este dolor como lo m\u00e1s humano y bello que tienen. Necesitan la realidad, todo, desde las notas malas, las notas buenas, a los padres que pierden la paciencia\u2026 Necesitan adultos que les hagan una propuesta de esperanza y que les miren como un misterio\u201d.<\/em><\/p>\n\n\n\n<p>A continuaci\u00f3n, detallamos algunas de las<strong> cuestiones m\u00e1s importantes para resolver problemas y conflictos <\/strong>que puedan darse en el transcurso de la vida escolar y que desde el <strong><a href=\"https:\/\/www.colegionewman.org\/actividad\/#orientacin\">Dpto. de Orientaci\u00f3n del Colegio Newman<\/a><\/strong> utilizamos y ponemos en pr\u00e1ctica:<\/p>\n\n\n\n<figure class=\"wp-block-image size-full\"><img loading=\"lazy\" decoding=\"async\" width=\"1000\" height=\"667\" src=\"https:\/\/www.colegionewman.org\/wp-content\/uploads\/resolucion-de-conflictos-en-las-aulas-1-scaled-1.jpg\" alt=\"\" class=\"wp-image-30105\" srcset=\"https:\/\/www.colegionewman.org\/wp-content\/uploads\/resolucion-de-conflictos-en-las-aulas-1-scaled-1.jpg 1000w, https:\/\/www.colegionewman.org\/wp-content\/uploads\/resolucion-de-conflictos-en-las-aulas-1-scaled-1-300x200.jpg 300w, https:\/\/www.colegionewman.org\/wp-content\/uploads\/resolucion-de-conflictos-en-las-aulas-1-scaled-1-768x512.jpg 768w, https:\/\/www.colegionewman.org\/wp-content\/uploads\/resolucion-de-conflictos-en-las-aulas-1-scaled-1-705x470.jpg 705w\" sizes=\"auto, (max-width: 1000px) 100vw, 1000px\" \/><\/figure>\n\n\n\n<h3 class=\"wp-block-heading\"><strong>1. Escucha y juicio com\u00fan<\/strong><\/h3>\n\n\n\n<p>La escucha activa es una aplicaci\u00f3n que requiere que los participantes en un conflicto <strong>escuchen atentamente y sin juzgar<\/strong> lo que la otra parte est\u00e1 diciendo. Los docentes pueden fomentar este enfoque animando a los estudiantes a parafrasear lo que han escuchado y hacer preguntas aclaratorias.&nbsp;<\/p>\n\n\n\n<p>Elemento fundamental en la educaci\u00f3n del alumnado es el juicio com\u00fan con los profesores y tutores. A este fin se propondr\u00e1n actividades destinadas a juzgar los hechos m\u00e1s relevantes que suceden y que puedan ser ocasi\u00f3n privilegiada en la consecuci\u00f3n de estos objetivos.&nbsp;<\/p>\n\n\n\n<h3 class=\"wp-block-heading\"><strong>2. La autoridad del adulto<\/strong><\/h3>\n\n\n\n<p><\/p>\n\n\n\n<p>El adulto est\u00e1 llamado continuamente a &#8216;dar raz\u00f3n&#8217; de todo. Este dar raz\u00f3n supone un aut\u00e9ntico don de uno mismo en el que uno no se guarda nada de su vida y experiencia ante los alumnos, ayud\u00e1ndoles as\u00ed a tener en cuenta todos los factores que est\u00e1n en juego en una situaci\u00f3n y a reconocer c\u00f3mo est\u00e1n implicadas sus exigencias humanas dentro de todo lo que sucede.<\/p>\n\n\n\n<h3 class=\"wp-block-heading\"><strong>3. El di\u00e1logo entre los implicados guiados por un profesor<\/strong><\/h3>\n\n\n\n<p>Es uno de los pasos que se trabajan desde el colegio y que se basa en<strong> reunir a las partes involucradas <\/strong>en un problema para discutir lo que sucedi\u00f3, c\u00f3mo se sintieron y c\u00f3mo pueden enmendar la situaci\u00f3n, siempre guiados en el proceso por un profesor. Este trabajo fomenta un sentido de comunidad y responsabilidad compartida, ya que <strong>se centra en reparar el da\u00f1o<\/strong> en lugar de simplemente castigar a los involucrados.<\/p>\n\n\n\n<p>La acci\u00f3n tutorial juega tambi\u00e9n un papel prioritario en este aspecto. Se comprende como el proceso en el que educamos, acompa\u00f1amos, ayudamos a descubrir, a alumnos y familias en un ambiente de confianza que permite el crecimiento de todos los agentes educativos.&nbsp;<\/p>\n\n\n\n<h3 class=\"wp-block-heading\"><strong>4. Desarrollo de la empat\u00eda<\/strong><\/h3>\n\n\n\n<p><strong>Fomentar la empat\u00eda <\/strong>en los estudiantes puede prevenir y resolver conflictos de manera m\u00e1s efectiva.&nbsp;<\/p>\n\n\n\n<p>En estos casos los docentes pueden utilizar juegos de rol, discusiones y actividades de reflexi\u00f3n para ayudar a los estudiantes a <strong>ponerse en el lugar de los dem\u00e1s <\/strong>y comprender sus perspectivas y sentimientos.&nbsp;<\/p>\n\n\n\n<h3 class=\"wp-block-heading\"><strong>5. Normas de convivencia y comunicaci\u00f3n asertiva<\/strong><\/h3>\n\n\n\n<p><\/p>\n\n\n\n<p>Establecer <strong>normas claras de convivencia<\/strong> en el aula y ense\u00f1ar a los estudiantes habilidades de comunicaci\u00f3n asertiva son estrategias clave para la prevenci\u00f3n y resoluci\u00f3n de conflictos. Las normas de convivencia deben ser co-creadas con los estudiantes para asegurar su compromiso y comprensi\u00f3n. La comunicaci\u00f3n asertiva, que implica expresar pensamientos y sentimientos de manera honesta y respetuosa, ayuda a los estudiantes a <strong>manejar desacuerdos<\/strong> sin agresividad o pasividad.&nbsp;&nbsp;<\/p>\n\n\n\n<p>Las normas de convivencia y conducta son una condici\u00f3n necesaria para esta educaci\u00f3n porque siempre nos introducen en el valor de alg\u00fan aspecto de la realidad y de la vida escolar. Hay que saber dar raz\u00f3n de los comportamientos a los que se reclama al alumno, hay que ayudar a que descubran el bien que hay dentro del deber de todos los d\u00edas.<\/p>\n\n\n\n<p>Educar resulta ser un proceso continuo de formaci\u00f3n del ser humano en todos sus aspectos y dimensiones, que dan como fruto un individuo \u00fanico y singular. Un proceso en el que el educando es part\u00edcipe pues est\u00e1 fundamentado <strong>en la b\u00fasqueda personal de la verdad<\/strong> a trav\u00e9s de la raz\u00f3n y la libertad.<\/p>\n","protected":false},"excerpt":{"rendered":"<p>La educaci\u00f3n es una libertad que se dirige a otra libertad. Por eso implica un riesgo en el educador. La acci\u00f3n educativa nace como un acto de caridad en el que quien educa ofrece su persona al otro a trav\u00e9s de todo lo que le propone dentro de la vida escolar.&nbsp; \u00bfQu\u00e9 puede dar energ\u00edas [&hellip;]<\/p>\n","protected":false},"author":1,"featured_media":30105,"comment_status":"open","ping_status":"open","sticky":false,"template":"","format":"standard","meta":{"footnotes":""},"categories":[17,72,22,14,87,19,15,16],"tags":[97,721,26,1477,188,421,33,1476,1478],"class_list":["post-29762","post","type-post","status-publish","format-standard","has-post-thumbnail","hentry","category-bachillerato","category-colegio","category-extraescolares","category-infantil","category-noticias","category-orientacion","category-primaria","category-secundaria","tag-bachillerato","tag-colegio-internacional-jh-newman","tag-colegio-newman","tag-conflictos-en-el-aula","tag-eso","tag-madrid","tag-primaria","tag-resolucion-de-conflictos","tag-tecnicas-para-resolver-conflictos"],"yoast_head":"<!-- This site is optimized with the Yoast SEO plugin v27.3 - https:\/\/yoast.com\/product\/yoast-seo-wordpress\/ -->\n<title>Resoluci\u00f3n de conflictos en colegio concertado Madrid<\/title>\n<meta name=\"description\" content=\"La resoluci\u00f3n de conflictos es una habilidad esencial para los docentes. Presentamos el valor de la correcci\u00f3n y la disciplina con 5 t\u00e9cnicas\" \/>\n<meta name=\"robots\" content=\"index, follow, max-snippet:-1, max-image-preview:large, max-video-preview:-1\" \/>\n<link rel=\"canonical\" href=\"https:\/\/www.colegionewman.org\/es_es\/resolucion-de-conflictos-en-las-aulas-la-razon-de-la-disciplina-y-el-valor-de-la-correccion\/\" \/>\n<meta property=\"og:locale\" content=\"es_ES\" \/>\n<meta property=\"og:type\" content=\"article\" \/>\n<meta property=\"og:title\" content=\"Resoluci\u00f3n de conflictos en colegio concertado Madrid\" \/>\n<meta property=\"og:description\" content=\"La resoluci\u00f3n de conflictos es una habilidad esencial para los docentes. Presentamos el valor de la correcci\u00f3n y la disciplina con 5 t\u00e9cnicas\" \/>\n<meta property=\"og:url\" content=\"https:\/\/www.colegionewman.org\/es_es\/resolucion-de-conflictos-en-las-aulas-la-razon-de-la-disciplina-y-el-valor-de-la-correccion\/\" \/>\n<meta property=\"og:site_name\" content=\"Colegio Internacional J.H. Newman\" \/>\n<meta property=\"article:published_time\" content=\"2024-11-15T10:18:00+00:00\" \/>\n<meta property=\"article:modified_time\" content=\"2025-01-10T19:46:31+00:00\" \/>\n<meta property=\"og:image\" content=\"https:\/\/www.colegionewman.org\/wp-content\/uploads\/resolucion-de-conflictos-en-las-aulas-1-scaled-1.jpg\" \/>\n\t<meta property=\"og:image:width\" content=\"1000\" \/>\n\t<meta property=\"og:image:height\" content=\"667\" \/>\n\t<meta property=\"og:image:type\" content=\"image\/jpeg\" \/>\n<meta name=\"author\" content=\"usuario01\" \/>\n<meta name=\"twitter:card\" content=\"summary_large_image\" \/>\n<meta name=\"twitter:label1\" content=\"Escrito por\" \/>\n\t<meta name=\"twitter:data1\" content=\"usuario01\" \/>\n\t<meta name=\"twitter:label2\" content=\"Tiempo de lectura\" \/>\n\t<meta name=\"twitter:data2\" content=\"7 minutos\" \/>\n<script type=\"application\/ld+json\" class=\"yoast-schema-graph\">{\"@context\":\"https:\\\/\\\/schema.org\",\"@graph\":[{\"@type\":\"Article\",\"@id\":\"https:\\\/\\\/www.colegionewman.org\\\/resolucion-de-conflictos-en-las-aulas-la-razon-de-la-disciplina-y-el-valor-de-la-correccion\\\/#article\",\"isPartOf\":{\"@id\":\"https:\\\/\\\/www.colegionewman.org\\\/resolucion-de-conflictos-en-las-aulas-la-razon-de-la-disciplina-y-el-valor-de-la-correccion\\\/\"},\"author\":{\"name\":\"usuario01\",\"@id\":\"https:\\\/\\\/www.colegionewman.org\\\/#\\\/schema\\\/person\\\/8106daec86dc9c621dee981574299879\"},\"headline\":\"Resoluci\u00f3n de conflictos en las aulas: La raz\u00f3n de la disciplina y el valor de la correcci\u00f3n.\",\"datePublished\":\"2024-11-15T10:18:00+00:00\",\"dateModified\":\"2025-01-10T19:46:31+00:00\",\"mainEntityOfPage\":{\"@id\":\"https:\\\/\\\/www.colegionewman.org\\\/resolucion-de-conflictos-en-las-aulas-la-razon-de-la-disciplina-y-el-valor-de-la-correccion\\\/\"},\"wordCount\":1541,\"commentCount\":0,\"publisher\":{\"@id\":\"https:\\\/\\\/www.colegionewman.org\\\/#organization\"},\"image\":{\"@id\":\"https:\\\/\\\/www.colegionewman.org\\\/resolucion-de-conflictos-en-las-aulas-la-razon-de-la-disciplina-y-el-valor-de-la-correccion\\\/#primaryimage\"},\"thumbnailUrl\":\"https:\\\/\\\/www.colegionewman.org\\\/wp-content\\\/uploads\\\/resolucion-de-conflictos-en-las-aulas-1-scaled-1.jpg\",\"keywords\":[\"Bachillerato\",\"Colegio Internacional JH Newman\",\"Colegio Newman\",\"Conflictos en el aula\",\"ESO\",\"Madrid\",\"Primaria\",\"Resoluci\u00f3n de conflictos\",\"T\u00e9cnicas para resolver conflictos\"],\"articleSection\":[\"Bachillerato\",\"Colegio\",\"Extraescolares\",\"Infantil\",\"Noticias\",\"Orientaci\u00f3n\",\"Primaria\",\"Secundaria\"],\"inLanguage\":\"es\",\"potentialAction\":[{\"@type\":\"CommentAction\",\"name\":\"Comment\",\"target\":[\"https:\\\/\\\/www.colegionewman.org\\\/resolucion-de-conflictos-en-las-aulas-la-razon-de-la-disciplina-y-el-valor-de-la-correccion\\\/#respond\"]}]},{\"@type\":\"WebPage\",\"@id\":\"https:\\\/\\\/www.colegionewman.org\\\/resolucion-de-conflictos-en-las-aulas-la-razon-de-la-disciplina-y-el-valor-de-la-correccion\\\/\",\"url\":\"https:\\\/\\\/www.colegionewman.org\\\/resolucion-de-conflictos-en-las-aulas-la-razon-de-la-disciplina-y-el-valor-de-la-correccion\\\/\",\"name\":\"Resoluci\u00f3n de conflictos en colegio concertado Madrid\",\"isPartOf\":{\"@id\":\"https:\\\/\\\/www.colegionewman.org\\\/#website\"},\"primaryImageOfPage\":{\"@id\":\"https:\\\/\\\/www.colegionewman.org\\\/resolucion-de-conflictos-en-las-aulas-la-razon-de-la-disciplina-y-el-valor-de-la-correccion\\\/#primaryimage\"},\"image\":{\"@id\":\"https:\\\/\\\/www.colegionewman.org\\\/resolucion-de-conflictos-en-las-aulas-la-razon-de-la-disciplina-y-el-valor-de-la-correccion\\\/#primaryimage\"},\"thumbnailUrl\":\"https:\\\/\\\/www.colegionewman.org\\\/wp-content\\\/uploads\\\/resolucion-de-conflictos-en-las-aulas-1-scaled-1.jpg\",\"datePublished\":\"2024-11-15T10:18:00+00:00\",\"dateModified\":\"2025-01-10T19:46:31+00:00\",\"description\":\"La resoluci\u00f3n de conflictos es una habilidad esencial para los docentes. Presentamos el valor de la correcci\u00f3n y la disciplina con 5 t\u00e9cnicas\",\"breadcrumb\":{\"@id\":\"https:\\\/\\\/www.colegionewman.org\\\/resolucion-de-conflictos-en-las-aulas-la-razon-de-la-disciplina-y-el-valor-de-la-correccion\\\/#breadcrumb\"},\"inLanguage\":\"es\",\"potentialAction\":[{\"@type\":\"ReadAction\",\"target\":[\"https:\\\/\\\/www.colegionewman.org\\\/resolucion-de-conflictos-en-las-aulas-la-razon-de-la-disciplina-y-el-valor-de-la-correccion\\\/\"]}]},{\"@type\":\"ImageObject\",\"inLanguage\":\"es\",\"@id\":\"https:\\\/\\\/www.colegionewman.org\\\/resolucion-de-conflictos-en-las-aulas-la-razon-de-la-disciplina-y-el-valor-de-la-correccion\\\/#primaryimage\",\"url\":\"https:\\\/\\\/www.colegionewman.org\\\/wp-content\\\/uploads\\\/resolucion-de-conflictos-en-las-aulas-1-scaled-1.jpg\",\"contentUrl\":\"https:\\\/\\\/www.colegionewman.org\\\/wp-content\\\/uploads\\\/resolucion-de-conflictos-en-las-aulas-1-scaled-1.jpg\",\"width\":1000,\"height\":667,\"caption\":\"Actividad de resoluci\u00f3n de conflictos en el Colegio Newman vinculada a su programa de orientaci\u00f3n educativa.\"},{\"@type\":\"BreadcrumbList\",\"@id\":\"https:\\\/\\\/www.colegionewman.org\\\/resolucion-de-conflictos-en-las-aulas-la-razon-de-la-disciplina-y-el-valor-de-la-correccion\\\/#breadcrumb\",\"itemListElement\":[{\"@type\":\"ListItem\",\"position\":1,\"name\":\"Portada\",\"item\":\"https:\\\/\\\/www.colegionewman.org\\\/\"},{\"@type\":\"ListItem\",\"position\":2,\"name\":\"Resoluci\u00f3n de conflictos en las aulas: La raz\u00f3n de la disciplina y el valor de la correcci\u00f3n.\"}]},{\"@type\":\"WebSite\",\"@id\":\"https:\\\/\\\/www.colegionewman.org\\\/#website\",\"url\":\"https:\\\/\\\/www.colegionewman.org\\\/\",\"name\":\"Colegio Internacional J.H. Newman\",\"description\":\"Un colegio que te abre al mundo\",\"publisher\":{\"@id\":\"https:\\\/\\\/www.colegionewman.org\\\/#organization\"},\"alternateName\":\"Colegio Newman\",\"potentialAction\":[{\"@type\":\"SearchAction\",\"target\":{\"@type\":\"EntryPoint\",\"urlTemplate\":\"https:\\\/\\\/www.colegionewman.org\\\/?s={search_term_string}\"},\"query-input\":{\"@type\":\"PropertyValueSpecification\",\"valueRequired\":true,\"valueName\":\"search_term_string\"}}],\"inLanguage\":\"es\"},{\"@type\":\"Organization\",\"@id\":\"https:\\\/\\\/www.colegionewman.org\\\/#organization\",\"name\":\"Colegio Internacional J.H. Newman\",\"alternateName\":\"Colegio Newman\",\"url\":\"https:\\\/\\\/www.colegionewman.org\\\/\",\"logo\":{\"@type\":\"ImageObject\",\"inLanguage\":\"es\",\"@id\":\"https:\\\/\\\/www.colegionewman.org\\\/#\\\/schema\\\/logo\\\/image\\\/\",\"url\":\"https:\\\/\\\/www.colegionewman.org\\\/wp-content\\\/uploads\\\/logo_mini_newman_Mesa-de-trabajo-1.png\",\"contentUrl\":\"https:\\\/\\\/www.colegionewman.org\\\/wp-content\\\/uploads\\\/logo_mini_newman_Mesa-de-trabajo-1.png\",\"width\":750,\"height\":750,\"caption\":\"Colegio Internacional J.H. Newman\"},\"image\":{\"@id\":\"https:\\\/\\\/www.colegionewman.org\\\/#\\\/schema\\\/logo\\\/image\\\/\"},\"sameAs\":[\"https:\\\/\\\/www.instagram.com\\\/colegiojhnewman\\\/\",\"https:\\\/\\\/www.youtube.com\\\/channel\\\/UCUEVCANGRsznbp-DRfSrexw\",\"https:\\\/\\\/www.linkedin.com\\\/company\\\/colegio-internacional-jh-newman\"]},{\"@type\":\"Person\",\"@id\":\"https:\\\/\\\/www.colegionewman.org\\\/#\\\/schema\\\/person\\\/8106daec86dc9c621dee981574299879\",\"name\":\"usuario01\",\"image\":{\"@type\":\"ImageObject\",\"inLanguage\":\"es\",\"@id\":\"https:\\\/\\\/secure.gravatar.com\\\/avatar\\\/2cefad0f4eecf4293f29f0087b54fe8c76e9fc1d6aed0ef8a8ecdd2e38e8cd47?s=96&d=mm&r=g\",\"url\":\"https:\\\/\\\/secure.gravatar.com\\\/avatar\\\/2cefad0f4eecf4293f29f0087b54fe8c76e9fc1d6aed0ef8a8ecdd2e38e8cd47?s=96&d=mm&r=g\",\"contentUrl\":\"https:\\\/\\\/secure.gravatar.com\\\/avatar\\\/2cefad0f4eecf4293f29f0087b54fe8c76e9fc1d6aed0ef8a8ecdd2e38e8cd47?s=96&d=mm&r=g\",\"caption\":\"usuario01\"},\"sameAs\":[\"https:\\\/\\\/www.colegionewman.org\"],\"url\":\"https:\\\/\\\/www.colegionewman.org\\\/es_es\\\/author\\\/usuario01\\\/\"}]}<\/script>\n<!-- \/ Yoast SEO plugin. -->","yoast_head_json":{"title":"Resoluci\u00f3n de conflictos en colegio concertado Madrid","description":"La resoluci\u00f3n de conflictos es una habilidad esencial para los docentes. Presentamos el valor de la correcci\u00f3n y la disciplina con 5 t\u00e9cnicas","robots":{"index":"index","follow":"follow","max-snippet":"max-snippet:-1","max-image-preview":"max-image-preview:large","max-video-preview":"max-video-preview:-1"},"canonical":"https:\/\/www.colegionewman.org\/es_es\/resolucion-de-conflictos-en-las-aulas-la-razon-de-la-disciplina-y-el-valor-de-la-correccion\/","og_locale":"es_ES","og_type":"article","og_title":"Resoluci\u00f3n de conflictos en colegio concertado Madrid","og_description":"La resoluci\u00f3n de conflictos es una habilidad esencial para los docentes. Presentamos el valor de la correcci\u00f3n y la disciplina con 5 t\u00e9cnicas","og_url":"https:\/\/www.colegionewman.org\/es_es\/resolucion-de-conflictos-en-las-aulas-la-razon-de-la-disciplina-y-el-valor-de-la-correccion\/","og_site_name":"Colegio Internacional J.H. Newman","article_published_time":"2024-11-15T10:18:00+00:00","article_modified_time":"2025-01-10T19:46:31+00:00","og_image":[{"width":1000,"height":667,"url":"https:\/\/www.colegionewman.org\/wp-content\/uploads\/resolucion-de-conflictos-en-las-aulas-1-scaled-1.jpg","type":"image\/jpeg"}],"author":"usuario01","twitter_card":"summary_large_image","twitter_misc":{"Escrito por":"usuario01","Tiempo de lectura":"7 minutos"},"schema":{"@context":"https:\/\/schema.org","@graph":[{"@type":"Article","@id":"https:\/\/www.colegionewman.org\/resolucion-de-conflictos-en-las-aulas-la-razon-de-la-disciplina-y-el-valor-de-la-correccion\/#article","isPartOf":{"@id":"https:\/\/www.colegionewman.org\/resolucion-de-conflictos-en-las-aulas-la-razon-de-la-disciplina-y-el-valor-de-la-correccion\/"},"author":{"name":"usuario01","@id":"https:\/\/www.colegionewman.org\/#\/schema\/person\/8106daec86dc9c621dee981574299879"},"headline":"Resoluci\u00f3n de conflictos en las aulas: La raz\u00f3n de la disciplina y el valor de la correcci\u00f3n.","datePublished":"2024-11-15T10:18:00+00:00","dateModified":"2025-01-10T19:46:31+00:00","mainEntityOfPage":{"@id":"https:\/\/www.colegionewman.org\/resolucion-de-conflictos-en-las-aulas-la-razon-de-la-disciplina-y-el-valor-de-la-correccion\/"},"wordCount":1541,"commentCount":0,"publisher":{"@id":"https:\/\/www.colegionewman.org\/#organization"},"image":{"@id":"https:\/\/www.colegionewman.org\/resolucion-de-conflictos-en-las-aulas-la-razon-de-la-disciplina-y-el-valor-de-la-correccion\/#primaryimage"},"thumbnailUrl":"https:\/\/www.colegionewman.org\/wp-content\/uploads\/resolucion-de-conflictos-en-las-aulas-1-scaled-1.jpg","keywords":["Bachillerato","Colegio Internacional JH Newman","Colegio Newman","Conflictos en el aula","ESO","Madrid","Primaria","Resoluci\u00f3n de conflictos","T\u00e9cnicas para resolver conflictos"],"articleSection":["Bachillerato","Colegio","Extraescolares","Infantil","Noticias","Orientaci\u00f3n","Primaria","Secundaria"],"inLanguage":"es","potentialAction":[{"@type":"CommentAction","name":"Comment","target":["https:\/\/www.colegionewman.org\/resolucion-de-conflictos-en-las-aulas-la-razon-de-la-disciplina-y-el-valor-de-la-correccion\/#respond"]}]},{"@type":"WebPage","@id":"https:\/\/www.colegionewman.org\/resolucion-de-conflictos-en-las-aulas-la-razon-de-la-disciplina-y-el-valor-de-la-correccion\/","url":"https:\/\/www.colegionewman.org\/resolucion-de-conflictos-en-las-aulas-la-razon-de-la-disciplina-y-el-valor-de-la-correccion\/","name":"Resoluci\u00f3n de conflictos en colegio concertado Madrid","isPartOf":{"@id":"https:\/\/www.colegionewman.org\/#website"},"primaryImageOfPage":{"@id":"https:\/\/www.colegionewman.org\/resolucion-de-conflictos-en-las-aulas-la-razon-de-la-disciplina-y-el-valor-de-la-correccion\/#primaryimage"},"image":{"@id":"https:\/\/www.colegionewman.org\/resolucion-de-conflictos-en-las-aulas-la-razon-de-la-disciplina-y-el-valor-de-la-correccion\/#primaryimage"},"thumbnailUrl":"https:\/\/www.colegionewman.org\/wp-content\/uploads\/resolucion-de-conflictos-en-las-aulas-1-scaled-1.jpg","datePublished":"2024-11-15T10:18:00+00:00","dateModified":"2025-01-10T19:46:31+00:00","description":"La resoluci\u00f3n de conflictos es una habilidad esencial para los docentes. Presentamos el valor de la correcci\u00f3n y la disciplina con 5 t\u00e9cnicas","breadcrumb":{"@id":"https:\/\/www.colegionewman.org\/resolucion-de-conflictos-en-las-aulas-la-razon-de-la-disciplina-y-el-valor-de-la-correccion\/#breadcrumb"},"inLanguage":"es","potentialAction":[{"@type":"ReadAction","target":["https:\/\/www.colegionewman.org\/resolucion-de-conflictos-en-las-aulas-la-razon-de-la-disciplina-y-el-valor-de-la-correccion\/"]}]},{"@type":"ImageObject","inLanguage":"es","@id":"https:\/\/www.colegionewman.org\/resolucion-de-conflictos-en-las-aulas-la-razon-de-la-disciplina-y-el-valor-de-la-correccion\/#primaryimage","url":"https:\/\/www.colegionewman.org\/wp-content\/uploads\/resolucion-de-conflictos-en-las-aulas-1-scaled-1.jpg","contentUrl":"https:\/\/www.colegionewman.org\/wp-content\/uploads\/resolucion-de-conflictos-en-las-aulas-1-scaled-1.jpg","width":1000,"height":667,"caption":"Actividad de resoluci\u00f3n de conflictos en el Colegio Newman vinculada a su programa de orientaci\u00f3n educativa."},{"@type":"BreadcrumbList","@id":"https:\/\/www.colegionewman.org\/resolucion-de-conflictos-en-las-aulas-la-razon-de-la-disciplina-y-el-valor-de-la-correccion\/#breadcrumb","itemListElement":[{"@type":"ListItem","position":1,"name":"Portada","item":"https:\/\/www.colegionewman.org\/"},{"@type":"ListItem","position":2,"name":"Resoluci\u00f3n de conflictos en las aulas: La raz\u00f3n de la disciplina y el valor de la correcci\u00f3n."}]},{"@type":"WebSite","@id":"https:\/\/www.colegionewman.org\/#website","url":"https:\/\/www.colegionewman.org\/","name":"Colegio Internacional J.H. Newman","description":"Un colegio que te abre al mundo","publisher":{"@id":"https:\/\/www.colegionewman.org\/#organization"},"alternateName":"Colegio Newman","potentialAction":[{"@type":"SearchAction","target":{"@type":"EntryPoint","urlTemplate":"https:\/\/www.colegionewman.org\/?s={search_term_string}"},"query-input":{"@type":"PropertyValueSpecification","valueRequired":true,"valueName":"search_term_string"}}],"inLanguage":"es"},{"@type":"Organization","@id":"https:\/\/www.colegionewman.org\/#organization","name":"Colegio Internacional J.H. Newman","alternateName":"Colegio Newman","url":"https:\/\/www.colegionewman.org\/","logo":{"@type":"ImageObject","inLanguage":"es","@id":"https:\/\/www.colegionewman.org\/#\/schema\/logo\/image\/","url":"https:\/\/www.colegionewman.org\/wp-content\/uploads\/logo_mini_newman_Mesa-de-trabajo-1.png","contentUrl":"https:\/\/www.colegionewman.org\/wp-content\/uploads\/logo_mini_newman_Mesa-de-trabajo-1.png","width":750,"height":750,"caption":"Colegio Internacional J.H. Newman"},"image":{"@id":"https:\/\/www.colegionewman.org\/#\/schema\/logo\/image\/"},"sameAs":["https:\/\/www.instagram.com\/colegiojhnewman\/","https:\/\/www.youtube.com\/channel\/UCUEVCANGRsznbp-DRfSrexw","https:\/\/www.linkedin.com\/company\/colegio-internacional-jh-newman"]},{"@type":"Person","@id":"https:\/\/www.colegionewman.org\/#\/schema\/person\/8106daec86dc9c621dee981574299879","name":"usuario01","image":{"@type":"ImageObject","inLanguage":"es","@id":"https:\/\/secure.gravatar.com\/avatar\/2cefad0f4eecf4293f29f0087b54fe8c76e9fc1d6aed0ef8a8ecdd2e38e8cd47?s=96&d=mm&r=g","url":"https:\/\/secure.gravatar.com\/avatar\/2cefad0f4eecf4293f29f0087b54fe8c76e9fc1d6aed0ef8a8ecdd2e38e8cd47?s=96&d=mm&r=g","contentUrl":"https:\/\/secure.gravatar.com\/avatar\/2cefad0f4eecf4293f29f0087b54fe8c76e9fc1d6aed0ef8a8ecdd2e38e8cd47?s=96&d=mm&r=g","caption":"usuario01"},"sameAs":["https:\/\/www.colegionewman.org"],"url":"https:\/\/www.colegionewman.org\/es_es\/author\/usuario01\/"}]}},"_links":{"self":[{"href":"https:\/\/www.colegionewman.org\/es_es\/wp-json\/wp\/v2\/posts\/29762","targetHints":{"allow":["GET"]}}],"collection":[{"href":"https:\/\/www.colegionewman.org\/es_es\/wp-json\/wp\/v2\/posts"}],"about":[{"href":"https:\/\/www.colegionewman.org\/es_es\/wp-json\/wp\/v2\/types\/post"}],"author":[{"embeddable":true,"href":"https:\/\/www.colegionewman.org\/es_es\/wp-json\/wp\/v2\/users\/1"}],"replies":[{"embeddable":true,"href":"https:\/\/www.colegionewman.org\/es_es\/wp-json\/wp\/v2\/comments?post=29762"}],"version-history":[{"count":10,"href":"https:\/\/www.colegionewman.org\/es_es\/wp-json\/wp\/v2\/posts\/29762\/revisions"}],"predecessor-version":[{"id":30106,"href":"https:\/\/www.colegionewman.org\/es_es\/wp-json\/wp\/v2\/posts\/29762\/revisions\/30106"}],"wp:featuredmedia":[{"embeddable":true,"href":"https:\/\/www.colegionewman.org\/es_es\/wp-json\/wp\/v2\/media\/30105"}],"wp:attachment":[{"href":"https:\/\/www.colegionewman.org\/es_es\/wp-json\/wp\/v2\/media?parent=29762"}],"wp:term":[{"taxonomy":"category","embeddable":true,"href":"https:\/\/www.colegionewman.org\/es_es\/wp-json\/wp\/v2\/categories?post=29762"},{"taxonomy":"post_tag","embeddable":true,"href":"https:\/\/www.colegionewman.org\/es_es\/wp-json\/wp\/v2\/tags?post=29762"}],"curies":[{"name":"wp","href":"https:\/\/api.w.org\/{rel}","templated":true}]}}