{"id":29722,"date":"2024-07-15T09:09:14","date_gmt":"2024-07-15T07:09:14","guid":{"rendered":"https:\/\/www.colegionewman.org\/?p=29722"},"modified":"2024-07-15T09:09:15","modified_gmt":"2024-07-15T07:09:15","slug":"los-jovenes-y-el-arte-el-atrevimiento-de-mirar","status":"publish","type":"post","link":"https:\/\/www.colegionewman.org\/es_es\/los-jovenes-y-el-arte-el-atrevimiento-de-mirar\/","title":{"rendered":"&#8216;Los j\u00f3venes y el arte: el atrevimiento de mirar&#8217;"},"content":{"rendered":"\n<h2 class=\"wp-block-heading\">Con este t\u00edtulo surge un recorrido por las obras del Museo Nacional del Prado, como parte de un proyecto desarrollado gracias a la <a href=\"https:\/\/www.fundacionnotariado.org\/exposicionjovenesyarte\/\"><strong>Fundaci\u00f3n Notariado<\/strong><\/a>, en el que han participado profesores y alumnos del Newman.<\/h2>\n\n\n\n<p>El pasado 13 de junio, varios profesores del colegio y alumnos tuvieron la oportunidad de participar en la <strong>presentaci\u00f3n del <a href=\"https:\/\/www.fundacionnotariado.org\/catalogo\/catalogojovenesyarte\/#p=1\">cat\u00e1logo y exposici\u00f3n virtual<\/a><em> <\/em><\/strong>de este proyecto junto a cuatro colegios m\u00e1s de toda Espa\u00f1a, con el objetivo de <strong>cultivar la mirada<\/strong>, educar el sentido de la contemplaci\u00f3n en una sociedad en la que prevalece la inmediatez, descubrir el concepto de belleza en las diferentes \u00e9pocas y <strong>comprender el poder del arte, <\/strong>como catalizador para provocar el cambio en la sociedad y en uno mismo.<\/p>\n\n\n\n<p>Se trata de una iniciativa cultural, que nos muestra<strong>\u00a026 obras de grandes pintores expuestas en el Museo del Prado poniendo el foco en los j\u00f3venes, representados en ellas.<\/strong>\u00a0Las obras se estructuran en torno a cuatro ejes que se estructuran en base a algunos de los territoritos transitados por los j\u00f3venes en distintos momentos de su vida: \u2018La belleza de la juventud\u2019, \u2018El \u00edmpetu vital\u2019, \u2018Una eterna insatisfacci\u00f3n\u2019 y \u2018Un adulto como compa\u00f1\u00eda\u2019&#8230; Temas de actualidad que invitan a reflexionar sobre el presente.<\/p>\n\n\n\n<figure class=\"wp-block-image aligncenter size-full is-resized\"><img loading=\"lazy\" decoding=\"async\" width=\"394\" height=\"294\" src=\"https:\/\/www.colegionewman.org\/wp-content\/uploads\/Captura-de-pantalla-2024-07-10-133426-1-edited.png\" alt=\"\" class=\"wp-image-29731\" style=\"width:671px;height:auto\" srcset=\"https:\/\/www.colegionewman.org\/wp-content\/uploads\/Captura-de-pantalla-2024-07-10-133426-1-edited.png 394w, https:\/\/www.colegionewman.org\/wp-content\/uploads\/Captura-de-pantalla-2024-07-10-133426-1-edited-300x224.png 300w\" sizes=\"auto, (max-width: 394px) 100vw, 394px\" \/><\/figure>\n\n\n\n<p class=\"has-text-align-center\"><em>Muestra incluida en el cat\u00e1logo &#8216;J\u00f3venes y el arte: el atrevimiento de mirar&#8217;.<\/em><\/p>\n\n\n\n<p>En este trabajo han participado nuestros alumnos de Secundaria, <strong>locutando la mayor parte de la <a href=\"https:\/\/www.fundacionnotariado.org\/exposicionjovenesyarte\/\">exposici\u00f3n virtual<\/a><\/strong> y el profesor de Lengua y Literatura, Fran Valero, que ha escrito gran parte de las introducciones. Asimismo, nuestra profesora de Historia del Arte y Filosof\u00eda y directora de ESO y Bachillerato,<strong> Rosa Hinojosa, coautora del cat\u00e1logo,<\/strong> hizo especial hincapi\u00e9 en la necesidad de <strong>que los j\u00f3venes cultiven la mirada. <\/strong>\u201cEl atrevimiento a mirar es clave en la juventud. Vivimos en la sociedad de la imagen y debemos educar a los j\u00f3venes para que se paren, contemplen y reflexionen. Que su \u00edmpetu no los lleve a <strong>buscar \u00fanicamente lo inmediato.<\/strong> Solo as\u00ed podr\u00e1n conocerse a s\u00ed mismos y entender la realidad que les rodea. Eso es lo que pretendemos con este proyecto, que se atrevan a mirar y observen c\u00f3mo los j\u00f3venes que pintaban los grandes maestros como <strong>Goya, Tiziano, Vel\u00e1zquez o Caravaggio ya se enfrentaban a los desaf\u00edos y problemas<\/strong> que ellos mismos pueden experimentar hoy en d\u00eda\u201d, argument\u00f3 a la Fundaci\u00f3n Notariado.<\/p>\n\n\n\n<p>Al acto de presentaci\u00f3n <strong>acudieron tambi\u00e9n relevantes personalidades<\/strong> de diferentes \u00e1mbitos, como el presidente de Fundaci\u00f3n Notariado y del Consejo General del Notariado, Jos\u00e9 \u00c1ngel Mart\u00ednez Sanchiz; Margarita Guerrero, directora general de Injuve; \u00cd\u00f1igo Alfonso, periodista de RNE; Miguel Falomir, director del Museo del Prado; Gregorio Luri, fil\u00f3sofo, pedagogo, profesor y ensayista; Andrea Gonz\u00e1lez Henry, presidenta del Consejo de la Juventud de Espa\u00f1a.<\/p>\n\n\n\n<p>La muestra de &#8216;Los j\u00f3venes y el arte&#8217; pretende ser<strong> una referencia entre las generaciones<\/strong>, para entre todos, fomentar los valores sociales y cultivar la esperanza de un mundo mejor a trav\u00e9s de las grandes obras del Arte.<\/p>\n\n\n\n<p><\/p>\n\n\n\n<figure class=\"wp-block-embed is-type-video is-provider-youtube wp-block-embed-youtube wp-embed-aspect-16-9 wp-has-aspect-ratio\"><div class=\"wp-block-embed__wrapper\">\n<div class='avia-iframe-wrap'><iframe loading=\"lazy\" title=\"Los j\u00f3venes y el arte: v\u00eddeo resumen acto de presentaci\u00f3n\" width=\"1500\" height=\"844\" src=\"https:\/\/www.youtube.com\/embed\/3Es8kZ-NBKQ?feature=oembed\" frameborder=\"0\" allow=\"accelerometer; autoplay; clipboard-write; encrypted-media; gyroscope; picture-in-picture; web-share\" referrerpolicy=\"strict-origin-when-cross-origin\" allowfullscreen><\/iframe><\/div>\n<\/div><figcaption class=\"wp-element-caption\"><em>Resumen del acto de presentaci\u00f3n de &#8216;J\u00f3venes y el arte&#8217;, donde participaron alumnos y profesores del colegio.<\/em><\/figcaption><\/figure>\n\n\n\n<p><\/p>\n\n\n\n<p><\/p>\n\n\n\n<p><\/p>\n","protected":false},"excerpt":{"rendered":"<p>Algunos de los participantes en el acto de presentaci\u00f3n de la exposici\u00f3n &#8216;J\u00f3venes y arte&#8217;.<\/p>\n","protected":false},"author":1,"featured_media":29741,"comment_status":"open","ping_status":"open","sticky":false,"template":"","format":"standard","meta":{"footnotes":""},"categories":[72,47,87,249,16,1],"tags":[721,26,188,1466,1465,421,1464,113],"class_list":["post-29722","post","type-post","status-publish","format-standard","has-post-thumbnail","hentry","category-colegio","category-eventos","category-noticias","category-prensa","category-secundaria","category-sin-categoria","tag-colegio-internacional-jh-newman","tag-colegio-newman","tag-eso","tag-fundacion-notariado","tag-jovenes-y-arte","tag-madrid","tag-museo-del-prado","tag-secundaria"],"yoast_head":"<!-- This site is optimized with the Yoast SEO plugin v27.3 - https:\/\/yoast.com\/product\/yoast-seo-wordpress\/ -->\n<title>J\u00f3venes y arte en la Semana de las Artes<\/title>\n<meta name=\"description\" content=\"Alumnos y profesores del Newman han participado en la exposici\u00f3n virtual &#039;J\u00f3venes y arte&#039;, del Museo del Prado.\" \/>\n<meta name=\"robots\" content=\"index, follow, max-snippet:-1, max-image-preview:large, max-video-preview:-1\" \/>\n<link rel=\"canonical\" href=\"https:\/\/www.colegionewman.org\/es_es\/los-jovenes-y-el-arte-el-atrevimiento-de-mirar\/\" \/>\n<meta property=\"og:locale\" content=\"es_ES\" \/>\n<meta property=\"og:type\" content=\"article\" \/>\n<meta property=\"og:title\" content=\"J\u00f3venes y arte en la Semana de las Artes\" \/>\n<meta property=\"og:description\" content=\"Alumnos y profesores del Newman han participado en la exposici\u00f3n virtual &#039;J\u00f3venes y arte&#039;, del Museo del Prado.\" \/>\n<meta property=\"og:url\" content=\"https:\/\/www.colegionewman.org\/es_es\/los-jovenes-y-el-arte-el-atrevimiento-de-mirar\/\" \/>\n<meta property=\"og:site_name\" content=\"Colegio Internacional J.H. Newman\" \/>\n<meta property=\"article:published_time\" content=\"2024-07-15T07:09:14+00:00\" \/>\n<meta property=\"article:modified_time\" content=\"2024-07-15T07:09:15+00:00\" \/>\n<meta property=\"og:image\" content=\"https:\/\/www.colegionewman.org\/wp-content\/uploads\/participantes-presentacion-proyecto-cultural_97.webp\" \/>\n\t<meta property=\"og:image:width\" content=\"1600\" \/>\n\t<meta property=\"og:image:height\" content=\"900\" \/>\n\t<meta property=\"og:image:type\" content=\"image\/webp\" \/>\n<meta name=\"author\" content=\"usuario01\" \/>\n<meta name=\"twitter:card\" content=\"summary_large_image\" \/>\n<meta name=\"twitter:label1\" content=\"Escrito por\" \/>\n\t<meta name=\"twitter:data1\" content=\"usuario01\" \/>\n\t<meta name=\"twitter:label2\" content=\"Tiempo de lectura\" \/>\n\t<meta name=\"twitter:data2\" content=\"3 minutos\" \/>\n<script type=\"application\/ld+json\" class=\"yoast-schema-graph\">{\"@context\":\"https:\\\/\\\/schema.org\",\"@graph\":[{\"@type\":\"Article\",\"@id\":\"https:\\\/\\\/www.colegionewman.org\\\/los-jovenes-y-el-arte-el-atrevimiento-de-mirar\\\/#article\",\"isPartOf\":{\"@id\":\"https:\\\/\\\/www.colegionewman.org\\\/los-jovenes-y-el-arte-el-atrevimiento-de-mirar\\\/\"},\"author\":{\"name\":\"usuario01\",\"@id\":\"https:\\\/\\\/www.colegionewman.org\\\/#\\\/schema\\\/person\\\/8106daec86dc9c621dee981574299879\"},\"headline\":\"&#8216;Los j\u00f3venes y el arte: el atrevimiento de mirar&#8217;\",\"datePublished\":\"2024-07-15T07:09:14+00:00\",\"dateModified\":\"2024-07-15T07:09:15+00:00\",\"mainEntityOfPage\":{\"@id\":\"https:\\\/\\\/www.colegionewman.org\\\/los-jovenes-y-el-arte-el-atrevimiento-de-mirar\\\/\"},\"wordCount\":559,\"commentCount\":0,\"publisher\":{\"@id\":\"https:\\\/\\\/www.colegionewman.org\\\/#organization\"},\"image\":{\"@id\":\"https:\\\/\\\/www.colegionewman.org\\\/los-jovenes-y-el-arte-el-atrevimiento-de-mirar\\\/#primaryimage\"},\"thumbnailUrl\":\"https:\\\/\\\/www.colegionewman.org\\\/wp-content\\\/uploads\\\/participantes-presentacion-proyecto-cultural_97.webp\",\"keywords\":[\"Colegio Internacional JH Newman\",\"Colegio Newman\",\"ESO\",\"Fundaci\u00f3n Notariado\",\"J\u00f3venes y arte\",\"Madrid\",\"Museo del Prado\",\"Secundaria\"],\"articleSection\":[\"Colegio\",\"Eventos\",\"Noticias\",\"Prensa\",\"Secundaria\"],\"inLanguage\":\"es\",\"potentialAction\":[{\"@type\":\"CommentAction\",\"name\":\"Comment\",\"target\":[\"https:\\\/\\\/www.colegionewman.org\\\/los-jovenes-y-el-arte-el-atrevimiento-de-mirar\\\/#respond\"]}]},{\"@type\":\"WebPage\",\"@id\":\"https:\\\/\\\/www.colegionewman.org\\\/los-jovenes-y-el-arte-el-atrevimiento-de-mirar\\\/\",\"url\":\"https:\\\/\\\/www.colegionewman.org\\\/los-jovenes-y-el-arte-el-atrevimiento-de-mirar\\\/\",\"name\":\"J\u00f3venes y arte en la Semana de las Artes\",\"isPartOf\":{\"@id\":\"https:\\\/\\\/www.colegionewman.org\\\/#website\"},\"primaryImageOfPage\":{\"@id\":\"https:\\\/\\\/www.colegionewman.org\\\/los-jovenes-y-el-arte-el-atrevimiento-de-mirar\\\/#primaryimage\"},\"image\":{\"@id\":\"https:\\\/\\\/www.colegionewman.org\\\/los-jovenes-y-el-arte-el-atrevimiento-de-mirar\\\/#primaryimage\"},\"thumbnailUrl\":\"https:\\\/\\\/www.colegionewman.org\\\/wp-content\\\/uploads\\\/participantes-presentacion-proyecto-cultural_97.webp\",\"datePublished\":\"2024-07-15T07:09:14+00:00\",\"dateModified\":\"2024-07-15T07:09:15+00:00\",\"description\":\"Alumnos y profesores del Newman han participado en la exposici\u00f3n virtual 'J\u00f3venes y arte', del Museo del Prado.\",\"breadcrumb\":{\"@id\":\"https:\\\/\\\/www.colegionewman.org\\\/los-jovenes-y-el-arte-el-atrevimiento-de-mirar\\\/#breadcrumb\"},\"inLanguage\":\"es\",\"potentialAction\":[{\"@type\":\"ReadAction\",\"target\":[\"https:\\\/\\\/www.colegionewman.org\\\/los-jovenes-y-el-arte-el-atrevimiento-de-mirar\\\/\"]}]},{\"@type\":\"ImageObject\",\"inLanguage\":\"es\",\"@id\":\"https:\\\/\\\/www.colegionewman.org\\\/los-jovenes-y-el-arte-el-atrevimiento-de-mirar\\\/#primaryimage\",\"url\":\"https:\\\/\\\/www.colegionewman.org\\\/wp-content\\\/uploads\\\/participantes-presentacion-proyecto-cultural_97.webp\",\"contentUrl\":\"https:\\\/\\\/www.colegionewman.org\\\/wp-content\\\/uploads\\\/participantes-presentacion-proyecto-cultural_97.webp\",\"width\":1600,\"height\":900,\"caption\":\"Participantes en un acto cultural del colegio internacional Madrid, durante la presentaci\u00f3n de un proyecto formativo.\"},{\"@type\":\"BreadcrumbList\",\"@id\":\"https:\\\/\\\/www.colegionewman.org\\\/los-jovenes-y-el-arte-el-atrevimiento-de-mirar\\\/#breadcrumb\",\"itemListElement\":[{\"@type\":\"ListItem\",\"position\":1,\"name\":\"Portada\",\"item\":\"https:\\\/\\\/www.colegionewman.org\\\/\"},{\"@type\":\"ListItem\",\"position\":2,\"name\":\"&#8216;Los j\u00f3venes y el arte: el atrevimiento de mirar&#8217;\"}]},{\"@type\":\"WebSite\",\"@id\":\"https:\\\/\\\/www.colegionewman.org\\\/#website\",\"url\":\"https:\\\/\\\/www.colegionewman.org\\\/\",\"name\":\"Colegio Internacional J.H. Newman\",\"description\":\"Un colegio que te abre al mundo\",\"publisher\":{\"@id\":\"https:\\\/\\\/www.colegionewman.org\\\/#organization\"},\"alternateName\":\"Colegio Newman\",\"potentialAction\":[{\"@type\":\"SearchAction\",\"target\":{\"@type\":\"EntryPoint\",\"urlTemplate\":\"https:\\\/\\\/www.colegionewman.org\\\/?s={search_term_string}\"},\"query-input\":{\"@type\":\"PropertyValueSpecification\",\"valueRequired\":true,\"valueName\":\"search_term_string\"}}],\"inLanguage\":\"es\"},{\"@type\":\"Organization\",\"@id\":\"https:\\\/\\\/www.colegionewman.org\\\/#organization\",\"name\":\"Colegio Internacional J.H. Newman\",\"alternateName\":\"Colegio Newman\",\"url\":\"https:\\\/\\\/www.colegionewman.org\\\/\",\"logo\":{\"@type\":\"ImageObject\",\"inLanguage\":\"es\",\"@id\":\"https:\\\/\\\/www.colegionewman.org\\\/#\\\/schema\\\/logo\\\/image\\\/\",\"url\":\"https:\\\/\\\/www.colegionewman.org\\\/wp-content\\\/uploads\\\/logo_mini_newman_Mesa-de-trabajo-1.png\",\"contentUrl\":\"https:\\\/\\\/www.colegionewman.org\\\/wp-content\\\/uploads\\\/logo_mini_newman_Mesa-de-trabajo-1.png\",\"width\":750,\"height\":750,\"caption\":\"Colegio Internacional J.H. Newman\"},\"image\":{\"@id\":\"https:\\\/\\\/www.colegionewman.org\\\/#\\\/schema\\\/logo\\\/image\\\/\"},\"sameAs\":[\"https:\\\/\\\/www.instagram.com\\\/colegiojhnewman\\\/\",\"https:\\\/\\\/www.youtube.com\\\/channel\\\/UCUEVCANGRsznbp-DRfSrexw\",\"https:\\\/\\\/www.linkedin.com\\\/company\\\/colegio-internacional-jh-newman\"]},{\"@type\":\"Person\",\"@id\":\"https:\\\/\\\/www.colegionewman.org\\\/#\\\/schema\\\/person\\\/8106daec86dc9c621dee981574299879\",\"name\":\"usuario01\",\"image\":{\"@type\":\"ImageObject\",\"inLanguage\":\"es\",\"@id\":\"https:\\\/\\\/secure.gravatar.com\\\/avatar\\\/2cefad0f4eecf4293f29f0087b54fe8c76e9fc1d6aed0ef8a8ecdd2e38e8cd47?s=96&d=mm&r=g\",\"url\":\"https:\\\/\\\/secure.gravatar.com\\\/avatar\\\/2cefad0f4eecf4293f29f0087b54fe8c76e9fc1d6aed0ef8a8ecdd2e38e8cd47?s=96&d=mm&r=g\",\"contentUrl\":\"https:\\\/\\\/secure.gravatar.com\\\/avatar\\\/2cefad0f4eecf4293f29f0087b54fe8c76e9fc1d6aed0ef8a8ecdd2e38e8cd47?s=96&d=mm&r=g\",\"caption\":\"usuario01\"},\"sameAs\":[\"https:\\\/\\\/www.colegionewman.org\"],\"url\":\"https:\\\/\\\/www.colegionewman.org\\\/es_es\\\/author\\\/usuario01\\\/\"}]}<\/script>\n<!-- \/ Yoast SEO plugin. -->","yoast_head_json":{"title":"J\u00f3venes y arte en la Semana de las Artes","description":"Alumnos y profesores del Newman han participado en la exposici\u00f3n virtual 'J\u00f3venes y arte', del Museo del Prado.","robots":{"index":"index","follow":"follow","max-snippet":"max-snippet:-1","max-image-preview":"max-image-preview:large","max-video-preview":"max-video-preview:-1"},"canonical":"https:\/\/www.colegionewman.org\/es_es\/los-jovenes-y-el-arte-el-atrevimiento-de-mirar\/","og_locale":"es_ES","og_type":"article","og_title":"J\u00f3venes y arte en la Semana de las Artes","og_description":"Alumnos y profesores del Newman han participado en la exposici\u00f3n virtual 'J\u00f3venes y arte', del Museo del Prado.","og_url":"https:\/\/www.colegionewman.org\/es_es\/los-jovenes-y-el-arte-el-atrevimiento-de-mirar\/","og_site_name":"Colegio Internacional J.H. Newman","article_published_time":"2024-07-15T07:09:14+00:00","article_modified_time":"2024-07-15T07:09:15+00:00","og_image":[{"width":1600,"height":900,"url":"https:\/\/www.colegionewman.org\/wp-content\/uploads\/participantes-presentacion-proyecto-cultural_97.webp","type":"image\/webp"}],"author":"usuario01","twitter_card":"summary_large_image","twitter_misc":{"Escrito por":"usuario01","Tiempo de lectura":"3 minutos"},"schema":{"@context":"https:\/\/schema.org","@graph":[{"@type":"Article","@id":"https:\/\/www.colegionewman.org\/los-jovenes-y-el-arte-el-atrevimiento-de-mirar\/#article","isPartOf":{"@id":"https:\/\/www.colegionewman.org\/los-jovenes-y-el-arte-el-atrevimiento-de-mirar\/"},"author":{"name":"usuario01","@id":"https:\/\/www.colegionewman.org\/#\/schema\/person\/8106daec86dc9c621dee981574299879"},"headline":"&#8216;Los j\u00f3venes y el arte: el atrevimiento de mirar&#8217;","datePublished":"2024-07-15T07:09:14+00:00","dateModified":"2024-07-15T07:09:15+00:00","mainEntityOfPage":{"@id":"https:\/\/www.colegionewman.org\/los-jovenes-y-el-arte-el-atrevimiento-de-mirar\/"},"wordCount":559,"commentCount":0,"publisher":{"@id":"https:\/\/www.colegionewman.org\/#organization"},"image":{"@id":"https:\/\/www.colegionewman.org\/los-jovenes-y-el-arte-el-atrevimiento-de-mirar\/#primaryimage"},"thumbnailUrl":"https:\/\/www.colegionewman.org\/wp-content\/uploads\/participantes-presentacion-proyecto-cultural_97.webp","keywords":["Colegio Internacional JH Newman","Colegio Newman","ESO","Fundaci\u00f3n Notariado","J\u00f3venes y arte","Madrid","Museo del Prado","Secundaria"],"articleSection":["Colegio","Eventos","Noticias","Prensa","Secundaria"],"inLanguage":"es","potentialAction":[{"@type":"CommentAction","name":"Comment","target":["https:\/\/www.colegionewman.org\/los-jovenes-y-el-arte-el-atrevimiento-de-mirar\/#respond"]}]},{"@type":"WebPage","@id":"https:\/\/www.colegionewman.org\/los-jovenes-y-el-arte-el-atrevimiento-de-mirar\/","url":"https:\/\/www.colegionewman.org\/los-jovenes-y-el-arte-el-atrevimiento-de-mirar\/","name":"J\u00f3venes y arte en la Semana de las Artes","isPartOf":{"@id":"https:\/\/www.colegionewman.org\/#website"},"primaryImageOfPage":{"@id":"https:\/\/www.colegionewman.org\/los-jovenes-y-el-arte-el-atrevimiento-de-mirar\/#primaryimage"},"image":{"@id":"https:\/\/www.colegionewman.org\/los-jovenes-y-el-arte-el-atrevimiento-de-mirar\/#primaryimage"},"thumbnailUrl":"https:\/\/www.colegionewman.org\/wp-content\/uploads\/participantes-presentacion-proyecto-cultural_97.webp","datePublished":"2024-07-15T07:09:14+00:00","dateModified":"2024-07-15T07:09:15+00:00","description":"Alumnos y profesores del Newman han participado en la exposici\u00f3n virtual 'J\u00f3venes y arte', del Museo del Prado.","breadcrumb":{"@id":"https:\/\/www.colegionewman.org\/los-jovenes-y-el-arte-el-atrevimiento-de-mirar\/#breadcrumb"},"inLanguage":"es","potentialAction":[{"@type":"ReadAction","target":["https:\/\/www.colegionewman.org\/los-jovenes-y-el-arte-el-atrevimiento-de-mirar\/"]}]},{"@type":"ImageObject","inLanguage":"es","@id":"https:\/\/www.colegionewman.org\/los-jovenes-y-el-arte-el-atrevimiento-de-mirar\/#primaryimage","url":"https:\/\/www.colegionewman.org\/wp-content\/uploads\/participantes-presentacion-proyecto-cultural_97.webp","contentUrl":"https:\/\/www.colegionewman.org\/wp-content\/uploads\/participantes-presentacion-proyecto-cultural_97.webp","width":1600,"height":900,"caption":"Participantes en un acto cultural del colegio internacional Madrid, durante la presentaci\u00f3n de un proyecto formativo."},{"@type":"BreadcrumbList","@id":"https:\/\/www.colegionewman.org\/los-jovenes-y-el-arte-el-atrevimiento-de-mirar\/#breadcrumb","itemListElement":[{"@type":"ListItem","position":1,"name":"Portada","item":"https:\/\/www.colegionewman.org\/"},{"@type":"ListItem","position":2,"name":"&#8216;Los j\u00f3venes y el arte: el atrevimiento de mirar&#8217;"}]},{"@type":"WebSite","@id":"https:\/\/www.colegionewman.org\/#website","url":"https:\/\/www.colegionewman.org\/","name":"Colegio Internacional J.H. Newman","description":"Un colegio que te abre al mundo","publisher":{"@id":"https:\/\/www.colegionewman.org\/#organization"},"alternateName":"Colegio Newman","potentialAction":[{"@type":"SearchAction","target":{"@type":"EntryPoint","urlTemplate":"https:\/\/www.colegionewman.org\/?s={search_term_string}"},"query-input":{"@type":"PropertyValueSpecification","valueRequired":true,"valueName":"search_term_string"}}],"inLanguage":"es"},{"@type":"Organization","@id":"https:\/\/www.colegionewman.org\/#organization","name":"Colegio Internacional J.H. Newman","alternateName":"Colegio Newman","url":"https:\/\/www.colegionewman.org\/","logo":{"@type":"ImageObject","inLanguage":"es","@id":"https:\/\/www.colegionewman.org\/#\/schema\/logo\/image\/","url":"https:\/\/www.colegionewman.org\/wp-content\/uploads\/logo_mini_newman_Mesa-de-trabajo-1.png","contentUrl":"https:\/\/www.colegionewman.org\/wp-content\/uploads\/logo_mini_newman_Mesa-de-trabajo-1.png","width":750,"height":750,"caption":"Colegio Internacional J.H. Newman"},"image":{"@id":"https:\/\/www.colegionewman.org\/#\/schema\/logo\/image\/"},"sameAs":["https:\/\/www.instagram.com\/colegiojhnewman\/","https:\/\/www.youtube.com\/channel\/UCUEVCANGRsznbp-DRfSrexw","https:\/\/www.linkedin.com\/company\/colegio-internacional-jh-newman"]},{"@type":"Person","@id":"https:\/\/www.colegionewman.org\/#\/schema\/person\/8106daec86dc9c621dee981574299879","name":"usuario01","image":{"@type":"ImageObject","inLanguage":"es","@id":"https:\/\/secure.gravatar.com\/avatar\/2cefad0f4eecf4293f29f0087b54fe8c76e9fc1d6aed0ef8a8ecdd2e38e8cd47?s=96&d=mm&r=g","url":"https:\/\/secure.gravatar.com\/avatar\/2cefad0f4eecf4293f29f0087b54fe8c76e9fc1d6aed0ef8a8ecdd2e38e8cd47?s=96&d=mm&r=g","contentUrl":"https:\/\/secure.gravatar.com\/avatar\/2cefad0f4eecf4293f29f0087b54fe8c76e9fc1d6aed0ef8a8ecdd2e38e8cd47?s=96&d=mm&r=g","caption":"usuario01"},"sameAs":["https:\/\/www.colegionewman.org"],"url":"https:\/\/www.colegionewman.org\/es_es\/author\/usuario01\/"}]}},"_links":{"self":[{"href":"https:\/\/www.colegionewman.org\/es_es\/wp-json\/wp\/v2\/posts\/29722","targetHints":{"allow":["GET"]}}],"collection":[{"href":"https:\/\/www.colegionewman.org\/es_es\/wp-json\/wp\/v2\/posts"}],"about":[{"href":"https:\/\/www.colegionewman.org\/es_es\/wp-json\/wp\/v2\/types\/post"}],"author":[{"embeddable":true,"href":"https:\/\/www.colegionewman.org\/es_es\/wp-json\/wp\/v2\/users\/1"}],"replies":[{"embeddable":true,"href":"https:\/\/www.colegionewman.org\/es_es\/wp-json\/wp\/v2\/comments?post=29722"}],"version-history":[{"count":8,"href":"https:\/\/www.colegionewman.org\/es_es\/wp-json\/wp\/v2\/posts\/29722\/revisions"}],"predecessor-version":[{"id":29743,"href":"https:\/\/www.colegionewman.org\/es_es\/wp-json\/wp\/v2\/posts\/29722\/revisions\/29743"}],"wp:featuredmedia":[{"embeddable":true,"href":"https:\/\/www.colegionewman.org\/es_es\/wp-json\/wp\/v2\/media\/29741"}],"wp:attachment":[{"href":"https:\/\/www.colegionewman.org\/es_es\/wp-json\/wp\/v2\/media?parent=29722"}],"wp:term":[{"taxonomy":"category","embeddable":true,"href":"https:\/\/www.colegionewman.org\/es_es\/wp-json\/wp\/v2\/categories?post=29722"},{"taxonomy":"post_tag","embeddable":true,"href":"https:\/\/www.colegionewman.org\/es_es\/wp-json\/wp\/v2\/tags?post=29722"}],"curies":[{"name":"wp","href":"https:\/\/api.w.org\/{rel}","templated":true}]}}