{"id":29547,"date":"2024-06-17T09:00:00","date_gmt":"2024-06-17T07:00:00","guid":{"rendered":"https:\/\/www.colegionewman.org\/?p=29547"},"modified":"2024-06-17T09:27:53","modified_gmt":"2024-06-17T07:27:53","slug":"una-radio-para-la-diversidad","status":"publish","type":"post","link":"https:\/\/www.colegionewman.org\/es_es\/una-radio-para-la-diversidad\/","title":{"rendered":"Una radio para la diversidad"},"content":{"rendered":"\n<h2 class=\"wp-block-heading\">Este curso 2023-24 se ha iniciado el ciclo de diversificaci\u00f3n curricular, un curso que dura 18 meses y que supone un itinerario alternativo para alumnos con dificultades que aspiran al t\u00edtulo de la ESO. De este nuevo ciclo han surgido los \u2018Apuntes sonoros\u2019.<\/h2>\n\n\n\n<p>Con estos podcast radiof\u00f3nicos, se quiere <strong>dar respuesta a las necesidades de alumnos <\/strong>que han de reforzar conocimientos relacionados con la asignatura, <strong>de una manera pr\u00e1ctica y activa<\/strong>, para convertirlos en los verdaderos protagonistas de su formaci\u00f3n.<\/p>\n\n\n\n<p>Una de las personas que forman parte de este proyecto es<strong> Leire G., alumna del primer curso de diversificaci\u00f3n curricular del \u00e1mbito socio ling\u00fc\u00edstico<\/strong>, que ha querido compartir su testimonio sobre su trabajo en la radio durante el curso para animar as\u00ed a otros futuros compa\u00f1eros a formar parte de los \u2018Apuntes sonoros\u2019.<\/p>\n\n\n\n<figure class=\"wp-block-image size-full is-resized\"><img loading=\"lazy\" decoding=\"async\" width=\"933\" height=\"661\" src=\"https:\/\/www.colegionewman.org\/wp-content\/uploads\/2024\/05\/Captura-de-pantalla-2024-05-07-120849.png\" alt=\"\" class=\"wp-image-29548\" style=\"width:803px;height:auto\" srcset=\"https:\/\/www.colegionewman.org\/wp-content\/uploads\/2024\/05\/Captura-de-pantalla-2024-05-07-120849.png 933w, https:\/\/www.colegionewman.org\/wp-content\/uploads\/2024\/05\/Captura-de-pantalla-2024-05-07-120849-300x213.png 300w, https:\/\/www.colegionewman.org\/wp-content\/uploads\/2024\/05\/Captura-de-pantalla-2024-05-07-120849-768x544.png 768w, https:\/\/www.colegionewman.org\/wp-content\/uploads\/2024\/05\/Captura-de-pantalla-2024-05-07-120849-260x185.png 260w, https:\/\/www.colegionewman.org\/wp-content\/uploads\/2024\/05\/Captura-de-pantalla-2024-05-07-120849-705x499.png 705w\" sizes=\"auto, (max-width: 933px) 100vw, 933px\" \/><\/figure>\n\n\n\n<p>\u201cEstar en la radio escolar este a\u00f1o ha sido una experiencia inolvidable. Siempre he sido una persona que ha querido mostrar sus gustos y sentimientos pero nunca hab\u00eda logrado encontrar el lugar perfecto hasta que me ofrecieron ir como clase extraescolar a la radio del colegio. Al principio la idea me pareci\u00f3 muy precipitada ya que nunca hab\u00eda aceptado mis gustos y decisiones pero decid\u00ed acceder para probar algo nuevo. En cuanto habl\u00e9 por primera vez al micr\u00f3fono <strong>me enamor\u00e9 al instante de todo lo relacionado con la comunicaci\u00f3n.<\/strong> <strong>Aprend\u00ed a hablar con m\u00e1s gente a mi alrededor y ser m\u00e1s emp\u00e1tica.<\/strong><\/p>\n\n\n\n<p>Lo que m\u00e1s me gust\u00f3 es que desde el primer momento <strong>me acogieron como una m\u00e1s de su grupo. <\/strong>Desde entonces sigo grabando programas de radio. Este a\u00f1o con el grupo de diversificaci\u00f3n curricular hemos estado, mediante las lecciones vistas en la materia, grabando podcasts. Realmente ha sido una ayuda a la hora del estudio porque<strong> me ha facilitado aprenderme el tema escuch\u00e1ndolo<\/strong> en vez de leyendo los apuntes.<\/p>\n\n\n\n<p>Tambi\u00e9n <strong>me ha ayudado a fomentar las amistades en el aula<\/strong> dando un ambiente a la hora de grabar muy natural y tranquilo. Este curso, la radio ha sido de gran ayuda y me lo he pasado fenomenal grabando cada programa\u201d.<\/p>\n\n\n\n<p><strong>Leire G. Alumna de 3\u00ba de ESO del \u00e1mbito socioling\u00fc\u00edstico.<\/strong><\/p>\n","protected":false},"excerpt":{"rendered":"<p>Este curso 2023-24 se ha iniciado el ciclo de diversificaci\u00f3n curricular, un curso que dura 18 meses y que supone un itinerario alternativo para alumnos con dificultades que aspiran al t\u00edtulo de la ESO. De este nuevo ciclo han surgido los \u2018Apuntes sonoros\u2019. Con estos podcast radiof\u00f3nicos, se quiere dar respuesta a las necesidades de [&hellip;]<\/p>\n","protected":false},"author":1,"featured_media":29549,"comment_status":"open","ping_status":"open","sticky":false,"template":"","format":"standard","meta":{"footnotes":""},"categories":[72,87,16],"tags":[1460,721,26,188,421,1232,1458,113],"class_list":["post-29547","post","type-post","status-publish","format-standard","has-post-thumbnail","hentry","category-colegio","category-noticias","category-secundaria","tag-apuntes-sonoros","tag-colegio-internacional-jh-newman","tag-colegio-newman","tag-eso","tag-madrid","tag-radio-newman","tag-radio-por-la-diversidad","tag-secundaria"],"yoast_head":"<!-- This site is optimized with the Yoast SEO plugin v27.3 - https:\/\/yoast.com\/product\/yoast-seo-wordpress\/ -->\n<title>Radio escolar del Colegio biling\u00fce Madrid<\/title>\n<meta name=\"description\" content=\"&#039;Apuntes Sonoros&#039; es el proyecto de radio Newman por la diversidad. Creado por el dpto. de Lengua para los alumnos con dificultades.\" \/>\n<meta name=\"robots\" content=\"index, follow, max-snippet:-1, max-image-preview:large, max-video-preview:-1\" \/>\n<link rel=\"canonical\" href=\"https:\/\/www.colegionewman.org\/es_es\/una-radio-para-la-diversidad\/\" \/>\n<meta property=\"og:locale\" content=\"es_ES\" \/>\n<meta property=\"og:type\" content=\"article\" \/>\n<meta property=\"og:title\" content=\"Radio escolar del Colegio biling\u00fce Madrid\" \/>\n<meta property=\"og:description\" content=\"&#039;Apuntes Sonoros&#039; es el proyecto de radio Newman por la diversidad. Creado por el dpto. de Lengua para los alumnos con dificultades.\" \/>\n<meta property=\"og:url\" content=\"https:\/\/www.colegionewman.org\/es_es\/una-radio-para-la-diversidad\/\" \/>\n<meta property=\"og:site_name\" content=\"Colegio Internacional J.H. Newman\" \/>\n<meta property=\"article:published_time\" content=\"2024-06-17T07:00:00+00:00\" \/>\n<meta property=\"article:modified_time\" content=\"2024-06-17T07:27:53+00:00\" \/>\n<meta property=\"og:image\" content=\"https:\/\/www.colegionewman.org\/wp-content\/uploads\/2024\/05\/Captura-de-pantalla-2024-05-07-120818.png\" \/>\n\t<meta property=\"og:image:width\" content=\"1082\" \/>\n\t<meta property=\"og:image:height\" content=\"644\" \/>\n\t<meta property=\"og:image:type\" content=\"image\/png\" \/>\n<meta name=\"author\" content=\"usuario01\" \/>\n<meta name=\"twitter:card\" content=\"summary_large_image\" \/>\n<meta name=\"twitter:label1\" content=\"Escrito por\" \/>\n\t<meta name=\"twitter:data1\" content=\"usuario01\" \/>\n\t<meta name=\"twitter:label2\" content=\"Tiempo de lectura\" \/>\n\t<meta name=\"twitter:data2\" content=\"2 minutos\" \/>\n<script type=\"application\/ld+json\" class=\"yoast-schema-graph\">{\"@context\":\"https:\\\/\\\/schema.org\",\"@graph\":[{\"@type\":\"Article\",\"@id\":\"https:\\\/\\\/www.colegionewman.org\\\/una-radio-para-la-diversidad\\\/#article\",\"isPartOf\":{\"@id\":\"https:\\\/\\\/www.colegionewman.org\\\/una-radio-para-la-diversidad\\\/\"},\"author\":{\"name\":\"usuario01\",\"@id\":\"https:\\\/\\\/www.colegionewman.org\\\/#\\\/schema\\\/person\\\/8106daec86dc9c621dee981574299879\"},\"headline\":\"Una radio para la diversidad\",\"datePublished\":\"2024-06-17T07:00:00+00:00\",\"dateModified\":\"2024-06-17T07:27:53+00:00\",\"mainEntityOfPage\":{\"@id\":\"https:\\\/\\\/www.colegionewman.org\\\/una-radio-para-la-diversidad\\\/\"},\"wordCount\":381,\"commentCount\":0,\"publisher\":{\"@id\":\"https:\\\/\\\/www.colegionewman.org\\\/#organization\"},\"image\":{\"@id\":\"https:\\\/\\\/www.colegionewman.org\\\/una-radio-para-la-diversidad\\\/#primaryimage\"},\"thumbnailUrl\":\"https:\\\/\\\/www.colegionewman.org\\\/wp-content\\\/uploads\\\/2024\\\/05\\\/Captura-de-pantalla-2024-05-07-120818.png\",\"keywords\":[\"Apuntes sonoros\",\"Colegio Internacional JH Newman\",\"Colegio Newman\",\"ESO\",\"Madrid\",\"Radio Newman\",\"Radio por la diversidad\",\"Secundaria\"],\"articleSection\":[\"Colegio\",\"Noticias\",\"Secundaria\"],\"inLanguage\":\"es\",\"potentialAction\":[{\"@type\":\"CommentAction\",\"name\":\"Comment\",\"target\":[\"https:\\\/\\\/www.colegionewman.org\\\/una-radio-para-la-diversidad\\\/#respond\"]}]},{\"@type\":\"WebPage\",\"@id\":\"https:\\\/\\\/www.colegionewman.org\\\/una-radio-para-la-diversidad\\\/\",\"url\":\"https:\\\/\\\/www.colegionewman.org\\\/una-radio-para-la-diversidad\\\/\",\"name\":\"Radio escolar del Colegio biling\u00fce Madrid\",\"isPartOf\":{\"@id\":\"https:\\\/\\\/www.colegionewman.org\\\/#website\"},\"primaryImageOfPage\":{\"@id\":\"https:\\\/\\\/www.colegionewman.org\\\/una-radio-para-la-diversidad\\\/#primaryimage\"},\"image\":{\"@id\":\"https:\\\/\\\/www.colegionewman.org\\\/una-radio-para-la-diversidad\\\/#primaryimage\"},\"thumbnailUrl\":\"https:\\\/\\\/www.colegionewman.org\\\/wp-content\\\/uploads\\\/2024\\\/05\\\/Captura-de-pantalla-2024-05-07-120818.png\",\"datePublished\":\"2024-06-17T07:00:00+00:00\",\"dateModified\":\"2024-06-17T07:27:53+00:00\",\"description\":\"'Apuntes Sonoros' es el proyecto de radio Newman por la diversidad. Creado por el dpto. de Lengua para los alumnos con dificultades.\",\"breadcrumb\":{\"@id\":\"https:\\\/\\\/www.colegionewman.org\\\/una-radio-para-la-diversidad\\\/#breadcrumb\"},\"inLanguage\":\"es\",\"potentialAction\":[{\"@type\":\"ReadAction\",\"target\":[\"https:\\\/\\\/www.colegionewman.org\\\/una-radio-para-la-diversidad\\\/\"]}]},{\"@type\":\"ImageObject\",\"inLanguage\":\"es\",\"@id\":\"https:\\\/\\\/www.colegionewman.org\\\/una-radio-para-la-diversidad\\\/#primaryimage\",\"url\":\"https:\\\/\\\/www.colegionewman.org\\\/wp-content\\\/uploads\\\/2024\\\/05\\\/Captura-de-pantalla-2024-05-07-120818.png\",\"contentUrl\":\"https:\\\/\\\/www.colegionewman.org\\\/wp-content\\\/uploads\\\/2024\\\/05\\\/Captura-de-pantalla-2024-05-07-120818.png\",\"width\":1082,\"height\":644,\"caption\":\"Estudiantes del Colegio Newman grabando un podcast como parte de las actividades complementarias y extraescolares del centro.\"},{\"@type\":\"BreadcrumbList\",\"@id\":\"https:\\\/\\\/www.colegionewman.org\\\/una-radio-para-la-diversidad\\\/#breadcrumb\",\"itemListElement\":[{\"@type\":\"ListItem\",\"position\":1,\"name\":\"Portada\",\"item\":\"https:\\\/\\\/www.colegionewman.org\\\/\"},{\"@type\":\"ListItem\",\"position\":2,\"name\":\"Una radio para la diversidad\"}]},{\"@type\":\"WebSite\",\"@id\":\"https:\\\/\\\/www.colegionewman.org\\\/#website\",\"url\":\"https:\\\/\\\/www.colegionewman.org\\\/\",\"name\":\"Colegio Internacional J.H. Newman\",\"description\":\"Un colegio que te abre al mundo\",\"publisher\":{\"@id\":\"https:\\\/\\\/www.colegionewman.org\\\/#organization\"},\"alternateName\":\"Colegio Newman\",\"potentialAction\":[{\"@type\":\"SearchAction\",\"target\":{\"@type\":\"EntryPoint\",\"urlTemplate\":\"https:\\\/\\\/www.colegionewman.org\\\/?s={search_term_string}\"},\"query-input\":{\"@type\":\"PropertyValueSpecification\",\"valueRequired\":true,\"valueName\":\"search_term_string\"}}],\"inLanguage\":\"es\"},{\"@type\":\"Organization\",\"@id\":\"https:\\\/\\\/www.colegionewman.org\\\/#organization\",\"name\":\"Colegio Internacional J.H. Newman\",\"alternateName\":\"Colegio Newman\",\"url\":\"https:\\\/\\\/www.colegionewman.org\\\/\",\"logo\":{\"@type\":\"ImageObject\",\"inLanguage\":\"es\",\"@id\":\"https:\\\/\\\/www.colegionewman.org\\\/#\\\/schema\\\/logo\\\/image\\\/\",\"url\":\"https:\\\/\\\/www.colegionewman.org\\\/wp-content\\\/uploads\\\/logo_mini_newman_Mesa-de-trabajo-1.png\",\"contentUrl\":\"https:\\\/\\\/www.colegionewman.org\\\/wp-content\\\/uploads\\\/logo_mini_newman_Mesa-de-trabajo-1.png\",\"width\":750,\"height\":750,\"caption\":\"Colegio Internacional J.H. Newman\"},\"image\":{\"@id\":\"https:\\\/\\\/www.colegionewman.org\\\/#\\\/schema\\\/logo\\\/image\\\/\"},\"sameAs\":[\"https:\\\/\\\/www.instagram.com\\\/colegiojhnewman\\\/\",\"https:\\\/\\\/www.youtube.com\\\/channel\\\/UCUEVCANGRsznbp-DRfSrexw\",\"https:\\\/\\\/www.linkedin.com\\\/company\\\/colegio-internacional-jh-newman\"]},{\"@type\":\"Person\",\"@id\":\"https:\\\/\\\/www.colegionewman.org\\\/#\\\/schema\\\/person\\\/8106daec86dc9c621dee981574299879\",\"name\":\"usuario01\",\"image\":{\"@type\":\"ImageObject\",\"inLanguage\":\"es\",\"@id\":\"https:\\\/\\\/secure.gravatar.com\\\/avatar\\\/2cefad0f4eecf4293f29f0087b54fe8c76e9fc1d6aed0ef8a8ecdd2e38e8cd47?s=96&d=mm&r=g\",\"url\":\"https:\\\/\\\/secure.gravatar.com\\\/avatar\\\/2cefad0f4eecf4293f29f0087b54fe8c76e9fc1d6aed0ef8a8ecdd2e38e8cd47?s=96&d=mm&r=g\",\"contentUrl\":\"https:\\\/\\\/secure.gravatar.com\\\/avatar\\\/2cefad0f4eecf4293f29f0087b54fe8c76e9fc1d6aed0ef8a8ecdd2e38e8cd47?s=96&d=mm&r=g\",\"caption\":\"usuario01\"},\"sameAs\":[\"https:\\\/\\\/www.colegionewman.org\"],\"url\":\"https:\\\/\\\/www.colegionewman.org\\\/es_es\\\/author\\\/usuario01\\\/\"}]}<\/script>\n<!-- \/ Yoast SEO plugin. -->","yoast_head_json":{"title":"Radio escolar del Colegio biling\u00fce Madrid","description":"'Apuntes Sonoros' es el proyecto de radio Newman por la diversidad. Creado por el dpto. de Lengua para los alumnos con dificultades.","robots":{"index":"index","follow":"follow","max-snippet":"max-snippet:-1","max-image-preview":"max-image-preview:large","max-video-preview":"max-video-preview:-1"},"canonical":"https:\/\/www.colegionewman.org\/es_es\/una-radio-para-la-diversidad\/","og_locale":"es_ES","og_type":"article","og_title":"Radio escolar del Colegio biling\u00fce Madrid","og_description":"'Apuntes Sonoros' es el proyecto de radio Newman por la diversidad. Creado por el dpto. de Lengua para los alumnos con dificultades.","og_url":"https:\/\/www.colegionewman.org\/es_es\/una-radio-para-la-diversidad\/","og_site_name":"Colegio Internacional J.H. Newman","article_published_time":"2024-06-17T07:00:00+00:00","article_modified_time":"2024-06-17T07:27:53+00:00","og_image":[{"width":1082,"height":644,"url":"https:\/\/www.colegionewman.org\/wp-content\/uploads\/2024\/05\/Captura-de-pantalla-2024-05-07-120818.png","type":"image\/png"}],"author":"usuario01","twitter_card":"summary_large_image","twitter_misc":{"Escrito por":"usuario01","Tiempo de lectura":"2 minutos"},"schema":{"@context":"https:\/\/schema.org","@graph":[{"@type":"Article","@id":"https:\/\/www.colegionewman.org\/una-radio-para-la-diversidad\/#article","isPartOf":{"@id":"https:\/\/www.colegionewman.org\/una-radio-para-la-diversidad\/"},"author":{"name":"usuario01","@id":"https:\/\/www.colegionewman.org\/#\/schema\/person\/8106daec86dc9c621dee981574299879"},"headline":"Una radio para la diversidad","datePublished":"2024-06-17T07:00:00+00:00","dateModified":"2024-06-17T07:27:53+00:00","mainEntityOfPage":{"@id":"https:\/\/www.colegionewman.org\/una-radio-para-la-diversidad\/"},"wordCount":381,"commentCount":0,"publisher":{"@id":"https:\/\/www.colegionewman.org\/#organization"},"image":{"@id":"https:\/\/www.colegionewman.org\/una-radio-para-la-diversidad\/#primaryimage"},"thumbnailUrl":"https:\/\/www.colegionewman.org\/wp-content\/uploads\/2024\/05\/Captura-de-pantalla-2024-05-07-120818.png","keywords":["Apuntes sonoros","Colegio Internacional JH Newman","Colegio Newman","ESO","Madrid","Radio Newman","Radio por la diversidad","Secundaria"],"articleSection":["Colegio","Noticias","Secundaria"],"inLanguage":"es","potentialAction":[{"@type":"CommentAction","name":"Comment","target":["https:\/\/www.colegionewman.org\/una-radio-para-la-diversidad\/#respond"]}]},{"@type":"WebPage","@id":"https:\/\/www.colegionewman.org\/una-radio-para-la-diversidad\/","url":"https:\/\/www.colegionewman.org\/una-radio-para-la-diversidad\/","name":"Radio escolar del Colegio biling\u00fce Madrid","isPartOf":{"@id":"https:\/\/www.colegionewman.org\/#website"},"primaryImageOfPage":{"@id":"https:\/\/www.colegionewman.org\/una-radio-para-la-diversidad\/#primaryimage"},"image":{"@id":"https:\/\/www.colegionewman.org\/una-radio-para-la-diversidad\/#primaryimage"},"thumbnailUrl":"https:\/\/www.colegionewman.org\/wp-content\/uploads\/2024\/05\/Captura-de-pantalla-2024-05-07-120818.png","datePublished":"2024-06-17T07:00:00+00:00","dateModified":"2024-06-17T07:27:53+00:00","description":"'Apuntes Sonoros' es el proyecto de radio Newman por la diversidad. Creado por el dpto. de Lengua para los alumnos con dificultades.","breadcrumb":{"@id":"https:\/\/www.colegionewman.org\/una-radio-para-la-diversidad\/#breadcrumb"},"inLanguage":"es","potentialAction":[{"@type":"ReadAction","target":["https:\/\/www.colegionewman.org\/una-radio-para-la-diversidad\/"]}]},{"@type":"ImageObject","inLanguage":"es","@id":"https:\/\/www.colegionewman.org\/una-radio-para-la-diversidad\/#primaryimage","url":"https:\/\/www.colegionewman.org\/wp-content\/uploads\/2024\/05\/Captura-de-pantalla-2024-05-07-120818.png","contentUrl":"https:\/\/www.colegionewman.org\/wp-content\/uploads\/2024\/05\/Captura-de-pantalla-2024-05-07-120818.png","width":1082,"height":644,"caption":"Estudiantes del Colegio Newman grabando un podcast como parte de las actividades complementarias y extraescolares del centro."},{"@type":"BreadcrumbList","@id":"https:\/\/www.colegionewman.org\/una-radio-para-la-diversidad\/#breadcrumb","itemListElement":[{"@type":"ListItem","position":1,"name":"Portada","item":"https:\/\/www.colegionewman.org\/"},{"@type":"ListItem","position":2,"name":"Una radio para la diversidad"}]},{"@type":"WebSite","@id":"https:\/\/www.colegionewman.org\/#website","url":"https:\/\/www.colegionewman.org\/","name":"Colegio Internacional J.H. Newman","description":"Un colegio que te abre al mundo","publisher":{"@id":"https:\/\/www.colegionewman.org\/#organization"},"alternateName":"Colegio Newman","potentialAction":[{"@type":"SearchAction","target":{"@type":"EntryPoint","urlTemplate":"https:\/\/www.colegionewman.org\/?s={search_term_string}"},"query-input":{"@type":"PropertyValueSpecification","valueRequired":true,"valueName":"search_term_string"}}],"inLanguage":"es"},{"@type":"Organization","@id":"https:\/\/www.colegionewman.org\/#organization","name":"Colegio Internacional J.H. Newman","alternateName":"Colegio Newman","url":"https:\/\/www.colegionewman.org\/","logo":{"@type":"ImageObject","inLanguage":"es","@id":"https:\/\/www.colegionewman.org\/#\/schema\/logo\/image\/","url":"https:\/\/www.colegionewman.org\/wp-content\/uploads\/logo_mini_newman_Mesa-de-trabajo-1.png","contentUrl":"https:\/\/www.colegionewman.org\/wp-content\/uploads\/logo_mini_newman_Mesa-de-trabajo-1.png","width":750,"height":750,"caption":"Colegio Internacional J.H. Newman"},"image":{"@id":"https:\/\/www.colegionewman.org\/#\/schema\/logo\/image\/"},"sameAs":["https:\/\/www.instagram.com\/colegiojhnewman\/","https:\/\/www.youtube.com\/channel\/UCUEVCANGRsznbp-DRfSrexw","https:\/\/www.linkedin.com\/company\/colegio-internacional-jh-newman"]},{"@type":"Person","@id":"https:\/\/www.colegionewman.org\/#\/schema\/person\/8106daec86dc9c621dee981574299879","name":"usuario01","image":{"@type":"ImageObject","inLanguage":"es","@id":"https:\/\/secure.gravatar.com\/avatar\/2cefad0f4eecf4293f29f0087b54fe8c76e9fc1d6aed0ef8a8ecdd2e38e8cd47?s=96&d=mm&r=g","url":"https:\/\/secure.gravatar.com\/avatar\/2cefad0f4eecf4293f29f0087b54fe8c76e9fc1d6aed0ef8a8ecdd2e38e8cd47?s=96&d=mm&r=g","contentUrl":"https:\/\/secure.gravatar.com\/avatar\/2cefad0f4eecf4293f29f0087b54fe8c76e9fc1d6aed0ef8a8ecdd2e38e8cd47?s=96&d=mm&r=g","caption":"usuario01"},"sameAs":["https:\/\/www.colegionewman.org"],"url":"https:\/\/www.colegionewman.org\/es_es\/author\/usuario01\/"}]}},"_links":{"self":[{"href":"https:\/\/www.colegionewman.org\/es_es\/wp-json\/wp\/v2\/posts\/29547","targetHints":{"allow":["GET"]}}],"collection":[{"href":"https:\/\/www.colegionewman.org\/es_es\/wp-json\/wp\/v2\/posts"}],"about":[{"href":"https:\/\/www.colegionewman.org\/es_es\/wp-json\/wp\/v2\/types\/post"}],"author":[{"embeddable":true,"href":"https:\/\/www.colegionewman.org\/es_es\/wp-json\/wp\/v2\/users\/1"}],"replies":[{"embeddable":true,"href":"https:\/\/www.colegionewman.org\/es_es\/wp-json\/wp\/v2\/comments?post=29547"}],"version-history":[{"count":3,"href":"https:\/\/www.colegionewman.org\/es_es\/wp-json\/wp\/v2\/posts\/29547\/revisions"}],"predecessor-version":[{"id":29583,"href":"https:\/\/www.colegionewman.org\/es_es\/wp-json\/wp\/v2\/posts\/29547\/revisions\/29583"}],"wp:featuredmedia":[{"embeddable":true,"href":"https:\/\/www.colegionewman.org\/es_es\/wp-json\/wp\/v2\/media\/29549"}],"wp:attachment":[{"href":"https:\/\/www.colegionewman.org\/es_es\/wp-json\/wp\/v2\/media?parent=29547"}],"wp:term":[{"taxonomy":"category","embeddable":true,"href":"https:\/\/www.colegionewman.org\/es_es\/wp-json\/wp\/v2\/categories?post=29547"},{"taxonomy":"post_tag","embeddable":true,"href":"https:\/\/www.colegionewman.org\/es_es\/wp-json\/wp\/v2\/tags?post=29547"}],"curies":[{"name":"wp","href":"https:\/\/api.w.org\/{rel}","templated":true}]}}