{"id":29445,"date":"2024-04-22T14:01:28","date_gmt":"2024-04-22T12:01:28","guid":{"rendered":"https:\/\/www.colegionewman.org\/?p=29445"},"modified":"2024-11-18T16:08:59","modified_gmt":"2024-11-18T15:08:59","slug":"cuidando-la-salud-mental","status":"publish","type":"post","link":"https:\/\/www.colegionewman.org\/es_es\/cuidando-la-salud-mental\/","title":{"rendered":"Cuidando la salud mental"},"content":{"rendered":"\n<h2 class=\"wp-block-heading\"><\/h2>\n\n\n\n<p><\/p>\n\n\n\n<p><em><strong>El equipo de Orientaci\u00f3n del Newman, junto a Natividad Madrid, la enfermera del colegio, han elaborado el siguiente art\u00edculo donde se pone de manifiesto la problem\u00e1tica actual en torno a la salud mental, as\u00ed como las formas de actuaci\u00f3n al respecto.<\/strong><\/em><\/p>\n\n\n\n<p>La adolescencia y la temprana juventud es para cualquier persona una \u00e9poca de constantes cambios en todos los \u00f3rdenes.&nbsp;&nbsp;Desde hace unos a\u00f1os venimos observando un aumento de las dificultades emocionales de los j\u00f3venes en nuestro pa\u00eds y por eso se est\u00e1 fomentando la salud mental en las escuelas. Es fundamental acompa\u00f1ar a los j\u00f3venes para que&nbsp;<strong>sean&nbsp; capaces de enfrentarse a las adversidades, dificultades de la vida, as\u00ed como los \u00e9xitos:&nbsp;<\/strong>la incertidumbre, los malos momentos, la tristeza, el dolor y el sufrimiento, las relaciones entre iguales, alcanzar objetivos\u2026 Las adversidades normales de la vida, que cuando est\u00e1n bien acompa\u00f1adas pueden contribuir a fortalecer a la persona.&nbsp; Ante estas situaciones de sufrimiento personal deben saber que <strong>se puede pedir ayuda <\/strong>y que el dolor no es la \u00faltima palabra.&nbsp;<\/p>\n\n\n\n<p><strong>Sentirse bien en el centro educativo <\/strong>y perteneciente a la comunidad escolar, es <strong>primordial para el bienestar emocional<\/strong>, aspecto que influye directamente en la autoestima, las relaciones sociales y en todos los procesos de aprendizaje. De ah\u00ed que toda la comunidad educativa, no s\u00f3lo la enfermer\u00eda o el departamento de orientaci\u00f3n, est\u00e9 sensibilizada para apoyar a cualquier alumno que&nbsp;pueda estar pasando por un momento de dificultad emocional.<\/p>\n\n\n\n<p>Es muy importante <strong>la detecci\u00f3n de se\u00f1ales de alerta <\/strong>ante una situaci\u00f3n de riesgo para poder prevenir y apoyar antes de que&nbsp; dicha situaci\u00f3n se convierta en un problema mayor. Es ah\u00ed donde es muy necesaria una comunicaci\u00f3n constante entre las familias y los profesionales del centro. Algunas se\u00f1ales pueden deberse al&nbsp; normal desarrollo madurativo, pero es importante buscar ayuda si interfieren en la vida diaria. A modo de ejemplo, citamos <strong>algunas se\u00f1ales:<\/strong>&nbsp;<\/p>\n\n\n\n<p>&#8211; Sentirse muy triste o ausente durante un periodo de tiempo prolongado.<\/p>\n\n\n\n<p>&#8211; No querer ir al colegio.<\/p>\n\n\n\n<p>&#8211; Tratar de hacerse da\u00f1o o tener la idea de hacerlo, hablar de suicidio.<\/p>\n\n\n\n<p>&#8211; Participar en peleas o expresar el deseo de hacer da\u00f1o a los dem\u00e1s.<\/p>\n\n\n\n<p>&#8211; Problemas con la comida y obsesi\u00f3n por el peso.<\/p>\n\n\n\n<p>&#8211; Cambios de humor o de comportamiento significativos.<\/p>\n\n\n\n<figure class=\"wp-block-image size-large is-resized\"><img loading=\"lazy\" decoding=\"async\" width=\"1030\" height=\"515\" src=\"https:\/\/www.colegionewman.org\/wp-content\/uploads\/2024\/04\/Salud-Mental-1-1030x515.jpg\" alt=\"\" class=\"wp-image-29452\" style=\"width:800px;height:auto\" srcset=\"https:\/\/www.colegionewman.org\/wp-content\/uploads\/2024\/04\/Salud-Mental-1-1030x515.jpg 1030w, https:\/\/www.colegionewman.org\/wp-content\/uploads\/2024\/04\/Salud-Mental-1-300x150.jpg 300w, https:\/\/www.colegionewman.org\/wp-content\/uploads\/2024\/04\/Salud-Mental-1-768x384.jpg 768w, https:\/\/www.colegionewman.org\/wp-content\/uploads\/2024\/04\/Salud-Mental-1-1536x768.jpg 1536w, https:\/\/www.colegionewman.org\/wp-content\/uploads\/2024\/04\/Salud-Mental-1-2048x1024.jpg 2048w, https:\/\/www.colegionewman.org\/wp-content\/uploads\/2024\/04\/Salud-Mental-1-1500x750.jpg 1500w, https:\/\/www.colegionewman.org\/wp-content\/uploads\/2024\/04\/Salud-Mental-1-705x353.jpg 705w\" sizes=\"auto, (max-width: 1030px) 100vw, 1030px\" \/><\/figure>\n\n\n\n<p>El colegio es<strong> un lugar privilegiado para prevenir <\/strong>este tipo de dificultades relacionadas con la&nbsp;salud mental y emocional de los alumnos. El centro escolar es un entorno en el que pasan muchas horas y donde todo aquello que sucede impacta en su autoestima, certezas, h\u00e1bitos, relaci\u00f3n con los dem\u00e1s, proyectos de futuro, etc. Por tanto, <strong>impulsar actuaciones que fortalezcan estos aspectos de forma adecuada<\/strong>, supone consolidar los factores de protecci\u00f3n de la salud y el crecimiento de cada alumno. Por eso el Colegio Internacional JH Newman quiere <strong>ser pionero en responder al desaf\u00edo<\/strong> cada vez mayor, como la adicci\u00f3n a las pantallas o a las redes sociales, el acoso o la violencia en las relaciones afectivas, la baja tolerancia a la frustraci\u00f3n, la ansiedad y otras situaciones que se nos presentan en la sociedad actual.&nbsp;<\/p>\n\n\n\n<p>Si sospechan de que sus hijos se encuentran en alguna de las situaciones citadas anteriormente no duden en ponerse en contacto con los profesionales del centro para intentar solventar el problema.<\/p>\n\n\n\n<div style=\"height:9px\" aria-hidden=\"true\" class=\"wp-block-spacer\"><\/div>\n\n\n\n<p><strong>Departamento de Orientaci\u00f3n y enfermera del Colegio Internacional J.H. Newman<\/strong><\/p>\n","protected":false},"excerpt":{"rendered":"<p>El equipo de Orientaci\u00f3n del Newman, junto a Natividad Madrid, la enfermera del colegio, han elaborado el siguiente art\u00edculo donde se pone de manifiesto la problem\u00e1tica actual en torno a la salud mental, as\u00ed como las formas de actuaci\u00f3n al respecto. La adolescencia y la temprana juventud es para cualquier persona una \u00e9poca de constantes [&hellip;]<\/p>\n","protected":false},"author":1,"featured_media":29446,"comment_status":"open","ping_status":"open","sticky":false,"template":"","format":"standard","meta":{"footnotes":""},"categories":[19],"tags":[97,721,26,1454,310,188,421,1320,1453,113],"class_list":["post-29445","post","type-post","status-publish","format-standard","has-post-thumbnail","hentry","category-orientacion","tag-bachillerato","tag-colegio-internacional-jh-newman","tag-colegio-newman","tag-cuidando-la-salud-mental","tag-enfermeria-escolar","tag-eso","tag-madrid","tag-orientacion","tag-salud-mental","tag-secundaria"],"yoast_head":"<!-- This site is optimized with the Yoast SEO plugin v27.3 - https:\/\/yoast.com\/product\/yoast-seo-wordpress\/ -->\n<title>Charla sobre salud mental en el \u00e1mbito escolar<\/title>\n<meta name=\"description\" content=\"Los problemas relacionados con este tema son cada vez m\u00e1s frecuentes. En el colegio venimos cuidando la salud mental desde edades tempranas.\" \/>\n<meta name=\"robots\" content=\"index, follow, max-snippet:-1, max-image-preview:large, max-video-preview:-1\" \/>\n<link rel=\"canonical\" href=\"https:\/\/www.colegionewman.org\/es_es\/cuidando-la-salud-mental\/\" \/>\n<meta property=\"og:locale\" content=\"es_ES\" \/>\n<meta property=\"og:type\" content=\"article\" \/>\n<meta property=\"og:title\" content=\"Charla sobre salud mental en el \u00e1mbito escolar\" \/>\n<meta property=\"og:description\" content=\"Los problemas relacionados con este tema son cada vez m\u00e1s frecuentes. En el colegio venimos cuidando la salud mental desde edades tempranas.\" \/>\n<meta property=\"og:url\" content=\"https:\/\/www.colegionewman.org\/es_es\/cuidando-la-salud-mental\/\" \/>\n<meta property=\"og:site_name\" content=\"Colegio Internacional J.H. Newman\" \/>\n<meta property=\"article:published_time\" content=\"2024-04-22T12:01:28+00:00\" \/>\n<meta property=\"article:modified_time\" content=\"2024-11-18T15:08:59+00:00\" \/>\n<meta property=\"og:image\" content=\"https:\/\/www.colegionewman.org\/wp-content\/uploads\/2024\/04\/Cuidar-la-salud-mental-scaled.jpg\" \/>\n\t<meta property=\"og:image:width\" content=\"2560\" \/>\n\t<meta property=\"og:image:height\" content=\"1280\" \/>\n\t<meta property=\"og:image:type\" content=\"image\/jpeg\" \/>\n<meta name=\"author\" content=\"usuario01\" \/>\n<meta name=\"twitter:card\" content=\"summary_large_image\" \/>\n<meta name=\"twitter:label1\" content=\"Escrito por\" \/>\n\t<meta name=\"twitter:data1\" content=\"usuario01\" \/>\n\t<meta name=\"twitter:label2\" content=\"Tiempo de lectura\" \/>\n\t<meta name=\"twitter:data2\" content=\"3 minutos\" \/>\n<script type=\"application\/ld+json\" class=\"yoast-schema-graph\">{\"@context\":\"https:\\\/\\\/schema.org\",\"@graph\":[{\"@type\":\"Article\",\"@id\":\"https:\\\/\\\/www.colegionewman.org\\\/cuidando-la-salud-mental\\\/#article\",\"isPartOf\":{\"@id\":\"https:\\\/\\\/www.colegionewman.org\\\/cuidando-la-salud-mental\\\/\"},\"author\":{\"name\":\"usuario01\",\"@id\":\"https:\\\/\\\/www.colegionewman.org\\\/#\\\/schema\\\/person\\\/8106daec86dc9c621dee981574299879\"},\"headline\":\"Cuidando la salud mental\",\"datePublished\":\"2024-04-22T12:01:28+00:00\",\"dateModified\":\"2024-11-18T15:08:59+00:00\",\"mainEntityOfPage\":{\"@id\":\"https:\\\/\\\/www.colegionewman.org\\\/cuidando-la-salud-mental\\\/\"},\"wordCount\":604,\"commentCount\":0,\"publisher\":{\"@id\":\"https:\\\/\\\/www.colegionewman.org\\\/#organization\"},\"image\":{\"@id\":\"https:\\\/\\\/www.colegionewman.org\\\/cuidando-la-salud-mental\\\/#primaryimage\"},\"thumbnailUrl\":\"https:\\\/\\\/www.colegionewman.org\\\/wp-content\\\/uploads\\\/2024\\\/04\\\/Cuidar-la-salud-mental-scaled.jpg\",\"keywords\":[\"Bachillerato\",\"Colegio Internacional JH Newman\",\"Colegio Newman\",\"Cuidando la salud mental\",\"Enfermer\u00eda escolar\",\"ESO\",\"Madrid\",\"orientaci\u00f3n\",\"Salud mental\",\"Secundaria\"],\"articleSection\":[\"Orientaci\u00f3n\"],\"inLanguage\":\"es\",\"potentialAction\":[{\"@type\":\"CommentAction\",\"name\":\"Comment\",\"target\":[\"https:\\\/\\\/www.colegionewman.org\\\/cuidando-la-salud-mental\\\/#respond\"]}]},{\"@type\":\"WebPage\",\"@id\":\"https:\\\/\\\/www.colegionewman.org\\\/cuidando-la-salud-mental\\\/\",\"url\":\"https:\\\/\\\/www.colegionewman.org\\\/cuidando-la-salud-mental\\\/\",\"name\":\"Charla sobre salud mental en el \u00e1mbito escolar\",\"isPartOf\":{\"@id\":\"https:\\\/\\\/www.colegionewman.org\\\/#website\"},\"primaryImageOfPage\":{\"@id\":\"https:\\\/\\\/www.colegionewman.org\\\/cuidando-la-salud-mental\\\/#primaryimage\"},\"image\":{\"@id\":\"https:\\\/\\\/www.colegionewman.org\\\/cuidando-la-salud-mental\\\/#primaryimage\"},\"thumbnailUrl\":\"https:\\\/\\\/www.colegionewman.org\\\/wp-content\\\/uploads\\\/2024\\\/04\\\/Cuidar-la-salud-mental-scaled.jpg\",\"datePublished\":\"2024-04-22T12:01:28+00:00\",\"dateModified\":\"2024-11-18T15:08:59+00:00\",\"description\":\"Los problemas relacionados con este tema son cada vez m\u00e1s frecuentes. En el colegio venimos cuidando la salud mental desde edades tempranas.\",\"breadcrumb\":{\"@id\":\"https:\\\/\\\/www.colegionewman.org\\\/cuidando-la-salud-mental\\\/#breadcrumb\"},\"inLanguage\":\"es\",\"potentialAction\":[{\"@type\":\"ReadAction\",\"target\":[\"https:\\\/\\\/www.colegionewman.org\\\/cuidando-la-salud-mental\\\/\"]}]},{\"@type\":\"ImageObject\",\"inLanguage\":\"es\",\"@id\":\"https:\\\/\\\/www.colegionewman.org\\\/cuidando-la-salud-mental\\\/#primaryimage\",\"url\":\"https:\\\/\\\/www.colegionewman.org\\\/wp-content\\\/uploads\\\/2024\\\/04\\\/Cuidar-la-salud-mental-scaled.jpg\",\"contentUrl\":\"https:\\\/\\\/www.colegionewman.org\\\/wp-content\\\/uploads\\\/2024\\\/04\\\/Cuidar-la-salud-mental-scaled.jpg\",\"width\":2560,\"height\":1280,\"caption\":\"Representaci\u00f3n gr\u00e1fica del equilibrio emocional usada en sesiones de orientaci\u00f3n educativa en el centro.\"},{\"@type\":\"BreadcrumbList\",\"@id\":\"https:\\\/\\\/www.colegionewman.org\\\/cuidando-la-salud-mental\\\/#breadcrumb\",\"itemListElement\":[{\"@type\":\"ListItem\",\"position\":1,\"name\":\"Portada\",\"item\":\"https:\\\/\\\/www.colegionewman.org\\\/\"},{\"@type\":\"ListItem\",\"position\":2,\"name\":\"Cuidando la salud mental\"}]},{\"@type\":\"WebSite\",\"@id\":\"https:\\\/\\\/www.colegionewman.org\\\/#website\",\"url\":\"https:\\\/\\\/www.colegionewman.org\\\/\",\"name\":\"Colegio Internacional J.H. Newman\",\"description\":\"Un colegio que te abre al mundo\",\"publisher\":{\"@id\":\"https:\\\/\\\/www.colegionewman.org\\\/#organization\"},\"alternateName\":\"Colegio Newman\",\"potentialAction\":[{\"@type\":\"SearchAction\",\"target\":{\"@type\":\"EntryPoint\",\"urlTemplate\":\"https:\\\/\\\/www.colegionewman.org\\\/?s={search_term_string}\"},\"query-input\":{\"@type\":\"PropertyValueSpecification\",\"valueRequired\":true,\"valueName\":\"search_term_string\"}}],\"inLanguage\":\"es\"},{\"@type\":\"Organization\",\"@id\":\"https:\\\/\\\/www.colegionewman.org\\\/#organization\",\"name\":\"Colegio Internacional J.H. Newman\",\"alternateName\":\"Colegio Newman\",\"url\":\"https:\\\/\\\/www.colegionewman.org\\\/\",\"logo\":{\"@type\":\"ImageObject\",\"inLanguage\":\"es\",\"@id\":\"https:\\\/\\\/www.colegionewman.org\\\/#\\\/schema\\\/logo\\\/image\\\/\",\"url\":\"https:\\\/\\\/www.colegionewman.org\\\/wp-content\\\/uploads\\\/logo_mini_newman_Mesa-de-trabajo-1.png\",\"contentUrl\":\"https:\\\/\\\/www.colegionewman.org\\\/wp-content\\\/uploads\\\/logo_mini_newman_Mesa-de-trabajo-1.png\",\"width\":750,\"height\":750,\"caption\":\"Colegio Internacional J.H. Newman\"},\"image\":{\"@id\":\"https:\\\/\\\/www.colegionewman.org\\\/#\\\/schema\\\/logo\\\/image\\\/\"},\"sameAs\":[\"https:\\\/\\\/www.instagram.com\\\/colegiojhnewman\\\/\",\"https:\\\/\\\/www.youtube.com\\\/channel\\\/UCUEVCANGRsznbp-DRfSrexw\",\"https:\\\/\\\/www.linkedin.com\\\/company\\\/colegio-internacional-jh-newman\"]},{\"@type\":\"Person\",\"@id\":\"https:\\\/\\\/www.colegionewman.org\\\/#\\\/schema\\\/person\\\/8106daec86dc9c621dee981574299879\",\"name\":\"usuario01\",\"image\":{\"@type\":\"ImageObject\",\"inLanguage\":\"es\",\"@id\":\"https:\\\/\\\/secure.gravatar.com\\\/avatar\\\/2cefad0f4eecf4293f29f0087b54fe8c76e9fc1d6aed0ef8a8ecdd2e38e8cd47?s=96&d=mm&r=g\",\"url\":\"https:\\\/\\\/secure.gravatar.com\\\/avatar\\\/2cefad0f4eecf4293f29f0087b54fe8c76e9fc1d6aed0ef8a8ecdd2e38e8cd47?s=96&d=mm&r=g\",\"contentUrl\":\"https:\\\/\\\/secure.gravatar.com\\\/avatar\\\/2cefad0f4eecf4293f29f0087b54fe8c76e9fc1d6aed0ef8a8ecdd2e38e8cd47?s=96&d=mm&r=g\",\"caption\":\"usuario01\"},\"sameAs\":[\"https:\\\/\\\/www.colegionewman.org\"],\"url\":\"https:\\\/\\\/www.colegionewman.org\\\/es_es\\\/author\\\/usuario01\\\/\"}]}<\/script>\n<!-- \/ Yoast SEO plugin. -->","yoast_head_json":{"title":"Charla sobre salud mental en el \u00e1mbito escolar","description":"Los problemas relacionados con este tema son cada vez m\u00e1s frecuentes. En el colegio venimos cuidando la salud mental desde edades tempranas.","robots":{"index":"index","follow":"follow","max-snippet":"max-snippet:-1","max-image-preview":"max-image-preview:large","max-video-preview":"max-video-preview:-1"},"canonical":"https:\/\/www.colegionewman.org\/es_es\/cuidando-la-salud-mental\/","og_locale":"es_ES","og_type":"article","og_title":"Charla sobre salud mental en el \u00e1mbito escolar","og_description":"Los problemas relacionados con este tema son cada vez m\u00e1s frecuentes. En el colegio venimos cuidando la salud mental desde edades tempranas.","og_url":"https:\/\/www.colegionewman.org\/es_es\/cuidando-la-salud-mental\/","og_site_name":"Colegio Internacional J.H. Newman","article_published_time":"2024-04-22T12:01:28+00:00","article_modified_time":"2024-11-18T15:08:59+00:00","og_image":[{"width":2560,"height":1280,"url":"https:\/\/www.colegionewman.org\/wp-content\/uploads\/2024\/04\/Cuidar-la-salud-mental-scaled.jpg","type":"image\/jpeg"}],"author":"usuario01","twitter_card":"summary_large_image","twitter_misc":{"Escrito por":"usuario01","Tiempo de lectura":"3 minutos"},"schema":{"@context":"https:\/\/schema.org","@graph":[{"@type":"Article","@id":"https:\/\/www.colegionewman.org\/cuidando-la-salud-mental\/#article","isPartOf":{"@id":"https:\/\/www.colegionewman.org\/cuidando-la-salud-mental\/"},"author":{"name":"usuario01","@id":"https:\/\/www.colegionewman.org\/#\/schema\/person\/8106daec86dc9c621dee981574299879"},"headline":"Cuidando la salud mental","datePublished":"2024-04-22T12:01:28+00:00","dateModified":"2024-11-18T15:08:59+00:00","mainEntityOfPage":{"@id":"https:\/\/www.colegionewman.org\/cuidando-la-salud-mental\/"},"wordCount":604,"commentCount":0,"publisher":{"@id":"https:\/\/www.colegionewman.org\/#organization"},"image":{"@id":"https:\/\/www.colegionewman.org\/cuidando-la-salud-mental\/#primaryimage"},"thumbnailUrl":"https:\/\/www.colegionewman.org\/wp-content\/uploads\/2024\/04\/Cuidar-la-salud-mental-scaled.jpg","keywords":["Bachillerato","Colegio Internacional JH Newman","Colegio Newman","Cuidando la salud mental","Enfermer\u00eda escolar","ESO","Madrid","orientaci\u00f3n","Salud mental","Secundaria"],"articleSection":["Orientaci\u00f3n"],"inLanguage":"es","potentialAction":[{"@type":"CommentAction","name":"Comment","target":["https:\/\/www.colegionewman.org\/cuidando-la-salud-mental\/#respond"]}]},{"@type":"WebPage","@id":"https:\/\/www.colegionewman.org\/cuidando-la-salud-mental\/","url":"https:\/\/www.colegionewman.org\/cuidando-la-salud-mental\/","name":"Charla sobre salud mental en el \u00e1mbito escolar","isPartOf":{"@id":"https:\/\/www.colegionewman.org\/#website"},"primaryImageOfPage":{"@id":"https:\/\/www.colegionewman.org\/cuidando-la-salud-mental\/#primaryimage"},"image":{"@id":"https:\/\/www.colegionewman.org\/cuidando-la-salud-mental\/#primaryimage"},"thumbnailUrl":"https:\/\/www.colegionewman.org\/wp-content\/uploads\/2024\/04\/Cuidar-la-salud-mental-scaled.jpg","datePublished":"2024-04-22T12:01:28+00:00","dateModified":"2024-11-18T15:08:59+00:00","description":"Los problemas relacionados con este tema son cada vez m\u00e1s frecuentes. En el colegio venimos cuidando la salud mental desde edades tempranas.","breadcrumb":{"@id":"https:\/\/www.colegionewman.org\/cuidando-la-salud-mental\/#breadcrumb"},"inLanguage":"es","potentialAction":[{"@type":"ReadAction","target":["https:\/\/www.colegionewman.org\/cuidando-la-salud-mental\/"]}]},{"@type":"ImageObject","inLanguage":"es","@id":"https:\/\/www.colegionewman.org\/cuidando-la-salud-mental\/#primaryimage","url":"https:\/\/www.colegionewman.org\/wp-content\/uploads\/2024\/04\/Cuidar-la-salud-mental-scaled.jpg","contentUrl":"https:\/\/www.colegionewman.org\/wp-content\/uploads\/2024\/04\/Cuidar-la-salud-mental-scaled.jpg","width":2560,"height":1280,"caption":"Representaci\u00f3n gr\u00e1fica del equilibrio emocional usada en sesiones de orientaci\u00f3n educativa en el centro."},{"@type":"BreadcrumbList","@id":"https:\/\/www.colegionewman.org\/cuidando-la-salud-mental\/#breadcrumb","itemListElement":[{"@type":"ListItem","position":1,"name":"Portada","item":"https:\/\/www.colegionewman.org\/"},{"@type":"ListItem","position":2,"name":"Cuidando la salud mental"}]},{"@type":"WebSite","@id":"https:\/\/www.colegionewman.org\/#website","url":"https:\/\/www.colegionewman.org\/","name":"Colegio Internacional J.H. Newman","description":"Un colegio que te abre al mundo","publisher":{"@id":"https:\/\/www.colegionewman.org\/#organization"},"alternateName":"Colegio Newman","potentialAction":[{"@type":"SearchAction","target":{"@type":"EntryPoint","urlTemplate":"https:\/\/www.colegionewman.org\/?s={search_term_string}"},"query-input":{"@type":"PropertyValueSpecification","valueRequired":true,"valueName":"search_term_string"}}],"inLanguage":"es"},{"@type":"Organization","@id":"https:\/\/www.colegionewman.org\/#organization","name":"Colegio Internacional J.H. Newman","alternateName":"Colegio Newman","url":"https:\/\/www.colegionewman.org\/","logo":{"@type":"ImageObject","inLanguage":"es","@id":"https:\/\/www.colegionewman.org\/#\/schema\/logo\/image\/","url":"https:\/\/www.colegionewman.org\/wp-content\/uploads\/logo_mini_newman_Mesa-de-trabajo-1.png","contentUrl":"https:\/\/www.colegionewman.org\/wp-content\/uploads\/logo_mini_newman_Mesa-de-trabajo-1.png","width":750,"height":750,"caption":"Colegio Internacional J.H. Newman"},"image":{"@id":"https:\/\/www.colegionewman.org\/#\/schema\/logo\/image\/"},"sameAs":["https:\/\/www.instagram.com\/colegiojhnewman\/","https:\/\/www.youtube.com\/channel\/UCUEVCANGRsznbp-DRfSrexw","https:\/\/www.linkedin.com\/company\/colegio-internacional-jh-newman"]},{"@type":"Person","@id":"https:\/\/www.colegionewman.org\/#\/schema\/person\/8106daec86dc9c621dee981574299879","name":"usuario01","image":{"@type":"ImageObject","inLanguage":"es","@id":"https:\/\/secure.gravatar.com\/avatar\/2cefad0f4eecf4293f29f0087b54fe8c76e9fc1d6aed0ef8a8ecdd2e38e8cd47?s=96&d=mm&r=g","url":"https:\/\/secure.gravatar.com\/avatar\/2cefad0f4eecf4293f29f0087b54fe8c76e9fc1d6aed0ef8a8ecdd2e38e8cd47?s=96&d=mm&r=g","contentUrl":"https:\/\/secure.gravatar.com\/avatar\/2cefad0f4eecf4293f29f0087b54fe8c76e9fc1d6aed0ef8a8ecdd2e38e8cd47?s=96&d=mm&r=g","caption":"usuario01"},"sameAs":["https:\/\/www.colegionewman.org"],"url":"https:\/\/www.colegionewman.org\/es_es\/author\/usuario01\/"}]}},"_links":{"self":[{"href":"https:\/\/www.colegionewman.org\/es_es\/wp-json\/wp\/v2\/posts\/29445","targetHints":{"allow":["GET"]}}],"collection":[{"href":"https:\/\/www.colegionewman.org\/es_es\/wp-json\/wp\/v2\/posts"}],"about":[{"href":"https:\/\/www.colegionewman.org\/es_es\/wp-json\/wp\/v2\/types\/post"}],"author":[{"embeddable":true,"href":"https:\/\/www.colegionewman.org\/es_es\/wp-json\/wp\/v2\/users\/1"}],"replies":[{"embeddable":true,"href":"https:\/\/www.colegionewman.org\/es_es\/wp-json\/wp\/v2\/comments?post=29445"}],"version-history":[{"count":14,"href":"https:\/\/www.colegionewman.org\/es_es\/wp-json\/wp\/v2\/posts\/29445\/revisions"}],"predecessor-version":[{"id":30108,"href":"https:\/\/www.colegionewman.org\/es_es\/wp-json\/wp\/v2\/posts\/29445\/revisions\/30108"}],"wp:featuredmedia":[{"embeddable":true,"href":"https:\/\/www.colegionewman.org\/es_es\/wp-json\/wp\/v2\/media\/29446"}],"wp:attachment":[{"href":"https:\/\/www.colegionewman.org\/es_es\/wp-json\/wp\/v2\/media?parent=29445"}],"wp:term":[{"taxonomy":"category","embeddable":true,"href":"https:\/\/www.colegionewman.org\/es_es\/wp-json\/wp\/v2\/categories?post=29445"},{"taxonomy":"post_tag","embeddable":true,"href":"https:\/\/www.colegionewman.org\/es_es\/wp-json\/wp\/v2\/tags?post=29445"}],"curies":[{"name":"wp","href":"https:\/\/api.w.org\/{rel}","templated":true}]}}