{"id":29265,"date":"2024-03-15T13:36:48","date_gmt":"2024-03-15T12:36:48","guid":{"rendered":"https:\/\/www.colegionewman.org\/?p=29265"},"modified":"2024-03-15T13:36:51","modified_gmt":"2024-03-15T12:36:51","slug":"sac-2024-y-si-no-me-gustan-las-meninas-otra-historia-del-arte-con-miguel-angel-cajigal-el-barroquista","status":"publish","type":"post","link":"https:\/\/www.colegionewman.org\/es_es\/sac-2024-y-si-no-me-gustan-las-meninas-otra-historia-del-arte-con-miguel-angel-cajigal-el-barroquista\/","title":{"rendered":"SAC 2024: \u00bfY si no me gustan Las Meninas?&#8230; Otra Historia del Arte con Miguel \u00c1ngel Cajigal, &#8216;El Barroquista&#8217;"},"content":{"rendered":"\n<h2 class=\"wp-block-heading\">En este quinto d\u00eda cerramos la Semana de las Artes y las Ciencias con otra visi\u00f3n del arte, alejada de los convencionalismos tradicionales. As\u00ed, de la mano de este famoso historiador, los alumnos de Secundaria y Bachillerato han aprendido que no pasa nada por romper los esquemas en lo art\u00edstico sin sentirse mal por ello.<\/h2>\n\n\n\n<p><strong>Miguel \u00c1ngel Cajigal Vera<\/strong>, tambi\u00e9n conocido bajo el seud\u00f3nimo de <strong>&#8216;El Barroquista&#8217;<\/strong>, <a href=\"https:\/\/www.instagram.com\/elbarroquista\/?hl=es\">@elbarroquista<\/a> en redes sociales es historiador del arte, profesor y uno de los <strong>divulgadores culturales m\u00e1s importantes <\/strong>de Espa\u00f1a. Actualmente colabora en el programa de divulgaci\u00f3n hist\u00f3rica <a href=\"https:\/\/www.rtve.es\/play\/videos\/el-condensador-de-fluzo\/\">&#8216;El condensador de fluzo&#8217;<\/a>, de La 2 de Televisi\u00f3n Espa\u00f1ola\u200b y en varios programas de radio de prestigio.<\/p>\n\n\n\n<p><\/p>\n\n\n\n<blockquote class=\"wp-block-quote is-layout-flow wp-block-quote-is-layout-flow\">\n<p><strong><em>\u00bfY si no me gustan Las Meninas?<\/em><\/strong><\/p>\n\n\n\n<p><\/p>\n<\/blockquote>\n\n\n\n<div class=\"wp-block-group is-layout-constrained wp-block-group-is-layout-constrained\">\n<div class=\"wp-block-columns is-layout-flex wp-container-core-columns-is-layout-9d6595d7 wp-block-columns-is-layout-flex\">\n<div class=\"wp-block-column is-layout-flow wp-block-column-is-layout-flow\" style=\"flex-basis:100%\">\n<div class=\"wp-block-media-text is-stacked-on-mobile\" style=\"grid-template-columns:29% auto\"><figure class=\"wp-block-media-text__media\"><img loading=\"lazy\" decoding=\"async\" width=\"677\" height=\"1030\" src=\"https:\/\/www.colegionewman.org\/wp-content\/uploads\/2024\/03\/No-pasa-nada-si-no-te-gustan-las-Meninas-1-677x1030.jpg\" alt=\"\" class=\"wp-image-29276 size-full\" srcset=\"https:\/\/www.colegionewman.org\/wp-content\/uploads\/2024\/03\/No-pasa-nada-si-no-te-gustan-las-Meninas-1-677x1030.jpg 677w, https:\/\/www.colegionewman.org\/wp-content\/uploads\/2024\/03\/No-pasa-nada-si-no-te-gustan-las-Meninas-1-197x300.jpg 197w, https:\/\/www.colegionewman.org\/wp-content\/uploads\/2024\/03\/No-pasa-nada-si-no-te-gustan-las-Meninas-1-768x1168.jpg 768w, https:\/\/www.colegionewman.org\/wp-content\/uploads\/2024\/03\/No-pasa-nada-si-no-te-gustan-las-Meninas-1-1010x1536.jpg 1010w, https:\/\/www.colegionewman.org\/wp-content\/uploads\/2024\/03\/No-pasa-nada-si-no-te-gustan-las-Meninas-1-986x1500.jpg 986w, https:\/\/www.colegionewman.org\/wp-content\/uploads\/2024\/03\/No-pasa-nada-si-no-te-gustan-las-Meninas-1-463x705.jpg 463w, https:\/\/www.colegionewman.org\/wp-content\/uploads\/2024\/03\/No-pasa-nada-si-no-te-gustan-las-Meninas-1.jpg 1280w\" sizes=\"auto, (max-width: 677px) 100vw, 677px\" \/><\/figure><div class=\"wp-block-media-text__content\">\n<p>El broche de oro a la SAC 2024 ha sido la conferencia que &#8216;El Barroquista&#8217; ha dado en el Newman, titulada<strong> &#8216;Otra Historia del Arte: No pasa nada si no te gustan Las Meninas&#8217;<\/strong> y est\u00e1 inspirada en el libro que el autor tiene con el mismo nombre. \u200bCon esta su primera publicaci\u00f3n, del a\u00f1o 2021, alcanz\u00f3 cinco ediciones en menos de un a\u00f1o.<\/p>\n\n\n\n<p>\u00bfY qui\u00e9n no se ha sentido un bicho raro cuando ha ido a un museo y no se ha sentido atra\u00eddo por las obras de arte convencionales? &nbsp;Por ese famos\u00edsimo cuadro de <strong>Las Meninas<\/strong>,<strong> la obra maestra del Siglo de Oro<\/strong> espa\u00f1ol pintada por Diego Vel\u00e1zquez. O por tantos otros que podemos ver en el Museo del Prado. Yo misma, la que os escribe, me he sentido as\u00ed, quiz\u00e1s algo frustrada por no entender bien el arte tradicional. A m\u00ed tampoco me gustan Las Meninas. Y precisamente esto es lo que &#8216;El Barroquista&#8217; ha querido transmitir a nuestros alumnos con su intervenci\u00f3n. <\/p>\n\n\n\n<p>Como versa un p\u00e1rrafo del libro de Miguel \u00c1ngel, \u00abcualquiera que haya visitado un museo o haya hojeado un libro sobre arte&nbsp; habr\u00e1 escuchado o le\u00eddo frases rimbombantes y categ\u00f3ricas como \u00abNos&nbsp; encontramos ante la gran obra maestra del siglo XX\u00bb, \u00abEste artista es un&nbsp; genio\u00bb o \u00abAquella pintura cambi\u00f3 el mundo\u00bb. <strong>Esta concepci\u00f3n de la&nbsp; creaci\u00f3n art\u00edstica<\/strong> -basada en la aceptaci\u00f3n de un canon preestablecido&nbsp; que privilegia unos estilos espec\u00edficos y encumbra unas firmas concretas-, lejos de favorecer el aprendizaje y hacer el arte m\u00e1s accesible, <strong>ha encorsetado el placer del p\u00fablico<\/strong> general y ha condicionado&nbsp;su gusto\u00bb. As\u00ed, el historiador del arte nos ha propuesto <strong>una&nbsp;nueva manera de acercarnos a esta disciplina<\/strong>, <strong>disfrutando del arte sin prejuicios<\/strong> y con total libertad.<\/p>\n<\/div><\/div>\n<\/div>\n<\/div>\n\n\n\n<p>\u00abLa clave es <strong>saber desgranar la importancia y el contexto hist\u00f3rico<\/strong>, no s\u00f3lo de Las Meninas, si no de cualquier otra obra. Con eso me vale. Que te guste m\u00e1s o menos eso ya es otra cuesti\u00f3n\u00bb. As\u00ed lo ha explicado Miguel \u00c1ngel que ha bajado al patio de butacas para hacer un coloquio sobre los gustos de nuestros chicos y chicas. A la mayor\u00eda, por cierto, no les gustan Las Meninas. \u00abLa mayor parte de las veces cuando estamos ante un cuadro no nos gusta porque no conocemos el trasfondo\u00bb, ha a\u00f1adido.<\/p>\n\n\n\n<figure class=\"wp-block-image size-large\"><img loading=\"lazy\" decoding=\"async\" width=\"1030\" height=\"579\" src=\"https:\/\/www.colegionewman.org\/wp-content\/uploads\/2024\/03\/El-Barroquista-en-el-Newman-2-1030x579.jpg\" alt=\"\" class=\"wp-image-29279\" srcset=\"https:\/\/www.colegionewman.org\/wp-content\/uploads\/2024\/03\/El-Barroquista-en-el-Newman-2-1030x579.jpg 1030w, https:\/\/www.colegionewman.org\/wp-content\/uploads\/2024\/03\/El-Barroquista-en-el-Newman-2-300x169.jpg 300w, https:\/\/www.colegionewman.org\/wp-content\/uploads\/2024\/03\/El-Barroquista-en-el-Newman-2-768x432.jpg 768w, https:\/\/www.colegionewman.org\/wp-content\/uploads\/2024\/03\/El-Barroquista-en-el-Newman-2-1536x864.jpg 1536w, https:\/\/www.colegionewman.org\/wp-content\/uploads\/2024\/03\/El-Barroquista-en-el-Newman-2-1500x844.jpg 1500w, https:\/\/www.colegionewman.org\/wp-content\/uploads\/2024\/03\/El-Barroquista-en-el-Newman-2-705x397.jpg 705w, https:\/\/www.colegionewman.org\/wp-content\/uploads\/2024\/03\/El-Barroquista-en-el-Newman-2.jpg 2048w\" sizes=\"auto, (max-width: 1030px) 100vw, 1030px\" \/><\/figure>\n<\/div>\n\n\n\n<p><\/p>\n\n\n\n<p>Con sus palabras, Miguel \u00c1ngel ha abierto las puertas a todos los asistentes a su conferencia, a entrar en su <strong>\u00abmuseo particular\u00bb<\/strong>. All\u00ed dentro hay un sinf\u00edn de historias&nbsp;fascinantes y <strong>obras personal\u00edsimas<\/strong>, como las de Maurizio Cattelan,&nbsp;Teresa Margolles, Piero Manzoni o Fiona Banner, junto a piezas muy reconocidas de Guo Xi, Frida Kahlo o Artemisia Gentileschi. Son <strong>artistas revolucionarios del arte<\/strong>, <strong>sin miedo a romper los convencionalismos<\/strong>. A ellos, a lo mejor, tampoco les gustan Las Meninas, pero la obra que muestra a la familia de Felipe IV, \u00abha sido el diccionario para muchas obras posteriores\u00bb, tal y como ha explicado &#8216;El Barroquista&#8217;.<\/p>\n\n\n\n<p>El debate est\u00e1 abierto, pero lo que s\u00ed que ha quedado claro es que <strong>hay otras muchas historias del Arte<\/strong>, m\u00e1s all\u00e1 de Las Meninas. Los alumnos han aprendido a no sentirse raros por no entender una parte del arte, porque no pasa nada si no te gustan las obras tradicionales.<\/p>\n\n\n\n<figure class=\"wp-block-image size-large\"><img loading=\"lazy\" decoding=\"async\" width=\"1842\" height=\"1152\" src=\"https:\/\/www.colegionewman.org\/wp-content\/uploads\/2024\/03\/El-Barroquista-pregunta-sobre-Las-Meninas-edited.jpg\" alt=\"\" class=\"wp-image-29281\" srcset=\"https:\/\/www.colegionewman.org\/wp-content\/uploads\/2024\/03\/El-Barroquista-pregunta-sobre-Las-Meninas-edited.jpg 1842w, https:\/\/www.colegionewman.org\/wp-content\/uploads\/2024\/03\/El-Barroquista-pregunta-sobre-Las-Meninas-edited-300x188.jpg 300w, https:\/\/www.colegionewman.org\/wp-content\/uploads\/2024\/03\/El-Barroquista-pregunta-sobre-Las-Meninas-edited-1030x644.jpg 1030w, https:\/\/www.colegionewman.org\/wp-content\/uploads\/2024\/03\/El-Barroquista-pregunta-sobre-Las-Meninas-edited-768x480.jpg 768w, https:\/\/www.colegionewman.org\/wp-content\/uploads\/2024\/03\/El-Barroquista-pregunta-sobre-Las-Meninas-edited-1536x961.jpg 1536w, https:\/\/www.colegionewman.org\/wp-content\/uploads\/2024\/03\/El-Barroquista-pregunta-sobre-Las-Meninas-edited-1500x938.jpg 1500w, https:\/\/www.colegionewman.org\/wp-content\/uploads\/2024\/03\/El-Barroquista-pregunta-sobre-Las-Meninas-edited-705x441.jpg 705w\" sizes=\"auto, (max-width: 1842px) 100vw, 1842px\" \/><\/figure>\n\n\n\n<p><strong>\u200bAgradecemos a Miguel \u00c1ngel Cajigal su visita al colegio con esta interesante y divertida conferencia. Y tambi\u00e9n por mostrarnos otra cara de la Historia del Arte.<\/strong><\/p>\n","protected":false},"excerpt":{"rendered":"<p>En este quinto d\u00eda cerramos la Semana de las Artes y las Ciencias con otra visi\u00f3n del arte, alejada de los convencionalismos tradicionales. As\u00ed, de la mano de este famoso historiador, los alumnos de Secundaria y Bachillerato han aprendido que no pasa nada por romper los esquemas en lo art\u00edstico sin sentirse mal por ello. [&hellip;]<\/p>\n","protected":false},"author":1,"featured_media":29274,"comment_status":"open","ping_status":"open","sticky":false,"template":"","format":"standard","meta":{"footnotes":""},"categories":[17,72,47,87,1413,16],"tags":[1441,97,721,26,1440,1436,188,1423,421,1437,1439,113],"class_list":["post-29265","post","type-post","status-publish","format-standard","has-post-thumbnail","hentry","category-bachillerato","category-colegio","category-eventos","category-noticias","category-sac","category-secundaria","tag-arte-convencional","tag-bachillerato","tag-colegio-internacional-jh-newman","tag-colegio-newman","tag-divulgacion-cultural","tag-el-barroquista","tag-eso","tag-historia-del-arte","tag-madrid","tag-meninas","tag-miguel-angel-cajigal","tag-secundaria"],"yoast_head":"<!-- This site is optimized with the Yoast SEO plugin v27.3 - https:\/\/yoast.com\/product\/yoast-seo-wordpress\/ -->\n<title>SAC 2024: historia del arte en la Semana de las Artes \u2014<\/title>\n<meta name=\"description\" content=\"El divulgador cultural, El Barroquista nos invita a romper los convencionalismos art\u00edsticos. No pasa nada si no te gustan Las Meninas.\" \/>\n<meta name=\"robots\" content=\"index, follow, max-snippet:-1, max-image-preview:large, max-video-preview:-1\" \/>\n<link rel=\"canonical\" href=\"https:\/\/www.colegionewman.org\/es_es\/sac-2024-y-si-no-me-gustan-las-meninas-otra-historia-del-arte-con-miguel-angel-cajigal-el-barroquista\/\" \/>\n<meta property=\"og:locale\" content=\"es_ES\" \/>\n<meta property=\"og:type\" content=\"article\" \/>\n<meta property=\"og:title\" content=\"SAC 2024: historia del arte en la Semana de las Artes \u2014\" \/>\n<meta property=\"og:description\" content=\"El divulgador cultural, El Barroquista nos invita a romper los convencionalismos art\u00edsticos. No pasa nada si no te gustan Las Meninas.\" \/>\n<meta property=\"og:url\" content=\"https:\/\/www.colegionewman.org\/es_es\/sac-2024-y-si-no-me-gustan-las-meninas-otra-historia-del-arte-con-miguel-angel-cajigal-el-barroquista\/\" \/>\n<meta property=\"og:site_name\" content=\"Colegio Internacional J.H. Newman\" \/>\n<meta property=\"article:published_time\" content=\"2024-03-15T12:36:48+00:00\" \/>\n<meta property=\"article:modified_time\" content=\"2024-03-15T12:36:51+00:00\" \/>\n<meta property=\"og:image\" content=\"https:\/\/www.colegionewman.org\/wp-content\/uploads\/2024\/03\/Miguel-Angel-Cajigal-El-Barroquista.jpg\" \/>\n\t<meta property=\"og:image:width\" content=\"2048\" \/>\n\t<meta property=\"og:image:height\" content=\"1152\" \/>\n\t<meta property=\"og:image:type\" content=\"image\/jpeg\" \/>\n<meta name=\"author\" content=\"usuario01\" \/>\n<meta name=\"twitter:card\" content=\"summary_large_image\" \/>\n<meta name=\"twitter:label1\" content=\"Escrito por\" \/>\n\t<meta name=\"twitter:data1\" content=\"usuario01\" \/>\n\t<meta name=\"twitter:label2\" content=\"Tiempo de lectura\" \/>\n\t<meta name=\"twitter:data2\" content=\"4 minutos\" \/>\n<script type=\"application\/ld+json\" class=\"yoast-schema-graph\">{\"@context\":\"https:\\\/\\\/schema.org\",\"@graph\":[{\"@type\":\"Article\",\"@id\":\"https:\\\/\\\/www.colegionewman.org\\\/sac-2024-y-si-no-me-gustan-las-meninas-otra-historia-del-arte-con-miguel-angel-cajigal-el-barroquista\\\/#article\",\"isPartOf\":{\"@id\":\"https:\\\/\\\/www.colegionewman.org\\\/sac-2024-y-si-no-me-gustan-las-meninas-otra-historia-del-arte-con-miguel-angel-cajigal-el-barroquista\\\/\"},\"author\":{\"name\":\"usuario01\",\"@id\":\"https:\\\/\\\/www.colegionewman.org\\\/#\\\/schema\\\/person\\\/8106daec86dc9c621dee981574299879\"},\"headline\":\"SAC 2024: \u00bfY si no me gustan Las Meninas?&#8230; Otra Historia del Arte con Miguel \u00c1ngel Cajigal, &#8216;El Barroquista&#8217;\",\"datePublished\":\"2024-03-15T12:36:48+00:00\",\"dateModified\":\"2024-03-15T12:36:51+00:00\",\"mainEntityOfPage\":{\"@id\":\"https:\\\/\\\/www.colegionewman.org\\\/sac-2024-y-si-no-me-gustan-las-meninas-otra-historia-del-arte-con-miguel-angel-cajigal-el-barroquista\\\/\"},\"wordCount\":750,\"commentCount\":0,\"publisher\":{\"@id\":\"https:\\\/\\\/www.colegionewman.org\\\/#organization\"},\"image\":{\"@id\":\"https:\\\/\\\/www.colegionewman.org\\\/sac-2024-y-si-no-me-gustan-las-meninas-otra-historia-del-arte-con-miguel-angel-cajigal-el-barroquista\\\/#primaryimage\"},\"thumbnailUrl\":\"https:\\\/\\\/www.colegionewman.org\\\/wp-content\\\/uploads\\\/2024\\\/03\\\/Miguel-Angel-Cajigal-El-Barroquista.jpg\",\"keywords\":[\"arte convencional\",\"Bachillerato\",\"Colegio Internacional JH Newman\",\"Colegio Newman\",\"divulgaci\u00f3n cultural\",\"el barroquista\",\"ESO\",\"historia del arte\",\"Madrid\",\"meninas\",\"miguel \u00e1ngel cajigal\",\"Secundaria\"],\"articleSection\":[\"Bachillerato\",\"Colegio\",\"Eventos\",\"Noticias\",\"SAC\",\"Secundaria\"],\"inLanguage\":\"es\",\"potentialAction\":[{\"@type\":\"CommentAction\",\"name\":\"Comment\",\"target\":[\"https:\\\/\\\/www.colegionewman.org\\\/sac-2024-y-si-no-me-gustan-las-meninas-otra-historia-del-arte-con-miguel-angel-cajigal-el-barroquista\\\/#respond\"]}]},{\"@type\":\"WebPage\",\"@id\":\"https:\\\/\\\/www.colegionewman.org\\\/sac-2024-y-si-no-me-gustan-las-meninas-otra-historia-del-arte-con-miguel-angel-cajigal-el-barroquista\\\/\",\"url\":\"https:\\\/\\\/www.colegionewman.org\\\/sac-2024-y-si-no-me-gustan-las-meninas-otra-historia-del-arte-con-miguel-angel-cajigal-el-barroquista\\\/\",\"name\":\"SAC 2024: historia del arte en la Semana de las Artes \u2014\",\"isPartOf\":{\"@id\":\"https:\\\/\\\/www.colegionewman.org\\\/#website\"},\"primaryImageOfPage\":{\"@id\":\"https:\\\/\\\/www.colegionewman.org\\\/sac-2024-y-si-no-me-gustan-las-meninas-otra-historia-del-arte-con-miguel-angel-cajigal-el-barroquista\\\/#primaryimage\"},\"image\":{\"@id\":\"https:\\\/\\\/www.colegionewman.org\\\/sac-2024-y-si-no-me-gustan-las-meninas-otra-historia-del-arte-con-miguel-angel-cajigal-el-barroquista\\\/#primaryimage\"},\"thumbnailUrl\":\"https:\\\/\\\/www.colegionewman.org\\\/wp-content\\\/uploads\\\/2024\\\/03\\\/Miguel-Angel-Cajigal-El-Barroquista.jpg\",\"datePublished\":\"2024-03-15T12:36:48+00:00\",\"dateModified\":\"2024-03-15T12:36:51+00:00\",\"description\":\"El divulgador cultural, El Barroquista nos invita a romper los convencionalismos art\u00edsticos. No pasa nada si no te gustan Las Meninas.\",\"breadcrumb\":{\"@id\":\"https:\\\/\\\/www.colegionewman.org\\\/sac-2024-y-si-no-me-gustan-las-meninas-otra-historia-del-arte-con-miguel-angel-cajigal-el-barroquista\\\/#breadcrumb\"},\"inLanguage\":\"es\",\"potentialAction\":[{\"@type\":\"ReadAction\",\"target\":[\"https:\\\/\\\/www.colegionewman.org\\\/sac-2024-y-si-no-me-gustan-las-meninas-otra-historia-del-arte-con-miguel-angel-cajigal-el-barroquista\\\/\"]}]},{\"@type\":\"ImageObject\",\"inLanguage\":\"es\",\"@id\":\"https:\\\/\\\/www.colegionewman.org\\\/sac-2024-y-si-no-me-gustan-las-meninas-otra-historia-del-arte-con-miguel-angel-cajigal-el-barroquista\\\/#primaryimage\",\"url\":\"https:\\\/\\\/www.colegionewman.org\\\/wp-content\\\/uploads\\\/2024\\\/03\\\/Miguel-Angel-Cajigal-El-Barroquista.jpg\",\"contentUrl\":\"https:\\\/\\\/www.colegionewman.org\\\/wp-content\\\/uploads\\\/2024\\\/03\\\/Miguel-Angel-Cajigal-El-Barroquista.jpg\",\"width\":2048,\"height\":1152,\"caption\":\"Miguel \u00c1ngel Cajigal posando en el \u00e1rea de exposiciones del Colegio Newman tras su sesi\u00f3n de educaci\u00f3n art\u00edstica con los alumnos.\"},{\"@type\":\"BreadcrumbList\",\"@id\":\"https:\\\/\\\/www.colegionewman.org\\\/sac-2024-y-si-no-me-gustan-las-meninas-otra-historia-del-arte-con-miguel-angel-cajigal-el-barroquista\\\/#breadcrumb\",\"itemListElement\":[{\"@type\":\"ListItem\",\"position\":1,\"name\":\"Portada\",\"item\":\"https:\\\/\\\/www.colegionewman.org\\\/\"},{\"@type\":\"ListItem\",\"position\":2,\"name\":\"SAC 2024: \u00bfY si no me gustan Las Meninas?&#8230; Otra Historia del Arte con Miguel \u00c1ngel Cajigal, &#8216;El Barroquista&#8217;\"}]},{\"@type\":\"WebSite\",\"@id\":\"https:\\\/\\\/www.colegionewman.org\\\/#website\",\"url\":\"https:\\\/\\\/www.colegionewman.org\\\/\",\"name\":\"Colegio Internacional J.H. Newman\",\"description\":\"Un colegio que te abre al mundo\",\"publisher\":{\"@id\":\"https:\\\/\\\/www.colegionewman.org\\\/#organization\"},\"alternateName\":\"Colegio Newman\",\"potentialAction\":[{\"@type\":\"SearchAction\",\"target\":{\"@type\":\"EntryPoint\",\"urlTemplate\":\"https:\\\/\\\/www.colegionewman.org\\\/?s={search_term_string}\"},\"query-input\":{\"@type\":\"PropertyValueSpecification\",\"valueRequired\":true,\"valueName\":\"search_term_string\"}}],\"inLanguage\":\"es\"},{\"@type\":\"Organization\",\"@id\":\"https:\\\/\\\/www.colegionewman.org\\\/#organization\",\"name\":\"Colegio Internacional J.H. Newman\",\"alternateName\":\"Colegio Newman\",\"url\":\"https:\\\/\\\/www.colegionewman.org\\\/\",\"logo\":{\"@type\":\"ImageObject\",\"inLanguage\":\"es\",\"@id\":\"https:\\\/\\\/www.colegionewman.org\\\/#\\\/schema\\\/logo\\\/image\\\/\",\"url\":\"https:\\\/\\\/www.colegionewman.org\\\/wp-content\\\/uploads\\\/logo_mini_newman_Mesa-de-trabajo-1.png\",\"contentUrl\":\"https:\\\/\\\/www.colegionewman.org\\\/wp-content\\\/uploads\\\/logo_mini_newman_Mesa-de-trabajo-1.png\",\"width\":750,\"height\":750,\"caption\":\"Colegio Internacional J.H. Newman\"},\"image\":{\"@id\":\"https:\\\/\\\/www.colegionewman.org\\\/#\\\/schema\\\/logo\\\/image\\\/\"},\"sameAs\":[\"https:\\\/\\\/www.instagram.com\\\/colegiojhnewman\\\/\",\"https:\\\/\\\/www.youtube.com\\\/channel\\\/UCUEVCANGRsznbp-DRfSrexw\",\"https:\\\/\\\/www.linkedin.com\\\/company\\\/colegio-internacional-jh-newman\"]},{\"@type\":\"Person\",\"@id\":\"https:\\\/\\\/www.colegionewman.org\\\/#\\\/schema\\\/person\\\/8106daec86dc9c621dee981574299879\",\"name\":\"usuario01\",\"image\":{\"@type\":\"ImageObject\",\"inLanguage\":\"es\",\"@id\":\"https:\\\/\\\/secure.gravatar.com\\\/avatar\\\/2cefad0f4eecf4293f29f0087b54fe8c76e9fc1d6aed0ef8a8ecdd2e38e8cd47?s=96&d=mm&r=g\",\"url\":\"https:\\\/\\\/secure.gravatar.com\\\/avatar\\\/2cefad0f4eecf4293f29f0087b54fe8c76e9fc1d6aed0ef8a8ecdd2e38e8cd47?s=96&d=mm&r=g\",\"contentUrl\":\"https:\\\/\\\/secure.gravatar.com\\\/avatar\\\/2cefad0f4eecf4293f29f0087b54fe8c76e9fc1d6aed0ef8a8ecdd2e38e8cd47?s=96&d=mm&r=g\",\"caption\":\"usuario01\"},\"sameAs\":[\"https:\\\/\\\/www.colegionewman.org\"],\"url\":\"https:\\\/\\\/www.colegionewman.org\\\/es_es\\\/author\\\/usuario01\\\/\"}]}<\/script>\n<!-- \/ Yoast SEO plugin. -->","yoast_head_json":{"title":"SAC 2024: historia del arte en la Semana de las Artes \u2014","description":"El divulgador cultural, El Barroquista nos invita a romper los convencionalismos art\u00edsticos. No pasa nada si no te gustan Las Meninas.","robots":{"index":"index","follow":"follow","max-snippet":"max-snippet:-1","max-image-preview":"max-image-preview:large","max-video-preview":"max-video-preview:-1"},"canonical":"https:\/\/www.colegionewman.org\/es_es\/sac-2024-y-si-no-me-gustan-las-meninas-otra-historia-del-arte-con-miguel-angel-cajigal-el-barroquista\/","og_locale":"es_ES","og_type":"article","og_title":"SAC 2024: historia del arte en la Semana de las Artes \u2014","og_description":"El divulgador cultural, El Barroquista nos invita a romper los convencionalismos art\u00edsticos. No pasa nada si no te gustan Las Meninas.","og_url":"https:\/\/www.colegionewman.org\/es_es\/sac-2024-y-si-no-me-gustan-las-meninas-otra-historia-del-arte-con-miguel-angel-cajigal-el-barroquista\/","og_site_name":"Colegio Internacional J.H. Newman","article_published_time":"2024-03-15T12:36:48+00:00","article_modified_time":"2024-03-15T12:36:51+00:00","og_image":[{"width":2048,"height":1152,"url":"https:\/\/www.colegionewman.org\/wp-content\/uploads\/2024\/03\/Miguel-Angel-Cajigal-El-Barroquista.jpg","type":"image\/jpeg"}],"author":"usuario01","twitter_card":"summary_large_image","twitter_misc":{"Escrito por":"usuario01","Tiempo de lectura":"4 minutos"},"schema":{"@context":"https:\/\/schema.org","@graph":[{"@type":"Article","@id":"https:\/\/www.colegionewman.org\/sac-2024-y-si-no-me-gustan-las-meninas-otra-historia-del-arte-con-miguel-angel-cajigal-el-barroquista\/#article","isPartOf":{"@id":"https:\/\/www.colegionewman.org\/sac-2024-y-si-no-me-gustan-las-meninas-otra-historia-del-arte-con-miguel-angel-cajigal-el-barroquista\/"},"author":{"name":"usuario01","@id":"https:\/\/www.colegionewman.org\/#\/schema\/person\/8106daec86dc9c621dee981574299879"},"headline":"SAC 2024: \u00bfY si no me gustan Las Meninas?&#8230; Otra Historia del Arte con Miguel \u00c1ngel Cajigal, &#8216;El Barroquista&#8217;","datePublished":"2024-03-15T12:36:48+00:00","dateModified":"2024-03-15T12:36:51+00:00","mainEntityOfPage":{"@id":"https:\/\/www.colegionewman.org\/sac-2024-y-si-no-me-gustan-las-meninas-otra-historia-del-arte-con-miguel-angel-cajigal-el-barroquista\/"},"wordCount":750,"commentCount":0,"publisher":{"@id":"https:\/\/www.colegionewman.org\/#organization"},"image":{"@id":"https:\/\/www.colegionewman.org\/sac-2024-y-si-no-me-gustan-las-meninas-otra-historia-del-arte-con-miguel-angel-cajigal-el-barroquista\/#primaryimage"},"thumbnailUrl":"https:\/\/www.colegionewman.org\/wp-content\/uploads\/2024\/03\/Miguel-Angel-Cajigal-El-Barroquista.jpg","keywords":["arte convencional","Bachillerato","Colegio Internacional JH Newman","Colegio Newman","divulgaci\u00f3n cultural","el barroquista","ESO","historia del arte","Madrid","meninas","miguel \u00e1ngel cajigal","Secundaria"],"articleSection":["Bachillerato","Colegio","Eventos","Noticias","SAC","Secundaria"],"inLanguage":"es","potentialAction":[{"@type":"CommentAction","name":"Comment","target":["https:\/\/www.colegionewman.org\/sac-2024-y-si-no-me-gustan-las-meninas-otra-historia-del-arte-con-miguel-angel-cajigal-el-barroquista\/#respond"]}]},{"@type":"WebPage","@id":"https:\/\/www.colegionewman.org\/sac-2024-y-si-no-me-gustan-las-meninas-otra-historia-del-arte-con-miguel-angel-cajigal-el-barroquista\/","url":"https:\/\/www.colegionewman.org\/sac-2024-y-si-no-me-gustan-las-meninas-otra-historia-del-arte-con-miguel-angel-cajigal-el-barroquista\/","name":"SAC 2024: historia del arte en la Semana de las Artes \u2014","isPartOf":{"@id":"https:\/\/www.colegionewman.org\/#website"},"primaryImageOfPage":{"@id":"https:\/\/www.colegionewman.org\/sac-2024-y-si-no-me-gustan-las-meninas-otra-historia-del-arte-con-miguel-angel-cajigal-el-barroquista\/#primaryimage"},"image":{"@id":"https:\/\/www.colegionewman.org\/sac-2024-y-si-no-me-gustan-las-meninas-otra-historia-del-arte-con-miguel-angel-cajigal-el-barroquista\/#primaryimage"},"thumbnailUrl":"https:\/\/www.colegionewman.org\/wp-content\/uploads\/2024\/03\/Miguel-Angel-Cajigal-El-Barroquista.jpg","datePublished":"2024-03-15T12:36:48+00:00","dateModified":"2024-03-15T12:36:51+00:00","description":"El divulgador cultural, El Barroquista nos invita a romper los convencionalismos art\u00edsticos. No pasa nada si no te gustan Las Meninas.","breadcrumb":{"@id":"https:\/\/www.colegionewman.org\/sac-2024-y-si-no-me-gustan-las-meninas-otra-historia-del-arte-con-miguel-angel-cajigal-el-barroquista\/#breadcrumb"},"inLanguage":"es","potentialAction":[{"@type":"ReadAction","target":["https:\/\/www.colegionewman.org\/sac-2024-y-si-no-me-gustan-las-meninas-otra-historia-del-arte-con-miguel-angel-cajigal-el-barroquista\/"]}]},{"@type":"ImageObject","inLanguage":"es","@id":"https:\/\/www.colegionewman.org\/sac-2024-y-si-no-me-gustan-las-meninas-otra-historia-del-arte-con-miguel-angel-cajigal-el-barroquista\/#primaryimage","url":"https:\/\/www.colegionewman.org\/wp-content\/uploads\/2024\/03\/Miguel-Angel-Cajigal-El-Barroquista.jpg","contentUrl":"https:\/\/www.colegionewman.org\/wp-content\/uploads\/2024\/03\/Miguel-Angel-Cajigal-El-Barroquista.jpg","width":2048,"height":1152,"caption":"Miguel \u00c1ngel Cajigal posando en el \u00e1rea de exposiciones del Colegio Newman tras su sesi\u00f3n de educaci\u00f3n art\u00edstica con los alumnos."},{"@type":"BreadcrumbList","@id":"https:\/\/www.colegionewman.org\/sac-2024-y-si-no-me-gustan-las-meninas-otra-historia-del-arte-con-miguel-angel-cajigal-el-barroquista\/#breadcrumb","itemListElement":[{"@type":"ListItem","position":1,"name":"Portada","item":"https:\/\/www.colegionewman.org\/"},{"@type":"ListItem","position":2,"name":"SAC 2024: \u00bfY si no me gustan Las Meninas?&#8230; Otra Historia del Arte con Miguel \u00c1ngel Cajigal, &#8216;El Barroquista&#8217;"}]},{"@type":"WebSite","@id":"https:\/\/www.colegionewman.org\/#website","url":"https:\/\/www.colegionewman.org\/","name":"Colegio Internacional J.H. Newman","description":"Un colegio que te abre al mundo","publisher":{"@id":"https:\/\/www.colegionewman.org\/#organization"},"alternateName":"Colegio Newman","potentialAction":[{"@type":"SearchAction","target":{"@type":"EntryPoint","urlTemplate":"https:\/\/www.colegionewman.org\/?s={search_term_string}"},"query-input":{"@type":"PropertyValueSpecification","valueRequired":true,"valueName":"search_term_string"}}],"inLanguage":"es"},{"@type":"Organization","@id":"https:\/\/www.colegionewman.org\/#organization","name":"Colegio Internacional J.H. Newman","alternateName":"Colegio Newman","url":"https:\/\/www.colegionewman.org\/","logo":{"@type":"ImageObject","inLanguage":"es","@id":"https:\/\/www.colegionewman.org\/#\/schema\/logo\/image\/","url":"https:\/\/www.colegionewman.org\/wp-content\/uploads\/logo_mini_newman_Mesa-de-trabajo-1.png","contentUrl":"https:\/\/www.colegionewman.org\/wp-content\/uploads\/logo_mini_newman_Mesa-de-trabajo-1.png","width":750,"height":750,"caption":"Colegio Internacional J.H. Newman"},"image":{"@id":"https:\/\/www.colegionewman.org\/#\/schema\/logo\/image\/"},"sameAs":["https:\/\/www.instagram.com\/colegiojhnewman\/","https:\/\/www.youtube.com\/channel\/UCUEVCANGRsznbp-DRfSrexw","https:\/\/www.linkedin.com\/company\/colegio-internacional-jh-newman"]},{"@type":"Person","@id":"https:\/\/www.colegionewman.org\/#\/schema\/person\/8106daec86dc9c621dee981574299879","name":"usuario01","image":{"@type":"ImageObject","inLanguage":"es","@id":"https:\/\/secure.gravatar.com\/avatar\/2cefad0f4eecf4293f29f0087b54fe8c76e9fc1d6aed0ef8a8ecdd2e38e8cd47?s=96&d=mm&r=g","url":"https:\/\/secure.gravatar.com\/avatar\/2cefad0f4eecf4293f29f0087b54fe8c76e9fc1d6aed0ef8a8ecdd2e38e8cd47?s=96&d=mm&r=g","contentUrl":"https:\/\/secure.gravatar.com\/avatar\/2cefad0f4eecf4293f29f0087b54fe8c76e9fc1d6aed0ef8a8ecdd2e38e8cd47?s=96&d=mm&r=g","caption":"usuario01"},"sameAs":["https:\/\/www.colegionewman.org"],"url":"https:\/\/www.colegionewman.org\/es_es\/author\/usuario01\/"}]}},"_links":{"self":[{"href":"https:\/\/www.colegionewman.org\/es_es\/wp-json\/wp\/v2\/posts\/29265","targetHints":{"allow":["GET"]}}],"collection":[{"href":"https:\/\/www.colegionewman.org\/es_es\/wp-json\/wp\/v2\/posts"}],"about":[{"href":"https:\/\/www.colegionewman.org\/es_es\/wp-json\/wp\/v2\/types\/post"}],"author":[{"embeddable":true,"href":"https:\/\/www.colegionewman.org\/es_es\/wp-json\/wp\/v2\/users\/1"}],"replies":[{"embeddable":true,"href":"https:\/\/www.colegionewman.org\/es_es\/wp-json\/wp\/v2\/comments?post=29265"}],"version-history":[{"count":5,"href":"https:\/\/www.colegionewman.org\/es_es\/wp-json\/wp\/v2\/posts\/29265\/revisions"}],"predecessor-version":[{"id":29284,"href":"https:\/\/www.colegionewman.org\/es_es\/wp-json\/wp\/v2\/posts\/29265\/revisions\/29284"}],"wp:featuredmedia":[{"embeddable":true,"href":"https:\/\/www.colegionewman.org\/es_es\/wp-json\/wp\/v2\/media\/29274"}],"wp:attachment":[{"href":"https:\/\/www.colegionewman.org\/es_es\/wp-json\/wp\/v2\/media?parent=29265"}],"wp:term":[{"taxonomy":"category","embeddable":true,"href":"https:\/\/www.colegionewman.org\/es_es\/wp-json\/wp\/v2\/categories?post=29265"},{"taxonomy":"post_tag","embeddable":true,"href":"https:\/\/www.colegionewman.org\/es_es\/wp-json\/wp\/v2\/tags?post=29265"}],"curies":[{"name":"wp","href":"https:\/\/api.w.org\/{rel}","templated":true}]}}