{"id":29238,"date":"2024-03-14T14:34:47","date_gmt":"2024-03-14T13:34:47","guid":{"rendered":"https:\/\/www.colegionewman.org\/?p=29238"},"modified":"2024-11-18T16:09:46","modified_gmt":"2024-11-18T15:09:46","slug":"sac-2024-nos-adentramos-en-el-arte-de-comunicar-con-javi-nieves","status":"publish","type":"post","link":"https:\/\/www.colegionewman.org\/es_es\/sac-2024-nos-adentramos-en-el-arte-de-comunicar-con-javi-nieves\/","title":{"rendered":"SAC 2024: Nos adentramos en el arte de comunicar con Javi Nieves"},"content":{"rendered":"\n<h2 class=\"wp-block-heading\">El cuarto y pen\u00faltimo d\u00eda de la Semana de las Artes y las Ciencias, el 14 de marzo, hemos recibido en el Newman al reconocido locutor de radio, Javi Nieves. Una intervenci\u00f3n dirigida especialmente a los futuros periodistas y comunicadores del colegio.<\/h2>\n\n\n\n<p>Javi Nieves es comunicador audiovisual de carrera y locutor de radio espa\u00f1ol de una larga trayectoria profesional, conocido especialmente por el programa de la emisora del grupo <a href=\"https:\/\/institucional.absidemedia.com\/\">Abside Media<\/a>,<strong> &#8216;\u00a1Buenos d\u00edas, Javi y Mar!&#8217;<\/strong>, que lleva en abierto desde 2006 en <a href=\"https:\/\/www.cadena100.es\/\">CADENA 100<\/a>. Actualmente tambi\u00e9n es colaborador en el programa &#8216;La tarde&#8217; de la <a href=\"https:\/\/www.cope.es\/\">Cadena COPE.<\/a> <\/p>\n\n\n\n<blockquote class=\"wp-block-quote is-layout-flow wp-block-quote-is-layout-flow\">\n<p>&#8216;<em><strong>El arte de comunicar<\/strong><\/em>&#8216;<\/p>\n<\/blockquote>\n\n\n\n<p><strong>Comunicar hoy en d\u00eda es un reto<\/strong> y esto bien lo saben los profesionales de la comunicaci\u00f3n como \u00e9l. Con este t\u00edtulo, Javi Nieves ha querido dejar patente en su intervenci\u00f3n, que la comunicaci\u00f3n es una<strong> actividad necesaria para el entendimiento entre los hombres<\/strong> y que para ello es necesario llevarla a cabo de forma correcta. \u00abQueremos ser buenos comunicadores. Acerqu\u00e9monos a qui\u00e9nes han hecho de la comunicaci\u00f3n un arte\u00bb, ha dicho el locutor de radio.<\/p>\n\n\n\n<figure class=\"wp-block-image size-large\"><img loading=\"lazy\" decoding=\"async\" width=\"1030\" height=\"579\" src=\"https:\/\/www.colegionewman.org\/wp-content\/uploads\/2024\/03\/javi-nieves-en-el-newman-1030x579.jpg\" alt=\"\" class=\"wp-image-29243\" srcset=\"https:\/\/www.colegionewman.org\/wp-content\/uploads\/2024\/03\/javi-nieves-en-el-newman-1030x579.jpg 1030w, https:\/\/www.colegionewman.org\/wp-content\/uploads\/2024\/03\/javi-nieves-en-el-newman-300x169.jpg 300w, https:\/\/www.colegionewman.org\/wp-content\/uploads\/2024\/03\/javi-nieves-en-el-newman-768x432.jpg 768w, https:\/\/www.colegionewman.org\/wp-content\/uploads\/2024\/03\/javi-nieves-en-el-newman-1536x864.jpg 1536w, https:\/\/www.colegionewman.org\/wp-content\/uploads\/2024\/03\/javi-nieves-en-el-newman-1500x844.jpg 1500w, https:\/\/www.colegionewman.org\/wp-content\/uploads\/2024\/03\/javi-nieves-en-el-newman-705x397.jpg 705w, https:\/\/www.colegionewman.org\/wp-content\/uploads\/2024\/03\/javi-nieves-en-el-newman.jpg 2048w\" sizes=\"auto, (max-width: 1030px) 100vw, 1030px\" \/><\/figure>\n\n\n\n<p>El p\u00fablico, formado por nuestros alumnos de ESO y Bachillerato, junto a los profesores que han querido disfrutar de la charla, han recibido con gran efusividad al comunicador, algo que a \u00e9l mismo le ha sorprendido gratamente. La conferencia <strong>se ha basado en una entrevista<\/strong> que Dayron y Elena, dos alumnos de 2\u00ba de Bachillerato de Sociales y Tecnolog\u00eda han hecho a Javi, que ha alabado la capacidad de los chicos de pensar y realizar las preguntas.<\/p>\n\n\n\n<p>\u00bfC\u00f3mo llegaste a la radio? \u00bfEs dif\u00edcil encauzar los estudios de comunicaci\u00f3n hacia los medios y llegar a ser un periodista reconocido? \u00bfEn el ejercicio de la comunicaci\u00f3n, hay que decir cosas que no quieres? \u00bfC\u00f3mo se afrontan las cr\u00edticas?&#8230; Estas son<strong> algunas de las cuestiones<\/strong> que m\u00e1s han preocupado a nuestros alumnos, que han recogido las peticiones de sus compa\u00f1eros dirigidas a Javi Nieves. <\/p>\n\n\n\n<blockquote class=\"wp-block-quote is-layout-flow wp-block-quote-is-layout-flow\">\n<p><em><strong>\u00bfC\u00f3mo ser un buen comunicador?<\/strong><\/em><\/p>\n<\/blockquote>\n\n\n\n<p>\u00ab<strong>Lo m\u00e1s importante es saber escuchar.<\/strong> Eso es lo principal en cualquier comunicaci\u00f3n. Lo b\u00e1sico es contar historias y la clave est\u00e1 en prestar atenci\u00f3n\u00bb. As\u00ed ha respondido a los alumnos que quieren formarse en este campo. Y ha insistido en que llegar a ser un periodista o una figura de \u00e9xito y <strong>ser valorado no es f\u00e1cil<\/strong>, pero que si se hace bien se consigue. De hecho, Javi ha contado que hasta que \u00e9l lleg\u00f3 a la radio tuvo que pasar por varias trabas hasta que ha podido dedicarse al \u00aboficio de la radio\u00bb, como \u00e9l dice. <\/p>\n\n\n\n<p>Al final de su intervenci\u00f3n los que han querido han lanzado sus preguntas a Javi. \u00bfQu\u00e9 hay que hacer para ser un buen comunicador? La respuesta se resumen en <strong>\u00abaprender a contar d\u00f3nde est\u00e1 la noticia, ser responsables y decir siempre la verdad\u00bb<\/strong>. Ahora toca formarse bien y ponerlo en pr\u00e1ctica para en el futuro llegar a ser buenos profesionales de la comunicaci\u00f3n. Es en definitiva, <strong>el arte de la comunicaci\u00f3n.<\/strong><\/p>\n\n\n\n<figure class=\"wp-block-image size-large\"><img loading=\"lazy\" decoding=\"async\" width=\"1030\" height=\"579\" src=\"https:\/\/www.colegionewman.org\/wp-content\/uploads\/2024\/03\/javi-nieves-el-arte-de-comunicar-1030x579.jpg\" alt=\"\" class=\"wp-image-29244\" srcset=\"https:\/\/www.colegionewman.org\/wp-content\/uploads\/2024\/03\/javi-nieves-el-arte-de-comunicar-1030x579.jpg 1030w, https:\/\/www.colegionewman.org\/wp-content\/uploads\/2024\/03\/javi-nieves-el-arte-de-comunicar-300x169.jpg 300w, https:\/\/www.colegionewman.org\/wp-content\/uploads\/2024\/03\/javi-nieves-el-arte-de-comunicar-768x432.jpg 768w, https:\/\/www.colegionewman.org\/wp-content\/uploads\/2024\/03\/javi-nieves-el-arte-de-comunicar-1536x864.jpg 1536w, https:\/\/www.colegionewman.org\/wp-content\/uploads\/2024\/03\/javi-nieves-el-arte-de-comunicar-1500x844.jpg 1500w, https:\/\/www.colegionewman.org\/wp-content\/uploads\/2024\/03\/javi-nieves-el-arte-de-comunicar-705x397.jpg 705w, https:\/\/www.colegionewman.org\/wp-content\/uploads\/2024\/03\/javi-nieves-el-arte-de-comunicar.jpg 2048w\" sizes=\"auto, (max-width: 1030px) 100vw, 1030px\" \/><\/figure>\n\n\n\n<p><strong>\u00a1Javi Nieves ha triunfado hoy en el Newman! Agradecemos al comunicador que nos haya orientado en este mundo y en la importancia de comunicar con arte.<\/strong><\/p>\n\n\n\n<p><\/p>\n\n\n\n<p><\/p>\n","protected":false},"excerpt":{"rendered":"<p>El cuarto y pen\u00faltimo d\u00eda de la Semana de las Artes y las Ciencias, el 14 de marzo, hemos recibido en el Newman al reconocido locutor de radio, Javi Nieves. Una intervenci\u00f3n dirigida especialmente a los futuros periodistas y comunicadores del colegio. Javi Nieves es comunicador audiovisual de carrera y locutor de radio espa\u00f1ol de [&hellip;]<\/p>\n","protected":false},"author":1,"featured_media":29248,"comment_status":"open","ping_status":"open","sticky":false,"template":"","format":"standard","meta":{"footnotes":""},"categories":[17,72,47,87,1413,16],"tags":[97,1434,721,26,1431,1432,188,1435,421,1433,113],"class_list":["post-29238","post","type-post","status-publish","format-standard","has-post-thumbnail","hentry","category-bachillerato","category-colegio","category-eventos","category-noticias","category-sac","category-secundaria","tag-bachillerato","tag-cadena-100","tag-colegio-internacional-jh-newman","tag-colegio-newman","tag-comunicacion","tag-el-arte-de-comunicar","tag-eso","tag-javi-nieves","tag-madrid","tag-periodismo","tag-secundaria"],"yoast_head":"<!-- This site is optimized with the Yoast SEO plugin v27.3 - https:\/\/yoast.com\/product\/yoast-seo-wordpress\/ -->\n<title>SAC 2024: comunicaci\u00f3n y creatividad en la Semana de las Artes<\/title>\n<meta name=\"description\" content=\"\u00bfQu\u00e9 es lo que hace un buen comunicador? \u00bfC\u00f3mo ser buen profesional?... Es el arte de comunicar. El locutor de radio Javi Nieves da la clave.\" \/>\n<meta name=\"robots\" content=\"index, follow, max-snippet:-1, max-image-preview:large, max-video-preview:-1\" \/>\n<link rel=\"canonical\" href=\"https:\/\/www.colegionewman.org\/es_es\/sac-2024-nos-adentramos-en-el-arte-de-comunicar-con-javi-nieves\/\" \/>\n<meta property=\"og:locale\" content=\"es_ES\" \/>\n<meta property=\"og:type\" content=\"article\" \/>\n<meta property=\"og:title\" content=\"SAC 2024: comunicaci\u00f3n y creatividad en la Semana de las Artes\" \/>\n<meta property=\"og:description\" content=\"\u00bfQu\u00e9 es lo que hace un buen comunicador? \u00bfC\u00f3mo ser buen profesional?... Es el arte de comunicar. El locutor de radio Javi Nieves da la clave.\" \/>\n<meta property=\"og:url\" content=\"https:\/\/www.colegionewman.org\/es_es\/sac-2024-nos-adentramos-en-el-arte-de-comunicar-con-javi-nieves\/\" \/>\n<meta property=\"og:site_name\" content=\"Colegio Internacional J.H. Newman\" \/>\n<meta property=\"article:published_time\" content=\"2024-03-14T13:34:47+00:00\" \/>\n<meta property=\"article:modified_time\" content=\"2024-11-18T15:09:46+00:00\" \/>\n<meta property=\"og:image\" content=\"https:\/\/www.colegionewman.org\/wp-content\/uploads\/2024\/03\/el-locutor-de-radio-javi-nieves.png\" \/>\n\t<meta property=\"og:image:width\" content=\"845\" \/>\n\t<meta property=\"og:image:height\" content=\"391\" \/>\n\t<meta property=\"og:image:type\" content=\"image\/png\" \/>\n<meta name=\"author\" content=\"usuario01\" \/>\n<meta name=\"twitter:card\" content=\"summary_large_image\" \/>\n<meta name=\"twitter:label1\" content=\"Escrito por\" \/>\n\t<meta name=\"twitter:data1\" content=\"usuario01\" \/>\n\t<meta name=\"twitter:label2\" content=\"Tiempo de lectura\" \/>\n\t<meta name=\"twitter:data2\" content=\"3 minutos\" \/>\n<script type=\"application\/ld+json\" class=\"yoast-schema-graph\">{\"@context\":\"https:\\\/\\\/schema.org\",\"@graph\":[{\"@type\":\"Article\",\"@id\":\"https:\\\/\\\/www.colegionewman.org\\\/sac-2024-nos-adentramos-en-el-arte-de-comunicar-con-javi-nieves\\\/#article\",\"isPartOf\":{\"@id\":\"https:\\\/\\\/www.colegionewman.org\\\/sac-2024-nos-adentramos-en-el-arte-de-comunicar-con-javi-nieves\\\/\"},\"author\":{\"name\":\"usuario01\",\"@id\":\"https:\\\/\\\/www.colegionewman.org\\\/#\\\/schema\\\/person\\\/8106daec86dc9c621dee981574299879\"},\"headline\":\"SAC 2024: Nos adentramos en el arte de comunicar con Javi Nieves\",\"datePublished\":\"2024-03-14T13:34:47+00:00\",\"dateModified\":\"2024-11-18T15:09:46+00:00\",\"mainEntityOfPage\":{\"@id\":\"https:\\\/\\\/www.colegionewman.org\\\/sac-2024-nos-adentramos-en-el-arte-de-comunicar-con-javi-nieves\\\/\"},\"wordCount\":562,\"commentCount\":0,\"publisher\":{\"@id\":\"https:\\\/\\\/www.colegionewman.org\\\/#organization\"},\"image\":{\"@id\":\"https:\\\/\\\/www.colegionewman.org\\\/sac-2024-nos-adentramos-en-el-arte-de-comunicar-con-javi-nieves\\\/#primaryimage\"},\"thumbnailUrl\":\"https:\\\/\\\/www.colegionewman.org\\\/wp-content\\\/uploads\\\/2024\\\/03\\\/el-locutor-de-radio-javi-nieves.png\",\"keywords\":[\"Bachillerato\",\"cadena 100\",\"Colegio Internacional JH Newman\",\"Colegio Newman\",\"comunicaci\u00f3n\",\"el arte de comunicar\",\"ESO\",\"javi nieves\",\"Madrid\",\"periodismo\",\"Secundaria\"],\"articleSection\":[\"Bachillerato\",\"Colegio\",\"Eventos\",\"Noticias\",\"SAC\",\"Secundaria\"],\"inLanguage\":\"es\",\"potentialAction\":[{\"@type\":\"CommentAction\",\"name\":\"Comment\",\"target\":[\"https:\\\/\\\/www.colegionewman.org\\\/sac-2024-nos-adentramos-en-el-arte-de-comunicar-con-javi-nieves\\\/#respond\"]}]},{\"@type\":\"WebPage\",\"@id\":\"https:\\\/\\\/www.colegionewman.org\\\/sac-2024-nos-adentramos-en-el-arte-de-comunicar-con-javi-nieves\\\/\",\"url\":\"https:\\\/\\\/www.colegionewman.org\\\/sac-2024-nos-adentramos-en-el-arte-de-comunicar-con-javi-nieves\\\/\",\"name\":\"SAC 2024: comunicaci\u00f3n y creatividad en la Semana de las Artes\",\"isPartOf\":{\"@id\":\"https:\\\/\\\/www.colegionewman.org\\\/#website\"},\"primaryImageOfPage\":{\"@id\":\"https:\\\/\\\/www.colegionewman.org\\\/sac-2024-nos-adentramos-en-el-arte-de-comunicar-con-javi-nieves\\\/#primaryimage\"},\"image\":{\"@id\":\"https:\\\/\\\/www.colegionewman.org\\\/sac-2024-nos-adentramos-en-el-arte-de-comunicar-con-javi-nieves\\\/#primaryimage\"},\"thumbnailUrl\":\"https:\\\/\\\/www.colegionewman.org\\\/wp-content\\\/uploads\\\/2024\\\/03\\\/el-locutor-de-radio-javi-nieves.png\",\"datePublished\":\"2024-03-14T13:34:47+00:00\",\"dateModified\":\"2024-11-18T15:09:46+00:00\",\"description\":\"\u00bfQu\u00e9 es lo que hace un buen comunicador? \u00bfC\u00f3mo ser buen profesional?... Es el arte de comunicar. El locutor de radio Javi Nieves da la clave.\",\"breadcrumb\":{\"@id\":\"https:\\\/\\\/www.colegionewman.org\\\/sac-2024-nos-adentramos-en-el-arte-de-comunicar-con-javi-nieves\\\/#breadcrumb\"},\"inLanguage\":\"es\",\"potentialAction\":[{\"@type\":\"ReadAction\",\"target\":[\"https:\\\/\\\/www.colegionewman.org\\\/sac-2024-nos-adentramos-en-el-arte-de-comunicar-con-javi-nieves\\\/\"]}]},{\"@type\":\"ImageObject\",\"inLanguage\":\"es\",\"@id\":\"https:\\\/\\\/www.colegionewman.org\\\/sac-2024-nos-adentramos-en-el-arte-de-comunicar-con-javi-nieves\\\/#primaryimage\",\"url\":\"https:\\\/\\\/www.colegionewman.org\\\/wp-content\\\/uploads\\\/2024\\\/03\\\/el-locutor-de-radio-javi-nieves.png\",\"contentUrl\":\"https:\\\/\\\/www.colegionewman.org\\\/wp-content\\\/uploads\\\/2024\\\/03\\\/el-locutor-de-radio-javi-nieves.png\",\"width\":845,\"height\":391,\"caption\":\"El presentador Javi Nieves participando en una charla motivacional dentro del programa de orientaci\u00f3n escolar del Colegio Newman.\"},{\"@type\":\"BreadcrumbList\",\"@id\":\"https:\\\/\\\/www.colegionewman.org\\\/sac-2024-nos-adentramos-en-el-arte-de-comunicar-con-javi-nieves\\\/#breadcrumb\",\"itemListElement\":[{\"@type\":\"ListItem\",\"position\":1,\"name\":\"Portada\",\"item\":\"https:\\\/\\\/www.colegionewman.org\\\/\"},{\"@type\":\"ListItem\",\"position\":2,\"name\":\"SAC 2024: Nos adentramos en el arte de comunicar con Javi Nieves\"}]},{\"@type\":\"WebSite\",\"@id\":\"https:\\\/\\\/www.colegionewman.org\\\/#website\",\"url\":\"https:\\\/\\\/www.colegionewman.org\\\/\",\"name\":\"Colegio Internacional J.H. Newman\",\"description\":\"Un colegio que te abre al mundo\",\"publisher\":{\"@id\":\"https:\\\/\\\/www.colegionewman.org\\\/#organization\"},\"alternateName\":\"Colegio Newman\",\"potentialAction\":[{\"@type\":\"SearchAction\",\"target\":{\"@type\":\"EntryPoint\",\"urlTemplate\":\"https:\\\/\\\/www.colegionewman.org\\\/?s={search_term_string}\"},\"query-input\":{\"@type\":\"PropertyValueSpecification\",\"valueRequired\":true,\"valueName\":\"search_term_string\"}}],\"inLanguage\":\"es\"},{\"@type\":\"Organization\",\"@id\":\"https:\\\/\\\/www.colegionewman.org\\\/#organization\",\"name\":\"Colegio Internacional J.H. Newman\",\"alternateName\":\"Colegio Newman\",\"url\":\"https:\\\/\\\/www.colegionewman.org\\\/\",\"logo\":{\"@type\":\"ImageObject\",\"inLanguage\":\"es\",\"@id\":\"https:\\\/\\\/www.colegionewman.org\\\/#\\\/schema\\\/logo\\\/image\\\/\",\"url\":\"https:\\\/\\\/www.colegionewman.org\\\/wp-content\\\/uploads\\\/logo_mini_newman_Mesa-de-trabajo-1.png\",\"contentUrl\":\"https:\\\/\\\/www.colegionewman.org\\\/wp-content\\\/uploads\\\/logo_mini_newman_Mesa-de-trabajo-1.png\",\"width\":750,\"height\":750,\"caption\":\"Colegio Internacional J.H. Newman\"},\"image\":{\"@id\":\"https:\\\/\\\/www.colegionewman.org\\\/#\\\/schema\\\/logo\\\/image\\\/\"},\"sameAs\":[\"https:\\\/\\\/www.instagram.com\\\/colegiojhnewman\\\/\",\"https:\\\/\\\/www.youtube.com\\\/channel\\\/UCUEVCANGRsznbp-DRfSrexw\",\"https:\\\/\\\/www.linkedin.com\\\/company\\\/colegio-internacional-jh-newman\"]},{\"@type\":\"Person\",\"@id\":\"https:\\\/\\\/www.colegionewman.org\\\/#\\\/schema\\\/person\\\/8106daec86dc9c621dee981574299879\",\"name\":\"usuario01\",\"image\":{\"@type\":\"ImageObject\",\"inLanguage\":\"es\",\"@id\":\"https:\\\/\\\/secure.gravatar.com\\\/avatar\\\/2cefad0f4eecf4293f29f0087b54fe8c76e9fc1d6aed0ef8a8ecdd2e38e8cd47?s=96&d=mm&r=g\",\"url\":\"https:\\\/\\\/secure.gravatar.com\\\/avatar\\\/2cefad0f4eecf4293f29f0087b54fe8c76e9fc1d6aed0ef8a8ecdd2e38e8cd47?s=96&d=mm&r=g\",\"contentUrl\":\"https:\\\/\\\/secure.gravatar.com\\\/avatar\\\/2cefad0f4eecf4293f29f0087b54fe8c76e9fc1d6aed0ef8a8ecdd2e38e8cd47?s=96&d=mm&r=g\",\"caption\":\"usuario01\"},\"sameAs\":[\"https:\\\/\\\/www.colegionewman.org\"],\"url\":\"https:\\\/\\\/www.colegionewman.org\\\/es_es\\\/author\\\/usuario01\\\/\"}]}<\/script>\n<!-- \/ Yoast SEO plugin. -->","yoast_head_json":{"title":"SAC 2024: comunicaci\u00f3n y creatividad en la Semana de las Artes","description":"\u00bfQu\u00e9 es lo que hace un buen comunicador? \u00bfC\u00f3mo ser buen profesional?... Es el arte de comunicar. El locutor de radio Javi Nieves da la clave.","robots":{"index":"index","follow":"follow","max-snippet":"max-snippet:-1","max-image-preview":"max-image-preview:large","max-video-preview":"max-video-preview:-1"},"canonical":"https:\/\/www.colegionewman.org\/es_es\/sac-2024-nos-adentramos-en-el-arte-de-comunicar-con-javi-nieves\/","og_locale":"es_ES","og_type":"article","og_title":"SAC 2024: comunicaci\u00f3n y creatividad en la Semana de las Artes","og_description":"\u00bfQu\u00e9 es lo que hace un buen comunicador? \u00bfC\u00f3mo ser buen profesional?... Es el arte de comunicar. El locutor de radio Javi Nieves da la clave.","og_url":"https:\/\/www.colegionewman.org\/es_es\/sac-2024-nos-adentramos-en-el-arte-de-comunicar-con-javi-nieves\/","og_site_name":"Colegio Internacional J.H. Newman","article_published_time":"2024-03-14T13:34:47+00:00","article_modified_time":"2024-11-18T15:09:46+00:00","og_image":[{"width":845,"height":391,"url":"https:\/\/www.colegionewman.org\/wp-content\/uploads\/2024\/03\/el-locutor-de-radio-javi-nieves.png","type":"image\/png"}],"author":"usuario01","twitter_card":"summary_large_image","twitter_misc":{"Escrito por":"usuario01","Tiempo de lectura":"3 minutos"},"schema":{"@context":"https:\/\/schema.org","@graph":[{"@type":"Article","@id":"https:\/\/www.colegionewman.org\/sac-2024-nos-adentramos-en-el-arte-de-comunicar-con-javi-nieves\/#article","isPartOf":{"@id":"https:\/\/www.colegionewman.org\/sac-2024-nos-adentramos-en-el-arte-de-comunicar-con-javi-nieves\/"},"author":{"name":"usuario01","@id":"https:\/\/www.colegionewman.org\/#\/schema\/person\/8106daec86dc9c621dee981574299879"},"headline":"SAC 2024: Nos adentramos en el arte de comunicar con Javi Nieves","datePublished":"2024-03-14T13:34:47+00:00","dateModified":"2024-11-18T15:09:46+00:00","mainEntityOfPage":{"@id":"https:\/\/www.colegionewman.org\/sac-2024-nos-adentramos-en-el-arte-de-comunicar-con-javi-nieves\/"},"wordCount":562,"commentCount":0,"publisher":{"@id":"https:\/\/www.colegionewman.org\/#organization"},"image":{"@id":"https:\/\/www.colegionewman.org\/sac-2024-nos-adentramos-en-el-arte-de-comunicar-con-javi-nieves\/#primaryimage"},"thumbnailUrl":"https:\/\/www.colegionewman.org\/wp-content\/uploads\/2024\/03\/el-locutor-de-radio-javi-nieves.png","keywords":["Bachillerato","cadena 100","Colegio Internacional JH Newman","Colegio Newman","comunicaci\u00f3n","el arte de comunicar","ESO","javi nieves","Madrid","periodismo","Secundaria"],"articleSection":["Bachillerato","Colegio","Eventos","Noticias","SAC","Secundaria"],"inLanguage":"es","potentialAction":[{"@type":"CommentAction","name":"Comment","target":["https:\/\/www.colegionewman.org\/sac-2024-nos-adentramos-en-el-arte-de-comunicar-con-javi-nieves\/#respond"]}]},{"@type":"WebPage","@id":"https:\/\/www.colegionewman.org\/sac-2024-nos-adentramos-en-el-arte-de-comunicar-con-javi-nieves\/","url":"https:\/\/www.colegionewman.org\/sac-2024-nos-adentramos-en-el-arte-de-comunicar-con-javi-nieves\/","name":"SAC 2024: comunicaci\u00f3n y creatividad en la Semana de las Artes","isPartOf":{"@id":"https:\/\/www.colegionewman.org\/#website"},"primaryImageOfPage":{"@id":"https:\/\/www.colegionewman.org\/sac-2024-nos-adentramos-en-el-arte-de-comunicar-con-javi-nieves\/#primaryimage"},"image":{"@id":"https:\/\/www.colegionewman.org\/sac-2024-nos-adentramos-en-el-arte-de-comunicar-con-javi-nieves\/#primaryimage"},"thumbnailUrl":"https:\/\/www.colegionewman.org\/wp-content\/uploads\/2024\/03\/el-locutor-de-radio-javi-nieves.png","datePublished":"2024-03-14T13:34:47+00:00","dateModified":"2024-11-18T15:09:46+00:00","description":"\u00bfQu\u00e9 es lo que hace un buen comunicador? \u00bfC\u00f3mo ser buen profesional?... Es el arte de comunicar. El locutor de radio Javi Nieves da la clave.","breadcrumb":{"@id":"https:\/\/www.colegionewman.org\/sac-2024-nos-adentramos-en-el-arte-de-comunicar-con-javi-nieves\/#breadcrumb"},"inLanguage":"es","potentialAction":[{"@type":"ReadAction","target":["https:\/\/www.colegionewman.org\/sac-2024-nos-adentramos-en-el-arte-de-comunicar-con-javi-nieves\/"]}]},{"@type":"ImageObject","inLanguage":"es","@id":"https:\/\/www.colegionewman.org\/sac-2024-nos-adentramos-en-el-arte-de-comunicar-con-javi-nieves\/#primaryimage","url":"https:\/\/www.colegionewman.org\/wp-content\/uploads\/2024\/03\/el-locutor-de-radio-javi-nieves.png","contentUrl":"https:\/\/www.colegionewman.org\/wp-content\/uploads\/2024\/03\/el-locutor-de-radio-javi-nieves.png","width":845,"height":391,"caption":"El presentador Javi Nieves participando en una charla motivacional dentro del programa de orientaci\u00f3n escolar del Colegio Newman."},{"@type":"BreadcrumbList","@id":"https:\/\/www.colegionewman.org\/sac-2024-nos-adentramos-en-el-arte-de-comunicar-con-javi-nieves\/#breadcrumb","itemListElement":[{"@type":"ListItem","position":1,"name":"Portada","item":"https:\/\/www.colegionewman.org\/"},{"@type":"ListItem","position":2,"name":"SAC 2024: Nos adentramos en el arte de comunicar con Javi Nieves"}]},{"@type":"WebSite","@id":"https:\/\/www.colegionewman.org\/#website","url":"https:\/\/www.colegionewman.org\/","name":"Colegio Internacional J.H. Newman","description":"Un colegio que te abre al mundo","publisher":{"@id":"https:\/\/www.colegionewman.org\/#organization"},"alternateName":"Colegio Newman","potentialAction":[{"@type":"SearchAction","target":{"@type":"EntryPoint","urlTemplate":"https:\/\/www.colegionewman.org\/?s={search_term_string}"},"query-input":{"@type":"PropertyValueSpecification","valueRequired":true,"valueName":"search_term_string"}}],"inLanguage":"es"},{"@type":"Organization","@id":"https:\/\/www.colegionewman.org\/#organization","name":"Colegio Internacional J.H. Newman","alternateName":"Colegio Newman","url":"https:\/\/www.colegionewman.org\/","logo":{"@type":"ImageObject","inLanguage":"es","@id":"https:\/\/www.colegionewman.org\/#\/schema\/logo\/image\/","url":"https:\/\/www.colegionewman.org\/wp-content\/uploads\/logo_mini_newman_Mesa-de-trabajo-1.png","contentUrl":"https:\/\/www.colegionewman.org\/wp-content\/uploads\/logo_mini_newman_Mesa-de-trabajo-1.png","width":750,"height":750,"caption":"Colegio Internacional J.H. Newman"},"image":{"@id":"https:\/\/www.colegionewman.org\/#\/schema\/logo\/image\/"},"sameAs":["https:\/\/www.instagram.com\/colegiojhnewman\/","https:\/\/www.youtube.com\/channel\/UCUEVCANGRsznbp-DRfSrexw","https:\/\/www.linkedin.com\/company\/colegio-internacional-jh-newman"]},{"@type":"Person","@id":"https:\/\/www.colegionewman.org\/#\/schema\/person\/8106daec86dc9c621dee981574299879","name":"usuario01","image":{"@type":"ImageObject","inLanguage":"es","@id":"https:\/\/secure.gravatar.com\/avatar\/2cefad0f4eecf4293f29f0087b54fe8c76e9fc1d6aed0ef8a8ecdd2e38e8cd47?s=96&d=mm&r=g","url":"https:\/\/secure.gravatar.com\/avatar\/2cefad0f4eecf4293f29f0087b54fe8c76e9fc1d6aed0ef8a8ecdd2e38e8cd47?s=96&d=mm&r=g","contentUrl":"https:\/\/secure.gravatar.com\/avatar\/2cefad0f4eecf4293f29f0087b54fe8c76e9fc1d6aed0ef8a8ecdd2e38e8cd47?s=96&d=mm&r=g","caption":"usuario01"},"sameAs":["https:\/\/www.colegionewman.org"],"url":"https:\/\/www.colegionewman.org\/es_es\/author\/usuario01\/"}]}},"_links":{"self":[{"href":"https:\/\/www.colegionewman.org\/es_es\/wp-json\/wp\/v2\/posts\/29238","targetHints":{"allow":["GET"]}}],"collection":[{"href":"https:\/\/www.colegionewman.org\/es_es\/wp-json\/wp\/v2\/posts"}],"about":[{"href":"https:\/\/www.colegionewman.org\/es_es\/wp-json\/wp\/v2\/types\/post"}],"author":[{"embeddable":true,"href":"https:\/\/www.colegionewman.org\/es_es\/wp-json\/wp\/v2\/users\/1"}],"replies":[{"embeddable":true,"href":"https:\/\/www.colegionewman.org\/es_es\/wp-json\/wp\/v2\/comments?post=29238"}],"version-history":[{"count":9,"href":"https:\/\/www.colegionewman.org\/es_es\/wp-json\/wp\/v2\/posts\/29238\/revisions"}],"predecessor-version":[{"id":30113,"href":"https:\/\/www.colegionewman.org\/es_es\/wp-json\/wp\/v2\/posts\/29238\/revisions\/30113"}],"wp:featuredmedia":[{"embeddable":true,"href":"https:\/\/www.colegionewman.org\/es_es\/wp-json\/wp\/v2\/media\/29248"}],"wp:attachment":[{"href":"https:\/\/www.colegionewman.org\/es_es\/wp-json\/wp\/v2\/media?parent=29238"}],"wp:term":[{"taxonomy":"category","embeddable":true,"href":"https:\/\/www.colegionewman.org\/es_es\/wp-json\/wp\/v2\/categories?post=29238"},{"taxonomy":"post_tag","embeddable":true,"href":"https:\/\/www.colegionewman.org\/es_es\/wp-json\/wp\/v2\/tags?post=29238"}],"curies":[{"name":"wp","href":"https:\/\/api.w.org\/{rel}","templated":true}]}}