{"id":29227,"date":"2024-03-13T16:36:23","date_gmt":"2024-03-13T15:36:23","guid":{"rendered":"https:\/\/www.colegionewman.org\/?p=29227"},"modified":"2024-03-13T16:36:23","modified_gmt":"2024-03-13T15:36:23","slug":"sac-2024-que-podemos-esperar-de-la-agenda-2030-javier-gavilanes-explica-los-desafios","status":"publish","type":"post","link":"https:\/\/www.colegionewman.org\/es_es\/sac-2024-que-podemos-esperar-de-la-agenda-2030-javier-gavilanes-explica-los-desafios\/","title":{"rendered":"SAC 2024: \u00bfQu\u00e9 podemos esperar de la &#8216;Agenda 2030&#8217;?, Javier Gavilanes explica los desaf\u00edos"},"content":{"rendered":"\n<h2 class=\"wp-block-heading\">En el tercer d\u00eda de la Semana de las Artes y las Ciencias los alumnos de Secundaria y Bachillerato han asistido a esta conferencia del especialista en cooperaci\u00f3n internacional.<\/h2>\n\n\n\n<p>Javier Gavilanes ha participado en distintas procesos relacionados con la elaboraci\u00f3n de la &#8216;Agenda 2030&#8217; y su posterior implementaci\u00f3n en Espa\u00f1a. Son varias las veces en las que ha estado en nuestro colegio para exponer los principios de este compromiso universal adquirido tanto por pa\u00edses desarrollados como en desarrollo, en el marco de una\u00a0<strong>\u2018alianza mundial para el desarrollo sostenible\u2019<\/strong>. Una vez m\u00e1s, el mi\u00e9rcoles 13 de marzo, Javier ha visitado el Newman para seguir dialogando con los alumnos sobre este tema.<\/p>\n\n\n\n<figure class=\"wp-block-image size-large\"><img loading=\"lazy\" decoding=\"async\" width=\"1365\" height=\"768\" src=\"https:\/\/www.colegionewman.org\/wp-content\/uploads\/2024\/03\/Javier-Gavilanes-habla-de-la-Agenda-2030-en-el-Newman-edited.jpg\" alt=\"\" class=\"wp-image-29233\" srcset=\"https:\/\/www.colegionewman.org\/wp-content\/uploads\/2024\/03\/Javier-Gavilanes-habla-de-la-Agenda-2030-en-el-Newman-edited.jpg 1365w, https:\/\/www.colegionewman.org\/wp-content\/uploads\/2024\/03\/Javier-Gavilanes-habla-de-la-Agenda-2030-en-el-Newman-edited-300x169.jpg 300w, https:\/\/www.colegionewman.org\/wp-content\/uploads\/2024\/03\/Javier-Gavilanes-habla-de-la-Agenda-2030-en-el-Newman-edited-1030x580.jpg 1030w, https:\/\/www.colegionewman.org\/wp-content\/uploads\/2024\/03\/Javier-Gavilanes-habla-de-la-Agenda-2030-en-el-Newman-edited-768x432.jpg 768w, https:\/\/www.colegionewman.org\/wp-content\/uploads\/2024\/03\/Javier-Gavilanes-habla-de-la-Agenda-2030-en-el-Newman-edited-705x397.jpg 705w\" sizes=\"auto, (max-width: 1365px) 100vw, 1365px\" \/><\/figure>\n\n\n\n<blockquote class=\"wp-block-quote is-layout-flow wp-block-quote-is-layout-flow\">\n<p><strong><em>Un compromiso com\u00fan de 193 pa\u00edses<\/em><\/strong><\/p>\n<\/blockquote>\n\n\n\n<p>El 25 de septiembre de 2015,&nbsp;en la Cumbre de R\u00edo de Janeiro,&nbsp;la <a href=\"https:\/\/www.un.org\/es\/ga\/\">Asamblea General de la ONU<\/a> adopt\u00f3 la <a href=\"https:\/\/www.mdsocialesa2030.gob.es\/agenda2030\/conoce_la_agenda.htm\">&#8216;Agenda 2030&#8217; <\/a>para el Desarrollo Sostenible, un plan de acci\u00f3n a favor de las personas, el planeta y la prosperidad, que tambi\u00e9n tiene la intenci\u00f3n de fortalecer la paz universal y el acceso a la justicia. <\/p>\n\n\n\n<p>De esta forma, los <strong>193 Estados miembros de Naciones Unidas<\/strong> aprobaron una resoluci\u00f3n en la que manifestaban que para afrontar los desaf\u00edos del mundo actual hay que apostar por las personas, el progreso, el planeta, la paz y las alianzas, los cinco ejes de la Agenda. Todo ello sin olvidar la erradicaci\u00f3n de la pobreza ya que si no se lograra no puede haber desarrollo sostenible. Al adoptarla, los Estados se comprometieron a <strong>movilizar los medios necesarios para su implementaci\u00f3n<\/strong> mediante alianzas centradas especialmente en las necesidades de los m\u00e1s pobres y vulnerables, recordando el lema \u2018sin dejar a nadie atr\u00e1s\u2019.<\/p>\n\n\n\n<p><\/p>\n\n\n\n<figure class=\"wp-block-image size-large\"><img loading=\"lazy\" decoding=\"async\" width=\"1030\" height=\"579\" src=\"https:\/\/www.colegionewman.org\/wp-content\/uploads\/2024\/03\/los-desafios-de-la-agenda-2030-1030x579.jpg\" alt=\"\" class=\"wp-image-29234\" srcset=\"https:\/\/www.colegionewman.org\/wp-content\/uploads\/2024\/03\/los-desafios-de-la-agenda-2030-1030x579.jpg 1030w, https:\/\/www.colegionewman.org\/wp-content\/uploads\/2024\/03\/los-desafios-de-la-agenda-2030-300x169.jpg 300w, https:\/\/www.colegionewman.org\/wp-content\/uploads\/2024\/03\/los-desafios-de-la-agenda-2030-768x432.jpg 768w, https:\/\/www.colegionewman.org\/wp-content\/uploads\/2024\/03\/los-desafios-de-la-agenda-2030-1536x864.jpg 1536w, https:\/\/www.colegionewman.org\/wp-content\/uploads\/2024\/03\/los-desafios-de-la-agenda-2030-1500x844.jpg 1500w, https:\/\/www.colegionewman.org\/wp-content\/uploads\/2024\/03\/los-desafios-de-la-agenda-2030-705x397.jpg 705w, https:\/\/www.colegionewman.org\/wp-content\/uploads\/2024\/03\/los-desafios-de-la-agenda-2030.jpg 2048w\" sizes=\"auto, (max-width: 1030px) 100vw, 1030px\" \/><\/figure>\n\n\n\n<blockquote class=\"wp-block-quote is-layout-flow wp-block-quote-is-layout-flow\">\n<p><strong><em>\u00bfSe cumplir\u00e1n los objetivos a tiempo?<\/em><\/strong><\/p>\n<\/blockquote>\n\n\n\n<p>A pesar de ser un compromiso que tiene que hacerse realidad en poco tiempo, son muchas las personas dudan de este plan. Esto ha llevado a que se desarrollen una gran <strong>variedad de opiniones<\/strong> al respecto. Tras haber recorrido ya la mitad del camino cabe preguntarse: \u00bfQu\u00e9 se ha logrado? \u00bfSe alcanzar\u00e1n los objetivos y metas a tiempo? \u00bfCu\u00e1les son sus verdaderas implicaciones para nosotros? A estos y otros interrogantes ha dado respuesta Javier Gavilanes. Adem\u00e1s, al finalizar la intervenci\u00f3n se ha abierto turno de preguntas entre los alumnos, que han podido resolver todas sus dudas.<\/p>\n\n\n\n<p>Desde el Observatorio de la Actualidad del Newman se ha realizado esta invitaci\u00f3n a los alumnos y profesores del colegio para <strong>orientar al respecto y poder reflexionar<\/strong> sobre esta respuesta urgente que se nos presentan como pa\u00eds, como sociedad y como humanidad.<\/p>\n\n\n\n<p><strong>Agradecemos a Javier Gavilanes su tiempo y disponibilidad. \u00a1Ha sido una conferencia muy interesante!<\/strong><\/p>\n\n\n\n<p><\/p>\n","protected":false},"excerpt":{"rendered":"<p>En el tercer d\u00eda de la Semana de las Artes y las Ciencias los alumnos de Secundaria y Bachillerato han asistido a esta conferencia del especialista en cooperaci\u00f3n internacional. Javier Gavilanes ha participado en distintas procesos relacionados con la elaboraci\u00f3n de la &#8216;Agenda 2030&#8217; y su posterior implementaci\u00f3n en Espa\u00f1a. Son varias las veces en [&hellip;]<\/p>\n","protected":false},"author":1,"featured_media":29230,"comment_status":"open","ping_status":"open","sticky":false,"template":"","format":"standard","meta":{"footnotes":""},"categories":[17,72,47,87,1413,16],"tags":[1428,97,721,26,1429,188,1394,1236,113,1430],"class_list":["post-29227","post","type-post","status-publish","format-standard","has-post-thumbnail","hentry","category-bachillerato","category-colegio","category-eventos","category-noticias","category-sac","category-secundaria","tag-agenda-2030","tag-bachillerato","tag-colegio-internacional-jh-newman","tag-colegio-newman","tag-desafios-mundiales","tag-eso","tag-javier-gavilanes","tag-observatorio-de-la-actualidad","tag-secundaria","tag-sociales"],"yoast_head":"<!-- This site is optimized with the Yoast SEO plugin v27.3 - https:\/\/yoast.com\/product\/yoast-seo-wordpress\/ -->\n<title>SAC 2024 sobre Agenda 2030 en actividades extraescolares<\/title>\n<meta name=\"description\" content=\"El especialista en colaboraci\u00f3n internacional, Javier Gavilanes explica los principales desaf\u00edos de la &#039;Agenda 2030&#039;, \u00bfqu\u00e9 podemos esperar?\" \/>\n<meta name=\"robots\" content=\"index, follow, max-snippet:-1, max-image-preview:large, max-video-preview:-1\" \/>\n<link rel=\"canonical\" href=\"https:\/\/www.colegionewman.org\/es_es\/sac-2024-que-podemos-esperar-de-la-agenda-2030-javier-gavilanes-explica-los-desafios\/\" \/>\n<meta property=\"og:locale\" content=\"es_ES\" \/>\n<meta property=\"og:type\" content=\"article\" \/>\n<meta property=\"og:title\" content=\"SAC 2024 sobre Agenda 2030 en actividades extraescolares\" \/>\n<meta property=\"og:description\" content=\"El especialista en colaboraci\u00f3n internacional, Javier Gavilanes explica los principales desaf\u00edos de la &#039;Agenda 2030&#039;, \u00bfqu\u00e9 podemos esperar?\" \/>\n<meta property=\"og:url\" content=\"https:\/\/www.colegionewman.org\/es_es\/sac-2024-que-podemos-esperar-de-la-agenda-2030-javier-gavilanes-explica-los-desafios\/\" \/>\n<meta property=\"og:site_name\" content=\"Colegio Internacional J.H. Newman\" \/>\n<meta property=\"article:published_time\" content=\"2024-03-13T15:36:23+00:00\" \/>\n<meta property=\"og:image\" content=\"https:\/\/www.colegionewman.org\/wp-content\/uploads\/2024\/03\/javier-gavilanes-agenda-2030.png\" \/>\n\t<meta property=\"og:image:width\" content=\"692\" \/>\n\t<meta property=\"og:image:height\" content=\"506\" \/>\n\t<meta property=\"og:image:type\" content=\"image\/png\" \/>\n<meta name=\"author\" content=\"usuario01\" \/>\n<meta name=\"twitter:card\" content=\"summary_large_image\" \/>\n<meta name=\"twitter:label1\" content=\"Escrito por\" \/>\n\t<meta name=\"twitter:data1\" content=\"usuario01\" \/>\n\t<meta name=\"twitter:label2\" content=\"Tiempo de lectura\" \/>\n\t<meta name=\"twitter:data2\" content=\"3 minutos\" \/>\n<script type=\"application\/ld+json\" class=\"yoast-schema-graph\">{\"@context\":\"https:\\\/\\\/schema.org\",\"@graph\":[{\"@type\":\"Article\",\"@id\":\"https:\\\/\\\/www.colegionewman.org\\\/sac-2024-que-podemos-esperar-de-la-agenda-2030-javier-gavilanes-explica-los-desafios\\\/#article\",\"isPartOf\":{\"@id\":\"https:\\\/\\\/www.colegionewman.org\\\/sac-2024-que-podemos-esperar-de-la-agenda-2030-javier-gavilanes-explica-los-desafios\\\/\"},\"author\":{\"name\":\"usuario01\",\"@id\":\"https:\\\/\\\/www.colegionewman.org\\\/#\\\/schema\\\/person\\\/8106daec86dc9c621dee981574299879\"},\"headline\":\"SAC 2024: \u00bfQu\u00e9 podemos esperar de la &#8216;Agenda 2030&#8217;?, Javier Gavilanes explica los desaf\u00edos\",\"datePublished\":\"2024-03-13T15:36:23+00:00\",\"mainEntityOfPage\":{\"@id\":\"https:\\\/\\\/www.colegionewman.org\\\/sac-2024-que-podemos-esperar-de-la-agenda-2030-javier-gavilanes-explica-los-desafios\\\/\"},\"wordCount\":468,\"commentCount\":0,\"publisher\":{\"@id\":\"https:\\\/\\\/www.colegionewman.org\\\/#organization\"},\"image\":{\"@id\":\"https:\\\/\\\/www.colegionewman.org\\\/sac-2024-que-podemos-esperar-de-la-agenda-2030-javier-gavilanes-explica-los-desafios\\\/#primaryimage\"},\"thumbnailUrl\":\"https:\\\/\\\/www.colegionewman.org\\\/wp-content\\\/uploads\\\/2024\\\/03\\\/javier-gavilanes-agenda-2030.png\",\"keywords\":[\"Agenda 2030\",\"Bachillerato\",\"Colegio Internacional JH Newman\",\"Colegio Newman\",\"Desaf\u00edos mundiales\",\"ESO\",\"javier gavilanes\",\"Observatorio de la actualidad\",\"Secundaria\",\"Sociales\"],\"articleSection\":[\"Bachillerato\",\"Colegio\",\"Eventos\",\"Noticias\",\"SAC\",\"Secundaria\"],\"inLanguage\":\"es\",\"potentialAction\":[{\"@type\":\"CommentAction\",\"name\":\"Comment\",\"target\":[\"https:\\\/\\\/www.colegionewman.org\\\/sac-2024-que-podemos-esperar-de-la-agenda-2030-javier-gavilanes-explica-los-desafios\\\/#respond\"]}]},{\"@type\":\"WebPage\",\"@id\":\"https:\\\/\\\/www.colegionewman.org\\\/sac-2024-que-podemos-esperar-de-la-agenda-2030-javier-gavilanes-explica-los-desafios\\\/\",\"url\":\"https:\\\/\\\/www.colegionewman.org\\\/sac-2024-que-podemos-esperar-de-la-agenda-2030-javier-gavilanes-explica-los-desafios\\\/\",\"name\":\"SAC 2024 sobre Agenda 2030 en actividades extraescolares\",\"isPartOf\":{\"@id\":\"https:\\\/\\\/www.colegionewman.org\\\/#website\"},\"primaryImageOfPage\":{\"@id\":\"https:\\\/\\\/www.colegionewman.org\\\/sac-2024-que-podemos-esperar-de-la-agenda-2030-javier-gavilanes-explica-los-desafios\\\/#primaryimage\"},\"image\":{\"@id\":\"https:\\\/\\\/www.colegionewman.org\\\/sac-2024-que-podemos-esperar-de-la-agenda-2030-javier-gavilanes-explica-los-desafios\\\/#primaryimage\"},\"thumbnailUrl\":\"https:\\\/\\\/www.colegionewman.org\\\/wp-content\\\/uploads\\\/2024\\\/03\\\/javier-gavilanes-agenda-2030.png\",\"datePublished\":\"2024-03-13T15:36:23+00:00\",\"description\":\"El especialista en colaboraci\u00f3n internacional, Javier Gavilanes explica los principales desaf\u00edos de la 'Agenda 2030', \u00bfqu\u00e9 podemos esperar?\",\"breadcrumb\":{\"@id\":\"https:\\\/\\\/www.colegionewman.org\\\/sac-2024-que-podemos-esperar-de-la-agenda-2030-javier-gavilanes-explica-los-desafios\\\/#breadcrumb\"},\"inLanguage\":\"es\",\"potentialAction\":[{\"@type\":\"ReadAction\",\"target\":[\"https:\\\/\\\/www.colegionewman.org\\\/sac-2024-que-podemos-esperar-de-la-agenda-2030-javier-gavilanes-explica-los-desafios\\\/\"]}]},{\"@type\":\"ImageObject\",\"inLanguage\":\"es\",\"@id\":\"https:\\\/\\\/www.colegionewman.org\\\/sac-2024-que-podemos-esperar-de-la-agenda-2030-javier-gavilanes-explica-los-desafios\\\/#primaryimage\",\"url\":\"https:\\\/\\\/www.colegionewman.org\\\/wp-content\\\/uploads\\\/2024\\\/03\\\/javier-gavilanes-agenda-2030.png\",\"contentUrl\":\"https:\\\/\\\/www.colegionewman.org\\\/wp-content\\\/uploads\\\/2024\\\/03\\\/javier-gavilanes-agenda-2030.png\",\"width\":692,\"height\":506,\"caption\":\"Javier Gavilanes explica los Objetivos de Desarrollo Sostenible en una charla sobre la Agenda 2030 para estudiantes en el Newman.\"},{\"@type\":\"BreadcrumbList\",\"@id\":\"https:\\\/\\\/www.colegionewman.org\\\/sac-2024-que-podemos-esperar-de-la-agenda-2030-javier-gavilanes-explica-los-desafios\\\/#breadcrumb\",\"itemListElement\":[{\"@type\":\"ListItem\",\"position\":1,\"name\":\"Portada\",\"item\":\"https:\\\/\\\/www.colegionewman.org\\\/\"},{\"@type\":\"ListItem\",\"position\":2,\"name\":\"SAC 2024: \u00bfQu\u00e9 podemos esperar de la &#8216;Agenda 2030&#8217;?, Javier Gavilanes explica los desaf\u00edos\"}]},{\"@type\":\"WebSite\",\"@id\":\"https:\\\/\\\/www.colegionewman.org\\\/#website\",\"url\":\"https:\\\/\\\/www.colegionewman.org\\\/\",\"name\":\"Colegio Internacional J.H. Newman\",\"description\":\"Un colegio que te abre al mundo\",\"publisher\":{\"@id\":\"https:\\\/\\\/www.colegionewman.org\\\/#organization\"},\"alternateName\":\"Colegio Newman\",\"potentialAction\":[{\"@type\":\"SearchAction\",\"target\":{\"@type\":\"EntryPoint\",\"urlTemplate\":\"https:\\\/\\\/www.colegionewman.org\\\/?s={search_term_string}\"},\"query-input\":{\"@type\":\"PropertyValueSpecification\",\"valueRequired\":true,\"valueName\":\"search_term_string\"}}],\"inLanguage\":\"es\"},{\"@type\":\"Organization\",\"@id\":\"https:\\\/\\\/www.colegionewman.org\\\/#organization\",\"name\":\"Colegio Internacional J.H. Newman\",\"alternateName\":\"Colegio Newman\",\"url\":\"https:\\\/\\\/www.colegionewman.org\\\/\",\"logo\":{\"@type\":\"ImageObject\",\"inLanguage\":\"es\",\"@id\":\"https:\\\/\\\/www.colegionewman.org\\\/#\\\/schema\\\/logo\\\/image\\\/\",\"url\":\"https:\\\/\\\/www.colegionewman.org\\\/wp-content\\\/uploads\\\/logo_mini_newman_Mesa-de-trabajo-1.png\",\"contentUrl\":\"https:\\\/\\\/www.colegionewman.org\\\/wp-content\\\/uploads\\\/logo_mini_newman_Mesa-de-trabajo-1.png\",\"width\":750,\"height\":750,\"caption\":\"Colegio Internacional J.H. Newman\"},\"image\":{\"@id\":\"https:\\\/\\\/www.colegionewman.org\\\/#\\\/schema\\\/logo\\\/image\\\/\"},\"sameAs\":[\"https:\\\/\\\/www.instagram.com\\\/colegiojhnewman\\\/\",\"https:\\\/\\\/www.youtube.com\\\/channel\\\/UCUEVCANGRsznbp-DRfSrexw\",\"https:\\\/\\\/www.linkedin.com\\\/company\\\/colegio-internacional-jh-newman\"]},{\"@type\":\"Person\",\"@id\":\"https:\\\/\\\/www.colegionewman.org\\\/#\\\/schema\\\/person\\\/8106daec86dc9c621dee981574299879\",\"name\":\"usuario01\",\"image\":{\"@type\":\"ImageObject\",\"inLanguage\":\"es\",\"@id\":\"https:\\\/\\\/secure.gravatar.com\\\/avatar\\\/2cefad0f4eecf4293f29f0087b54fe8c76e9fc1d6aed0ef8a8ecdd2e38e8cd47?s=96&d=mm&r=g\",\"url\":\"https:\\\/\\\/secure.gravatar.com\\\/avatar\\\/2cefad0f4eecf4293f29f0087b54fe8c76e9fc1d6aed0ef8a8ecdd2e38e8cd47?s=96&d=mm&r=g\",\"contentUrl\":\"https:\\\/\\\/secure.gravatar.com\\\/avatar\\\/2cefad0f4eecf4293f29f0087b54fe8c76e9fc1d6aed0ef8a8ecdd2e38e8cd47?s=96&d=mm&r=g\",\"caption\":\"usuario01\"},\"sameAs\":[\"https:\\\/\\\/www.colegionewman.org\"],\"url\":\"https:\\\/\\\/www.colegionewman.org\\\/es_es\\\/author\\\/usuario01\\\/\"}]}<\/script>\n<!-- \/ Yoast SEO plugin. -->","yoast_head_json":{"title":"SAC 2024 sobre Agenda 2030 en actividades extraescolares","description":"El especialista en colaboraci\u00f3n internacional, Javier Gavilanes explica los principales desaf\u00edos de la 'Agenda 2030', \u00bfqu\u00e9 podemos esperar?","robots":{"index":"index","follow":"follow","max-snippet":"max-snippet:-1","max-image-preview":"max-image-preview:large","max-video-preview":"max-video-preview:-1"},"canonical":"https:\/\/www.colegionewman.org\/es_es\/sac-2024-que-podemos-esperar-de-la-agenda-2030-javier-gavilanes-explica-los-desafios\/","og_locale":"es_ES","og_type":"article","og_title":"SAC 2024 sobre Agenda 2030 en actividades extraescolares","og_description":"El especialista en colaboraci\u00f3n internacional, Javier Gavilanes explica los principales desaf\u00edos de la 'Agenda 2030', \u00bfqu\u00e9 podemos esperar?","og_url":"https:\/\/www.colegionewman.org\/es_es\/sac-2024-que-podemos-esperar-de-la-agenda-2030-javier-gavilanes-explica-los-desafios\/","og_site_name":"Colegio Internacional J.H. Newman","article_published_time":"2024-03-13T15:36:23+00:00","og_image":[{"width":692,"height":506,"url":"https:\/\/www.colegionewman.org\/wp-content\/uploads\/2024\/03\/javier-gavilanes-agenda-2030.png","type":"image\/png"}],"author":"usuario01","twitter_card":"summary_large_image","twitter_misc":{"Escrito por":"usuario01","Tiempo de lectura":"3 minutos"},"schema":{"@context":"https:\/\/schema.org","@graph":[{"@type":"Article","@id":"https:\/\/www.colegionewman.org\/sac-2024-que-podemos-esperar-de-la-agenda-2030-javier-gavilanes-explica-los-desafios\/#article","isPartOf":{"@id":"https:\/\/www.colegionewman.org\/sac-2024-que-podemos-esperar-de-la-agenda-2030-javier-gavilanes-explica-los-desafios\/"},"author":{"name":"usuario01","@id":"https:\/\/www.colegionewman.org\/#\/schema\/person\/8106daec86dc9c621dee981574299879"},"headline":"SAC 2024: \u00bfQu\u00e9 podemos esperar de la &#8216;Agenda 2030&#8217;?, Javier Gavilanes explica los desaf\u00edos","datePublished":"2024-03-13T15:36:23+00:00","mainEntityOfPage":{"@id":"https:\/\/www.colegionewman.org\/sac-2024-que-podemos-esperar-de-la-agenda-2030-javier-gavilanes-explica-los-desafios\/"},"wordCount":468,"commentCount":0,"publisher":{"@id":"https:\/\/www.colegionewman.org\/#organization"},"image":{"@id":"https:\/\/www.colegionewman.org\/sac-2024-que-podemos-esperar-de-la-agenda-2030-javier-gavilanes-explica-los-desafios\/#primaryimage"},"thumbnailUrl":"https:\/\/www.colegionewman.org\/wp-content\/uploads\/2024\/03\/javier-gavilanes-agenda-2030.png","keywords":["Agenda 2030","Bachillerato","Colegio Internacional JH Newman","Colegio Newman","Desaf\u00edos mundiales","ESO","javier gavilanes","Observatorio de la actualidad","Secundaria","Sociales"],"articleSection":["Bachillerato","Colegio","Eventos","Noticias","SAC","Secundaria"],"inLanguage":"es","potentialAction":[{"@type":"CommentAction","name":"Comment","target":["https:\/\/www.colegionewman.org\/sac-2024-que-podemos-esperar-de-la-agenda-2030-javier-gavilanes-explica-los-desafios\/#respond"]}]},{"@type":"WebPage","@id":"https:\/\/www.colegionewman.org\/sac-2024-que-podemos-esperar-de-la-agenda-2030-javier-gavilanes-explica-los-desafios\/","url":"https:\/\/www.colegionewman.org\/sac-2024-que-podemos-esperar-de-la-agenda-2030-javier-gavilanes-explica-los-desafios\/","name":"SAC 2024 sobre Agenda 2030 en actividades extraescolares","isPartOf":{"@id":"https:\/\/www.colegionewman.org\/#website"},"primaryImageOfPage":{"@id":"https:\/\/www.colegionewman.org\/sac-2024-que-podemos-esperar-de-la-agenda-2030-javier-gavilanes-explica-los-desafios\/#primaryimage"},"image":{"@id":"https:\/\/www.colegionewman.org\/sac-2024-que-podemos-esperar-de-la-agenda-2030-javier-gavilanes-explica-los-desafios\/#primaryimage"},"thumbnailUrl":"https:\/\/www.colegionewman.org\/wp-content\/uploads\/2024\/03\/javier-gavilanes-agenda-2030.png","datePublished":"2024-03-13T15:36:23+00:00","description":"El especialista en colaboraci\u00f3n internacional, Javier Gavilanes explica los principales desaf\u00edos de la 'Agenda 2030', \u00bfqu\u00e9 podemos esperar?","breadcrumb":{"@id":"https:\/\/www.colegionewman.org\/sac-2024-que-podemos-esperar-de-la-agenda-2030-javier-gavilanes-explica-los-desafios\/#breadcrumb"},"inLanguage":"es","potentialAction":[{"@type":"ReadAction","target":["https:\/\/www.colegionewman.org\/sac-2024-que-podemos-esperar-de-la-agenda-2030-javier-gavilanes-explica-los-desafios\/"]}]},{"@type":"ImageObject","inLanguage":"es","@id":"https:\/\/www.colegionewman.org\/sac-2024-que-podemos-esperar-de-la-agenda-2030-javier-gavilanes-explica-los-desafios\/#primaryimage","url":"https:\/\/www.colegionewman.org\/wp-content\/uploads\/2024\/03\/javier-gavilanes-agenda-2030.png","contentUrl":"https:\/\/www.colegionewman.org\/wp-content\/uploads\/2024\/03\/javier-gavilanes-agenda-2030.png","width":692,"height":506,"caption":"Javier Gavilanes explica los Objetivos de Desarrollo Sostenible en una charla sobre la Agenda 2030 para estudiantes en el Newman."},{"@type":"BreadcrumbList","@id":"https:\/\/www.colegionewman.org\/sac-2024-que-podemos-esperar-de-la-agenda-2030-javier-gavilanes-explica-los-desafios\/#breadcrumb","itemListElement":[{"@type":"ListItem","position":1,"name":"Portada","item":"https:\/\/www.colegionewman.org\/"},{"@type":"ListItem","position":2,"name":"SAC 2024: \u00bfQu\u00e9 podemos esperar de la &#8216;Agenda 2030&#8217;?, Javier Gavilanes explica los desaf\u00edos"}]},{"@type":"WebSite","@id":"https:\/\/www.colegionewman.org\/#website","url":"https:\/\/www.colegionewman.org\/","name":"Colegio Internacional J.H. Newman","description":"Un colegio que te abre al mundo","publisher":{"@id":"https:\/\/www.colegionewman.org\/#organization"},"alternateName":"Colegio Newman","potentialAction":[{"@type":"SearchAction","target":{"@type":"EntryPoint","urlTemplate":"https:\/\/www.colegionewman.org\/?s={search_term_string}"},"query-input":{"@type":"PropertyValueSpecification","valueRequired":true,"valueName":"search_term_string"}}],"inLanguage":"es"},{"@type":"Organization","@id":"https:\/\/www.colegionewman.org\/#organization","name":"Colegio Internacional J.H. Newman","alternateName":"Colegio Newman","url":"https:\/\/www.colegionewman.org\/","logo":{"@type":"ImageObject","inLanguage":"es","@id":"https:\/\/www.colegionewman.org\/#\/schema\/logo\/image\/","url":"https:\/\/www.colegionewman.org\/wp-content\/uploads\/logo_mini_newman_Mesa-de-trabajo-1.png","contentUrl":"https:\/\/www.colegionewman.org\/wp-content\/uploads\/logo_mini_newman_Mesa-de-trabajo-1.png","width":750,"height":750,"caption":"Colegio Internacional J.H. Newman"},"image":{"@id":"https:\/\/www.colegionewman.org\/#\/schema\/logo\/image\/"},"sameAs":["https:\/\/www.instagram.com\/colegiojhnewman\/","https:\/\/www.youtube.com\/channel\/UCUEVCANGRsznbp-DRfSrexw","https:\/\/www.linkedin.com\/company\/colegio-internacional-jh-newman"]},{"@type":"Person","@id":"https:\/\/www.colegionewman.org\/#\/schema\/person\/8106daec86dc9c621dee981574299879","name":"usuario01","image":{"@type":"ImageObject","inLanguage":"es","@id":"https:\/\/secure.gravatar.com\/avatar\/2cefad0f4eecf4293f29f0087b54fe8c76e9fc1d6aed0ef8a8ecdd2e38e8cd47?s=96&d=mm&r=g","url":"https:\/\/secure.gravatar.com\/avatar\/2cefad0f4eecf4293f29f0087b54fe8c76e9fc1d6aed0ef8a8ecdd2e38e8cd47?s=96&d=mm&r=g","contentUrl":"https:\/\/secure.gravatar.com\/avatar\/2cefad0f4eecf4293f29f0087b54fe8c76e9fc1d6aed0ef8a8ecdd2e38e8cd47?s=96&d=mm&r=g","caption":"usuario01"},"sameAs":["https:\/\/www.colegionewman.org"],"url":"https:\/\/www.colegionewman.org\/es_es\/author\/usuario01\/"}]}},"_links":{"self":[{"href":"https:\/\/www.colegionewman.org\/es_es\/wp-json\/wp\/v2\/posts\/29227","targetHints":{"allow":["GET"]}}],"collection":[{"href":"https:\/\/www.colegionewman.org\/es_es\/wp-json\/wp\/v2\/posts"}],"about":[{"href":"https:\/\/www.colegionewman.org\/es_es\/wp-json\/wp\/v2\/types\/post"}],"author":[{"embeddable":true,"href":"https:\/\/www.colegionewman.org\/es_es\/wp-json\/wp\/v2\/users\/1"}],"replies":[{"embeddable":true,"href":"https:\/\/www.colegionewman.org\/es_es\/wp-json\/wp\/v2\/comments?post=29227"}],"version-history":[{"count":6,"href":"https:\/\/www.colegionewman.org\/es_es\/wp-json\/wp\/v2\/posts\/29227\/revisions"}],"predecessor-version":[{"id":29237,"href":"https:\/\/www.colegionewman.org\/es_es\/wp-json\/wp\/v2\/posts\/29227\/revisions\/29237"}],"wp:featuredmedia":[{"embeddable":true,"href":"https:\/\/www.colegionewman.org\/es_es\/wp-json\/wp\/v2\/media\/29230"}],"wp:attachment":[{"href":"https:\/\/www.colegionewman.org\/es_es\/wp-json\/wp\/v2\/media?parent=29227"}],"wp:term":[{"taxonomy":"category","embeddable":true,"href":"https:\/\/www.colegionewman.org\/es_es\/wp-json\/wp\/v2\/categories?post=29227"},{"taxonomy":"post_tag","embeddable":true,"href":"https:\/\/www.colegionewman.org\/es_es\/wp-json\/wp\/v2\/tags?post=29227"}],"curies":[{"name":"wp","href":"https:\/\/api.w.org\/{rel}","templated":true}]}}