{"id":29198,"date":"2024-03-12T16:21:03","date_gmt":"2024-03-12T15:21:03","guid":{"rendered":"https:\/\/www.colegionewman.org\/?p=29198"},"modified":"2026-04-21T17:01:09","modified_gmt":"2026-04-21T15:01:09","slug":"sac-2024-el-newman-recibe-a-la-historiadora-gloria-donato-y-al-biologo-javier-valero","status":"publish","type":"post","link":"https:\/\/www.colegionewman.org\/es_es\/sac-2024-el-newman-recibe-a-la-historiadora-gloria-donato-y-al-biologo-javier-valero\/","title":{"rendered":"SAC 2024: El Newman recibe a la historiadora Gloria Donato y al bi\u00f3logo Javier Valero"},"content":{"rendered":"\n<h2 class=\"wp-block-heading\">En el segundo d\u00eda de la Semana de las Artes y las Ciencias, el martes 12 de marzo, los alumnos de Secundaria y Bachillerato han asistido a las conferencias de estas dos personalidades de las Artes y las Ciencias. <\/h2>\n\n\n\n<p><strong>Gloria Donato <\/strong>es<strong> <\/strong>historiadora del arte, documentalista y <strong>experta en patrimonio<\/strong>. Tambi\u00e9n es miembro del\u00a0Consejo Cient\u00edfico y la Comisi\u00f3n de Patrimonio del Paisaje Mundial representando al <a href=\"https:\/\/www.madrid.es\/portal\/site\/munimadrid\">Ayuntamiento de Madrid<\/a> en educaci\u00f3n, cultura e historia.<\/p>\n\n\n\n<blockquote class=\"wp-block-quote is-layout-flow wp-block-quote-is-layout-flow\">\n<p><strong><em>&#8216;El paisaje de la luz&#8217;<\/em><\/strong><\/p>\n<\/blockquote>\n\n\n\n<p>Como especialista en patrimonio que es, Gloria ha querido traer al colegio una intervenci\u00f3n titulada <strong>&#8216;El paisaje cultural: El Paseo del Prado y El Buen Retiro. Paisaje de las Artes y de las Ciencias&#8217;<\/strong>. Con este nombre, Donato ha querido conquistar a los alumnos del Newman al igual que Madrid ha conquistado el t\u00edtulo de Patrimonio de la Humanidad para la zona del Paseo del Prado y el Parque del Retiro. Un sue\u00f1o que se convirti\u00f3 en una realidad en el 2021, al ser nombrado como un <strong>lugar distinguido por la UNESCO.<\/strong><\/p>\n\n\n\n<figure class=\"wp-block-image size-large\"><img loading=\"lazy\" decoding=\"async\" width=\"1030\" height=\"579\" src=\"https:\/\/www.colegionewman.org\/wp-content\/uploads\/2024\/03\/IMG_7665-1030x579.jpg\" alt=\"\" class=\"wp-image-29213\" srcset=\"https:\/\/www.colegionewman.org\/wp-content\/uploads\/2024\/03\/IMG_7665-1030x579.jpg 1030w, https:\/\/www.colegionewman.org\/wp-content\/uploads\/2024\/03\/IMG_7665-300x169.jpg 300w, https:\/\/www.colegionewman.org\/wp-content\/uploads\/2024\/03\/IMG_7665-768x432.jpg 768w, https:\/\/www.colegionewman.org\/wp-content\/uploads\/2024\/03\/IMG_7665-1536x864.jpg 1536w, https:\/\/www.colegionewman.org\/wp-content\/uploads\/2024\/03\/IMG_7665-1500x844.jpg 1500w, https:\/\/www.colegionewman.org\/wp-content\/uploads\/2024\/03\/IMG_7665-705x397.jpg 705w, https:\/\/www.colegionewman.org\/wp-content\/uploads\/2024\/03\/IMG_7665.jpg 2048w\" sizes=\"auto, (max-width: 1030px) 100vw, 1030px\" \/><\/figure>\n\n\n\n<p>Pero, \u00bfQu\u00e9 quiere decir esto? \u00bfQu\u00e9 supone ser Patrimonio de la Humanidad? \u00bfQu\u00e9 tiene que ver todo esto con nosotros?&#8230; Eso es lo que precisamente la historiadora del arte ha desgranado con nosotros. <strong>El paisaje del Prado y el Buen Retiro<\/strong> tienen un car\u00e1cter especial por su <strong>vinculaci\u00f3n a las Artes y a las Ciencias<\/strong>, por ser un espacio de naturaleza, un paisaje hist\u00f3rico lleno de valores culturales y singulares, convirti\u00e9ndose en un escenario para todo tipo de actividades p\u00fablicas, un espacio abierto de recreo y de<strong> libre expresi\u00f3n.<\/strong> Es el espacio elegido por los madrile\u00f1os para sus principales celebraciones deportivas, manifestaciones pol\u00edticas o reivindicaciones sociales y tambi\u00e9n un espacio de disfrute y de ocio que es<strong> parte de la historia de todos los madrile\u00f1os<\/strong> \u00bfPor qu\u00e9 posee un valor universal excepcional que trasciende las fronteras nacionales? Unos interrogantes que Gloria Donato ha contestado en esta charla para comprender, como madrile\u00f1os que somos, <strong>qu\u00e9 es el patrimonio <\/strong>y lo importante que es para Madrid ser parte de \u00e9l. \u00a1A nuestros chicos y chicas les ha gustado mucho!<\/p>\n\n\n\n<figure class=\"wp-block-image size-large\"><img loading=\"lazy\" decoding=\"async\" width=\"1030\" height=\"579\" src=\"https:\/\/www.colegionewman.org\/wp-content\/uploads\/2024\/03\/IMG_7680-1030x579.jpg\" alt=\"\" class=\"wp-image-29214\" srcset=\"https:\/\/www.colegionewman.org\/wp-content\/uploads\/2024\/03\/IMG_7680-1030x579.jpg 1030w, https:\/\/www.colegionewman.org\/wp-content\/uploads\/2024\/03\/IMG_7680-300x169.jpg 300w, https:\/\/www.colegionewman.org\/wp-content\/uploads\/2024\/03\/IMG_7680-768x432.jpg 768w, https:\/\/www.colegionewman.org\/wp-content\/uploads\/2024\/03\/IMG_7680-1536x864.jpg 1536w, https:\/\/www.colegionewman.org\/wp-content\/uploads\/2024\/03\/IMG_7680-1500x844.jpg 1500w, https:\/\/www.colegionewman.org\/wp-content\/uploads\/2024\/03\/IMG_7680-705x397.jpg 705w, https:\/\/www.colegionewman.org\/wp-content\/uploads\/2024\/03\/IMG_7680.jpg 2048w\" sizes=\"auto, (max-width: 1030px) 100vw, 1030px\" \/><\/figure>\n\n\n\n<blockquote class=\"wp-block-quote is-layout-flow wp-block-quote-is-layout-flow\">\n<p><strong><em>&#8216;Din\u00e1mica cromos\u00f3mica: de la meiosis a la organizaci\u00f3n gen\u00f3mica&#8217;<\/em><\/strong><\/p>\n<\/blockquote>\n\n\n\n<p>Este t\u00edtulo tan cient\u00edfico ha sido el elegido por el <strong>bi\u00f3logo Javier Valero<\/strong>, que adem\u00e1s es <strong>antiguo alumno<\/strong> del colegio y actual estudiante de doctorado en <a href=\"https:\/\/www.cnio.es\/\">Centro Nacional de Investigaciones Oncol\u00f3gicas <\/a>(CNIO) de Madrid.<\/p>\n\n\n\n<p>Javier ha querido volver al Newman para, ahora como investigador, poner la nota cient\u00edfica hablando del <strong>concepto de cromosoma<\/strong>. Este t\u00e9rmino ha cambiado mucho en los \u00faltimos a\u00f1os: de una estructura est\u00e1tica visible solo en mitosis y meiosis, a una estructura din\u00e1mica, presente en todos los n\u00facleos celulares. El estudio de estas estructuras y su organizaci\u00f3n es muy importante en procesos como la sinapsis, la recombinaci\u00f3n, la replicaci\u00f3n y la reparaci\u00f3n del ADN. <\/p>\n\n\n\n<figure class=\"wp-block-image aligncenter size-large is-resized\"><img loading=\"lazy\" decoding=\"async\" width=\"1842\" height=\"1152\" src=\"https:\/\/www.colegionewman.org\/wp-content\/uploads\/2024\/03\/IMG_7637-edited.jpg\" alt=\"\" class=\"wp-image-29216\" style=\"width:658px;height:auto\" srcset=\"https:\/\/www.colegionewman.org\/wp-content\/uploads\/2024\/03\/IMG_7637-edited.jpg 1842w, https:\/\/www.colegionewman.org\/wp-content\/uploads\/2024\/03\/IMG_7637-edited-300x188.jpg 300w, https:\/\/www.colegionewman.org\/wp-content\/uploads\/2024\/03\/IMG_7637-edited-1030x644.jpg 1030w, https:\/\/www.colegionewman.org\/wp-content\/uploads\/2024\/03\/IMG_7637-edited-768x480.jpg 768w, https:\/\/www.colegionewman.org\/wp-content\/uploads\/2024\/03\/IMG_7637-edited-1536x961.jpg 1536w, https:\/\/www.colegionewman.org\/wp-content\/uploads\/2024\/03\/IMG_7637-edited-1500x938.jpg 1500w, https:\/\/www.colegionewman.org\/wp-content\/uploads\/2024\/03\/IMG_7637-edited-705x441.jpg 705w\" sizes=\"auto, (max-width: 1842px) 100vw, 1842px\" \/><\/figure>\n\n\n\n<figure class=\"wp-block-image size-large\"><img loading=\"lazy\" decoding=\"async\" width=\"1030\" height=\"579\" src=\"https:\/\/www.colegionewman.org\/wp-content\/uploads\/2024\/03\/IMG_7632-1030x579.jpg\" alt=\"\" class=\"wp-image-29217\" srcset=\"https:\/\/www.colegionewman.org\/wp-content\/uploads\/2024\/03\/IMG_7632-1030x579.jpg 1030w, https:\/\/www.colegionewman.org\/wp-content\/uploads\/2024\/03\/IMG_7632-300x169.jpg 300w, https:\/\/www.colegionewman.org\/wp-content\/uploads\/2024\/03\/IMG_7632-768x432.jpg 768w, https:\/\/www.colegionewman.org\/wp-content\/uploads\/2024\/03\/IMG_7632-1536x864.jpg 1536w, https:\/\/www.colegionewman.org\/wp-content\/uploads\/2024\/03\/IMG_7632-1500x844.jpg 1500w, https:\/\/www.colegionewman.org\/wp-content\/uploads\/2024\/03\/IMG_7632-705x397.jpg 705w, https:\/\/www.colegionewman.org\/wp-content\/uploads\/2024\/03\/IMG_7632.jpg 2048w\" sizes=\"auto, (max-width: 1030px) 100vw, 1030px\" \/><\/figure>\n\n\n\n<p>Javier ha comenzado la charla preguntando a los alumnos de Bachillerato cu\u00e1ntos quieren estudiar Biolog\u00eda y han sido varias las manos levantadas. Como bi\u00f3logo, Javier Valero ha querido contar a los futuros cient\u00edficos y m\u00e9dicos del colegio c\u00f3mo gracias al estudio de la din\u00e1mica cromos\u00f3mica se puede <strong>entender mejor la organizaci\u00f3n del ADN<\/strong> desde un punto de vista evolutivo, los h\u00e1bitos de vida y su influencia en la fertilidad y el efecto que ciertas mutaciones tienen en enfermedades como el c\u00e1ncer<strong>.<\/strong> Ha sido una intervenci\u00f3n muy interesante y productiva.<\/p>\n\n\n\n<p><strong>Agradecemos a Gloria Donato y a Javier Valero su tiempo y disponibilidad.<\/strong><\/p>\n","protected":false},"excerpt":{"rendered":"<p>En el segundo d\u00eda de la Semana de las Artes y las Ciencias, el martes 12 de marzo, los alumnos de Secundaria y Bachillerato han asistido a las conferencias de estas dos personalidades de las Artes y las Ciencias. Gloria Donato es historiadora del arte, documentalista y experta en patrimonio. Tambi\u00e9n es miembro del\u00a0Consejo Cient\u00edfico [&hellip;]<\/p>\n","protected":false},"author":1,"featured_media":29201,"comment_status":"open","ping_status":"open","sticky":false,"template":"","format":"standard","meta":{"footnotes":""},"categories":[17,1412,72,47,87,249,1413,16],"tags":[97,307,721,26,1424,1427,188,1423,421,1425,1422,1018,1426,113],"class_list":["post-29198","post","type-post","status-publish","format-standard","has-post-thumbnail","hentry","category-bachillerato","category-ciencias","category-colegio","category-eventos","category-noticias","category-prensa","category-sac","category-secundaria","tag-bachillerato","tag-biologia","tag-colegio-internacional-jh-newman","tag-colegio-newman","tag-cromosomas","tag-cultural","tag-eso","tag-historia-del-arte","tag-madrid","tag-oncologia","tag-paseo-del-retiro","tag-patrimonio","tag-patrimonio-nacional","tag-secundaria"],"yoast_head":"<!-- This site is optimized with the Yoast SEO plugin v27.3 - https:\/\/yoast.com\/product\/yoast-seo-wordpress\/ -->\n<title>SAC 2024: encuentros culturales en colegio concertado<\/title>\n<meta name=\"description\" content=\"En el segundo d\u00eda de la SAC 2024 nos adentramos en el &#039;paisaje de la luz&#039; de Madrid con Gloria Donato y Javier Valero.\" \/>\n<meta name=\"robots\" content=\"index, follow, max-snippet:-1, max-image-preview:large, max-video-preview:-1\" \/>\n<link rel=\"canonical\" href=\"https:\/\/www.colegionewman.org\/es_es\/sac-2024-el-newman-recibe-a-la-historiadora-gloria-donato-y-al-biologo-javier-valero\/\" \/>\n<meta property=\"og:locale\" content=\"es_ES\" \/>\n<meta property=\"og:type\" content=\"article\" \/>\n<meta property=\"og:title\" content=\"SAC 2024: encuentros culturales en colegio concertado\" \/>\n<meta property=\"og:description\" content=\"En el segundo d\u00eda de la SAC 2024 nos adentramos en el &#039;paisaje de la luz&#039; de Madrid con Gloria Donato y Javier Valero.\" \/>\n<meta property=\"og:url\" content=\"https:\/\/www.colegionewman.org\/es_es\/sac-2024-el-newman-recibe-a-la-historiadora-gloria-donato-y-al-biologo-javier-valero\/\" \/>\n<meta property=\"og:site_name\" content=\"Colegio Internacional J.H. Newman\" \/>\n<meta property=\"article:published_time\" content=\"2024-03-12T15:21:03+00:00\" \/>\n<meta property=\"article:modified_time\" content=\"2026-04-21T15:01:09+00:00\" \/>\n<meta property=\"og:image\" content=\"https:\/\/www.colegionewman.org\/wp-content\/uploads\/2024\/03\/Noticias-Web.jpg\" \/>\n\t<meta property=\"og:image:width\" content=\"700\" \/>\n\t<meta property=\"og:image:height\" content=\"321\" \/>\n\t<meta property=\"og:image:type\" content=\"image\/jpeg\" \/>\n<meta name=\"author\" content=\"usuario01\" \/>\n<meta name=\"twitter:card\" content=\"summary_large_image\" \/>\n<meta name=\"twitter:label1\" content=\"Escrito por\" \/>\n\t<meta name=\"twitter:data1\" content=\"usuario01\" \/>\n\t<meta name=\"twitter:label2\" content=\"Tiempo de lectura\" \/>\n\t<meta name=\"twitter:data2\" content=\"4 minutos\" \/>\n<script type=\"application\/ld+json\" class=\"yoast-schema-graph\">{\"@context\":\"https:\\\/\\\/schema.org\",\"@graph\":[{\"@type\":\"Article\",\"@id\":\"https:\\\/\\\/www.colegionewman.org\\\/sac-2024-el-newman-recibe-a-la-historiadora-gloria-donato-y-al-biologo-javier-valero\\\/#article\",\"isPartOf\":{\"@id\":\"https:\\\/\\\/www.colegionewman.org\\\/sac-2024-el-newman-recibe-a-la-historiadora-gloria-donato-y-al-biologo-javier-valero\\\/\"},\"author\":{\"name\":\"usuario01\",\"@id\":\"https:\\\/\\\/www.colegionewman.org\\\/#\\\/schema\\\/person\\\/8106daec86dc9c621dee981574299879\"},\"headline\":\"SAC 2024: El Newman recibe a la historiadora Gloria Donato y al bi\u00f3logo Javier Valero\",\"datePublished\":\"2024-03-12T15:21:03+00:00\",\"dateModified\":\"2026-04-21T15:01:09+00:00\",\"mainEntityOfPage\":{\"@id\":\"https:\\\/\\\/www.colegionewman.org\\\/sac-2024-el-newman-recibe-a-la-historiadora-gloria-donato-y-al-biologo-javier-valero\\\/\"},\"wordCount\":628,\"commentCount\":0,\"publisher\":{\"@id\":\"https:\\\/\\\/www.colegionewman.org\\\/#organization\"},\"image\":{\"@id\":\"https:\\\/\\\/www.colegionewman.org\\\/sac-2024-el-newman-recibe-a-la-historiadora-gloria-donato-y-al-biologo-javier-valero\\\/#primaryimage\"},\"thumbnailUrl\":\"https:\\\/\\\/www.colegionewman.org\\\/wp-content\\\/uploads\\\/2024\\\/03\\\/Noticias-Web.jpg\",\"keywords\":[\"Bachillerato\",\"Biolog\u00eda\",\"Colegio Internacional JH Newman\",\"Colegio Newman\",\"cromosomas\",\"cultural\",\"ESO\",\"historia del arte\",\"Madrid\",\"oncolog\u00eda\",\"paseo del retiro\",\"Patrimonio\",\"patrimonio nacional\",\"Secundaria\"],\"articleSection\":[\"Bachillerato\",\"Ciencias\",\"Colegio\",\"Eventos\",\"Noticias\",\"Prensa\",\"SAC\",\"Secundaria\"],\"inLanguage\":\"es\",\"potentialAction\":[{\"@type\":\"CommentAction\",\"name\":\"Comment\",\"target\":[\"https:\\\/\\\/www.colegionewman.org\\\/sac-2024-el-newman-recibe-a-la-historiadora-gloria-donato-y-al-biologo-javier-valero\\\/#respond\"]}]},{\"@type\":\"WebPage\",\"@id\":\"https:\\\/\\\/www.colegionewman.org\\\/sac-2024-el-newman-recibe-a-la-historiadora-gloria-donato-y-al-biologo-javier-valero\\\/\",\"url\":\"https:\\\/\\\/www.colegionewman.org\\\/sac-2024-el-newman-recibe-a-la-historiadora-gloria-donato-y-al-biologo-javier-valero\\\/\",\"name\":\"SAC 2024: encuentros culturales en colegio concertado\",\"isPartOf\":{\"@id\":\"https:\\\/\\\/www.colegionewman.org\\\/#website\"},\"primaryImageOfPage\":{\"@id\":\"https:\\\/\\\/www.colegionewman.org\\\/sac-2024-el-newman-recibe-a-la-historiadora-gloria-donato-y-al-biologo-javier-valero\\\/#primaryimage\"},\"image\":{\"@id\":\"https:\\\/\\\/www.colegionewman.org\\\/sac-2024-el-newman-recibe-a-la-historiadora-gloria-donato-y-al-biologo-javier-valero\\\/#primaryimage\"},\"thumbnailUrl\":\"https:\\\/\\\/www.colegionewman.org\\\/wp-content\\\/uploads\\\/2024\\\/03\\\/Noticias-Web.jpg\",\"datePublished\":\"2024-03-12T15:21:03+00:00\",\"dateModified\":\"2026-04-21T15:01:09+00:00\",\"description\":\"En el segundo d\u00eda de la SAC 2024 nos adentramos en el 'paisaje de la luz' de Madrid con Gloria Donato y Javier Valero.\",\"breadcrumb\":{\"@id\":\"https:\\\/\\\/www.colegionewman.org\\\/sac-2024-el-newman-recibe-a-la-historiadora-gloria-donato-y-al-biologo-javier-valero\\\/#breadcrumb\"},\"inLanguage\":\"es\",\"potentialAction\":[{\"@type\":\"ReadAction\",\"target\":[\"https:\\\/\\\/www.colegionewman.org\\\/sac-2024-el-newman-recibe-a-la-historiadora-gloria-donato-y-al-biologo-javier-valero\\\/\"]}]},{\"@type\":\"ImageObject\",\"inLanguage\":\"es\",\"@id\":\"https:\\\/\\\/www.colegionewman.org\\\/sac-2024-el-newman-recibe-a-la-historiadora-gloria-donato-y-al-biologo-javier-valero\\\/#primaryimage\",\"url\":\"https:\\\/\\\/www.colegionewman.org\\\/wp-content\\\/uploads\\\/2024\\\/03\\\/Noticias-Web.jpg\",\"contentUrl\":\"https:\\\/\\\/www.colegionewman.org\\\/wp-content\\\/uploads\\\/2024\\\/03\\\/Noticias-Web.jpg\",\"width\":700,\"height\":321,\"caption\":\"\u00a0Encuentro acad\u00e9mico con expertos invitados para hablar sobre orientaci\u00f3n universitaria y profesional en el colegio.\"},{\"@type\":\"BreadcrumbList\",\"@id\":\"https:\\\/\\\/www.colegionewman.org\\\/sac-2024-el-newman-recibe-a-la-historiadora-gloria-donato-y-al-biologo-javier-valero\\\/#breadcrumb\",\"itemListElement\":[{\"@type\":\"ListItem\",\"position\":1,\"name\":\"Portada\",\"item\":\"https:\\\/\\\/www.colegionewman.org\\\/\"},{\"@type\":\"ListItem\",\"position\":2,\"name\":\"SAC 2024: El Newman recibe a la historiadora Gloria Donato y al bi\u00f3logo Javier Valero\"}]},{\"@type\":\"WebSite\",\"@id\":\"https:\\\/\\\/www.colegionewman.org\\\/#website\",\"url\":\"https:\\\/\\\/www.colegionewman.org\\\/\",\"name\":\"Colegio Internacional J.H. Newman\",\"description\":\"Un colegio que te abre al mundo\",\"publisher\":{\"@id\":\"https:\\\/\\\/www.colegionewman.org\\\/#organization\"},\"alternateName\":\"Colegio Newman\",\"potentialAction\":[{\"@type\":\"SearchAction\",\"target\":{\"@type\":\"EntryPoint\",\"urlTemplate\":\"https:\\\/\\\/www.colegionewman.org\\\/?s={search_term_string}\"},\"query-input\":{\"@type\":\"PropertyValueSpecification\",\"valueRequired\":true,\"valueName\":\"search_term_string\"}}],\"inLanguage\":\"es\"},{\"@type\":\"Organization\",\"@id\":\"https:\\\/\\\/www.colegionewman.org\\\/#organization\",\"name\":\"Colegio Internacional J.H. Newman\",\"alternateName\":\"Colegio Newman\",\"url\":\"https:\\\/\\\/www.colegionewman.org\\\/\",\"logo\":{\"@type\":\"ImageObject\",\"inLanguage\":\"es\",\"@id\":\"https:\\\/\\\/www.colegionewman.org\\\/#\\\/schema\\\/logo\\\/image\\\/\",\"url\":\"https:\\\/\\\/www.colegionewman.org\\\/wp-content\\\/uploads\\\/logo_mini_newman_Mesa-de-trabajo-1.png\",\"contentUrl\":\"https:\\\/\\\/www.colegionewman.org\\\/wp-content\\\/uploads\\\/logo_mini_newman_Mesa-de-trabajo-1.png\",\"width\":750,\"height\":750,\"caption\":\"Colegio Internacional J.H. Newman\"},\"image\":{\"@id\":\"https:\\\/\\\/www.colegionewman.org\\\/#\\\/schema\\\/logo\\\/image\\\/\"},\"sameAs\":[\"https:\\\/\\\/www.instagram.com\\\/colegiojhnewman\\\/\",\"https:\\\/\\\/www.youtube.com\\\/channel\\\/UCUEVCANGRsznbp-DRfSrexw\",\"https:\\\/\\\/www.linkedin.com\\\/company\\\/colegio-internacional-jh-newman\"]},{\"@type\":\"Person\",\"@id\":\"https:\\\/\\\/www.colegionewman.org\\\/#\\\/schema\\\/person\\\/8106daec86dc9c621dee981574299879\",\"name\":\"usuario01\",\"image\":{\"@type\":\"ImageObject\",\"inLanguage\":\"es\",\"@id\":\"https:\\\/\\\/secure.gravatar.com\\\/avatar\\\/2cefad0f4eecf4293f29f0087b54fe8c76e9fc1d6aed0ef8a8ecdd2e38e8cd47?s=96&d=mm&r=g\",\"url\":\"https:\\\/\\\/secure.gravatar.com\\\/avatar\\\/2cefad0f4eecf4293f29f0087b54fe8c76e9fc1d6aed0ef8a8ecdd2e38e8cd47?s=96&d=mm&r=g\",\"contentUrl\":\"https:\\\/\\\/secure.gravatar.com\\\/avatar\\\/2cefad0f4eecf4293f29f0087b54fe8c76e9fc1d6aed0ef8a8ecdd2e38e8cd47?s=96&d=mm&r=g\",\"caption\":\"usuario01\"},\"sameAs\":[\"https:\\\/\\\/www.colegionewman.org\"],\"url\":\"https:\\\/\\\/www.colegionewman.org\\\/es_es\\\/author\\\/usuario01\\\/\"}]}<\/script>\n<!-- \/ Yoast SEO plugin. -->","yoast_head_json":{"title":"SAC 2024: encuentros culturales en colegio concertado","description":"En el segundo d\u00eda de la SAC 2024 nos adentramos en el 'paisaje de la luz' de Madrid con Gloria Donato y Javier Valero.","robots":{"index":"index","follow":"follow","max-snippet":"max-snippet:-1","max-image-preview":"max-image-preview:large","max-video-preview":"max-video-preview:-1"},"canonical":"https:\/\/www.colegionewman.org\/es_es\/sac-2024-el-newman-recibe-a-la-historiadora-gloria-donato-y-al-biologo-javier-valero\/","og_locale":"es_ES","og_type":"article","og_title":"SAC 2024: encuentros culturales en colegio concertado","og_description":"En el segundo d\u00eda de la SAC 2024 nos adentramos en el 'paisaje de la luz' de Madrid con Gloria Donato y Javier Valero.","og_url":"https:\/\/www.colegionewman.org\/es_es\/sac-2024-el-newman-recibe-a-la-historiadora-gloria-donato-y-al-biologo-javier-valero\/","og_site_name":"Colegio Internacional J.H. Newman","article_published_time":"2024-03-12T15:21:03+00:00","article_modified_time":"2026-04-21T15:01:09+00:00","og_image":[{"width":700,"height":321,"url":"https:\/\/www.colegionewman.org\/wp-content\/uploads\/2024\/03\/Noticias-Web.jpg","type":"image\/jpeg"}],"author":"usuario01","twitter_card":"summary_large_image","twitter_misc":{"Escrito por":"usuario01","Tiempo de lectura":"4 minutos"},"schema":{"@context":"https:\/\/schema.org","@graph":[{"@type":"Article","@id":"https:\/\/www.colegionewman.org\/sac-2024-el-newman-recibe-a-la-historiadora-gloria-donato-y-al-biologo-javier-valero\/#article","isPartOf":{"@id":"https:\/\/www.colegionewman.org\/sac-2024-el-newman-recibe-a-la-historiadora-gloria-donato-y-al-biologo-javier-valero\/"},"author":{"name":"usuario01","@id":"https:\/\/www.colegionewman.org\/#\/schema\/person\/8106daec86dc9c621dee981574299879"},"headline":"SAC 2024: El Newman recibe a la historiadora Gloria Donato y al bi\u00f3logo Javier Valero","datePublished":"2024-03-12T15:21:03+00:00","dateModified":"2026-04-21T15:01:09+00:00","mainEntityOfPage":{"@id":"https:\/\/www.colegionewman.org\/sac-2024-el-newman-recibe-a-la-historiadora-gloria-donato-y-al-biologo-javier-valero\/"},"wordCount":628,"commentCount":0,"publisher":{"@id":"https:\/\/www.colegionewman.org\/#organization"},"image":{"@id":"https:\/\/www.colegionewman.org\/sac-2024-el-newman-recibe-a-la-historiadora-gloria-donato-y-al-biologo-javier-valero\/#primaryimage"},"thumbnailUrl":"https:\/\/www.colegionewman.org\/wp-content\/uploads\/2024\/03\/Noticias-Web.jpg","keywords":["Bachillerato","Biolog\u00eda","Colegio Internacional JH Newman","Colegio Newman","cromosomas","cultural","ESO","historia del arte","Madrid","oncolog\u00eda","paseo del retiro","Patrimonio","patrimonio nacional","Secundaria"],"articleSection":["Bachillerato","Ciencias","Colegio","Eventos","Noticias","Prensa","SAC","Secundaria"],"inLanguage":"es","potentialAction":[{"@type":"CommentAction","name":"Comment","target":["https:\/\/www.colegionewman.org\/sac-2024-el-newman-recibe-a-la-historiadora-gloria-donato-y-al-biologo-javier-valero\/#respond"]}]},{"@type":"WebPage","@id":"https:\/\/www.colegionewman.org\/sac-2024-el-newman-recibe-a-la-historiadora-gloria-donato-y-al-biologo-javier-valero\/","url":"https:\/\/www.colegionewman.org\/sac-2024-el-newman-recibe-a-la-historiadora-gloria-donato-y-al-biologo-javier-valero\/","name":"SAC 2024: encuentros culturales en colegio concertado","isPartOf":{"@id":"https:\/\/www.colegionewman.org\/#website"},"primaryImageOfPage":{"@id":"https:\/\/www.colegionewman.org\/sac-2024-el-newman-recibe-a-la-historiadora-gloria-donato-y-al-biologo-javier-valero\/#primaryimage"},"image":{"@id":"https:\/\/www.colegionewman.org\/sac-2024-el-newman-recibe-a-la-historiadora-gloria-donato-y-al-biologo-javier-valero\/#primaryimage"},"thumbnailUrl":"https:\/\/www.colegionewman.org\/wp-content\/uploads\/2024\/03\/Noticias-Web.jpg","datePublished":"2024-03-12T15:21:03+00:00","dateModified":"2026-04-21T15:01:09+00:00","description":"En el segundo d\u00eda de la SAC 2024 nos adentramos en el 'paisaje de la luz' de Madrid con Gloria Donato y Javier Valero.","breadcrumb":{"@id":"https:\/\/www.colegionewman.org\/sac-2024-el-newman-recibe-a-la-historiadora-gloria-donato-y-al-biologo-javier-valero\/#breadcrumb"},"inLanguage":"es","potentialAction":[{"@type":"ReadAction","target":["https:\/\/www.colegionewman.org\/sac-2024-el-newman-recibe-a-la-historiadora-gloria-donato-y-al-biologo-javier-valero\/"]}]},{"@type":"ImageObject","inLanguage":"es","@id":"https:\/\/www.colegionewman.org\/sac-2024-el-newman-recibe-a-la-historiadora-gloria-donato-y-al-biologo-javier-valero\/#primaryimage","url":"https:\/\/www.colegionewman.org\/wp-content\/uploads\/2024\/03\/Noticias-Web.jpg","contentUrl":"https:\/\/www.colegionewman.org\/wp-content\/uploads\/2024\/03\/Noticias-Web.jpg","width":700,"height":321,"caption":"\u00a0Encuentro acad\u00e9mico con expertos invitados para hablar sobre orientaci\u00f3n universitaria y profesional en el colegio."},{"@type":"BreadcrumbList","@id":"https:\/\/www.colegionewman.org\/sac-2024-el-newman-recibe-a-la-historiadora-gloria-donato-y-al-biologo-javier-valero\/#breadcrumb","itemListElement":[{"@type":"ListItem","position":1,"name":"Portada","item":"https:\/\/www.colegionewman.org\/"},{"@type":"ListItem","position":2,"name":"SAC 2024: El Newman recibe a la historiadora Gloria Donato y al bi\u00f3logo Javier Valero"}]},{"@type":"WebSite","@id":"https:\/\/www.colegionewman.org\/#website","url":"https:\/\/www.colegionewman.org\/","name":"Colegio Internacional J.H. Newman","description":"Un colegio que te abre al mundo","publisher":{"@id":"https:\/\/www.colegionewman.org\/#organization"},"alternateName":"Colegio Newman","potentialAction":[{"@type":"SearchAction","target":{"@type":"EntryPoint","urlTemplate":"https:\/\/www.colegionewman.org\/?s={search_term_string}"},"query-input":{"@type":"PropertyValueSpecification","valueRequired":true,"valueName":"search_term_string"}}],"inLanguage":"es"},{"@type":"Organization","@id":"https:\/\/www.colegionewman.org\/#organization","name":"Colegio Internacional J.H. Newman","alternateName":"Colegio Newman","url":"https:\/\/www.colegionewman.org\/","logo":{"@type":"ImageObject","inLanguage":"es","@id":"https:\/\/www.colegionewman.org\/#\/schema\/logo\/image\/","url":"https:\/\/www.colegionewman.org\/wp-content\/uploads\/logo_mini_newman_Mesa-de-trabajo-1.png","contentUrl":"https:\/\/www.colegionewman.org\/wp-content\/uploads\/logo_mini_newman_Mesa-de-trabajo-1.png","width":750,"height":750,"caption":"Colegio Internacional J.H. Newman"},"image":{"@id":"https:\/\/www.colegionewman.org\/#\/schema\/logo\/image\/"},"sameAs":["https:\/\/www.instagram.com\/colegiojhnewman\/","https:\/\/www.youtube.com\/channel\/UCUEVCANGRsznbp-DRfSrexw","https:\/\/www.linkedin.com\/company\/colegio-internacional-jh-newman"]},{"@type":"Person","@id":"https:\/\/www.colegionewman.org\/#\/schema\/person\/8106daec86dc9c621dee981574299879","name":"usuario01","image":{"@type":"ImageObject","inLanguage":"es","@id":"https:\/\/secure.gravatar.com\/avatar\/2cefad0f4eecf4293f29f0087b54fe8c76e9fc1d6aed0ef8a8ecdd2e38e8cd47?s=96&d=mm&r=g","url":"https:\/\/secure.gravatar.com\/avatar\/2cefad0f4eecf4293f29f0087b54fe8c76e9fc1d6aed0ef8a8ecdd2e38e8cd47?s=96&d=mm&r=g","contentUrl":"https:\/\/secure.gravatar.com\/avatar\/2cefad0f4eecf4293f29f0087b54fe8c76e9fc1d6aed0ef8a8ecdd2e38e8cd47?s=96&d=mm&r=g","caption":"usuario01"},"sameAs":["https:\/\/www.colegionewman.org"],"url":"https:\/\/www.colegionewman.org\/es_es\/author\/usuario01\/"}]}},"_links":{"self":[{"href":"https:\/\/www.colegionewman.org\/es_es\/wp-json\/wp\/v2\/posts\/29198","targetHints":{"allow":["GET"]}}],"collection":[{"href":"https:\/\/www.colegionewman.org\/es_es\/wp-json\/wp\/v2\/posts"}],"about":[{"href":"https:\/\/www.colegionewman.org\/es_es\/wp-json\/wp\/v2\/types\/post"}],"author":[{"embeddable":true,"href":"https:\/\/www.colegionewman.org\/es_es\/wp-json\/wp\/v2\/users\/1"}],"replies":[{"embeddable":true,"href":"https:\/\/www.colegionewman.org\/es_es\/wp-json\/wp\/v2\/comments?post=29198"}],"version-history":[{"count":9,"href":"https:\/\/www.colegionewman.org\/es_es\/wp-json\/wp\/v2\/posts\/29198\/revisions"}],"predecessor-version":[{"id":29225,"href":"https:\/\/www.colegionewman.org\/es_es\/wp-json\/wp\/v2\/posts\/29198\/revisions\/29225"}],"wp:featuredmedia":[{"embeddable":true,"href":"https:\/\/www.colegionewman.org\/es_es\/wp-json\/wp\/v2\/media\/29201"}],"wp:attachment":[{"href":"https:\/\/www.colegionewman.org\/es_es\/wp-json\/wp\/v2\/media?parent=29198"}],"wp:term":[{"taxonomy":"category","embeddable":true,"href":"https:\/\/www.colegionewman.org\/es_es\/wp-json\/wp\/v2\/categories?post=29198"},{"taxonomy":"post_tag","embeddable":true,"href":"https:\/\/www.colegionewman.org\/es_es\/wp-json\/wp\/v2\/tags?post=29198"}],"curies":[{"name":"wp","href":"https:\/\/api.w.org\/{rel}","templated":true}]}}