{"id":29064,"date":"2024-03-04T09:24:00","date_gmt":"2024-03-04T08:24:00","guid":{"rendered":"https:\/\/www.colegionewman.org\/?p=29064"},"modified":"2024-03-04T09:27:37","modified_gmt":"2024-03-04T08:27:37","slug":"apostando-por-el-liderazgo-educativo","status":"publish","type":"post","link":"https:\/\/www.colegionewman.org\/es_es\/apostando-por-el-liderazgo-educativo\/","title":{"rendered":"Apostando por el liderazgo educativo"},"content":{"rendered":"\n<h2 class=\"wp-block-heading\">Nuestro director, Juan Ram\u00f3n de la Serna, ha viajado recientemente a Argentina para tratar cuestiones relacionadas con la educaci\u00f3n.<\/h2>\n\n\n\n<hr class=\"wp-block-separator has-alpha-channel-opacity\"\/>\n\n\n\n<p>Fruto de la relaci\u00f3n que la Fundaci\u00f3n Internacional de Educaci\u00f3n mantiene con diferentes realidades e instituciones educativas internacionales, Juan Ram\u00f3n de la Serna, director del Colegio Internacional J.H. Newman, ha visitado Argentina para encontrarse y dialogar con diversas personalidades del mundo educativ. <\/p>\n\n\n\n<p>Tuvo la ocasi\u00f3n de reunirse con el ministro y jefe de gabinete argentino, con quien intercambi\u00f3<strong> iniciativas y preocupaciones educativas<\/strong>. <\/p>\n\n\n\n<p>Invitado a participar del Campus de Verano, Juan Ram\u00f3n <strong>visit\u00f3 tambi\u00e9n la UCASAL<\/strong>, la Universidad Cat\u00f3lica de Salta, en Argentina, donde dio una charla acerca <strong>del reto educativo <\/strong>en el marco de la conferencia organizada por la universidad titulada \u00abEl liderazgo en la Escuela Cat\u00f3lica\u00bb, como parte de su compromiso con la excelencia educativa y la formaci\u00f3n integral de los estudiantes, as\u00ed como <strong>la responsabilidad social<\/strong> de la educaci\u00f3n nuevas generaciones. <\/p>\n\n\n\n<p><\/p>\n\n\n\n<figure class=\"wp-block-image aligncenter size-large is-resized\"><img loading=\"lazy\" decoding=\"async\" width=\"1449\" height=\"815\" src=\"https:\/\/www.colegionewman.org\/wp-content\/uploads\/2024\/03\/WhatsApp-Image-2024-02-19-at-11.14.28-1-1-edited-1.jpeg\" alt=\"\" class=\"wp-image-29081\" style=\"width:651px;height:auto\" srcset=\"https:\/\/www.colegionewman.org\/wp-content\/uploads\/2024\/03\/WhatsApp-Image-2024-02-19-at-11.14.28-1-1-edited-1.jpeg 1449w, https:\/\/www.colegionewman.org\/wp-content\/uploads\/2024\/03\/WhatsApp-Image-2024-02-19-at-11.14.28-1-1-edited-1-300x169.jpeg 300w, https:\/\/www.colegionewman.org\/wp-content\/uploads\/2024\/03\/WhatsApp-Image-2024-02-19-at-11.14.28-1-1-edited-1-1030x579.jpeg 1030w, https:\/\/www.colegionewman.org\/wp-content\/uploads\/2024\/03\/WhatsApp-Image-2024-02-19-at-11.14.28-1-1-edited-1-768x432.jpeg 768w, https:\/\/www.colegionewman.org\/wp-content\/uploads\/2024\/03\/WhatsApp-Image-2024-02-19-at-11.14.28-1-1-edited-1-705x397.jpeg 705w\" sizes=\"auto, (max-width: 1449px) 100vw, 1449px\" \/><\/figure>\n\n\n\n<p><\/p>\n\n\n\n<p>Durante la conferencia, adem\u00e1s, hizo hincapi\u00e9 en la importancia de <strong>acompa\u00f1ar a los alumnos<\/strong> en su desarrollo personal y profesional, destacando la necesidad de una relaci\u00f3n cercana entre docentes y estudiantes. Incidi\u00f3 asimismo en tomar como referencia <strong>la figura del adulto <\/strong>como modelo a seguir en el proceso educativo.<\/p>\n\n\n\n<p>Una visita con una perspectiva muy enriquecedora sobre los desaf\u00edos futuros en las Instituciones Cat\u00f3licas.<\/p>\n\n\n\n<figure class=\"wp-block-embed is-type-video is-provider-youtube wp-block-embed-youtube wp-embed-aspect-16-9 wp-has-aspect-ratio\"><div class=\"wp-block-embed__wrapper\">\n<div class='avia-iframe-wrap'><iframe loading=\"lazy\" title=\"UCASAL impulsa el Liderazgo Educativo en Escuelas Cat\u00f3licas\" width=\"1500\" height=\"844\" src=\"https:\/\/www.youtube.com\/embed\/sKf_kRYwh00?feature=oembed\" frameborder=\"0\" allow=\"accelerometer; autoplay; clipboard-write; encrypted-media; gyroscope; picture-in-picture; web-share\" allowfullscreen><\/iframe><\/div>\n<\/div><\/figure>\n\n\n\n<div style=\"height:0px\" aria-hidden=\"true\" class=\"wp-block-spacer\"><\/div>\n\n\n\n<p><\/p>\n\n\n\n<div class=\"wp-block-group is-layout-constrained wp-block-group-is-layout-constrained\">\n<div class=\"wp-block-columns is-layout-flex wp-container-core-columns-is-layout-9d6595d7 wp-block-columns-is-layout-flex\">\n<div class=\"wp-block-column is-layout-flow wp-block-column-is-layout-flow\" style=\"flex-basis:100%\">\n<div class=\"wp-block-columns is-layout-flex wp-container-core-columns-is-layout-9d6595d7 wp-block-columns-is-layout-flex\">\n<div class=\"wp-block-column is-layout-flow wp-block-column-is-layout-flow\" style=\"flex-basis:100%\"><\/div>\n<\/div>\n<\/div>\n<\/div>\n<\/div>\n","protected":false},"excerpt":{"rendered":"<p>Nuestro director, Juan Ram\u00f3n de la Serna, ha viajado recientemente a Argentina para tratar cuestiones relacionadas con la educaci\u00f3n. Fruto de la relaci\u00f3n que la Fundaci\u00f3n Internacional de Educaci\u00f3n mantiene con diferentes realidades e instituciones educativas internacionales, Juan Ram\u00f3n de la Serna, director del Colegio Internacional J.H. Newman, ha visitado Argentina para encontrarse y dialogar [&hellip;]<\/p>\n","protected":false},"author":1,"featured_media":29080,"comment_status":"open","ping_status":"open","sticky":false,"template":"","format":"standard","meta":{"footnotes":""},"categories":[47,21,1],"tags":[1409,721,26,1407,1406,1403,1404,1411,1405,1408,1410],"class_list":["post-29064","post","type-post","status-publish","format-standard","has-post-thumbnail","hentry","category-eventos","category-internacional","category-sin-categoria","tag-argentina","tag-colegio-internacional-jh-newman","tag-colegio-newman","tag-competencias-educativas","tag-educacion-2","tag-fie","tag-fundacion-internacional-de-educacion-2","tag-juan-ramon-de-la-serna-2","tag-liderazgo","tag-ucasal","tag-universidad-catolica"],"yoast_head":"<!-- This site is optimized with the Yoast SEO plugin v27.3 - https:\/\/yoast.com\/product\/yoast-seo-wordpress\/ -->\n<title>Apuesta del Newman por el liderazgo educativo<\/title>\n<meta name=\"description\" content=\"El Colegio Newman refuerza su apuesta por el liderazgo educativo con nuevas iniciativas formativas.\" \/>\n<meta name=\"robots\" content=\"index, follow, max-snippet:-1, max-image-preview:large, max-video-preview:-1\" \/>\n<link rel=\"canonical\" href=\"https:\/\/www.colegionewman.org\/es_es\/apostando-por-el-liderazgo-educativo\/\" \/>\n<meta property=\"og:locale\" content=\"es_ES\" \/>\n<meta property=\"og:type\" content=\"article\" \/>\n<meta property=\"og:title\" content=\"Apuesta del Newman por el liderazgo educativo\" \/>\n<meta property=\"og:description\" content=\"El Colegio Newman refuerza su apuesta por el liderazgo educativo con nuevas iniciativas formativas.\" \/>\n<meta property=\"og:url\" content=\"https:\/\/www.colegionewman.org\/es_es\/apostando-por-el-liderazgo-educativo\/\" \/>\n<meta property=\"og:site_name\" content=\"Colegio Internacional J.H. Newman\" \/>\n<meta property=\"article:published_time\" content=\"2024-03-04T08:24:00+00:00\" \/>\n<meta property=\"article:modified_time\" content=\"2024-03-04T08:27:37+00:00\" \/>\n<meta property=\"og:image\" content=\"https:\/\/www.colegionewman.org\/wp-content\/uploads\/2024\/03\/WhatsApp-Image-2024-02-19-at-11.14.29-1-edited.jpeg\" \/>\n\t<meta property=\"og:image:width\" content=\"1127\" \/>\n\t<meta property=\"og:image:height\" content=\"634\" \/>\n\t<meta property=\"og:image:type\" content=\"image\/jpeg\" \/>\n<meta name=\"author\" content=\"usuario01\" \/>\n<meta name=\"twitter:card\" content=\"summary_large_image\" \/>\n<meta name=\"twitter:label1\" content=\"Escrito por\" \/>\n\t<meta name=\"twitter:data1\" content=\"usuario01\" \/>\n\t<meta name=\"twitter:label2\" content=\"Tiempo de lectura\" \/>\n\t<meta name=\"twitter:data2\" content=\"2 minutos\" \/>\n<script type=\"application\/ld+json\" class=\"yoast-schema-graph\">{\"@context\":\"https:\\\/\\\/schema.org\",\"@graph\":[{\"@type\":\"Article\",\"@id\":\"https:\\\/\\\/www.colegionewman.org\\\/apostando-por-el-liderazgo-educativo\\\/#article\",\"isPartOf\":{\"@id\":\"https:\\\/\\\/www.colegionewman.org\\\/apostando-por-el-liderazgo-educativo\\\/\"},\"author\":{\"name\":\"usuario01\",\"@id\":\"https:\\\/\\\/www.colegionewman.org\\\/#\\\/schema\\\/person\\\/8106daec86dc9c621dee981574299879\"},\"headline\":\"Apostando por el liderazgo educativo\",\"datePublished\":\"2024-03-04T08:24:00+00:00\",\"dateModified\":\"2024-03-04T08:27:37+00:00\",\"mainEntityOfPage\":{\"@id\":\"https:\\\/\\\/www.colegionewman.org\\\/apostando-por-el-liderazgo-educativo\\\/\"},\"wordCount\":248,\"commentCount\":0,\"publisher\":{\"@id\":\"https:\\\/\\\/www.colegionewman.org\\\/#organization\"},\"image\":{\"@id\":\"https:\\\/\\\/www.colegionewman.org\\\/apostando-por-el-liderazgo-educativo\\\/#primaryimage\"},\"thumbnailUrl\":\"https:\\\/\\\/www.colegionewman.org\\\/wp-content\\\/uploads\\\/2024\\\/03\\\/WhatsApp-Image-2024-02-19-at-11.14.29-1-edited.jpeg\",\"keywords\":[\"argentina\",\"Colegio Internacional JH Newman\",\"Colegio Newman\",\"competencias educativas\",\"educacion\",\"fie\",\"fundacion internacional de educacion\",\"juan ramon de la serna\",\"liderazgo\",\"ucasal\",\"universidad catolica\"],\"articleSection\":[\"Eventos\",\"Internacional\"],\"inLanguage\":\"es\",\"potentialAction\":[{\"@type\":\"CommentAction\",\"name\":\"Comment\",\"target\":[\"https:\\\/\\\/www.colegionewman.org\\\/apostando-por-el-liderazgo-educativo\\\/#respond\"]}]},{\"@type\":\"WebPage\",\"@id\":\"https:\\\/\\\/www.colegionewman.org\\\/apostando-por-el-liderazgo-educativo\\\/\",\"url\":\"https:\\\/\\\/www.colegionewman.org\\\/apostando-por-el-liderazgo-educativo\\\/\",\"name\":\"Apuesta del Newman por el liderazgo educativo\",\"isPartOf\":{\"@id\":\"https:\\\/\\\/www.colegionewman.org\\\/#website\"},\"primaryImageOfPage\":{\"@id\":\"https:\\\/\\\/www.colegionewman.org\\\/apostando-por-el-liderazgo-educativo\\\/#primaryimage\"},\"image\":{\"@id\":\"https:\\\/\\\/www.colegionewman.org\\\/apostando-por-el-liderazgo-educativo\\\/#primaryimage\"},\"thumbnailUrl\":\"https:\\\/\\\/www.colegionewman.org\\\/wp-content\\\/uploads\\\/2024\\\/03\\\/WhatsApp-Image-2024-02-19-at-11.14.29-1-edited.jpeg\",\"datePublished\":\"2024-03-04T08:24:00+00:00\",\"dateModified\":\"2024-03-04T08:27:37+00:00\",\"description\":\"El Colegio Newman refuerza su apuesta por el liderazgo educativo con nuevas iniciativas formativas.\",\"breadcrumb\":{\"@id\":\"https:\\\/\\\/www.colegionewman.org\\\/apostando-por-el-liderazgo-educativo\\\/#breadcrumb\"},\"inLanguage\":\"es\",\"potentialAction\":[{\"@type\":\"ReadAction\",\"target\":[\"https:\\\/\\\/www.colegionewman.org\\\/apostando-por-el-liderazgo-educativo\\\/\"]}]},{\"@type\":\"ImageObject\",\"inLanguage\":\"es\",\"@id\":\"https:\\\/\\\/www.colegionewman.org\\\/apostando-por-el-liderazgo-educativo\\\/#primaryimage\",\"url\":\"https:\\\/\\\/www.colegionewman.org\\\/wp-content\\\/uploads\\\/2024\\\/03\\\/WhatsApp-Image-2024-02-19-at-11.14.29-1-edited.jpeg\",\"contentUrl\":\"https:\\\/\\\/www.colegionewman.org\\\/wp-content\\\/uploads\\\/2024\\\/03\\\/WhatsApp-Image-2024-02-19-at-11.14.29-1-edited.jpeg\",\"width\":1127,\"height\":634,\"caption\":\"Equipo directivo del Colegio Newman durante una presentaci\u00f3n formativa en UCASAL sobre liderazgo educativo del colegio religioso Madrid.\"},{\"@type\":\"BreadcrumbList\",\"@id\":\"https:\\\/\\\/www.colegionewman.org\\\/apostando-por-el-liderazgo-educativo\\\/#breadcrumb\",\"itemListElement\":[{\"@type\":\"ListItem\",\"position\":1,\"name\":\"Portada\",\"item\":\"https:\\\/\\\/www.colegionewman.org\\\/\"},{\"@type\":\"ListItem\",\"position\":2,\"name\":\"Apostando por el liderazgo educativo\"}]},{\"@type\":\"WebSite\",\"@id\":\"https:\\\/\\\/www.colegionewman.org\\\/#website\",\"url\":\"https:\\\/\\\/www.colegionewman.org\\\/\",\"name\":\"Colegio Internacional J.H. Newman\",\"description\":\"Un colegio que te abre al mundo\",\"publisher\":{\"@id\":\"https:\\\/\\\/www.colegionewman.org\\\/#organization\"},\"alternateName\":\"Colegio Newman\",\"potentialAction\":[{\"@type\":\"SearchAction\",\"target\":{\"@type\":\"EntryPoint\",\"urlTemplate\":\"https:\\\/\\\/www.colegionewman.org\\\/?s={search_term_string}\"},\"query-input\":{\"@type\":\"PropertyValueSpecification\",\"valueRequired\":true,\"valueName\":\"search_term_string\"}}],\"inLanguage\":\"es\"},{\"@type\":\"Organization\",\"@id\":\"https:\\\/\\\/www.colegionewman.org\\\/#organization\",\"name\":\"Colegio Internacional J.H. Newman\",\"alternateName\":\"Colegio Newman\",\"url\":\"https:\\\/\\\/www.colegionewman.org\\\/\",\"logo\":{\"@type\":\"ImageObject\",\"inLanguage\":\"es\",\"@id\":\"https:\\\/\\\/www.colegionewman.org\\\/#\\\/schema\\\/logo\\\/image\\\/\",\"url\":\"https:\\\/\\\/www.colegionewman.org\\\/wp-content\\\/uploads\\\/logo_mini_newman_Mesa-de-trabajo-1.png\",\"contentUrl\":\"https:\\\/\\\/www.colegionewman.org\\\/wp-content\\\/uploads\\\/logo_mini_newman_Mesa-de-trabajo-1.png\",\"width\":750,\"height\":750,\"caption\":\"Colegio Internacional J.H. Newman\"},\"image\":{\"@id\":\"https:\\\/\\\/www.colegionewman.org\\\/#\\\/schema\\\/logo\\\/image\\\/\"},\"sameAs\":[\"https:\\\/\\\/www.instagram.com\\\/colegiojhnewman\\\/\",\"https:\\\/\\\/www.youtube.com\\\/channel\\\/UCUEVCANGRsznbp-DRfSrexw\",\"https:\\\/\\\/www.linkedin.com\\\/company\\\/colegio-internacional-jh-newman\"]},{\"@type\":\"Person\",\"@id\":\"https:\\\/\\\/www.colegionewman.org\\\/#\\\/schema\\\/person\\\/8106daec86dc9c621dee981574299879\",\"name\":\"usuario01\",\"image\":{\"@type\":\"ImageObject\",\"inLanguage\":\"es\",\"@id\":\"https:\\\/\\\/secure.gravatar.com\\\/avatar\\\/2cefad0f4eecf4293f29f0087b54fe8c76e9fc1d6aed0ef8a8ecdd2e38e8cd47?s=96&d=mm&r=g\",\"url\":\"https:\\\/\\\/secure.gravatar.com\\\/avatar\\\/2cefad0f4eecf4293f29f0087b54fe8c76e9fc1d6aed0ef8a8ecdd2e38e8cd47?s=96&d=mm&r=g\",\"contentUrl\":\"https:\\\/\\\/secure.gravatar.com\\\/avatar\\\/2cefad0f4eecf4293f29f0087b54fe8c76e9fc1d6aed0ef8a8ecdd2e38e8cd47?s=96&d=mm&r=g\",\"caption\":\"usuario01\"},\"sameAs\":[\"https:\\\/\\\/www.colegionewman.org\"],\"url\":\"https:\\\/\\\/www.colegionewman.org\\\/es_es\\\/author\\\/usuario01\\\/\"}]}<\/script>\n<!-- \/ Yoast SEO plugin. -->","yoast_head_json":{"title":"Apuesta del Newman por el liderazgo educativo","description":"El Colegio Newman refuerza su apuesta por el liderazgo educativo con nuevas iniciativas formativas.","robots":{"index":"index","follow":"follow","max-snippet":"max-snippet:-1","max-image-preview":"max-image-preview:large","max-video-preview":"max-video-preview:-1"},"canonical":"https:\/\/www.colegionewman.org\/es_es\/apostando-por-el-liderazgo-educativo\/","og_locale":"es_ES","og_type":"article","og_title":"Apuesta del Newman por el liderazgo educativo","og_description":"El Colegio Newman refuerza su apuesta por el liderazgo educativo con nuevas iniciativas formativas.","og_url":"https:\/\/www.colegionewman.org\/es_es\/apostando-por-el-liderazgo-educativo\/","og_site_name":"Colegio Internacional J.H. Newman","article_published_time":"2024-03-04T08:24:00+00:00","article_modified_time":"2024-03-04T08:27:37+00:00","og_image":[{"width":1127,"height":634,"url":"https:\/\/www.colegionewman.org\/wp-content\/uploads\/2024\/03\/WhatsApp-Image-2024-02-19-at-11.14.29-1-edited.jpeg","type":"image\/jpeg"}],"author":"usuario01","twitter_card":"summary_large_image","twitter_misc":{"Escrito por":"usuario01","Tiempo de lectura":"2 minutos"},"schema":{"@context":"https:\/\/schema.org","@graph":[{"@type":"Article","@id":"https:\/\/www.colegionewman.org\/apostando-por-el-liderazgo-educativo\/#article","isPartOf":{"@id":"https:\/\/www.colegionewman.org\/apostando-por-el-liderazgo-educativo\/"},"author":{"name":"usuario01","@id":"https:\/\/www.colegionewman.org\/#\/schema\/person\/8106daec86dc9c621dee981574299879"},"headline":"Apostando por el liderazgo educativo","datePublished":"2024-03-04T08:24:00+00:00","dateModified":"2024-03-04T08:27:37+00:00","mainEntityOfPage":{"@id":"https:\/\/www.colegionewman.org\/apostando-por-el-liderazgo-educativo\/"},"wordCount":248,"commentCount":0,"publisher":{"@id":"https:\/\/www.colegionewman.org\/#organization"},"image":{"@id":"https:\/\/www.colegionewman.org\/apostando-por-el-liderazgo-educativo\/#primaryimage"},"thumbnailUrl":"https:\/\/www.colegionewman.org\/wp-content\/uploads\/2024\/03\/WhatsApp-Image-2024-02-19-at-11.14.29-1-edited.jpeg","keywords":["argentina","Colegio Internacional JH Newman","Colegio Newman","competencias educativas","educacion","fie","fundacion internacional de educacion","juan ramon de la serna","liderazgo","ucasal","universidad catolica"],"articleSection":["Eventos","Internacional"],"inLanguage":"es","potentialAction":[{"@type":"CommentAction","name":"Comment","target":["https:\/\/www.colegionewman.org\/apostando-por-el-liderazgo-educativo\/#respond"]}]},{"@type":"WebPage","@id":"https:\/\/www.colegionewman.org\/apostando-por-el-liderazgo-educativo\/","url":"https:\/\/www.colegionewman.org\/apostando-por-el-liderazgo-educativo\/","name":"Apuesta del Newman por el liderazgo educativo","isPartOf":{"@id":"https:\/\/www.colegionewman.org\/#website"},"primaryImageOfPage":{"@id":"https:\/\/www.colegionewman.org\/apostando-por-el-liderazgo-educativo\/#primaryimage"},"image":{"@id":"https:\/\/www.colegionewman.org\/apostando-por-el-liderazgo-educativo\/#primaryimage"},"thumbnailUrl":"https:\/\/www.colegionewman.org\/wp-content\/uploads\/2024\/03\/WhatsApp-Image-2024-02-19-at-11.14.29-1-edited.jpeg","datePublished":"2024-03-04T08:24:00+00:00","dateModified":"2024-03-04T08:27:37+00:00","description":"El Colegio Newman refuerza su apuesta por el liderazgo educativo con nuevas iniciativas formativas.","breadcrumb":{"@id":"https:\/\/www.colegionewman.org\/apostando-por-el-liderazgo-educativo\/#breadcrumb"},"inLanguage":"es","potentialAction":[{"@type":"ReadAction","target":["https:\/\/www.colegionewman.org\/apostando-por-el-liderazgo-educativo\/"]}]},{"@type":"ImageObject","inLanguage":"es","@id":"https:\/\/www.colegionewman.org\/apostando-por-el-liderazgo-educativo\/#primaryimage","url":"https:\/\/www.colegionewman.org\/wp-content\/uploads\/2024\/03\/WhatsApp-Image-2024-02-19-at-11.14.29-1-edited.jpeg","contentUrl":"https:\/\/www.colegionewman.org\/wp-content\/uploads\/2024\/03\/WhatsApp-Image-2024-02-19-at-11.14.29-1-edited.jpeg","width":1127,"height":634,"caption":"Equipo directivo del Colegio Newman durante una presentaci\u00f3n formativa en UCASAL sobre liderazgo educativo del colegio religioso Madrid."},{"@type":"BreadcrumbList","@id":"https:\/\/www.colegionewman.org\/apostando-por-el-liderazgo-educativo\/#breadcrumb","itemListElement":[{"@type":"ListItem","position":1,"name":"Portada","item":"https:\/\/www.colegionewman.org\/"},{"@type":"ListItem","position":2,"name":"Apostando por el liderazgo educativo"}]},{"@type":"WebSite","@id":"https:\/\/www.colegionewman.org\/#website","url":"https:\/\/www.colegionewman.org\/","name":"Colegio Internacional J.H. Newman","description":"Un colegio que te abre al mundo","publisher":{"@id":"https:\/\/www.colegionewman.org\/#organization"},"alternateName":"Colegio Newman","potentialAction":[{"@type":"SearchAction","target":{"@type":"EntryPoint","urlTemplate":"https:\/\/www.colegionewman.org\/?s={search_term_string}"},"query-input":{"@type":"PropertyValueSpecification","valueRequired":true,"valueName":"search_term_string"}}],"inLanguage":"es"},{"@type":"Organization","@id":"https:\/\/www.colegionewman.org\/#organization","name":"Colegio Internacional J.H. Newman","alternateName":"Colegio Newman","url":"https:\/\/www.colegionewman.org\/","logo":{"@type":"ImageObject","inLanguage":"es","@id":"https:\/\/www.colegionewman.org\/#\/schema\/logo\/image\/","url":"https:\/\/www.colegionewman.org\/wp-content\/uploads\/logo_mini_newman_Mesa-de-trabajo-1.png","contentUrl":"https:\/\/www.colegionewman.org\/wp-content\/uploads\/logo_mini_newman_Mesa-de-trabajo-1.png","width":750,"height":750,"caption":"Colegio Internacional J.H. Newman"},"image":{"@id":"https:\/\/www.colegionewman.org\/#\/schema\/logo\/image\/"},"sameAs":["https:\/\/www.instagram.com\/colegiojhnewman\/","https:\/\/www.youtube.com\/channel\/UCUEVCANGRsznbp-DRfSrexw","https:\/\/www.linkedin.com\/company\/colegio-internacional-jh-newman"]},{"@type":"Person","@id":"https:\/\/www.colegionewman.org\/#\/schema\/person\/8106daec86dc9c621dee981574299879","name":"usuario01","image":{"@type":"ImageObject","inLanguage":"es","@id":"https:\/\/secure.gravatar.com\/avatar\/2cefad0f4eecf4293f29f0087b54fe8c76e9fc1d6aed0ef8a8ecdd2e38e8cd47?s=96&d=mm&r=g","url":"https:\/\/secure.gravatar.com\/avatar\/2cefad0f4eecf4293f29f0087b54fe8c76e9fc1d6aed0ef8a8ecdd2e38e8cd47?s=96&d=mm&r=g","contentUrl":"https:\/\/secure.gravatar.com\/avatar\/2cefad0f4eecf4293f29f0087b54fe8c76e9fc1d6aed0ef8a8ecdd2e38e8cd47?s=96&d=mm&r=g","caption":"usuario01"},"sameAs":["https:\/\/www.colegionewman.org"],"url":"https:\/\/www.colegionewman.org\/es_es\/author\/usuario01\/"}]}},"_links":{"self":[{"href":"https:\/\/www.colegionewman.org\/es_es\/wp-json\/wp\/v2\/posts\/29064","targetHints":{"allow":["GET"]}}],"collection":[{"href":"https:\/\/www.colegionewman.org\/es_es\/wp-json\/wp\/v2\/posts"}],"about":[{"href":"https:\/\/www.colegionewman.org\/es_es\/wp-json\/wp\/v2\/types\/post"}],"author":[{"embeddable":true,"href":"https:\/\/www.colegionewman.org\/es_es\/wp-json\/wp\/v2\/users\/1"}],"replies":[{"embeddable":true,"href":"https:\/\/www.colegionewman.org\/es_es\/wp-json\/wp\/v2\/comments?post=29064"}],"version-history":[{"count":4,"href":"https:\/\/www.colegionewman.org\/es_es\/wp-json\/wp\/v2\/posts\/29064\/revisions"}],"predecessor-version":[{"id":29089,"href":"https:\/\/www.colegionewman.org\/es_es\/wp-json\/wp\/v2\/posts\/29064\/revisions\/29089"}],"wp:featuredmedia":[{"embeddable":true,"href":"https:\/\/www.colegionewman.org\/es_es\/wp-json\/wp\/v2\/media\/29080"}],"wp:attachment":[{"href":"https:\/\/www.colegionewman.org\/es_es\/wp-json\/wp\/v2\/media?parent=29064"}],"wp:term":[{"taxonomy":"category","embeddable":true,"href":"https:\/\/www.colegionewman.org\/es_es\/wp-json\/wp\/v2\/categories?post=29064"},{"taxonomy":"post_tag","embeddable":true,"href":"https:\/\/www.colegionewman.org\/es_es\/wp-json\/wp\/v2\/tags?post=29064"}],"curies":[{"name":"wp","href":"https:\/\/api.w.org\/{rel}","templated":true}]}}