{"id":28953,"date":"2024-03-04T09:29:43","date_gmt":"2024-03-04T08:29:43","guid":{"rendered":"https:\/\/www.colegionewman.org\/?p=28953"},"modified":"2024-03-11T15:57:46","modified_gmt":"2024-03-11T14:57:46","slug":"sac-newman-2024","status":"publish","type":"post","link":"https:\/\/www.colegionewman.org\/es_es\/sac-newman-2024\/","title":{"rendered":"SAC Newman 2024: Semana de las Artes y las Ciencias"},"content":{"rendered":"\n<h2 class=\"wp-block-heading\">La semana grande de las artes y las ciencias est\u00e1 a punto de comenzar. Un a\u00f1o m\u00e1s, del 11 al 15 de marzo, vuelven las jornadas cargadas de actividades, conferencias y todo tipo de talleres para adentrarse en la esencia de la SAC.<\/h2>\n\n\n\n<hr class=\"wp-block-separator has-alpha-channel-opacity\"\/>\n\n\n\n<p>Durante cinco d\u00edas nuestros alumnos de secundaria y bachillerato<strong> <\/strong>van a participar de eventos organizados por los departamentos de Artes, Sociales, Ciencias y M\u00fasica. Son momentos en los que artes y ciencias se unen para dar lugar a la <strong>Semana de las Artes y las Ciencias<\/strong>, la SAC, destinadas a la comunidad educativa. <\/p>\n\n\n\n<p>Los alumnos llevan mucho tiempo preparando la SAC, meses de trabajo junto a sus profesores, que culminar\u00e1 del<strong> 11 al 15 de marzo<\/strong> a trav\u00e9s de un recorrido formativo y l\u00fadico.<\/p>\n\n\n\n<div style=\"height:7px\" aria-hidden=\"true\" class=\"wp-block-spacer\"><\/div>\n\n\n\n<figure class=\"wp-block-embed is-type-video is-provider-youtube wp-block-embed-youtube wp-embed-aspect-16-9 wp-has-aspect-ratio\"><div class=\"wp-block-embed__wrapper\">\n<div class='avia-iframe-wrap'><iframe loading=\"lazy\" title=\"De camino a la SAC Newman 2024 | Colegio Internacional J.H. Newman\" width=\"1500\" height=\"844\" src=\"https:\/\/www.youtube.com\/embed\/Uf6bbsiPiVs?feature=oembed\" frameborder=\"0\" allow=\"accelerometer; autoplay; clipboard-write; encrypted-media; gyroscope; picture-in-picture; web-share\" allowfullscreen><\/iframe><\/div>\n<\/div><\/figure>\n\n\n\n<p>Con motivo de la Semana de las Artes y las Ciencias se han programado una serie de <strong>actividades y conferencias<\/strong>:<\/p>\n\n\n\n<p>Los alumnos de ESO y Bachillerato de Ciencias podr\u00e1n disfrutar de una <strong>gymkana de antibi\u00f3ticos<\/strong>, batirse en duelo en el <strong>desaf\u00edo matem\u00e1tico<\/strong>, formar parte de un <strong>scape room<\/strong> instalado en el aula multimedia o participar de interesantes talleres y de la conferencia de un antiguo alumno Newman y ahora bi\u00f3logo, <strong>Javier Valero<\/strong>, sobre<strong> la din\u00e1mica cromos\u00f3mica: de la meiosis a la organizaci\u00f3n gen\u00f3mica<\/strong>.<\/p>\n\n\n\n<div style=\"height:0px\" aria-hidden=\"true\" class=\"wp-block-spacer\"><\/div>\n\n\n\n<p>Los alumnos de Arte realizar\u00e1n t\u00e9cnicas como la <strong>cianotipia<\/strong>, un procedimiento fotogr\u00e1fico monocromo, que consigue una copia negativa del original en un color azul, aprender\u00e1n las \u00faltimas tendencias gracias a la <strong>actividad de moda<\/strong> que han preparado los profesores y asistir\u00e1n, entre otros actos programados, a las conferencias de los artistas <strong>Gonzalo Ant\u00f3n<\/strong> sobre <strong>c\u00f3mo abrazar los fracasos<\/strong> y a la titulada <strong>&#8216;Paisaje de la Luz&#8217;<\/strong>, de <strong>Gloria Donato<\/strong>. Adem\u00e1s, el historiador de arte <strong>Miguel \u00c1ngel Cajigal Vera <\/strong>(El Barroquista), va a proponer una&nbsp;nueva manera de acercarnos a esta disciplina invitando a disfrutar del arte<strong> sin prejuicios y con total libertad<\/strong> a trav\u00e9s de la conferencia titulada <strong>&#8216;Otra historia del arte: no pasa nada si no te gustan las Meninas&#8217;<\/strong>, de la mano de este gran divulgador de arte en Espa\u00f1a.<\/p>\n\n\n\n<div style=\"height:4px\" aria-hidden=\"true\" class=\"wp-block-spacer\"><\/div>\n\n\n\n<div class=\"wp-block-columns is-layout-flex wp-container-core-columns-is-layout-9d6595d7 wp-block-columns-is-layout-flex\">\n<div class=\"wp-block-column is-layout-flow wp-block-column-is-layout-flow\">\n<figure class=\"wp-block-image size-full is-resized\"><img loading=\"lazy\" decoding=\"async\" width=\"708\" height=\"531\" src=\"https:\/\/www.colegionewman.org\/wp-content\/uploads\/2024\/02\/Marina-1-1030x773-2-edited.jpg\" alt=\"\" class=\"wp-image-28961\" style=\"width:340px;height:auto\" srcset=\"https:\/\/www.colegionewman.org\/wp-content\/uploads\/2024\/02\/Marina-1-1030x773-2-edited.jpg 708w, https:\/\/www.colegionewman.org\/wp-content\/uploads\/2024\/02\/Marina-1-1030x773-2-edited-300x225.jpg 300w, https:\/\/www.colegionewman.org\/wp-content\/uploads\/2024\/02\/Marina-1-1030x773-2-edited-705x529.jpg 705w\" sizes=\"auto, (max-width: 708px) 100vw, 708px\" \/><\/figure>\n<\/div>\n\n\n\n<div class=\"wp-block-column is-layout-flow wp-block-column-is-layout-flow\">\n<figure class=\"wp-block-image size-full is-resized\"><img loading=\"lazy\" decoding=\"async\" width=\"2048\" height=\"1365\" src=\"https:\/\/www.colegionewman.org\/wp-content\/uploads\/2024\/02\/IMG_0151.jpg\" alt=\"\" class=\"wp-image-29043\" style=\"width:378px;height:auto\" srcset=\"https:\/\/www.colegionewman.org\/wp-content\/uploads\/2024\/02\/IMG_0151.jpg 2048w, https:\/\/www.colegionewman.org\/wp-content\/uploads\/2024\/02\/IMG_0151-300x200.jpg 300w, https:\/\/www.colegionewman.org\/wp-content\/uploads\/2024\/02\/IMG_0151-1030x686.jpg 1030w, https:\/\/www.colegionewman.org\/wp-content\/uploads\/2024\/02\/IMG_0151-768x512.jpg 768w, https:\/\/www.colegionewman.org\/wp-content\/uploads\/2024\/02\/IMG_0151-1536x1024.jpg 1536w, https:\/\/www.colegionewman.org\/wp-content\/uploads\/2024\/02\/IMG_0151-1500x1000.jpg 1500w, https:\/\/www.colegionewman.org\/wp-content\/uploads\/2024\/02\/IMG_0151-705x470.jpg 705w\" sizes=\"auto, (max-width: 2048px) 100vw, 2048px\" \/><\/figure>\n<\/div>\n<\/div>\n\n\n\n<p>Los alumnos de Sociales realizar\u00e1n actividades de <strong>teatro y un taller de m\u00fasica<\/strong>. Adem\u00e1s participar\u00e1n en el <strong>Observatorio de la actualidad<\/strong>, que surgi\u00f3 en el colegio para dar respuesta a los desaf\u00edos de hoy. Y como culmen, recibir\u00e1n la visita del conocido periodista y locutor de radio de Cadena 100, <strong>Javi Nieves<\/strong>. Tambi\u00e9n, continuar\u00e1n desgranando los retos que propone la<strong> &#8216;Agenda 2030&#8217;<\/strong>, de la mano de <strong>Javier Gavilanes<\/strong>, padre del colegio y jefe de la Asistencia T\u00e9cnica Internacional del Programa ADELANTE (Comisi\u00f3n Europea).<\/p>\n\n\n\n<p>Puedes consultar todos los horarios y actividades.<\/p>\n\n\n\n<figure class=\"wp-block-image size-large\"><img loading=\"lazy\" decoding=\"async\" width=\"1030\" height=\"670\" src=\"https:\/\/www.colegionewman.org\/wp-content\/uploads\/2024\/03\/Programa_SAC_2024-2-1030x670.jpg\" alt=\"\" class=\"wp-image-29196\" srcset=\"https:\/\/www.colegionewman.org\/wp-content\/uploads\/2024\/03\/Programa_SAC_2024-2-1030x670.jpg 1030w, https:\/\/www.colegionewman.org\/wp-content\/uploads\/2024\/03\/Programa_SAC_2024-2-300x195.jpg 300w, https:\/\/www.colegionewman.org\/wp-content\/uploads\/2024\/03\/Programa_SAC_2024-2-768x499.jpg 768w, https:\/\/www.colegionewman.org\/wp-content\/uploads\/2024\/03\/Programa_SAC_2024-2-1536x998.jpg 1536w, https:\/\/www.colegionewman.org\/wp-content\/uploads\/2024\/03\/Programa_SAC_2024-2-1500x975.jpg 1500w, https:\/\/www.colegionewman.org\/wp-content\/uploads\/2024\/03\/Programa_SAC_2024-2-705x458.jpg 705w, https:\/\/www.colegionewman.org\/wp-content\/uploads\/2024\/03\/Programa_SAC_2024-2.jpg 2000w\" sizes=\"auto, (max-width: 1030px) 100vw, 1030px\" \/><\/figure>\n\n\n\n<p>Unas interesantes actividades a las que hay que a\u00f1adir la <strong>Feria de la Ciencia<\/strong>, donde los alumnos expondr\u00e1n sus proyectos, un <strong>concierto de m\u00fasica<\/strong> como colof\u00f3n en el que esperamos veros a todos a cargo de los Kellers; y la oportunidad de conocer nuestro proyecto educativo en la <strong>Jornada de Puertas Abiertas<\/strong> que tendr\u00e1 lugar el d\u00eda 16 de marzo a partir de las 10:00h. <\/p>\n\n\n\n<p>As\u00ed es la SAC y los alumnos est\u00e1n deseando participar. Les hemos preguntado qu\u00e9 significa para ellos vivir una SAC&#8230; Y esto es lo que nos han respondido.<\/p>\n\n\n\n<figure class=\"wp-block-embed is-type-video is-provider-youtube wp-block-embed-youtube wp-embed-aspect-16-9 wp-has-aspect-ratio\"><div class=\"wp-block-embed__wrapper\">\n<div class='avia-iframe-wrap'><iframe loading=\"lazy\" title=\"\u00bfQu\u00e9 esperan los alumnos de la SAC 2024? | Colegio Internacional J.H. Newman\" width=\"1500\" height=\"844\" src=\"https:\/\/www.youtube.com\/embed\/C1JwuR10tKI?feature=oembed\" frameborder=\"0\" allow=\"accelerometer; autoplay; clipboard-write; encrypted-media; gyroscope; picture-in-picture; web-share\" allowfullscreen><\/iframe><\/div>\n<\/div><\/figure>\n\n\n\n<div style=\"height:9px\" aria-hidden=\"true\" class=\"wp-block-spacer\"><\/div>\n\n\n\n<div style=\"height:6px\" aria-hidden=\"true\" class=\"wp-block-spacer\"><\/div>\n","protected":false},"excerpt":{"rendered":"<p>La semana grande de las artes y las ciencias est\u00e1 a punto de comenzar. Un a\u00f1o m\u00e1s, del 11 al 15 de marzo, vuelven las jornadas cargadas de actividades, conferencias y todo tipo de talleres para adentrarse en la esencia de la SAC. Durante cinco d\u00edas nuestros alumnos de secundaria y bachillerato van a participar [&hellip;]<\/p>\n","protected":false},"author":1,"featured_media":29060,"comment_status":"open","ping_status":"open","sticky":false,"template":"","format":"standard","meta":{"footnotes":""},"categories":[17,1412,72,47,1413,1],"tags":[97,354,721,26,188,1239,113,1414],"class_list":["post-28953","post","type-post","status-publish","format-standard","has-post-thumbnail","hentry","category-bachillerato","category-ciencias","category-colegio","category-eventos","category-sac","category-sin-categoria","tag-bachillerato","tag-ciencias","tag-colegio-internacional-jh-newman","tag-colegio-newman","tag-eso","tag-sac-newman","tag-secundaria","tag-semana-artes-y-ciencias"],"yoast_head":"<!-- This site is optimized with the Yoast SEO plugin v27.3 - https:\/\/yoast.com\/product\/yoast-seo-wordpress\/ -->\n<title>SAC Newman 2024: Semana de las Artes y las Ciencias<\/title>\n<meta name=\"description\" content=\"La semana de las artes 2024 presenta talleres, exposiciones y laboratorios creativos para todo el alumnado.\" \/>\n<meta name=\"robots\" content=\"index, follow, max-snippet:-1, max-image-preview:large, max-video-preview:-1\" \/>\n<link rel=\"canonical\" href=\"https:\/\/www.colegionewman.org\/es_es\/sac-newman-2024\/\" \/>\n<meta property=\"og:locale\" content=\"es_ES\" \/>\n<meta property=\"og:type\" content=\"article\" \/>\n<meta property=\"og:title\" content=\"SAC Newman 2024: Semana de las Artes y las Ciencias\" \/>\n<meta property=\"og:description\" content=\"La semana de las artes 2024 presenta talleres, exposiciones y laboratorios creativos para todo el alumnado.\" \/>\n<meta property=\"og:url\" content=\"https:\/\/www.colegionewman.org\/es_es\/sac-newman-2024\/\" \/>\n<meta property=\"og:site_name\" content=\"Colegio Internacional J.H. Newman\" \/>\n<meta property=\"article:published_time\" content=\"2024-03-04T08:29:43+00:00\" \/>\n<meta property=\"article:modified_time\" content=\"2024-03-11T14:57:46+00:00\" \/>\n<meta property=\"og:image\" content=\"https:\/\/www.colegionewman.org\/wp-content\/uploads\/2024\/03\/VEN-A-LA-SEMANA-DE-LAS-ARTES-Y-LAS-CIENCIAS-scaled.jpg\" \/>\n\t<meta property=\"og:image:width\" content=\"2560\" \/>\n\t<meta property=\"og:image:height\" content=\"1280\" \/>\n\t<meta property=\"og:image:type\" content=\"image\/jpeg\" \/>\n<meta name=\"author\" content=\"usuario01\" \/>\n<meta name=\"twitter:card\" content=\"summary_large_image\" \/>\n<meta name=\"twitter:label1\" content=\"Escrito por\" \/>\n\t<meta name=\"twitter:data1\" content=\"usuario01\" \/>\n\t<meta name=\"twitter:label2\" content=\"Tiempo de lectura\" \/>\n\t<meta name=\"twitter:data2\" content=\"4 minutos\" \/>\n<script type=\"application\/ld+json\" class=\"yoast-schema-graph\">{\"@context\":\"https:\\\/\\\/schema.org\",\"@graph\":[{\"@type\":\"Article\",\"@id\":\"https:\\\/\\\/www.colegionewman.org\\\/sac-newman-2024\\\/#article\",\"isPartOf\":{\"@id\":\"https:\\\/\\\/www.colegionewman.org\\\/sac-newman-2024\\\/\"},\"author\":{\"name\":\"usuario01\",\"@id\":\"https:\\\/\\\/www.colegionewman.org\\\/#\\\/schema\\\/person\\\/8106daec86dc9c621dee981574299879\"},\"headline\":\"SAC Newman 2024: Semana de las Artes y las Ciencias\",\"datePublished\":\"2024-03-04T08:29:43+00:00\",\"dateModified\":\"2024-03-11T14:57:46+00:00\",\"mainEntityOfPage\":{\"@id\":\"https:\\\/\\\/www.colegionewman.org\\\/sac-newman-2024\\\/\"},\"wordCount\":586,\"commentCount\":0,\"publisher\":{\"@id\":\"https:\\\/\\\/www.colegionewman.org\\\/#organization\"},\"image\":{\"@id\":\"https:\\\/\\\/www.colegionewman.org\\\/sac-newman-2024\\\/#primaryimage\"},\"thumbnailUrl\":\"https:\\\/\\\/www.colegionewman.org\\\/wp-content\\\/uploads\\\/2024\\\/03\\\/VEN-A-LA-SEMANA-DE-LAS-ARTES-Y-LAS-CIENCIAS-scaled.jpg\",\"keywords\":[\"Bachillerato\",\"Ciencias\",\"Colegio Internacional JH Newman\",\"Colegio Newman\",\"ESO\",\"SAC Newman\",\"Secundaria\",\"Semana Artes y Ciencias\"],\"articleSection\":[\"Bachillerato\",\"Ciencias\",\"Colegio\",\"Eventos\",\"SAC\"],\"inLanguage\":\"es\",\"potentialAction\":[{\"@type\":\"CommentAction\",\"name\":\"Comment\",\"target\":[\"https:\\\/\\\/www.colegionewman.org\\\/sac-newman-2024\\\/#respond\"]}]},{\"@type\":\"WebPage\",\"@id\":\"https:\\\/\\\/www.colegionewman.org\\\/sac-newman-2024\\\/\",\"url\":\"https:\\\/\\\/www.colegionewman.org\\\/sac-newman-2024\\\/\",\"name\":\"SAC Newman 2024: Semana de las Artes y las Ciencias\",\"isPartOf\":{\"@id\":\"https:\\\/\\\/www.colegionewman.org\\\/#website\"},\"primaryImageOfPage\":{\"@id\":\"https:\\\/\\\/www.colegionewman.org\\\/sac-newman-2024\\\/#primaryimage\"},\"image\":{\"@id\":\"https:\\\/\\\/www.colegionewman.org\\\/sac-newman-2024\\\/#primaryimage\"},\"thumbnailUrl\":\"https:\\\/\\\/www.colegionewman.org\\\/wp-content\\\/uploads\\\/2024\\\/03\\\/VEN-A-LA-SEMANA-DE-LAS-ARTES-Y-LAS-CIENCIAS-scaled.jpg\",\"datePublished\":\"2024-03-04T08:29:43+00:00\",\"dateModified\":\"2024-03-11T14:57:46+00:00\",\"description\":\"La semana de las artes 2024 presenta talleres, exposiciones y laboratorios creativos para todo el alumnado.\",\"breadcrumb\":{\"@id\":\"https:\\\/\\\/www.colegionewman.org\\\/sac-newman-2024\\\/#breadcrumb\"},\"inLanguage\":\"es\",\"potentialAction\":[{\"@type\":\"ReadAction\",\"target\":[\"https:\\\/\\\/www.colegionewman.org\\\/sac-newman-2024\\\/\"]}]},{\"@type\":\"ImageObject\",\"inLanguage\":\"es\",\"@id\":\"https:\\\/\\\/www.colegionewman.org\\\/sac-newman-2024\\\/#primaryimage\",\"url\":\"https:\\\/\\\/www.colegionewman.org\\\/wp-content\\\/uploads\\\/2024\\\/03\\\/VEN-A-LA-SEMANA-DE-LAS-ARTES-Y-LAS-CIENCIAS-scaled.jpg\",\"contentUrl\":\"https:\\\/\\\/www.colegionewman.org\\\/wp-content\\\/uploads\\\/2024\\\/03\\\/VEN-A-LA-SEMANA-DE-LAS-ARTES-Y-LAS-CIENCIAS-scaled.jpg\",\"width\":2560,\"height\":1280,\"caption\":\"Cartel informativo de la semana de las artes y las ciencias en el Colegio Newman\"},{\"@type\":\"BreadcrumbList\",\"@id\":\"https:\\\/\\\/www.colegionewman.org\\\/sac-newman-2024\\\/#breadcrumb\",\"itemListElement\":[{\"@type\":\"ListItem\",\"position\":1,\"name\":\"Portada\",\"item\":\"https:\\\/\\\/www.colegionewman.org\\\/\"},{\"@type\":\"ListItem\",\"position\":2,\"name\":\"SAC Newman 2024: Semana de las Artes y las Ciencias\"}]},{\"@type\":\"WebSite\",\"@id\":\"https:\\\/\\\/www.colegionewman.org\\\/#website\",\"url\":\"https:\\\/\\\/www.colegionewman.org\\\/\",\"name\":\"Colegio Internacional J.H. Newman\",\"description\":\"Un colegio que te abre al mundo\",\"publisher\":{\"@id\":\"https:\\\/\\\/www.colegionewman.org\\\/#organization\"},\"alternateName\":\"Colegio Newman\",\"potentialAction\":[{\"@type\":\"SearchAction\",\"target\":{\"@type\":\"EntryPoint\",\"urlTemplate\":\"https:\\\/\\\/www.colegionewman.org\\\/?s={search_term_string}\"},\"query-input\":{\"@type\":\"PropertyValueSpecification\",\"valueRequired\":true,\"valueName\":\"search_term_string\"}}],\"inLanguage\":\"es\"},{\"@type\":\"Organization\",\"@id\":\"https:\\\/\\\/www.colegionewman.org\\\/#organization\",\"name\":\"Colegio Internacional J.H. Newman\",\"alternateName\":\"Colegio Newman\",\"url\":\"https:\\\/\\\/www.colegionewman.org\\\/\",\"logo\":{\"@type\":\"ImageObject\",\"inLanguage\":\"es\",\"@id\":\"https:\\\/\\\/www.colegionewman.org\\\/#\\\/schema\\\/logo\\\/image\\\/\",\"url\":\"https:\\\/\\\/www.colegionewman.org\\\/wp-content\\\/uploads\\\/logo_mini_newman_Mesa-de-trabajo-1.png\",\"contentUrl\":\"https:\\\/\\\/www.colegionewman.org\\\/wp-content\\\/uploads\\\/logo_mini_newman_Mesa-de-trabajo-1.png\",\"width\":750,\"height\":750,\"caption\":\"Colegio Internacional J.H. Newman\"},\"image\":{\"@id\":\"https:\\\/\\\/www.colegionewman.org\\\/#\\\/schema\\\/logo\\\/image\\\/\"},\"sameAs\":[\"https:\\\/\\\/www.instagram.com\\\/colegiojhnewman\\\/\",\"https:\\\/\\\/www.youtube.com\\\/channel\\\/UCUEVCANGRsznbp-DRfSrexw\",\"https:\\\/\\\/www.linkedin.com\\\/company\\\/colegio-internacional-jh-newman\"]},{\"@type\":\"Person\",\"@id\":\"https:\\\/\\\/www.colegionewman.org\\\/#\\\/schema\\\/person\\\/8106daec86dc9c621dee981574299879\",\"name\":\"usuario01\",\"image\":{\"@type\":\"ImageObject\",\"inLanguage\":\"es\",\"@id\":\"https:\\\/\\\/secure.gravatar.com\\\/avatar\\\/2cefad0f4eecf4293f29f0087b54fe8c76e9fc1d6aed0ef8a8ecdd2e38e8cd47?s=96&d=mm&r=g\",\"url\":\"https:\\\/\\\/secure.gravatar.com\\\/avatar\\\/2cefad0f4eecf4293f29f0087b54fe8c76e9fc1d6aed0ef8a8ecdd2e38e8cd47?s=96&d=mm&r=g\",\"contentUrl\":\"https:\\\/\\\/secure.gravatar.com\\\/avatar\\\/2cefad0f4eecf4293f29f0087b54fe8c76e9fc1d6aed0ef8a8ecdd2e38e8cd47?s=96&d=mm&r=g\",\"caption\":\"usuario01\"},\"sameAs\":[\"https:\\\/\\\/www.colegionewman.org\"],\"url\":\"https:\\\/\\\/www.colegionewman.org\\\/es_es\\\/author\\\/usuario01\\\/\"}]}<\/script>\n<!-- \/ Yoast SEO plugin. -->","yoast_head_json":{"title":"SAC Newman 2024: Semana de las Artes y las Ciencias","description":"La semana de las artes 2024 presenta talleres, exposiciones y laboratorios creativos para todo el alumnado.","robots":{"index":"index","follow":"follow","max-snippet":"max-snippet:-1","max-image-preview":"max-image-preview:large","max-video-preview":"max-video-preview:-1"},"canonical":"https:\/\/www.colegionewman.org\/es_es\/sac-newman-2024\/","og_locale":"es_ES","og_type":"article","og_title":"SAC Newman 2024: Semana de las Artes y las Ciencias","og_description":"La semana de las artes 2024 presenta talleres, exposiciones y laboratorios creativos para todo el alumnado.","og_url":"https:\/\/www.colegionewman.org\/es_es\/sac-newman-2024\/","og_site_name":"Colegio Internacional J.H. Newman","article_published_time":"2024-03-04T08:29:43+00:00","article_modified_time":"2024-03-11T14:57:46+00:00","og_image":[{"width":2560,"height":1280,"url":"https:\/\/www.colegionewman.org\/wp-content\/uploads\/2024\/03\/VEN-A-LA-SEMANA-DE-LAS-ARTES-Y-LAS-CIENCIAS-scaled.jpg","type":"image\/jpeg"}],"author":"usuario01","twitter_card":"summary_large_image","twitter_misc":{"Escrito por":"usuario01","Tiempo de lectura":"4 minutos"},"schema":{"@context":"https:\/\/schema.org","@graph":[{"@type":"Article","@id":"https:\/\/www.colegionewman.org\/sac-newman-2024\/#article","isPartOf":{"@id":"https:\/\/www.colegionewman.org\/sac-newman-2024\/"},"author":{"name":"usuario01","@id":"https:\/\/www.colegionewman.org\/#\/schema\/person\/8106daec86dc9c621dee981574299879"},"headline":"SAC Newman 2024: Semana de las Artes y las Ciencias","datePublished":"2024-03-04T08:29:43+00:00","dateModified":"2024-03-11T14:57:46+00:00","mainEntityOfPage":{"@id":"https:\/\/www.colegionewman.org\/sac-newman-2024\/"},"wordCount":586,"commentCount":0,"publisher":{"@id":"https:\/\/www.colegionewman.org\/#organization"},"image":{"@id":"https:\/\/www.colegionewman.org\/sac-newman-2024\/#primaryimage"},"thumbnailUrl":"https:\/\/www.colegionewman.org\/wp-content\/uploads\/2024\/03\/VEN-A-LA-SEMANA-DE-LAS-ARTES-Y-LAS-CIENCIAS-scaled.jpg","keywords":["Bachillerato","Ciencias","Colegio Internacional JH Newman","Colegio Newman","ESO","SAC Newman","Secundaria","Semana Artes y Ciencias"],"articleSection":["Bachillerato","Ciencias","Colegio","Eventos","SAC"],"inLanguage":"es","potentialAction":[{"@type":"CommentAction","name":"Comment","target":["https:\/\/www.colegionewman.org\/sac-newman-2024\/#respond"]}]},{"@type":"WebPage","@id":"https:\/\/www.colegionewman.org\/sac-newman-2024\/","url":"https:\/\/www.colegionewman.org\/sac-newman-2024\/","name":"SAC Newman 2024: Semana de las Artes y las Ciencias","isPartOf":{"@id":"https:\/\/www.colegionewman.org\/#website"},"primaryImageOfPage":{"@id":"https:\/\/www.colegionewman.org\/sac-newman-2024\/#primaryimage"},"image":{"@id":"https:\/\/www.colegionewman.org\/sac-newman-2024\/#primaryimage"},"thumbnailUrl":"https:\/\/www.colegionewman.org\/wp-content\/uploads\/2024\/03\/VEN-A-LA-SEMANA-DE-LAS-ARTES-Y-LAS-CIENCIAS-scaled.jpg","datePublished":"2024-03-04T08:29:43+00:00","dateModified":"2024-03-11T14:57:46+00:00","description":"La semana de las artes 2024 presenta talleres, exposiciones y laboratorios creativos para todo el alumnado.","breadcrumb":{"@id":"https:\/\/www.colegionewman.org\/sac-newman-2024\/#breadcrumb"},"inLanguage":"es","potentialAction":[{"@type":"ReadAction","target":["https:\/\/www.colegionewman.org\/sac-newman-2024\/"]}]},{"@type":"ImageObject","inLanguage":"es","@id":"https:\/\/www.colegionewman.org\/sac-newman-2024\/#primaryimage","url":"https:\/\/www.colegionewman.org\/wp-content\/uploads\/2024\/03\/VEN-A-LA-SEMANA-DE-LAS-ARTES-Y-LAS-CIENCIAS-scaled.jpg","contentUrl":"https:\/\/www.colegionewman.org\/wp-content\/uploads\/2024\/03\/VEN-A-LA-SEMANA-DE-LAS-ARTES-Y-LAS-CIENCIAS-scaled.jpg","width":2560,"height":1280,"caption":"Cartel informativo de la semana de las artes y las ciencias en el Colegio Newman"},{"@type":"BreadcrumbList","@id":"https:\/\/www.colegionewman.org\/sac-newman-2024\/#breadcrumb","itemListElement":[{"@type":"ListItem","position":1,"name":"Portada","item":"https:\/\/www.colegionewman.org\/"},{"@type":"ListItem","position":2,"name":"SAC Newman 2024: Semana de las Artes y las Ciencias"}]},{"@type":"WebSite","@id":"https:\/\/www.colegionewman.org\/#website","url":"https:\/\/www.colegionewman.org\/","name":"Colegio Internacional J.H. Newman","description":"Un colegio que te abre al mundo","publisher":{"@id":"https:\/\/www.colegionewman.org\/#organization"},"alternateName":"Colegio Newman","potentialAction":[{"@type":"SearchAction","target":{"@type":"EntryPoint","urlTemplate":"https:\/\/www.colegionewman.org\/?s={search_term_string}"},"query-input":{"@type":"PropertyValueSpecification","valueRequired":true,"valueName":"search_term_string"}}],"inLanguage":"es"},{"@type":"Organization","@id":"https:\/\/www.colegionewman.org\/#organization","name":"Colegio Internacional J.H. Newman","alternateName":"Colegio Newman","url":"https:\/\/www.colegionewman.org\/","logo":{"@type":"ImageObject","inLanguage":"es","@id":"https:\/\/www.colegionewman.org\/#\/schema\/logo\/image\/","url":"https:\/\/www.colegionewman.org\/wp-content\/uploads\/logo_mini_newman_Mesa-de-trabajo-1.png","contentUrl":"https:\/\/www.colegionewman.org\/wp-content\/uploads\/logo_mini_newman_Mesa-de-trabajo-1.png","width":750,"height":750,"caption":"Colegio Internacional J.H. Newman"},"image":{"@id":"https:\/\/www.colegionewman.org\/#\/schema\/logo\/image\/"},"sameAs":["https:\/\/www.instagram.com\/colegiojhnewman\/","https:\/\/www.youtube.com\/channel\/UCUEVCANGRsznbp-DRfSrexw","https:\/\/www.linkedin.com\/company\/colegio-internacional-jh-newman"]},{"@type":"Person","@id":"https:\/\/www.colegionewman.org\/#\/schema\/person\/8106daec86dc9c621dee981574299879","name":"usuario01","image":{"@type":"ImageObject","inLanguage":"es","@id":"https:\/\/secure.gravatar.com\/avatar\/2cefad0f4eecf4293f29f0087b54fe8c76e9fc1d6aed0ef8a8ecdd2e38e8cd47?s=96&d=mm&r=g","url":"https:\/\/secure.gravatar.com\/avatar\/2cefad0f4eecf4293f29f0087b54fe8c76e9fc1d6aed0ef8a8ecdd2e38e8cd47?s=96&d=mm&r=g","contentUrl":"https:\/\/secure.gravatar.com\/avatar\/2cefad0f4eecf4293f29f0087b54fe8c76e9fc1d6aed0ef8a8ecdd2e38e8cd47?s=96&d=mm&r=g","caption":"usuario01"},"sameAs":["https:\/\/www.colegionewman.org"],"url":"https:\/\/www.colegionewman.org\/es_es\/author\/usuario01\/"}]}},"_links":{"self":[{"href":"https:\/\/www.colegionewman.org\/es_es\/wp-json\/wp\/v2\/posts\/28953","targetHints":{"allow":["GET"]}}],"collection":[{"href":"https:\/\/www.colegionewman.org\/es_es\/wp-json\/wp\/v2\/posts"}],"about":[{"href":"https:\/\/www.colegionewman.org\/es_es\/wp-json\/wp\/v2\/types\/post"}],"author":[{"embeddable":true,"href":"https:\/\/www.colegionewman.org\/es_es\/wp-json\/wp\/v2\/users\/1"}],"replies":[{"embeddable":true,"href":"https:\/\/www.colegionewman.org\/es_es\/wp-json\/wp\/v2\/comments?post=28953"}],"version-history":[{"count":31,"href":"https:\/\/www.colegionewman.org\/es_es\/wp-json\/wp\/v2\/posts\/28953\/revisions"}],"predecessor-version":[{"id":29197,"href":"https:\/\/www.colegionewman.org\/es_es\/wp-json\/wp\/v2\/posts\/28953\/revisions\/29197"}],"wp:featuredmedia":[{"embeddable":true,"href":"https:\/\/www.colegionewman.org\/es_es\/wp-json\/wp\/v2\/media\/29060"}],"wp:attachment":[{"href":"https:\/\/www.colegionewman.org\/es_es\/wp-json\/wp\/v2\/media?parent=28953"}],"wp:term":[{"taxonomy":"category","embeddable":true,"href":"https:\/\/www.colegionewman.org\/es_es\/wp-json\/wp\/v2\/categories?post=28953"},{"taxonomy":"post_tag","embeddable":true,"href":"https:\/\/www.colegionewman.org\/es_es\/wp-json\/wp\/v2\/tags?post=28953"}],"curies":[{"name":"wp","href":"https:\/\/api.w.org\/{rel}","templated":true}]}}