{"id":28583,"date":"2023-11-30T19:47:06","date_gmt":"2023-11-30T18:47:06","guid":{"rendered":"https:\/\/www.colegionewman.org\/?p=28583"},"modified":"2024-01-23T13:50:56","modified_gmt":"2024-01-23T12:50:56","slug":"comunicado-oficial-fie-cierre-centro-deportivo-newman","status":"publish","type":"post","link":"https:\/\/www.colegionewman.org\/es_es\/comunicado-oficial-fie-cierre-centro-deportivo-newman\/","title":{"rendered":"COMUNICADO OFICIAL FIE | CENTRO DEPORTIVO NEWMAN"},"content":{"rendered":"<p style=\"text-align: center;\"><b>COMUNICADO OFICIAL DE LA FUNDACI\u00d3N INTERNACIONAL DE EDUCACI\u00d3N ANTE LAS \u00daLTIMAS NOTICIAS DEL CENTRO DEPORTIVO NEWMAN<\/b><\/p>\n<p>Madrid, 12 de enero de 2024.-<\/p>\n<p><span style=\"font-weight: 400;\">Desde la Fundaci\u00f3n Internacional de Educaci\u00f3n, titular del Centro Deportivo Newman del Barrio de las Rosas y, tras la orden de cierre de sus instalaciones por parte del Ayuntamiento de Madrid, queremos aclarar las\u00a0 siguientes consideraciones:\u00a0<\/span><\/p>\n<ol>\n<li style=\"font-weight: 400;\" aria-level=\"1\"><span style=\"font-weight: 400;\">Que el Centro Deportivo Newman <\/span><b>ha cumplido en todo momento la normativa aplicable,<\/b><span style=\"font-weight: 400;\"> siguiendo los procedimientos establecidos y realizando las gestiones administrativas conforme a las indicaciones que nos han ido solicitando los \u00f3rganos y entidades competentes.<\/span><\/li>\n<li style=\"font-weight: 400;\" aria-level=\"1\"><span style=\"font-weight: 400;\">Que al inicio del proyecto <\/span><b>se nos solicit\u00f3 un tipo de licencia que obtuvimos exitosamente<\/b><span style=\"font-weight: 400;\"> y que, con posterioridad, se nos solicit\u00f3 otro tipo de licencia (LEPAR), que presentamos siguiendo los cauces adecuados y cumplimentando todos los requerimientos de la misma.\u00a0<\/span><\/li>\n<li style=\"font-weight: 400;\" aria-level=\"1\"><span style=\"font-weight: 400;\">Que al poco tiempo, esta licencia que nos hab\u00eda solicitado el propio Ayuntamiento, <\/span><b>la declararon \u201cineficaz\u201d<\/b><span style=\"font-weight: 400;\">, tras lo cual recurrimos v\u00eda contencioso-administrativa y el juzgado <\/span><b>acord\u00f3 conceder medidas cautelares<\/b> <b>urgentes<\/b><span style=\"font-weight: 400;\">, que suspend\u00edan la ejecuci\u00f3n de la orden de cierre y permit\u00edan continuar con los servicios del centro abierto al p\u00fablico.<\/span><\/li>\n<li style=\"font-weight: 400;\" aria-level=\"1\"><span style=\"font-weight: 400;\">Que <\/span><b>de una manera inusualmente celosa y acelerada, el Ayuntamiento recurri\u00f3 en apelaci\u00f3n al Tribunal Superior de Justicia<\/b><span style=\"font-weight: 400;\"> para revocar las medidas cautelares y llevar a cabo el cierre, sin esperar a la firmeza de la sentencia -que es recurrible-, con el consiguiente resultado de <\/span><b>1400 alumnos, familias del colegio y miembros del Club Deportivo Newman afectados, y m\u00e1s de 40 personas desempleadas.\u00a0\u00a0<\/b><\/li>\n<li style=\"font-weight: 400;\" aria-level=\"1\"><span style=\"font-weight: 400;\">Que el centro deportivo forma parte de las instalaciones del Colegio J.H. Newman y en \u00e9l <\/span><b>se desarrolla una actividad principal educativa,<\/b><span style=\"font-weight: 400;\"> en cuanto que centro docente concertado.<\/span><\/li>\n<li style=\"font-weight: 400;\" aria-level=\"1\"><span style=\"font-weight: 400;\">Que la parcela tiene una calificaci\u00f3n de uso dotacional, educativo b\u00e1sico, en la que <\/span><b>el uso asociado deportivo est\u00e1 permitido por la actual normativa urban\u00edstica.<\/b><span style=\"font-weight: 400;\"> Las instalaciones deportivas siempre tienen la consideraci\u00f3n de uso deportivo, aunque est\u00e9n abiertas al p\u00fablico. Y el uso asociado no se restringe exclusivamente a los usuarios de la actividad principal (alumnos del colegio y Club Deportivo Newman). Esa interpretaci\u00f3n vaciar\u00eda de contenido el concepto de uso asociado. Los alumnos del colegio pueden utilizar las instalaciones deportivas del centro sin necesidad de obtener licencia para el uso asociado deportivo, que sin embargo, en la medida que se abra a terceros usuarios, necesitar\u00e1 una licencia LEPAR (de Espect\u00e1culos abiertos al P\u00fablico y Actividades Recreativas). La normativa del Ayuntamiento, por tanto, permite el \u201cuso asociado\u201d precisamente con la finalidad de que los usuarios ajenos al colegio puedan usar las instalaciones del Centro Deportivo y que, sin embargo, posteriormente, el mismo Ayuntamiento afirma ante un Tribunal que \u201cuso asociado\u201d significa lo contrario (que s\u00f3lo puede ser usado por los alumnos del centro), lo que supone una contradicci\u00f3n<\/span><\/li>\n<li style=\"font-weight: 400;\" aria-level=\"1\"><span style=\"font-weight: 400;\">Que el suelo fue <\/span><b>cedido<\/b><span style=\"font-weight: 400;\"> por el Ayuntamiento por un plazo de 75 a\u00f1os y que, llegado ese d\u00eda, <\/span><b>revertir\u00e1 al Ayuntamiento la titularidad de todas las edificaciones, tanto del colegio como las recientemente edificadas, sin tener que sufragar coste alguno.<\/b><\/li>\n<li style=\"font-weight: 400;\" aria-level=\"1\"><span style=\"font-weight: 400;\">Que la Fundaci\u00f3n Internacional de Educaci\u00f3n en el inter\u00e9s del Colegio, de la Comunidad Educativa y de los potenciales usuarios de las instalaciones que son residentes del barrio, est\u00e1 implementando <\/span><b>todas las acciones legales que en Derecho puedan ser procedentes, <\/b><span style=\"font-weight: 400;\">en defensa de sus leg\u00edtimos intereses y de los miembros del Colegio Internacional J.H. Newman y del Club Deportivo Newman<\/span><b>.<\/b><\/li>\n<\/ol>\n<p><span style=\"font-weight: 400;\">Con el deseo de seguir educando y construyendo por el bien de todos y abiertos a colaborar con quien as\u00ed lo quiera, esperamos que no prevalezcan otras interpretaciones inadecuadas que puedan oscurecer esta gran tarea.<\/span><\/p>\n<p><b>Fundaci\u00f3n Internacional de Educaci\u00f3n y Colegio Internacional\u00a0 J. H. Newman<\/b><\/p>\n<div  class='avia-button-wrap av-m4v63r-40eb9a7df13c9277a436fed801604da2-wrap avia-button-left  avia-builder-el-0  avia-builder-el-no-sibling '><a href='https:\/\/www.colegionewman.org\/wp-content\/uploads\/2024\/01\/COMUNICADO-OFICIAL-FIE-CENTRO-DEPORTIVO-NEWMAN.pdf' class='avia-button av-m4v63r-40eb9a7df13c9277a436fed801604da2 avia-icon_select-no avia-size-large avia-position-left avia-color-theme-color' target=\"_blank\" rel=\"noopener noreferrer\"><span class='avia_iconbox_title' >DESCARGAR COMUNICADO<\/span><\/a><\/div>\n","protected":false},"excerpt":{"rendered":"<p>COMUNICADO OFICIAL DE LA FUNDACI\u00d3N INTERNACIONAL DE EDUCACI\u00d3N ANTE LAS \u00daLTIMAS NOTICIAS DEL CENTRO DEPORTIVO NEWMAN Madrid, 12 de enero de 2024.- Desde la Fundaci\u00f3n Internacional de Educaci\u00f3n, titular del Centro Deportivo Newman del Barrio de las Rosas y, tras la orden de cierre de sus instalaciones por parte del Ayuntamiento de Madrid, queremos aclarar [&hellip;]<\/p>\n","protected":false},"author":2,"featured_media":28637,"comment_status":"open","ping_status":"open","sticky":false,"template":"","format":"standard","meta":{"footnotes":""},"categories":[72,87,249],"tags":[1279,1395],"class_list":["post-28583","post","type-post","status-publish","format-standard","has-post-thumbnail","hentry","category-colegio","category-noticias","category-prensa","tag-centro-deportivo-newman","tag-comunicado-oficial"],"yoast_head":"<!-- This site is optimized with the Yoast SEO plugin v27.3 - https:\/\/yoast.com\/product\/yoast-seo-wordpress\/ -->\n<title>Comunicado oficial del Colegio Newman<\/title>\n<meta name=\"description\" content=\"La fundaci\u00f3n internacional de educaci\u00f3n comunica el cierre temporal del centro deportivo Newman.\" \/>\n<meta name=\"robots\" content=\"index, follow, max-snippet:-1, max-image-preview:large, max-video-preview:-1\" \/>\n<link rel=\"canonical\" href=\"https:\/\/www.colegionewman.org\/es_es\/comunicado-oficial-fie-cierre-centro-deportivo-newman\/\" \/>\n<meta property=\"og:locale\" content=\"es_ES\" \/>\n<meta property=\"og:type\" content=\"article\" \/>\n<meta property=\"og:title\" content=\"Comunicado oficial del Colegio Newman\" \/>\n<meta property=\"og:description\" content=\"La fundaci\u00f3n internacional de educaci\u00f3n comunica el cierre temporal del centro deportivo Newman.\" \/>\n<meta property=\"og:url\" content=\"https:\/\/www.colegionewman.org\/es_es\/comunicado-oficial-fie-cierre-centro-deportivo-newman\/\" \/>\n<meta property=\"og:site_name\" content=\"Colegio Internacional J.H. Newman\" \/>\n<meta property=\"article:published_time\" content=\"2023-11-30T18:47:06+00:00\" \/>\n<meta property=\"article:modified_time\" content=\"2024-01-23T12:50:56+00:00\" \/>\n<meta property=\"og:image\" content=\"https:\/\/www.colegionewman.org\/wp-content\/uploads\/2023\/11\/comunicado-oficial-fie-centro-deportivo.jpeg\" \/>\n\t<meta property=\"og:image:width\" content=\"700\" \/>\n\t<meta property=\"og:image:height\" content=\"321\" \/>\n\t<meta property=\"og:image:type\" content=\"image\/jpeg\" \/>\n<meta name=\"author\" content=\"comunicacionnewman\" \/>\n<meta name=\"twitter:card\" content=\"summary_large_image\" \/>\n<meta name=\"twitter:label1\" content=\"Escrito por\" \/>\n\t<meta name=\"twitter:data1\" content=\"comunicacionnewman\" \/>\n\t<meta name=\"twitter:label2\" content=\"Tiempo de lectura\" \/>\n\t<meta name=\"twitter:data2\" content=\"3 minutos\" \/>\n<script type=\"application\/ld+json\" class=\"yoast-schema-graph\">{\"@context\":\"https:\\\/\\\/schema.org\",\"@graph\":[{\"@type\":\"Article\",\"@id\":\"https:\\\/\\\/www.colegionewman.org\\\/comunicado-oficial-fie-cierre-centro-deportivo-newman\\\/#article\",\"isPartOf\":{\"@id\":\"https:\\\/\\\/www.colegionewman.org\\\/comunicado-oficial-fie-cierre-centro-deportivo-newman\\\/\"},\"author\":{\"name\":\"comunicacionnewman\",\"@id\":\"https:\\\/\\\/www.colegionewman.org\\\/#\\\/schema\\\/person\\\/2799c0d82b571b9f7abb79410090fab8\"},\"headline\":\"COMUNICADO OFICIAL FIE | CENTRO DEPORTIVO NEWMAN\",\"datePublished\":\"2023-11-30T18:47:06+00:00\",\"dateModified\":\"2024-01-23T12:50:56+00:00\",\"mainEntityOfPage\":{\"@id\":\"https:\\\/\\\/www.colegionewman.org\\\/comunicado-oficial-fie-cierre-centro-deportivo-newman\\\/\"},\"wordCount\":891,\"commentCount\":0,\"publisher\":{\"@id\":\"https:\\\/\\\/www.colegionewman.org\\\/#organization\"},\"image\":{\"@id\":\"https:\\\/\\\/www.colegionewman.org\\\/comunicado-oficial-fie-cierre-centro-deportivo-newman\\\/#primaryimage\"},\"thumbnailUrl\":\"https:\\\/\\\/www.colegionewman.org\\\/wp-content\\\/uploads\\\/2023\\\/11\\\/comunicado-oficial-fie-centro-deportivo.jpeg\",\"keywords\":[\"Centro deportivo newman\",\"comunicado oficial\"],\"articleSection\":[\"Colegio\",\"Noticias\",\"Prensa\"],\"inLanguage\":\"es\",\"potentialAction\":[{\"@type\":\"CommentAction\",\"name\":\"Comment\",\"target\":[\"https:\\\/\\\/www.colegionewman.org\\\/comunicado-oficial-fie-cierre-centro-deportivo-newman\\\/#respond\"]}]},{\"@type\":\"WebPage\",\"@id\":\"https:\\\/\\\/www.colegionewman.org\\\/comunicado-oficial-fie-cierre-centro-deportivo-newman\\\/\",\"url\":\"https:\\\/\\\/www.colegionewman.org\\\/comunicado-oficial-fie-cierre-centro-deportivo-newman\\\/\",\"name\":\"Comunicado oficial del Colegio Newman\",\"isPartOf\":{\"@id\":\"https:\\\/\\\/www.colegionewman.org\\\/#website\"},\"primaryImageOfPage\":{\"@id\":\"https:\\\/\\\/www.colegionewman.org\\\/comunicado-oficial-fie-cierre-centro-deportivo-newman\\\/#primaryimage\"},\"image\":{\"@id\":\"https:\\\/\\\/www.colegionewman.org\\\/comunicado-oficial-fie-cierre-centro-deportivo-newman\\\/#primaryimage\"},\"thumbnailUrl\":\"https:\\\/\\\/www.colegionewman.org\\\/wp-content\\\/uploads\\\/2023\\\/11\\\/comunicado-oficial-fie-centro-deportivo.jpeg\",\"datePublished\":\"2023-11-30T18:47:06+00:00\",\"dateModified\":\"2024-01-23T12:50:56+00:00\",\"description\":\"La fundaci\u00f3n internacional de educaci\u00f3n comunica el cierre temporal del centro deportivo Newman.\",\"breadcrumb\":{\"@id\":\"https:\\\/\\\/www.colegionewman.org\\\/comunicado-oficial-fie-cierre-centro-deportivo-newman\\\/#breadcrumb\"},\"inLanguage\":\"es\",\"potentialAction\":[{\"@type\":\"ReadAction\",\"target\":[\"https:\\\/\\\/www.colegionewman.org\\\/comunicado-oficial-fie-cierre-centro-deportivo-newman\\\/\"]}]},{\"@type\":\"ImageObject\",\"inLanguage\":\"es\",\"@id\":\"https:\\\/\\\/www.colegionewman.org\\\/comunicado-oficial-fie-cierre-centro-deportivo-newman\\\/#primaryimage\",\"url\":\"https:\\\/\\\/www.colegionewman.org\\\/wp-content\\\/uploads\\\/2023\\\/11\\\/comunicado-oficial-fie-centro-deportivo.jpeg\",\"contentUrl\":\"https:\\\/\\\/www.colegionewman.org\\\/wp-content\\\/uploads\\\/2023\\\/11\\\/comunicado-oficial-fie-centro-deportivo.jpeg\",\"width\":700,\"height\":321,\"caption\":\"Aviso oficial del Centro Deportivo Newman dirigido a las familias del Colegio Newman.\"},{\"@type\":\"BreadcrumbList\",\"@id\":\"https:\\\/\\\/www.colegionewman.org\\\/comunicado-oficial-fie-cierre-centro-deportivo-newman\\\/#breadcrumb\",\"itemListElement\":[{\"@type\":\"ListItem\",\"position\":1,\"name\":\"Portada\",\"item\":\"https:\\\/\\\/www.colegionewman.org\\\/\"},{\"@type\":\"ListItem\",\"position\":2,\"name\":\"COMUNICADO OFICIAL FIE | CENTRO DEPORTIVO NEWMAN\"}]},{\"@type\":\"WebSite\",\"@id\":\"https:\\\/\\\/www.colegionewman.org\\\/#website\",\"url\":\"https:\\\/\\\/www.colegionewman.org\\\/\",\"name\":\"Colegio Internacional J.H. Newman\",\"description\":\"Un colegio que te abre al mundo\",\"publisher\":{\"@id\":\"https:\\\/\\\/www.colegionewman.org\\\/#organization\"},\"alternateName\":\"Colegio Newman\",\"potentialAction\":[{\"@type\":\"SearchAction\",\"target\":{\"@type\":\"EntryPoint\",\"urlTemplate\":\"https:\\\/\\\/www.colegionewman.org\\\/?s={search_term_string}\"},\"query-input\":{\"@type\":\"PropertyValueSpecification\",\"valueRequired\":true,\"valueName\":\"search_term_string\"}}],\"inLanguage\":\"es\"},{\"@type\":\"Organization\",\"@id\":\"https:\\\/\\\/www.colegionewman.org\\\/#organization\",\"name\":\"Colegio Internacional J.H. Newman\",\"alternateName\":\"Colegio Newman\",\"url\":\"https:\\\/\\\/www.colegionewman.org\\\/\",\"logo\":{\"@type\":\"ImageObject\",\"inLanguage\":\"es\",\"@id\":\"https:\\\/\\\/www.colegionewman.org\\\/#\\\/schema\\\/logo\\\/image\\\/\",\"url\":\"https:\\\/\\\/www.colegionewman.org\\\/wp-content\\\/uploads\\\/logo_mini_newman_Mesa-de-trabajo-1.png\",\"contentUrl\":\"https:\\\/\\\/www.colegionewman.org\\\/wp-content\\\/uploads\\\/logo_mini_newman_Mesa-de-trabajo-1.png\",\"width\":750,\"height\":750,\"caption\":\"Colegio Internacional J.H. Newman\"},\"image\":{\"@id\":\"https:\\\/\\\/www.colegionewman.org\\\/#\\\/schema\\\/logo\\\/image\\\/\"},\"sameAs\":[\"https:\\\/\\\/www.instagram.com\\\/colegiojhnewman\\\/\",\"https:\\\/\\\/www.youtube.com\\\/channel\\\/UCUEVCANGRsznbp-DRfSrexw\",\"https:\\\/\\\/www.linkedin.com\\\/company\\\/colegio-internacional-jh-newman\"]},{\"@type\":\"Person\",\"@id\":\"https:\\\/\\\/www.colegionewman.org\\\/#\\\/schema\\\/person\\\/2799c0d82b571b9f7abb79410090fab8\",\"name\":\"comunicacionnewman\",\"image\":{\"@type\":\"ImageObject\",\"inLanguage\":\"es\",\"@id\":\"https:\\\/\\\/secure.gravatar.com\\\/avatar\\\/d27069ebe1333a06be57ea6fc363509158ffbff50e35630dc631005391d81c95?s=96&d=mm&r=g\",\"url\":\"https:\\\/\\\/secure.gravatar.com\\\/avatar\\\/d27069ebe1333a06be57ea6fc363509158ffbff50e35630dc631005391d81c95?s=96&d=mm&r=g\",\"contentUrl\":\"https:\\\/\\\/secure.gravatar.com\\\/avatar\\\/d27069ebe1333a06be57ea6fc363509158ffbff50e35630dc631005391d81c95?s=96&d=mm&r=g\",\"caption\":\"comunicacionnewman\"},\"url\":\"https:\\\/\\\/www.colegionewman.org\\\/es_es\\\/author\\\/comunicacionnewman\\\/\"}]}<\/script>\n<!-- \/ Yoast SEO plugin. -->","yoast_head_json":{"title":"Comunicado oficial del Colegio Newman","description":"La fundaci\u00f3n internacional de educaci\u00f3n comunica el cierre temporal del centro deportivo Newman.","robots":{"index":"index","follow":"follow","max-snippet":"max-snippet:-1","max-image-preview":"max-image-preview:large","max-video-preview":"max-video-preview:-1"},"canonical":"https:\/\/www.colegionewman.org\/es_es\/comunicado-oficial-fie-cierre-centro-deportivo-newman\/","og_locale":"es_ES","og_type":"article","og_title":"Comunicado oficial del Colegio Newman","og_description":"La fundaci\u00f3n internacional de educaci\u00f3n comunica el cierre temporal del centro deportivo Newman.","og_url":"https:\/\/www.colegionewman.org\/es_es\/comunicado-oficial-fie-cierre-centro-deportivo-newman\/","og_site_name":"Colegio Internacional J.H. Newman","article_published_time":"2023-11-30T18:47:06+00:00","article_modified_time":"2024-01-23T12:50:56+00:00","og_image":[{"width":700,"height":321,"url":"https:\/\/www.colegionewman.org\/wp-content\/uploads\/2023\/11\/comunicado-oficial-fie-centro-deportivo.jpeg","type":"image\/jpeg"}],"author":"comunicacionnewman","twitter_card":"summary_large_image","twitter_misc":{"Escrito por":"comunicacionnewman","Tiempo de lectura":"3 minutos"},"schema":{"@context":"https:\/\/schema.org","@graph":[{"@type":"Article","@id":"https:\/\/www.colegionewman.org\/comunicado-oficial-fie-cierre-centro-deportivo-newman\/#article","isPartOf":{"@id":"https:\/\/www.colegionewman.org\/comunicado-oficial-fie-cierre-centro-deportivo-newman\/"},"author":{"name":"comunicacionnewman","@id":"https:\/\/www.colegionewman.org\/#\/schema\/person\/2799c0d82b571b9f7abb79410090fab8"},"headline":"COMUNICADO OFICIAL FIE | CENTRO DEPORTIVO NEWMAN","datePublished":"2023-11-30T18:47:06+00:00","dateModified":"2024-01-23T12:50:56+00:00","mainEntityOfPage":{"@id":"https:\/\/www.colegionewman.org\/comunicado-oficial-fie-cierre-centro-deportivo-newman\/"},"wordCount":891,"commentCount":0,"publisher":{"@id":"https:\/\/www.colegionewman.org\/#organization"},"image":{"@id":"https:\/\/www.colegionewman.org\/comunicado-oficial-fie-cierre-centro-deportivo-newman\/#primaryimage"},"thumbnailUrl":"https:\/\/www.colegionewman.org\/wp-content\/uploads\/2023\/11\/comunicado-oficial-fie-centro-deportivo.jpeg","keywords":["Centro deportivo newman","comunicado oficial"],"articleSection":["Colegio","Noticias","Prensa"],"inLanguage":"es","potentialAction":[{"@type":"CommentAction","name":"Comment","target":["https:\/\/www.colegionewman.org\/comunicado-oficial-fie-cierre-centro-deportivo-newman\/#respond"]}]},{"@type":"WebPage","@id":"https:\/\/www.colegionewman.org\/comunicado-oficial-fie-cierre-centro-deportivo-newman\/","url":"https:\/\/www.colegionewman.org\/comunicado-oficial-fie-cierre-centro-deportivo-newman\/","name":"Comunicado oficial del Colegio Newman","isPartOf":{"@id":"https:\/\/www.colegionewman.org\/#website"},"primaryImageOfPage":{"@id":"https:\/\/www.colegionewman.org\/comunicado-oficial-fie-cierre-centro-deportivo-newman\/#primaryimage"},"image":{"@id":"https:\/\/www.colegionewman.org\/comunicado-oficial-fie-cierre-centro-deportivo-newman\/#primaryimage"},"thumbnailUrl":"https:\/\/www.colegionewman.org\/wp-content\/uploads\/2023\/11\/comunicado-oficial-fie-centro-deportivo.jpeg","datePublished":"2023-11-30T18:47:06+00:00","dateModified":"2024-01-23T12:50:56+00:00","description":"La fundaci\u00f3n internacional de educaci\u00f3n comunica el cierre temporal del centro deportivo Newman.","breadcrumb":{"@id":"https:\/\/www.colegionewman.org\/comunicado-oficial-fie-cierre-centro-deportivo-newman\/#breadcrumb"},"inLanguage":"es","potentialAction":[{"@type":"ReadAction","target":["https:\/\/www.colegionewman.org\/comunicado-oficial-fie-cierre-centro-deportivo-newman\/"]}]},{"@type":"ImageObject","inLanguage":"es","@id":"https:\/\/www.colegionewman.org\/comunicado-oficial-fie-cierre-centro-deportivo-newman\/#primaryimage","url":"https:\/\/www.colegionewman.org\/wp-content\/uploads\/2023\/11\/comunicado-oficial-fie-centro-deportivo.jpeg","contentUrl":"https:\/\/www.colegionewman.org\/wp-content\/uploads\/2023\/11\/comunicado-oficial-fie-centro-deportivo.jpeg","width":700,"height":321,"caption":"Aviso oficial del Centro Deportivo Newman dirigido a las familias del Colegio Newman."},{"@type":"BreadcrumbList","@id":"https:\/\/www.colegionewman.org\/comunicado-oficial-fie-cierre-centro-deportivo-newman\/#breadcrumb","itemListElement":[{"@type":"ListItem","position":1,"name":"Portada","item":"https:\/\/www.colegionewman.org\/"},{"@type":"ListItem","position":2,"name":"COMUNICADO OFICIAL FIE | CENTRO DEPORTIVO NEWMAN"}]},{"@type":"WebSite","@id":"https:\/\/www.colegionewman.org\/#website","url":"https:\/\/www.colegionewman.org\/","name":"Colegio Internacional J.H. Newman","description":"Un colegio que te abre al mundo","publisher":{"@id":"https:\/\/www.colegionewman.org\/#organization"},"alternateName":"Colegio Newman","potentialAction":[{"@type":"SearchAction","target":{"@type":"EntryPoint","urlTemplate":"https:\/\/www.colegionewman.org\/?s={search_term_string}"},"query-input":{"@type":"PropertyValueSpecification","valueRequired":true,"valueName":"search_term_string"}}],"inLanguage":"es"},{"@type":"Organization","@id":"https:\/\/www.colegionewman.org\/#organization","name":"Colegio Internacional J.H. Newman","alternateName":"Colegio Newman","url":"https:\/\/www.colegionewman.org\/","logo":{"@type":"ImageObject","inLanguage":"es","@id":"https:\/\/www.colegionewman.org\/#\/schema\/logo\/image\/","url":"https:\/\/www.colegionewman.org\/wp-content\/uploads\/logo_mini_newman_Mesa-de-trabajo-1.png","contentUrl":"https:\/\/www.colegionewman.org\/wp-content\/uploads\/logo_mini_newman_Mesa-de-trabajo-1.png","width":750,"height":750,"caption":"Colegio Internacional J.H. Newman"},"image":{"@id":"https:\/\/www.colegionewman.org\/#\/schema\/logo\/image\/"},"sameAs":["https:\/\/www.instagram.com\/colegiojhnewman\/","https:\/\/www.youtube.com\/channel\/UCUEVCANGRsznbp-DRfSrexw","https:\/\/www.linkedin.com\/company\/colegio-internacional-jh-newman"]},{"@type":"Person","@id":"https:\/\/www.colegionewman.org\/#\/schema\/person\/2799c0d82b571b9f7abb79410090fab8","name":"comunicacionnewman","image":{"@type":"ImageObject","inLanguage":"es","@id":"https:\/\/secure.gravatar.com\/avatar\/d27069ebe1333a06be57ea6fc363509158ffbff50e35630dc631005391d81c95?s=96&d=mm&r=g","url":"https:\/\/secure.gravatar.com\/avatar\/d27069ebe1333a06be57ea6fc363509158ffbff50e35630dc631005391d81c95?s=96&d=mm&r=g","contentUrl":"https:\/\/secure.gravatar.com\/avatar\/d27069ebe1333a06be57ea6fc363509158ffbff50e35630dc631005391d81c95?s=96&d=mm&r=g","caption":"comunicacionnewman"},"url":"https:\/\/www.colegionewman.org\/es_es\/author\/comunicacionnewman\/"}]}},"_links":{"self":[{"href":"https:\/\/www.colegionewman.org\/es_es\/wp-json\/wp\/v2\/posts\/28583","targetHints":{"allow":["GET"]}}],"collection":[{"href":"https:\/\/www.colegionewman.org\/es_es\/wp-json\/wp\/v2\/posts"}],"about":[{"href":"https:\/\/www.colegionewman.org\/es_es\/wp-json\/wp\/v2\/types\/post"}],"author":[{"embeddable":true,"href":"https:\/\/www.colegionewman.org\/es_es\/wp-json\/wp\/v2\/users\/2"}],"replies":[{"embeddable":true,"href":"https:\/\/www.colegionewman.org\/es_es\/wp-json\/wp\/v2\/comments?post=28583"}],"version-history":[{"count":3,"href":"https:\/\/www.colegionewman.org\/es_es\/wp-json\/wp\/v2\/posts\/28583\/revisions"}],"predecessor-version":[{"id":28775,"href":"https:\/\/www.colegionewman.org\/es_es\/wp-json\/wp\/v2\/posts\/28583\/revisions\/28775"}],"wp:featuredmedia":[{"embeddable":true,"href":"https:\/\/www.colegionewman.org\/es_es\/wp-json\/wp\/v2\/media\/28637"}],"wp:attachment":[{"href":"https:\/\/www.colegionewman.org\/es_es\/wp-json\/wp\/v2\/media?parent=28583"}],"wp:term":[{"taxonomy":"category","embeddable":true,"href":"https:\/\/www.colegionewman.org\/es_es\/wp-json\/wp\/v2\/categories?post=28583"},{"taxonomy":"post_tag","embeddable":true,"href":"https:\/\/www.colegionewman.org\/es_es\/wp-json\/wp\/v2\/tags?post=28583"}],"curies":[{"name":"wp","href":"https:\/\/api.w.org\/{rel}","templated":true}]}}