{"id":28527,"date":"2023-11-24T05:09:26","date_gmt":"2023-11-24T04:09:26","guid":{"rendered":"https:\/\/www.colegionewman.org\/?p=28527"},"modified":"2024-01-23T10:18:34","modified_gmt":"2024-01-23T09:18:34","slug":"celebrando-accion-de-gracias-en-primaria","status":"publish","type":"post","link":"https:\/\/www.colegionewman.org\/es_es\/celebrando-accion-de-gracias-en-primaria\/","title":{"rendered":"Celebrando \u00abAcci\u00f3n de Gracias\u00bb en Primaria"},"content":{"rendered":"<div dir=\"auto\">Hoy es Thanksgiving y en el colegio estamos celebrando el d\u00eda desde la asignatura de ingl\u00e9s.<\/div>\n<div dir=\"auto\">En cuarto de primaria hemos hablado de esta celebraci\u00f3n y realizado una tarjeta para agradecer que estamos juntos.<\/div>\n<div dir=\"auto\">En quinto hemos hablado de la historia de esta tradici\u00f3n y hecho una manualidad para dejar mensajes de agradecimiento a nuestros compa\u00f1eros.<\/div>\n<div dir=\"auto\">Por \u00faltimo en sexto, algunos alumnos han le\u00eddo mensajes especiales que han escrito sobre sus compa\u00f1eros y sobre ellos mismos.<\/div>\n<div dir=\"auto\">\u00a1Es incre\u00edble poder celebrar la vida juntos y en el colegio!<\/div>\n<div dir=\"auto\"><img loading=\"lazy\" decoding=\"async\" class=\"alignnone size-full wp-image-28529\" src=\"https:\/\/www.colegionewman.org\/wp-content\/uploads\/2023\/11\/COLEGIO-NEWMAN-THANKSGIVING-2.jpg\" alt=\"\" width=\"2000\" height=\"800\" \/> <img loading=\"lazy\" decoding=\"async\" class=\"alignnone size-full wp-image-28530\" src=\"https:\/\/www.colegionewman.org\/wp-content\/uploads\/2023\/11\/COLEGIO-NEWMAN-THANKSGIVING-3.jpg\" alt=\"\" width=\"2000\" height=\"800\" \/><\/div>\n","protected":false},"excerpt":{"rendered":"<p>Hoy es Thanksgiving y en el colegio estamos celebrando el d\u00eda desde la asignatura de ingl\u00e9s. En cuarto de primaria hemos hablado de esta celebraci\u00f3n y realizado una tarjeta para agradecer que estamos juntos. En quinto hemos hablado de la historia de esta tradici\u00f3n y hecho una manualidad para dejar mensajes de agradecimiento a nuestros [&hellip;]<\/p>\n","protected":false},"author":2,"featured_media":28643,"comment_status":"open","ping_status":"open","sticky":false,"template":"","format":"standard","meta":{"footnotes":""},"categories":[72,47,87,249,15],"tags":[1393,26,33],"class_list":["post-28527","post","type-post","status-publish","format-standard","has-post-thumbnail","hentry","category-colegio","category-eventos","category-noticias","category-prensa","category-primaria","tag-accion-de-gracias","tag-colegio-newman","tag-primaria"],"yoast_head":"<!-- This site is optimized with the Yoast SEO plugin v27.3 - https:\/\/yoast.com\/product\/yoast-seo-wordpress\/ -->\n<title>Acci\u00f3n de Gracias en Primaria del Colegio Newman<\/title>\n<meta name=\"description\" content=\"El colegio Madrid primaria celebra Acci\u00f3n de Gracias con actividades culturales y educativas.\" \/>\n<meta name=\"robots\" content=\"index, follow, max-snippet:-1, max-image-preview:large, max-video-preview:-1\" \/>\n<link rel=\"canonical\" href=\"https:\/\/www.colegionewman.org\/es_es\/celebrando-accion-de-gracias-en-primaria\/\" \/>\n<meta property=\"og:locale\" content=\"es_ES\" \/>\n<meta property=\"og:type\" content=\"article\" \/>\n<meta property=\"og:title\" content=\"Acci\u00f3n de Gracias en Primaria del Colegio Newman\" \/>\n<meta property=\"og:description\" content=\"El colegio Madrid primaria celebra Acci\u00f3n de Gracias con actividades culturales y educativas.\" \/>\n<meta property=\"og:url\" content=\"https:\/\/www.colegionewman.org\/es_es\/celebrando-accion-de-gracias-en-primaria\/\" \/>\n<meta property=\"og:site_name\" content=\"Colegio Internacional J.H. Newman\" \/>\n<meta property=\"article:published_time\" content=\"2023-11-24T04:09:26+00:00\" \/>\n<meta property=\"article:modified_time\" content=\"2024-01-23T09:18:34+00:00\" \/>\n<meta property=\"og:image\" content=\"https:\/\/www.colegionewman.org\/wp-content\/uploads\/2023\/11\/COLEGIO-NEWMAN-THANKSGIVING-1-1200x480-1.jpeg\" \/>\n\t<meta property=\"og:image:width\" content=\"1200\" \/>\n\t<meta property=\"og:image:height\" content=\"480\" \/>\n\t<meta property=\"og:image:type\" content=\"image\/jpeg\" \/>\n<meta name=\"author\" content=\"comunicacionnewman\" \/>\n<meta name=\"twitter:card\" content=\"summary_large_image\" \/>\n<meta name=\"twitter:label1\" content=\"Escrito por\" \/>\n\t<meta name=\"twitter:data1\" content=\"comunicacionnewman\" \/>\n\t<meta name=\"twitter:label2\" content=\"Tiempo de lectura\" \/>\n\t<meta name=\"twitter:data2\" content=\"1 minuto\" \/>\n<script type=\"application\/ld+json\" class=\"yoast-schema-graph\">{\"@context\":\"https:\\\/\\\/schema.org\",\"@graph\":[{\"@type\":\"Article\",\"@id\":\"https:\\\/\\\/www.colegionewman.org\\\/celebrando-accion-de-gracias-en-primaria\\\/#article\",\"isPartOf\":{\"@id\":\"https:\\\/\\\/www.colegionewman.org\\\/celebrando-accion-de-gracias-en-primaria\\\/\"},\"author\":{\"name\":\"comunicacionnewman\",\"@id\":\"https:\\\/\\\/www.colegionewman.org\\\/#\\\/schema\\\/person\\\/2799c0d82b571b9f7abb79410090fab8\"},\"headline\":\"Celebrando \u00abAcci\u00f3n de Gracias\u00bb en Primaria\",\"datePublished\":\"2023-11-24T04:09:26+00:00\",\"dateModified\":\"2024-01-23T09:18:34+00:00\",\"mainEntityOfPage\":{\"@id\":\"https:\\\/\\\/www.colegionewman.org\\\/celebrando-accion-de-gracias-en-primaria\\\/\"},\"wordCount\":102,\"commentCount\":0,\"publisher\":{\"@id\":\"https:\\\/\\\/www.colegionewman.org\\\/#organization\"},\"image\":{\"@id\":\"https:\\\/\\\/www.colegionewman.org\\\/celebrando-accion-de-gracias-en-primaria\\\/#primaryimage\"},\"thumbnailUrl\":\"https:\\\/\\\/www.colegionewman.org\\\/wp-content\\\/uploads\\\/2023\\\/11\\\/COLEGIO-NEWMAN-THANKSGIVING-1-1200x480-1.jpeg\",\"keywords\":[\"accion de gracias\",\"Colegio Newman\",\"Primaria\"],\"articleSection\":[\"Colegio\",\"Eventos\",\"Noticias\",\"Prensa\",\"Primaria\"],\"inLanguage\":\"es\",\"potentialAction\":[{\"@type\":\"CommentAction\",\"name\":\"Comment\",\"target\":[\"https:\\\/\\\/www.colegionewman.org\\\/celebrando-accion-de-gracias-en-primaria\\\/#respond\"]}]},{\"@type\":\"WebPage\",\"@id\":\"https:\\\/\\\/www.colegionewman.org\\\/celebrando-accion-de-gracias-en-primaria\\\/\",\"url\":\"https:\\\/\\\/www.colegionewman.org\\\/celebrando-accion-de-gracias-en-primaria\\\/\",\"name\":\"Acci\u00f3n de Gracias en Primaria del Colegio Newman\",\"isPartOf\":{\"@id\":\"https:\\\/\\\/www.colegionewman.org\\\/#website\"},\"primaryImageOfPage\":{\"@id\":\"https:\\\/\\\/www.colegionewman.org\\\/celebrando-accion-de-gracias-en-primaria\\\/#primaryimage\"},\"image\":{\"@id\":\"https:\\\/\\\/www.colegionewman.org\\\/celebrando-accion-de-gracias-en-primaria\\\/#primaryimage\"},\"thumbnailUrl\":\"https:\\\/\\\/www.colegionewman.org\\\/wp-content\\\/uploads\\\/2023\\\/11\\\/COLEGIO-NEWMAN-THANKSGIVING-1-1200x480-1.jpeg\",\"datePublished\":\"2023-11-24T04:09:26+00:00\",\"dateModified\":\"2024-01-23T09:18:34+00:00\",\"description\":\"El colegio Madrid primaria celebra Acci\u00f3n de Gracias con actividades culturales y educativas.\",\"breadcrumb\":{\"@id\":\"https:\\\/\\\/www.colegionewman.org\\\/celebrando-accion-de-gracias-en-primaria\\\/#breadcrumb\"},\"inLanguage\":\"es\",\"potentialAction\":[{\"@type\":\"ReadAction\",\"target\":[\"https:\\\/\\\/www.colegionewman.org\\\/celebrando-accion-de-gracias-en-primaria\\\/\"]}]},{\"@type\":\"ImageObject\",\"inLanguage\":\"es\",\"@id\":\"https:\\\/\\\/www.colegionewman.org\\\/celebrando-accion-de-gracias-en-primaria\\\/#primaryimage\",\"url\":\"https:\\\/\\\/www.colegionewman.org\\\/wp-content\\\/uploads\\\/2023\\\/11\\\/COLEGIO-NEWMAN-THANKSGIVING-1-1200x480-1.jpeg\",\"contentUrl\":\"https:\\\/\\\/www.colegionewman.org\\\/wp-content\\\/uploads\\\/2023\\\/11\\\/COLEGIO-NEWMAN-THANKSGIVING-1-1200x480-1.jpeg\",\"width\":1200,\"height\":480,\"caption\":\"Celebraci\u00f3n cultural en el colegio internacional Madrid durante la actividad de Thanksgiving con alumnos de diferentes cursos.\"},{\"@type\":\"BreadcrumbList\",\"@id\":\"https:\\\/\\\/www.colegionewman.org\\\/celebrando-accion-de-gracias-en-primaria\\\/#breadcrumb\",\"itemListElement\":[{\"@type\":\"ListItem\",\"position\":1,\"name\":\"Portada\",\"item\":\"https:\\\/\\\/www.colegionewman.org\\\/\"},{\"@type\":\"ListItem\",\"position\":2,\"name\":\"Celebrando \u00abAcci\u00f3n de Gracias\u00bb en Primaria\"}]},{\"@type\":\"WebSite\",\"@id\":\"https:\\\/\\\/www.colegionewman.org\\\/#website\",\"url\":\"https:\\\/\\\/www.colegionewman.org\\\/\",\"name\":\"Colegio Internacional J.H. Newman\",\"description\":\"Un colegio que te abre al mundo\",\"publisher\":{\"@id\":\"https:\\\/\\\/www.colegionewman.org\\\/#organization\"},\"alternateName\":\"Colegio Newman\",\"potentialAction\":[{\"@type\":\"SearchAction\",\"target\":{\"@type\":\"EntryPoint\",\"urlTemplate\":\"https:\\\/\\\/www.colegionewman.org\\\/?s={search_term_string}\"},\"query-input\":{\"@type\":\"PropertyValueSpecification\",\"valueRequired\":true,\"valueName\":\"search_term_string\"}}],\"inLanguage\":\"es\"},{\"@type\":\"Organization\",\"@id\":\"https:\\\/\\\/www.colegionewman.org\\\/#organization\",\"name\":\"Colegio Internacional J.H. Newman\",\"alternateName\":\"Colegio Newman\",\"url\":\"https:\\\/\\\/www.colegionewman.org\\\/\",\"logo\":{\"@type\":\"ImageObject\",\"inLanguage\":\"es\",\"@id\":\"https:\\\/\\\/www.colegionewman.org\\\/#\\\/schema\\\/logo\\\/image\\\/\",\"url\":\"https:\\\/\\\/www.colegionewman.org\\\/wp-content\\\/uploads\\\/logo_mini_newman_Mesa-de-trabajo-1.png\",\"contentUrl\":\"https:\\\/\\\/www.colegionewman.org\\\/wp-content\\\/uploads\\\/logo_mini_newman_Mesa-de-trabajo-1.png\",\"width\":750,\"height\":750,\"caption\":\"Colegio Internacional J.H. Newman\"},\"image\":{\"@id\":\"https:\\\/\\\/www.colegionewman.org\\\/#\\\/schema\\\/logo\\\/image\\\/\"},\"sameAs\":[\"https:\\\/\\\/www.instagram.com\\\/colegiojhnewman\\\/\",\"https:\\\/\\\/www.youtube.com\\\/channel\\\/UCUEVCANGRsznbp-DRfSrexw\",\"https:\\\/\\\/www.linkedin.com\\\/company\\\/colegio-internacional-jh-newman\"]},{\"@type\":\"Person\",\"@id\":\"https:\\\/\\\/www.colegionewman.org\\\/#\\\/schema\\\/person\\\/2799c0d82b571b9f7abb79410090fab8\",\"name\":\"comunicacionnewman\",\"image\":{\"@type\":\"ImageObject\",\"inLanguage\":\"es\",\"@id\":\"https:\\\/\\\/secure.gravatar.com\\\/avatar\\\/d27069ebe1333a06be57ea6fc363509158ffbff50e35630dc631005391d81c95?s=96&d=mm&r=g\",\"url\":\"https:\\\/\\\/secure.gravatar.com\\\/avatar\\\/d27069ebe1333a06be57ea6fc363509158ffbff50e35630dc631005391d81c95?s=96&d=mm&r=g\",\"contentUrl\":\"https:\\\/\\\/secure.gravatar.com\\\/avatar\\\/d27069ebe1333a06be57ea6fc363509158ffbff50e35630dc631005391d81c95?s=96&d=mm&r=g\",\"caption\":\"comunicacionnewman\"},\"url\":\"https:\\\/\\\/www.colegionewman.org\\\/es_es\\\/author\\\/comunicacionnewman\\\/\"}]}<\/script>\n<!-- \/ Yoast SEO plugin. -->","yoast_head_json":{"title":"Acci\u00f3n de Gracias en Primaria del Colegio Newman","description":"El colegio Madrid primaria celebra Acci\u00f3n de Gracias con actividades culturales y educativas.","robots":{"index":"index","follow":"follow","max-snippet":"max-snippet:-1","max-image-preview":"max-image-preview:large","max-video-preview":"max-video-preview:-1"},"canonical":"https:\/\/www.colegionewman.org\/es_es\/celebrando-accion-de-gracias-en-primaria\/","og_locale":"es_ES","og_type":"article","og_title":"Acci\u00f3n de Gracias en Primaria del Colegio Newman","og_description":"El colegio Madrid primaria celebra Acci\u00f3n de Gracias con actividades culturales y educativas.","og_url":"https:\/\/www.colegionewman.org\/es_es\/celebrando-accion-de-gracias-en-primaria\/","og_site_name":"Colegio Internacional J.H. Newman","article_published_time":"2023-11-24T04:09:26+00:00","article_modified_time":"2024-01-23T09:18:34+00:00","og_image":[{"width":1200,"height":480,"url":"https:\/\/www.colegionewman.org\/wp-content\/uploads\/2023\/11\/COLEGIO-NEWMAN-THANKSGIVING-1-1200x480-1.jpeg","type":"image\/jpeg"}],"author":"comunicacionnewman","twitter_card":"summary_large_image","twitter_misc":{"Escrito por":"comunicacionnewman","Tiempo de lectura":"1 minuto"},"schema":{"@context":"https:\/\/schema.org","@graph":[{"@type":"Article","@id":"https:\/\/www.colegionewman.org\/celebrando-accion-de-gracias-en-primaria\/#article","isPartOf":{"@id":"https:\/\/www.colegionewman.org\/celebrando-accion-de-gracias-en-primaria\/"},"author":{"name":"comunicacionnewman","@id":"https:\/\/www.colegionewman.org\/#\/schema\/person\/2799c0d82b571b9f7abb79410090fab8"},"headline":"Celebrando \u00abAcci\u00f3n de Gracias\u00bb en Primaria","datePublished":"2023-11-24T04:09:26+00:00","dateModified":"2024-01-23T09:18:34+00:00","mainEntityOfPage":{"@id":"https:\/\/www.colegionewman.org\/celebrando-accion-de-gracias-en-primaria\/"},"wordCount":102,"commentCount":0,"publisher":{"@id":"https:\/\/www.colegionewman.org\/#organization"},"image":{"@id":"https:\/\/www.colegionewman.org\/celebrando-accion-de-gracias-en-primaria\/#primaryimage"},"thumbnailUrl":"https:\/\/www.colegionewman.org\/wp-content\/uploads\/2023\/11\/COLEGIO-NEWMAN-THANKSGIVING-1-1200x480-1.jpeg","keywords":["accion de gracias","Colegio Newman","Primaria"],"articleSection":["Colegio","Eventos","Noticias","Prensa","Primaria"],"inLanguage":"es","potentialAction":[{"@type":"CommentAction","name":"Comment","target":["https:\/\/www.colegionewman.org\/celebrando-accion-de-gracias-en-primaria\/#respond"]}]},{"@type":"WebPage","@id":"https:\/\/www.colegionewman.org\/celebrando-accion-de-gracias-en-primaria\/","url":"https:\/\/www.colegionewman.org\/celebrando-accion-de-gracias-en-primaria\/","name":"Acci\u00f3n de Gracias en Primaria del Colegio Newman","isPartOf":{"@id":"https:\/\/www.colegionewman.org\/#website"},"primaryImageOfPage":{"@id":"https:\/\/www.colegionewman.org\/celebrando-accion-de-gracias-en-primaria\/#primaryimage"},"image":{"@id":"https:\/\/www.colegionewman.org\/celebrando-accion-de-gracias-en-primaria\/#primaryimage"},"thumbnailUrl":"https:\/\/www.colegionewman.org\/wp-content\/uploads\/2023\/11\/COLEGIO-NEWMAN-THANKSGIVING-1-1200x480-1.jpeg","datePublished":"2023-11-24T04:09:26+00:00","dateModified":"2024-01-23T09:18:34+00:00","description":"El colegio Madrid primaria celebra Acci\u00f3n de Gracias con actividades culturales y educativas.","breadcrumb":{"@id":"https:\/\/www.colegionewman.org\/celebrando-accion-de-gracias-en-primaria\/#breadcrumb"},"inLanguage":"es","potentialAction":[{"@type":"ReadAction","target":["https:\/\/www.colegionewman.org\/celebrando-accion-de-gracias-en-primaria\/"]}]},{"@type":"ImageObject","inLanguage":"es","@id":"https:\/\/www.colegionewman.org\/celebrando-accion-de-gracias-en-primaria\/#primaryimage","url":"https:\/\/www.colegionewman.org\/wp-content\/uploads\/2023\/11\/COLEGIO-NEWMAN-THANKSGIVING-1-1200x480-1.jpeg","contentUrl":"https:\/\/www.colegionewman.org\/wp-content\/uploads\/2023\/11\/COLEGIO-NEWMAN-THANKSGIVING-1-1200x480-1.jpeg","width":1200,"height":480,"caption":"Celebraci\u00f3n cultural en el colegio internacional Madrid durante la actividad de Thanksgiving con alumnos de diferentes cursos."},{"@type":"BreadcrumbList","@id":"https:\/\/www.colegionewman.org\/celebrando-accion-de-gracias-en-primaria\/#breadcrumb","itemListElement":[{"@type":"ListItem","position":1,"name":"Portada","item":"https:\/\/www.colegionewman.org\/"},{"@type":"ListItem","position":2,"name":"Celebrando \u00abAcci\u00f3n de Gracias\u00bb en Primaria"}]},{"@type":"WebSite","@id":"https:\/\/www.colegionewman.org\/#website","url":"https:\/\/www.colegionewman.org\/","name":"Colegio Internacional J.H. Newman","description":"Un colegio que te abre al mundo","publisher":{"@id":"https:\/\/www.colegionewman.org\/#organization"},"alternateName":"Colegio Newman","potentialAction":[{"@type":"SearchAction","target":{"@type":"EntryPoint","urlTemplate":"https:\/\/www.colegionewman.org\/?s={search_term_string}"},"query-input":{"@type":"PropertyValueSpecification","valueRequired":true,"valueName":"search_term_string"}}],"inLanguage":"es"},{"@type":"Organization","@id":"https:\/\/www.colegionewman.org\/#organization","name":"Colegio Internacional J.H. Newman","alternateName":"Colegio Newman","url":"https:\/\/www.colegionewman.org\/","logo":{"@type":"ImageObject","inLanguage":"es","@id":"https:\/\/www.colegionewman.org\/#\/schema\/logo\/image\/","url":"https:\/\/www.colegionewman.org\/wp-content\/uploads\/logo_mini_newman_Mesa-de-trabajo-1.png","contentUrl":"https:\/\/www.colegionewman.org\/wp-content\/uploads\/logo_mini_newman_Mesa-de-trabajo-1.png","width":750,"height":750,"caption":"Colegio Internacional J.H. Newman"},"image":{"@id":"https:\/\/www.colegionewman.org\/#\/schema\/logo\/image\/"},"sameAs":["https:\/\/www.instagram.com\/colegiojhnewman\/","https:\/\/www.youtube.com\/channel\/UCUEVCANGRsznbp-DRfSrexw","https:\/\/www.linkedin.com\/company\/colegio-internacional-jh-newman"]},{"@type":"Person","@id":"https:\/\/www.colegionewman.org\/#\/schema\/person\/2799c0d82b571b9f7abb79410090fab8","name":"comunicacionnewman","image":{"@type":"ImageObject","inLanguage":"es","@id":"https:\/\/secure.gravatar.com\/avatar\/d27069ebe1333a06be57ea6fc363509158ffbff50e35630dc631005391d81c95?s=96&d=mm&r=g","url":"https:\/\/secure.gravatar.com\/avatar\/d27069ebe1333a06be57ea6fc363509158ffbff50e35630dc631005391d81c95?s=96&d=mm&r=g","contentUrl":"https:\/\/secure.gravatar.com\/avatar\/d27069ebe1333a06be57ea6fc363509158ffbff50e35630dc631005391d81c95?s=96&d=mm&r=g","caption":"comunicacionnewman"},"url":"https:\/\/www.colegionewman.org\/es_es\/author\/comunicacionnewman\/"}]}},"_links":{"self":[{"href":"https:\/\/www.colegionewman.org\/es_es\/wp-json\/wp\/v2\/posts\/28527","targetHints":{"allow":["GET"]}}],"collection":[{"href":"https:\/\/www.colegionewman.org\/es_es\/wp-json\/wp\/v2\/posts"}],"about":[{"href":"https:\/\/www.colegionewman.org\/es_es\/wp-json\/wp\/v2\/types\/post"}],"author":[{"embeddable":true,"href":"https:\/\/www.colegionewman.org\/es_es\/wp-json\/wp\/v2\/users\/2"}],"replies":[{"embeddable":true,"href":"https:\/\/www.colegionewman.org\/es_es\/wp-json\/wp\/v2\/comments?post=28527"}],"version-history":[{"count":1,"href":"https:\/\/www.colegionewman.org\/es_es\/wp-json\/wp\/v2\/posts\/28527\/revisions"}],"predecessor-version":[{"id":28644,"href":"https:\/\/www.colegionewman.org\/es_es\/wp-json\/wp\/v2\/posts\/28527\/revisions\/28644"}],"wp:featuredmedia":[{"embeddable":true,"href":"https:\/\/www.colegionewman.org\/es_es\/wp-json\/wp\/v2\/media\/28643"}],"wp:attachment":[{"href":"https:\/\/www.colegionewman.org\/es_es\/wp-json\/wp\/v2\/media?parent=28527"}],"wp:term":[{"taxonomy":"category","embeddable":true,"href":"https:\/\/www.colegionewman.org\/es_es\/wp-json\/wp\/v2\/categories?post=28527"},{"taxonomy":"post_tag","embeddable":true,"href":"https:\/\/www.colegionewman.org\/es_es\/wp-json\/wp\/v2\/tags?post=28527"}],"curies":[{"name":"wp","href":"https:\/\/api.w.org\/{rel}","templated":true}]}}