{"id":28478,"date":"2023-11-14T21:32:16","date_gmt":"2023-11-14T20:32:16","guid":{"rendered":"https:\/\/www.colegionewman.org\/?p=28478"},"modified":"2024-01-23T10:29:21","modified_gmt":"2024-01-23T09:29:21","slug":"viii-feria-de-universidades-del-colegio-newman-22-y-23-de-noviembre","status":"publish","type":"post","link":"https:\/\/www.colegionewman.org\/es_es\/viii-feria-de-universidades-del-colegio-newman-22-y-23-de-noviembre\/","title":{"rendered":"VIII Feria de Universidades del Colegio Newman, 22 y 23 de Noviembre"},"content":{"rendered":"<p>El Colegio Internacional JH Newman organiza la<b> VIII edici\u00f3n de la Feria de Universidades. <\/b><span style=\"font-weight: 400;\">La Feria se desarrollar\u00e1 en dos jornadas, los d\u00edas 22 y 23 de noviembre entre las 10:30h\u00a0 y las 14:00h del mediod\u00eda en el Hall del colegio.\u00a0<\/span><span style=\"font-weight: 400;\">Asisten m\u00e1s de 20 centros universitarios, de grado superior y escuelas, tanto p\u00fablicos como privados y de todos los \u00e1mbitos acad\u00e9micos, Ciencias, Artes, Humanidades y CC Sociales.\u00a0<\/span><\/p>\n<p><span style=\"font-weight: 400;\">La Feria se inscribe dentro de las actividades de orientaci\u00f3n, que el colegio propone a sus alumnos y a toda la comunidad educativa, como acompa\u00f1amiento para la decisi\u00f3n de estudios futuros.\u00a0<\/span><\/p>\n<p><strong>D\u00eda 22\u00a0<\/strong><\/p>\n<ol>\n<li style=\"font-weight: 400;\" aria-level=\"1\"><a href=\"https:\/\/www.cedeu.es\/\"><span style=\"font-weight: 400;\">CEDEU<\/span><\/a><\/li>\n<li style=\"font-weight: 400;\" aria-level=\"1\"><a href=\"https:\/\/www.centrogarrigues.com\/\"><span style=\"font-weight: 400;\">Centro de estudios GARRIGUES<\/span><\/a><\/li>\n<li style=\"font-weight: 400;\" aria-level=\"1\"><a href=\"https:\/\/www.ufv.es\/\"><span style=\"font-weight: 400;\">Francisco de Vitoria<\/span><\/a><\/li>\n<li style=\"font-weight: 400;\" aria-level=\"1\"><a href=\"https:\/\/policia.es\/_es\/index.php\"><span style=\"font-weight: 400;\">Polic\u00eda<\/span><\/a><\/li>\n<li style=\"font-weight: 400;\" aria-level=\"1\"><a href=\"https:\/\/u-tad.com\/\"><span style=\"font-weight: 400;\">U-TAD<\/span><\/a><\/li>\n<li style=\"font-weight: 400;\" aria-level=\"1\"><a href=\"https:\/\/www.uax.com\/\"><span style=\"font-weight: 400;\">Universidad Alfonso X el Sabio<\/span><\/a><\/li>\n<li style=\"font-weight: 400;\" aria-level=\"1\"><a href=\"https:\/\/www.unav.edu\/\"><span style=\"font-weight: 400;\">Universidad de Navarra<\/span><\/a><\/li>\n<li style=\"font-weight: 400;\" aria-level=\"1\"><a href=\"https:\/\/www.nebrija.com\/\"><span style=\"font-weight: 400;\">Universidad Nebrija<\/span><\/a><\/li>\n<li style=\"font-weight: 400;\" aria-level=\"1\"><a href=\"https:\/\/www.upm.es\/\"><span style=\"font-weight: 400;\">UPM<\/span><\/a><\/li>\n<\/ol>\n<p><strong>D\u00eda 23<\/strong><\/p>\n<ol>\n<li style=\"font-weight: 400;\" aria-level=\"1\"><a href=\"https:\/\/www.uc3m.es\/Inicio\"><span style=\"font-weight: 400;\">Carlos III<\/span><\/a><\/li>\n<li style=\"font-weight: 400;\" aria-level=\"1\"><a href=\"https:\/\/www.villanueva.edu\/\"><span style=\"font-weight: 400;\">Centro Universitario Villanueva<\/span><\/a><\/li>\n<li style=\"font-weight: 400;\" aria-level=\"1\"><a href=\"https:\/\/www.uspceu.com\/\"><span style=\"font-weight: 400;\">CEU San Pablo<\/span><\/a><\/li>\n<li style=\"font-weight: 400;\" aria-level=\"1\"><a href=\"https:\/\/www.cunef.edu\/\"><span style=\"font-weight: 400;\">CUNEF<\/span><\/a><\/li>\n<li style=\"font-weight: 400;\" aria-level=\"1\"><a href=\"https:\/\/www.protocolo.com\/\"><span style=\"font-weight: 400;\">Escuela de Protocolo<\/span><\/a><\/li>\n<li style=\"font-weight: 400;\" aria-level=\"1\"><a href=\"https:\/\/udit.es\/\"><span style=\"font-weight: 400;\">ESNE\/UDIT<\/span><\/a><\/li>\n<li style=\"font-weight: 400;\" aria-level=\"1\"><a href=\"https:\/\/reclutamiento.defensa.gob.es\/\"><span style=\"font-weight: 400;\">Fuerzas Armadas<\/span><\/a><\/li>\n<li style=\"font-weight: 400;\" aria-level=\"1\"><a href=\"https:\/\/www.ieb.es\/home-ieb\/\"><span style=\"font-weight: 400;\">IEB<\/span><\/a><\/li>\n<li style=\"font-weight: 400;\" aria-level=\"1\"><a href=\"https:\/\/isde.es\/\"><span style=\"font-weight: 400;\">ISDE<\/span><\/a><\/li>\n<li style=\"font-weight: 400;\" aria-level=\"1\"><a href=\"https:\/\/saluscampusdemadrid.com\/\"><span style=\"font-weight: 400;\">Salus Infirmorum<\/span><\/a><\/li>\n<li style=\"font-weight: 400;\" aria-level=\"1\"><a href=\"https:\/\/universidadeuropea.com\/\"><span style=\"font-weight: 400;\">Universidad Europea<\/span><\/a><\/li>\n<li style=\"font-weight: 400;\" aria-level=\"1\"><a href=\"https:\/\/www.urjc.es\/\"><span style=\"font-weight: 400;\">URJC<\/span><\/a><\/li>\n<\/ol>\n<p><img loading=\"lazy\" decoding=\"async\" class=\"size-full wp-image-28485\" src=\"https:\/\/www.colegionewman.org\/wp-content\/uploads\/2023\/11\/feria-de-universidades.jpg\" alt=\"\" width=\"1240\" height=\"1748\" \/><\/p>\n","protected":false},"excerpt":{"rendered":"<p>El Colegio Internacional JH Newman organiza la VIII edici\u00f3n de la Feria de Universidades. La Feria se desarrollar\u00e1 en dos jornadas, los d\u00edas 22 y 23 de noviembre entre las 10:30h\u00a0 y las 14:00h del mediod\u00eda en el Hall del colegio.\u00a0Asisten m\u00e1s de 20 centros universitarios, de grado superior y escuelas, tanto p\u00fablicos como privados [&hellip;]<\/p>\n","protected":false},"author":2,"featured_media":28652,"comment_status":"open","ping_status":"open","sticky":false,"template":"","format":"standard","meta":{"footnotes":""},"categories":[17,72,47,87,249,16],"tags":[26,413],"class_list":["post-28478","post","type-post","status-publish","format-standard","has-post-thumbnail","hentry","category-bachillerato","category-colegio","category-eventos","category-noticias","category-prensa","category-secundaria","tag-colegio-newman","tag-feria-de-universidades"],"yoast_head":"<!-- This site is optimized with the Yoast SEO plugin v27.3 - https:\/\/yoast.com\/product\/yoast-seo-wordpress\/ -->\n<title>Feria de universidades en el colegio internacional Madrid<\/title>\n<meta name=\"description\" content=\"La VIII Feria de Universidades del Colegio Newman impulsa la orientaci\u00f3n educativa de alumnos de institutos concertados Madrid.\" \/>\n<meta name=\"robots\" content=\"index, follow, max-snippet:-1, max-image-preview:large, max-video-preview:-1\" \/>\n<link rel=\"canonical\" href=\"https:\/\/www.colegionewman.org\/es_es\/viii-feria-de-universidades-del-colegio-newman-22-y-23-de-noviembre\/\" \/>\n<meta property=\"og:locale\" content=\"es_ES\" \/>\n<meta property=\"og:type\" content=\"article\" \/>\n<meta property=\"og:title\" content=\"Feria de universidades en el colegio internacional Madrid\" \/>\n<meta property=\"og:description\" content=\"La VIII Feria de Universidades del Colegio Newman impulsa la orientaci\u00f3n educativa de alumnos de institutos concertados Madrid.\" \/>\n<meta property=\"og:url\" content=\"https:\/\/www.colegionewman.org\/es_es\/viii-feria-de-universidades-del-colegio-newman-22-y-23-de-noviembre\/\" \/>\n<meta property=\"og:site_name\" content=\"Colegio Internacional J.H. Newman\" \/>\n<meta property=\"article:published_time\" content=\"2023-11-14T20:32:16+00:00\" \/>\n<meta property=\"article:modified_time\" content=\"2024-01-23T09:29:21+00:00\" \/>\n<meta property=\"og:image\" content=\"https:\/\/www.colegionewman.org\/wp-content\/uploads\/2023\/11\/FERIA-DE-UNIVERSIDADES-COLEGIO-NEWMAN-1200x480-1.jpeg\" \/>\n\t<meta property=\"og:image:width\" content=\"1200\" \/>\n\t<meta property=\"og:image:height\" content=\"480\" \/>\n\t<meta property=\"og:image:type\" content=\"image\/jpeg\" \/>\n<meta name=\"author\" content=\"comunicacionnewman\" \/>\n<meta name=\"twitter:card\" content=\"summary_large_image\" \/>\n<meta name=\"twitter:label1\" content=\"Escrito por\" \/>\n\t<meta name=\"twitter:data1\" content=\"comunicacionnewman\" \/>\n\t<meta name=\"twitter:label2\" content=\"Tiempo de lectura\" \/>\n\t<meta name=\"twitter:data2\" content=\"1 minuto\" \/>\n<script type=\"application\/ld+json\" class=\"yoast-schema-graph\">{\"@context\":\"https:\\\/\\\/schema.org\",\"@graph\":[{\"@type\":\"Article\",\"@id\":\"https:\\\/\\\/www.colegionewman.org\\\/viii-feria-de-universidades-del-colegio-newman-22-y-23-de-noviembre\\\/#article\",\"isPartOf\":{\"@id\":\"https:\\\/\\\/www.colegionewman.org\\\/viii-feria-de-universidades-del-colegio-newman-22-y-23-de-noviembre\\\/\"},\"author\":{\"name\":\"comunicacionnewman\",\"@id\":\"https:\\\/\\\/www.colegionewman.org\\\/#\\\/schema\\\/person\\\/2799c0d82b571b9f7abb79410090fab8\"},\"headline\":\"VIII Feria de Universidades del Colegio Newman, 22 y 23 de Noviembre\",\"datePublished\":\"2023-11-14T20:32:16+00:00\",\"dateModified\":\"2024-01-23T09:29:21+00:00\",\"mainEntityOfPage\":{\"@id\":\"https:\\\/\\\/www.colegionewman.org\\\/viii-feria-de-universidades-del-colegio-newman-22-y-23-de-noviembre\\\/\"},\"wordCount\":164,\"commentCount\":0,\"publisher\":{\"@id\":\"https:\\\/\\\/www.colegionewman.org\\\/#organization\"},\"image\":{\"@id\":\"https:\\\/\\\/www.colegionewman.org\\\/viii-feria-de-universidades-del-colegio-newman-22-y-23-de-noviembre\\\/#primaryimage\"},\"thumbnailUrl\":\"https:\\\/\\\/www.colegionewman.org\\\/wp-content\\\/uploads\\\/2023\\\/11\\\/FERIA-DE-UNIVERSIDADES-COLEGIO-NEWMAN-1200x480-1.jpeg\",\"keywords\":[\"Colegio Newman\",\"Feria de Universidades\"],\"articleSection\":[\"Bachillerato\",\"Colegio\",\"Eventos\",\"Noticias\",\"Prensa\",\"Secundaria\"],\"inLanguage\":\"es\",\"potentialAction\":[{\"@type\":\"CommentAction\",\"name\":\"Comment\",\"target\":[\"https:\\\/\\\/www.colegionewman.org\\\/viii-feria-de-universidades-del-colegio-newman-22-y-23-de-noviembre\\\/#respond\"]}]},{\"@type\":\"WebPage\",\"@id\":\"https:\\\/\\\/www.colegionewman.org\\\/viii-feria-de-universidades-del-colegio-newman-22-y-23-de-noviembre\\\/\",\"url\":\"https:\\\/\\\/www.colegionewman.org\\\/viii-feria-de-universidades-del-colegio-newman-22-y-23-de-noviembre\\\/\",\"name\":\"Feria de universidades en el colegio internacional Madrid\",\"isPartOf\":{\"@id\":\"https:\\\/\\\/www.colegionewman.org\\\/#website\"},\"primaryImageOfPage\":{\"@id\":\"https:\\\/\\\/www.colegionewman.org\\\/viii-feria-de-universidades-del-colegio-newman-22-y-23-de-noviembre\\\/#primaryimage\"},\"image\":{\"@id\":\"https:\\\/\\\/www.colegionewman.org\\\/viii-feria-de-universidades-del-colegio-newman-22-y-23-de-noviembre\\\/#primaryimage\"},\"thumbnailUrl\":\"https:\\\/\\\/www.colegionewman.org\\\/wp-content\\\/uploads\\\/2023\\\/11\\\/FERIA-DE-UNIVERSIDADES-COLEGIO-NEWMAN-1200x480-1.jpeg\",\"datePublished\":\"2023-11-14T20:32:16+00:00\",\"dateModified\":\"2024-01-23T09:29:21+00:00\",\"description\":\"La VIII Feria de Universidades del Colegio Newman impulsa la orientaci\u00f3n educativa de alumnos de institutos concertados Madrid.\",\"breadcrumb\":{\"@id\":\"https:\\\/\\\/www.colegionewman.org\\\/viii-feria-de-universidades-del-colegio-newman-22-y-23-de-noviembre\\\/#breadcrumb\"},\"inLanguage\":\"es\",\"potentialAction\":[{\"@type\":\"ReadAction\",\"target\":[\"https:\\\/\\\/www.colegionewman.org\\\/viii-feria-de-universidades-del-colegio-newman-22-y-23-de-noviembre\\\/\"]}]},{\"@type\":\"ImageObject\",\"inLanguage\":\"es\",\"@id\":\"https:\\\/\\\/www.colegionewman.org\\\/viii-feria-de-universidades-del-colegio-newman-22-y-23-de-noviembre\\\/#primaryimage\",\"url\":\"https:\\\/\\\/www.colegionewman.org\\\/wp-content\\\/uploads\\\/2023\\\/11\\\/FERIA-DE-UNIVERSIDADES-COLEGIO-NEWMAN-1200x480-1.jpeg\",\"contentUrl\":\"https:\\\/\\\/www.colegionewman.org\\\/wp-content\\\/uploads\\\/2023\\\/11\\\/FERIA-DE-UNIVERSIDADES-COLEGIO-NEWMAN-1200x480-1.jpeg\",\"width\":1200,\"height\":480,\"caption\":\"Evento acad\u00e9mico del bachillerato internacional en Madrid en la Feria de Universidades del Colegio Newman.\"},{\"@type\":\"BreadcrumbList\",\"@id\":\"https:\\\/\\\/www.colegionewman.org\\\/viii-feria-de-universidades-del-colegio-newman-22-y-23-de-noviembre\\\/#breadcrumb\",\"itemListElement\":[{\"@type\":\"ListItem\",\"position\":1,\"name\":\"Portada\",\"item\":\"https:\\\/\\\/www.colegionewman.org\\\/\"},{\"@type\":\"ListItem\",\"position\":2,\"name\":\"VIII Feria de Universidades del Colegio Newman, 22 y 23 de Noviembre\"}]},{\"@type\":\"WebSite\",\"@id\":\"https:\\\/\\\/www.colegionewman.org\\\/#website\",\"url\":\"https:\\\/\\\/www.colegionewman.org\\\/\",\"name\":\"Colegio Internacional J.H. Newman\",\"description\":\"Un colegio que te abre al mundo\",\"publisher\":{\"@id\":\"https:\\\/\\\/www.colegionewman.org\\\/#organization\"},\"alternateName\":\"Colegio Newman\",\"potentialAction\":[{\"@type\":\"SearchAction\",\"target\":{\"@type\":\"EntryPoint\",\"urlTemplate\":\"https:\\\/\\\/www.colegionewman.org\\\/?s={search_term_string}\"},\"query-input\":{\"@type\":\"PropertyValueSpecification\",\"valueRequired\":true,\"valueName\":\"search_term_string\"}}],\"inLanguage\":\"es\"},{\"@type\":\"Organization\",\"@id\":\"https:\\\/\\\/www.colegionewman.org\\\/#organization\",\"name\":\"Colegio Internacional J.H. Newman\",\"alternateName\":\"Colegio Newman\",\"url\":\"https:\\\/\\\/www.colegionewman.org\\\/\",\"logo\":{\"@type\":\"ImageObject\",\"inLanguage\":\"es\",\"@id\":\"https:\\\/\\\/www.colegionewman.org\\\/#\\\/schema\\\/logo\\\/image\\\/\",\"url\":\"https:\\\/\\\/www.colegionewman.org\\\/wp-content\\\/uploads\\\/logo_mini_newman_Mesa-de-trabajo-1.png\",\"contentUrl\":\"https:\\\/\\\/www.colegionewman.org\\\/wp-content\\\/uploads\\\/logo_mini_newman_Mesa-de-trabajo-1.png\",\"width\":750,\"height\":750,\"caption\":\"Colegio Internacional J.H. Newman\"},\"image\":{\"@id\":\"https:\\\/\\\/www.colegionewman.org\\\/#\\\/schema\\\/logo\\\/image\\\/\"},\"sameAs\":[\"https:\\\/\\\/www.instagram.com\\\/colegiojhnewman\\\/\",\"https:\\\/\\\/www.youtube.com\\\/channel\\\/UCUEVCANGRsznbp-DRfSrexw\",\"https:\\\/\\\/www.linkedin.com\\\/company\\\/colegio-internacional-jh-newman\"]},{\"@type\":\"Person\",\"@id\":\"https:\\\/\\\/www.colegionewman.org\\\/#\\\/schema\\\/person\\\/2799c0d82b571b9f7abb79410090fab8\",\"name\":\"comunicacionnewman\",\"image\":{\"@type\":\"ImageObject\",\"inLanguage\":\"es\",\"@id\":\"https:\\\/\\\/secure.gravatar.com\\\/avatar\\\/d27069ebe1333a06be57ea6fc363509158ffbff50e35630dc631005391d81c95?s=96&d=mm&r=g\",\"url\":\"https:\\\/\\\/secure.gravatar.com\\\/avatar\\\/d27069ebe1333a06be57ea6fc363509158ffbff50e35630dc631005391d81c95?s=96&d=mm&r=g\",\"contentUrl\":\"https:\\\/\\\/secure.gravatar.com\\\/avatar\\\/d27069ebe1333a06be57ea6fc363509158ffbff50e35630dc631005391d81c95?s=96&d=mm&r=g\",\"caption\":\"comunicacionnewman\"},\"url\":\"https:\\\/\\\/www.colegionewman.org\\\/es_es\\\/author\\\/comunicacionnewman\\\/\"}]}<\/script>\n<!-- \/ Yoast SEO plugin. -->","yoast_head_json":{"title":"Feria de universidades en el colegio internacional Madrid","description":"La VIII Feria de Universidades del Colegio Newman impulsa la orientaci\u00f3n educativa de alumnos de institutos concertados Madrid.","robots":{"index":"index","follow":"follow","max-snippet":"max-snippet:-1","max-image-preview":"max-image-preview:large","max-video-preview":"max-video-preview:-1"},"canonical":"https:\/\/www.colegionewman.org\/es_es\/viii-feria-de-universidades-del-colegio-newman-22-y-23-de-noviembre\/","og_locale":"es_ES","og_type":"article","og_title":"Feria de universidades en el colegio internacional Madrid","og_description":"La VIII Feria de Universidades del Colegio Newman impulsa la orientaci\u00f3n educativa de alumnos de institutos concertados Madrid.","og_url":"https:\/\/www.colegionewman.org\/es_es\/viii-feria-de-universidades-del-colegio-newman-22-y-23-de-noviembre\/","og_site_name":"Colegio Internacional J.H. Newman","article_published_time":"2023-11-14T20:32:16+00:00","article_modified_time":"2024-01-23T09:29:21+00:00","og_image":[{"width":1200,"height":480,"url":"https:\/\/www.colegionewman.org\/wp-content\/uploads\/2023\/11\/FERIA-DE-UNIVERSIDADES-COLEGIO-NEWMAN-1200x480-1.jpeg","type":"image\/jpeg"}],"author":"comunicacionnewman","twitter_card":"summary_large_image","twitter_misc":{"Escrito por":"comunicacionnewman","Tiempo de lectura":"1 minuto"},"schema":{"@context":"https:\/\/schema.org","@graph":[{"@type":"Article","@id":"https:\/\/www.colegionewman.org\/viii-feria-de-universidades-del-colegio-newman-22-y-23-de-noviembre\/#article","isPartOf":{"@id":"https:\/\/www.colegionewman.org\/viii-feria-de-universidades-del-colegio-newman-22-y-23-de-noviembre\/"},"author":{"name":"comunicacionnewman","@id":"https:\/\/www.colegionewman.org\/#\/schema\/person\/2799c0d82b571b9f7abb79410090fab8"},"headline":"VIII Feria de Universidades del Colegio Newman, 22 y 23 de Noviembre","datePublished":"2023-11-14T20:32:16+00:00","dateModified":"2024-01-23T09:29:21+00:00","mainEntityOfPage":{"@id":"https:\/\/www.colegionewman.org\/viii-feria-de-universidades-del-colegio-newman-22-y-23-de-noviembre\/"},"wordCount":164,"commentCount":0,"publisher":{"@id":"https:\/\/www.colegionewman.org\/#organization"},"image":{"@id":"https:\/\/www.colegionewman.org\/viii-feria-de-universidades-del-colegio-newman-22-y-23-de-noviembre\/#primaryimage"},"thumbnailUrl":"https:\/\/www.colegionewman.org\/wp-content\/uploads\/2023\/11\/FERIA-DE-UNIVERSIDADES-COLEGIO-NEWMAN-1200x480-1.jpeg","keywords":["Colegio Newman","Feria de Universidades"],"articleSection":["Bachillerato","Colegio","Eventos","Noticias","Prensa","Secundaria"],"inLanguage":"es","potentialAction":[{"@type":"CommentAction","name":"Comment","target":["https:\/\/www.colegionewman.org\/viii-feria-de-universidades-del-colegio-newman-22-y-23-de-noviembre\/#respond"]}]},{"@type":"WebPage","@id":"https:\/\/www.colegionewman.org\/viii-feria-de-universidades-del-colegio-newman-22-y-23-de-noviembre\/","url":"https:\/\/www.colegionewman.org\/viii-feria-de-universidades-del-colegio-newman-22-y-23-de-noviembre\/","name":"Feria de universidades en el colegio internacional Madrid","isPartOf":{"@id":"https:\/\/www.colegionewman.org\/#website"},"primaryImageOfPage":{"@id":"https:\/\/www.colegionewman.org\/viii-feria-de-universidades-del-colegio-newman-22-y-23-de-noviembre\/#primaryimage"},"image":{"@id":"https:\/\/www.colegionewman.org\/viii-feria-de-universidades-del-colegio-newman-22-y-23-de-noviembre\/#primaryimage"},"thumbnailUrl":"https:\/\/www.colegionewman.org\/wp-content\/uploads\/2023\/11\/FERIA-DE-UNIVERSIDADES-COLEGIO-NEWMAN-1200x480-1.jpeg","datePublished":"2023-11-14T20:32:16+00:00","dateModified":"2024-01-23T09:29:21+00:00","description":"La VIII Feria de Universidades del Colegio Newman impulsa la orientaci\u00f3n educativa de alumnos de institutos concertados Madrid.","breadcrumb":{"@id":"https:\/\/www.colegionewman.org\/viii-feria-de-universidades-del-colegio-newman-22-y-23-de-noviembre\/#breadcrumb"},"inLanguage":"es","potentialAction":[{"@type":"ReadAction","target":["https:\/\/www.colegionewman.org\/viii-feria-de-universidades-del-colegio-newman-22-y-23-de-noviembre\/"]}]},{"@type":"ImageObject","inLanguage":"es","@id":"https:\/\/www.colegionewman.org\/viii-feria-de-universidades-del-colegio-newman-22-y-23-de-noviembre\/#primaryimage","url":"https:\/\/www.colegionewman.org\/wp-content\/uploads\/2023\/11\/FERIA-DE-UNIVERSIDADES-COLEGIO-NEWMAN-1200x480-1.jpeg","contentUrl":"https:\/\/www.colegionewman.org\/wp-content\/uploads\/2023\/11\/FERIA-DE-UNIVERSIDADES-COLEGIO-NEWMAN-1200x480-1.jpeg","width":1200,"height":480,"caption":"Evento acad\u00e9mico del bachillerato internacional en Madrid en la Feria de Universidades del Colegio Newman."},{"@type":"BreadcrumbList","@id":"https:\/\/www.colegionewman.org\/viii-feria-de-universidades-del-colegio-newman-22-y-23-de-noviembre\/#breadcrumb","itemListElement":[{"@type":"ListItem","position":1,"name":"Portada","item":"https:\/\/www.colegionewman.org\/"},{"@type":"ListItem","position":2,"name":"VIII Feria de Universidades del Colegio Newman, 22 y 23 de Noviembre"}]},{"@type":"WebSite","@id":"https:\/\/www.colegionewman.org\/#website","url":"https:\/\/www.colegionewman.org\/","name":"Colegio Internacional J.H. Newman","description":"Un colegio que te abre al mundo","publisher":{"@id":"https:\/\/www.colegionewman.org\/#organization"},"alternateName":"Colegio Newman","potentialAction":[{"@type":"SearchAction","target":{"@type":"EntryPoint","urlTemplate":"https:\/\/www.colegionewman.org\/?s={search_term_string}"},"query-input":{"@type":"PropertyValueSpecification","valueRequired":true,"valueName":"search_term_string"}}],"inLanguage":"es"},{"@type":"Organization","@id":"https:\/\/www.colegionewman.org\/#organization","name":"Colegio Internacional J.H. Newman","alternateName":"Colegio Newman","url":"https:\/\/www.colegionewman.org\/","logo":{"@type":"ImageObject","inLanguage":"es","@id":"https:\/\/www.colegionewman.org\/#\/schema\/logo\/image\/","url":"https:\/\/www.colegionewman.org\/wp-content\/uploads\/logo_mini_newman_Mesa-de-trabajo-1.png","contentUrl":"https:\/\/www.colegionewman.org\/wp-content\/uploads\/logo_mini_newman_Mesa-de-trabajo-1.png","width":750,"height":750,"caption":"Colegio Internacional J.H. Newman"},"image":{"@id":"https:\/\/www.colegionewman.org\/#\/schema\/logo\/image\/"},"sameAs":["https:\/\/www.instagram.com\/colegiojhnewman\/","https:\/\/www.youtube.com\/channel\/UCUEVCANGRsznbp-DRfSrexw","https:\/\/www.linkedin.com\/company\/colegio-internacional-jh-newman"]},{"@type":"Person","@id":"https:\/\/www.colegionewman.org\/#\/schema\/person\/2799c0d82b571b9f7abb79410090fab8","name":"comunicacionnewman","image":{"@type":"ImageObject","inLanguage":"es","@id":"https:\/\/secure.gravatar.com\/avatar\/d27069ebe1333a06be57ea6fc363509158ffbff50e35630dc631005391d81c95?s=96&d=mm&r=g","url":"https:\/\/secure.gravatar.com\/avatar\/d27069ebe1333a06be57ea6fc363509158ffbff50e35630dc631005391d81c95?s=96&d=mm&r=g","contentUrl":"https:\/\/secure.gravatar.com\/avatar\/d27069ebe1333a06be57ea6fc363509158ffbff50e35630dc631005391d81c95?s=96&d=mm&r=g","caption":"comunicacionnewman"},"url":"https:\/\/www.colegionewman.org\/es_es\/author\/comunicacionnewman\/"}]}},"_links":{"self":[{"href":"https:\/\/www.colegionewman.org\/es_es\/wp-json\/wp\/v2\/posts\/28478","targetHints":{"allow":["GET"]}}],"collection":[{"href":"https:\/\/www.colegionewman.org\/es_es\/wp-json\/wp\/v2\/posts"}],"about":[{"href":"https:\/\/www.colegionewman.org\/es_es\/wp-json\/wp\/v2\/types\/post"}],"author":[{"embeddable":true,"href":"https:\/\/www.colegionewman.org\/es_es\/wp-json\/wp\/v2\/users\/2"}],"replies":[{"embeddable":true,"href":"https:\/\/www.colegionewman.org\/es_es\/wp-json\/wp\/v2\/comments?post=28478"}],"version-history":[{"count":2,"href":"https:\/\/www.colegionewman.org\/es_es\/wp-json\/wp\/v2\/posts\/28478\/revisions"}],"predecessor-version":[{"id":28654,"href":"https:\/\/www.colegionewman.org\/es_es\/wp-json\/wp\/v2\/posts\/28478\/revisions\/28654"}],"wp:featuredmedia":[{"embeddable":true,"href":"https:\/\/www.colegionewman.org\/es_es\/wp-json\/wp\/v2\/media\/28652"}],"wp:attachment":[{"href":"https:\/\/www.colegionewman.org\/es_es\/wp-json\/wp\/v2\/media?parent=28478"}],"wp:term":[{"taxonomy":"category","embeddable":true,"href":"https:\/\/www.colegionewman.org\/es_es\/wp-json\/wp\/v2\/categories?post=28478"},{"taxonomy":"post_tag","embeddable":true,"href":"https:\/\/www.colegionewman.org\/es_es\/wp-json\/wp\/v2\/tags?post=28478"}],"curies":[{"name":"wp","href":"https:\/\/api.w.org\/{rel}","templated":true}]}}