{"id":28412,"date":"2023-11-06T00:09:52","date_gmt":"2023-11-05T23:09:52","guid":{"rendered":"https:\/\/www.colegionewman.org\/?p=28412"},"modified":"2024-01-23T10:52:30","modified_gmt":"2024-01-23T09:52:30","slug":"visita-educativa-a-la-fundacion-mapfre","status":"publish","type":"post","link":"https:\/\/www.colegionewman.org\/es_es\/visita-educativa-a-la-fundacion-mapfre\/","title":{"rendered":"Visita educativa a la fundaci\u00f3n Mapfre"},"content":{"rendered":"<p>Los alumnos del 2\u00ba de ESO han realizado una visita a la fundaci\u00f3n Mapfre para conocer la obra del escultor Medardo Rosso y redescubrir la t\u00e9cnica pict\u00f3rica de Sorolla en la exposici\u00f3n \u201cVeranos de Sorolla\u201d que trae una cuidada selecci\u00f3n de 40 cuadros que demuestran la importancia del mar y la playa para el pintor. El objetivo de la salida era comprender la relaci\u00f3n de los artistas con la luz, ya que Sorolla es conocido como el \u201cpintor de la luz\u201d y Rosso es uno de los escultores que se preocup\u00f3 con los efectos de la luz en su obra escult\u00f3rica. <a href=\"https:\/\/www.instagram.com\/p\/Cyxl2qjOfoC\/\">Video aqu\u00ed<\/a><\/p>\n","protected":false},"excerpt":{"rendered":"<p>Los alumnos del 2\u00ba de ESO han realizado una visita a la fundaci\u00f3n Mapfre para conocer la obra del escultor Medardo Rosso y redescubrir la t\u00e9cnica pict\u00f3rica de Sorolla en la exposici\u00f3n \u201cVeranos de Sorolla\u201d que trae una cuidada selecci\u00f3n de 40 cuadros que demuestran la importancia del mar y la playa para el pintor. [&hellip;]<\/p>\n","protected":false},"author":2,"featured_media":28679,"comment_status":"open","ping_status":"open","sticky":false,"template":"","format":"standard","meta":{"footnotes":""},"categories":[72,47,87,249,16],"tags":[26,513,365],"class_list":["post-28412","post","type-post","status-publish","format-standard","has-post-thumbnail","hentry","category-colegio","category-eventos","category-noticias","category-prensa","category-secundaria","tag-colegio-newman","tag-cultura","tag-fundacion-mapfre"],"yoast_head":"<!-- This site is optimized with the Yoast SEO plugin v27.3 - https:\/\/yoast.com\/product\/yoast-seo-wordpress\/ -->\n<title>Visita educativa a Fundaci\u00f3n Mapfre del Colegio Newman<\/title>\n<meta name=\"description\" content=\"El Colegio Newman visita Fundaci\u00f3n Mapfre en una salida cultural que impulsa el enfoque integral del colegio concertado Madrid.\" \/>\n<meta name=\"robots\" content=\"index, follow, max-snippet:-1, max-image-preview:large, max-video-preview:-1\" \/>\n<link rel=\"canonical\" href=\"https:\/\/www.colegionewman.org\/es_es\/visita-educativa-a-la-fundacion-mapfre\/\" \/>\n<meta property=\"og:locale\" content=\"es_ES\" \/>\n<meta property=\"og:type\" content=\"article\" \/>\n<meta property=\"og:title\" content=\"Visita educativa a Fundaci\u00f3n Mapfre del Colegio Newman\" \/>\n<meta property=\"og:description\" content=\"El Colegio Newman visita Fundaci\u00f3n Mapfre en una salida cultural que impulsa el enfoque integral del colegio concertado Madrid.\" \/>\n<meta property=\"og:url\" content=\"https:\/\/www.colegionewman.org\/es_es\/visita-educativa-a-la-fundacion-mapfre\/\" \/>\n<meta property=\"og:site_name\" content=\"Colegio Internacional J.H. Newman\" \/>\n<meta property=\"article:published_time\" content=\"2023-11-05T23:09:52+00:00\" \/>\n<meta property=\"article:modified_time\" content=\"2024-01-23T09:52:30+00:00\" \/>\n<meta property=\"og:image\" content=\"https:\/\/www.colegionewman.org\/wp-content\/uploads\/2023\/11\/colegio-newman-fundacion-mapfre-1200x480-1.jpeg\" \/>\n\t<meta property=\"og:image:width\" content=\"1200\" \/>\n\t<meta property=\"og:image:height\" content=\"480\" \/>\n\t<meta property=\"og:image:type\" content=\"image\/jpeg\" \/>\n<meta name=\"author\" content=\"comunicacionnewman\" \/>\n<meta name=\"twitter:card\" content=\"summary_large_image\" \/>\n<meta name=\"twitter:label1\" content=\"Escrito por\" \/>\n\t<meta name=\"twitter:data1\" content=\"comunicacionnewman\" \/>\n\t<meta name=\"twitter:label2\" content=\"Tiempo de lectura\" \/>\n\t<meta name=\"twitter:data2\" content=\"1 minuto\" \/>\n<script type=\"application\/ld+json\" class=\"yoast-schema-graph\">{\"@context\":\"https:\\\/\\\/schema.org\",\"@graph\":[{\"@type\":\"Article\",\"@id\":\"https:\\\/\\\/www.colegionewman.org\\\/visita-educativa-a-la-fundacion-mapfre\\\/#article\",\"isPartOf\":{\"@id\":\"https:\\\/\\\/www.colegionewman.org\\\/visita-educativa-a-la-fundacion-mapfre\\\/\"},\"author\":{\"name\":\"comunicacionnewman\",\"@id\":\"https:\\\/\\\/www.colegionewman.org\\\/#\\\/schema\\\/person\\\/2799c0d82b571b9f7abb79410090fab8\"},\"headline\":\"Visita educativa a la fundaci\u00f3n Mapfre\",\"datePublished\":\"2023-11-05T23:09:52+00:00\",\"dateModified\":\"2024-01-23T09:52:30+00:00\",\"mainEntityOfPage\":{\"@id\":\"https:\\\/\\\/www.colegionewman.org\\\/visita-educativa-a-la-fundacion-mapfre\\\/\"},\"wordCount\":115,\"commentCount\":0,\"publisher\":{\"@id\":\"https:\\\/\\\/www.colegionewman.org\\\/#organization\"},\"image\":{\"@id\":\"https:\\\/\\\/www.colegionewman.org\\\/visita-educativa-a-la-fundacion-mapfre\\\/#primaryimage\"},\"thumbnailUrl\":\"https:\\\/\\\/www.colegionewman.org\\\/wp-content\\\/uploads\\\/2023\\\/11\\\/colegio-newman-fundacion-mapfre-1200x480-1.jpeg\",\"keywords\":[\"Colegio Newman\",\"Cultura\",\"Fundaci\u00f3n Mapfre\"],\"articleSection\":[\"Colegio\",\"Eventos\",\"Noticias\",\"Prensa\",\"Secundaria\"],\"inLanguage\":\"es\",\"potentialAction\":[{\"@type\":\"CommentAction\",\"name\":\"Comment\",\"target\":[\"https:\\\/\\\/www.colegionewman.org\\\/visita-educativa-a-la-fundacion-mapfre\\\/#respond\"]}]},{\"@type\":\"WebPage\",\"@id\":\"https:\\\/\\\/www.colegionewman.org\\\/visita-educativa-a-la-fundacion-mapfre\\\/\",\"url\":\"https:\\\/\\\/www.colegionewman.org\\\/visita-educativa-a-la-fundacion-mapfre\\\/\",\"name\":\"Visita educativa a Fundaci\u00f3n Mapfre del Colegio Newman\",\"isPartOf\":{\"@id\":\"https:\\\/\\\/www.colegionewman.org\\\/#website\"},\"primaryImageOfPage\":{\"@id\":\"https:\\\/\\\/www.colegionewman.org\\\/visita-educativa-a-la-fundacion-mapfre\\\/#primaryimage\"},\"image\":{\"@id\":\"https:\\\/\\\/www.colegionewman.org\\\/visita-educativa-a-la-fundacion-mapfre\\\/#primaryimage\"},\"thumbnailUrl\":\"https:\\\/\\\/www.colegionewman.org\\\/wp-content\\\/uploads\\\/2023\\\/11\\\/colegio-newman-fundacion-mapfre-1200x480-1.jpeg\",\"datePublished\":\"2023-11-05T23:09:52+00:00\",\"dateModified\":\"2024-01-23T09:52:30+00:00\",\"description\":\"El Colegio Newman visita Fundaci\u00f3n Mapfre en una salida cultural que impulsa el enfoque integral del colegio concertado Madrid.\",\"breadcrumb\":{\"@id\":\"https:\\\/\\\/www.colegionewman.org\\\/visita-educativa-a-la-fundacion-mapfre\\\/#breadcrumb\"},\"inLanguage\":\"es\",\"potentialAction\":[{\"@type\":\"ReadAction\",\"target\":[\"https:\\\/\\\/www.colegionewman.org\\\/visita-educativa-a-la-fundacion-mapfre\\\/\"]}]},{\"@type\":\"ImageObject\",\"inLanguage\":\"es\",\"@id\":\"https:\\\/\\\/www.colegionewman.org\\\/visita-educativa-a-la-fundacion-mapfre\\\/#primaryimage\",\"url\":\"https:\\\/\\\/www.colegionewman.org\\\/wp-content\\\/uploads\\\/2023\\\/11\\\/colegio-newman-fundacion-mapfre-1200x480-1.jpeg\",\"contentUrl\":\"https:\\\/\\\/www.colegionewman.org\\\/wp-content\\\/uploads\\\/2023\\\/11\\\/colegio-newman-fundacion-mapfre-1200x480-1.jpeg\",\"width\":1200,\"height\":480,\"caption\":\"Estudiantes del colegio internacional Madrid aprendiendo arte durante una visita guiada.\"},{\"@type\":\"BreadcrumbList\",\"@id\":\"https:\\\/\\\/www.colegionewman.org\\\/visita-educativa-a-la-fundacion-mapfre\\\/#breadcrumb\",\"itemListElement\":[{\"@type\":\"ListItem\",\"position\":1,\"name\":\"Portada\",\"item\":\"https:\\\/\\\/www.colegionewman.org\\\/\"},{\"@type\":\"ListItem\",\"position\":2,\"name\":\"Visita educativa a la fundaci\u00f3n Mapfre\"}]},{\"@type\":\"WebSite\",\"@id\":\"https:\\\/\\\/www.colegionewman.org\\\/#website\",\"url\":\"https:\\\/\\\/www.colegionewman.org\\\/\",\"name\":\"Colegio Internacional J.H. Newman\",\"description\":\"Un colegio que te abre al mundo\",\"publisher\":{\"@id\":\"https:\\\/\\\/www.colegionewman.org\\\/#organization\"},\"alternateName\":\"Colegio Newman\",\"potentialAction\":[{\"@type\":\"SearchAction\",\"target\":{\"@type\":\"EntryPoint\",\"urlTemplate\":\"https:\\\/\\\/www.colegionewman.org\\\/?s={search_term_string}\"},\"query-input\":{\"@type\":\"PropertyValueSpecification\",\"valueRequired\":true,\"valueName\":\"search_term_string\"}}],\"inLanguage\":\"es\"},{\"@type\":\"Organization\",\"@id\":\"https:\\\/\\\/www.colegionewman.org\\\/#organization\",\"name\":\"Colegio Internacional J.H. Newman\",\"alternateName\":\"Colegio Newman\",\"url\":\"https:\\\/\\\/www.colegionewman.org\\\/\",\"logo\":{\"@type\":\"ImageObject\",\"inLanguage\":\"es\",\"@id\":\"https:\\\/\\\/www.colegionewman.org\\\/#\\\/schema\\\/logo\\\/image\\\/\",\"url\":\"https:\\\/\\\/www.colegionewman.org\\\/wp-content\\\/uploads\\\/logo_mini_newman_Mesa-de-trabajo-1.png\",\"contentUrl\":\"https:\\\/\\\/www.colegionewman.org\\\/wp-content\\\/uploads\\\/logo_mini_newman_Mesa-de-trabajo-1.png\",\"width\":750,\"height\":750,\"caption\":\"Colegio Internacional J.H. Newman\"},\"image\":{\"@id\":\"https:\\\/\\\/www.colegionewman.org\\\/#\\\/schema\\\/logo\\\/image\\\/\"},\"sameAs\":[\"https:\\\/\\\/www.instagram.com\\\/colegiojhnewman\\\/\",\"https:\\\/\\\/www.youtube.com\\\/channel\\\/UCUEVCANGRsznbp-DRfSrexw\",\"https:\\\/\\\/www.linkedin.com\\\/company\\\/colegio-internacional-jh-newman\"]},{\"@type\":\"Person\",\"@id\":\"https:\\\/\\\/www.colegionewman.org\\\/#\\\/schema\\\/person\\\/2799c0d82b571b9f7abb79410090fab8\",\"name\":\"comunicacionnewman\",\"image\":{\"@type\":\"ImageObject\",\"inLanguage\":\"es\",\"@id\":\"https:\\\/\\\/secure.gravatar.com\\\/avatar\\\/d27069ebe1333a06be57ea6fc363509158ffbff50e35630dc631005391d81c95?s=96&d=mm&r=g\",\"url\":\"https:\\\/\\\/secure.gravatar.com\\\/avatar\\\/d27069ebe1333a06be57ea6fc363509158ffbff50e35630dc631005391d81c95?s=96&d=mm&r=g\",\"contentUrl\":\"https:\\\/\\\/secure.gravatar.com\\\/avatar\\\/d27069ebe1333a06be57ea6fc363509158ffbff50e35630dc631005391d81c95?s=96&d=mm&r=g\",\"caption\":\"comunicacionnewman\"},\"url\":\"https:\\\/\\\/www.colegionewman.org\\\/es_es\\\/author\\\/comunicacionnewman\\\/\"}]}<\/script>\n<!-- \/ Yoast SEO plugin. -->","yoast_head_json":{"title":"Visita educativa a Fundaci\u00f3n Mapfre del Colegio Newman","description":"El Colegio Newman visita Fundaci\u00f3n Mapfre en una salida cultural que impulsa el enfoque integral del colegio concertado Madrid.","robots":{"index":"index","follow":"follow","max-snippet":"max-snippet:-1","max-image-preview":"max-image-preview:large","max-video-preview":"max-video-preview:-1"},"canonical":"https:\/\/www.colegionewman.org\/es_es\/visita-educativa-a-la-fundacion-mapfre\/","og_locale":"es_ES","og_type":"article","og_title":"Visita educativa a Fundaci\u00f3n Mapfre del Colegio Newman","og_description":"El Colegio Newman visita Fundaci\u00f3n Mapfre en una salida cultural que impulsa el enfoque integral del colegio concertado Madrid.","og_url":"https:\/\/www.colegionewman.org\/es_es\/visita-educativa-a-la-fundacion-mapfre\/","og_site_name":"Colegio Internacional J.H. Newman","article_published_time":"2023-11-05T23:09:52+00:00","article_modified_time":"2024-01-23T09:52:30+00:00","og_image":[{"width":1200,"height":480,"url":"https:\/\/www.colegionewman.org\/wp-content\/uploads\/2023\/11\/colegio-newman-fundacion-mapfre-1200x480-1.jpeg","type":"image\/jpeg"}],"author":"comunicacionnewman","twitter_card":"summary_large_image","twitter_misc":{"Escrito por":"comunicacionnewman","Tiempo de lectura":"1 minuto"},"schema":{"@context":"https:\/\/schema.org","@graph":[{"@type":"Article","@id":"https:\/\/www.colegionewman.org\/visita-educativa-a-la-fundacion-mapfre\/#article","isPartOf":{"@id":"https:\/\/www.colegionewman.org\/visita-educativa-a-la-fundacion-mapfre\/"},"author":{"name":"comunicacionnewman","@id":"https:\/\/www.colegionewman.org\/#\/schema\/person\/2799c0d82b571b9f7abb79410090fab8"},"headline":"Visita educativa a la fundaci\u00f3n Mapfre","datePublished":"2023-11-05T23:09:52+00:00","dateModified":"2024-01-23T09:52:30+00:00","mainEntityOfPage":{"@id":"https:\/\/www.colegionewman.org\/visita-educativa-a-la-fundacion-mapfre\/"},"wordCount":115,"commentCount":0,"publisher":{"@id":"https:\/\/www.colegionewman.org\/#organization"},"image":{"@id":"https:\/\/www.colegionewman.org\/visita-educativa-a-la-fundacion-mapfre\/#primaryimage"},"thumbnailUrl":"https:\/\/www.colegionewman.org\/wp-content\/uploads\/2023\/11\/colegio-newman-fundacion-mapfre-1200x480-1.jpeg","keywords":["Colegio Newman","Cultura","Fundaci\u00f3n Mapfre"],"articleSection":["Colegio","Eventos","Noticias","Prensa","Secundaria"],"inLanguage":"es","potentialAction":[{"@type":"CommentAction","name":"Comment","target":["https:\/\/www.colegionewman.org\/visita-educativa-a-la-fundacion-mapfre\/#respond"]}]},{"@type":"WebPage","@id":"https:\/\/www.colegionewman.org\/visita-educativa-a-la-fundacion-mapfre\/","url":"https:\/\/www.colegionewman.org\/visita-educativa-a-la-fundacion-mapfre\/","name":"Visita educativa a Fundaci\u00f3n Mapfre del Colegio Newman","isPartOf":{"@id":"https:\/\/www.colegionewman.org\/#website"},"primaryImageOfPage":{"@id":"https:\/\/www.colegionewman.org\/visita-educativa-a-la-fundacion-mapfre\/#primaryimage"},"image":{"@id":"https:\/\/www.colegionewman.org\/visita-educativa-a-la-fundacion-mapfre\/#primaryimage"},"thumbnailUrl":"https:\/\/www.colegionewman.org\/wp-content\/uploads\/2023\/11\/colegio-newman-fundacion-mapfre-1200x480-1.jpeg","datePublished":"2023-11-05T23:09:52+00:00","dateModified":"2024-01-23T09:52:30+00:00","description":"El Colegio Newman visita Fundaci\u00f3n Mapfre en una salida cultural que impulsa el enfoque integral del colegio concertado Madrid.","breadcrumb":{"@id":"https:\/\/www.colegionewman.org\/visita-educativa-a-la-fundacion-mapfre\/#breadcrumb"},"inLanguage":"es","potentialAction":[{"@type":"ReadAction","target":["https:\/\/www.colegionewman.org\/visita-educativa-a-la-fundacion-mapfre\/"]}]},{"@type":"ImageObject","inLanguage":"es","@id":"https:\/\/www.colegionewman.org\/visita-educativa-a-la-fundacion-mapfre\/#primaryimage","url":"https:\/\/www.colegionewman.org\/wp-content\/uploads\/2023\/11\/colegio-newman-fundacion-mapfre-1200x480-1.jpeg","contentUrl":"https:\/\/www.colegionewman.org\/wp-content\/uploads\/2023\/11\/colegio-newman-fundacion-mapfre-1200x480-1.jpeg","width":1200,"height":480,"caption":"Estudiantes del colegio internacional Madrid aprendiendo arte durante una visita guiada."},{"@type":"BreadcrumbList","@id":"https:\/\/www.colegionewman.org\/visita-educativa-a-la-fundacion-mapfre\/#breadcrumb","itemListElement":[{"@type":"ListItem","position":1,"name":"Portada","item":"https:\/\/www.colegionewman.org\/"},{"@type":"ListItem","position":2,"name":"Visita educativa a la fundaci\u00f3n Mapfre"}]},{"@type":"WebSite","@id":"https:\/\/www.colegionewman.org\/#website","url":"https:\/\/www.colegionewman.org\/","name":"Colegio Internacional J.H. Newman","description":"Un colegio que te abre al mundo","publisher":{"@id":"https:\/\/www.colegionewman.org\/#organization"},"alternateName":"Colegio Newman","potentialAction":[{"@type":"SearchAction","target":{"@type":"EntryPoint","urlTemplate":"https:\/\/www.colegionewman.org\/?s={search_term_string}"},"query-input":{"@type":"PropertyValueSpecification","valueRequired":true,"valueName":"search_term_string"}}],"inLanguage":"es"},{"@type":"Organization","@id":"https:\/\/www.colegionewman.org\/#organization","name":"Colegio Internacional J.H. Newman","alternateName":"Colegio Newman","url":"https:\/\/www.colegionewman.org\/","logo":{"@type":"ImageObject","inLanguage":"es","@id":"https:\/\/www.colegionewman.org\/#\/schema\/logo\/image\/","url":"https:\/\/www.colegionewman.org\/wp-content\/uploads\/logo_mini_newman_Mesa-de-trabajo-1.png","contentUrl":"https:\/\/www.colegionewman.org\/wp-content\/uploads\/logo_mini_newman_Mesa-de-trabajo-1.png","width":750,"height":750,"caption":"Colegio Internacional J.H. Newman"},"image":{"@id":"https:\/\/www.colegionewman.org\/#\/schema\/logo\/image\/"},"sameAs":["https:\/\/www.instagram.com\/colegiojhnewman\/","https:\/\/www.youtube.com\/channel\/UCUEVCANGRsznbp-DRfSrexw","https:\/\/www.linkedin.com\/company\/colegio-internacional-jh-newman"]},{"@type":"Person","@id":"https:\/\/www.colegionewman.org\/#\/schema\/person\/2799c0d82b571b9f7abb79410090fab8","name":"comunicacionnewman","image":{"@type":"ImageObject","inLanguage":"es","@id":"https:\/\/secure.gravatar.com\/avatar\/d27069ebe1333a06be57ea6fc363509158ffbff50e35630dc631005391d81c95?s=96&d=mm&r=g","url":"https:\/\/secure.gravatar.com\/avatar\/d27069ebe1333a06be57ea6fc363509158ffbff50e35630dc631005391d81c95?s=96&d=mm&r=g","contentUrl":"https:\/\/secure.gravatar.com\/avatar\/d27069ebe1333a06be57ea6fc363509158ffbff50e35630dc631005391d81c95?s=96&d=mm&r=g","caption":"comunicacionnewman"},"url":"https:\/\/www.colegionewman.org\/es_es\/author\/comunicacionnewman\/"}]}},"_links":{"self":[{"href":"https:\/\/www.colegionewman.org\/es_es\/wp-json\/wp\/v2\/posts\/28412","targetHints":{"allow":["GET"]}}],"collection":[{"href":"https:\/\/www.colegionewman.org\/es_es\/wp-json\/wp\/v2\/posts"}],"about":[{"href":"https:\/\/www.colegionewman.org\/es_es\/wp-json\/wp\/v2\/types\/post"}],"author":[{"embeddable":true,"href":"https:\/\/www.colegionewman.org\/es_es\/wp-json\/wp\/v2\/users\/2"}],"replies":[{"embeddable":true,"href":"https:\/\/www.colegionewman.org\/es_es\/wp-json\/wp\/v2\/comments?post=28412"}],"version-history":[{"count":1,"href":"https:\/\/www.colegionewman.org\/es_es\/wp-json\/wp\/v2\/posts\/28412\/revisions"}],"predecessor-version":[{"id":28680,"href":"https:\/\/www.colegionewman.org\/es_es\/wp-json\/wp\/v2\/posts\/28412\/revisions\/28680"}],"wp:featuredmedia":[{"embeddable":true,"href":"https:\/\/www.colegionewman.org\/es_es\/wp-json\/wp\/v2\/media\/28679"}],"wp:attachment":[{"href":"https:\/\/www.colegionewman.org\/es_es\/wp-json\/wp\/v2\/media?parent=28412"}],"wp:term":[{"taxonomy":"category","embeddable":true,"href":"https:\/\/www.colegionewman.org\/es_es\/wp-json\/wp\/v2\/categories?post=28412"},{"taxonomy":"post_tag","embeddable":true,"href":"https:\/\/www.colegionewman.org\/es_es\/wp-json\/wp\/v2\/tags?post=28412"}],"curies":[{"name":"wp","href":"https:\/\/api.w.org\/{rel}","templated":true}]}}