{"id":28350,"date":"2023-10-16T15:59:51","date_gmt":"2023-10-16T13:59:51","guid":{"rendered":"https:\/\/www.colegionewman.org\/?p=28350"},"modified":"2024-01-23T11:03:36","modified_gmt":"2024-01-23T10:03:36","slug":"el-colegio-newman-se-une-a-la-jornada-de-ayuno-y-oracion-por-la-paz","status":"publish","type":"post","link":"https:\/\/www.colegionewman.org\/es_es\/el-colegio-newman-se-une-a-la-jornada-de-ayuno-y-oracion-por-la-paz\/","title":{"rendered":"El Colegio Newman se une a la Jornada de Ayuno y Oraci\u00f3n por La Paz"},"content":{"rendered":"<p>Ma\u00f1ana martes 17 de octubre, el Patriarca latino de Jerusal\u00e9n Pierbattista Card. Pizzaballa ha convocado una Jornada de\u00a0<a class=\"x1i10hfl xjbqb8w x6umtig x1b1mbwd xaqea5y xav7gou x9f619 x1ypdohk xt0psk2 xe8uvvx xdj266r x11i5rnm xat24cr x1mh8g0r xexx8yu x4uap5 x18d9i69 xkhd6sd x16tdsg8 x1hl2dhg xggy1nq x1a2a7pz _aa9_ _a6hd\" tabindex=\"0\" role=\"link\" href=\"https:\/\/www.instagram.com\/explore\/tags\/ayunoyoraci%C3%B3n\/\">#ayunoyoraci\u00f3n<\/a>\u00a0por la\u00a0<a class=\"x1i10hfl xjbqb8w x6umtig x1b1mbwd xaqea5y xav7gou x9f619 x1ypdohk xt0psk2 xe8uvvx xdj266r x11i5rnm xat24cr x1mh8g0r xexx8yu x4uap5 x18d9i69 xkhd6sd x16tdsg8 x1hl2dhg xggy1nq x1a2a7pz _aa9_ _a6hd\" tabindex=\"0\" role=\"link\" href=\"https:\/\/www.instagram.com\/explore\/tags\/paz\/\">#Paz<\/a>\u00a0ante la espiral de violencia en Oriente Medio.<\/p>\n<p>Desde el\u00a0<a class=\"x1i10hfl xjbqb8w x6umtig x1b1mbwd xaqea5y xav7gou x9f619 x1ypdohk xt0psk2 xe8uvvx xdj266r x11i5rnm xat24cr x1mh8g0r xexx8yu x4uap5 x18d9i69 xkhd6sd x16tdsg8 x1hl2dhg xggy1nq x1a2a7pz notranslate _a6hd\" tabindex=\"0\" role=\"link\" href=\"https:\/\/www.instagram.com\/colegiojhnewman\/\">@colegiojhnewman<\/a>\u00a0queremos unirnos a este llamamiento al que tambi\u00e9n se han sumado la\u00a0<a class=\"x1i10hfl xjbqb8w x6umtig x1b1mbwd xaqea5y xav7gou x9f619 x1ypdohk xt0psk2 xe8uvvx xdj266r x11i5rnm xat24cr x1mh8g0r xexx8yu x4uap5 x18d9i69 xkhd6sd x16tdsg8 x1hl2dhg xggy1nq x1a2a7pz notranslate _a6hd\" tabindex=\"0\" role=\"link\" href=\"https:\/\/www.instagram.com\/prensacee\/\">@prensacee<\/a>\u00a0y el cardenal de Madrid D. Jos\u00e9 Cobo de\u00a0<a class=\"x1i10hfl xjbqb8w x6umtig x1b1mbwd xaqea5y xav7gou x9f619 x1ypdohk xt0psk2 xe8uvvx xdj266r x11i5rnm xat24cr x1mh8g0r xexx8yu x4uap5 x18d9i69 xkhd6sd x16tdsg8 x1hl2dhg xggy1nq x1a2a7pz notranslate _a6hd\" tabindex=\"0\" role=\"link\" href=\"https:\/\/www.instagram.com\/archidiocesisdemadrid\/\">@archidiocesisdemadrid<\/a>\u00a0organizando una oraci\u00f3n con los alumnos de ESO y Bachillerato a las 12.15 h. al finalizar el recreo de la ma\u00f1ana y por la tarde a las 17h., en el patio de Rep\u00fablica Eslovaca donde os invitamos a toda la comunidad educativa a participar. Os esperamos.<\/p>\n<div id=\"attachment_28355\" style=\"width: 1817px\" class=\"wp-caption alignnone\"><img loading=\"lazy\" decoding=\"async\" aria-describedby=\"caption-attachment-28355\" class=\"size-full wp-image-28355\" src=\"https:\/\/www.colegionewman.org\/wp-content\/uploads\/2023\/10\/carta-scaled.jpg\" alt=\"\" width=\"1807\" height=\"2560\" \/><p id=\"caption-attachment-28355\" class=\"wp-caption-text\">Colegio Newman oraci\u00f3n por La Paz<\/p><\/div>\n<div id=\"attachment_28352\" style=\"width: 1090px\" class=\"wp-caption alignnone\"><img loading=\"lazy\" decoding=\"async\" aria-describedby=\"caption-attachment-28352\" class=\"size-full wp-image-28352\" src=\"https:\/\/www.colegionewman.org\/wp-content\/uploads\/2023\/10\/jornada-ayuno-y-oracion.jpg\" alt=\"\" width=\"1080\" height=\"1080\" \/><p id=\"caption-attachment-28352\" class=\"wp-caption-text\">Colegio Newman oraci\u00f3n por la paz<\/p><\/div>\n<p>[\/fusion_text][\/fusion_builder_column][\/fusion_builder_row][\/fusion_builder_container]<\/p>\n","protected":false},"excerpt":{"rendered":"<p>Ma\u00f1ana martes 17 de octubre, el Patriarca latino de Jerusal\u00e9n Pierbattista Card. Pizzaballa ha convocado una Jornada de\u00a0#ayunoyoraci\u00f3n\u00a0por la\u00a0#Paz\u00a0ante la espiral de violencia en Oriente Medio. Desde el\u00a0@colegiojhnewman\u00a0queremos unirnos a este llamamiento al que tambi\u00e9n se han sumado la\u00a0@prensacee\u00a0y el cardenal de Madrid D. Jos\u00e9 Cobo de\u00a0@archidiocesisdemadrid\u00a0organizando una oraci\u00f3n con los alumnos de ESO y [&hellip;]<\/p>\n","protected":false},"author":2,"featured_media":28693,"comment_status":"open","ping_status":"open","sticky":false,"template":"","format":"standard","meta":{"footnotes":""},"categories":[41,17,23,72,47,14,87,249,15,16],"tags":[26,1379,1283],"class_list":["post-28350","post","type-post","status-publish","format-standard","has-post-thumbnail","hentry","category-apa","category-bachillerato","category-club-deportivo","category-colegio","category-eventos","category-infantil","category-noticias","category-prensa","category-primaria","category-secundaria","tag-colegio-newman","tag-oracion","tag-paz"],"yoast_head":"<!-- This site is optimized with the Yoast SEO plugin v27.3 - https:\/\/yoast.com\/product\/yoast-seo-wordpress\/ -->\n<title>Jornada por la paz en el Colegio Newman<\/title>\n<meta name=\"description\" content=\"El colegio religioso Madrid se une a la jornada de ayuno y oraci\u00f3n por la paz.\" \/>\n<meta name=\"robots\" content=\"index, follow, max-snippet:-1, max-image-preview:large, max-video-preview:-1\" \/>\n<link rel=\"canonical\" href=\"https:\/\/www.colegionewman.org\/es_es\/el-colegio-newman-se-une-a-la-jornada-de-ayuno-y-oracion-por-la-paz\/\" \/>\n<meta property=\"og:locale\" content=\"es_ES\" \/>\n<meta property=\"og:type\" content=\"article\" \/>\n<meta property=\"og:title\" content=\"Jornada por la paz en el Colegio Newman\" \/>\n<meta property=\"og:description\" content=\"El colegio religioso Madrid se une a la jornada de ayuno y oraci\u00f3n por la paz.\" \/>\n<meta property=\"og:url\" content=\"https:\/\/www.colegionewman.org\/es_es\/el-colegio-newman-se-une-a-la-jornada-de-ayuno-y-oracion-por-la-paz\/\" \/>\n<meta property=\"og:site_name\" content=\"Colegio Internacional J.H. Newman\" \/>\n<meta property=\"article:published_time\" content=\"2023-10-16T13:59:51+00:00\" \/>\n<meta property=\"article:modified_time\" content=\"2024-01-23T10:03:36+00:00\" \/>\n<meta property=\"og:image\" content=\"https:\/\/www.colegionewman.org\/wp-content\/uploads\/2023\/10\/colegio-newman-paz-1200x480-1.jpeg\" \/>\n\t<meta property=\"og:image:width\" content=\"1200\" \/>\n\t<meta property=\"og:image:height\" content=\"480\" \/>\n\t<meta property=\"og:image:type\" content=\"image\/jpeg\" \/>\n<meta name=\"author\" content=\"comunicacionnewman\" \/>\n<meta name=\"twitter:card\" content=\"summary_large_image\" \/>\n<meta name=\"twitter:label1\" content=\"Escrito por\" \/>\n\t<meta name=\"twitter:data1\" content=\"comunicacionnewman\" \/>\n\t<meta name=\"twitter:label2\" content=\"Tiempo de lectura\" \/>\n\t<meta name=\"twitter:data2\" content=\"1 minuto\" \/>\n<script type=\"application\/ld+json\" class=\"yoast-schema-graph\">{\"@context\":\"https:\\\/\\\/schema.org\",\"@graph\":[{\"@type\":\"Article\",\"@id\":\"https:\\\/\\\/www.colegionewman.org\\\/el-colegio-newman-se-une-a-la-jornada-de-ayuno-y-oracion-por-la-paz\\\/#article\",\"isPartOf\":{\"@id\":\"https:\\\/\\\/www.colegionewman.org\\\/el-colegio-newman-se-une-a-la-jornada-de-ayuno-y-oracion-por-la-paz\\\/\"},\"author\":{\"name\":\"comunicacionnewman\",\"@id\":\"https:\\\/\\\/www.colegionewman.org\\\/#\\\/schema\\\/person\\\/2799c0d82b571b9f7abb79410090fab8\"},\"headline\":\"El Colegio Newman se une a la Jornada de Ayuno y Oraci\u00f3n por La Paz\",\"datePublished\":\"2023-10-16T13:59:51+00:00\",\"dateModified\":\"2024-01-23T10:03:36+00:00\",\"mainEntityOfPage\":{\"@id\":\"https:\\\/\\\/www.colegionewman.org\\\/el-colegio-newman-se-une-a-la-jornada-de-ayuno-y-oracion-por-la-paz\\\/\"},\"wordCount\":162,\"commentCount\":0,\"publisher\":{\"@id\":\"https:\\\/\\\/www.colegionewman.org\\\/#organization\"},\"image\":{\"@id\":\"https:\\\/\\\/www.colegionewman.org\\\/el-colegio-newman-se-une-a-la-jornada-de-ayuno-y-oracion-por-la-paz\\\/#primaryimage\"},\"thumbnailUrl\":\"https:\\\/\\\/www.colegionewman.org\\\/wp-content\\\/uploads\\\/2023\\\/10\\\/colegio-newman-paz-1200x480-1.jpeg\",\"keywords\":[\"Colegio Newman\",\"oraci\u00f3n\",\"Paz\"],\"articleSection\":[\"AMPA\",\"Bachillerato\",\"Club Deportivo\",\"Colegio\",\"Eventos\",\"Infantil\",\"Noticias\",\"Prensa\",\"Primaria\",\"Secundaria\"],\"inLanguage\":\"es\",\"potentialAction\":[{\"@type\":\"CommentAction\",\"name\":\"Comment\",\"target\":[\"https:\\\/\\\/www.colegionewman.org\\\/el-colegio-newman-se-une-a-la-jornada-de-ayuno-y-oracion-por-la-paz\\\/#respond\"]}]},{\"@type\":\"WebPage\",\"@id\":\"https:\\\/\\\/www.colegionewman.org\\\/el-colegio-newman-se-une-a-la-jornada-de-ayuno-y-oracion-por-la-paz\\\/\",\"url\":\"https:\\\/\\\/www.colegionewman.org\\\/el-colegio-newman-se-une-a-la-jornada-de-ayuno-y-oracion-por-la-paz\\\/\",\"name\":\"Jornada por la paz en el Colegio Newman\",\"isPartOf\":{\"@id\":\"https:\\\/\\\/www.colegionewman.org\\\/#website\"},\"primaryImageOfPage\":{\"@id\":\"https:\\\/\\\/www.colegionewman.org\\\/el-colegio-newman-se-une-a-la-jornada-de-ayuno-y-oracion-por-la-paz\\\/#primaryimage\"},\"image\":{\"@id\":\"https:\\\/\\\/www.colegionewman.org\\\/el-colegio-newman-se-une-a-la-jornada-de-ayuno-y-oracion-por-la-paz\\\/#primaryimage\"},\"thumbnailUrl\":\"https:\\\/\\\/www.colegionewman.org\\\/wp-content\\\/uploads\\\/2023\\\/10\\\/colegio-newman-paz-1200x480-1.jpeg\",\"datePublished\":\"2023-10-16T13:59:51+00:00\",\"dateModified\":\"2024-01-23T10:03:36+00:00\",\"description\":\"El colegio religioso Madrid se une a la jornada de ayuno y oraci\u00f3n por la paz.\",\"breadcrumb\":{\"@id\":\"https:\\\/\\\/www.colegionewman.org\\\/el-colegio-newman-se-une-a-la-jornada-de-ayuno-y-oracion-por-la-paz\\\/#breadcrumb\"},\"inLanguage\":\"es\",\"potentialAction\":[{\"@type\":\"ReadAction\",\"target\":[\"https:\\\/\\\/www.colegionewman.org\\\/el-colegio-newman-se-une-a-la-jornada-de-ayuno-y-oracion-por-la-paz\\\/\"]}]},{\"@type\":\"ImageObject\",\"inLanguage\":\"es\",\"@id\":\"https:\\\/\\\/www.colegionewman.org\\\/el-colegio-newman-se-une-a-la-jornada-de-ayuno-y-oracion-por-la-paz\\\/#primaryimage\",\"url\":\"https:\\\/\\\/www.colegionewman.org\\\/wp-content\\\/uploads\\\/2023\\\/10\\\/colegio-newman-paz-1200x480-1.jpeg\",\"contentUrl\":\"https:\\\/\\\/www.colegionewman.org\\\/wp-content\\\/uploads\\\/2023\\\/10\\\/colegio-newman-paz-1200x480-1.jpeg\",\"width\":1200,\"height\":480,\"caption\":\"Grupo de alumnos participando en exposici\u00f3n art\u00edstica del bachillerato internacional en Madrid.\"},{\"@type\":\"BreadcrumbList\",\"@id\":\"https:\\\/\\\/www.colegionewman.org\\\/el-colegio-newman-se-une-a-la-jornada-de-ayuno-y-oracion-por-la-paz\\\/#breadcrumb\",\"itemListElement\":[{\"@type\":\"ListItem\",\"position\":1,\"name\":\"Portada\",\"item\":\"https:\\\/\\\/www.colegionewman.org\\\/\"},{\"@type\":\"ListItem\",\"position\":2,\"name\":\"El Colegio Newman se une a la Jornada de Ayuno y Oraci\u00f3n por La Paz\"}]},{\"@type\":\"WebSite\",\"@id\":\"https:\\\/\\\/www.colegionewman.org\\\/#website\",\"url\":\"https:\\\/\\\/www.colegionewman.org\\\/\",\"name\":\"Colegio Internacional J.H. Newman\",\"description\":\"Un colegio que te abre al mundo\",\"publisher\":{\"@id\":\"https:\\\/\\\/www.colegionewman.org\\\/#organization\"},\"alternateName\":\"Colegio Newman\",\"potentialAction\":[{\"@type\":\"SearchAction\",\"target\":{\"@type\":\"EntryPoint\",\"urlTemplate\":\"https:\\\/\\\/www.colegionewman.org\\\/?s={search_term_string}\"},\"query-input\":{\"@type\":\"PropertyValueSpecification\",\"valueRequired\":true,\"valueName\":\"search_term_string\"}}],\"inLanguage\":\"es\"},{\"@type\":\"Organization\",\"@id\":\"https:\\\/\\\/www.colegionewman.org\\\/#organization\",\"name\":\"Colegio Internacional J.H. Newman\",\"alternateName\":\"Colegio Newman\",\"url\":\"https:\\\/\\\/www.colegionewman.org\\\/\",\"logo\":{\"@type\":\"ImageObject\",\"inLanguage\":\"es\",\"@id\":\"https:\\\/\\\/www.colegionewman.org\\\/#\\\/schema\\\/logo\\\/image\\\/\",\"url\":\"https:\\\/\\\/www.colegionewman.org\\\/wp-content\\\/uploads\\\/logo_mini_newman_Mesa-de-trabajo-1.png\",\"contentUrl\":\"https:\\\/\\\/www.colegionewman.org\\\/wp-content\\\/uploads\\\/logo_mini_newman_Mesa-de-trabajo-1.png\",\"width\":750,\"height\":750,\"caption\":\"Colegio Internacional J.H. Newman\"},\"image\":{\"@id\":\"https:\\\/\\\/www.colegionewman.org\\\/#\\\/schema\\\/logo\\\/image\\\/\"},\"sameAs\":[\"https:\\\/\\\/www.instagram.com\\\/colegiojhnewman\\\/\",\"https:\\\/\\\/www.youtube.com\\\/channel\\\/UCUEVCANGRsznbp-DRfSrexw\",\"https:\\\/\\\/www.linkedin.com\\\/company\\\/colegio-internacional-jh-newman\"]},{\"@type\":\"Person\",\"@id\":\"https:\\\/\\\/www.colegionewman.org\\\/#\\\/schema\\\/person\\\/2799c0d82b571b9f7abb79410090fab8\",\"name\":\"comunicacionnewman\",\"image\":{\"@type\":\"ImageObject\",\"inLanguage\":\"es\",\"@id\":\"https:\\\/\\\/secure.gravatar.com\\\/avatar\\\/d27069ebe1333a06be57ea6fc363509158ffbff50e35630dc631005391d81c95?s=96&d=mm&r=g\",\"url\":\"https:\\\/\\\/secure.gravatar.com\\\/avatar\\\/d27069ebe1333a06be57ea6fc363509158ffbff50e35630dc631005391d81c95?s=96&d=mm&r=g\",\"contentUrl\":\"https:\\\/\\\/secure.gravatar.com\\\/avatar\\\/d27069ebe1333a06be57ea6fc363509158ffbff50e35630dc631005391d81c95?s=96&d=mm&r=g\",\"caption\":\"comunicacionnewman\"},\"url\":\"https:\\\/\\\/www.colegionewman.org\\\/es_es\\\/author\\\/comunicacionnewman\\\/\"}]}<\/script>\n<!-- \/ Yoast SEO plugin. -->","yoast_head_json":{"title":"Jornada por la paz en el Colegio Newman","description":"El colegio religioso Madrid se une a la jornada de ayuno y oraci\u00f3n por la paz.","robots":{"index":"index","follow":"follow","max-snippet":"max-snippet:-1","max-image-preview":"max-image-preview:large","max-video-preview":"max-video-preview:-1"},"canonical":"https:\/\/www.colegionewman.org\/es_es\/el-colegio-newman-se-une-a-la-jornada-de-ayuno-y-oracion-por-la-paz\/","og_locale":"es_ES","og_type":"article","og_title":"Jornada por la paz en el Colegio Newman","og_description":"El colegio religioso Madrid se une a la jornada de ayuno y oraci\u00f3n por la paz.","og_url":"https:\/\/www.colegionewman.org\/es_es\/el-colegio-newman-se-une-a-la-jornada-de-ayuno-y-oracion-por-la-paz\/","og_site_name":"Colegio Internacional J.H. Newman","article_published_time":"2023-10-16T13:59:51+00:00","article_modified_time":"2024-01-23T10:03:36+00:00","og_image":[{"width":1200,"height":480,"url":"https:\/\/www.colegionewman.org\/wp-content\/uploads\/2023\/10\/colegio-newman-paz-1200x480-1.jpeg","type":"image\/jpeg"}],"author":"comunicacionnewman","twitter_card":"summary_large_image","twitter_misc":{"Escrito por":"comunicacionnewman","Tiempo de lectura":"1 minuto"},"schema":{"@context":"https:\/\/schema.org","@graph":[{"@type":"Article","@id":"https:\/\/www.colegionewman.org\/el-colegio-newman-se-une-a-la-jornada-de-ayuno-y-oracion-por-la-paz\/#article","isPartOf":{"@id":"https:\/\/www.colegionewman.org\/el-colegio-newman-se-une-a-la-jornada-de-ayuno-y-oracion-por-la-paz\/"},"author":{"name":"comunicacionnewman","@id":"https:\/\/www.colegionewman.org\/#\/schema\/person\/2799c0d82b571b9f7abb79410090fab8"},"headline":"El Colegio Newman se une a la Jornada de Ayuno y Oraci\u00f3n por La Paz","datePublished":"2023-10-16T13:59:51+00:00","dateModified":"2024-01-23T10:03:36+00:00","mainEntityOfPage":{"@id":"https:\/\/www.colegionewman.org\/el-colegio-newman-se-une-a-la-jornada-de-ayuno-y-oracion-por-la-paz\/"},"wordCount":162,"commentCount":0,"publisher":{"@id":"https:\/\/www.colegionewman.org\/#organization"},"image":{"@id":"https:\/\/www.colegionewman.org\/el-colegio-newman-se-une-a-la-jornada-de-ayuno-y-oracion-por-la-paz\/#primaryimage"},"thumbnailUrl":"https:\/\/www.colegionewman.org\/wp-content\/uploads\/2023\/10\/colegio-newman-paz-1200x480-1.jpeg","keywords":["Colegio Newman","oraci\u00f3n","Paz"],"articleSection":["AMPA","Bachillerato","Club Deportivo","Colegio","Eventos","Infantil","Noticias","Prensa","Primaria","Secundaria"],"inLanguage":"es","potentialAction":[{"@type":"CommentAction","name":"Comment","target":["https:\/\/www.colegionewman.org\/el-colegio-newman-se-une-a-la-jornada-de-ayuno-y-oracion-por-la-paz\/#respond"]}]},{"@type":"WebPage","@id":"https:\/\/www.colegionewman.org\/el-colegio-newman-se-une-a-la-jornada-de-ayuno-y-oracion-por-la-paz\/","url":"https:\/\/www.colegionewman.org\/el-colegio-newman-se-une-a-la-jornada-de-ayuno-y-oracion-por-la-paz\/","name":"Jornada por la paz en el Colegio Newman","isPartOf":{"@id":"https:\/\/www.colegionewman.org\/#website"},"primaryImageOfPage":{"@id":"https:\/\/www.colegionewman.org\/el-colegio-newman-se-une-a-la-jornada-de-ayuno-y-oracion-por-la-paz\/#primaryimage"},"image":{"@id":"https:\/\/www.colegionewman.org\/el-colegio-newman-se-une-a-la-jornada-de-ayuno-y-oracion-por-la-paz\/#primaryimage"},"thumbnailUrl":"https:\/\/www.colegionewman.org\/wp-content\/uploads\/2023\/10\/colegio-newman-paz-1200x480-1.jpeg","datePublished":"2023-10-16T13:59:51+00:00","dateModified":"2024-01-23T10:03:36+00:00","description":"El colegio religioso Madrid se une a la jornada de ayuno y oraci\u00f3n por la paz.","breadcrumb":{"@id":"https:\/\/www.colegionewman.org\/el-colegio-newman-se-une-a-la-jornada-de-ayuno-y-oracion-por-la-paz\/#breadcrumb"},"inLanguage":"es","potentialAction":[{"@type":"ReadAction","target":["https:\/\/www.colegionewman.org\/el-colegio-newman-se-une-a-la-jornada-de-ayuno-y-oracion-por-la-paz\/"]}]},{"@type":"ImageObject","inLanguage":"es","@id":"https:\/\/www.colegionewman.org\/el-colegio-newman-se-une-a-la-jornada-de-ayuno-y-oracion-por-la-paz\/#primaryimage","url":"https:\/\/www.colegionewman.org\/wp-content\/uploads\/2023\/10\/colegio-newman-paz-1200x480-1.jpeg","contentUrl":"https:\/\/www.colegionewman.org\/wp-content\/uploads\/2023\/10\/colegio-newman-paz-1200x480-1.jpeg","width":1200,"height":480,"caption":"Grupo de alumnos participando en exposici\u00f3n art\u00edstica del bachillerato internacional en Madrid."},{"@type":"BreadcrumbList","@id":"https:\/\/www.colegionewman.org\/el-colegio-newman-se-une-a-la-jornada-de-ayuno-y-oracion-por-la-paz\/#breadcrumb","itemListElement":[{"@type":"ListItem","position":1,"name":"Portada","item":"https:\/\/www.colegionewman.org\/"},{"@type":"ListItem","position":2,"name":"El Colegio Newman se une a la Jornada de Ayuno y Oraci\u00f3n por La Paz"}]},{"@type":"WebSite","@id":"https:\/\/www.colegionewman.org\/#website","url":"https:\/\/www.colegionewman.org\/","name":"Colegio Internacional J.H. Newman","description":"Un colegio que te abre al mundo","publisher":{"@id":"https:\/\/www.colegionewman.org\/#organization"},"alternateName":"Colegio Newman","potentialAction":[{"@type":"SearchAction","target":{"@type":"EntryPoint","urlTemplate":"https:\/\/www.colegionewman.org\/?s={search_term_string}"},"query-input":{"@type":"PropertyValueSpecification","valueRequired":true,"valueName":"search_term_string"}}],"inLanguage":"es"},{"@type":"Organization","@id":"https:\/\/www.colegionewman.org\/#organization","name":"Colegio Internacional J.H. Newman","alternateName":"Colegio Newman","url":"https:\/\/www.colegionewman.org\/","logo":{"@type":"ImageObject","inLanguage":"es","@id":"https:\/\/www.colegionewman.org\/#\/schema\/logo\/image\/","url":"https:\/\/www.colegionewman.org\/wp-content\/uploads\/logo_mini_newman_Mesa-de-trabajo-1.png","contentUrl":"https:\/\/www.colegionewman.org\/wp-content\/uploads\/logo_mini_newman_Mesa-de-trabajo-1.png","width":750,"height":750,"caption":"Colegio Internacional J.H. Newman"},"image":{"@id":"https:\/\/www.colegionewman.org\/#\/schema\/logo\/image\/"},"sameAs":["https:\/\/www.instagram.com\/colegiojhnewman\/","https:\/\/www.youtube.com\/channel\/UCUEVCANGRsznbp-DRfSrexw","https:\/\/www.linkedin.com\/company\/colegio-internacional-jh-newman"]},{"@type":"Person","@id":"https:\/\/www.colegionewman.org\/#\/schema\/person\/2799c0d82b571b9f7abb79410090fab8","name":"comunicacionnewman","image":{"@type":"ImageObject","inLanguage":"es","@id":"https:\/\/secure.gravatar.com\/avatar\/d27069ebe1333a06be57ea6fc363509158ffbff50e35630dc631005391d81c95?s=96&d=mm&r=g","url":"https:\/\/secure.gravatar.com\/avatar\/d27069ebe1333a06be57ea6fc363509158ffbff50e35630dc631005391d81c95?s=96&d=mm&r=g","contentUrl":"https:\/\/secure.gravatar.com\/avatar\/d27069ebe1333a06be57ea6fc363509158ffbff50e35630dc631005391d81c95?s=96&d=mm&r=g","caption":"comunicacionnewman"},"url":"https:\/\/www.colegionewman.org\/es_es\/author\/comunicacionnewman\/"}]}},"_links":{"self":[{"href":"https:\/\/www.colegionewman.org\/es_es\/wp-json\/wp\/v2\/posts\/28350","targetHints":{"allow":["GET"]}}],"collection":[{"href":"https:\/\/www.colegionewman.org\/es_es\/wp-json\/wp\/v2\/posts"}],"about":[{"href":"https:\/\/www.colegionewman.org\/es_es\/wp-json\/wp\/v2\/types\/post"}],"author":[{"embeddable":true,"href":"https:\/\/www.colegionewman.org\/es_es\/wp-json\/wp\/v2\/users\/2"}],"replies":[{"embeddable":true,"href":"https:\/\/www.colegionewman.org\/es_es\/wp-json\/wp\/v2\/comments?post=28350"}],"version-history":[{"count":1,"href":"https:\/\/www.colegionewman.org\/es_es\/wp-json\/wp\/v2\/posts\/28350\/revisions"}],"predecessor-version":[{"id":28694,"href":"https:\/\/www.colegionewman.org\/es_es\/wp-json\/wp\/v2\/posts\/28350\/revisions\/28694"}],"wp:featuredmedia":[{"embeddable":true,"href":"https:\/\/www.colegionewman.org\/es_es\/wp-json\/wp\/v2\/media\/28693"}],"wp:attachment":[{"href":"https:\/\/www.colegionewman.org\/es_es\/wp-json\/wp\/v2\/media?parent=28350"}],"wp:term":[{"taxonomy":"category","embeddable":true,"href":"https:\/\/www.colegionewman.org\/es_es\/wp-json\/wp\/v2\/categories?post=28350"},{"taxonomy":"post_tag","embeddable":true,"href":"https:\/\/www.colegionewman.org\/es_es\/wp-json\/wp\/v2\/tags?post=28350"}],"curies":[{"name":"wp","href":"https:\/\/api.w.org\/{rel}","templated":true}]}}