{"id":28346,"date":"2023-10-12T09:36:36","date_gmt":"2023-10-12T07:36:36","guid":{"rendered":"https:\/\/www.colegionewman.org\/?p=28346"},"modified":"2024-01-23T11:05:38","modified_gmt":"2024-01-23T10:05:38","slug":"excursion-de-los-dragones-newman-a-la-granja-escuela-albitana","status":"publish","type":"post","link":"https:\/\/www.colegionewman.org\/es_es\/excursion-de-los-dragones-newman-a-la-granja-escuela-albitana\/","title":{"rendered":"Excursi\u00f3n de los Dragones Newman a la Granja Escuela Albitana"},"content":{"rendered":"<p>Los dragones hemos ido de excursi\u00f3n a la Granja Escuela Albitana. Ha sido una experiencia increible. Hemos visto muchos animales y les dimos de comer. Tambi\u00e9n recolectamos uvas de los vi\u00f1edos para vendimiar; hicimos sales de ba\u00f1o y perfume; en el taller de cer\u00e1mica esculpimos una mariquita de arcilla. Pero lo mejor de todo ha sido dormir en las literas con los amigos. Se nos ha hecho tan corto que no nos quer\u00edamos ir.<\/p>\n<div class='avia-iframe-wrap'><iframe loading=\"lazy\" title=\"Excursi\u00f3n de los Dragones del Colegio Newman a la Granja Escuela Albitana\" width=\"1500\" height=\"844\" src=\"https:\/\/www.youtube.com\/embed\/EbG4xyrxwnM?feature=oembed\" frameborder=\"0\" allow=\"accelerometer; autoplay; clipboard-write; encrypted-media; gyroscope; picture-in-picture; web-share\" allowfullscreen><\/iframe><\/div>\n","protected":false},"excerpt":{"rendered":"<p>Los dragones hemos ido de excursi\u00f3n a la Granja Escuela Albitana. Ha sido una experiencia increible. Hemos visto muchos animales y les dimos de comer. Tambi\u00e9n recolectamos uvas de los vi\u00f1edos para vendimiar; hicimos sales de ba\u00f1o y perfume; en el taller de cer\u00e1mica esculpimos una mariquita de arcilla. Pero lo mejor de todo ha [&hellip;]<\/p>\n","protected":false},"author":2,"featured_media":28696,"comment_status":"open","ping_status":"open","sticky":false,"template":"","format":"standard","meta":{"footnotes":""},"categories":[72,14,87,249],"tags":[26,59,1378,28],"class_list":["post-28346","post","type-post","status-publish","format-standard","has-post-thumbnail","hentry","category-colegio","category-infantil","category-noticias","category-prensa","tag-colegio-newman","tag-excursion","tag-granja-escuela-albitana","tag-infantil"],"yoast_head":"<!-- This site is optimized with the Yoast SEO plugin v27.3 - https:\/\/yoast.com\/product\/yoast-seo-wordpress\/ -->\n<title>Visita a granja escuela con alumnado de Primaria<\/title>\n<meta name=\"description\" content=\"Los m\u00e1s peque\u00f1os del colegio educaci\u00f3n infantil visitan la granja escuela Albitana y aprenden con animales.\" \/>\n<meta name=\"robots\" content=\"index, follow, max-snippet:-1, max-image-preview:large, max-video-preview:-1\" \/>\n<link rel=\"canonical\" href=\"https:\/\/www.colegionewman.org\/es_es\/excursion-de-los-dragones-newman-a-la-granja-escuela-albitana\/\" \/>\n<meta property=\"og:locale\" content=\"es_ES\" \/>\n<meta property=\"og:type\" content=\"article\" \/>\n<meta property=\"og:title\" content=\"Visita a granja escuela con alumnado de Primaria\" \/>\n<meta property=\"og:description\" content=\"Los m\u00e1s peque\u00f1os del colegio educaci\u00f3n infantil visitan la granja escuela Albitana y aprenden con animales.\" \/>\n<meta property=\"og:url\" content=\"https:\/\/www.colegionewman.org\/es_es\/excursion-de-los-dragones-newman-a-la-granja-escuela-albitana\/\" \/>\n<meta property=\"og:site_name\" content=\"Colegio Internacional J.H. Newman\" \/>\n<meta property=\"article:published_time\" content=\"2023-10-12T07:36:36+00:00\" \/>\n<meta property=\"article:modified_time\" content=\"2024-01-23T10:05:38+00:00\" \/>\n<meta property=\"og:image\" content=\"https:\/\/www.colegionewman.org\/wp-content\/uploads\/2023\/10\/COLEGIO-NEWMAN-INFANTIL-GRANJA-1200x480-1.jpeg\" \/>\n\t<meta property=\"og:image:width\" content=\"1200\" \/>\n\t<meta property=\"og:image:height\" content=\"480\" \/>\n\t<meta property=\"og:image:type\" content=\"image\/jpeg\" \/>\n<meta name=\"author\" content=\"comunicacionnewman\" \/>\n<meta name=\"twitter:card\" content=\"summary_large_image\" \/>\n<meta name=\"twitter:label1\" content=\"Escrito por\" \/>\n\t<meta name=\"twitter:data1\" content=\"comunicacionnewman\" \/>\n\t<meta name=\"twitter:label2\" content=\"Tiempo de lectura\" \/>\n\t<meta name=\"twitter:data2\" content=\"1 minuto\" \/>\n<script type=\"application\/ld+json\" class=\"yoast-schema-graph\">{\"@context\":\"https:\\\/\\\/schema.org\",\"@graph\":[{\"@type\":\"Article\",\"@id\":\"https:\\\/\\\/www.colegionewman.org\\\/excursion-de-los-dragones-newman-a-la-granja-escuela-albitana\\\/#article\",\"isPartOf\":{\"@id\":\"https:\\\/\\\/www.colegionewman.org\\\/excursion-de-los-dragones-newman-a-la-granja-escuela-albitana\\\/\"},\"author\":{\"name\":\"comunicacionnewman\",\"@id\":\"https:\\\/\\\/www.colegionewman.org\\\/#\\\/schema\\\/person\\\/2799c0d82b571b9f7abb79410090fab8\"},\"headline\":\"Excursi\u00f3n de los Dragones Newman a la Granja Escuela Albitana\",\"datePublished\":\"2023-10-12T07:36:36+00:00\",\"dateModified\":\"2024-01-23T10:05:38+00:00\",\"mainEntityOfPage\":{\"@id\":\"https:\\\/\\\/www.colegionewman.org\\\/excursion-de-los-dragones-newman-a-la-granja-escuela-albitana\\\/\"},\"wordCount\":99,\"commentCount\":0,\"publisher\":{\"@id\":\"https:\\\/\\\/www.colegionewman.org\\\/#organization\"},\"image\":{\"@id\":\"https:\\\/\\\/www.colegionewman.org\\\/excursion-de-los-dragones-newman-a-la-granja-escuela-albitana\\\/#primaryimage\"},\"thumbnailUrl\":\"https:\\\/\\\/www.colegionewman.org\\\/wp-content\\\/uploads\\\/2023\\\/10\\\/COLEGIO-NEWMAN-INFANTIL-GRANJA-1200x480-1.jpeg\",\"keywords\":[\"Colegio Newman\",\"excursi\u00f3n\",\"Granja Escuela Albitana\",\"Infantil\"],\"articleSection\":[\"Colegio\",\"Infantil\",\"Noticias\",\"Prensa\"],\"inLanguage\":\"es\",\"potentialAction\":[{\"@type\":\"CommentAction\",\"name\":\"Comment\",\"target\":[\"https:\\\/\\\/www.colegionewman.org\\\/excursion-de-los-dragones-newman-a-la-granja-escuela-albitana\\\/#respond\"]}]},{\"@type\":\"WebPage\",\"@id\":\"https:\\\/\\\/www.colegionewman.org\\\/excursion-de-los-dragones-newman-a-la-granja-escuela-albitana\\\/\",\"url\":\"https:\\\/\\\/www.colegionewman.org\\\/excursion-de-los-dragones-newman-a-la-granja-escuela-albitana\\\/\",\"name\":\"Visita a granja escuela con alumnado de Primaria\",\"isPartOf\":{\"@id\":\"https:\\\/\\\/www.colegionewman.org\\\/#website\"},\"primaryImageOfPage\":{\"@id\":\"https:\\\/\\\/www.colegionewman.org\\\/excursion-de-los-dragones-newman-a-la-granja-escuela-albitana\\\/#primaryimage\"},\"image\":{\"@id\":\"https:\\\/\\\/www.colegionewman.org\\\/excursion-de-los-dragones-newman-a-la-granja-escuela-albitana\\\/#primaryimage\"},\"thumbnailUrl\":\"https:\\\/\\\/www.colegionewman.org\\\/wp-content\\\/uploads\\\/2023\\\/10\\\/COLEGIO-NEWMAN-INFANTIL-GRANJA-1200x480-1.jpeg\",\"datePublished\":\"2023-10-12T07:36:36+00:00\",\"dateModified\":\"2024-01-23T10:05:38+00:00\",\"description\":\"Los m\u00e1s peque\u00f1os del colegio educaci\u00f3n infantil visitan la granja escuela Albitana y aprenden con animales.\",\"breadcrumb\":{\"@id\":\"https:\\\/\\\/www.colegionewman.org\\\/excursion-de-los-dragones-newman-a-la-granja-escuela-albitana\\\/#breadcrumb\"},\"inLanguage\":\"es\",\"potentialAction\":[{\"@type\":\"ReadAction\",\"target\":[\"https:\\\/\\\/www.colegionewman.org\\\/excursion-de-los-dragones-newman-a-la-granja-escuela-albitana\\\/\"]}]},{\"@type\":\"ImageObject\",\"inLanguage\":\"es\",\"@id\":\"https:\\\/\\\/www.colegionewman.org\\\/excursion-de-los-dragones-newman-a-la-granja-escuela-albitana\\\/#primaryimage\",\"url\":\"https:\\\/\\\/www.colegionewman.org\\\/wp-content\\\/uploads\\\/2023\\\/10\\\/COLEGIO-NEWMAN-INFANTIL-GRANJA-1200x480-1.jpeg\",\"contentUrl\":\"https:\\\/\\\/www.colegionewman.org\\\/wp-content\\\/uploads\\\/2023\\\/10\\\/COLEGIO-NEWMAN-INFANTIL-GRANJA-1200x480-1.jpeg\",\"width\":1200,\"height\":480,\"caption\":\"Videoconferencia formativa con estudiantes de los institutos concertados Madrid.\"},{\"@type\":\"BreadcrumbList\",\"@id\":\"https:\\\/\\\/www.colegionewman.org\\\/excursion-de-los-dragones-newman-a-la-granja-escuela-albitana\\\/#breadcrumb\",\"itemListElement\":[{\"@type\":\"ListItem\",\"position\":1,\"name\":\"Portada\",\"item\":\"https:\\\/\\\/www.colegionewman.org\\\/\"},{\"@type\":\"ListItem\",\"position\":2,\"name\":\"Excursi\u00f3n de los Dragones Newman a la Granja Escuela Albitana\"}]},{\"@type\":\"WebSite\",\"@id\":\"https:\\\/\\\/www.colegionewman.org\\\/#website\",\"url\":\"https:\\\/\\\/www.colegionewman.org\\\/\",\"name\":\"Colegio Internacional J.H. Newman\",\"description\":\"Un colegio que te abre al mundo\",\"publisher\":{\"@id\":\"https:\\\/\\\/www.colegionewman.org\\\/#organization\"},\"alternateName\":\"Colegio Newman\",\"potentialAction\":[{\"@type\":\"SearchAction\",\"target\":{\"@type\":\"EntryPoint\",\"urlTemplate\":\"https:\\\/\\\/www.colegionewman.org\\\/?s={search_term_string}\"},\"query-input\":{\"@type\":\"PropertyValueSpecification\",\"valueRequired\":true,\"valueName\":\"search_term_string\"}}],\"inLanguage\":\"es\"},{\"@type\":\"Organization\",\"@id\":\"https:\\\/\\\/www.colegionewman.org\\\/#organization\",\"name\":\"Colegio Internacional J.H. Newman\",\"alternateName\":\"Colegio Newman\",\"url\":\"https:\\\/\\\/www.colegionewman.org\\\/\",\"logo\":{\"@type\":\"ImageObject\",\"inLanguage\":\"es\",\"@id\":\"https:\\\/\\\/www.colegionewman.org\\\/#\\\/schema\\\/logo\\\/image\\\/\",\"url\":\"https:\\\/\\\/www.colegionewman.org\\\/wp-content\\\/uploads\\\/logo_mini_newman_Mesa-de-trabajo-1.png\",\"contentUrl\":\"https:\\\/\\\/www.colegionewman.org\\\/wp-content\\\/uploads\\\/logo_mini_newman_Mesa-de-trabajo-1.png\",\"width\":750,\"height\":750,\"caption\":\"Colegio Internacional J.H. Newman\"},\"image\":{\"@id\":\"https:\\\/\\\/www.colegionewman.org\\\/#\\\/schema\\\/logo\\\/image\\\/\"},\"sameAs\":[\"https:\\\/\\\/www.instagram.com\\\/colegiojhnewman\\\/\",\"https:\\\/\\\/www.youtube.com\\\/channel\\\/UCUEVCANGRsznbp-DRfSrexw\",\"https:\\\/\\\/www.linkedin.com\\\/company\\\/colegio-internacional-jh-newman\"]},{\"@type\":\"Person\",\"@id\":\"https:\\\/\\\/www.colegionewman.org\\\/#\\\/schema\\\/person\\\/2799c0d82b571b9f7abb79410090fab8\",\"name\":\"comunicacionnewman\",\"image\":{\"@type\":\"ImageObject\",\"inLanguage\":\"es\",\"@id\":\"https:\\\/\\\/secure.gravatar.com\\\/avatar\\\/d27069ebe1333a06be57ea6fc363509158ffbff50e35630dc631005391d81c95?s=96&d=mm&r=g\",\"url\":\"https:\\\/\\\/secure.gravatar.com\\\/avatar\\\/d27069ebe1333a06be57ea6fc363509158ffbff50e35630dc631005391d81c95?s=96&d=mm&r=g\",\"contentUrl\":\"https:\\\/\\\/secure.gravatar.com\\\/avatar\\\/d27069ebe1333a06be57ea6fc363509158ffbff50e35630dc631005391d81c95?s=96&d=mm&r=g\",\"caption\":\"comunicacionnewman\"},\"url\":\"https:\\\/\\\/www.colegionewman.org\\\/es_es\\\/author\\\/comunicacionnewman\\\/\"}]}<\/script>\n<!-- \/ Yoast SEO plugin. -->","yoast_head_json":{"title":"Visita a granja escuela con alumnado de Primaria","description":"Los m\u00e1s peque\u00f1os del colegio educaci\u00f3n infantil visitan la granja escuela Albitana y aprenden con animales.","robots":{"index":"index","follow":"follow","max-snippet":"max-snippet:-1","max-image-preview":"max-image-preview:large","max-video-preview":"max-video-preview:-1"},"canonical":"https:\/\/www.colegionewman.org\/es_es\/excursion-de-los-dragones-newman-a-la-granja-escuela-albitana\/","og_locale":"es_ES","og_type":"article","og_title":"Visita a granja escuela con alumnado de Primaria","og_description":"Los m\u00e1s peque\u00f1os del colegio educaci\u00f3n infantil visitan la granja escuela Albitana y aprenden con animales.","og_url":"https:\/\/www.colegionewman.org\/es_es\/excursion-de-los-dragones-newman-a-la-granja-escuela-albitana\/","og_site_name":"Colegio Internacional J.H. Newman","article_published_time":"2023-10-12T07:36:36+00:00","article_modified_time":"2024-01-23T10:05:38+00:00","og_image":[{"width":1200,"height":480,"url":"https:\/\/www.colegionewman.org\/wp-content\/uploads\/2023\/10\/COLEGIO-NEWMAN-INFANTIL-GRANJA-1200x480-1.jpeg","type":"image\/jpeg"}],"author":"comunicacionnewman","twitter_card":"summary_large_image","twitter_misc":{"Escrito por":"comunicacionnewman","Tiempo de lectura":"1 minuto"},"schema":{"@context":"https:\/\/schema.org","@graph":[{"@type":"Article","@id":"https:\/\/www.colegionewman.org\/excursion-de-los-dragones-newman-a-la-granja-escuela-albitana\/#article","isPartOf":{"@id":"https:\/\/www.colegionewman.org\/excursion-de-los-dragones-newman-a-la-granja-escuela-albitana\/"},"author":{"name":"comunicacionnewman","@id":"https:\/\/www.colegionewman.org\/#\/schema\/person\/2799c0d82b571b9f7abb79410090fab8"},"headline":"Excursi\u00f3n de los Dragones Newman a la Granja Escuela Albitana","datePublished":"2023-10-12T07:36:36+00:00","dateModified":"2024-01-23T10:05:38+00:00","mainEntityOfPage":{"@id":"https:\/\/www.colegionewman.org\/excursion-de-los-dragones-newman-a-la-granja-escuela-albitana\/"},"wordCount":99,"commentCount":0,"publisher":{"@id":"https:\/\/www.colegionewman.org\/#organization"},"image":{"@id":"https:\/\/www.colegionewman.org\/excursion-de-los-dragones-newman-a-la-granja-escuela-albitana\/#primaryimage"},"thumbnailUrl":"https:\/\/www.colegionewman.org\/wp-content\/uploads\/2023\/10\/COLEGIO-NEWMAN-INFANTIL-GRANJA-1200x480-1.jpeg","keywords":["Colegio Newman","excursi\u00f3n","Granja Escuela Albitana","Infantil"],"articleSection":["Colegio","Infantil","Noticias","Prensa"],"inLanguage":"es","potentialAction":[{"@type":"CommentAction","name":"Comment","target":["https:\/\/www.colegionewman.org\/excursion-de-los-dragones-newman-a-la-granja-escuela-albitana\/#respond"]}]},{"@type":"WebPage","@id":"https:\/\/www.colegionewman.org\/excursion-de-los-dragones-newman-a-la-granja-escuela-albitana\/","url":"https:\/\/www.colegionewman.org\/excursion-de-los-dragones-newman-a-la-granja-escuela-albitana\/","name":"Visita a granja escuela con alumnado de Primaria","isPartOf":{"@id":"https:\/\/www.colegionewman.org\/#website"},"primaryImageOfPage":{"@id":"https:\/\/www.colegionewman.org\/excursion-de-los-dragones-newman-a-la-granja-escuela-albitana\/#primaryimage"},"image":{"@id":"https:\/\/www.colegionewman.org\/excursion-de-los-dragones-newman-a-la-granja-escuela-albitana\/#primaryimage"},"thumbnailUrl":"https:\/\/www.colegionewman.org\/wp-content\/uploads\/2023\/10\/COLEGIO-NEWMAN-INFANTIL-GRANJA-1200x480-1.jpeg","datePublished":"2023-10-12T07:36:36+00:00","dateModified":"2024-01-23T10:05:38+00:00","description":"Los m\u00e1s peque\u00f1os del colegio educaci\u00f3n infantil visitan la granja escuela Albitana y aprenden con animales.","breadcrumb":{"@id":"https:\/\/www.colegionewman.org\/excursion-de-los-dragones-newman-a-la-granja-escuela-albitana\/#breadcrumb"},"inLanguage":"es","potentialAction":[{"@type":"ReadAction","target":["https:\/\/www.colegionewman.org\/excursion-de-los-dragones-newman-a-la-granja-escuela-albitana\/"]}]},{"@type":"ImageObject","inLanguage":"es","@id":"https:\/\/www.colegionewman.org\/excursion-de-los-dragones-newman-a-la-granja-escuela-albitana\/#primaryimage","url":"https:\/\/www.colegionewman.org\/wp-content\/uploads\/2023\/10\/COLEGIO-NEWMAN-INFANTIL-GRANJA-1200x480-1.jpeg","contentUrl":"https:\/\/www.colegionewman.org\/wp-content\/uploads\/2023\/10\/COLEGIO-NEWMAN-INFANTIL-GRANJA-1200x480-1.jpeg","width":1200,"height":480,"caption":"Videoconferencia formativa con estudiantes de los institutos concertados Madrid."},{"@type":"BreadcrumbList","@id":"https:\/\/www.colegionewman.org\/excursion-de-los-dragones-newman-a-la-granja-escuela-albitana\/#breadcrumb","itemListElement":[{"@type":"ListItem","position":1,"name":"Portada","item":"https:\/\/www.colegionewman.org\/"},{"@type":"ListItem","position":2,"name":"Excursi\u00f3n de los Dragones Newman a la Granja Escuela Albitana"}]},{"@type":"WebSite","@id":"https:\/\/www.colegionewman.org\/#website","url":"https:\/\/www.colegionewman.org\/","name":"Colegio Internacional J.H. Newman","description":"Un colegio que te abre al mundo","publisher":{"@id":"https:\/\/www.colegionewman.org\/#organization"},"alternateName":"Colegio Newman","potentialAction":[{"@type":"SearchAction","target":{"@type":"EntryPoint","urlTemplate":"https:\/\/www.colegionewman.org\/?s={search_term_string}"},"query-input":{"@type":"PropertyValueSpecification","valueRequired":true,"valueName":"search_term_string"}}],"inLanguage":"es"},{"@type":"Organization","@id":"https:\/\/www.colegionewman.org\/#organization","name":"Colegio Internacional J.H. Newman","alternateName":"Colegio Newman","url":"https:\/\/www.colegionewman.org\/","logo":{"@type":"ImageObject","inLanguage":"es","@id":"https:\/\/www.colegionewman.org\/#\/schema\/logo\/image\/","url":"https:\/\/www.colegionewman.org\/wp-content\/uploads\/logo_mini_newman_Mesa-de-trabajo-1.png","contentUrl":"https:\/\/www.colegionewman.org\/wp-content\/uploads\/logo_mini_newman_Mesa-de-trabajo-1.png","width":750,"height":750,"caption":"Colegio Internacional J.H. Newman"},"image":{"@id":"https:\/\/www.colegionewman.org\/#\/schema\/logo\/image\/"},"sameAs":["https:\/\/www.instagram.com\/colegiojhnewman\/","https:\/\/www.youtube.com\/channel\/UCUEVCANGRsznbp-DRfSrexw","https:\/\/www.linkedin.com\/company\/colegio-internacional-jh-newman"]},{"@type":"Person","@id":"https:\/\/www.colegionewman.org\/#\/schema\/person\/2799c0d82b571b9f7abb79410090fab8","name":"comunicacionnewman","image":{"@type":"ImageObject","inLanguage":"es","@id":"https:\/\/secure.gravatar.com\/avatar\/d27069ebe1333a06be57ea6fc363509158ffbff50e35630dc631005391d81c95?s=96&d=mm&r=g","url":"https:\/\/secure.gravatar.com\/avatar\/d27069ebe1333a06be57ea6fc363509158ffbff50e35630dc631005391d81c95?s=96&d=mm&r=g","contentUrl":"https:\/\/secure.gravatar.com\/avatar\/d27069ebe1333a06be57ea6fc363509158ffbff50e35630dc631005391d81c95?s=96&d=mm&r=g","caption":"comunicacionnewman"},"url":"https:\/\/www.colegionewman.org\/es_es\/author\/comunicacionnewman\/"}]}},"_links":{"self":[{"href":"https:\/\/www.colegionewman.org\/es_es\/wp-json\/wp\/v2\/posts\/28346","targetHints":{"allow":["GET"]}}],"collection":[{"href":"https:\/\/www.colegionewman.org\/es_es\/wp-json\/wp\/v2\/posts"}],"about":[{"href":"https:\/\/www.colegionewman.org\/es_es\/wp-json\/wp\/v2\/types\/post"}],"author":[{"embeddable":true,"href":"https:\/\/www.colegionewman.org\/es_es\/wp-json\/wp\/v2\/users\/2"}],"replies":[{"embeddable":true,"href":"https:\/\/www.colegionewman.org\/es_es\/wp-json\/wp\/v2\/comments?post=28346"}],"version-history":[{"count":1,"href":"https:\/\/www.colegionewman.org\/es_es\/wp-json\/wp\/v2\/posts\/28346\/revisions"}],"predecessor-version":[{"id":28697,"href":"https:\/\/www.colegionewman.org\/es_es\/wp-json\/wp\/v2\/posts\/28346\/revisions\/28697"}],"wp:featuredmedia":[{"embeddable":true,"href":"https:\/\/www.colegionewman.org\/es_es\/wp-json\/wp\/v2\/media\/28696"}],"wp:attachment":[{"href":"https:\/\/www.colegionewman.org\/es_es\/wp-json\/wp\/v2\/media?parent=28346"}],"wp:term":[{"taxonomy":"category","embeddable":true,"href":"https:\/\/www.colegionewman.org\/es_es\/wp-json\/wp\/v2\/categories?post=28346"},{"taxonomy":"post_tag","embeddable":true,"href":"https:\/\/www.colegionewman.org\/es_es\/wp-json\/wp\/v2\/tags?post=28346"}],"curies":[{"name":"wp","href":"https:\/\/api.w.org\/{rel}","templated":true}]}}