{"id":28279,"date":"2023-09-30T11:57:40","date_gmt":"2023-09-30T09:57:40","guid":{"rendered":"https:\/\/www.colegionewman.org\/?p=28279"},"modified":"2024-01-23T11:13:10","modified_gmt":"2024-01-23T10:13:10","slug":"x-edicion-de-el-taller-del-orfebre-en-el-colegio-newman","status":"publish","type":"post","link":"https:\/\/www.colegionewman.org\/es_es\/x-edicion-de-el-taller-del-orfebre-en-el-colegio-newman\/","title":{"rendered":"X edici\u00f3n de \u00abEl Taller del Orfebre\u00bb en el colegio Newman"},"content":{"rendered":"<p>Un grupo de amigos, algunos padres del colegio, realizamos desde hace varios a\u00f1os un curso para matrimonios llamado El Taller del Orfebre, trabajando bajo el lema\u00a0\u00ab<b><i>UN RECORRIDO PARA DESCUBRIR TODA LA BELLEZA DEL MATRIMONIO\u00bb.<\/i><\/b><\/p>\n<p>Cada a\u00f1o que pasa estamos m\u00e1s convencidos de la belleza de la vocaci\u00f3n matrimonial y a la vez vemos con realismo las dificultades que hacen que la pareja \u201cdesaparezca\u201d y queden solo \u201clos padres\u201d.<span class=\"Apple-converted-space\">\u00a0<\/span><\/p>\n<p>Con este curso pretendemos hacer este recorrido en el doble sentido de hacer camino, de caminar, y en el de ir pasando por las diferentes circunstancias que constituyen la realidad matrimonial, porque estamos convencidos de que hay mucho que descubrir y sabemos, por propia experiencia, que eso que podemos descubrir es de una gran belleza.<\/p>\n<p>Como decimos en el Taller\u00a0<b>\u00abLA CURVA DEL AMOR ES SIEMPRE ASCENDENTE<\/b>\u00ab, la curva biol\u00f3gica va hacia abajo cuando envejecemos, pero el amor en la pareja, si se cuida y trabaja, va siempre a m\u00e1s: m\u00e1s ternura, m\u00e1s comunicaci\u00f3n, m\u00e1s complicidad, m\u00e1s amor, m\u00e1s pasi\u00f3n&#8230; sin embargo esto no sucede de forma \u00abespontanea\u00bb,\u00a0<b>hace falta una decisi\u00f3n personal y una formaci\u00f3n permanente que nos ayude a realizarlo.<\/b><\/p>\n<p>Nuestro segundo lema es: \u201cSi se puede estar m\u00e1s mejor, no tiene sentido estar m\u00e1s peor\u201d<\/p>\n<p>En el curso redescubriremos todas estas cosas, partiendo de aquello que nosotros consideramos El Fundamento, descubrir nuestro matrimonio como una vocaci\u00f3n, aprendiendo cual es la propuesta de Dios para nuestra relaci\u00f3n, siempre entiendo que el curso est\u00e1 abierto para todas las personas, creyentes y no creyentes, que tengan un deseo verdadero de vivir una relaci\u00f3n cada vez m\u00e1s humana, plena y preciosa.<\/p>\n<p>Los encuentros <b>son\u00a0una ma\u00f1ana de s\u00e1bado o domingo al mes en el aula multimedia del colegio J.H.Newman<\/b> de octubre a junio, comenzando el <b>s\u00e1bado 21 de octubre.<\/b><\/p>\n<p>Para solicitar plaza deber\u00e1 escribirse a la direcci\u00f3n: eltallerdelorfebre2023@gmail.com<\/p>\n<p>Aforo limitado: se confirmar\u00e1 plaza por estricto orden de solicitud.<\/p>\n<p>En la imagen tienes informaci\u00f3n con el calendario de fechas, los temas y la forma y precio para apuntarse.<\/p>\n<p>En el siguiente video puedes ver a dos de las personas que damos el curso, explicando con m\u00e1s detalle en qu\u00e9 consiste y cu\u00e1l ha sido nuestra experiencia al hacerlo.<\/p>\n<p>Un cordial saludo<\/p>\n<p>Equipo organizativo El Taller del Orfebre<\/p>\n<div class='avia-iframe-wrap'><iframe loading=\"lazy\" title=\"&quot;El Taller del Orfebre&quot;, un recorrido para no perderse lo mejor del matrimonio\" width=\"1500\" height=\"844\" src=\"https:\/\/www.youtube.com\/embed\/KKFV_yN6Wh8?feature=oembed\" frameborder=\"0\" allow=\"accelerometer; autoplay; clipboard-write; encrypted-media; gyroscope; picture-in-picture; web-share\" allowfullscreen><\/iframe><\/div>\n","protected":false},"excerpt":{"rendered":"<p>Un grupo de amigos, algunos padres del colegio, realizamos desde hace varios a\u00f1os un curso para matrimonios llamado El Taller del Orfebre, trabajando bajo el lema\u00a0\u00abUN RECORRIDO PARA DESCUBRIR TODA LA BELLEZA DEL MATRIMONIO\u00bb. Cada a\u00f1o que pasa estamos m\u00e1s convencidos de la belleza de la vocaci\u00f3n matrimonial y a la vez vemos con realismo [&hellip;]<\/p>\n","protected":false},"author":2,"featured_media":28704,"comment_status":"open","ping_status":"open","sticky":false,"template":"","format":"standard","meta":{"footnotes":""},"categories":[41,17,72,47,14,87,249,15,16],"tags":[26,501,1373,1374],"class_list":["post-28279","post","type-post","status-publish","format-standard","has-post-thumbnail","hentry","category-apa","category-bachillerato","category-colegio","category-eventos","category-infantil","category-noticias","category-prensa","category-primaria","category-secundaria","tag-colegio-newman","tag-curso","tag-matrimonio","tag-taller-del-orfebre"],"yoast_head":"<!-- This site is optimized with the Yoast SEO plugin v27.3 - https:\/\/yoast.com\/product\/yoast-seo-wordpress\/ -->\n<title>X Edici\u00f3n del Taller del Orfebre en el Colegio Newman<\/title>\n<meta name=\"description\" content=\"Nueva edici\u00f3n del Taller del Orfebre en el Colegio Newman, dentro de la semana de las artes.\" \/>\n<meta name=\"robots\" content=\"index, follow, max-snippet:-1, max-image-preview:large, max-video-preview:-1\" \/>\n<link rel=\"canonical\" href=\"https:\/\/www.colegionewman.org\/es_es\/x-edicion-de-el-taller-del-orfebre-en-el-colegio-newman\/\" \/>\n<meta property=\"og:locale\" content=\"es_ES\" \/>\n<meta property=\"og:type\" content=\"article\" \/>\n<meta property=\"og:title\" content=\"X Edici\u00f3n del Taller del Orfebre en el Colegio Newman\" \/>\n<meta property=\"og:description\" content=\"Nueva edici\u00f3n del Taller del Orfebre en el Colegio Newman, dentro de la semana de las artes.\" \/>\n<meta property=\"og:url\" content=\"https:\/\/www.colegionewman.org\/es_es\/x-edicion-de-el-taller-del-orfebre-en-el-colegio-newman\/\" \/>\n<meta property=\"og:site_name\" content=\"Colegio Internacional J.H. Newman\" \/>\n<meta property=\"article:published_time\" content=\"2023-09-30T09:57:40+00:00\" \/>\n<meta property=\"article:modified_time\" content=\"2024-01-23T10:13:10+00:00\" \/>\n<meta property=\"og:image\" content=\"https:\/\/www.colegionewman.org\/wp-content\/uploads\/2023\/09\/COLEGIO-NEWMAN-TALLER-DEL-ORFEBRE-1200x600-1.jpeg\" \/>\n\t<meta property=\"og:image:width\" content=\"1200\" \/>\n\t<meta property=\"og:image:height\" content=\"600\" \/>\n\t<meta property=\"og:image:type\" content=\"image\/jpeg\" \/>\n<meta name=\"author\" content=\"comunicacionnewman\" \/>\n<meta name=\"twitter:card\" content=\"summary_large_image\" \/>\n<meta name=\"twitter:label1\" content=\"Escrito por\" \/>\n\t<meta name=\"twitter:data1\" content=\"comunicacionnewman\" \/>\n\t<meta name=\"twitter:label2\" content=\"Tiempo de lectura\" \/>\n\t<meta name=\"twitter:data2\" content=\"2 minutos\" \/>\n<script type=\"application\/ld+json\" class=\"yoast-schema-graph\">{\"@context\":\"https:\\\/\\\/schema.org\",\"@graph\":[{\"@type\":\"Article\",\"@id\":\"https:\\\/\\\/www.colegionewman.org\\\/x-edicion-de-el-taller-del-orfebre-en-el-colegio-newman\\\/#article\",\"isPartOf\":{\"@id\":\"https:\\\/\\\/www.colegionewman.org\\\/x-edicion-de-el-taller-del-orfebre-en-el-colegio-newman\\\/\"},\"author\":{\"name\":\"comunicacionnewman\",\"@id\":\"https:\\\/\\\/www.colegionewman.org\\\/#\\\/schema\\\/person\\\/2799c0d82b571b9f7abb79410090fab8\"},\"headline\":\"X edici\u00f3n de \u00abEl Taller del Orfebre\u00bb en el colegio Newman\",\"datePublished\":\"2023-09-30T09:57:40+00:00\",\"dateModified\":\"2024-01-23T10:13:10+00:00\",\"mainEntityOfPage\":{\"@id\":\"https:\\\/\\\/www.colegionewman.org\\\/x-edicion-de-el-taller-del-orfebre-en-el-colegio-newman\\\/\"},\"wordCount\":426,\"commentCount\":0,\"publisher\":{\"@id\":\"https:\\\/\\\/www.colegionewman.org\\\/#organization\"},\"image\":{\"@id\":\"https:\\\/\\\/www.colegionewman.org\\\/x-edicion-de-el-taller-del-orfebre-en-el-colegio-newman\\\/#primaryimage\"},\"thumbnailUrl\":\"https:\\\/\\\/www.colegionewman.org\\\/wp-content\\\/uploads\\\/2023\\\/09\\\/COLEGIO-NEWMAN-TALLER-DEL-ORFEBRE-1200x600-1.jpeg\",\"keywords\":[\"Colegio Newman\",\"Curso\",\"matrimonio\",\"taller del orfebre\"],\"articleSection\":[\"AMPA\",\"Bachillerato\",\"Colegio\",\"Eventos\",\"Infantil\",\"Noticias\",\"Prensa\",\"Primaria\",\"Secundaria\"],\"inLanguage\":\"es\",\"potentialAction\":[{\"@type\":\"CommentAction\",\"name\":\"Comment\",\"target\":[\"https:\\\/\\\/www.colegionewman.org\\\/x-edicion-de-el-taller-del-orfebre-en-el-colegio-newman\\\/#respond\"]}]},{\"@type\":\"WebPage\",\"@id\":\"https:\\\/\\\/www.colegionewman.org\\\/x-edicion-de-el-taller-del-orfebre-en-el-colegio-newman\\\/\",\"url\":\"https:\\\/\\\/www.colegionewman.org\\\/x-edicion-de-el-taller-del-orfebre-en-el-colegio-newman\\\/\",\"name\":\"X Edici\u00f3n del Taller del Orfebre en el Colegio Newman\",\"isPartOf\":{\"@id\":\"https:\\\/\\\/www.colegionewman.org\\\/#website\"},\"primaryImageOfPage\":{\"@id\":\"https:\\\/\\\/www.colegionewman.org\\\/x-edicion-de-el-taller-del-orfebre-en-el-colegio-newman\\\/#primaryimage\"},\"image\":{\"@id\":\"https:\\\/\\\/www.colegionewman.org\\\/x-edicion-de-el-taller-del-orfebre-en-el-colegio-newman\\\/#primaryimage\"},\"thumbnailUrl\":\"https:\\\/\\\/www.colegionewman.org\\\/wp-content\\\/uploads\\\/2023\\\/09\\\/COLEGIO-NEWMAN-TALLER-DEL-ORFEBRE-1200x600-1.jpeg\",\"datePublished\":\"2023-09-30T09:57:40+00:00\",\"dateModified\":\"2024-01-23T10:13:10+00:00\",\"description\":\"Nueva edici\u00f3n del Taller del Orfebre en el Colegio Newman, dentro de la semana de las artes.\",\"breadcrumb\":{\"@id\":\"https:\\\/\\\/www.colegionewman.org\\\/x-edicion-de-el-taller-del-orfebre-en-el-colegio-newman\\\/#breadcrumb\"},\"inLanguage\":\"es\",\"potentialAction\":[{\"@type\":\"ReadAction\",\"target\":[\"https:\\\/\\\/www.colegionewman.org\\\/x-edicion-de-el-taller-del-orfebre-en-el-colegio-newman\\\/\"]}]},{\"@type\":\"ImageObject\",\"inLanguage\":\"es\",\"@id\":\"https:\\\/\\\/www.colegionewman.org\\\/x-edicion-de-el-taller-del-orfebre-en-el-colegio-newman\\\/#primaryimage\",\"url\":\"https:\\\/\\\/www.colegionewman.org\\\/wp-content\\\/uploads\\\/2023\\\/09\\\/COLEGIO-NEWMAN-TALLER-DEL-ORFEBRE-1200x600-1.jpeg\",\"contentUrl\":\"https:\\\/\\\/www.colegionewman.org\\\/wp-content\\\/uploads\\\/2023\\\/09\\\/COLEGIO-NEWMAN-TALLER-DEL-ORFEBRE-1200x600-1.jpeg\",\"width\":1200,\"height\":600,\"caption\":\"Estudiante realizando grabado art\u00edstico dentro del \u00e1rea creativa del colegio religioso Madrid.\"},{\"@type\":\"BreadcrumbList\",\"@id\":\"https:\\\/\\\/www.colegionewman.org\\\/x-edicion-de-el-taller-del-orfebre-en-el-colegio-newman\\\/#breadcrumb\",\"itemListElement\":[{\"@type\":\"ListItem\",\"position\":1,\"name\":\"Portada\",\"item\":\"https:\\\/\\\/www.colegionewman.org\\\/\"},{\"@type\":\"ListItem\",\"position\":2,\"name\":\"X edici\u00f3n de \u00abEl Taller del Orfebre\u00bb en el colegio Newman\"}]},{\"@type\":\"WebSite\",\"@id\":\"https:\\\/\\\/www.colegionewman.org\\\/#website\",\"url\":\"https:\\\/\\\/www.colegionewman.org\\\/\",\"name\":\"Colegio Internacional J.H. Newman\",\"description\":\"Un colegio que te abre al mundo\",\"publisher\":{\"@id\":\"https:\\\/\\\/www.colegionewman.org\\\/#organization\"},\"alternateName\":\"Colegio Newman\",\"potentialAction\":[{\"@type\":\"SearchAction\",\"target\":{\"@type\":\"EntryPoint\",\"urlTemplate\":\"https:\\\/\\\/www.colegionewman.org\\\/?s={search_term_string}\"},\"query-input\":{\"@type\":\"PropertyValueSpecification\",\"valueRequired\":true,\"valueName\":\"search_term_string\"}}],\"inLanguage\":\"es\"},{\"@type\":\"Organization\",\"@id\":\"https:\\\/\\\/www.colegionewman.org\\\/#organization\",\"name\":\"Colegio Internacional J.H. Newman\",\"alternateName\":\"Colegio Newman\",\"url\":\"https:\\\/\\\/www.colegionewman.org\\\/\",\"logo\":{\"@type\":\"ImageObject\",\"inLanguage\":\"es\",\"@id\":\"https:\\\/\\\/www.colegionewman.org\\\/#\\\/schema\\\/logo\\\/image\\\/\",\"url\":\"https:\\\/\\\/www.colegionewman.org\\\/wp-content\\\/uploads\\\/logo_mini_newman_Mesa-de-trabajo-1.png\",\"contentUrl\":\"https:\\\/\\\/www.colegionewman.org\\\/wp-content\\\/uploads\\\/logo_mini_newman_Mesa-de-trabajo-1.png\",\"width\":750,\"height\":750,\"caption\":\"Colegio Internacional J.H. Newman\"},\"image\":{\"@id\":\"https:\\\/\\\/www.colegionewman.org\\\/#\\\/schema\\\/logo\\\/image\\\/\"},\"sameAs\":[\"https:\\\/\\\/www.instagram.com\\\/colegiojhnewman\\\/\",\"https:\\\/\\\/www.youtube.com\\\/channel\\\/UCUEVCANGRsznbp-DRfSrexw\",\"https:\\\/\\\/www.linkedin.com\\\/company\\\/colegio-internacional-jh-newman\"]},{\"@type\":\"Person\",\"@id\":\"https:\\\/\\\/www.colegionewman.org\\\/#\\\/schema\\\/person\\\/2799c0d82b571b9f7abb79410090fab8\",\"name\":\"comunicacionnewman\",\"image\":{\"@type\":\"ImageObject\",\"inLanguage\":\"es\",\"@id\":\"https:\\\/\\\/secure.gravatar.com\\\/avatar\\\/d27069ebe1333a06be57ea6fc363509158ffbff50e35630dc631005391d81c95?s=96&d=mm&r=g\",\"url\":\"https:\\\/\\\/secure.gravatar.com\\\/avatar\\\/d27069ebe1333a06be57ea6fc363509158ffbff50e35630dc631005391d81c95?s=96&d=mm&r=g\",\"contentUrl\":\"https:\\\/\\\/secure.gravatar.com\\\/avatar\\\/d27069ebe1333a06be57ea6fc363509158ffbff50e35630dc631005391d81c95?s=96&d=mm&r=g\",\"caption\":\"comunicacionnewman\"},\"url\":\"https:\\\/\\\/www.colegionewman.org\\\/es_es\\\/author\\\/comunicacionnewman\\\/\"}]}<\/script>\n<!-- \/ Yoast SEO plugin. -->","yoast_head_json":{"title":"X Edici\u00f3n del Taller del Orfebre en el Colegio Newman","description":"Nueva edici\u00f3n del Taller del Orfebre en el Colegio Newman, dentro de la semana de las artes.","robots":{"index":"index","follow":"follow","max-snippet":"max-snippet:-1","max-image-preview":"max-image-preview:large","max-video-preview":"max-video-preview:-1"},"canonical":"https:\/\/www.colegionewman.org\/es_es\/x-edicion-de-el-taller-del-orfebre-en-el-colegio-newman\/","og_locale":"es_ES","og_type":"article","og_title":"X Edici\u00f3n del Taller del Orfebre en el Colegio Newman","og_description":"Nueva edici\u00f3n del Taller del Orfebre en el Colegio Newman, dentro de la semana de las artes.","og_url":"https:\/\/www.colegionewman.org\/es_es\/x-edicion-de-el-taller-del-orfebre-en-el-colegio-newman\/","og_site_name":"Colegio Internacional J.H. Newman","article_published_time":"2023-09-30T09:57:40+00:00","article_modified_time":"2024-01-23T10:13:10+00:00","og_image":[{"width":1200,"height":600,"url":"https:\/\/www.colegionewman.org\/wp-content\/uploads\/2023\/09\/COLEGIO-NEWMAN-TALLER-DEL-ORFEBRE-1200x600-1.jpeg","type":"image\/jpeg"}],"author":"comunicacionnewman","twitter_card":"summary_large_image","twitter_misc":{"Escrito por":"comunicacionnewman","Tiempo de lectura":"2 minutos"},"schema":{"@context":"https:\/\/schema.org","@graph":[{"@type":"Article","@id":"https:\/\/www.colegionewman.org\/x-edicion-de-el-taller-del-orfebre-en-el-colegio-newman\/#article","isPartOf":{"@id":"https:\/\/www.colegionewman.org\/x-edicion-de-el-taller-del-orfebre-en-el-colegio-newman\/"},"author":{"name":"comunicacionnewman","@id":"https:\/\/www.colegionewman.org\/#\/schema\/person\/2799c0d82b571b9f7abb79410090fab8"},"headline":"X edici\u00f3n de \u00abEl Taller del Orfebre\u00bb en el colegio Newman","datePublished":"2023-09-30T09:57:40+00:00","dateModified":"2024-01-23T10:13:10+00:00","mainEntityOfPage":{"@id":"https:\/\/www.colegionewman.org\/x-edicion-de-el-taller-del-orfebre-en-el-colegio-newman\/"},"wordCount":426,"commentCount":0,"publisher":{"@id":"https:\/\/www.colegionewman.org\/#organization"},"image":{"@id":"https:\/\/www.colegionewman.org\/x-edicion-de-el-taller-del-orfebre-en-el-colegio-newman\/#primaryimage"},"thumbnailUrl":"https:\/\/www.colegionewman.org\/wp-content\/uploads\/2023\/09\/COLEGIO-NEWMAN-TALLER-DEL-ORFEBRE-1200x600-1.jpeg","keywords":["Colegio Newman","Curso","matrimonio","taller del orfebre"],"articleSection":["AMPA","Bachillerato","Colegio","Eventos","Infantil","Noticias","Prensa","Primaria","Secundaria"],"inLanguage":"es","potentialAction":[{"@type":"CommentAction","name":"Comment","target":["https:\/\/www.colegionewman.org\/x-edicion-de-el-taller-del-orfebre-en-el-colegio-newman\/#respond"]}]},{"@type":"WebPage","@id":"https:\/\/www.colegionewman.org\/x-edicion-de-el-taller-del-orfebre-en-el-colegio-newman\/","url":"https:\/\/www.colegionewman.org\/x-edicion-de-el-taller-del-orfebre-en-el-colegio-newman\/","name":"X Edici\u00f3n del Taller del Orfebre en el Colegio Newman","isPartOf":{"@id":"https:\/\/www.colegionewman.org\/#website"},"primaryImageOfPage":{"@id":"https:\/\/www.colegionewman.org\/x-edicion-de-el-taller-del-orfebre-en-el-colegio-newman\/#primaryimage"},"image":{"@id":"https:\/\/www.colegionewman.org\/x-edicion-de-el-taller-del-orfebre-en-el-colegio-newman\/#primaryimage"},"thumbnailUrl":"https:\/\/www.colegionewman.org\/wp-content\/uploads\/2023\/09\/COLEGIO-NEWMAN-TALLER-DEL-ORFEBRE-1200x600-1.jpeg","datePublished":"2023-09-30T09:57:40+00:00","dateModified":"2024-01-23T10:13:10+00:00","description":"Nueva edici\u00f3n del Taller del Orfebre en el Colegio Newman, dentro de la semana de las artes.","breadcrumb":{"@id":"https:\/\/www.colegionewman.org\/x-edicion-de-el-taller-del-orfebre-en-el-colegio-newman\/#breadcrumb"},"inLanguage":"es","potentialAction":[{"@type":"ReadAction","target":["https:\/\/www.colegionewman.org\/x-edicion-de-el-taller-del-orfebre-en-el-colegio-newman\/"]}]},{"@type":"ImageObject","inLanguage":"es","@id":"https:\/\/www.colegionewman.org\/x-edicion-de-el-taller-del-orfebre-en-el-colegio-newman\/#primaryimage","url":"https:\/\/www.colegionewman.org\/wp-content\/uploads\/2023\/09\/COLEGIO-NEWMAN-TALLER-DEL-ORFEBRE-1200x600-1.jpeg","contentUrl":"https:\/\/www.colegionewman.org\/wp-content\/uploads\/2023\/09\/COLEGIO-NEWMAN-TALLER-DEL-ORFEBRE-1200x600-1.jpeg","width":1200,"height":600,"caption":"Estudiante realizando grabado art\u00edstico dentro del \u00e1rea creativa del colegio religioso Madrid."},{"@type":"BreadcrumbList","@id":"https:\/\/www.colegionewman.org\/x-edicion-de-el-taller-del-orfebre-en-el-colegio-newman\/#breadcrumb","itemListElement":[{"@type":"ListItem","position":1,"name":"Portada","item":"https:\/\/www.colegionewman.org\/"},{"@type":"ListItem","position":2,"name":"X edici\u00f3n de \u00abEl Taller del Orfebre\u00bb en el colegio Newman"}]},{"@type":"WebSite","@id":"https:\/\/www.colegionewman.org\/#website","url":"https:\/\/www.colegionewman.org\/","name":"Colegio Internacional J.H. Newman","description":"Un colegio que te abre al mundo","publisher":{"@id":"https:\/\/www.colegionewman.org\/#organization"},"alternateName":"Colegio Newman","potentialAction":[{"@type":"SearchAction","target":{"@type":"EntryPoint","urlTemplate":"https:\/\/www.colegionewman.org\/?s={search_term_string}"},"query-input":{"@type":"PropertyValueSpecification","valueRequired":true,"valueName":"search_term_string"}}],"inLanguage":"es"},{"@type":"Organization","@id":"https:\/\/www.colegionewman.org\/#organization","name":"Colegio Internacional J.H. Newman","alternateName":"Colegio Newman","url":"https:\/\/www.colegionewman.org\/","logo":{"@type":"ImageObject","inLanguage":"es","@id":"https:\/\/www.colegionewman.org\/#\/schema\/logo\/image\/","url":"https:\/\/www.colegionewman.org\/wp-content\/uploads\/logo_mini_newman_Mesa-de-trabajo-1.png","contentUrl":"https:\/\/www.colegionewman.org\/wp-content\/uploads\/logo_mini_newman_Mesa-de-trabajo-1.png","width":750,"height":750,"caption":"Colegio Internacional J.H. Newman"},"image":{"@id":"https:\/\/www.colegionewman.org\/#\/schema\/logo\/image\/"},"sameAs":["https:\/\/www.instagram.com\/colegiojhnewman\/","https:\/\/www.youtube.com\/channel\/UCUEVCANGRsznbp-DRfSrexw","https:\/\/www.linkedin.com\/company\/colegio-internacional-jh-newman"]},{"@type":"Person","@id":"https:\/\/www.colegionewman.org\/#\/schema\/person\/2799c0d82b571b9f7abb79410090fab8","name":"comunicacionnewman","image":{"@type":"ImageObject","inLanguage":"es","@id":"https:\/\/secure.gravatar.com\/avatar\/d27069ebe1333a06be57ea6fc363509158ffbff50e35630dc631005391d81c95?s=96&d=mm&r=g","url":"https:\/\/secure.gravatar.com\/avatar\/d27069ebe1333a06be57ea6fc363509158ffbff50e35630dc631005391d81c95?s=96&d=mm&r=g","contentUrl":"https:\/\/secure.gravatar.com\/avatar\/d27069ebe1333a06be57ea6fc363509158ffbff50e35630dc631005391d81c95?s=96&d=mm&r=g","caption":"comunicacionnewman"},"url":"https:\/\/www.colegionewman.org\/es_es\/author\/comunicacionnewman\/"}]}},"_links":{"self":[{"href":"https:\/\/www.colegionewman.org\/es_es\/wp-json\/wp\/v2\/posts\/28279","targetHints":{"allow":["GET"]}}],"collection":[{"href":"https:\/\/www.colegionewman.org\/es_es\/wp-json\/wp\/v2\/posts"}],"about":[{"href":"https:\/\/www.colegionewman.org\/es_es\/wp-json\/wp\/v2\/types\/post"}],"author":[{"embeddable":true,"href":"https:\/\/www.colegionewman.org\/es_es\/wp-json\/wp\/v2\/users\/2"}],"replies":[{"embeddable":true,"href":"https:\/\/www.colegionewman.org\/es_es\/wp-json\/wp\/v2\/comments?post=28279"}],"version-history":[{"count":1,"href":"https:\/\/www.colegionewman.org\/es_es\/wp-json\/wp\/v2\/posts\/28279\/revisions"}],"predecessor-version":[{"id":28705,"href":"https:\/\/www.colegionewman.org\/es_es\/wp-json\/wp\/v2\/posts\/28279\/revisions\/28705"}],"wp:featuredmedia":[{"embeddable":true,"href":"https:\/\/www.colegionewman.org\/es_es\/wp-json\/wp\/v2\/media\/28704"}],"wp:attachment":[{"href":"https:\/\/www.colegionewman.org\/es_es\/wp-json\/wp\/v2\/media?parent=28279"}],"wp:term":[{"taxonomy":"category","embeddable":true,"href":"https:\/\/www.colegionewman.org\/es_es\/wp-json\/wp\/v2\/categories?post=28279"},{"taxonomy":"post_tag","embeddable":true,"href":"https:\/\/www.colegionewman.org\/es_es\/wp-json\/wp\/v2\/tags?post=28279"}],"curies":[{"name":"wp","href":"https:\/\/api.w.org\/{rel}","templated":true}]}}