{"id":27920,"date":"2023-06-13T09:27:24","date_gmt":"2023-06-13T07:27:24","guid":{"rendered":"https:\/\/www.colegionewman.org\/?p=27920"},"modified":"2024-01-23T11:37:12","modified_gmt":"2024-01-23T10:37:12","slug":"eugenio-nasarre-participa-en-el-encuentro-sobre-la-transicion-espanola","status":"publish","type":"post","link":"https:\/\/www.colegionewman.org\/es_es\/eugenio-nasarre-participa-en-el-encuentro-sobre-la-transicion-espanola\/","title":{"rendered":"Eugenio Nasarre participa en el encuentro sobre La Transici\u00f3n Espa\u00f1ola"},"content":{"rendered":"<p>El 12 de junio, auspiciado por Scholaris, cinco colegios de Madrid (Stella Maris La Gavia, San Agust\u00edn\u00a0Los Negrales, San Ignacio de Loyola Torrelodones, G. Nicoli y J. H. Newman) tuvimos un encuentro en el sal\u00f3n de actos del colegio con el t\u00edtulo \u00ab\u00bfSigue siendo actual la Transici\u00f3n?\u00bb. Alumnos y profesores de los cinco centros nos reunimos para estudiar, primero, las l\u00edneas esenciales del proceso que llev\u00f3 a Espa\u00f1a desde la dictadura franquista hasta la democracia actual, a trav\u00e9s de la exposici\u00f3n que prepararon nuestros alumnos del Observatorio de la Actualidad. Pablo Organero, alumno de 2\u00ba de Bachillerato, explic\u00f3 las l\u00edneas fundamentales, y Ana de Haro, M\u00f3nica Fuentes y Hannah Hitchings, alumnas de 1\u00ba de Bachillerato, hicieron visitas guiadas a sus compa\u00f1eros del Newman y de los otros colegios.<\/p>\n<p>A continuaci\u00f3n tuvimos en honor de contar con Eugenio Nasarre, que adem\u00e1s de haber sido diputado en el Congreso, ocup\u00f3 importantes cargos en los gobiernos de Adolfo Su\u00e1rez y Jos\u00e9 Mar\u00eda Aznar, quien nos relat\u00f3 su experiencia personal en primera l\u00ednea durante la Transici\u00f3n y nos aport\u00f3 interesantes datos para comprender su valor tanto entonces como ahora, suscitando un interesant\u00edsimo di\u00e1logo posterior.<\/p>\n<p>Al finalizar el acto se hizo entrega de los premios a los mejores trabajos de profundizaci\u00f3n en el tema elaborados por los alumnos de todos los centros.<\/p>\n<p>Con este encuentro cerramos el ciclo anual de colaboraci\u00f3n entre los cinco colegios, que ha consistido en un encuentro deportivo (celebrado en el colegio de Los Negrales), un encuentro art\u00edstico (en Stella Maris) y este encuentro sobre la actualidad y la historia, cubriendo as\u00ed dimensiones esenciales para el desarrollo de nuestros alumnos.<\/p>\n<div class='avia-iframe-wrap'><iframe loading=\"lazy\" title=\"Encuentro sobre La Transici\u00f3n Esp\u00f1ola en el Observatorio de la actualidad\" width=\"1500\" height=\"844\" src=\"https:\/\/www.youtube.com\/embed\/naKscFylpag?feature=oembed\" frameborder=\"0\" allow=\"accelerometer; autoplay; clipboard-write; encrypted-media; gyroscope; picture-in-picture; web-share\" allowfullscreen><\/iframe><\/div>\n","protected":false},"excerpt":{"rendered":"<p>El 12 de junio, auspiciado por Scholaris, cinco colegios de Madrid (Stella Maris La Gavia, San Agust\u00edn\u00a0Los Negrales, San Ignacio de Loyola Torrelodones, G. Nicoli y J. H. Newman) tuvimos un encuentro en el sal\u00f3n de actos del colegio con el t\u00edtulo \u00ab\u00bfSigue siendo actual la Transici\u00f3n?\u00bb. Alumnos y profesores de los cinco centros nos [&hellip;]<\/p>\n","protected":false},"author":2,"featured_media":28729,"comment_status":"open","ping_status":"open","sticky":false,"template":"","format":"standard","meta":{"footnotes":""},"categories":[17,72,47,87,249,16],"tags":[1355,26,1356],"class_list":["post-27920","post","type-post","status-publish","format-standard","has-post-thumbnail","hentry","category-bachillerato","category-colegio","category-eventos","category-noticias","category-prensa","category-secundaria","tag-adolfo-suarez","tag-colegio-newman","tag-eugenio-nasarre"],"yoast_head":"<!-- This site is optimized with the Yoast SEO plugin v27.5 - https:\/\/yoast.com\/product\/yoast-seo-wordpress\/ -->\n<title>Encuentro educativo y metodolog\u00edas educativas<\/title>\n<meta name=\"description\" content=\"Eugenio Nasarre participa en un encuentro educativo organizado por el Colegio Newman.\" \/>\n<meta name=\"robots\" content=\"index, follow, max-snippet:-1, max-image-preview:large, max-video-preview:-1\" \/>\n<link rel=\"canonical\" href=\"https:\/\/www.colegionewman.org\/es_es\/eugenio-nasarre-participa-en-el-encuentro-sobre-la-transicion-espanola\/\" \/>\n<meta property=\"og:locale\" content=\"es_ES\" \/>\n<meta property=\"og:type\" content=\"article\" \/>\n<meta property=\"og:title\" content=\"Encuentro educativo y metodolog\u00edas educativas\" \/>\n<meta property=\"og:description\" content=\"Eugenio Nasarre participa en un encuentro educativo organizado por el Colegio Newman.\" \/>\n<meta property=\"og:url\" content=\"https:\/\/www.colegionewman.org\/es_es\/eugenio-nasarre-participa-en-el-encuentro-sobre-la-transicion-espanola\/\" \/>\n<meta property=\"og:site_name\" content=\"Colegio Internacional J.H. Newman\" \/>\n<meta property=\"article:published_time\" content=\"2023-06-13T07:27:24+00:00\" \/>\n<meta property=\"article:modified_time\" content=\"2024-01-23T10:37:12+00:00\" \/>\n<meta property=\"og:image\" content=\"https:\/\/www.colegionewman.org\/wp-content\/uploads\/2023\/06\/colegio-newman-transicion-1200x600-1.jpeg\" \/>\n\t<meta property=\"og:image:width\" content=\"1200\" \/>\n\t<meta property=\"og:image:height\" content=\"600\" \/>\n\t<meta property=\"og:image:type\" content=\"image\/jpeg\" \/>\n<meta name=\"author\" content=\"comunicacionnewman\" \/>\n<meta name=\"twitter:card\" content=\"summary_large_image\" \/>\n<meta name=\"twitter:label1\" content=\"Escrito por\" \/>\n\t<meta name=\"twitter:data1\" content=\"comunicacionnewman\" \/>\n\t<meta name=\"twitter:label2\" content=\"Tiempo de lectura\" \/>\n\t<meta name=\"twitter:data2\" content=\"2 minutos\" \/>\n<script type=\"application\/ld+json\" class=\"yoast-schema-graph\">{\"@context\":\"https:\\\/\\\/schema.org\",\"@graph\":[{\"@type\":\"Article\",\"@id\":\"https:\\\/\\\/www.colegionewman.org\\\/eugenio-nasarre-participa-en-el-encuentro-sobre-la-transicion-espanola\\\/#article\",\"isPartOf\":{\"@id\":\"https:\\\/\\\/www.colegionewman.org\\\/eugenio-nasarre-participa-en-el-encuentro-sobre-la-transicion-espanola\\\/\"},\"author\":{\"name\":\"comunicacionnewman\",\"@id\":\"https:\\\/\\\/www.colegionewman.org\\\/#\\\/schema\\\/person\\\/2799c0d82b571b9f7abb79410090fab8\"},\"headline\":\"Eugenio Nasarre participa en el encuentro sobre La Transici\u00f3n Espa\u00f1ola\",\"datePublished\":\"2023-06-13T07:27:24+00:00\",\"dateModified\":\"2024-01-23T10:37:12+00:00\",\"mainEntityOfPage\":{\"@id\":\"https:\\\/\\\/www.colegionewman.org\\\/eugenio-nasarre-participa-en-el-encuentro-sobre-la-transicion-espanola\\\/\"},\"wordCount\":310,\"commentCount\":0,\"publisher\":{\"@id\":\"https:\\\/\\\/www.colegionewman.org\\\/#organization\"},\"image\":{\"@id\":\"https:\\\/\\\/www.colegionewman.org\\\/eugenio-nasarre-participa-en-el-encuentro-sobre-la-transicion-espanola\\\/#primaryimage\"},\"thumbnailUrl\":\"https:\\\/\\\/www.colegionewman.org\\\/wp-content\\\/uploads\\\/2023\\\/06\\\/colegio-newman-transicion-1200x600-1.jpeg\",\"keywords\":[\"adolfo su\u00e1rez\",\"Colegio Newman\",\"eugenio nasarre\"],\"articleSection\":[\"Bachillerato\",\"Colegio\",\"Eventos\",\"Noticias\",\"Prensa\",\"Secundaria\"],\"inLanguage\":\"es\",\"potentialAction\":[{\"@type\":\"CommentAction\",\"name\":\"Comment\",\"target\":[\"https:\\\/\\\/www.colegionewman.org\\\/eugenio-nasarre-participa-en-el-encuentro-sobre-la-transicion-espanola\\\/#respond\"]}]},{\"@type\":\"WebPage\",\"@id\":\"https:\\\/\\\/www.colegionewman.org\\\/eugenio-nasarre-participa-en-el-encuentro-sobre-la-transicion-espanola\\\/\",\"url\":\"https:\\\/\\\/www.colegionewman.org\\\/eugenio-nasarre-participa-en-el-encuentro-sobre-la-transicion-espanola\\\/\",\"name\":\"Encuentro educativo y metodolog\u00edas educativas\",\"isPartOf\":{\"@id\":\"https:\\\/\\\/www.colegionewman.org\\\/#website\"},\"primaryImageOfPage\":{\"@id\":\"https:\\\/\\\/www.colegionewman.org\\\/eugenio-nasarre-participa-en-el-encuentro-sobre-la-transicion-espanola\\\/#primaryimage\"},\"image\":{\"@id\":\"https:\\\/\\\/www.colegionewman.org\\\/eugenio-nasarre-participa-en-el-encuentro-sobre-la-transicion-espanola\\\/#primaryimage\"},\"thumbnailUrl\":\"https:\\\/\\\/www.colegionewman.org\\\/wp-content\\\/uploads\\\/2023\\\/06\\\/colegio-newman-transicion-1200x600-1.jpeg\",\"datePublished\":\"2023-06-13T07:27:24+00:00\",\"dateModified\":\"2024-01-23T10:37:12+00:00\",\"description\":\"Eugenio Nasarre participa en un encuentro educativo organizado por el Colegio Newman.\",\"breadcrumb\":{\"@id\":\"https:\\\/\\\/www.colegionewman.org\\\/eugenio-nasarre-participa-en-el-encuentro-sobre-la-transicion-espanola\\\/#breadcrumb\"},\"inLanguage\":\"es\",\"potentialAction\":[{\"@type\":\"ReadAction\",\"target\":[\"https:\\\/\\\/www.colegionewman.org\\\/eugenio-nasarre-participa-en-el-encuentro-sobre-la-transicion-espanola\\\/\"]}]},{\"@type\":\"ImageObject\",\"inLanguage\":\"es\",\"@id\":\"https:\\\/\\\/www.colegionewman.org\\\/eugenio-nasarre-participa-en-el-encuentro-sobre-la-transicion-espanola\\\/#primaryimage\",\"url\":\"https:\\\/\\\/www.colegionewman.org\\\/wp-content\\\/uploads\\\/2023\\\/06\\\/colegio-newman-transicion-1200x600-1.jpeg\",\"contentUrl\":\"https:\\\/\\\/www.colegionewman.org\\\/wp-content\\\/uploads\\\/2023\\\/06\\\/colegio-newman-transicion-1200x600-1.jpeg\",\"width\":1200,\"height\":600,\"caption\":\"Conferencia educativa en el colegio concertado Madrid, con un experto invitado compartiendo su experiencia con los estudiantes.\"},{\"@type\":\"BreadcrumbList\",\"@id\":\"https:\\\/\\\/www.colegionewman.org\\\/eugenio-nasarre-participa-en-el-encuentro-sobre-la-transicion-espanola\\\/#breadcrumb\",\"itemListElement\":[{\"@type\":\"ListItem\",\"position\":1,\"name\":\"Portada\",\"item\":\"https:\\\/\\\/www.colegionewman.org\\\/\"},{\"@type\":\"ListItem\",\"position\":2,\"name\":\"Eugenio Nasarre participa en el encuentro sobre La Transici\u00f3n Espa\u00f1ola\"}]},{\"@type\":\"WebSite\",\"@id\":\"https:\\\/\\\/www.colegionewman.org\\\/#website\",\"url\":\"https:\\\/\\\/www.colegionewman.org\\\/\",\"name\":\"Colegio Internacional J.H. Newman\",\"description\":\"Un colegio que te abre al mundo\",\"publisher\":{\"@id\":\"https:\\\/\\\/www.colegionewman.org\\\/#organization\"},\"alternateName\":\"Colegio Newman\",\"potentialAction\":[{\"@type\":\"SearchAction\",\"target\":{\"@type\":\"EntryPoint\",\"urlTemplate\":\"https:\\\/\\\/www.colegionewman.org\\\/?s={search_term_string}\"},\"query-input\":{\"@type\":\"PropertyValueSpecification\",\"valueRequired\":true,\"valueName\":\"search_term_string\"}}],\"inLanguage\":\"es\"},{\"@type\":\"Organization\",\"@id\":\"https:\\\/\\\/www.colegionewman.org\\\/#organization\",\"name\":\"Colegio Internacional J.H. Newman\",\"alternateName\":\"Colegio Newman\",\"url\":\"https:\\\/\\\/www.colegionewman.org\\\/\",\"logo\":{\"@type\":\"ImageObject\",\"inLanguage\":\"es\",\"@id\":\"https:\\\/\\\/www.colegionewman.org\\\/#\\\/schema\\\/logo\\\/image\\\/\",\"url\":\"https:\\\/\\\/www.colegionewman.org\\\/wp-content\\\/uploads\\\/logo_mini_newman_Mesa-de-trabajo-1.png\",\"contentUrl\":\"https:\\\/\\\/www.colegionewman.org\\\/wp-content\\\/uploads\\\/logo_mini_newman_Mesa-de-trabajo-1.png\",\"width\":750,\"height\":750,\"caption\":\"Colegio Internacional J.H. Newman\"},\"image\":{\"@id\":\"https:\\\/\\\/www.colegionewman.org\\\/#\\\/schema\\\/logo\\\/image\\\/\"},\"sameAs\":[\"https:\\\/\\\/www.instagram.com\\\/colegiojhnewman\\\/\",\"https:\\\/\\\/www.youtube.com\\\/channel\\\/UCUEVCANGRsznbp-DRfSrexw\",\"https:\\\/\\\/www.linkedin.com\\\/company\\\/colegio-internacional-jh-newman\"]},{\"@type\":\"Person\",\"@id\":\"https:\\\/\\\/www.colegionewman.org\\\/#\\\/schema\\\/person\\\/2799c0d82b571b9f7abb79410090fab8\",\"name\":\"comunicacionnewman\",\"image\":{\"@type\":\"ImageObject\",\"inLanguage\":\"es\",\"@id\":\"https:\\\/\\\/secure.gravatar.com\\\/avatar\\\/d27069ebe1333a06be57ea6fc363509158ffbff50e35630dc631005391d81c95?s=96&d=mm&r=g\",\"url\":\"https:\\\/\\\/secure.gravatar.com\\\/avatar\\\/d27069ebe1333a06be57ea6fc363509158ffbff50e35630dc631005391d81c95?s=96&d=mm&r=g\",\"contentUrl\":\"https:\\\/\\\/secure.gravatar.com\\\/avatar\\\/d27069ebe1333a06be57ea6fc363509158ffbff50e35630dc631005391d81c95?s=96&d=mm&r=g\",\"caption\":\"comunicacionnewman\"},\"url\":\"https:\\\/\\\/www.colegionewman.org\\\/es_es\\\/author\\\/comunicacionnewman\\\/\"}]}<\/script>\n<!-- \/ Yoast SEO plugin. -->","yoast_head_json":{"title":"Encuentro educativo y metodolog\u00edas educativas","description":"Eugenio Nasarre participa en un encuentro educativo organizado por el Colegio Newman.","robots":{"index":"index","follow":"follow","max-snippet":"max-snippet:-1","max-image-preview":"max-image-preview:large","max-video-preview":"max-video-preview:-1"},"canonical":"https:\/\/www.colegionewman.org\/es_es\/eugenio-nasarre-participa-en-el-encuentro-sobre-la-transicion-espanola\/","og_locale":"es_ES","og_type":"article","og_title":"Encuentro educativo y metodolog\u00edas educativas","og_description":"Eugenio Nasarre participa en un encuentro educativo organizado por el Colegio Newman.","og_url":"https:\/\/www.colegionewman.org\/es_es\/eugenio-nasarre-participa-en-el-encuentro-sobre-la-transicion-espanola\/","og_site_name":"Colegio Internacional J.H. Newman","article_published_time":"2023-06-13T07:27:24+00:00","article_modified_time":"2024-01-23T10:37:12+00:00","og_image":[{"width":1200,"height":600,"url":"https:\/\/www.colegionewman.org\/wp-content\/uploads\/2023\/06\/colegio-newman-transicion-1200x600-1.jpeg","type":"image\/jpeg"}],"author":"comunicacionnewman","twitter_card":"summary_large_image","twitter_misc":{"Escrito por":"comunicacionnewman","Tiempo de lectura":"2 minutos"},"schema":{"@context":"https:\/\/schema.org","@graph":[{"@type":"Article","@id":"https:\/\/www.colegionewman.org\/eugenio-nasarre-participa-en-el-encuentro-sobre-la-transicion-espanola\/#article","isPartOf":{"@id":"https:\/\/www.colegionewman.org\/eugenio-nasarre-participa-en-el-encuentro-sobre-la-transicion-espanola\/"},"author":{"name":"comunicacionnewman","@id":"https:\/\/www.colegionewman.org\/#\/schema\/person\/2799c0d82b571b9f7abb79410090fab8"},"headline":"Eugenio Nasarre participa en el encuentro sobre La Transici\u00f3n Espa\u00f1ola","datePublished":"2023-06-13T07:27:24+00:00","dateModified":"2024-01-23T10:37:12+00:00","mainEntityOfPage":{"@id":"https:\/\/www.colegionewman.org\/eugenio-nasarre-participa-en-el-encuentro-sobre-la-transicion-espanola\/"},"wordCount":310,"commentCount":0,"publisher":{"@id":"https:\/\/www.colegionewman.org\/#organization"},"image":{"@id":"https:\/\/www.colegionewman.org\/eugenio-nasarre-participa-en-el-encuentro-sobre-la-transicion-espanola\/#primaryimage"},"thumbnailUrl":"https:\/\/www.colegionewman.org\/wp-content\/uploads\/2023\/06\/colegio-newman-transicion-1200x600-1.jpeg","keywords":["adolfo su\u00e1rez","Colegio Newman","eugenio nasarre"],"articleSection":["Bachillerato","Colegio","Eventos","Noticias","Prensa","Secundaria"],"inLanguage":"es","potentialAction":[{"@type":"CommentAction","name":"Comment","target":["https:\/\/www.colegionewman.org\/eugenio-nasarre-participa-en-el-encuentro-sobre-la-transicion-espanola\/#respond"]}]},{"@type":"WebPage","@id":"https:\/\/www.colegionewman.org\/eugenio-nasarre-participa-en-el-encuentro-sobre-la-transicion-espanola\/","url":"https:\/\/www.colegionewman.org\/eugenio-nasarre-participa-en-el-encuentro-sobre-la-transicion-espanola\/","name":"Encuentro educativo y metodolog\u00edas educativas","isPartOf":{"@id":"https:\/\/www.colegionewman.org\/#website"},"primaryImageOfPage":{"@id":"https:\/\/www.colegionewman.org\/eugenio-nasarre-participa-en-el-encuentro-sobre-la-transicion-espanola\/#primaryimage"},"image":{"@id":"https:\/\/www.colegionewman.org\/eugenio-nasarre-participa-en-el-encuentro-sobre-la-transicion-espanola\/#primaryimage"},"thumbnailUrl":"https:\/\/www.colegionewman.org\/wp-content\/uploads\/2023\/06\/colegio-newman-transicion-1200x600-1.jpeg","datePublished":"2023-06-13T07:27:24+00:00","dateModified":"2024-01-23T10:37:12+00:00","description":"Eugenio Nasarre participa en un encuentro educativo organizado por el Colegio Newman.","breadcrumb":{"@id":"https:\/\/www.colegionewman.org\/eugenio-nasarre-participa-en-el-encuentro-sobre-la-transicion-espanola\/#breadcrumb"},"inLanguage":"es","potentialAction":[{"@type":"ReadAction","target":["https:\/\/www.colegionewman.org\/eugenio-nasarre-participa-en-el-encuentro-sobre-la-transicion-espanola\/"]}]},{"@type":"ImageObject","inLanguage":"es","@id":"https:\/\/www.colegionewman.org\/eugenio-nasarre-participa-en-el-encuentro-sobre-la-transicion-espanola\/#primaryimage","url":"https:\/\/www.colegionewman.org\/wp-content\/uploads\/2023\/06\/colegio-newman-transicion-1200x600-1.jpeg","contentUrl":"https:\/\/www.colegionewman.org\/wp-content\/uploads\/2023\/06\/colegio-newman-transicion-1200x600-1.jpeg","width":1200,"height":600,"caption":"Conferencia educativa en el colegio concertado Madrid, con un experto invitado compartiendo su experiencia con los estudiantes."},{"@type":"BreadcrumbList","@id":"https:\/\/www.colegionewman.org\/eugenio-nasarre-participa-en-el-encuentro-sobre-la-transicion-espanola\/#breadcrumb","itemListElement":[{"@type":"ListItem","position":1,"name":"Portada","item":"https:\/\/www.colegionewman.org\/"},{"@type":"ListItem","position":2,"name":"Eugenio Nasarre participa en el encuentro sobre La Transici\u00f3n Espa\u00f1ola"}]},{"@type":"WebSite","@id":"https:\/\/www.colegionewman.org\/#website","url":"https:\/\/www.colegionewman.org\/","name":"Colegio Internacional J.H. Newman","description":"Un colegio que te abre al mundo","publisher":{"@id":"https:\/\/www.colegionewman.org\/#organization"},"alternateName":"Colegio Newman","potentialAction":[{"@type":"SearchAction","target":{"@type":"EntryPoint","urlTemplate":"https:\/\/www.colegionewman.org\/?s={search_term_string}"},"query-input":{"@type":"PropertyValueSpecification","valueRequired":true,"valueName":"search_term_string"}}],"inLanguage":"es"},{"@type":"Organization","@id":"https:\/\/www.colegionewman.org\/#organization","name":"Colegio Internacional J.H. Newman","alternateName":"Colegio Newman","url":"https:\/\/www.colegionewman.org\/","logo":{"@type":"ImageObject","inLanguage":"es","@id":"https:\/\/www.colegionewman.org\/#\/schema\/logo\/image\/","url":"https:\/\/www.colegionewman.org\/wp-content\/uploads\/logo_mini_newman_Mesa-de-trabajo-1.png","contentUrl":"https:\/\/www.colegionewman.org\/wp-content\/uploads\/logo_mini_newman_Mesa-de-trabajo-1.png","width":750,"height":750,"caption":"Colegio Internacional J.H. Newman"},"image":{"@id":"https:\/\/www.colegionewman.org\/#\/schema\/logo\/image\/"},"sameAs":["https:\/\/www.instagram.com\/colegiojhnewman\/","https:\/\/www.youtube.com\/channel\/UCUEVCANGRsznbp-DRfSrexw","https:\/\/www.linkedin.com\/company\/colegio-internacional-jh-newman"]},{"@type":"Person","@id":"https:\/\/www.colegionewman.org\/#\/schema\/person\/2799c0d82b571b9f7abb79410090fab8","name":"comunicacionnewman","image":{"@type":"ImageObject","inLanguage":"es","@id":"https:\/\/secure.gravatar.com\/avatar\/d27069ebe1333a06be57ea6fc363509158ffbff50e35630dc631005391d81c95?s=96&d=mm&r=g","url":"https:\/\/secure.gravatar.com\/avatar\/d27069ebe1333a06be57ea6fc363509158ffbff50e35630dc631005391d81c95?s=96&d=mm&r=g","contentUrl":"https:\/\/secure.gravatar.com\/avatar\/d27069ebe1333a06be57ea6fc363509158ffbff50e35630dc631005391d81c95?s=96&d=mm&r=g","caption":"comunicacionnewman"},"url":"https:\/\/www.colegionewman.org\/es_es\/author\/comunicacionnewman\/"}]}},"_links":{"self":[{"href":"https:\/\/www.colegionewman.org\/es_es\/wp-json\/wp\/v2\/posts\/27920","targetHints":{"allow":["GET"]}}],"collection":[{"href":"https:\/\/www.colegionewman.org\/es_es\/wp-json\/wp\/v2\/posts"}],"about":[{"href":"https:\/\/www.colegionewman.org\/es_es\/wp-json\/wp\/v2\/types\/post"}],"author":[{"embeddable":true,"href":"https:\/\/www.colegionewman.org\/es_es\/wp-json\/wp\/v2\/users\/2"}],"replies":[{"embeddable":true,"href":"https:\/\/www.colegionewman.org\/es_es\/wp-json\/wp\/v2\/comments?post=27920"}],"version-history":[{"count":1,"href":"https:\/\/www.colegionewman.org\/es_es\/wp-json\/wp\/v2\/posts\/27920\/revisions"}],"predecessor-version":[{"id":28730,"href":"https:\/\/www.colegionewman.org\/es_es\/wp-json\/wp\/v2\/posts\/27920\/revisions\/28730"}],"wp:featuredmedia":[{"embeddable":true,"href":"https:\/\/www.colegionewman.org\/es_es\/wp-json\/wp\/v2\/media\/28729"}],"wp:attachment":[{"href":"https:\/\/www.colegionewman.org\/es_es\/wp-json\/wp\/v2\/media?parent=27920"}],"wp:term":[{"taxonomy":"category","embeddable":true,"href":"https:\/\/www.colegionewman.org\/es_es\/wp-json\/wp\/v2\/categories?post=27920"},{"taxonomy":"post_tag","embeddable":true,"href":"https:\/\/www.colegionewman.org\/es_es\/wp-json\/wp\/v2\/tags?post=27920"}],"curies":[{"name":"wp","href":"https:\/\/api.w.org\/{rel}","templated":true}]}}