{"id":27384,"date":"2023-04-14T18:16:43","date_gmt":"2023-04-14T16:16:43","guid":{"rendered":"https:\/\/www.colegionewman.org\/?p=27384"},"modified":"2026-04-29T16:03:33","modified_gmt":"2026-04-29T14:03:33","slug":"el-colegio-internacional-jh-newman-expone-el-proyecto-la-rosaleda-en-el-ciea-el-retiro","status":"publish","type":"post","link":"https:\/\/www.colegionewman.org\/es_es\/el-colegio-internacional-jh-newman-expone-el-proyecto-la-rosaleda-en-el-ciea-el-retiro\/","title":{"rendered":"El Colegio Internacional JH Newman expone el proyecto La Rosaleda en el CIEA El Retiro"},"content":{"rendered":"<p>El Centro de Informaci\u00f3n y Educaci\u00f3n Medioambiental El Huerto del Retiro acoge la exposici\u00f3n La Rosaleda con trabajos realizados por los alumnos de Bachillerato de Artes del Colegio Internacional JH Newman. La inauguraci\u00f3n ha contado con la presencia de Audberto San Gregorio,\u00a0 representante de la UNESCO para la Cultura y para la Educaci\u00f3n, Mar\u00eda Jes\u00fas Lamarca, T\u00e9cnica\u00a0 del Parque del Retiro, responsable por el sector Educativo, Juan Alonso, Coordinador del CEIA El Huerto del Retiro, contando con miembros del equipo directivo del centro escolar encabezados por su director Juan Ram\u00f3n de la Serna.<\/p>\n<p><em>La Rosaleda<\/em> recoge las obras desarrollados por los alumnos de 2\u00ba de Bachillerato de Artes inspirados en el patrimonio mundial de la UNESCO en Madrid \u201cPaisaje de la luz\u201d. El objetivo del proyecto ha sido educar la mirada de los alumnos est\u00e9ticamente en base al conocimiento del patrimonio cultural de Madrid posibilitando un refuerzo en su sentido de identidad, adem\u00e1s de colaborar para dar todav\u00eda m\u00e1s visibilidad al uno de los rincones m\u00e1s bellos del parque del Retiro y de la ciudad.<\/p>\n<p>El proyecto est\u00e1 compuesto por dos fases: registro fotogr\u00e1fico art\u00edstico de La rosaleda y proyecto personal de arte contempor\u00e1neo.<\/p>\n<p>Durante el proceso de desarrollo del proyecto los alumnos han podido vivenciar y sentir los diferentes significados que comprenden un espacio como <em>La Rosaleda<\/em> y la importancia del mismo para la sociedad madrile\u00f1a.<\/p>\n<p>La exhibici\u00f3n gratuita se puede visitar hasta junio en el marco de las actividades desarrolladas en el CEIA El Huerto del Retiro. Las familias que vayan con ni\u00f1os pueden participar en las actividades y talleres que el centro ofrece solicitando reserva de plaza en inforetiro@madrid.es M\u00e1s informaci\u00f3n en el blog <a href=\"https:\/\/diario.madrid.es\/cieaelretiro\/\">https:\/\/diario.madrid.es\/cieaelretiro\/<\/a><\/p>\n<div class='avia-iframe-wrap'><iframe loading=\"lazy\" title=\"El Colegio Internacional JH Newman expone el proyecto La Rosaleda en el CIEA El Retiro\" width=\"1500\" height=\"844\" src=\"https:\/\/www.youtube.com\/embed\/mhro4Fn5YhA?feature=oembed\" frameborder=\"0\" allow=\"accelerometer; autoplay; clipboard-write; encrypted-media; gyroscope; picture-in-picture; web-share\" referrerpolicy=\"strict-origin-when-cross-origin\" allowfullscreen><\/iframe><\/div>\n","protected":false},"excerpt":{"rendered":"<p>El Centro de Informaci\u00f3n y Educaci\u00f3n Medioambiental El Huerto del Retiro acoge la exposici\u00f3n La Rosaleda con trabajos realizados por los alumnos de Bachillerato de Artes del Colegio Internacional JH Newman. La inauguraci\u00f3n ha contado con la presencia de Audberto San Gregorio,\u00a0 representante de la UNESCO para la Cultura y para la Educaci\u00f3n, Mar\u00eda Jes\u00fas [&hellip;]<\/p>\n","protected":false},"author":2,"featured_media":28824,"comment_status":"open","ping_status":"open","sticky":false,"template":"","format":"standard","meta":{"footnotes":""},"categories":[17,72,47,87,249],"tags":[97,1335,26,1336,1337],"class_list":["post-27384","post","type-post","status-publish","format-standard","has-post-thumbnail","hentry","category-bachillerato","category-colegio","category-eventos","category-noticias","category-prensa","tag-bachillerato","tag-ceia-el-retiro","tag-colegio-newman","tag-el-retiro","tag-la-rosaleda"],"yoast_head":"<!-- This site is optimized with the Yoast SEO plugin v27.5 - https:\/\/yoast.com\/product\/yoast-seo-wordpress\/ -->\n<title>Proyecto La Rosaleda expuesto en El Retiro<\/title>\n<meta name=\"description\" content=\"El colegio internacional Madrid expone su proyecto La Rosaleda en el CIEA El Retiro.\" \/>\n<meta name=\"robots\" content=\"index, follow, max-snippet:-1, max-image-preview:large, max-video-preview:-1\" \/>\n<link rel=\"canonical\" href=\"https:\/\/www.colegionewman.org\/es_es\/el-colegio-internacional-jh-newman-expone-el-proyecto-la-rosaleda-en-el-ciea-el-retiro\/\" \/>\n<meta property=\"og:locale\" content=\"es_ES\" \/>\n<meta property=\"og:type\" content=\"article\" \/>\n<meta property=\"og:title\" content=\"Proyecto La Rosaleda expuesto en El Retiro\" \/>\n<meta property=\"og:description\" content=\"El colegio internacional Madrid expone su proyecto La Rosaleda en el CIEA El Retiro.\" \/>\n<meta property=\"og:url\" content=\"https:\/\/www.colegionewman.org\/es_es\/el-colegio-internacional-jh-newman-expone-el-proyecto-la-rosaleda-en-el-ciea-el-retiro\/\" \/>\n<meta property=\"og:site_name\" content=\"Colegio Internacional J.H. Newman\" \/>\n<meta property=\"article:published_time\" content=\"2023-04-14T16:16:43+00:00\" \/>\n<meta property=\"article:modified_time\" content=\"2026-04-29T14:03:33+00:00\" \/>\n<meta property=\"og:image\" content=\"https:\/\/www.colegionewman.org\/wp-content\/uploads\/2023\/04\/COLEGIO-NEWMAN-UNESCO-LA-ROSALEDA-1-1200x600-1.jpeg\" \/>\n\t<meta property=\"og:image:width\" content=\"1200\" \/>\n\t<meta property=\"og:image:height\" content=\"600\" \/>\n\t<meta property=\"og:image:type\" content=\"image\/jpeg\" \/>\n<meta name=\"author\" content=\"comunicacionnewman\" \/>\n<meta name=\"twitter:card\" content=\"summary_large_image\" \/>\n<meta name=\"twitter:label1\" content=\"Escrito por\" \/>\n\t<meta name=\"twitter:data1\" content=\"comunicacionnewman\" \/>\n\t<meta name=\"twitter:label2\" content=\"Tiempo de lectura\" \/>\n\t<meta name=\"twitter:data2\" content=\"3 minutos\" \/>\n<script type=\"application\/ld+json\" class=\"yoast-schema-graph\">{\"@context\":\"https:\\\/\\\/schema.org\",\"@graph\":[{\"@type\":\"Article\",\"@id\":\"https:\\\/\\\/www.colegionewman.org\\\/el-colegio-internacional-jh-newman-expone-el-proyecto-la-rosaleda-en-el-ciea-el-retiro\\\/#article\",\"isPartOf\":{\"@id\":\"https:\\\/\\\/www.colegionewman.org\\\/el-colegio-internacional-jh-newman-expone-el-proyecto-la-rosaleda-en-el-ciea-el-retiro\\\/\"},\"author\":{\"name\":\"comunicacionnewman\",\"@id\":\"https:\\\/\\\/www.colegionewman.org\\\/#\\\/schema\\\/person\\\/2799c0d82b571b9f7abb79410090fab8\"},\"headline\":\"El Colegio Internacional JH Newman expone el proyecto La Rosaleda en el CIEA El Retiro\",\"datePublished\":\"2023-04-14T16:16:43+00:00\",\"dateModified\":\"2026-04-29T14:03:33+00:00\",\"mainEntityOfPage\":{\"@id\":\"https:\\\/\\\/www.colegionewman.org\\\/el-colegio-internacional-jh-newman-expone-el-proyecto-la-rosaleda-en-el-ciea-el-retiro\\\/\"},\"wordCount\":329,\"commentCount\":0,\"publisher\":{\"@id\":\"https:\\\/\\\/www.colegionewman.org\\\/#organization\"},\"image\":{\"@id\":\"https:\\\/\\\/www.colegionewman.org\\\/el-colegio-internacional-jh-newman-expone-el-proyecto-la-rosaleda-en-el-ciea-el-retiro\\\/#primaryimage\"},\"thumbnailUrl\":\"https:\\\/\\\/www.colegionewman.org\\\/wp-content\\\/uploads\\\/2023\\\/04\\\/COLEGIO-NEWMAN-UNESCO-LA-ROSALEDA-1-1200x600-1.jpeg\",\"keywords\":[\"Bachillerato\",\"ceia el retiro\",\"Colegio Newman\",\"EL RETIRO\",\"LA ROSALEDA\"],\"articleSection\":[\"Bachillerato\",\"Colegio\",\"Eventos\",\"Noticias\",\"Prensa\"],\"inLanguage\":\"es\",\"potentialAction\":[{\"@type\":\"CommentAction\",\"name\":\"Comment\",\"target\":[\"https:\\\/\\\/www.colegionewman.org\\\/el-colegio-internacional-jh-newman-expone-el-proyecto-la-rosaleda-en-el-ciea-el-retiro\\\/#respond\"]}]},{\"@type\":\"WebPage\",\"@id\":\"https:\\\/\\\/www.colegionewman.org\\\/el-colegio-internacional-jh-newman-expone-el-proyecto-la-rosaleda-en-el-ciea-el-retiro\\\/\",\"url\":\"https:\\\/\\\/www.colegionewman.org\\\/el-colegio-internacional-jh-newman-expone-el-proyecto-la-rosaleda-en-el-ciea-el-retiro\\\/\",\"name\":\"Proyecto La Rosaleda expuesto en El Retiro\",\"isPartOf\":{\"@id\":\"https:\\\/\\\/www.colegionewman.org\\\/#website\"},\"primaryImageOfPage\":{\"@id\":\"https:\\\/\\\/www.colegionewman.org\\\/el-colegio-internacional-jh-newman-expone-el-proyecto-la-rosaleda-en-el-ciea-el-retiro\\\/#primaryimage\"},\"image\":{\"@id\":\"https:\\\/\\\/www.colegionewman.org\\\/el-colegio-internacional-jh-newman-expone-el-proyecto-la-rosaleda-en-el-ciea-el-retiro\\\/#primaryimage\"},\"thumbnailUrl\":\"https:\\\/\\\/www.colegionewman.org\\\/wp-content\\\/uploads\\\/2023\\\/04\\\/COLEGIO-NEWMAN-UNESCO-LA-ROSALEDA-1-1200x600-1.jpeg\",\"datePublished\":\"2023-04-14T16:16:43+00:00\",\"dateModified\":\"2026-04-29T14:03:33+00:00\",\"description\":\"El colegio internacional Madrid expone su proyecto La Rosaleda en el CIEA El Retiro.\",\"breadcrumb\":{\"@id\":\"https:\\\/\\\/www.colegionewman.org\\\/el-colegio-internacional-jh-newman-expone-el-proyecto-la-rosaleda-en-el-ciea-el-retiro\\\/#breadcrumb\"},\"inLanguage\":\"es\",\"potentialAction\":[{\"@type\":\"ReadAction\",\"target\":[\"https:\\\/\\\/www.colegionewman.org\\\/el-colegio-internacional-jh-newman-expone-el-proyecto-la-rosaleda-en-el-ciea-el-retiro\\\/\"]}]},{\"@type\":\"ImageObject\",\"inLanguage\":\"es\",\"@id\":\"https:\\\/\\\/www.colegionewman.org\\\/el-colegio-internacional-jh-newman-expone-el-proyecto-la-rosaleda-en-el-ciea-el-retiro\\\/#primaryimage\",\"url\":\"https:\\\/\\\/www.colegionewman.org\\\/wp-content\\\/uploads\\\/2023\\\/04\\\/COLEGIO-NEWMAN-UNESCO-LA-ROSALEDA-1-1200x600-1.jpeg\",\"contentUrl\":\"https:\\\/\\\/www.colegionewman.org\\\/wp-content\\\/uploads\\\/2023\\\/04\\\/COLEGIO-NEWMAN-UNESCO-LA-ROSALEDA-1-1200x600-1.jpeg\",\"width\":1200,\"height\":600,\"caption\":\"Estudiantes de Bachillerato de Artes del Colegio Newman presentando sus proyectos en una muestra creativa del bachillerato internacional en Madrid.\"},{\"@type\":\"BreadcrumbList\",\"@id\":\"https:\\\/\\\/www.colegionewman.org\\\/el-colegio-internacional-jh-newman-expone-el-proyecto-la-rosaleda-en-el-ciea-el-retiro\\\/#breadcrumb\",\"itemListElement\":[{\"@type\":\"ListItem\",\"position\":1,\"name\":\"Portada\",\"item\":\"https:\\\/\\\/www.colegionewman.org\\\/\"},{\"@type\":\"ListItem\",\"position\":2,\"name\":\"El Colegio Internacional JH Newman expone el proyecto La Rosaleda en el CIEA El Retiro\"}]},{\"@type\":\"WebSite\",\"@id\":\"https:\\\/\\\/www.colegionewman.org\\\/#website\",\"url\":\"https:\\\/\\\/www.colegionewman.org\\\/\",\"name\":\"Colegio Internacional J.H. Newman\",\"description\":\"Un colegio que te abre al mundo\",\"publisher\":{\"@id\":\"https:\\\/\\\/www.colegionewman.org\\\/#organization\"},\"alternateName\":\"Colegio Newman\",\"potentialAction\":[{\"@type\":\"SearchAction\",\"target\":{\"@type\":\"EntryPoint\",\"urlTemplate\":\"https:\\\/\\\/www.colegionewman.org\\\/?s={search_term_string}\"},\"query-input\":{\"@type\":\"PropertyValueSpecification\",\"valueRequired\":true,\"valueName\":\"search_term_string\"}}],\"inLanguage\":\"es\"},{\"@type\":\"Organization\",\"@id\":\"https:\\\/\\\/www.colegionewman.org\\\/#organization\",\"name\":\"Colegio Internacional J.H. Newman\",\"alternateName\":\"Colegio Newman\",\"url\":\"https:\\\/\\\/www.colegionewman.org\\\/\",\"logo\":{\"@type\":\"ImageObject\",\"inLanguage\":\"es\",\"@id\":\"https:\\\/\\\/www.colegionewman.org\\\/#\\\/schema\\\/logo\\\/image\\\/\",\"url\":\"https:\\\/\\\/www.colegionewman.org\\\/wp-content\\\/uploads\\\/logo_mini_newman_Mesa-de-trabajo-1.png\",\"contentUrl\":\"https:\\\/\\\/www.colegionewman.org\\\/wp-content\\\/uploads\\\/logo_mini_newman_Mesa-de-trabajo-1.png\",\"width\":750,\"height\":750,\"caption\":\"Colegio Internacional J.H. Newman\"},\"image\":{\"@id\":\"https:\\\/\\\/www.colegionewman.org\\\/#\\\/schema\\\/logo\\\/image\\\/\"},\"sameAs\":[\"https:\\\/\\\/www.instagram.com\\\/colegiojhnewman\\\/\",\"https:\\\/\\\/www.youtube.com\\\/channel\\\/UCUEVCANGRsznbp-DRfSrexw\",\"https:\\\/\\\/www.linkedin.com\\\/company\\\/colegio-internacional-jh-newman\"]},{\"@type\":\"Person\",\"@id\":\"https:\\\/\\\/www.colegionewman.org\\\/#\\\/schema\\\/person\\\/2799c0d82b571b9f7abb79410090fab8\",\"name\":\"comunicacionnewman\",\"image\":{\"@type\":\"ImageObject\",\"inLanguage\":\"es\",\"@id\":\"https:\\\/\\\/secure.gravatar.com\\\/avatar\\\/d27069ebe1333a06be57ea6fc363509158ffbff50e35630dc631005391d81c95?s=96&d=mm&r=g\",\"url\":\"https:\\\/\\\/secure.gravatar.com\\\/avatar\\\/d27069ebe1333a06be57ea6fc363509158ffbff50e35630dc631005391d81c95?s=96&d=mm&r=g\",\"contentUrl\":\"https:\\\/\\\/secure.gravatar.com\\\/avatar\\\/d27069ebe1333a06be57ea6fc363509158ffbff50e35630dc631005391d81c95?s=96&d=mm&r=g\",\"caption\":\"comunicacionnewman\"},\"url\":\"https:\\\/\\\/www.colegionewman.org\\\/es_es\\\/author\\\/comunicacionnewman\\\/\"}]}<\/script>\n<!-- \/ Yoast SEO plugin. -->","yoast_head_json":{"title":"Proyecto La Rosaleda expuesto en El Retiro","description":"El colegio internacional Madrid expone su proyecto La Rosaleda en el CIEA El Retiro.","robots":{"index":"index","follow":"follow","max-snippet":"max-snippet:-1","max-image-preview":"max-image-preview:large","max-video-preview":"max-video-preview:-1"},"canonical":"https:\/\/www.colegionewman.org\/es_es\/el-colegio-internacional-jh-newman-expone-el-proyecto-la-rosaleda-en-el-ciea-el-retiro\/","og_locale":"es_ES","og_type":"article","og_title":"Proyecto La Rosaleda expuesto en El Retiro","og_description":"El colegio internacional Madrid expone su proyecto La Rosaleda en el CIEA El Retiro.","og_url":"https:\/\/www.colegionewman.org\/es_es\/el-colegio-internacional-jh-newman-expone-el-proyecto-la-rosaleda-en-el-ciea-el-retiro\/","og_site_name":"Colegio Internacional J.H. Newman","article_published_time":"2023-04-14T16:16:43+00:00","article_modified_time":"2026-04-29T14:03:33+00:00","og_image":[{"width":1200,"height":600,"url":"https:\/\/www.colegionewman.org\/wp-content\/uploads\/2023\/04\/COLEGIO-NEWMAN-UNESCO-LA-ROSALEDA-1-1200x600-1.jpeg","type":"image\/jpeg"}],"author":"comunicacionnewman","twitter_card":"summary_large_image","twitter_misc":{"Escrito por":"comunicacionnewman","Tiempo de lectura":"3 minutos"},"schema":{"@context":"https:\/\/schema.org","@graph":[{"@type":"Article","@id":"https:\/\/www.colegionewman.org\/el-colegio-internacional-jh-newman-expone-el-proyecto-la-rosaleda-en-el-ciea-el-retiro\/#article","isPartOf":{"@id":"https:\/\/www.colegionewman.org\/el-colegio-internacional-jh-newman-expone-el-proyecto-la-rosaleda-en-el-ciea-el-retiro\/"},"author":{"name":"comunicacionnewman","@id":"https:\/\/www.colegionewman.org\/#\/schema\/person\/2799c0d82b571b9f7abb79410090fab8"},"headline":"El Colegio Internacional JH Newman expone el proyecto La Rosaleda en el CIEA El Retiro","datePublished":"2023-04-14T16:16:43+00:00","dateModified":"2026-04-29T14:03:33+00:00","mainEntityOfPage":{"@id":"https:\/\/www.colegionewman.org\/el-colegio-internacional-jh-newman-expone-el-proyecto-la-rosaleda-en-el-ciea-el-retiro\/"},"wordCount":329,"commentCount":0,"publisher":{"@id":"https:\/\/www.colegionewman.org\/#organization"},"image":{"@id":"https:\/\/www.colegionewman.org\/el-colegio-internacional-jh-newman-expone-el-proyecto-la-rosaleda-en-el-ciea-el-retiro\/#primaryimage"},"thumbnailUrl":"https:\/\/www.colegionewman.org\/wp-content\/uploads\/2023\/04\/COLEGIO-NEWMAN-UNESCO-LA-ROSALEDA-1-1200x600-1.jpeg","keywords":["Bachillerato","ceia el retiro","Colegio Newman","EL RETIRO","LA ROSALEDA"],"articleSection":["Bachillerato","Colegio","Eventos","Noticias","Prensa"],"inLanguage":"es","potentialAction":[{"@type":"CommentAction","name":"Comment","target":["https:\/\/www.colegionewman.org\/el-colegio-internacional-jh-newman-expone-el-proyecto-la-rosaleda-en-el-ciea-el-retiro\/#respond"]}]},{"@type":"WebPage","@id":"https:\/\/www.colegionewman.org\/el-colegio-internacional-jh-newman-expone-el-proyecto-la-rosaleda-en-el-ciea-el-retiro\/","url":"https:\/\/www.colegionewman.org\/el-colegio-internacional-jh-newman-expone-el-proyecto-la-rosaleda-en-el-ciea-el-retiro\/","name":"Proyecto La Rosaleda expuesto en El Retiro","isPartOf":{"@id":"https:\/\/www.colegionewman.org\/#website"},"primaryImageOfPage":{"@id":"https:\/\/www.colegionewman.org\/el-colegio-internacional-jh-newman-expone-el-proyecto-la-rosaleda-en-el-ciea-el-retiro\/#primaryimage"},"image":{"@id":"https:\/\/www.colegionewman.org\/el-colegio-internacional-jh-newman-expone-el-proyecto-la-rosaleda-en-el-ciea-el-retiro\/#primaryimage"},"thumbnailUrl":"https:\/\/www.colegionewman.org\/wp-content\/uploads\/2023\/04\/COLEGIO-NEWMAN-UNESCO-LA-ROSALEDA-1-1200x600-1.jpeg","datePublished":"2023-04-14T16:16:43+00:00","dateModified":"2026-04-29T14:03:33+00:00","description":"El colegio internacional Madrid expone su proyecto La Rosaleda en el CIEA El Retiro.","breadcrumb":{"@id":"https:\/\/www.colegionewman.org\/el-colegio-internacional-jh-newman-expone-el-proyecto-la-rosaleda-en-el-ciea-el-retiro\/#breadcrumb"},"inLanguage":"es","potentialAction":[{"@type":"ReadAction","target":["https:\/\/www.colegionewman.org\/el-colegio-internacional-jh-newman-expone-el-proyecto-la-rosaleda-en-el-ciea-el-retiro\/"]}]},{"@type":"ImageObject","inLanguage":"es","@id":"https:\/\/www.colegionewman.org\/el-colegio-internacional-jh-newman-expone-el-proyecto-la-rosaleda-en-el-ciea-el-retiro\/#primaryimage","url":"https:\/\/www.colegionewman.org\/wp-content\/uploads\/2023\/04\/COLEGIO-NEWMAN-UNESCO-LA-ROSALEDA-1-1200x600-1.jpeg","contentUrl":"https:\/\/www.colegionewman.org\/wp-content\/uploads\/2023\/04\/COLEGIO-NEWMAN-UNESCO-LA-ROSALEDA-1-1200x600-1.jpeg","width":1200,"height":600,"caption":"Estudiantes de Bachillerato de Artes del Colegio Newman presentando sus proyectos en una muestra creativa del bachillerato internacional en Madrid."},{"@type":"BreadcrumbList","@id":"https:\/\/www.colegionewman.org\/el-colegio-internacional-jh-newman-expone-el-proyecto-la-rosaleda-en-el-ciea-el-retiro\/#breadcrumb","itemListElement":[{"@type":"ListItem","position":1,"name":"Portada","item":"https:\/\/www.colegionewman.org\/"},{"@type":"ListItem","position":2,"name":"El Colegio Internacional JH Newman expone el proyecto La Rosaleda en el CIEA El Retiro"}]},{"@type":"WebSite","@id":"https:\/\/www.colegionewman.org\/#website","url":"https:\/\/www.colegionewman.org\/","name":"Colegio Internacional J.H. Newman","description":"Un colegio que te abre al mundo","publisher":{"@id":"https:\/\/www.colegionewman.org\/#organization"},"alternateName":"Colegio Newman","potentialAction":[{"@type":"SearchAction","target":{"@type":"EntryPoint","urlTemplate":"https:\/\/www.colegionewman.org\/?s={search_term_string}"},"query-input":{"@type":"PropertyValueSpecification","valueRequired":true,"valueName":"search_term_string"}}],"inLanguage":"es"},{"@type":"Organization","@id":"https:\/\/www.colegionewman.org\/#organization","name":"Colegio Internacional J.H. Newman","alternateName":"Colegio Newman","url":"https:\/\/www.colegionewman.org\/","logo":{"@type":"ImageObject","inLanguage":"es","@id":"https:\/\/www.colegionewman.org\/#\/schema\/logo\/image\/","url":"https:\/\/www.colegionewman.org\/wp-content\/uploads\/logo_mini_newman_Mesa-de-trabajo-1.png","contentUrl":"https:\/\/www.colegionewman.org\/wp-content\/uploads\/logo_mini_newman_Mesa-de-trabajo-1.png","width":750,"height":750,"caption":"Colegio Internacional J.H. Newman"},"image":{"@id":"https:\/\/www.colegionewman.org\/#\/schema\/logo\/image\/"},"sameAs":["https:\/\/www.instagram.com\/colegiojhnewman\/","https:\/\/www.youtube.com\/channel\/UCUEVCANGRsznbp-DRfSrexw","https:\/\/www.linkedin.com\/company\/colegio-internacional-jh-newman"]},{"@type":"Person","@id":"https:\/\/www.colegionewman.org\/#\/schema\/person\/2799c0d82b571b9f7abb79410090fab8","name":"comunicacionnewman","image":{"@type":"ImageObject","inLanguage":"es","@id":"https:\/\/secure.gravatar.com\/avatar\/d27069ebe1333a06be57ea6fc363509158ffbff50e35630dc631005391d81c95?s=96&d=mm&r=g","url":"https:\/\/secure.gravatar.com\/avatar\/d27069ebe1333a06be57ea6fc363509158ffbff50e35630dc631005391d81c95?s=96&d=mm&r=g","contentUrl":"https:\/\/secure.gravatar.com\/avatar\/d27069ebe1333a06be57ea6fc363509158ffbff50e35630dc631005391d81c95?s=96&d=mm&r=g","caption":"comunicacionnewman"},"url":"https:\/\/www.colegionewman.org\/es_es\/author\/comunicacionnewman\/"}]}},"_links":{"self":[{"href":"https:\/\/www.colegionewman.org\/es_es\/wp-json\/wp\/v2\/posts\/27384","targetHints":{"allow":["GET"]}}],"collection":[{"href":"https:\/\/www.colegionewman.org\/es_es\/wp-json\/wp\/v2\/posts"}],"about":[{"href":"https:\/\/www.colegionewman.org\/es_es\/wp-json\/wp\/v2\/types\/post"}],"author":[{"embeddable":true,"href":"https:\/\/www.colegionewman.org\/es_es\/wp-json\/wp\/v2\/users\/2"}],"replies":[{"embeddable":true,"href":"https:\/\/www.colegionewman.org\/es_es\/wp-json\/wp\/v2\/comments?post=27384"}],"version-history":[{"count":2,"href":"https:\/\/www.colegionewman.org\/es_es\/wp-json\/wp\/v2\/posts\/27384\/revisions"}],"predecessor-version":[{"id":31924,"href":"https:\/\/www.colegionewman.org\/es_es\/wp-json\/wp\/v2\/posts\/27384\/revisions\/31924"}],"wp:featuredmedia":[{"embeddable":true,"href":"https:\/\/www.colegionewman.org\/es_es\/wp-json\/wp\/v2\/media\/28824"}],"wp:attachment":[{"href":"https:\/\/www.colegionewman.org\/es_es\/wp-json\/wp\/v2\/media?parent=27384"}],"wp:term":[{"taxonomy":"category","embeddable":true,"href":"https:\/\/www.colegionewman.org\/es_es\/wp-json\/wp\/v2\/categories?post=27384"},{"taxonomy":"post_tag","embeddable":true,"href":"https:\/\/www.colegionewman.org\/es_es\/wp-json\/wp\/v2\/tags?post=27384"}],"curies":[{"name":"wp","href":"https:\/\/api.w.org\/{rel}","templated":true}]}}