{"id":27377,"date":"2023-04-13T11:16:56","date_gmt":"2023-04-13T09:16:56","guid":{"rendered":"https:\/\/www.colegionewman.org\/?p=27377"},"modified":"2024-01-24T11:04:36","modified_gmt":"2024-01-24T10:04:36","slug":"los-alumnos-de-5o-y-6o-de-primaria-en-el-auditorio-nacional","status":"publish","type":"post","link":"https:\/\/www.colegionewman.org\/es_es\/los-alumnos-de-5o-y-6o-de-primaria-en-el-auditorio-nacional\/","title":{"rendered":"Los alumnos de 5\u00ba y 6\u00ba de Primaria en el Auditorio Nacional"},"content":{"rendered":"<p>Los alumnos de 5\u00ba y 6\u00ba de Primaria han asistido al concierto participativo \u00abNuevos Mundos\u00bb ofrecido por la Orquesta\u00a0Nacional de Espa\u00f1a en el Auditorio Nacional de M\u00fasica en el que se ha interpretado la sinfon\u00eda n\u00ba 9 en mi menor op. 95 \u00abDel nuevo mundo \u00bb de Antonin\u00a0Dvor\u030ca\u0301k.\u00a0Hemos disfrutado de un concierto en el que nos hemos sumergido en el mundo del lenguaje sinf\u00f3nico descubriendo los timbres, los colores y las posibilidades expresivas que tiene una orquesta sinf\u00f3nica. Hemos descubierto\u00a0tambi\u00e9n la impresionante\u00a0sala sinf\u00f3nica del Auditorio Nacional en la que se ha desarrollado el concierto. En definitiva ha sido una ma\u00f1ana en la que hemos aprendido y disfrutado llena de descubrimientos.<\/p>\n<div id=\"attachment_27375\" style=\"width: 2010px\" class=\"wp-caption alignnone\"><img loading=\"lazy\" decoding=\"async\" aria-describedby=\"caption-attachment-27375\" class=\"size-full wp-image-27375\" src=\"https:\/\/www.colegionewman.org\/wp-content\/uploads\/2023\/04\/colegio-newman-1.jpg\" alt=\"\" width=\"2000\" height=\"1450\" \/><p id=\"caption-attachment-27375\" class=\"wp-caption-text\">auditorio nacional colegio newman<\/p><\/div>\n","protected":false},"excerpt":{"rendered":"<p>Los alumnos de 5\u00ba y 6\u00ba de Primaria han asistido al concierto participativo \u00abNuevos Mundos\u00bb ofrecido por la Orquesta\u00a0Nacional de Espa\u00f1a en el Auditorio Nacional de M\u00fasica en el que se ha interpretado la sinfon\u00eda n\u00ba 9 en mi menor op. 95 \u00abDel nuevo mundo \u00bb de Antonin\u00a0Dvor\u030ca\u0301k.\u00a0Hemos disfrutado de un concierto en el que [&hellip;]<\/p>\n","protected":false},"author":2,"featured_media":28828,"comment_status":"open","ping_status":"open","sticky":false,"template":"","format":"standard","meta":{"footnotes":""},"categories":[72,87,249,15],"tags":[461,26,48],"class_list":["post-27377","post","type-post","status-publish","format-standard","has-post-thumbnail","hentry","category-colegio","category-noticias","category-prensa","category-primaria","tag-auditorio-nacional","tag-colegio-newman","tag-musica"],"yoast_head":"<!-- This site is optimized with the Yoast SEO plugin v27.3 - https:\/\/yoast.com\/product\/yoast-seo-wordpress\/ -->\n<title>5\u00ba y 6\u00ba disfrutan de un concierto en el Auditorio<\/title>\n<meta name=\"description\" content=\"5\u00ba y 6\u00ba disfrutan un concierto educativo en el Auditorio Nacional desde el colegio Madrid primaria.\" \/>\n<meta name=\"robots\" content=\"index, follow, max-snippet:-1, max-image-preview:large, max-video-preview:-1\" \/>\n<link rel=\"canonical\" href=\"https:\/\/www.colegionewman.org\/es_es\/los-alumnos-de-5o-y-6o-de-primaria-en-el-auditorio-nacional\/\" \/>\n<meta property=\"og:locale\" content=\"es_ES\" \/>\n<meta property=\"og:type\" content=\"article\" \/>\n<meta property=\"og:title\" content=\"5\u00ba y 6\u00ba disfrutan de un concierto en el Auditorio\" \/>\n<meta property=\"og:description\" content=\"5\u00ba y 6\u00ba disfrutan un concierto educativo en el Auditorio Nacional desde el colegio Madrid primaria.\" \/>\n<meta property=\"og:url\" content=\"https:\/\/www.colegionewman.org\/es_es\/los-alumnos-de-5o-y-6o-de-primaria-en-el-auditorio-nacional\/\" \/>\n<meta property=\"og:site_name\" content=\"Colegio Internacional J.H. Newman\" \/>\n<meta property=\"article:published_time\" content=\"2023-04-13T09:16:56+00:00\" \/>\n<meta property=\"article:modified_time\" content=\"2024-01-24T10:04:36+00:00\" \/>\n<meta property=\"og:image\" content=\"https:\/\/www.colegionewman.org\/wp-content\/uploads\/2023\/04\/colegio-newman-1200x704-1.jpeg\" \/>\n\t<meta property=\"og:image:width\" content=\"1200\" \/>\n\t<meta property=\"og:image:height\" content=\"704\" \/>\n\t<meta property=\"og:image:type\" content=\"image\/jpeg\" \/>\n<meta name=\"author\" content=\"comunicacionnewman\" \/>\n<meta name=\"twitter:card\" content=\"summary_large_image\" \/>\n<meta name=\"twitter:label1\" content=\"Escrito por\" \/>\n\t<meta name=\"twitter:data1\" content=\"comunicacionnewman\" \/>\n\t<meta name=\"twitter:label2\" content=\"Tiempo de lectura\" \/>\n\t<meta name=\"twitter:data2\" content=\"1 minuto\" \/>\n<script type=\"application\/ld+json\" class=\"yoast-schema-graph\">{\"@context\":\"https:\\\/\\\/schema.org\",\"@graph\":[{\"@type\":\"Article\",\"@id\":\"https:\\\/\\\/www.colegionewman.org\\\/los-alumnos-de-5o-y-6o-de-primaria-en-el-auditorio-nacional\\\/#article\",\"isPartOf\":{\"@id\":\"https:\\\/\\\/www.colegionewman.org\\\/los-alumnos-de-5o-y-6o-de-primaria-en-el-auditorio-nacional\\\/\"},\"author\":{\"name\":\"comunicacionnewman\",\"@id\":\"https:\\\/\\\/www.colegionewman.org\\\/#\\\/schema\\\/person\\\/2799c0d82b571b9f7abb79410090fab8\"},\"headline\":\"Los alumnos de 5\u00ba y 6\u00ba de Primaria en el Auditorio Nacional\",\"datePublished\":\"2023-04-13T09:16:56+00:00\",\"dateModified\":\"2024-01-24T10:04:36+00:00\",\"mainEntityOfPage\":{\"@id\":\"https:\\\/\\\/www.colegionewman.org\\\/los-alumnos-de-5o-y-6o-de-primaria-en-el-auditorio-nacional\\\/\"},\"wordCount\":141,\"commentCount\":0,\"publisher\":{\"@id\":\"https:\\\/\\\/www.colegionewman.org\\\/#organization\"},\"image\":{\"@id\":\"https:\\\/\\\/www.colegionewman.org\\\/los-alumnos-de-5o-y-6o-de-primaria-en-el-auditorio-nacional\\\/#primaryimage\"},\"thumbnailUrl\":\"https:\\\/\\\/www.colegionewman.org\\\/wp-content\\\/uploads\\\/2023\\\/04\\\/colegio-newman-1200x704-1.jpeg\",\"keywords\":[\"Auditorio Nacional\",\"Colegio Newman\",\"m\u00fasica\"],\"articleSection\":[\"Colegio\",\"Noticias\",\"Prensa\",\"Primaria\"],\"inLanguage\":\"es\",\"potentialAction\":[{\"@type\":\"CommentAction\",\"name\":\"Comment\",\"target\":[\"https:\\\/\\\/www.colegionewman.org\\\/los-alumnos-de-5o-y-6o-de-primaria-en-el-auditorio-nacional\\\/#respond\"]}]},{\"@type\":\"WebPage\",\"@id\":\"https:\\\/\\\/www.colegionewman.org\\\/los-alumnos-de-5o-y-6o-de-primaria-en-el-auditorio-nacional\\\/\",\"url\":\"https:\\\/\\\/www.colegionewman.org\\\/los-alumnos-de-5o-y-6o-de-primaria-en-el-auditorio-nacional\\\/\",\"name\":\"5\u00ba y 6\u00ba disfrutan de un concierto en el Auditorio\",\"isPartOf\":{\"@id\":\"https:\\\/\\\/www.colegionewman.org\\\/#website\"},\"primaryImageOfPage\":{\"@id\":\"https:\\\/\\\/www.colegionewman.org\\\/los-alumnos-de-5o-y-6o-de-primaria-en-el-auditorio-nacional\\\/#primaryimage\"},\"image\":{\"@id\":\"https:\\\/\\\/www.colegionewman.org\\\/los-alumnos-de-5o-y-6o-de-primaria-en-el-auditorio-nacional\\\/#primaryimage\"},\"thumbnailUrl\":\"https:\\\/\\\/www.colegionewman.org\\\/wp-content\\\/uploads\\\/2023\\\/04\\\/colegio-newman-1200x704-1.jpeg\",\"datePublished\":\"2023-04-13T09:16:56+00:00\",\"dateModified\":\"2024-01-24T10:04:36+00:00\",\"description\":\"5\u00ba y 6\u00ba disfrutan un concierto educativo en el Auditorio Nacional desde el colegio Madrid primaria.\",\"breadcrumb\":{\"@id\":\"https:\\\/\\\/www.colegionewman.org\\\/los-alumnos-de-5o-y-6o-de-primaria-en-el-auditorio-nacional\\\/#breadcrumb\"},\"inLanguage\":\"es\",\"potentialAction\":[{\"@type\":\"ReadAction\",\"target\":[\"https:\\\/\\\/www.colegionewman.org\\\/los-alumnos-de-5o-y-6o-de-primaria-en-el-auditorio-nacional\\\/\"]}]},{\"@type\":\"ImageObject\",\"inLanguage\":\"es\",\"@id\":\"https:\\\/\\\/www.colegionewman.org\\\/los-alumnos-de-5o-y-6o-de-primaria-en-el-auditorio-nacional\\\/#primaryimage\",\"url\":\"https:\\\/\\\/www.colegionewman.org\\\/wp-content\\\/uploads\\\/2023\\\/04\\\/colegio-newman-1200x704-1.jpeg\",\"contentUrl\":\"https:\\\/\\\/www.colegionewman.org\\\/wp-content\\\/uploads\\\/2023\\\/04\\\/colegio-newman-1200x704-1.jpeg\",\"width\":1200,\"height\":704,\"caption\":\"Grupo de alumnos del Colegio Newman visitando el Auditorio Nacional, una salida pedag\u00f3gica incluida en nuestras actividades complementarias y extraescolares.\"},{\"@type\":\"BreadcrumbList\",\"@id\":\"https:\\\/\\\/www.colegionewman.org\\\/los-alumnos-de-5o-y-6o-de-primaria-en-el-auditorio-nacional\\\/#breadcrumb\",\"itemListElement\":[{\"@type\":\"ListItem\",\"position\":1,\"name\":\"Portada\",\"item\":\"https:\\\/\\\/www.colegionewman.org\\\/\"},{\"@type\":\"ListItem\",\"position\":2,\"name\":\"Los alumnos de 5\u00ba y 6\u00ba de Primaria en el Auditorio Nacional\"}]},{\"@type\":\"WebSite\",\"@id\":\"https:\\\/\\\/www.colegionewman.org\\\/#website\",\"url\":\"https:\\\/\\\/www.colegionewman.org\\\/\",\"name\":\"Colegio Internacional J.H. Newman\",\"description\":\"Un colegio que te abre al mundo\",\"publisher\":{\"@id\":\"https:\\\/\\\/www.colegionewman.org\\\/#organization\"},\"alternateName\":\"Colegio Newman\",\"potentialAction\":[{\"@type\":\"SearchAction\",\"target\":{\"@type\":\"EntryPoint\",\"urlTemplate\":\"https:\\\/\\\/www.colegionewman.org\\\/?s={search_term_string}\"},\"query-input\":{\"@type\":\"PropertyValueSpecification\",\"valueRequired\":true,\"valueName\":\"search_term_string\"}}],\"inLanguage\":\"es\"},{\"@type\":\"Organization\",\"@id\":\"https:\\\/\\\/www.colegionewman.org\\\/#organization\",\"name\":\"Colegio Internacional J.H. Newman\",\"alternateName\":\"Colegio Newman\",\"url\":\"https:\\\/\\\/www.colegionewman.org\\\/\",\"logo\":{\"@type\":\"ImageObject\",\"inLanguage\":\"es\",\"@id\":\"https:\\\/\\\/www.colegionewman.org\\\/#\\\/schema\\\/logo\\\/image\\\/\",\"url\":\"https:\\\/\\\/www.colegionewman.org\\\/wp-content\\\/uploads\\\/logo_mini_newman_Mesa-de-trabajo-1.png\",\"contentUrl\":\"https:\\\/\\\/www.colegionewman.org\\\/wp-content\\\/uploads\\\/logo_mini_newman_Mesa-de-trabajo-1.png\",\"width\":750,\"height\":750,\"caption\":\"Colegio Internacional J.H. Newman\"},\"image\":{\"@id\":\"https:\\\/\\\/www.colegionewman.org\\\/#\\\/schema\\\/logo\\\/image\\\/\"},\"sameAs\":[\"https:\\\/\\\/www.instagram.com\\\/colegiojhnewman\\\/\",\"https:\\\/\\\/www.youtube.com\\\/channel\\\/UCUEVCANGRsznbp-DRfSrexw\",\"https:\\\/\\\/www.linkedin.com\\\/company\\\/colegio-internacional-jh-newman\"]},{\"@type\":\"Person\",\"@id\":\"https:\\\/\\\/www.colegionewman.org\\\/#\\\/schema\\\/person\\\/2799c0d82b571b9f7abb79410090fab8\",\"name\":\"comunicacionnewman\",\"image\":{\"@type\":\"ImageObject\",\"inLanguage\":\"es\",\"@id\":\"https:\\\/\\\/secure.gravatar.com\\\/avatar\\\/d27069ebe1333a06be57ea6fc363509158ffbff50e35630dc631005391d81c95?s=96&d=mm&r=g\",\"url\":\"https:\\\/\\\/secure.gravatar.com\\\/avatar\\\/d27069ebe1333a06be57ea6fc363509158ffbff50e35630dc631005391d81c95?s=96&d=mm&r=g\",\"contentUrl\":\"https:\\\/\\\/secure.gravatar.com\\\/avatar\\\/d27069ebe1333a06be57ea6fc363509158ffbff50e35630dc631005391d81c95?s=96&d=mm&r=g\",\"caption\":\"comunicacionnewman\"},\"url\":\"https:\\\/\\\/www.colegionewman.org\\\/es_es\\\/author\\\/comunicacionnewman\\\/\"}]}<\/script>\n<!-- \/ Yoast SEO plugin. -->","yoast_head_json":{"title":"5\u00ba y 6\u00ba disfrutan de un concierto en el Auditorio","description":"5\u00ba y 6\u00ba disfrutan un concierto educativo en el Auditorio Nacional desde el colegio Madrid primaria.","robots":{"index":"index","follow":"follow","max-snippet":"max-snippet:-1","max-image-preview":"max-image-preview:large","max-video-preview":"max-video-preview:-1"},"canonical":"https:\/\/www.colegionewman.org\/es_es\/los-alumnos-de-5o-y-6o-de-primaria-en-el-auditorio-nacional\/","og_locale":"es_ES","og_type":"article","og_title":"5\u00ba y 6\u00ba disfrutan de un concierto en el Auditorio","og_description":"5\u00ba y 6\u00ba disfrutan un concierto educativo en el Auditorio Nacional desde el colegio Madrid primaria.","og_url":"https:\/\/www.colegionewman.org\/es_es\/los-alumnos-de-5o-y-6o-de-primaria-en-el-auditorio-nacional\/","og_site_name":"Colegio Internacional J.H. Newman","article_published_time":"2023-04-13T09:16:56+00:00","article_modified_time":"2024-01-24T10:04:36+00:00","og_image":[{"width":1200,"height":704,"url":"https:\/\/www.colegionewman.org\/wp-content\/uploads\/2023\/04\/colegio-newman-1200x704-1.jpeg","type":"image\/jpeg"}],"author":"comunicacionnewman","twitter_card":"summary_large_image","twitter_misc":{"Escrito por":"comunicacionnewman","Tiempo de lectura":"1 minuto"},"schema":{"@context":"https:\/\/schema.org","@graph":[{"@type":"Article","@id":"https:\/\/www.colegionewman.org\/los-alumnos-de-5o-y-6o-de-primaria-en-el-auditorio-nacional\/#article","isPartOf":{"@id":"https:\/\/www.colegionewman.org\/los-alumnos-de-5o-y-6o-de-primaria-en-el-auditorio-nacional\/"},"author":{"name":"comunicacionnewman","@id":"https:\/\/www.colegionewman.org\/#\/schema\/person\/2799c0d82b571b9f7abb79410090fab8"},"headline":"Los alumnos de 5\u00ba y 6\u00ba de Primaria en el Auditorio Nacional","datePublished":"2023-04-13T09:16:56+00:00","dateModified":"2024-01-24T10:04:36+00:00","mainEntityOfPage":{"@id":"https:\/\/www.colegionewman.org\/los-alumnos-de-5o-y-6o-de-primaria-en-el-auditorio-nacional\/"},"wordCount":141,"commentCount":0,"publisher":{"@id":"https:\/\/www.colegionewman.org\/#organization"},"image":{"@id":"https:\/\/www.colegionewman.org\/los-alumnos-de-5o-y-6o-de-primaria-en-el-auditorio-nacional\/#primaryimage"},"thumbnailUrl":"https:\/\/www.colegionewman.org\/wp-content\/uploads\/2023\/04\/colegio-newman-1200x704-1.jpeg","keywords":["Auditorio Nacional","Colegio Newman","m\u00fasica"],"articleSection":["Colegio","Noticias","Prensa","Primaria"],"inLanguage":"es","potentialAction":[{"@type":"CommentAction","name":"Comment","target":["https:\/\/www.colegionewman.org\/los-alumnos-de-5o-y-6o-de-primaria-en-el-auditorio-nacional\/#respond"]}]},{"@type":"WebPage","@id":"https:\/\/www.colegionewman.org\/los-alumnos-de-5o-y-6o-de-primaria-en-el-auditorio-nacional\/","url":"https:\/\/www.colegionewman.org\/los-alumnos-de-5o-y-6o-de-primaria-en-el-auditorio-nacional\/","name":"5\u00ba y 6\u00ba disfrutan de un concierto en el Auditorio","isPartOf":{"@id":"https:\/\/www.colegionewman.org\/#website"},"primaryImageOfPage":{"@id":"https:\/\/www.colegionewman.org\/los-alumnos-de-5o-y-6o-de-primaria-en-el-auditorio-nacional\/#primaryimage"},"image":{"@id":"https:\/\/www.colegionewman.org\/los-alumnos-de-5o-y-6o-de-primaria-en-el-auditorio-nacional\/#primaryimage"},"thumbnailUrl":"https:\/\/www.colegionewman.org\/wp-content\/uploads\/2023\/04\/colegio-newman-1200x704-1.jpeg","datePublished":"2023-04-13T09:16:56+00:00","dateModified":"2024-01-24T10:04:36+00:00","description":"5\u00ba y 6\u00ba disfrutan un concierto educativo en el Auditorio Nacional desde el colegio Madrid primaria.","breadcrumb":{"@id":"https:\/\/www.colegionewman.org\/los-alumnos-de-5o-y-6o-de-primaria-en-el-auditorio-nacional\/#breadcrumb"},"inLanguage":"es","potentialAction":[{"@type":"ReadAction","target":["https:\/\/www.colegionewman.org\/los-alumnos-de-5o-y-6o-de-primaria-en-el-auditorio-nacional\/"]}]},{"@type":"ImageObject","inLanguage":"es","@id":"https:\/\/www.colegionewman.org\/los-alumnos-de-5o-y-6o-de-primaria-en-el-auditorio-nacional\/#primaryimage","url":"https:\/\/www.colegionewman.org\/wp-content\/uploads\/2023\/04\/colegio-newman-1200x704-1.jpeg","contentUrl":"https:\/\/www.colegionewman.org\/wp-content\/uploads\/2023\/04\/colegio-newman-1200x704-1.jpeg","width":1200,"height":704,"caption":"Grupo de alumnos del Colegio Newman visitando el Auditorio Nacional, una salida pedag\u00f3gica incluida en nuestras actividades complementarias y extraescolares."},{"@type":"BreadcrumbList","@id":"https:\/\/www.colegionewman.org\/los-alumnos-de-5o-y-6o-de-primaria-en-el-auditorio-nacional\/#breadcrumb","itemListElement":[{"@type":"ListItem","position":1,"name":"Portada","item":"https:\/\/www.colegionewman.org\/"},{"@type":"ListItem","position":2,"name":"Los alumnos de 5\u00ba y 6\u00ba de Primaria en el Auditorio Nacional"}]},{"@type":"WebSite","@id":"https:\/\/www.colegionewman.org\/#website","url":"https:\/\/www.colegionewman.org\/","name":"Colegio Internacional J.H. Newman","description":"Un colegio que te abre al mundo","publisher":{"@id":"https:\/\/www.colegionewman.org\/#organization"},"alternateName":"Colegio Newman","potentialAction":[{"@type":"SearchAction","target":{"@type":"EntryPoint","urlTemplate":"https:\/\/www.colegionewman.org\/?s={search_term_string}"},"query-input":{"@type":"PropertyValueSpecification","valueRequired":true,"valueName":"search_term_string"}}],"inLanguage":"es"},{"@type":"Organization","@id":"https:\/\/www.colegionewman.org\/#organization","name":"Colegio Internacional J.H. Newman","alternateName":"Colegio Newman","url":"https:\/\/www.colegionewman.org\/","logo":{"@type":"ImageObject","inLanguage":"es","@id":"https:\/\/www.colegionewman.org\/#\/schema\/logo\/image\/","url":"https:\/\/www.colegionewman.org\/wp-content\/uploads\/logo_mini_newman_Mesa-de-trabajo-1.png","contentUrl":"https:\/\/www.colegionewman.org\/wp-content\/uploads\/logo_mini_newman_Mesa-de-trabajo-1.png","width":750,"height":750,"caption":"Colegio Internacional J.H. Newman"},"image":{"@id":"https:\/\/www.colegionewman.org\/#\/schema\/logo\/image\/"},"sameAs":["https:\/\/www.instagram.com\/colegiojhnewman\/","https:\/\/www.youtube.com\/channel\/UCUEVCANGRsznbp-DRfSrexw","https:\/\/www.linkedin.com\/company\/colegio-internacional-jh-newman"]},{"@type":"Person","@id":"https:\/\/www.colegionewman.org\/#\/schema\/person\/2799c0d82b571b9f7abb79410090fab8","name":"comunicacionnewman","image":{"@type":"ImageObject","inLanguage":"es","@id":"https:\/\/secure.gravatar.com\/avatar\/d27069ebe1333a06be57ea6fc363509158ffbff50e35630dc631005391d81c95?s=96&d=mm&r=g","url":"https:\/\/secure.gravatar.com\/avatar\/d27069ebe1333a06be57ea6fc363509158ffbff50e35630dc631005391d81c95?s=96&d=mm&r=g","contentUrl":"https:\/\/secure.gravatar.com\/avatar\/d27069ebe1333a06be57ea6fc363509158ffbff50e35630dc631005391d81c95?s=96&d=mm&r=g","caption":"comunicacionnewman"},"url":"https:\/\/www.colegionewman.org\/es_es\/author\/comunicacionnewman\/"}]}},"_links":{"self":[{"href":"https:\/\/www.colegionewman.org\/es_es\/wp-json\/wp\/v2\/posts\/27377","targetHints":{"allow":["GET"]}}],"collection":[{"href":"https:\/\/www.colegionewman.org\/es_es\/wp-json\/wp\/v2\/posts"}],"about":[{"href":"https:\/\/www.colegionewman.org\/es_es\/wp-json\/wp\/v2\/types\/post"}],"author":[{"embeddable":true,"href":"https:\/\/www.colegionewman.org\/es_es\/wp-json\/wp\/v2\/users\/2"}],"replies":[{"embeddable":true,"href":"https:\/\/www.colegionewman.org\/es_es\/wp-json\/wp\/v2\/comments?post=27377"}],"version-history":[{"count":1,"href":"https:\/\/www.colegionewman.org\/es_es\/wp-json\/wp\/v2\/posts\/27377\/revisions"}],"predecessor-version":[{"id":28829,"href":"https:\/\/www.colegionewman.org\/es_es\/wp-json\/wp\/v2\/posts\/27377\/revisions\/28829"}],"wp:featuredmedia":[{"embeddable":true,"href":"https:\/\/www.colegionewman.org\/es_es\/wp-json\/wp\/v2\/media\/28828"}],"wp:attachment":[{"href":"https:\/\/www.colegionewman.org\/es_es\/wp-json\/wp\/v2\/media?parent=27377"}],"wp:term":[{"taxonomy":"category","embeddable":true,"href":"https:\/\/www.colegionewman.org\/es_es\/wp-json\/wp\/v2\/categories?post=27377"},{"taxonomy":"post_tag","embeddable":true,"href":"https:\/\/www.colegionewman.org\/es_es\/wp-json\/wp\/v2\/tags?post=27377"}],"curies":[{"name":"wp","href":"https:\/\/api.w.org\/{rel}","templated":true}]}}