{"id":27366,"date":"2023-04-12T06:05:38","date_gmt":"2023-04-12T04:05:38","guid":{"rendered":"https:\/\/www.colegionewman.org\/?p=27366"},"modified":"2024-01-24T11:08:13","modified_gmt":"2024-01-24T10:08:13","slug":"dialogo-sobre-cultura-politica-y-educacion","status":"publish","type":"post","link":"https:\/\/www.colegionewman.org\/es_es\/dialogo-sobre-cultura-politica-y-educacion\/","title":{"rendered":"Di\u00e1logo sobre cultura, pol\u00edtica y educaci\u00f3n"},"content":{"rendered":"<p>Al hilo del manifiesto\u00a0<strong>\u00abTiempo de educar\u00bb<\/strong>\u00a0presentado por\u00a0<strong>Scholaris,<\/strong>\u00a0queremos dialogar sobre la\u00a0<strong>situaci\u00f3n de crisis que atraviesa la educaci\u00f3n<\/strong>\u00a0y los sistemas educativos:\u00a0<i>Las distintas leyes educativas y programas pol\u00edticos no logran limar los graves problemas que percibimos desde la sociedad civil (familias, asociaciones, escuelas, etc.) y han acentuado, si cabe, la\u00a0<strong>incertidumbre y precariedad<\/strong>\u00a0en la que ya nos encontr\u00e1bamos: desconfianza en las instituciones, exceso de uniformidad y burocratizaci\u00f3n, fragilidad y desamparo de las nuevas generaciones, pobreza en la transmisi\u00f3n cultural, ideologizaci\u00f3n, precaria formaci\u00f3n y situaci\u00f3n del profesorado, y un largo etc\u00e9tera de preocupaciones que siguen marcando el rumbo de docentes y centros educativos.\u00a0<\/i><\/p>\n<p>\u00bfSobre qu\u00e9 aspectos deber\u00eda consolidarse un aut\u00e9ntico y s\u00f3lido\u00a0<strong>pacto educativo<\/strong>? \u00bfQu\u00e9 propuestas son capaces en este momento de proponer algo verdaderamente interesante e incisivo? \u00bfQu\u00e9 tipo de\u00a0<strong>di\u00e1logo debe existir entre el Estado y el conjunto de iniciativas y obras educativas<\/strong>?<\/p>\n<p>Intervienen:<\/p>\n<ul>\n<li>Nuno Crato, Ex Ministro de Ciencia, Tecnolog\u00eda y Ense\u00f1anza Superior de Portugal.<\/li>\n<li>Elena Ugolini, Ex secretaria de Estado del Ministerio de Educaci\u00f3n italiano y responsable de las escuelas Malpighi (Italia)<\/li>\n<li>Luis Segu\u00ed, (Presenta y Modera) Director de la Fundaci\u00f3n Educat, Barcelona.<\/li>\n<\/ul>\n<p>D\u00eda: 21 de abril de 2023<br \/>\nHora: 19.00h<br \/>\nLugar: Colegio Internacional G. Nicoli (Paseo Eduardo Dato, 4, Madrid). Metro Rub\u00e9n Dar\u00edo (L5) Autobuses: 5, 14, 27, 45, 150<br \/>\n<b>ENTRADA GRATUITA Y LIBRE HASTA COMPLETAR AFORO<\/b><\/p>\n<p><strong>TIEMPO DE EDUCAR<\/strong><\/p>\n<p>La plataforma educativa\u00a0<strong>Scholaris<\/strong>\u00a0promueve la campa\u00f1a\u00a0<strong>\u00abTiempo de Educar\u00bb.\u00a0<\/strong>En un momento de incertidumbre y debilidad cultural y educativa, ofrecemos un conjunto de iniciativas\u00a0<strong>asentadas<\/strong><strong>\u00a0en la cultura y en la libertad, ofreciendo di\u00e1logos y espacios de encuentro.\u00a0<\/strong><\/p>\n<p>La\u00a0<strong>educaci\u00f3n afecta a toda la sociedad<\/strong>; no es un problema sectorial que deban resolver s\u00f3lo los profesionales de nuestro sistema educativo. Nos afecta a todos en primera persona.\u00a0<strong>TIEMPO DE EDUCAR<\/strong>\u00a0quiere ser un punto de referencia para la comunidad educativa y una posibilidad para incrementar la pasi\u00f3n por la m\u00e1s fascinante de las tareas: ayudar a que la persona crezca.<\/p>\n<p><a href=\"https:\/\/scholaris.es\/tiempo-de-educar\/\">M\u00e1s informaci\u00f3n sobre la campa\u00f1a Tiempo de Educar<\/a><\/p>\n","protected":false},"excerpt":{"rendered":"<p>Al hilo del manifiesto\u00a0\u00abTiempo de educar\u00bb\u00a0presentado por\u00a0Scholaris,\u00a0queremos dialogar sobre la\u00a0situaci\u00f3n de crisis que atraviesa la educaci\u00f3n\u00a0y los sistemas educativos:\u00a0Las distintas leyes educativas y programas pol\u00edticos no logran limar los graves problemas que percibimos desde la sociedad civil (familias, asociaciones, escuelas, etc.) y han acentuado, si cabe, la\u00a0incertidumbre y precariedad\u00a0en la que ya nos encontr\u00e1bamos: desconfianza [&hellip;]<\/p>\n","protected":false},"author":2,"featured_media":28832,"comment_status":"open","ping_status":"open","sticky":false,"template":"","format":"standard","meta":{"footnotes":""},"categories":[41,17,72,47,14,87,249,15,16],"tags":[1292,1293,1332],"class_list":["post-27366","post","type-post","status-publish","format-standard","has-post-thumbnail","hentry","category-apa","category-bachillerato","category-colegio","category-eventos","category-infantil","category-noticias","category-prensa","category-primaria","category-secundaria","tag-dialogo","tag-scholaris","tag-tiempo-de-educar"],"yoast_head":"<!-- This site is optimized with the Yoast SEO plugin v27.3 - https:\/\/yoast.com\/product\/yoast-seo-wordpress\/ -->\n<title>Di\u00e1logo sobre cultura, pol\u00edtica y educaci\u00f3n<\/title>\n<meta name=\"description\" content=\"El Colegio Newman acoge un di\u00e1logo sobre cultura, pol\u00edtica y educaci\u00f3n.\" \/>\n<meta name=\"robots\" content=\"index, follow, max-snippet:-1, max-image-preview:large, max-video-preview:-1\" \/>\n<link rel=\"canonical\" href=\"https:\/\/www.colegionewman.org\/es_es\/dialogo-sobre-cultura-politica-y-educacion\/\" \/>\n<meta property=\"og:locale\" content=\"es_ES\" \/>\n<meta property=\"og:type\" content=\"article\" \/>\n<meta property=\"og:title\" content=\"Di\u00e1logo sobre cultura, pol\u00edtica y educaci\u00f3n\" \/>\n<meta property=\"og:description\" content=\"El Colegio Newman acoge un di\u00e1logo sobre cultura, pol\u00edtica y educaci\u00f3n.\" \/>\n<meta property=\"og:url\" content=\"https:\/\/www.colegionewman.org\/es_es\/dialogo-sobre-cultura-politica-y-educacion\/\" \/>\n<meta property=\"og:site_name\" content=\"Colegio Internacional J.H. Newman\" \/>\n<meta property=\"article:published_time\" content=\"2023-04-12T04:05:38+00:00\" \/>\n<meta property=\"article:modified_time\" content=\"2024-01-24T10:08:13+00:00\" \/>\n<meta property=\"og:image\" content=\"https:\/\/www.colegionewman.org\/wp-content\/uploads\/2023\/04\/colegio-newman-scholaris-1200x853-1.jpeg\" \/>\n\t<meta property=\"og:image:width\" content=\"1200\" \/>\n\t<meta property=\"og:image:height\" content=\"853\" \/>\n\t<meta property=\"og:image:type\" content=\"image\/jpeg\" \/>\n<meta name=\"author\" content=\"comunicacionnewman\" \/>\n<meta name=\"twitter:card\" content=\"summary_large_image\" \/>\n<meta name=\"twitter:label1\" content=\"Escrito por\" \/>\n\t<meta name=\"twitter:data1\" content=\"comunicacionnewman\" \/>\n\t<meta name=\"twitter:label2\" content=\"Tiempo de lectura\" \/>\n\t<meta name=\"twitter:data2\" content=\"2 minutos\" \/>\n<script type=\"application\/ld+json\" class=\"yoast-schema-graph\">{\"@context\":\"https:\\\/\\\/schema.org\",\"@graph\":[{\"@type\":\"Article\",\"@id\":\"https:\\\/\\\/www.colegionewman.org\\\/dialogo-sobre-cultura-politica-y-educacion\\\/#article\",\"isPartOf\":{\"@id\":\"https:\\\/\\\/www.colegionewman.org\\\/dialogo-sobre-cultura-politica-y-educacion\\\/\"},\"author\":{\"name\":\"comunicacionnewman\",\"@id\":\"https:\\\/\\\/www.colegionewman.org\\\/#\\\/schema\\\/person\\\/2799c0d82b571b9f7abb79410090fab8\"},\"headline\":\"Di\u00e1logo sobre cultura, pol\u00edtica y educaci\u00f3n\",\"datePublished\":\"2023-04-12T04:05:38+00:00\",\"dateModified\":\"2024-01-24T10:08:13+00:00\",\"mainEntityOfPage\":{\"@id\":\"https:\\\/\\\/www.colegionewman.org\\\/dialogo-sobre-cultura-politica-y-educacion\\\/\"},\"wordCount\":369,\"commentCount\":0,\"publisher\":{\"@id\":\"https:\\\/\\\/www.colegionewman.org\\\/#organization\"},\"image\":{\"@id\":\"https:\\\/\\\/www.colegionewman.org\\\/dialogo-sobre-cultura-politica-y-educacion\\\/#primaryimage\"},\"thumbnailUrl\":\"https:\\\/\\\/www.colegionewman.org\\\/wp-content\\\/uploads\\\/2023\\\/04\\\/colegio-newman-scholaris-1200x853-1.jpeg\",\"keywords\":[\"dialogo\",\"scholaris\",\"tiempo de educar\"],\"articleSection\":[\"AMPA\",\"Bachillerato\",\"Colegio\",\"Eventos\",\"Infantil\",\"Noticias\",\"Prensa\",\"Primaria\",\"Secundaria\"],\"inLanguage\":\"es\",\"potentialAction\":[{\"@type\":\"CommentAction\",\"name\":\"Comment\",\"target\":[\"https:\\\/\\\/www.colegionewman.org\\\/dialogo-sobre-cultura-politica-y-educacion\\\/#respond\"]}]},{\"@type\":\"WebPage\",\"@id\":\"https:\\\/\\\/www.colegionewman.org\\\/dialogo-sobre-cultura-politica-y-educacion\\\/\",\"url\":\"https:\\\/\\\/www.colegionewman.org\\\/dialogo-sobre-cultura-politica-y-educacion\\\/\",\"name\":\"Di\u00e1logo sobre cultura, pol\u00edtica y educaci\u00f3n\",\"isPartOf\":{\"@id\":\"https:\\\/\\\/www.colegionewman.org\\\/#website\"},\"primaryImageOfPage\":{\"@id\":\"https:\\\/\\\/www.colegionewman.org\\\/dialogo-sobre-cultura-politica-y-educacion\\\/#primaryimage\"},\"image\":{\"@id\":\"https:\\\/\\\/www.colegionewman.org\\\/dialogo-sobre-cultura-politica-y-educacion\\\/#primaryimage\"},\"thumbnailUrl\":\"https:\\\/\\\/www.colegionewman.org\\\/wp-content\\\/uploads\\\/2023\\\/04\\\/colegio-newman-scholaris-1200x853-1.jpeg\",\"datePublished\":\"2023-04-12T04:05:38+00:00\",\"dateModified\":\"2024-01-24T10:08:13+00:00\",\"description\":\"El Colegio Newman acoge un di\u00e1logo sobre cultura, pol\u00edtica y educaci\u00f3n.\",\"breadcrumb\":{\"@id\":\"https:\\\/\\\/www.colegionewman.org\\\/dialogo-sobre-cultura-politica-y-educacion\\\/#breadcrumb\"},\"inLanguage\":\"es\",\"potentialAction\":[{\"@type\":\"ReadAction\",\"target\":[\"https:\\\/\\\/www.colegionewman.org\\\/dialogo-sobre-cultura-politica-y-educacion\\\/\"]}]},{\"@type\":\"ImageObject\",\"inLanguage\":\"es\",\"@id\":\"https:\\\/\\\/www.colegionewman.org\\\/dialogo-sobre-cultura-politica-y-educacion\\\/#primaryimage\",\"url\":\"https:\\\/\\\/www.colegionewman.org\\\/wp-content\\\/uploads\\\/2023\\\/04\\\/colegio-newman-scholaris-1200x853-1.jpeg\",\"contentUrl\":\"https:\\\/\\\/www.colegionewman.org\\\/wp-content\\\/uploads\\\/2023\\\/04\\\/colegio-newman-scholaris-1200x853-1.jpeg\",\"width\":1200,\"height\":853,\"caption\":\"Cartel del evento \u201cTiempo de Educar\u201d, un encuentro sobre pol\u00edtica y cultura educativa organizado en colaboraci\u00f3n con la fundaci\u00f3n internacional de educaci\u00f3n.\"},{\"@type\":\"BreadcrumbList\",\"@id\":\"https:\\\/\\\/www.colegionewman.org\\\/dialogo-sobre-cultura-politica-y-educacion\\\/#breadcrumb\",\"itemListElement\":[{\"@type\":\"ListItem\",\"position\":1,\"name\":\"Portada\",\"item\":\"https:\\\/\\\/www.colegionewman.org\\\/\"},{\"@type\":\"ListItem\",\"position\":2,\"name\":\"Di\u00e1logo sobre cultura, pol\u00edtica y educaci\u00f3n\"}]},{\"@type\":\"WebSite\",\"@id\":\"https:\\\/\\\/www.colegionewman.org\\\/#website\",\"url\":\"https:\\\/\\\/www.colegionewman.org\\\/\",\"name\":\"Colegio Internacional J.H. Newman\",\"description\":\"Un colegio que te abre al mundo\",\"publisher\":{\"@id\":\"https:\\\/\\\/www.colegionewman.org\\\/#organization\"},\"alternateName\":\"Colegio Newman\",\"potentialAction\":[{\"@type\":\"SearchAction\",\"target\":{\"@type\":\"EntryPoint\",\"urlTemplate\":\"https:\\\/\\\/www.colegionewman.org\\\/?s={search_term_string}\"},\"query-input\":{\"@type\":\"PropertyValueSpecification\",\"valueRequired\":true,\"valueName\":\"search_term_string\"}}],\"inLanguage\":\"es\"},{\"@type\":\"Organization\",\"@id\":\"https:\\\/\\\/www.colegionewman.org\\\/#organization\",\"name\":\"Colegio Internacional J.H. Newman\",\"alternateName\":\"Colegio Newman\",\"url\":\"https:\\\/\\\/www.colegionewman.org\\\/\",\"logo\":{\"@type\":\"ImageObject\",\"inLanguage\":\"es\",\"@id\":\"https:\\\/\\\/www.colegionewman.org\\\/#\\\/schema\\\/logo\\\/image\\\/\",\"url\":\"https:\\\/\\\/www.colegionewman.org\\\/wp-content\\\/uploads\\\/logo_mini_newman_Mesa-de-trabajo-1.png\",\"contentUrl\":\"https:\\\/\\\/www.colegionewman.org\\\/wp-content\\\/uploads\\\/logo_mini_newman_Mesa-de-trabajo-1.png\",\"width\":750,\"height\":750,\"caption\":\"Colegio Internacional J.H. Newman\"},\"image\":{\"@id\":\"https:\\\/\\\/www.colegionewman.org\\\/#\\\/schema\\\/logo\\\/image\\\/\"},\"sameAs\":[\"https:\\\/\\\/www.instagram.com\\\/colegiojhnewman\\\/\",\"https:\\\/\\\/www.youtube.com\\\/channel\\\/UCUEVCANGRsznbp-DRfSrexw\",\"https:\\\/\\\/www.linkedin.com\\\/company\\\/colegio-internacional-jh-newman\"]},{\"@type\":\"Person\",\"@id\":\"https:\\\/\\\/www.colegionewman.org\\\/#\\\/schema\\\/person\\\/2799c0d82b571b9f7abb79410090fab8\",\"name\":\"comunicacionnewman\",\"image\":{\"@type\":\"ImageObject\",\"inLanguage\":\"es\",\"@id\":\"https:\\\/\\\/secure.gravatar.com\\\/avatar\\\/d27069ebe1333a06be57ea6fc363509158ffbff50e35630dc631005391d81c95?s=96&d=mm&r=g\",\"url\":\"https:\\\/\\\/secure.gravatar.com\\\/avatar\\\/d27069ebe1333a06be57ea6fc363509158ffbff50e35630dc631005391d81c95?s=96&d=mm&r=g\",\"contentUrl\":\"https:\\\/\\\/secure.gravatar.com\\\/avatar\\\/d27069ebe1333a06be57ea6fc363509158ffbff50e35630dc631005391d81c95?s=96&d=mm&r=g\",\"caption\":\"comunicacionnewman\"},\"url\":\"https:\\\/\\\/www.colegionewman.org\\\/es_es\\\/author\\\/comunicacionnewman\\\/\"}]}<\/script>\n<!-- \/ Yoast SEO plugin. -->","yoast_head_json":{"title":"Di\u00e1logo sobre cultura, pol\u00edtica y educaci\u00f3n","description":"El Colegio Newman acoge un di\u00e1logo sobre cultura, pol\u00edtica y educaci\u00f3n.","robots":{"index":"index","follow":"follow","max-snippet":"max-snippet:-1","max-image-preview":"max-image-preview:large","max-video-preview":"max-video-preview:-1"},"canonical":"https:\/\/www.colegionewman.org\/es_es\/dialogo-sobre-cultura-politica-y-educacion\/","og_locale":"es_ES","og_type":"article","og_title":"Di\u00e1logo sobre cultura, pol\u00edtica y educaci\u00f3n","og_description":"El Colegio Newman acoge un di\u00e1logo sobre cultura, pol\u00edtica y educaci\u00f3n.","og_url":"https:\/\/www.colegionewman.org\/es_es\/dialogo-sobre-cultura-politica-y-educacion\/","og_site_name":"Colegio Internacional J.H. Newman","article_published_time":"2023-04-12T04:05:38+00:00","article_modified_time":"2024-01-24T10:08:13+00:00","og_image":[{"width":1200,"height":853,"url":"https:\/\/www.colegionewman.org\/wp-content\/uploads\/2023\/04\/colegio-newman-scholaris-1200x853-1.jpeg","type":"image\/jpeg"}],"author":"comunicacionnewman","twitter_card":"summary_large_image","twitter_misc":{"Escrito por":"comunicacionnewman","Tiempo de lectura":"2 minutos"},"schema":{"@context":"https:\/\/schema.org","@graph":[{"@type":"Article","@id":"https:\/\/www.colegionewman.org\/dialogo-sobre-cultura-politica-y-educacion\/#article","isPartOf":{"@id":"https:\/\/www.colegionewman.org\/dialogo-sobre-cultura-politica-y-educacion\/"},"author":{"name":"comunicacionnewman","@id":"https:\/\/www.colegionewman.org\/#\/schema\/person\/2799c0d82b571b9f7abb79410090fab8"},"headline":"Di\u00e1logo sobre cultura, pol\u00edtica y educaci\u00f3n","datePublished":"2023-04-12T04:05:38+00:00","dateModified":"2024-01-24T10:08:13+00:00","mainEntityOfPage":{"@id":"https:\/\/www.colegionewman.org\/dialogo-sobre-cultura-politica-y-educacion\/"},"wordCount":369,"commentCount":0,"publisher":{"@id":"https:\/\/www.colegionewman.org\/#organization"},"image":{"@id":"https:\/\/www.colegionewman.org\/dialogo-sobre-cultura-politica-y-educacion\/#primaryimage"},"thumbnailUrl":"https:\/\/www.colegionewman.org\/wp-content\/uploads\/2023\/04\/colegio-newman-scholaris-1200x853-1.jpeg","keywords":["dialogo","scholaris","tiempo de educar"],"articleSection":["AMPA","Bachillerato","Colegio","Eventos","Infantil","Noticias","Prensa","Primaria","Secundaria"],"inLanguage":"es","potentialAction":[{"@type":"CommentAction","name":"Comment","target":["https:\/\/www.colegionewman.org\/dialogo-sobre-cultura-politica-y-educacion\/#respond"]}]},{"@type":"WebPage","@id":"https:\/\/www.colegionewman.org\/dialogo-sobre-cultura-politica-y-educacion\/","url":"https:\/\/www.colegionewman.org\/dialogo-sobre-cultura-politica-y-educacion\/","name":"Di\u00e1logo sobre cultura, pol\u00edtica y educaci\u00f3n","isPartOf":{"@id":"https:\/\/www.colegionewman.org\/#website"},"primaryImageOfPage":{"@id":"https:\/\/www.colegionewman.org\/dialogo-sobre-cultura-politica-y-educacion\/#primaryimage"},"image":{"@id":"https:\/\/www.colegionewman.org\/dialogo-sobre-cultura-politica-y-educacion\/#primaryimage"},"thumbnailUrl":"https:\/\/www.colegionewman.org\/wp-content\/uploads\/2023\/04\/colegio-newman-scholaris-1200x853-1.jpeg","datePublished":"2023-04-12T04:05:38+00:00","dateModified":"2024-01-24T10:08:13+00:00","description":"El Colegio Newman acoge un di\u00e1logo sobre cultura, pol\u00edtica y educaci\u00f3n.","breadcrumb":{"@id":"https:\/\/www.colegionewman.org\/dialogo-sobre-cultura-politica-y-educacion\/#breadcrumb"},"inLanguage":"es","potentialAction":[{"@type":"ReadAction","target":["https:\/\/www.colegionewman.org\/dialogo-sobre-cultura-politica-y-educacion\/"]}]},{"@type":"ImageObject","inLanguage":"es","@id":"https:\/\/www.colegionewman.org\/dialogo-sobre-cultura-politica-y-educacion\/#primaryimage","url":"https:\/\/www.colegionewman.org\/wp-content\/uploads\/2023\/04\/colegio-newman-scholaris-1200x853-1.jpeg","contentUrl":"https:\/\/www.colegionewman.org\/wp-content\/uploads\/2023\/04\/colegio-newman-scholaris-1200x853-1.jpeg","width":1200,"height":853,"caption":"Cartel del evento \u201cTiempo de Educar\u201d, un encuentro sobre pol\u00edtica y cultura educativa organizado en colaboraci\u00f3n con la fundaci\u00f3n internacional de educaci\u00f3n."},{"@type":"BreadcrumbList","@id":"https:\/\/www.colegionewman.org\/dialogo-sobre-cultura-politica-y-educacion\/#breadcrumb","itemListElement":[{"@type":"ListItem","position":1,"name":"Portada","item":"https:\/\/www.colegionewman.org\/"},{"@type":"ListItem","position":2,"name":"Di\u00e1logo sobre cultura, pol\u00edtica y educaci\u00f3n"}]},{"@type":"WebSite","@id":"https:\/\/www.colegionewman.org\/#website","url":"https:\/\/www.colegionewman.org\/","name":"Colegio Internacional J.H. Newman","description":"Un colegio que te abre al mundo","publisher":{"@id":"https:\/\/www.colegionewman.org\/#organization"},"alternateName":"Colegio Newman","potentialAction":[{"@type":"SearchAction","target":{"@type":"EntryPoint","urlTemplate":"https:\/\/www.colegionewman.org\/?s={search_term_string}"},"query-input":{"@type":"PropertyValueSpecification","valueRequired":true,"valueName":"search_term_string"}}],"inLanguage":"es"},{"@type":"Organization","@id":"https:\/\/www.colegionewman.org\/#organization","name":"Colegio Internacional J.H. Newman","alternateName":"Colegio Newman","url":"https:\/\/www.colegionewman.org\/","logo":{"@type":"ImageObject","inLanguage":"es","@id":"https:\/\/www.colegionewman.org\/#\/schema\/logo\/image\/","url":"https:\/\/www.colegionewman.org\/wp-content\/uploads\/logo_mini_newman_Mesa-de-trabajo-1.png","contentUrl":"https:\/\/www.colegionewman.org\/wp-content\/uploads\/logo_mini_newman_Mesa-de-trabajo-1.png","width":750,"height":750,"caption":"Colegio Internacional J.H. Newman"},"image":{"@id":"https:\/\/www.colegionewman.org\/#\/schema\/logo\/image\/"},"sameAs":["https:\/\/www.instagram.com\/colegiojhnewman\/","https:\/\/www.youtube.com\/channel\/UCUEVCANGRsznbp-DRfSrexw","https:\/\/www.linkedin.com\/company\/colegio-internacional-jh-newman"]},{"@type":"Person","@id":"https:\/\/www.colegionewman.org\/#\/schema\/person\/2799c0d82b571b9f7abb79410090fab8","name":"comunicacionnewman","image":{"@type":"ImageObject","inLanguage":"es","@id":"https:\/\/secure.gravatar.com\/avatar\/d27069ebe1333a06be57ea6fc363509158ffbff50e35630dc631005391d81c95?s=96&d=mm&r=g","url":"https:\/\/secure.gravatar.com\/avatar\/d27069ebe1333a06be57ea6fc363509158ffbff50e35630dc631005391d81c95?s=96&d=mm&r=g","contentUrl":"https:\/\/secure.gravatar.com\/avatar\/d27069ebe1333a06be57ea6fc363509158ffbff50e35630dc631005391d81c95?s=96&d=mm&r=g","caption":"comunicacionnewman"},"url":"https:\/\/www.colegionewman.org\/es_es\/author\/comunicacionnewman\/"}]}},"_links":{"self":[{"href":"https:\/\/www.colegionewman.org\/es_es\/wp-json\/wp\/v2\/posts\/27366","targetHints":{"allow":["GET"]}}],"collection":[{"href":"https:\/\/www.colegionewman.org\/es_es\/wp-json\/wp\/v2\/posts"}],"about":[{"href":"https:\/\/www.colegionewman.org\/es_es\/wp-json\/wp\/v2\/types\/post"}],"author":[{"embeddable":true,"href":"https:\/\/www.colegionewman.org\/es_es\/wp-json\/wp\/v2\/users\/2"}],"replies":[{"embeddable":true,"href":"https:\/\/www.colegionewman.org\/es_es\/wp-json\/wp\/v2\/comments?post=27366"}],"version-history":[{"count":1,"href":"https:\/\/www.colegionewman.org\/es_es\/wp-json\/wp\/v2\/posts\/27366\/revisions"}],"predecessor-version":[{"id":28833,"href":"https:\/\/www.colegionewman.org\/es_es\/wp-json\/wp\/v2\/posts\/27366\/revisions\/28833"}],"wp:featuredmedia":[{"embeddable":true,"href":"https:\/\/www.colegionewman.org\/es_es\/wp-json\/wp\/v2\/media\/28832"}],"wp:attachment":[{"href":"https:\/\/www.colegionewman.org\/es_es\/wp-json\/wp\/v2\/media?parent=27366"}],"wp:term":[{"taxonomy":"category","embeddable":true,"href":"https:\/\/www.colegionewman.org\/es_es\/wp-json\/wp\/v2\/categories?post=27366"},{"taxonomy":"post_tag","embeddable":true,"href":"https:\/\/www.colegionewman.org\/es_es\/wp-json\/wp\/v2\/tags?post=27366"}],"curies":[{"name":"wp","href":"https:\/\/api.w.org\/{rel}","templated":true}]}}