{"id":27361,"date":"2023-04-12T05:56:36","date_gmt":"2023-04-12T03:56:36","guid":{"rendered":"https:\/\/www.colegionewman.org\/?p=27361"},"modified":"2024-01-24T11:13:19","modified_gmt":"2024-01-24T10:13:19","slug":"estancia-en-el-liceo-artistico-sacro-cuore-de-milan","status":"publish","type":"post","link":"https:\/\/www.colegionewman.org\/es_es\/estancia-en-el-liceo-artistico-sacro-cuore-de-milan\/","title":{"rendered":"Estancia en el Liceo Art\u00edstico Sacro Cuore de Mil\u00e1n"},"content":{"rendered":"<p>Alumnas del Bachillerato art\u00edstico han estado cinco d\u00edas de estancia en el Liceo Art\u00edstico Sacro Cuore de Mil\u00e1n. Han realizado un intensivo de grabado, adem\u00e1s de participar en las clases normales con sus \u00abhermanos\u00bb de acogida. En el tiempo libre han disfrutado de un gran plan cultural sobre el Mil\u00e1n m\u00e1s medieval. Iremos descubriendo poco a poco toda la riqueza que traen de estos d\u00edas. Gracias SacroCuore por la acogida!<\/p>\n<p><img loading=\"lazy\" decoding=\"async\" class=\"size-full wp-image-27363\" src=\"https:\/\/www.colegionewman.org\/wp-content\/uploads\/2023\/04\/colegio-newman-sacro-cuore.jpg\" alt=\"\" width=\"2000\" height=\"1000\" \/><\/p>\n<div id=\"attachment_27364\" style=\"width: 2010px\" class=\"wp-caption alignnone\"><img loading=\"lazy\" decoding=\"async\" aria-describedby=\"caption-attachment-27364\" class=\"size-full wp-image-27364\" src=\"https:\/\/www.colegionewman.org\/wp-content\/uploads\/2023\/04\/colegio-newman-sacro-cuore-2.jpg\" alt=\"\" width=\"2000\" height=\"1000\" \/><p id=\"caption-attachment-27364\" class=\"wp-caption-text\">colegio newman intercambio<\/p><\/div>\n","protected":false},"excerpt":{"rendered":"<p>Alumnas del Bachillerato art\u00edstico han estado cinco d\u00edas de estancia en el Liceo Art\u00edstico Sacro Cuore de Mil\u00e1n. Han realizado un intensivo de grabado, adem\u00e1s de participar en las clases normales con sus \u00abhermanos\u00bb de acogida. En el tiempo libre han disfrutado de un gran plan cultural sobre el Mil\u00e1n m\u00e1s medieval. Iremos descubriendo poco [&hellip;]<\/p>\n","protected":false},"author":2,"featured_media":28834,"comment_status":"open","ping_status":"open","sticky":false,"template":"","format":"standard","meta":{"footnotes":""},"categories":[17,72,47,87,249],"tags":[832,97,26,238,965,1248],"class_list":["post-27361","post","type-post","status-publish","format-standard","has-post-thumbnail","hentry","category-bachillerato","category-colegio","category-eventos","category-noticias","category-prensa","tag-artes","tag-bachillerato","tag-colegio-newman","tag-intercambio","tag-milan","tag-sacro-cuore"],"yoast_head":"<!-- This site is optimized with the Yoast SEO plugin v27.3 - https:\/\/yoast.com\/product\/yoast-seo-wordpress\/ -->\n<title>Visita al Liceo Art\u00edstico de Mil\u00e1n<\/title>\n<meta name=\"description\" content=\"El colegio internacional Madrid participa en una estancia en el Liceo Art\u00edstico Sacro Cuore de Mil\u00e1n.\" \/>\n<meta name=\"robots\" content=\"index, follow, max-snippet:-1, max-image-preview:large, max-video-preview:-1\" \/>\n<link rel=\"canonical\" href=\"https:\/\/www.colegionewman.org\/es_es\/estancia-en-el-liceo-artistico-sacro-cuore-de-milan\/\" \/>\n<meta property=\"og:locale\" content=\"es_ES\" \/>\n<meta property=\"og:type\" content=\"article\" \/>\n<meta property=\"og:title\" content=\"Visita al Liceo Art\u00edstico de Mil\u00e1n\" \/>\n<meta property=\"og:description\" content=\"El colegio internacional Madrid participa en una estancia en el Liceo Art\u00edstico Sacro Cuore de Mil\u00e1n.\" \/>\n<meta property=\"og:url\" content=\"https:\/\/www.colegionewman.org\/es_es\/estancia-en-el-liceo-artistico-sacro-cuore-de-milan\/\" \/>\n<meta property=\"og:site_name\" content=\"Colegio Internacional J.H. Newman\" \/>\n<meta property=\"article:published_time\" content=\"2023-04-12T03:56:36+00:00\" \/>\n<meta property=\"article:modified_time\" content=\"2024-01-24T10:13:19+00:00\" \/>\n<meta property=\"og:image\" content=\"https:\/\/www.colegionewman.org\/wp-content\/uploads\/2023\/04\/colegio-newman-sacro-cuore-1-1200x600-1.jpeg\" \/>\n\t<meta property=\"og:image:width\" content=\"1200\" \/>\n\t<meta property=\"og:image:height\" content=\"600\" \/>\n\t<meta property=\"og:image:type\" content=\"image\/jpeg\" \/>\n<meta name=\"author\" content=\"comunicacionnewman\" \/>\n<meta name=\"twitter:card\" content=\"summary_large_image\" \/>\n<meta name=\"twitter:label1\" content=\"Escrito por\" \/>\n\t<meta name=\"twitter:data1\" content=\"comunicacionnewman\" \/>\n\t<meta name=\"twitter:label2\" content=\"Tiempo de lectura\" \/>\n\t<meta name=\"twitter:data2\" content=\"1 minuto\" \/>\n<script type=\"application\/ld+json\" class=\"yoast-schema-graph\">{\"@context\":\"https:\\\/\\\/schema.org\",\"@graph\":[{\"@type\":\"Article\",\"@id\":\"https:\\\/\\\/www.colegionewman.org\\\/estancia-en-el-liceo-artistico-sacro-cuore-de-milan\\\/#article\",\"isPartOf\":{\"@id\":\"https:\\\/\\\/www.colegionewman.org\\\/estancia-en-el-liceo-artistico-sacro-cuore-de-milan\\\/\"},\"author\":{\"name\":\"comunicacionnewman\",\"@id\":\"https:\\\/\\\/www.colegionewman.org\\\/#\\\/schema\\\/person\\\/2799c0d82b571b9f7abb79410090fab8\"},\"headline\":\"Estancia en el Liceo Art\u00edstico Sacro Cuore de Mil\u00e1n\",\"datePublished\":\"2023-04-12T03:56:36+00:00\",\"dateModified\":\"2024-01-24T10:13:19+00:00\",\"mainEntityOfPage\":{\"@id\":\"https:\\\/\\\/www.colegionewman.org\\\/estancia-en-el-liceo-artistico-sacro-cuore-de-milan\\\/\"},\"wordCount\":99,\"commentCount\":0,\"publisher\":{\"@id\":\"https:\\\/\\\/www.colegionewman.org\\\/#organization\"},\"image\":{\"@id\":\"https:\\\/\\\/www.colegionewman.org\\\/estancia-en-el-liceo-artistico-sacro-cuore-de-milan\\\/#primaryimage\"},\"thumbnailUrl\":\"https:\\\/\\\/www.colegionewman.org\\\/wp-content\\\/uploads\\\/2023\\\/04\\\/colegio-newman-sacro-cuore-1-1200x600-1.jpeg\",\"keywords\":[\"Artes\",\"Bachillerato\",\"Colegio Newman\",\"intercambio\",\"Mil\u00e1n\",\"sacro cuore\"],\"articleSection\":[\"Bachillerato\",\"Colegio\",\"Eventos\",\"Noticias\",\"Prensa\"],\"inLanguage\":\"es\",\"potentialAction\":[{\"@type\":\"CommentAction\",\"name\":\"Comment\",\"target\":[\"https:\\\/\\\/www.colegionewman.org\\\/estancia-en-el-liceo-artistico-sacro-cuore-de-milan\\\/#respond\"]}]},{\"@type\":\"WebPage\",\"@id\":\"https:\\\/\\\/www.colegionewman.org\\\/estancia-en-el-liceo-artistico-sacro-cuore-de-milan\\\/\",\"url\":\"https:\\\/\\\/www.colegionewman.org\\\/estancia-en-el-liceo-artistico-sacro-cuore-de-milan\\\/\",\"name\":\"Visita al Liceo Art\u00edstico de Mil\u00e1n\",\"isPartOf\":{\"@id\":\"https:\\\/\\\/www.colegionewman.org\\\/#website\"},\"primaryImageOfPage\":{\"@id\":\"https:\\\/\\\/www.colegionewman.org\\\/estancia-en-el-liceo-artistico-sacro-cuore-de-milan\\\/#primaryimage\"},\"image\":{\"@id\":\"https:\\\/\\\/www.colegionewman.org\\\/estancia-en-el-liceo-artistico-sacro-cuore-de-milan\\\/#primaryimage\"},\"thumbnailUrl\":\"https:\\\/\\\/www.colegionewman.org\\\/wp-content\\\/uploads\\\/2023\\\/04\\\/colegio-newman-sacro-cuore-1-1200x600-1.jpeg\",\"datePublished\":\"2023-04-12T03:56:36+00:00\",\"dateModified\":\"2024-01-24T10:13:19+00:00\",\"description\":\"El colegio internacional Madrid participa en una estancia en el Liceo Art\u00edstico Sacro Cuore de Mil\u00e1n.\",\"breadcrumb\":{\"@id\":\"https:\\\/\\\/www.colegionewman.org\\\/estancia-en-el-liceo-artistico-sacro-cuore-de-milan\\\/#breadcrumb\"},\"inLanguage\":\"es\",\"potentialAction\":[{\"@type\":\"ReadAction\",\"target\":[\"https:\\\/\\\/www.colegionewman.org\\\/estancia-en-el-liceo-artistico-sacro-cuore-de-milan\\\/\"]}]},{\"@type\":\"ImageObject\",\"inLanguage\":\"es\",\"@id\":\"https:\\\/\\\/www.colegionewman.org\\\/estancia-en-el-liceo-artistico-sacro-cuore-de-milan\\\/#primaryimage\",\"url\":\"https:\\\/\\\/www.colegionewman.org\\\/wp-content\\\/uploads\\\/2023\\\/04\\\/colegio-newman-sacro-cuore-1-1200x600-1.jpeg\",\"contentUrl\":\"https:\\\/\\\/www.colegionewman.org\\\/wp-content\\\/uploads\\\/2023\\\/04\\\/colegio-newman-sacro-cuore-1-1200x600-1.jpeg\",\"width\":1200,\"height\":600,\"caption\":\"Alumna trabajando en un proyecto art\u00edstico en el aula del Colegio Newman, ejemplo del enfoque creativo del colegio Madrid primaria.\"},{\"@type\":\"BreadcrumbList\",\"@id\":\"https:\\\/\\\/www.colegionewman.org\\\/estancia-en-el-liceo-artistico-sacro-cuore-de-milan\\\/#breadcrumb\",\"itemListElement\":[{\"@type\":\"ListItem\",\"position\":1,\"name\":\"Portada\",\"item\":\"https:\\\/\\\/www.colegionewman.org\\\/\"},{\"@type\":\"ListItem\",\"position\":2,\"name\":\"Estancia en el Liceo Art\u00edstico Sacro Cuore de Mil\u00e1n\"}]},{\"@type\":\"WebSite\",\"@id\":\"https:\\\/\\\/www.colegionewman.org\\\/#website\",\"url\":\"https:\\\/\\\/www.colegionewman.org\\\/\",\"name\":\"Colegio Internacional J.H. Newman\",\"description\":\"Un colegio que te abre al mundo\",\"publisher\":{\"@id\":\"https:\\\/\\\/www.colegionewman.org\\\/#organization\"},\"alternateName\":\"Colegio Newman\",\"potentialAction\":[{\"@type\":\"SearchAction\",\"target\":{\"@type\":\"EntryPoint\",\"urlTemplate\":\"https:\\\/\\\/www.colegionewman.org\\\/?s={search_term_string}\"},\"query-input\":{\"@type\":\"PropertyValueSpecification\",\"valueRequired\":true,\"valueName\":\"search_term_string\"}}],\"inLanguage\":\"es\"},{\"@type\":\"Organization\",\"@id\":\"https:\\\/\\\/www.colegionewman.org\\\/#organization\",\"name\":\"Colegio Internacional J.H. Newman\",\"alternateName\":\"Colegio Newman\",\"url\":\"https:\\\/\\\/www.colegionewman.org\\\/\",\"logo\":{\"@type\":\"ImageObject\",\"inLanguage\":\"es\",\"@id\":\"https:\\\/\\\/www.colegionewman.org\\\/#\\\/schema\\\/logo\\\/image\\\/\",\"url\":\"https:\\\/\\\/www.colegionewman.org\\\/wp-content\\\/uploads\\\/logo_mini_newman_Mesa-de-trabajo-1.png\",\"contentUrl\":\"https:\\\/\\\/www.colegionewman.org\\\/wp-content\\\/uploads\\\/logo_mini_newman_Mesa-de-trabajo-1.png\",\"width\":750,\"height\":750,\"caption\":\"Colegio Internacional J.H. Newman\"},\"image\":{\"@id\":\"https:\\\/\\\/www.colegionewman.org\\\/#\\\/schema\\\/logo\\\/image\\\/\"},\"sameAs\":[\"https:\\\/\\\/www.instagram.com\\\/colegiojhnewman\\\/\",\"https:\\\/\\\/www.youtube.com\\\/channel\\\/UCUEVCANGRsznbp-DRfSrexw\",\"https:\\\/\\\/www.linkedin.com\\\/company\\\/colegio-internacional-jh-newman\"]},{\"@type\":\"Person\",\"@id\":\"https:\\\/\\\/www.colegionewman.org\\\/#\\\/schema\\\/person\\\/2799c0d82b571b9f7abb79410090fab8\",\"name\":\"comunicacionnewman\",\"image\":{\"@type\":\"ImageObject\",\"inLanguage\":\"es\",\"@id\":\"https:\\\/\\\/secure.gravatar.com\\\/avatar\\\/d27069ebe1333a06be57ea6fc363509158ffbff50e35630dc631005391d81c95?s=96&d=mm&r=g\",\"url\":\"https:\\\/\\\/secure.gravatar.com\\\/avatar\\\/d27069ebe1333a06be57ea6fc363509158ffbff50e35630dc631005391d81c95?s=96&d=mm&r=g\",\"contentUrl\":\"https:\\\/\\\/secure.gravatar.com\\\/avatar\\\/d27069ebe1333a06be57ea6fc363509158ffbff50e35630dc631005391d81c95?s=96&d=mm&r=g\",\"caption\":\"comunicacionnewman\"},\"url\":\"https:\\\/\\\/www.colegionewman.org\\\/es_es\\\/author\\\/comunicacionnewman\\\/\"}]}<\/script>\n<!-- \/ Yoast SEO plugin. -->","yoast_head_json":{"title":"Visita al Liceo Art\u00edstico de Mil\u00e1n","description":"El colegio internacional Madrid participa en una estancia en el Liceo Art\u00edstico Sacro Cuore de Mil\u00e1n.","robots":{"index":"index","follow":"follow","max-snippet":"max-snippet:-1","max-image-preview":"max-image-preview:large","max-video-preview":"max-video-preview:-1"},"canonical":"https:\/\/www.colegionewman.org\/es_es\/estancia-en-el-liceo-artistico-sacro-cuore-de-milan\/","og_locale":"es_ES","og_type":"article","og_title":"Visita al Liceo Art\u00edstico de Mil\u00e1n","og_description":"El colegio internacional Madrid participa en una estancia en el Liceo Art\u00edstico Sacro Cuore de Mil\u00e1n.","og_url":"https:\/\/www.colegionewman.org\/es_es\/estancia-en-el-liceo-artistico-sacro-cuore-de-milan\/","og_site_name":"Colegio Internacional J.H. Newman","article_published_time":"2023-04-12T03:56:36+00:00","article_modified_time":"2024-01-24T10:13:19+00:00","og_image":[{"width":1200,"height":600,"url":"https:\/\/www.colegionewman.org\/wp-content\/uploads\/2023\/04\/colegio-newman-sacro-cuore-1-1200x600-1.jpeg","type":"image\/jpeg"}],"author":"comunicacionnewman","twitter_card":"summary_large_image","twitter_misc":{"Escrito por":"comunicacionnewman","Tiempo de lectura":"1 minuto"},"schema":{"@context":"https:\/\/schema.org","@graph":[{"@type":"Article","@id":"https:\/\/www.colegionewman.org\/estancia-en-el-liceo-artistico-sacro-cuore-de-milan\/#article","isPartOf":{"@id":"https:\/\/www.colegionewman.org\/estancia-en-el-liceo-artistico-sacro-cuore-de-milan\/"},"author":{"name":"comunicacionnewman","@id":"https:\/\/www.colegionewman.org\/#\/schema\/person\/2799c0d82b571b9f7abb79410090fab8"},"headline":"Estancia en el Liceo Art\u00edstico Sacro Cuore de Mil\u00e1n","datePublished":"2023-04-12T03:56:36+00:00","dateModified":"2024-01-24T10:13:19+00:00","mainEntityOfPage":{"@id":"https:\/\/www.colegionewman.org\/estancia-en-el-liceo-artistico-sacro-cuore-de-milan\/"},"wordCount":99,"commentCount":0,"publisher":{"@id":"https:\/\/www.colegionewman.org\/#organization"},"image":{"@id":"https:\/\/www.colegionewman.org\/estancia-en-el-liceo-artistico-sacro-cuore-de-milan\/#primaryimage"},"thumbnailUrl":"https:\/\/www.colegionewman.org\/wp-content\/uploads\/2023\/04\/colegio-newman-sacro-cuore-1-1200x600-1.jpeg","keywords":["Artes","Bachillerato","Colegio Newman","intercambio","Mil\u00e1n","sacro cuore"],"articleSection":["Bachillerato","Colegio","Eventos","Noticias","Prensa"],"inLanguage":"es","potentialAction":[{"@type":"CommentAction","name":"Comment","target":["https:\/\/www.colegionewman.org\/estancia-en-el-liceo-artistico-sacro-cuore-de-milan\/#respond"]}]},{"@type":"WebPage","@id":"https:\/\/www.colegionewman.org\/estancia-en-el-liceo-artistico-sacro-cuore-de-milan\/","url":"https:\/\/www.colegionewman.org\/estancia-en-el-liceo-artistico-sacro-cuore-de-milan\/","name":"Visita al Liceo Art\u00edstico de Mil\u00e1n","isPartOf":{"@id":"https:\/\/www.colegionewman.org\/#website"},"primaryImageOfPage":{"@id":"https:\/\/www.colegionewman.org\/estancia-en-el-liceo-artistico-sacro-cuore-de-milan\/#primaryimage"},"image":{"@id":"https:\/\/www.colegionewman.org\/estancia-en-el-liceo-artistico-sacro-cuore-de-milan\/#primaryimage"},"thumbnailUrl":"https:\/\/www.colegionewman.org\/wp-content\/uploads\/2023\/04\/colegio-newman-sacro-cuore-1-1200x600-1.jpeg","datePublished":"2023-04-12T03:56:36+00:00","dateModified":"2024-01-24T10:13:19+00:00","description":"El colegio internacional Madrid participa en una estancia en el Liceo Art\u00edstico Sacro Cuore de Mil\u00e1n.","breadcrumb":{"@id":"https:\/\/www.colegionewman.org\/estancia-en-el-liceo-artistico-sacro-cuore-de-milan\/#breadcrumb"},"inLanguage":"es","potentialAction":[{"@type":"ReadAction","target":["https:\/\/www.colegionewman.org\/estancia-en-el-liceo-artistico-sacro-cuore-de-milan\/"]}]},{"@type":"ImageObject","inLanguage":"es","@id":"https:\/\/www.colegionewman.org\/estancia-en-el-liceo-artistico-sacro-cuore-de-milan\/#primaryimage","url":"https:\/\/www.colegionewman.org\/wp-content\/uploads\/2023\/04\/colegio-newman-sacro-cuore-1-1200x600-1.jpeg","contentUrl":"https:\/\/www.colegionewman.org\/wp-content\/uploads\/2023\/04\/colegio-newman-sacro-cuore-1-1200x600-1.jpeg","width":1200,"height":600,"caption":"Alumna trabajando en un proyecto art\u00edstico en el aula del Colegio Newman, ejemplo del enfoque creativo del colegio Madrid primaria."},{"@type":"BreadcrumbList","@id":"https:\/\/www.colegionewman.org\/estancia-en-el-liceo-artistico-sacro-cuore-de-milan\/#breadcrumb","itemListElement":[{"@type":"ListItem","position":1,"name":"Portada","item":"https:\/\/www.colegionewman.org\/"},{"@type":"ListItem","position":2,"name":"Estancia en el Liceo Art\u00edstico Sacro Cuore de Mil\u00e1n"}]},{"@type":"WebSite","@id":"https:\/\/www.colegionewman.org\/#website","url":"https:\/\/www.colegionewman.org\/","name":"Colegio Internacional J.H. Newman","description":"Un colegio que te abre al mundo","publisher":{"@id":"https:\/\/www.colegionewman.org\/#organization"},"alternateName":"Colegio Newman","potentialAction":[{"@type":"SearchAction","target":{"@type":"EntryPoint","urlTemplate":"https:\/\/www.colegionewman.org\/?s={search_term_string}"},"query-input":{"@type":"PropertyValueSpecification","valueRequired":true,"valueName":"search_term_string"}}],"inLanguage":"es"},{"@type":"Organization","@id":"https:\/\/www.colegionewman.org\/#organization","name":"Colegio Internacional J.H. Newman","alternateName":"Colegio Newman","url":"https:\/\/www.colegionewman.org\/","logo":{"@type":"ImageObject","inLanguage":"es","@id":"https:\/\/www.colegionewman.org\/#\/schema\/logo\/image\/","url":"https:\/\/www.colegionewman.org\/wp-content\/uploads\/logo_mini_newman_Mesa-de-trabajo-1.png","contentUrl":"https:\/\/www.colegionewman.org\/wp-content\/uploads\/logo_mini_newman_Mesa-de-trabajo-1.png","width":750,"height":750,"caption":"Colegio Internacional J.H. Newman"},"image":{"@id":"https:\/\/www.colegionewman.org\/#\/schema\/logo\/image\/"},"sameAs":["https:\/\/www.instagram.com\/colegiojhnewman\/","https:\/\/www.youtube.com\/channel\/UCUEVCANGRsznbp-DRfSrexw","https:\/\/www.linkedin.com\/company\/colegio-internacional-jh-newman"]},{"@type":"Person","@id":"https:\/\/www.colegionewman.org\/#\/schema\/person\/2799c0d82b571b9f7abb79410090fab8","name":"comunicacionnewman","image":{"@type":"ImageObject","inLanguage":"es","@id":"https:\/\/secure.gravatar.com\/avatar\/d27069ebe1333a06be57ea6fc363509158ffbff50e35630dc631005391d81c95?s=96&d=mm&r=g","url":"https:\/\/secure.gravatar.com\/avatar\/d27069ebe1333a06be57ea6fc363509158ffbff50e35630dc631005391d81c95?s=96&d=mm&r=g","contentUrl":"https:\/\/secure.gravatar.com\/avatar\/d27069ebe1333a06be57ea6fc363509158ffbff50e35630dc631005391d81c95?s=96&d=mm&r=g","caption":"comunicacionnewman"},"url":"https:\/\/www.colegionewman.org\/es_es\/author\/comunicacionnewman\/"}]}},"_links":{"self":[{"href":"https:\/\/www.colegionewman.org\/es_es\/wp-json\/wp\/v2\/posts\/27361","targetHints":{"allow":["GET"]}}],"collection":[{"href":"https:\/\/www.colegionewman.org\/es_es\/wp-json\/wp\/v2\/posts"}],"about":[{"href":"https:\/\/www.colegionewman.org\/es_es\/wp-json\/wp\/v2\/types\/post"}],"author":[{"embeddable":true,"href":"https:\/\/www.colegionewman.org\/es_es\/wp-json\/wp\/v2\/users\/2"}],"replies":[{"embeddable":true,"href":"https:\/\/www.colegionewman.org\/es_es\/wp-json\/wp\/v2\/comments?post=27361"}],"version-history":[{"count":1,"href":"https:\/\/www.colegionewman.org\/es_es\/wp-json\/wp\/v2\/posts\/27361\/revisions"}],"predecessor-version":[{"id":28835,"href":"https:\/\/www.colegionewman.org\/es_es\/wp-json\/wp\/v2\/posts\/27361\/revisions\/28835"}],"wp:featuredmedia":[{"embeddable":true,"href":"https:\/\/www.colegionewman.org\/es_es\/wp-json\/wp\/v2\/media\/28834"}],"wp:attachment":[{"href":"https:\/\/www.colegionewman.org\/es_es\/wp-json\/wp\/v2\/media?parent=27361"}],"wp:term":[{"taxonomy":"category","embeddable":true,"href":"https:\/\/www.colegionewman.org\/es_es\/wp-json\/wp\/v2\/categories?post=27361"},{"taxonomy":"post_tag","embeddable":true,"href":"https:\/\/www.colegionewman.org\/es_es\/wp-json\/wp\/v2\/tags?post=27361"}],"curies":[{"name":"wp","href":"https:\/\/api.w.org\/{rel}","templated":true}]}}