{"id":27347,"date":"2023-03-30T10:19:17","date_gmt":"2023-03-30T08:19:17","guid":{"rendered":"https:\/\/www.colegionewman.org\/?p=27347"},"modified":"2024-01-24T11:20:19","modified_gmt":"2024-01-24T10:20:19","slug":"exposicion-de-los-alumnos-del-colegio-newman-en-la-feria-madrid-es-ciencia","status":"publish","type":"post","link":"https:\/\/www.colegionewman.org\/es_es\/exposicion-de-los-alumnos-del-colegio-newman-en-la-feria-madrid-es-ciencia\/","title":{"rendered":"Exposici\u00f3n de los alumnos del Colegio Newman en la Feria Madrid es Ciencia"},"content":{"rendered":"<p>Aqu\u00ed tenemos la exposici\u00f3n que los alumnos del <a href=\"https:\/\/colegionewman.org\/\">Colegio Newman<\/a> han realizado en la <a href=\"https:\/\/www.ifema.es\/madrid-es-ciencia\">Feria Madrid es Ciencia<\/a>, sobre su trabajo \u00abRam\u00f3n y Cajal y la \u00faltima frontera: el cerebro\u00bb.\u00a0 F\u00edsica (campos el\u00e9ctricos), qu\u00edmica (tinciones), biolog\u00eda (fisiolog\u00eda cerebral y bombas Na-K) y tecnolog\u00eda (simulaciones de neuronas), con una peque\u00f1a representaci\u00f3n en la que se muestran los efectos sociales del Alzheimer. La calidad de las exposiciones y la profundidad del trabajo han hecho merecedores a los alumnos de los elogios de la organizaci\u00f3n. Una experiencia fant\u00e1stica.<\/p>\n<div class='avia-iframe-wrap'><iframe loading=\"lazy\" title=\"Exposici\u00f3n de los alumnos del Colegio Newman en la Feria Madrid es Ciencia\" width=\"1500\" height=\"844\" src=\"https:\/\/www.youtube.com\/embed\/dp-93gyZyGo?feature=oembed\" frameborder=\"0\" allow=\"accelerometer; autoplay; clipboard-write; encrypted-media; gyroscope; picture-in-picture; web-share\" allowfullscreen><\/iframe><\/div>\n<p>&nbsp;<\/p>\n<p>&nbsp;<\/p>\n","protected":false},"excerpt":{"rendered":"<p>Aqu\u00ed tenemos la exposici\u00f3n que los alumnos del Colegio Newman han realizado en la Feria Madrid es Ciencia, sobre su trabajo \u00abRam\u00f3n y Cajal y la \u00faltima frontera: el cerebro\u00bb.\u00a0 F\u00edsica (campos el\u00e9ctricos), qu\u00edmica (tinciones), biolog\u00eda (fisiolog\u00eda cerebral y bombas Na-K) y tecnolog\u00eda (simulaciones de neuronas), con una peque\u00f1a representaci\u00f3n en la que se muestran [&hellip;]<\/p>\n","protected":false},"author":2,"featured_media":28840,"comment_status":"open","ping_status":"open","sticky":false,"template":"","format":"standard","meta":{"footnotes":""},"categories":[17,72,47,87,249,16],"tags":[1218,26,755,1331,1311],"class_list":["post-27347","post","type-post","status-publish","format-standard","has-post-thumbnail","hentry","category-bachillerato","category-colegio","category-eventos","category-noticias","category-prensa","category-secundaria","tag-club-de-ciencias","tag-colegio-newman","tag-ifema","tag-madrid-es-ciencia","tag-ramon-y-cajal"],"yoast_head":"<!-- This site is optimized with the Yoast SEO plugin v27.3 - https:\/\/yoast.com\/product\/yoast-seo-wordpress\/ -->\n<title>Alumnos del Newman en Madrid es Ciencia<\/title>\n<meta name=\"description\" content=\"El colegio internacional Madrid participa en la Feria Madrid es Ciencia con trabajos de sus alumnos.\" \/>\n<meta name=\"robots\" content=\"index, follow, max-snippet:-1, max-image-preview:large, max-video-preview:-1\" \/>\n<link rel=\"canonical\" href=\"https:\/\/www.colegionewman.org\/es_es\/exposicion-de-los-alumnos-del-colegio-newman-en-la-feria-madrid-es-ciencia\/\" \/>\n<meta property=\"og:locale\" content=\"es_ES\" \/>\n<meta property=\"og:type\" content=\"article\" \/>\n<meta property=\"og:title\" content=\"Alumnos del Newman en Madrid es Ciencia\" \/>\n<meta property=\"og:description\" content=\"El colegio internacional Madrid participa en la Feria Madrid es Ciencia con trabajos de sus alumnos.\" \/>\n<meta property=\"og:url\" content=\"https:\/\/www.colegionewman.org\/es_es\/exposicion-de-los-alumnos-del-colegio-newman-en-la-feria-madrid-es-ciencia\/\" \/>\n<meta property=\"og:site_name\" content=\"Colegio Internacional J.H. Newman\" \/>\n<meta property=\"article:published_time\" content=\"2023-03-30T08:19:17+00:00\" \/>\n<meta property=\"article:modified_time\" content=\"2024-01-24T10:20:19+00:00\" \/>\n<meta property=\"og:image\" content=\"https:\/\/www.colegionewman.org\/wp-content\/uploads\/2023\/03\/COLEGIO-NEWMAN-IFEMA-1200x600-1.jpeg\" \/>\n\t<meta property=\"og:image:width\" content=\"1200\" \/>\n\t<meta property=\"og:image:height\" content=\"600\" \/>\n\t<meta property=\"og:image:type\" content=\"image\/jpeg\" \/>\n<meta name=\"author\" content=\"comunicacionnewman\" \/>\n<meta name=\"twitter:card\" content=\"summary_large_image\" \/>\n<meta name=\"twitter:label1\" content=\"Escrito por\" \/>\n\t<meta name=\"twitter:data1\" content=\"comunicacionnewman\" \/>\n\t<meta name=\"twitter:label2\" content=\"Tiempo de lectura\" \/>\n\t<meta name=\"twitter:data2\" content=\"1 minuto\" \/>\n<script type=\"application\/ld+json\" class=\"yoast-schema-graph\">{\"@context\":\"https:\\\/\\\/schema.org\",\"@graph\":[{\"@type\":\"Article\",\"@id\":\"https:\\\/\\\/www.colegionewman.org\\\/exposicion-de-los-alumnos-del-colegio-newman-en-la-feria-madrid-es-ciencia\\\/#article\",\"isPartOf\":{\"@id\":\"https:\\\/\\\/www.colegionewman.org\\\/exposicion-de-los-alumnos-del-colegio-newman-en-la-feria-madrid-es-ciencia\\\/\"},\"author\":{\"name\":\"comunicacionnewman\",\"@id\":\"https:\\\/\\\/www.colegionewman.org\\\/#\\\/schema\\\/person\\\/2799c0d82b571b9f7abb79410090fab8\"},\"headline\":\"Exposici\u00f3n de los alumnos del Colegio Newman en la Feria Madrid es Ciencia\",\"datePublished\":\"2023-03-30T08:19:17+00:00\",\"dateModified\":\"2024-01-24T10:20:19+00:00\",\"mainEntityOfPage\":{\"@id\":\"https:\\\/\\\/www.colegionewman.org\\\/exposicion-de-los-alumnos-del-colegio-newman-en-la-feria-madrid-es-ciencia\\\/\"},\"wordCount\":121,\"commentCount\":0,\"publisher\":{\"@id\":\"https:\\\/\\\/www.colegionewman.org\\\/#organization\"},\"image\":{\"@id\":\"https:\\\/\\\/www.colegionewman.org\\\/exposicion-de-los-alumnos-del-colegio-newman-en-la-feria-madrid-es-ciencia\\\/#primaryimage\"},\"thumbnailUrl\":\"https:\\\/\\\/www.colegionewman.org\\\/wp-content\\\/uploads\\\/2023\\\/03\\\/COLEGIO-NEWMAN-IFEMA-1200x600-1.jpeg\",\"keywords\":[\"Club de Ciencias\",\"Colegio Newman\",\"Ifema\",\"MADRID ES CIENCIA\",\"ramon y cajal\"],\"articleSection\":[\"Bachillerato\",\"Colegio\",\"Eventos\",\"Noticias\",\"Prensa\",\"Secundaria\"],\"inLanguage\":\"es\",\"potentialAction\":[{\"@type\":\"CommentAction\",\"name\":\"Comment\",\"target\":[\"https:\\\/\\\/www.colegionewman.org\\\/exposicion-de-los-alumnos-del-colegio-newman-en-la-feria-madrid-es-ciencia\\\/#respond\"]}]},{\"@type\":\"WebPage\",\"@id\":\"https:\\\/\\\/www.colegionewman.org\\\/exposicion-de-los-alumnos-del-colegio-newman-en-la-feria-madrid-es-ciencia\\\/\",\"url\":\"https:\\\/\\\/www.colegionewman.org\\\/exposicion-de-los-alumnos-del-colegio-newman-en-la-feria-madrid-es-ciencia\\\/\",\"name\":\"Alumnos del Newman en Madrid es Ciencia\",\"isPartOf\":{\"@id\":\"https:\\\/\\\/www.colegionewman.org\\\/#website\"},\"primaryImageOfPage\":{\"@id\":\"https:\\\/\\\/www.colegionewman.org\\\/exposicion-de-los-alumnos-del-colegio-newman-en-la-feria-madrid-es-ciencia\\\/#primaryimage\"},\"image\":{\"@id\":\"https:\\\/\\\/www.colegionewman.org\\\/exposicion-de-los-alumnos-del-colegio-newman-en-la-feria-madrid-es-ciencia\\\/#primaryimage\"},\"thumbnailUrl\":\"https:\\\/\\\/www.colegionewman.org\\\/wp-content\\\/uploads\\\/2023\\\/03\\\/COLEGIO-NEWMAN-IFEMA-1200x600-1.jpeg\",\"datePublished\":\"2023-03-30T08:19:17+00:00\",\"dateModified\":\"2024-01-24T10:20:19+00:00\",\"description\":\"El colegio internacional Madrid participa en la Feria Madrid es Ciencia con trabajos de sus alumnos.\",\"breadcrumb\":{\"@id\":\"https:\\\/\\\/www.colegionewman.org\\\/exposicion-de-los-alumnos-del-colegio-newman-en-la-feria-madrid-es-ciencia\\\/#breadcrumb\"},\"inLanguage\":\"es\",\"potentialAction\":[{\"@type\":\"ReadAction\",\"target\":[\"https:\\\/\\\/www.colegionewman.org\\\/exposicion-de-los-alumnos-del-colegio-newman-en-la-feria-madrid-es-ciencia\\\/\"]}]},{\"@type\":\"ImageObject\",\"inLanguage\":\"es\",\"@id\":\"https:\\\/\\\/www.colegionewman.org\\\/exposicion-de-los-alumnos-del-colegio-newman-en-la-feria-madrid-es-ciencia\\\/#primaryimage\",\"url\":\"https:\\\/\\\/www.colegionewman.org\\\/wp-content\\\/uploads\\\/2023\\\/03\\\/COLEGIO-NEWMAN-IFEMA-1200x600-1.jpeg\",\"contentUrl\":\"https:\\\/\\\/www.colegionewman.org\\\/wp-content\\\/uploads\\\/2023\\\/03\\\/COLEGIO-NEWMAN-IFEMA-1200x600-1.jpeg\",\"width\":1200,\"height\":600,\"caption\":\"Estudiantes del colegio concertado Madrid presentando un proyecto educativo en el espacio de innovaci\u00f3n de IFEMA.\"},{\"@type\":\"BreadcrumbList\",\"@id\":\"https:\\\/\\\/www.colegionewman.org\\\/exposicion-de-los-alumnos-del-colegio-newman-en-la-feria-madrid-es-ciencia\\\/#breadcrumb\",\"itemListElement\":[{\"@type\":\"ListItem\",\"position\":1,\"name\":\"Portada\",\"item\":\"https:\\\/\\\/www.colegionewman.org\\\/\"},{\"@type\":\"ListItem\",\"position\":2,\"name\":\"Exposici\u00f3n de los alumnos del Colegio Newman en la Feria Madrid es Ciencia\"}]},{\"@type\":\"WebSite\",\"@id\":\"https:\\\/\\\/www.colegionewman.org\\\/#website\",\"url\":\"https:\\\/\\\/www.colegionewman.org\\\/\",\"name\":\"Colegio Internacional J.H. Newman\",\"description\":\"Un colegio que te abre al mundo\",\"publisher\":{\"@id\":\"https:\\\/\\\/www.colegionewman.org\\\/#organization\"},\"alternateName\":\"Colegio Newman\",\"potentialAction\":[{\"@type\":\"SearchAction\",\"target\":{\"@type\":\"EntryPoint\",\"urlTemplate\":\"https:\\\/\\\/www.colegionewman.org\\\/?s={search_term_string}\"},\"query-input\":{\"@type\":\"PropertyValueSpecification\",\"valueRequired\":true,\"valueName\":\"search_term_string\"}}],\"inLanguage\":\"es\"},{\"@type\":\"Organization\",\"@id\":\"https:\\\/\\\/www.colegionewman.org\\\/#organization\",\"name\":\"Colegio Internacional J.H. Newman\",\"alternateName\":\"Colegio Newman\",\"url\":\"https:\\\/\\\/www.colegionewman.org\\\/\",\"logo\":{\"@type\":\"ImageObject\",\"inLanguage\":\"es\",\"@id\":\"https:\\\/\\\/www.colegionewman.org\\\/#\\\/schema\\\/logo\\\/image\\\/\",\"url\":\"https:\\\/\\\/www.colegionewman.org\\\/wp-content\\\/uploads\\\/logo_mini_newman_Mesa-de-trabajo-1.png\",\"contentUrl\":\"https:\\\/\\\/www.colegionewman.org\\\/wp-content\\\/uploads\\\/logo_mini_newman_Mesa-de-trabajo-1.png\",\"width\":750,\"height\":750,\"caption\":\"Colegio Internacional J.H. Newman\"},\"image\":{\"@id\":\"https:\\\/\\\/www.colegionewman.org\\\/#\\\/schema\\\/logo\\\/image\\\/\"},\"sameAs\":[\"https:\\\/\\\/www.instagram.com\\\/colegiojhnewman\\\/\",\"https:\\\/\\\/www.youtube.com\\\/channel\\\/UCUEVCANGRsznbp-DRfSrexw\",\"https:\\\/\\\/www.linkedin.com\\\/company\\\/colegio-internacional-jh-newman\"]},{\"@type\":\"Person\",\"@id\":\"https:\\\/\\\/www.colegionewman.org\\\/#\\\/schema\\\/person\\\/2799c0d82b571b9f7abb79410090fab8\",\"name\":\"comunicacionnewman\",\"image\":{\"@type\":\"ImageObject\",\"inLanguage\":\"es\",\"@id\":\"https:\\\/\\\/secure.gravatar.com\\\/avatar\\\/d27069ebe1333a06be57ea6fc363509158ffbff50e35630dc631005391d81c95?s=96&d=mm&r=g\",\"url\":\"https:\\\/\\\/secure.gravatar.com\\\/avatar\\\/d27069ebe1333a06be57ea6fc363509158ffbff50e35630dc631005391d81c95?s=96&d=mm&r=g\",\"contentUrl\":\"https:\\\/\\\/secure.gravatar.com\\\/avatar\\\/d27069ebe1333a06be57ea6fc363509158ffbff50e35630dc631005391d81c95?s=96&d=mm&r=g\",\"caption\":\"comunicacionnewman\"},\"url\":\"https:\\\/\\\/www.colegionewman.org\\\/es_es\\\/author\\\/comunicacionnewman\\\/\"}]}<\/script>\n<!-- \/ Yoast SEO plugin. -->","yoast_head_json":{"title":"Alumnos del Newman en Madrid es Ciencia","description":"El colegio internacional Madrid participa en la Feria Madrid es Ciencia con trabajos de sus alumnos.","robots":{"index":"index","follow":"follow","max-snippet":"max-snippet:-1","max-image-preview":"max-image-preview:large","max-video-preview":"max-video-preview:-1"},"canonical":"https:\/\/www.colegionewman.org\/es_es\/exposicion-de-los-alumnos-del-colegio-newman-en-la-feria-madrid-es-ciencia\/","og_locale":"es_ES","og_type":"article","og_title":"Alumnos del Newman en Madrid es Ciencia","og_description":"El colegio internacional Madrid participa en la Feria Madrid es Ciencia con trabajos de sus alumnos.","og_url":"https:\/\/www.colegionewman.org\/es_es\/exposicion-de-los-alumnos-del-colegio-newman-en-la-feria-madrid-es-ciencia\/","og_site_name":"Colegio Internacional J.H. Newman","article_published_time":"2023-03-30T08:19:17+00:00","article_modified_time":"2024-01-24T10:20:19+00:00","og_image":[{"width":1200,"height":600,"url":"https:\/\/www.colegionewman.org\/wp-content\/uploads\/2023\/03\/COLEGIO-NEWMAN-IFEMA-1200x600-1.jpeg","type":"image\/jpeg"}],"author":"comunicacionnewman","twitter_card":"summary_large_image","twitter_misc":{"Escrito por":"comunicacionnewman","Tiempo de lectura":"1 minuto"},"schema":{"@context":"https:\/\/schema.org","@graph":[{"@type":"Article","@id":"https:\/\/www.colegionewman.org\/exposicion-de-los-alumnos-del-colegio-newman-en-la-feria-madrid-es-ciencia\/#article","isPartOf":{"@id":"https:\/\/www.colegionewman.org\/exposicion-de-los-alumnos-del-colegio-newman-en-la-feria-madrid-es-ciencia\/"},"author":{"name":"comunicacionnewman","@id":"https:\/\/www.colegionewman.org\/#\/schema\/person\/2799c0d82b571b9f7abb79410090fab8"},"headline":"Exposici\u00f3n de los alumnos del Colegio Newman en la Feria Madrid es Ciencia","datePublished":"2023-03-30T08:19:17+00:00","dateModified":"2024-01-24T10:20:19+00:00","mainEntityOfPage":{"@id":"https:\/\/www.colegionewman.org\/exposicion-de-los-alumnos-del-colegio-newman-en-la-feria-madrid-es-ciencia\/"},"wordCount":121,"commentCount":0,"publisher":{"@id":"https:\/\/www.colegionewman.org\/#organization"},"image":{"@id":"https:\/\/www.colegionewman.org\/exposicion-de-los-alumnos-del-colegio-newman-en-la-feria-madrid-es-ciencia\/#primaryimage"},"thumbnailUrl":"https:\/\/www.colegionewman.org\/wp-content\/uploads\/2023\/03\/COLEGIO-NEWMAN-IFEMA-1200x600-1.jpeg","keywords":["Club de Ciencias","Colegio Newman","Ifema","MADRID ES CIENCIA","ramon y cajal"],"articleSection":["Bachillerato","Colegio","Eventos","Noticias","Prensa","Secundaria"],"inLanguage":"es","potentialAction":[{"@type":"CommentAction","name":"Comment","target":["https:\/\/www.colegionewman.org\/exposicion-de-los-alumnos-del-colegio-newman-en-la-feria-madrid-es-ciencia\/#respond"]}]},{"@type":"WebPage","@id":"https:\/\/www.colegionewman.org\/exposicion-de-los-alumnos-del-colegio-newman-en-la-feria-madrid-es-ciencia\/","url":"https:\/\/www.colegionewman.org\/exposicion-de-los-alumnos-del-colegio-newman-en-la-feria-madrid-es-ciencia\/","name":"Alumnos del Newman en Madrid es Ciencia","isPartOf":{"@id":"https:\/\/www.colegionewman.org\/#website"},"primaryImageOfPage":{"@id":"https:\/\/www.colegionewman.org\/exposicion-de-los-alumnos-del-colegio-newman-en-la-feria-madrid-es-ciencia\/#primaryimage"},"image":{"@id":"https:\/\/www.colegionewman.org\/exposicion-de-los-alumnos-del-colegio-newman-en-la-feria-madrid-es-ciencia\/#primaryimage"},"thumbnailUrl":"https:\/\/www.colegionewman.org\/wp-content\/uploads\/2023\/03\/COLEGIO-NEWMAN-IFEMA-1200x600-1.jpeg","datePublished":"2023-03-30T08:19:17+00:00","dateModified":"2024-01-24T10:20:19+00:00","description":"El colegio internacional Madrid participa en la Feria Madrid es Ciencia con trabajos de sus alumnos.","breadcrumb":{"@id":"https:\/\/www.colegionewman.org\/exposicion-de-los-alumnos-del-colegio-newman-en-la-feria-madrid-es-ciencia\/#breadcrumb"},"inLanguage":"es","potentialAction":[{"@type":"ReadAction","target":["https:\/\/www.colegionewman.org\/exposicion-de-los-alumnos-del-colegio-newman-en-la-feria-madrid-es-ciencia\/"]}]},{"@type":"ImageObject","inLanguage":"es","@id":"https:\/\/www.colegionewman.org\/exposicion-de-los-alumnos-del-colegio-newman-en-la-feria-madrid-es-ciencia\/#primaryimage","url":"https:\/\/www.colegionewman.org\/wp-content\/uploads\/2023\/03\/COLEGIO-NEWMAN-IFEMA-1200x600-1.jpeg","contentUrl":"https:\/\/www.colegionewman.org\/wp-content\/uploads\/2023\/03\/COLEGIO-NEWMAN-IFEMA-1200x600-1.jpeg","width":1200,"height":600,"caption":"Estudiantes del colegio concertado Madrid presentando un proyecto educativo en el espacio de innovaci\u00f3n de IFEMA."},{"@type":"BreadcrumbList","@id":"https:\/\/www.colegionewman.org\/exposicion-de-los-alumnos-del-colegio-newman-en-la-feria-madrid-es-ciencia\/#breadcrumb","itemListElement":[{"@type":"ListItem","position":1,"name":"Portada","item":"https:\/\/www.colegionewman.org\/"},{"@type":"ListItem","position":2,"name":"Exposici\u00f3n de los alumnos del Colegio Newman en la Feria Madrid es Ciencia"}]},{"@type":"WebSite","@id":"https:\/\/www.colegionewman.org\/#website","url":"https:\/\/www.colegionewman.org\/","name":"Colegio Internacional J.H. Newman","description":"Un colegio que te abre al mundo","publisher":{"@id":"https:\/\/www.colegionewman.org\/#organization"},"alternateName":"Colegio Newman","potentialAction":[{"@type":"SearchAction","target":{"@type":"EntryPoint","urlTemplate":"https:\/\/www.colegionewman.org\/?s={search_term_string}"},"query-input":{"@type":"PropertyValueSpecification","valueRequired":true,"valueName":"search_term_string"}}],"inLanguage":"es"},{"@type":"Organization","@id":"https:\/\/www.colegionewman.org\/#organization","name":"Colegio Internacional J.H. Newman","alternateName":"Colegio Newman","url":"https:\/\/www.colegionewman.org\/","logo":{"@type":"ImageObject","inLanguage":"es","@id":"https:\/\/www.colegionewman.org\/#\/schema\/logo\/image\/","url":"https:\/\/www.colegionewman.org\/wp-content\/uploads\/logo_mini_newman_Mesa-de-trabajo-1.png","contentUrl":"https:\/\/www.colegionewman.org\/wp-content\/uploads\/logo_mini_newman_Mesa-de-trabajo-1.png","width":750,"height":750,"caption":"Colegio Internacional J.H. Newman"},"image":{"@id":"https:\/\/www.colegionewman.org\/#\/schema\/logo\/image\/"},"sameAs":["https:\/\/www.instagram.com\/colegiojhnewman\/","https:\/\/www.youtube.com\/channel\/UCUEVCANGRsznbp-DRfSrexw","https:\/\/www.linkedin.com\/company\/colegio-internacional-jh-newman"]},{"@type":"Person","@id":"https:\/\/www.colegionewman.org\/#\/schema\/person\/2799c0d82b571b9f7abb79410090fab8","name":"comunicacionnewman","image":{"@type":"ImageObject","inLanguage":"es","@id":"https:\/\/secure.gravatar.com\/avatar\/d27069ebe1333a06be57ea6fc363509158ffbff50e35630dc631005391d81c95?s=96&d=mm&r=g","url":"https:\/\/secure.gravatar.com\/avatar\/d27069ebe1333a06be57ea6fc363509158ffbff50e35630dc631005391d81c95?s=96&d=mm&r=g","contentUrl":"https:\/\/secure.gravatar.com\/avatar\/d27069ebe1333a06be57ea6fc363509158ffbff50e35630dc631005391d81c95?s=96&d=mm&r=g","caption":"comunicacionnewman"},"url":"https:\/\/www.colegionewman.org\/es_es\/author\/comunicacionnewman\/"}]}},"_links":{"self":[{"href":"https:\/\/www.colegionewman.org\/es_es\/wp-json\/wp\/v2\/posts\/27347","targetHints":{"allow":["GET"]}}],"collection":[{"href":"https:\/\/www.colegionewman.org\/es_es\/wp-json\/wp\/v2\/posts"}],"about":[{"href":"https:\/\/www.colegionewman.org\/es_es\/wp-json\/wp\/v2\/types\/post"}],"author":[{"embeddable":true,"href":"https:\/\/www.colegionewman.org\/es_es\/wp-json\/wp\/v2\/users\/2"}],"replies":[{"embeddable":true,"href":"https:\/\/www.colegionewman.org\/es_es\/wp-json\/wp\/v2\/comments?post=27347"}],"version-history":[{"count":1,"href":"https:\/\/www.colegionewman.org\/es_es\/wp-json\/wp\/v2\/posts\/27347\/revisions"}],"predecessor-version":[{"id":28841,"href":"https:\/\/www.colegionewman.org\/es_es\/wp-json\/wp\/v2\/posts\/27347\/revisions\/28841"}],"wp:featuredmedia":[{"embeddable":true,"href":"https:\/\/www.colegionewman.org\/es_es\/wp-json\/wp\/v2\/media\/28840"}],"wp:attachment":[{"href":"https:\/\/www.colegionewman.org\/es_es\/wp-json\/wp\/v2\/media?parent=27347"}],"wp:term":[{"taxonomy":"category","embeddable":true,"href":"https:\/\/www.colegionewman.org\/es_es\/wp-json\/wp\/v2\/categories?post=27347"},{"taxonomy":"post_tag","embeddable":true,"href":"https:\/\/www.colegionewman.org\/es_es\/wp-json\/wp\/v2\/tags?post=27347"}],"curies":[{"name":"wp","href":"https:\/\/api.w.org\/{rel}","templated":true}]}}