{"id":27273,"date":"2023-03-24T10:43:05","date_gmt":"2023-03-24T09:43:05","guid":{"rendered":"https:\/\/www.colegionewman.org\/?p=27273"},"modified":"2024-01-24T11:54:53","modified_gmt":"2024-01-24T10:54:53","slug":"el-colegio-newman-participa-en-la-feria-madrid-es-ciencia-de-ifema","status":"publish","type":"post","link":"https:\/\/www.colegionewman.org\/es_es\/el-colegio-newman-participa-en-la-feria-madrid-es-ciencia-de-ifema\/","title":{"rendered":"El Colegio Newman participa en la Feria Madrid es Ciencia de IFEMA"},"content":{"rendered":"<p>Una representaci\u00f3n de alumnos de ESO y Bachillerato de Ciencias del Colegio Newman han participado en la Feria Madrid es Ciencia de IFEMA, exponiendo su trabajo \u00abRam\u00f3n y Cajal y la \u00faltima frontera: el cerebro\u00bb. La cuidada puesta en escena, con gran rigor en los contenidos neurocient\u00edficos y una gran est\u00e9tica en la exposici\u00f3n con m\u00fasica en directo, ha sido elogiada por la organizaci\u00f3n del evento. \u00a1Un colegio que te abre al mundo!<\/p>\n","protected":false},"excerpt":{"rendered":"<p>Una representaci\u00f3n de alumnos de ESO y Bachillerato de Ciencias del Colegio Newman han participado en la Feria Madrid es Ciencia de IFEMA, exponiendo su trabajo \u00abRam\u00f3n y Cajal y la \u00faltima frontera: el cerebro\u00bb. La cuidada puesta en escena, con gran rigor en los contenidos neurocient\u00edficos y una gran est\u00e9tica en la exposici\u00f3n con [&hellip;]<\/p>\n","protected":false},"author":2,"featured_media":28850,"comment_status":"open","ping_status":"open","sticky":false,"template":"","format":"standard","meta":{"footnotes":""},"categories":[17,72,87,249,16],"tags":[1304,526,26,1325,113],"class_list":["post-27273","post","type-post","status-publish","format-standard","has-post-thumbnail","hentry","category-bachillerato","category-colegio","category-noticias","category-prensa","category-secundaria","tag-bachillerato-ciencias","tag-colegio-madrid","tag-colegio-newman","tag-feria-madrid-es-ciencia-de-ifema","tag-secundaria"],"yoast_head":"<!-- This site is optimized with the Yoast SEO plugin v27.3 - https:\/\/yoast.com\/product\/yoast-seo-wordpress\/ -->\n<title>El Newman en la Feria \u201cMadrid es Ciencia\u201d<\/title>\n<meta name=\"description\" content=\"El Colegio Newman participa en la feria Madrid es Ciencia de IFEMA.\" \/>\n<meta name=\"robots\" content=\"index, follow, max-snippet:-1, max-image-preview:large, max-video-preview:-1\" \/>\n<link rel=\"canonical\" href=\"https:\/\/www.colegionewman.org\/es_es\/el-colegio-newman-participa-en-la-feria-madrid-es-ciencia-de-ifema\/\" \/>\n<meta property=\"og:locale\" content=\"es_ES\" \/>\n<meta property=\"og:type\" content=\"article\" \/>\n<meta property=\"og:title\" content=\"El Newman en la Feria \u201cMadrid es Ciencia\u201d\" \/>\n<meta property=\"og:description\" content=\"El Colegio Newman participa en la feria Madrid es Ciencia de IFEMA.\" \/>\n<meta property=\"og:url\" content=\"https:\/\/www.colegionewman.org\/es_es\/el-colegio-newman-participa-en-la-feria-madrid-es-ciencia-de-ifema\/\" \/>\n<meta property=\"og:site_name\" content=\"Colegio Internacional J.H. Newman\" \/>\n<meta property=\"article:published_time\" content=\"2023-03-24T09:43:05+00:00\" \/>\n<meta property=\"article:modified_time\" content=\"2024-01-24T10:54:53+00:00\" \/>\n<meta property=\"og:image\" content=\"https:\/\/www.colegionewman.org\/wp-content\/uploads\/2023\/03\/COLEGIO-NEWMAN-CIENCIAS-1-1200x600-1.jpeg\" \/>\n\t<meta property=\"og:image:width\" content=\"1200\" \/>\n\t<meta property=\"og:image:height\" content=\"600\" \/>\n\t<meta property=\"og:image:type\" content=\"image\/jpeg\" \/>\n<meta name=\"author\" content=\"comunicacionnewman\" \/>\n<meta name=\"twitter:card\" content=\"summary_large_image\" \/>\n<meta name=\"twitter:label1\" content=\"Escrito por\" \/>\n\t<meta name=\"twitter:data1\" content=\"comunicacionnewman\" \/>\n\t<meta name=\"twitter:label2\" content=\"Tiempo de lectura\" \/>\n\t<meta name=\"twitter:data2\" content=\"1 minuto\" \/>\n<script type=\"application\/ld+json\" class=\"yoast-schema-graph\">{\"@context\":\"https:\\\/\\\/schema.org\",\"@graph\":[{\"@type\":\"Article\",\"@id\":\"https:\\\/\\\/www.colegionewman.org\\\/el-colegio-newman-participa-en-la-feria-madrid-es-ciencia-de-ifema\\\/#article\",\"isPartOf\":{\"@id\":\"https:\\\/\\\/www.colegionewman.org\\\/el-colegio-newman-participa-en-la-feria-madrid-es-ciencia-de-ifema\\\/\"},\"author\":{\"name\":\"comunicacionnewman\",\"@id\":\"https:\\\/\\\/www.colegionewman.org\\\/#\\\/schema\\\/person\\\/2799c0d82b571b9f7abb79410090fab8\"},\"headline\":\"El Colegio Newman participa en la Feria Madrid es Ciencia de IFEMA\",\"datePublished\":\"2023-03-24T09:43:05+00:00\",\"dateModified\":\"2024-01-24T10:54:53+00:00\",\"mainEntityOfPage\":{\"@id\":\"https:\\\/\\\/www.colegionewman.org\\\/el-colegio-newman-participa-en-la-feria-madrid-es-ciencia-de-ifema\\\/\"},\"wordCount\":92,\"commentCount\":0,\"publisher\":{\"@id\":\"https:\\\/\\\/www.colegionewman.org\\\/#organization\"},\"image\":{\"@id\":\"https:\\\/\\\/www.colegionewman.org\\\/el-colegio-newman-participa-en-la-feria-madrid-es-ciencia-de-ifema\\\/#primaryimage\"},\"thumbnailUrl\":\"https:\\\/\\\/www.colegionewman.org\\\/wp-content\\\/uploads\\\/2023\\\/03\\\/COLEGIO-NEWMAN-CIENCIAS-1-1200x600-1.jpeg\",\"keywords\":[\"bachillerato ciencias\",\"Colegio Madrid\",\"Colegio Newman\",\"feria madrid es ciencia de ifema\",\"Secundaria\"],\"articleSection\":[\"Bachillerato\",\"Colegio\",\"Noticias\",\"Prensa\",\"Secundaria\"],\"inLanguage\":\"es\",\"potentialAction\":[{\"@type\":\"CommentAction\",\"name\":\"Comment\",\"target\":[\"https:\\\/\\\/www.colegionewman.org\\\/el-colegio-newman-participa-en-la-feria-madrid-es-ciencia-de-ifema\\\/#respond\"]}]},{\"@type\":\"WebPage\",\"@id\":\"https:\\\/\\\/www.colegionewman.org\\\/el-colegio-newman-participa-en-la-feria-madrid-es-ciencia-de-ifema\\\/\",\"url\":\"https:\\\/\\\/www.colegionewman.org\\\/el-colegio-newman-participa-en-la-feria-madrid-es-ciencia-de-ifema\\\/\",\"name\":\"El Newman en la Feria \u201cMadrid es Ciencia\u201d\",\"isPartOf\":{\"@id\":\"https:\\\/\\\/www.colegionewman.org\\\/#website\"},\"primaryImageOfPage\":{\"@id\":\"https:\\\/\\\/www.colegionewman.org\\\/el-colegio-newman-participa-en-la-feria-madrid-es-ciencia-de-ifema\\\/#primaryimage\"},\"image\":{\"@id\":\"https:\\\/\\\/www.colegionewman.org\\\/el-colegio-newman-participa-en-la-feria-madrid-es-ciencia-de-ifema\\\/#primaryimage\"},\"thumbnailUrl\":\"https:\\\/\\\/www.colegionewman.org\\\/wp-content\\\/uploads\\\/2023\\\/03\\\/COLEGIO-NEWMAN-CIENCIAS-1-1200x600-1.jpeg\",\"datePublished\":\"2023-03-24T09:43:05+00:00\",\"dateModified\":\"2024-01-24T10:54:53+00:00\",\"description\":\"El Colegio Newman participa en la feria Madrid es Ciencia de IFEMA.\",\"breadcrumb\":{\"@id\":\"https:\\\/\\\/www.colegionewman.org\\\/el-colegio-newman-participa-en-la-feria-madrid-es-ciencia-de-ifema\\\/#breadcrumb\"},\"inLanguage\":\"es\",\"potentialAction\":[{\"@type\":\"ReadAction\",\"target\":[\"https:\\\/\\\/www.colegionewman.org\\\/el-colegio-newman-participa-en-la-feria-madrid-es-ciencia-de-ifema\\\/\"]}]},{\"@type\":\"ImageObject\",\"inLanguage\":\"es\",\"@id\":\"https:\\\/\\\/www.colegionewman.org\\\/el-colegio-newman-participa-en-la-feria-madrid-es-ciencia-de-ifema\\\/#primaryimage\",\"url\":\"https:\\\/\\\/www.colegionewman.org\\\/wp-content\\\/uploads\\\/2023\\\/03\\\/COLEGIO-NEWMAN-CIENCIAS-1-1200x600-1.jpeg\",\"contentUrl\":\"https:\\\/\\\/www.colegionewman.org\\\/wp-content\\\/uploads\\\/2023\\\/03\\\/COLEGIO-NEWMAN-CIENCIAS-1-1200x600-1.jpeg\",\"width\":1200,\"height\":600,\"caption\":\"Estudiantes del colegio internacional Madrid participando en el evento \u00c1gora madri+d sobre ciencia e innovaci\u00f3n.\"},{\"@type\":\"BreadcrumbList\",\"@id\":\"https:\\\/\\\/www.colegionewman.org\\\/el-colegio-newman-participa-en-la-feria-madrid-es-ciencia-de-ifema\\\/#breadcrumb\",\"itemListElement\":[{\"@type\":\"ListItem\",\"position\":1,\"name\":\"Portada\",\"item\":\"https:\\\/\\\/www.colegionewman.org\\\/\"},{\"@type\":\"ListItem\",\"position\":2,\"name\":\"El Colegio Newman participa en la Feria Madrid es Ciencia de IFEMA\"}]},{\"@type\":\"WebSite\",\"@id\":\"https:\\\/\\\/www.colegionewman.org\\\/#website\",\"url\":\"https:\\\/\\\/www.colegionewman.org\\\/\",\"name\":\"Colegio Internacional J.H. Newman\",\"description\":\"Un colegio que te abre al mundo\",\"publisher\":{\"@id\":\"https:\\\/\\\/www.colegionewman.org\\\/#organization\"},\"alternateName\":\"Colegio Newman\",\"potentialAction\":[{\"@type\":\"SearchAction\",\"target\":{\"@type\":\"EntryPoint\",\"urlTemplate\":\"https:\\\/\\\/www.colegionewman.org\\\/?s={search_term_string}\"},\"query-input\":{\"@type\":\"PropertyValueSpecification\",\"valueRequired\":true,\"valueName\":\"search_term_string\"}}],\"inLanguage\":\"es\"},{\"@type\":\"Organization\",\"@id\":\"https:\\\/\\\/www.colegionewman.org\\\/#organization\",\"name\":\"Colegio Internacional J.H. Newman\",\"alternateName\":\"Colegio Newman\",\"url\":\"https:\\\/\\\/www.colegionewman.org\\\/\",\"logo\":{\"@type\":\"ImageObject\",\"inLanguage\":\"es\",\"@id\":\"https:\\\/\\\/www.colegionewman.org\\\/#\\\/schema\\\/logo\\\/image\\\/\",\"url\":\"https:\\\/\\\/www.colegionewman.org\\\/wp-content\\\/uploads\\\/logo_mini_newman_Mesa-de-trabajo-1.png\",\"contentUrl\":\"https:\\\/\\\/www.colegionewman.org\\\/wp-content\\\/uploads\\\/logo_mini_newman_Mesa-de-trabajo-1.png\",\"width\":750,\"height\":750,\"caption\":\"Colegio Internacional J.H. Newman\"},\"image\":{\"@id\":\"https:\\\/\\\/www.colegionewman.org\\\/#\\\/schema\\\/logo\\\/image\\\/\"},\"sameAs\":[\"https:\\\/\\\/www.instagram.com\\\/colegiojhnewman\\\/\",\"https:\\\/\\\/www.youtube.com\\\/channel\\\/UCUEVCANGRsznbp-DRfSrexw\",\"https:\\\/\\\/www.linkedin.com\\\/company\\\/colegio-internacional-jh-newman\"]},{\"@type\":\"Person\",\"@id\":\"https:\\\/\\\/www.colegionewman.org\\\/#\\\/schema\\\/person\\\/2799c0d82b571b9f7abb79410090fab8\",\"name\":\"comunicacionnewman\",\"image\":{\"@type\":\"ImageObject\",\"inLanguage\":\"es\",\"@id\":\"https:\\\/\\\/secure.gravatar.com\\\/avatar\\\/d27069ebe1333a06be57ea6fc363509158ffbff50e35630dc631005391d81c95?s=96&d=mm&r=g\",\"url\":\"https:\\\/\\\/secure.gravatar.com\\\/avatar\\\/d27069ebe1333a06be57ea6fc363509158ffbff50e35630dc631005391d81c95?s=96&d=mm&r=g\",\"contentUrl\":\"https:\\\/\\\/secure.gravatar.com\\\/avatar\\\/d27069ebe1333a06be57ea6fc363509158ffbff50e35630dc631005391d81c95?s=96&d=mm&r=g\",\"caption\":\"comunicacionnewman\"},\"url\":\"https:\\\/\\\/www.colegionewman.org\\\/es_es\\\/author\\\/comunicacionnewman\\\/\"}]}<\/script>\n<!-- \/ Yoast SEO plugin. -->","yoast_head_json":{"title":"El Newman en la Feria \u201cMadrid es Ciencia\u201d","description":"El Colegio Newman participa en la feria Madrid es Ciencia de IFEMA.","robots":{"index":"index","follow":"follow","max-snippet":"max-snippet:-1","max-image-preview":"max-image-preview:large","max-video-preview":"max-video-preview:-1"},"canonical":"https:\/\/www.colegionewman.org\/es_es\/el-colegio-newman-participa-en-la-feria-madrid-es-ciencia-de-ifema\/","og_locale":"es_ES","og_type":"article","og_title":"El Newman en la Feria \u201cMadrid es Ciencia\u201d","og_description":"El Colegio Newman participa en la feria Madrid es Ciencia de IFEMA.","og_url":"https:\/\/www.colegionewman.org\/es_es\/el-colegio-newman-participa-en-la-feria-madrid-es-ciencia-de-ifema\/","og_site_name":"Colegio Internacional J.H. Newman","article_published_time":"2023-03-24T09:43:05+00:00","article_modified_time":"2024-01-24T10:54:53+00:00","og_image":[{"width":1200,"height":600,"url":"https:\/\/www.colegionewman.org\/wp-content\/uploads\/2023\/03\/COLEGIO-NEWMAN-CIENCIAS-1-1200x600-1.jpeg","type":"image\/jpeg"}],"author":"comunicacionnewman","twitter_card":"summary_large_image","twitter_misc":{"Escrito por":"comunicacionnewman","Tiempo de lectura":"1 minuto"},"schema":{"@context":"https:\/\/schema.org","@graph":[{"@type":"Article","@id":"https:\/\/www.colegionewman.org\/el-colegio-newman-participa-en-la-feria-madrid-es-ciencia-de-ifema\/#article","isPartOf":{"@id":"https:\/\/www.colegionewman.org\/el-colegio-newman-participa-en-la-feria-madrid-es-ciencia-de-ifema\/"},"author":{"name":"comunicacionnewman","@id":"https:\/\/www.colegionewman.org\/#\/schema\/person\/2799c0d82b571b9f7abb79410090fab8"},"headline":"El Colegio Newman participa en la Feria Madrid es Ciencia de IFEMA","datePublished":"2023-03-24T09:43:05+00:00","dateModified":"2024-01-24T10:54:53+00:00","mainEntityOfPage":{"@id":"https:\/\/www.colegionewman.org\/el-colegio-newman-participa-en-la-feria-madrid-es-ciencia-de-ifema\/"},"wordCount":92,"commentCount":0,"publisher":{"@id":"https:\/\/www.colegionewman.org\/#organization"},"image":{"@id":"https:\/\/www.colegionewman.org\/el-colegio-newman-participa-en-la-feria-madrid-es-ciencia-de-ifema\/#primaryimage"},"thumbnailUrl":"https:\/\/www.colegionewman.org\/wp-content\/uploads\/2023\/03\/COLEGIO-NEWMAN-CIENCIAS-1-1200x600-1.jpeg","keywords":["bachillerato ciencias","Colegio Madrid","Colegio Newman","feria madrid es ciencia de ifema","Secundaria"],"articleSection":["Bachillerato","Colegio","Noticias","Prensa","Secundaria"],"inLanguage":"es","potentialAction":[{"@type":"CommentAction","name":"Comment","target":["https:\/\/www.colegionewman.org\/el-colegio-newman-participa-en-la-feria-madrid-es-ciencia-de-ifema\/#respond"]}]},{"@type":"WebPage","@id":"https:\/\/www.colegionewman.org\/el-colegio-newman-participa-en-la-feria-madrid-es-ciencia-de-ifema\/","url":"https:\/\/www.colegionewman.org\/el-colegio-newman-participa-en-la-feria-madrid-es-ciencia-de-ifema\/","name":"El Newman en la Feria \u201cMadrid es Ciencia\u201d","isPartOf":{"@id":"https:\/\/www.colegionewman.org\/#website"},"primaryImageOfPage":{"@id":"https:\/\/www.colegionewman.org\/el-colegio-newman-participa-en-la-feria-madrid-es-ciencia-de-ifema\/#primaryimage"},"image":{"@id":"https:\/\/www.colegionewman.org\/el-colegio-newman-participa-en-la-feria-madrid-es-ciencia-de-ifema\/#primaryimage"},"thumbnailUrl":"https:\/\/www.colegionewman.org\/wp-content\/uploads\/2023\/03\/COLEGIO-NEWMAN-CIENCIAS-1-1200x600-1.jpeg","datePublished":"2023-03-24T09:43:05+00:00","dateModified":"2024-01-24T10:54:53+00:00","description":"El Colegio Newman participa en la feria Madrid es Ciencia de IFEMA.","breadcrumb":{"@id":"https:\/\/www.colegionewman.org\/el-colegio-newman-participa-en-la-feria-madrid-es-ciencia-de-ifema\/#breadcrumb"},"inLanguage":"es","potentialAction":[{"@type":"ReadAction","target":["https:\/\/www.colegionewman.org\/el-colegio-newman-participa-en-la-feria-madrid-es-ciencia-de-ifema\/"]}]},{"@type":"ImageObject","inLanguage":"es","@id":"https:\/\/www.colegionewman.org\/el-colegio-newman-participa-en-la-feria-madrid-es-ciencia-de-ifema\/#primaryimage","url":"https:\/\/www.colegionewman.org\/wp-content\/uploads\/2023\/03\/COLEGIO-NEWMAN-CIENCIAS-1-1200x600-1.jpeg","contentUrl":"https:\/\/www.colegionewman.org\/wp-content\/uploads\/2023\/03\/COLEGIO-NEWMAN-CIENCIAS-1-1200x600-1.jpeg","width":1200,"height":600,"caption":"Estudiantes del colegio internacional Madrid participando en el evento \u00c1gora madri+d sobre ciencia e innovaci\u00f3n."},{"@type":"BreadcrumbList","@id":"https:\/\/www.colegionewman.org\/el-colegio-newman-participa-en-la-feria-madrid-es-ciencia-de-ifema\/#breadcrumb","itemListElement":[{"@type":"ListItem","position":1,"name":"Portada","item":"https:\/\/www.colegionewman.org\/"},{"@type":"ListItem","position":2,"name":"El Colegio Newman participa en la Feria Madrid es Ciencia de IFEMA"}]},{"@type":"WebSite","@id":"https:\/\/www.colegionewman.org\/#website","url":"https:\/\/www.colegionewman.org\/","name":"Colegio Internacional J.H. Newman","description":"Un colegio que te abre al mundo","publisher":{"@id":"https:\/\/www.colegionewman.org\/#organization"},"alternateName":"Colegio Newman","potentialAction":[{"@type":"SearchAction","target":{"@type":"EntryPoint","urlTemplate":"https:\/\/www.colegionewman.org\/?s={search_term_string}"},"query-input":{"@type":"PropertyValueSpecification","valueRequired":true,"valueName":"search_term_string"}}],"inLanguage":"es"},{"@type":"Organization","@id":"https:\/\/www.colegionewman.org\/#organization","name":"Colegio Internacional J.H. Newman","alternateName":"Colegio Newman","url":"https:\/\/www.colegionewman.org\/","logo":{"@type":"ImageObject","inLanguage":"es","@id":"https:\/\/www.colegionewman.org\/#\/schema\/logo\/image\/","url":"https:\/\/www.colegionewman.org\/wp-content\/uploads\/logo_mini_newman_Mesa-de-trabajo-1.png","contentUrl":"https:\/\/www.colegionewman.org\/wp-content\/uploads\/logo_mini_newman_Mesa-de-trabajo-1.png","width":750,"height":750,"caption":"Colegio Internacional J.H. Newman"},"image":{"@id":"https:\/\/www.colegionewman.org\/#\/schema\/logo\/image\/"},"sameAs":["https:\/\/www.instagram.com\/colegiojhnewman\/","https:\/\/www.youtube.com\/channel\/UCUEVCANGRsznbp-DRfSrexw","https:\/\/www.linkedin.com\/company\/colegio-internacional-jh-newman"]},{"@type":"Person","@id":"https:\/\/www.colegionewman.org\/#\/schema\/person\/2799c0d82b571b9f7abb79410090fab8","name":"comunicacionnewman","image":{"@type":"ImageObject","inLanguage":"es","@id":"https:\/\/secure.gravatar.com\/avatar\/d27069ebe1333a06be57ea6fc363509158ffbff50e35630dc631005391d81c95?s=96&d=mm&r=g","url":"https:\/\/secure.gravatar.com\/avatar\/d27069ebe1333a06be57ea6fc363509158ffbff50e35630dc631005391d81c95?s=96&d=mm&r=g","contentUrl":"https:\/\/secure.gravatar.com\/avatar\/d27069ebe1333a06be57ea6fc363509158ffbff50e35630dc631005391d81c95?s=96&d=mm&r=g","caption":"comunicacionnewman"},"url":"https:\/\/www.colegionewman.org\/es_es\/author\/comunicacionnewman\/"}]}},"_links":{"self":[{"href":"https:\/\/www.colegionewman.org\/es_es\/wp-json\/wp\/v2\/posts\/27273","targetHints":{"allow":["GET"]}}],"collection":[{"href":"https:\/\/www.colegionewman.org\/es_es\/wp-json\/wp\/v2\/posts"}],"about":[{"href":"https:\/\/www.colegionewman.org\/es_es\/wp-json\/wp\/v2\/types\/post"}],"author":[{"embeddable":true,"href":"https:\/\/www.colegionewman.org\/es_es\/wp-json\/wp\/v2\/users\/2"}],"replies":[{"embeddable":true,"href":"https:\/\/www.colegionewman.org\/es_es\/wp-json\/wp\/v2\/comments?post=27273"}],"version-history":[{"count":1,"href":"https:\/\/www.colegionewman.org\/es_es\/wp-json\/wp\/v2\/posts\/27273\/revisions"}],"predecessor-version":[{"id":28851,"href":"https:\/\/www.colegionewman.org\/es_es\/wp-json\/wp\/v2\/posts\/27273\/revisions\/28851"}],"wp:featuredmedia":[{"embeddable":true,"href":"https:\/\/www.colegionewman.org\/es_es\/wp-json\/wp\/v2\/media\/28850"}],"wp:attachment":[{"href":"https:\/\/www.colegionewman.org\/es_es\/wp-json\/wp\/v2\/media?parent=27273"}],"wp:term":[{"taxonomy":"category","embeddable":true,"href":"https:\/\/www.colegionewman.org\/es_es\/wp-json\/wp\/v2\/categories?post=27273"},{"taxonomy":"post_tag","embeddable":true,"href":"https:\/\/www.colegionewman.org\/es_es\/wp-json\/wp\/v2\/tags?post=27273"}],"curies":[{"name":"wp","href":"https:\/\/api.w.org\/{rel}","templated":true}]}}