{"id":27171,"date":"2023-03-03T08:14:08","date_gmt":"2023-03-03T07:14:08","guid":{"rendered":"https:\/\/www.colegionewman.org\/?p=27171"},"modified":"2023-03-03T08:14:08","modified_gmt":"2023-03-03T07:14:08","slug":"del-6-a-10-de-marzo-las-ciencias-cobran-protagonismo-en-sac-newman","status":"publish","type":"post","link":"https:\/\/www.colegionewman.org\/es_es\/del-6-a-10-de-marzo-las-ciencias-cobran-protagonismo-en-sac-newman\/","title":{"rendered":"Del 6 a 10 de marzo las Ciencias cobran protagonismo en SAC Newman"},"content":{"rendered":"<p>Del 6 a 10 de marzo las Ciencias cobran protagonismo en SAC Newman<\/p>\n<div class='avia-iframe-wrap'><iframe loading=\"lazy\" title=\"Del 6 a 10 de marzo las Ciencias cobran protagonismo en SAC Newman\" width=\"1500\" height=\"844\" src=\"https:\/\/www.youtube.com\/embed\/8278K5-93_Q?feature=oembed\" frameborder=\"0\" allow=\"accelerometer; autoplay; clipboard-write; encrypted-media; gyroscope; picture-in-picture; web-share\" allowfullscreen><\/iframe><\/div>\n<p>LUNES 6 DE MARZO<\/p>\n<p>\u201cNutrici\u00f3n y gominolas: \u00bfcontradicci\u00f3n o innovaci\u00f3n?\u201d es el curioso t\u00edtulo de la conferencia que el Departamento de Ciencias ha organizado hoy en #SACNewman. In\u00e9s Fuencisla de Nutris ha impartido una interesant\u00edsima exposici\u00f3n sobre la innovaci\u00f3n y avances que hay en la nueva nutrici\u00f3n.<\/p>\n<p><img loading=\"lazy\" decoding=\"async\" class=\"size-full wp-image-27192\" src=\"https:\/\/www.colegionewman.org\/wp-content\/uploads\/2023\/03\/colegio-newman-sac-newman-nutris.jpg\" alt=\"\" width=\"2000\" height=\"1000\" \/><\/p>\n<p>MARTES 7 DE MARZO: Conferencia \u00ab\u00bbDe la fisi\u00f3n a la fusi\u00f3n. \u00bfEl fin del problema energ\u00e9tico?\u00bb con Antonio Rodr\u00edguez-Mesas doctor en Ciencias F\u00edsicas y profesor del Dpto. de Matem\u00e1tica Aplicada a la Ingenier\u00eda Aeroespacial de la UPM Graduado en Matem\u00e1ticas, padre de alumnos del colegio.<\/p>\n<p><img loading=\"lazy\" decoding=\"async\" class=\"size-full wp-image-27200\" src=\"https:\/\/www.colegionewman.org\/wp-content\/uploads\/2023\/03\/colegio-newman-ciencias.jpg\" alt=\"\" width=\"2000\" height=\"1000\" \/><\/p>\n<p>Alumnos de la ESO y bachillerato han participado por equipos integrados por alumnos de todos los cursos resolviendo desaf\u00edos, enigmas y retos matem\u00e1ticos. El concurso ha finalizado con un desempate de infarto entre los dos grupos en cabeza. \u00a1\u00a1\u00a1Enhorabuena a todos los participantes y en particular a los ganadores!!!<\/p>\n<div id=\"attachment_27201\" style=\"width: 2010px\" class=\"wp-caption alignnone\"><img loading=\"lazy\" decoding=\"async\" aria-describedby=\"caption-attachment-27201\" class=\"size-full wp-image-27201\" src=\"https:\/\/www.colegionewman.org\/wp-content\/uploads\/2023\/03\/colegio-newman-gymkhana.jpg\" alt=\"\" width=\"2000\" height=\"1000\" \/><p id=\"caption-attachment-27201\" class=\"wp-caption-text\">sac newman<\/p><\/div>\n<p>&nbsp;<\/p>\n<p>&nbsp;<\/p>\n<p>MI\u00c9RCOLES 8 DE MARZO<\/p>\n<p>JUEVES 9 DE MARZO<\/p>\n<p>VIERNES 10 DE MARZO<\/p>\n","protected":false},"excerpt":{"rendered":"<p>Del 6 a 10 de marzo las Ciencias cobran protagonismo en SAC Newman LUNES 6 DE MARZO \u201cNutrici\u00f3n y gominolas: \u00bfcontradicci\u00f3n o innovaci\u00f3n?\u201d es el curioso t\u00edtulo de la conferencia que el Departamento de Ciencias ha organizado hoy en #SACNewman. In\u00e9s Fuencisla de Nutris ha impartido una interesant\u00edsima exposici\u00f3n sobre la innovaci\u00f3n y avances que [&hellip;]<\/p>\n","protected":false},"author":2,"featured_media":27160,"comment_status":"open","ping_status":"open","sticky":false,"template":"","format":"standard","meta":{"footnotes":""},"categories":[17,72,47,87,249,16],"tags":[354,26,442,1315,1239,1316],"class_list":["post-27171","post","type-post","status-publish","format-standard","has-post-thumbnail","hentry","category-bachillerato","category-colegio","category-eventos","category-noticias","category-prensa","category-secundaria","tag-ciencias","tag-colegio-newman","tag-concurso","tag-nasa","tag-sac-newman","tag-volcanes"],"yoast_head":"<!-- This site is optimized with the Yoast SEO plugin v27.3 - https:\/\/yoast.com\/product\/yoast-seo-wordpress\/ -->\n<title>SAC Newman: Semana de las Ciencias en el Colegio<\/title>\n<meta name=\"description\" content=\"La semana de las artes y ciencias destaca en SAC Newman con talleres especializados.\" \/>\n<meta name=\"robots\" content=\"index, follow, max-snippet:-1, max-image-preview:large, max-video-preview:-1\" \/>\n<link rel=\"canonical\" href=\"https:\/\/www.colegionewman.org\/es_es\/del-6-a-10-de-marzo-las-ciencias-cobran-protagonismo-en-sac-newman\/\" \/>\n<meta property=\"og:locale\" content=\"es_ES\" \/>\n<meta property=\"og:type\" content=\"article\" \/>\n<meta property=\"og:title\" content=\"SAC Newman: Semana de las Ciencias en el Colegio\" \/>\n<meta property=\"og:description\" content=\"La semana de las artes y ciencias destaca en SAC Newman con talleres especializados.\" \/>\n<meta property=\"og:url\" content=\"https:\/\/www.colegionewman.org\/es_es\/del-6-a-10-de-marzo-las-ciencias-cobran-protagonismo-en-sac-newman\/\" \/>\n<meta property=\"og:site_name\" content=\"Colegio Internacional J.H. Newman\" \/>\n<meta property=\"article:published_time\" content=\"2023-03-03T07:14:08+00:00\" \/>\n<meta property=\"og:image\" content=\"https:\/\/www.colegionewman.org\/wp-content\/uploads\/Logo-Newman-1.png\" \/>\n\t<meta property=\"og:image:width\" content=\"3385\" \/>\n\t<meta property=\"og:image:height\" content=\"1509\" \/>\n\t<meta property=\"og:image:type\" content=\"image\/png\" \/>\n<meta name=\"author\" content=\"comunicacionnewman\" \/>\n<meta name=\"twitter:card\" content=\"summary_large_image\" \/>\n<meta name=\"twitter:label1\" content=\"Escrito por\" \/>\n\t<meta name=\"twitter:data1\" content=\"comunicacionnewman\" \/>\n\t<meta name=\"twitter:label2\" content=\"Tiempo de lectura\" \/>\n\t<meta name=\"twitter:data2\" content=\"2 minutos\" \/>\n<script type=\"application\/ld+json\" class=\"yoast-schema-graph\">{\"@context\":\"https:\\\/\\\/schema.org\",\"@graph\":[{\"@type\":\"Article\",\"@id\":\"https:\\\/\\\/www.colegionewman.org\\\/del-6-a-10-de-marzo-las-ciencias-cobran-protagonismo-en-sac-newman\\\/#article\",\"isPartOf\":{\"@id\":\"https:\\\/\\\/www.colegionewman.org\\\/del-6-a-10-de-marzo-las-ciencias-cobran-protagonismo-en-sac-newman\\\/\"},\"author\":{\"name\":\"comunicacionnewman\",\"@id\":\"https:\\\/\\\/www.colegionewman.org\\\/#\\\/schema\\\/person\\\/2799c0d82b571b9f7abb79410090fab8\"},\"headline\":\"Del 6 a 10 de marzo las Ciencias cobran protagonismo en SAC Newman\",\"datePublished\":\"2023-03-03T07:14:08+00:00\",\"mainEntityOfPage\":{\"@id\":\"https:\\\/\\\/www.colegionewman.org\\\/del-6-a-10-de-marzo-las-ciencias-cobran-protagonismo-en-sac-newman\\\/\"},\"wordCount\":210,\"commentCount\":0,\"publisher\":{\"@id\":\"https:\\\/\\\/www.colegionewman.org\\\/#organization\"},\"image\":{\"@id\":\"https:\\\/\\\/www.colegionewman.org\\\/del-6-a-10-de-marzo-las-ciencias-cobran-protagonismo-en-sac-newman\\\/#primaryimage\"},\"thumbnailUrl\":\"\",\"keywords\":[\"Ciencias\",\"Colegio Newman\",\"Concurso\",\"nasa\",\"SAC Newman\",\"volcanes\"],\"articleSection\":[\"Bachillerato\",\"Colegio\",\"Eventos\",\"Noticias\",\"Prensa\",\"Secundaria\"],\"inLanguage\":\"es\",\"potentialAction\":[{\"@type\":\"CommentAction\",\"name\":\"Comment\",\"target\":[\"https:\\\/\\\/www.colegionewman.org\\\/del-6-a-10-de-marzo-las-ciencias-cobran-protagonismo-en-sac-newman\\\/#respond\"]}]},{\"@type\":\"WebPage\",\"@id\":\"https:\\\/\\\/www.colegionewman.org\\\/del-6-a-10-de-marzo-las-ciencias-cobran-protagonismo-en-sac-newman\\\/\",\"url\":\"https:\\\/\\\/www.colegionewman.org\\\/del-6-a-10-de-marzo-las-ciencias-cobran-protagonismo-en-sac-newman\\\/\",\"name\":\"SAC Newman: Semana de las Ciencias en el Colegio\",\"isPartOf\":{\"@id\":\"https:\\\/\\\/www.colegionewman.org\\\/#website\"},\"primaryImageOfPage\":{\"@id\":\"https:\\\/\\\/www.colegionewman.org\\\/del-6-a-10-de-marzo-las-ciencias-cobran-protagonismo-en-sac-newman\\\/#primaryimage\"},\"image\":{\"@id\":\"https:\\\/\\\/www.colegionewman.org\\\/del-6-a-10-de-marzo-las-ciencias-cobran-protagonismo-en-sac-newman\\\/#primaryimage\"},\"thumbnailUrl\":\"\",\"datePublished\":\"2023-03-03T07:14:08+00:00\",\"description\":\"La semana de las artes y ciencias destaca en SAC Newman con talleres especializados.\",\"breadcrumb\":{\"@id\":\"https:\\\/\\\/www.colegionewman.org\\\/del-6-a-10-de-marzo-las-ciencias-cobran-protagonismo-en-sac-newman\\\/#breadcrumb\"},\"inLanguage\":\"es\",\"potentialAction\":[{\"@type\":\"ReadAction\",\"target\":[\"https:\\\/\\\/www.colegionewman.org\\\/del-6-a-10-de-marzo-las-ciencias-cobran-protagonismo-en-sac-newman\\\/\"]}]},{\"@type\":\"ImageObject\",\"inLanguage\":\"es\",\"@id\":\"https:\\\/\\\/www.colegionewman.org\\\/del-6-a-10-de-marzo-las-ciencias-cobran-protagonismo-en-sac-newman\\\/#primaryimage\",\"url\":\"\",\"contentUrl\":\"\"},{\"@type\":\"BreadcrumbList\",\"@id\":\"https:\\\/\\\/www.colegionewman.org\\\/del-6-a-10-de-marzo-las-ciencias-cobran-protagonismo-en-sac-newman\\\/#breadcrumb\",\"itemListElement\":[{\"@type\":\"ListItem\",\"position\":1,\"name\":\"Portada\",\"item\":\"https:\\\/\\\/www.colegionewman.org\\\/\"},{\"@type\":\"ListItem\",\"position\":2,\"name\":\"Del 6 a 10 de marzo las Ciencias cobran protagonismo en SAC Newman\"}]},{\"@type\":\"WebSite\",\"@id\":\"https:\\\/\\\/www.colegionewman.org\\\/#website\",\"url\":\"https:\\\/\\\/www.colegionewman.org\\\/\",\"name\":\"Colegio Internacional J.H. Newman\",\"description\":\"Un colegio que te abre al mundo\",\"publisher\":{\"@id\":\"https:\\\/\\\/www.colegionewman.org\\\/#organization\"},\"alternateName\":\"Colegio Newman\",\"potentialAction\":[{\"@type\":\"SearchAction\",\"target\":{\"@type\":\"EntryPoint\",\"urlTemplate\":\"https:\\\/\\\/www.colegionewman.org\\\/?s={search_term_string}\"},\"query-input\":{\"@type\":\"PropertyValueSpecification\",\"valueRequired\":true,\"valueName\":\"search_term_string\"}}],\"inLanguage\":\"es\"},{\"@type\":\"Organization\",\"@id\":\"https:\\\/\\\/www.colegionewman.org\\\/#organization\",\"name\":\"Colegio Internacional J.H. Newman\",\"alternateName\":\"Colegio Newman\",\"url\":\"https:\\\/\\\/www.colegionewman.org\\\/\",\"logo\":{\"@type\":\"ImageObject\",\"inLanguage\":\"es\",\"@id\":\"https:\\\/\\\/www.colegionewman.org\\\/#\\\/schema\\\/logo\\\/image\\\/\",\"url\":\"https:\\\/\\\/www.colegionewman.org\\\/wp-content\\\/uploads\\\/logo_mini_newman_Mesa-de-trabajo-1.png\",\"contentUrl\":\"https:\\\/\\\/www.colegionewman.org\\\/wp-content\\\/uploads\\\/logo_mini_newman_Mesa-de-trabajo-1.png\",\"width\":750,\"height\":750,\"caption\":\"Colegio Internacional J.H. Newman\"},\"image\":{\"@id\":\"https:\\\/\\\/www.colegionewman.org\\\/#\\\/schema\\\/logo\\\/image\\\/\"},\"sameAs\":[\"https:\\\/\\\/www.instagram.com\\\/colegiojhnewman\\\/\",\"https:\\\/\\\/www.youtube.com\\\/channel\\\/UCUEVCANGRsznbp-DRfSrexw\",\"https:\\\/\\\/www.linkedin.com\\\/company\\\/colegio-internacional-jh-newman\"]},{\"@type\":\"Person\",\"@id\":\"https:\\\/\\\/www.colegionewman.org\\\/#\\\/schema\\\/person\\\/2799c0d82b571b9f7abb79410090fab8\",\"name\":\"comunicacionnewman\",\"image\":{\"@type\":\"ImageObject\",\"inLanguage\":\"es\",\"@id\":\"https:\\\/\\\/secure.gravatar.com\\\/avatar\\\/d27069ebe1333a06be57ea6fc363509158ffbff50e35630dc631005391d81c95?s=96&d=mm&r=g\",\"url\":\"https:\\\/\\\/secure.gravatar.com\\\/avatar\\\/d27069ebe1333a06be57ea6fc363509158ffbff50e35630dc631005391d81c95?s=96&d=mm&r=g\",\"contentUrl\":\"https:\\\/\\\/secure.gravatar.com\\\/avatar\\\/d27069ebe1333a06be57ea6fc363509158ffbff50e35630dc631005391d81c95?s=96&d=mm&r=g\",\"caption\":\"comunicacionnewman\"},\"url\":\"https:\\\/\\\/www.colegionewman.org\\\/es_es\\\/author\\\/comunicacionnewman\\\/\"}]}<\/script>\n<!-- \/ Yoast SEO plugin. -->","yoast_head_json":{"title":"SAC Newman: Semana de las Ciencias en el Colegio","description":"La semana de las artes y ciencias destaca en SAC Newman con talleres especializados.","robots":{"index":"index","follow":"follow","max-snippet":"max-snippet:-1","max-image-preview":"max-image-preview:large","max-video-preview":"max-video-preview:-1"},"canonical":"https:\/\/www.colegionewman.org\/es_es\/del-6-a-10-de-marzo-las-ciencias-cobran-protagonismo-en-sac-newman\/","og_locale":"es_ES","og_type":"article","og_title":"SAC Newman: Semana de las Ciencias en el Colegio","og_description":"La semana de las artes y ciencias destaca en SAC Newman con talleres especializados.","og_url":"https:\/\/www.colegionewman.org\/es_es\/del-6-a-10-de-marzo-las-ciencias-cobran-protagonismo-en-sac-newman\/","og_site_name":"Colegio Internacional J.H. Newman","article_published_time":"2023-03-03T07:14:08+00:00","og_image":[{"width":3385,"height":1509,"url":"https:\/\/www.colegionewman.org\/wp-content\/uploads\/Logo-Newman-1.png","type":"image\/png"}],"author":"comunicacionnewman","twitter_card":"summary_large_image","twitter_misc":{"Escrito por":"comunicacionnewman","Tiempo de lectura":"2 minutos"},"schema":{"@context":"https:\/\/schema.org","@graph":[{"@type":"Article","@id":"https:\/\/www.colegionewman.org\/del-6-a-10-de-marzo-las-ciencias-cobran-protagonismo-en-sac-newman\/#article","isPartOf":{"@id":"https:\/\/www.colegionewman.org\/del-6-a-10-de-marzo-las-ciencias-cobran-protagonismo-en-sac-newman\/"},"author":{"name":"comunicacionnewman","@id":"https:\/\/www.colegionewman.org\/#\/schema\/person\/2799c0d82b571b9f7abb79410090fab8"},"headline":"Del 6 a 10 de marzo las Ciencias cobran protagonismo en SAC Newman","datePublished":"2023-03-03T07:14:08+00:00","mainEntityOfPage":{"@id":"https:\/\/www.colegionewman.org\/del-6-a-10-de-marzo-las-ciencias-cobran-protagonismo-en-sac-newman\/"},"wordCount":210,"commentCount":0,"publisher":{"@id":"https:\/\/www.colegionewman.org\/#organization"},"image":{"@id":"https:\/\/www.colegionewman.org\/del-6-a-10-de-marzo-las-ciencias-cobran-protagonismo-en-sac-newman\/#primaryimage"},"thumbnailUrl":"","keywords":["Ciencias","Colegio Newman","Concurso","nasa","SAC Newman","volcanes"],"articleSection":["Bachillerato","Colegio","Eventos","Noticias","Prensa","Secundaria"],"inLanguage":"es","potentialAction":[{"@type":"CommentAction","name":"Comment","target":["https:\/\/www.colegionewman.org\/del-6-a-10-de-marzo-las-ciencias-cobran-protagonismo-en-sac-newman\/#respond"]}]},{"@type":"WebPage","@id":"https:\/\/www.colegionewman.org\/del-6-a-10-de-marzo-las-ciencias-cobran-protagonismo-en-sac-newman\/","url":"https:\/\/www.colegionewman.org\/del-6-a-10-de-marzo-las-ciencias-cobran-protagonismo-en-sac-newman\/","name":"SAC Newman: Semana de las Ciencias en el Colegio","isPartOf":{"@id":"https:\/\/www.colegionewman.org\/#website"},"primaryImageOfPage":{"@id":"https:\/\/www.colegionewman.org\/del-6-a-10-de-marzo-las-ciencias-cobran-protagonismo-en-sac-newman\/#primaryimage"},"image":{"@id":"https:\/\/www.colegionewman.org\/del-6-a-10-de-marzo-las-ciencias-cobran-protagonismo-en-sac-newman\/#primaryimage"},"thumbnailUrl":"","datePublished":"2023-03-03T07:14:08+00:00","description":"La semana de las artes y ciencias destaca en SAC Newman con talleres especializados.","breadcrumb":{"@id":"https:\/\/www.colegionewman.org\/del-6-a-10-de-marzo-las-ciencias-cobran-protagonismo-en-sac-newman\/#breadcrumb"},"inLanguage":"es","potentialAction":[{"@type":"ReadAction","target":["https:\/\/www.colegionewman.org\/del-6-a-10-de-marzo-las-ciencias-cobran-protagonismo-en-sac-newman\/"]}]},{"@type":"ImageObject","inLanguage":"es","@id":"https:\/\/www.colegionewman.org\/del-6-a-10-de-marzo-las-ciencias-cobran-protagonismo-en-sac-newman\/#primaryimage","url":"","contentUrl":""},{"@type":"BreadcrumbList","@id":"https:\/\/www.colegionewman.org\/del-6-a-10-de-marzo-las-ciencias-cobran-protagonismo-en-sac-newman\/#breadcrumb","itemListElement":[{"@type":"ListItem","position":1,"name":"Portada","item":"https:\/\/www.colegionewman.org\/"},{"@type":"ListItem","position":2,"name":"Del 6 a 10 de marzo las Ciencias cobran protagonismo en SAC Newman"}]},{"@type":"WebSite","@id":"https:\/\/www.colegionewman.org\/#website","url":"https:\/\/www.colegionewman.org\/","name":"Colegio Internacional J.H. Newman","description":"Un colegio que te abre al mundo","publisher":{"@id":"https:\/\/www.colegionewman.org\/#organization"},"alternateName":"Colegio Newman","potentialAction":[{"@type":"SearchAction","target":{"@type":"EntryPoint","urlTemplate":"https:\/\/www.colegionewman.org\/?s={search_term_string}"},"query-input":{"@type":"PropertyValueSpecification","valueRequired":true,"valueName":"search_term_string"}}],"inLanguage":"es"},{"@type":"Organization","@id":"https:\/\/www.colegionewman.org\/#organization","name":"Colegio Internacional J.H. Newman","alternateName":"Colegio Newman","url":"https:\/\/www.colegionewman.org\/","logo":{"@type":"ImageObject","inLanguage":"es","@id":"https:\/\/www.colegionewman.org\/#\/schema\/logo\/image\/","url":"https:\/\/www.colegionewman.org\/wp-content\/uploads\/logo_mini_newman_Mesa-de-trabajo-1.png","contentUrl":"https:\/\/www.colegionewman.org\/wp-content\/uploads\/logo_mini_newman_Mesa-de-trabajo-1.png","width":750,"height":750,"caption":"Colegio Internacional J.H. Newman"},"image":{"@id":"https:\/\/www.colegionewman.org\/#\/schema\/logo\/image\/"},"sameAs":["https:\/\/www.instagram.com\/colegiojhnewman\/","https:\/\/www.youtube.com\/channel\/UCUEVCANGRsznbp-DRfSrexw","https:\/\/www.linkedin.com\/company\/colegio-internacional-jh-newman"]},{"@type":"Person","@id":"https:\/\/www.colegionewman.org\/#\/schema\/person\/2799c0d82b571b9f7abb79410090fab8","name":"comunicacionnewman","image":{"@type":"ImageObject","inLanguage":"es","@id":"https:\/\/secure.gravatar.com\/avatar\/d27069ebe1333a06be57ea6fc363509158ffbff50e35630dc631005391d81c95?s=96&d=mm&r=g","url":"https:\/\/secure.gravatar.com\/avatar\/d27069ebe1333a06be57ea6fc363509158ffbff50e35630dc631005391d81c95?s=96&d=mm&r=g","contentUrl":"https:\/\/secure.gravatar.com\/avatar\/d27069ebe1333a06be57ea6fc363509158ffbff50e35630dc631005391d81c95?s=96&d=mm&r=g","caption":"comunicacionnewman"},"url":"https:\/\/www.colegionewman.org\/es_es\/author\/comunicacionnewman\/"}]}},"_links":{"self":[{"href":"https:\/\/www.colegionewman.org\/es_es\/wp-json\/wp\/v2\/posts\/27171","targetHints":{"allow":["GET"]}}],"collection":[{"href":"https:\/\/www.colegionewman.org\/es_es\/wp-json\/wp\/v2\/posts"}],"about":[{"href":"https:\/\/www.colegionewman.org\/es_es\/wp-json\/wp\/v2\/types\/post"}],"author":[{"embeddable":true,"href":"https:\/\/www.colegionewman.org\/es_es\/wp-json\/wp\/v2\/users\/2"}],"replies":[{"embeddable":true,"href":"https:\/\/www.colegionewman.org\/es_es\/wp-json\/wp\/v2\/comments?post=27171"}],"version-history":[{"count":0,"href":"https:\/\/www.colegionewman.org\/es_es\/wp-json\/wp\/v2\/posts\/27171\/revisions"}],"wp:featuredmedia":[{"embeddable":true,"href":"https:\/\/www.colegionewman.org\/es_es\/wp-json\/"}],"wp:attachment":[{"href":"https:\/\/www.colegionewman.org\/es_es\/wp-json\/wp\/v2\/media?parent=27171"}],"wp:term":[{"taxonomy":"category","embeddable":true,"href":"https:\/\/www.colegionewman.org\/es_es\/wp-json\/wp\/v2\/categories?post=27171"},{"taxonomy":"post_tag","embeddable":true,"href":"https:\/\/www.colegionewman.org\/es_es\/wp-json\/wp\/v2\/tags?post=27171"}],"curies":[{"name":"wp","href":"https:\/\/api.w.org\/{rel}","templated":true}]}}