{"id":27169,"date":"2023-03-03T08:12:32","date_gmt":"2023-03-03T07:12:32","guid":{"rendered":"https:\/\/www.colegionewman.org\/?p=27169"},"modified":"2023-03-03T08:12:32","modified_gmt":"2023-03-03T07:12:32","slug":"del-6-al-10-de-marzo-espectacular-muestra-de-arte-en-sac-newman","status":"publish","type":"post","link":"https:\/\/www.colegionewman.org\/es_es\/del-6-al-10-de-marzo-espectacular-muestra-de-arte-en-sac-newman\/","title":{"rendered":"Del 6 al 10 de marzo espectacular muestra de Arte en SAC Newman"},"content":{"rendered":"<p>Del 6 al 10 de marzo<\/p>\n<div class='avia-iframe-wrap'><iframe loading=\"lazy\" title=\"Del 6 al 10 de marzo espectacular muestra de Arte en SAC Newman\" width=\"1500\" height=\"844\" src=\"https:\/\/www.youtube.com\/embed\/AcCWB_HQneA?start=41&#038;feature=oembed\" frameborder=\"0\" allow=\"accelerometer; autoplay; clipboard-write; encrypted-media; gyroscope; picture-in-picture; web-share\" allowfullscreen><\/iframe><\/div>\n<p>&nbsp;<\/p>\n<p>LUNES 6 DE MARZO<\/p>\n<p>Los alumnos de #Artes de Bachillerato y 4\u00ba de la ESO han participado en un Taller de texturas con la artista B\u00e1rbara Mel\u00e9ndez que ha querido compartir su conocimiento con los estudiantes. Al comienzo ha realizado una breve exposici\u00f3n sobre los artistas que usan el arte mat\u00e9rico, despu\u00e9s les ha propuesto que piensen bien qu\u00e9 quieren expresar y \u00a1manos a la obra! Han sido dos horas de trabajo con arena, telas, colas y diferentes materiales con los que han realizado su obra de expresionismo mat\u00e9rico.<\/p>\n<p><img loading=\"lazy\" decoding=\"async\" class=\"size-full wp-image-27195\" src=\"https:\/\/www.colegionewman.org\/wp-content\/uploads\/2023\/03\/colegio-newman-sac-newman-taller.jpg\" alt=\"\" width=\"2000\" height=\"1000\" \/><\/p>\n<p>MARTES 7 DE MARZO: Conferencia \u00abEl arte en el paleol\u00edtico\u00bb con Pedro Alberto Saura Ramos (Murcia, 1948) es un pintor, cineasta y fot\u00f3grafo espa\u00f1ol especializado en arte rupestre paleol\u00edtico del norte de Espa\u00f1a y en fotograf\u00eda y cine documental de antropolog\u00eda, naturaleza, submarino, etc. Es catedr\u00e1tico de fotograf\u00eda de la Facultad de Bellas de la Universidad Complutense de Madrid. Ha publicado gran cantidad de trabajos gr\u00e1ficos en solitario y como ilustrador de obras de prehistoriadores. Es autor, junto a su mujer, de varios facs\u00edmiles de arte rupestre paleol\u00edtico, entre los que destacan la r\u00e9plica de Altamira conocida como la Neocueva,1\u200b as\u00ed como otros dos grandes fragmentos de alrededor de 40 metros cuadrados, del Techo Policromo de la Cueva de Altamira, el primero de ellos realizado en 1992 en el parque cultural Parque Espa\u00f1a, en Shima (Jap\u00f3n) y otro, junto con cinco facs\u00edmiles m\u00e1s de otras cuevas (Tito Bustillo, Candamo, Llon\u00edn, Covaciella y Covalanas) en el Parque de la Prehistoria de Teverga,2\u200b en Asturias. Es poseedor de varios sexenios de investigaci\u00f3n, distinci\u00f3n que se hace en la universidad espa\u00f1ola a la excelencia investigadora.<\/p>\n<p><img loading=\"lazy\" decoding=\"async\" class=\"size-full wp-image-27203\" src=\"https:\/\/www.colegionewman.org\/wp-content\/uploads\/2023\/03\/colegio-newman-pedro-saura.jpg\" alt=\"\" width=\"2000\" height=\"1000\" \/><\/p>\n<p>MI\u00c9RCOLES 8 DE MARZO: Taller de Cianotipia<\/p>\n<p>La cianotipia, una fotograf\u00eda m\u00e1gica, este es el taller que hemos podido disfrutar hoy con alumnos de 2\u00ba de la ESO y guiado por estudiantes de bachillerato art\u00edstico. Han preparado los papeles con la mezcla para fotosensibilizarlos, han recolectado hojas, bayas, flores y con mucho mimo en la composici\u00f3n han dejado que la luz haga su trabajo. Un regalo para los ojos eso ha sido este taller.<\/p>\n<div id=\"attachment_27223\" style=\"width: 2010px\" class=\"wp-caption alignnone\"><img loading=\"lazy\" decoding=\"async\" aria-describedby=\"caption-attachment-27223\" class=\"size-full wp-image-27223\" src=\"https:\/\/www.colegionewman.org\/wp-content\/uploads\/2023\/03\/SAC-NEWMAN-CIANOTIPIA.jpg\" alt=\"\" width=\"2000\" height=\"1000\" \/><p id=\"caption-attachment-27223\" class=\"wp-caption-text\">colegio newman sac newman<\/p><\/div>\n<p>&nbsp;<\/p>\n<p>JUEVES 9 DE MARZO<\/p>\n<p>VIERNES 10 DE MARZO<\/p>\n","protected":false},"excerpt":{"rendered":"<p>Del 6 al 10 de marzo &nbsp; LUNES 6 DE MARZO Los alumnos de #Artes de Bachillerato y 4\u00ba de la ESO han participado en un Taller de texturas con la artista B\u00e1rbara Mel\u00e9ndez que ha querido compartir su conocimiento con los estudiantes. Al comienzo ha realizado una breve exposici\u00f3n sobre los artistas que usan [&hellip;]<\/p>\n","protected":false},"author":2,"featured_media":27161,"comment_status":"open","ping_status":"open","sticky":false,"template":"","format":"standard","meta":{"footnotes":""},"categories":[17,72,47,87,249,16],"tags":[70,26,1314,1239],"class_list":["post-27169","post","type-post","status-publish","format-standard","has-post-thumbnail","hentry","category-bachillerato","category-colegio","category-eventos","category-noticias","category-prensa","category-secundaria","tag-arte","tag-colegio-newman","tag-pedro-saura","tag-sac-newman"],"yoast_head":"<!-- This site is optimized with the Yoast SEO plugin v27.3 - https:\/\/yoast.com\/product\/yoast-seo-wordpress\/ -->\n<title>Muestra de Arte SAC Newman: creatividad en el aula<\/title>\n<meta name=\"description\" content=\"La semana de las artes exhibe una muestra creativa en SAC Newman.\" \/>\n<meta name=\"robots\" content=\"index, follow, max-snippet:-1, max-image-preview:large, max-video-preview:-1\" \/>\n<link rel=\"canonical\" href=\"https:\/\/www.colegionewman.org\/es_es\/del-6-al-10-de-marzo-espectacular-muestra-de-arte-en-sac-newman\/\" \/>\n<meta property=\"og:locale\" content=\"es_ES\" \/>\n<meta property=\"og:type\" content=\"article\" \/>\n<meta property=\"og:title\" content=\"Muestra de Arte SAC Newman: creatividad en el aula\" \/>\n<meta property=\"og:description\" content=\"La semana de las artes exhibe una muestra creativa en SAC Newman.\" \/>\n<meta property=\"og:url\" content=\"https:\/\/www.colegionewman.org\/es_es\/del-6-al-10-de-marzo-espectacular-muestra-de-arte-en-sac-newman\/\" \/>\n<meta property=\"og:site_name\" content=\"Colegio Internacional J.H. Newman\" \/>\n<meta property=\"article:published_time\" content=\"2023-03-03T07:12:32+00:00\" \/>\n<meta property=\"og:image\" content=\"https:\/\/www.colegionewman.org\/wp-content\/uploads\/Logo-Newman-1.png\" \/>\n\t<meta property=\"og:image:width\" content=\"3385\" \/>\n\t<meta property=\"og:image:height\" content=\"1509\" \/>\n\t<meta property=\"og:image:type\" content=\"image\/png\" \/>\n<meta name=\"author\" content=\"comunicacionnewman\" \/>\n<meta name=\"twitter:card\" content=\"summary_large_image\" \/>\n<meta name=\"twitter:label1\" content=\"Escrito por\" \/>\n\t<meta name=\"twitter:data1\" content=\"comunicacionnewman\" \/>\n\t<meta name=\"twitter:label2\" content=\"Tiempo de lectura\" \/>\n\t<meta name=\"twitter:data2\" content=\"3 minutos\" \/>\n<script type=\"application\/ld+json\" class=\"yoast-schema-graph\">{\"@context\":\"https:\\\/\\\/schema.org\",\"@graph\":[{\"@type\":\"Article\",\"@id\":\"https:\\\/\\\/www.colegionewman.org\\\/del-6-al-10-de-marzo-espectacular-muestra-de-arte-en-sac-newman\\\/#article\",\"isPartOf\":{\"@id\":\"https:\\\/\\\/www.colegionewman.org\\\/del-6-al-10-de-marzo-espectacular-muestra-de-arte-en-sac-newman\\\/\"},\"author\":{\"name\":\"comunicacionnewman\",\"@id\":\"https:\\\/\\\/www.colegionewman.org\\\/#\\\/schema\\\/person\\\/2799c0d82b571b9f7abb79410090fab8\"},\"headline\":\"Del 6 al 10 de marzo espectacular muestra de Arte en SAC Newman\",\"datePublished\":\"2023-03-03T07:12:32+00:00\",\"mainEntityOfPage\":{\"@id\":\"https:\\\/\\\/www.colegionewman.org\\\/del-6-al-10-de-marzo-espectacular-muestra-de-arte-en-sac-newman\\\/\"},\"wordCount\":414,\"commentCount\":0,\"publisher\":{\"@id\":\"https:\\\/\\\/www.colegionewman.org\\\/#organization\"},\"image\":{\"@id\":\"https:\\\/\\\/www.colegionewman.org\\\/del-6-al-10-de-marzo-espectacular-muestra-de-arte-en-sac-newman\\\/#primaryimage\"},\"thumbnailUrl\":\"\",\"keywords\":[\"Arte\",\"Colegio Newman\",\"pedro saura\",\"SAC Newman\"],\"articleSection\":[\"Bachillerato\",\"Colegio\",\"Eventos\",\"Noticias\",\"Prensa\",\"Secundaria\"],\"inLanguage\":\"es\",\"potentialAction\":[{\"@type\":\"CommentAction\",\"name\":\"Comment\",\"target\":[\"https:\\\/\\\/www.colegionewman.org\\\/del-6-al-10-de-marzo-espectacular-muestra-de-arte-en-sac-newman\\\/#respond\"]}]},{\"@type\":\"WebPage\",\"@id\":\"https:\\\/\\\/www.colegionewman.org\\\/del-6-al-10-de-marzo-espectacular-muestra-de-arte-en-sac-newman\\\/\",\"url\":\"https:\\\/\\\/www.colegionewman.org\\\/del-6-al-10-de-marzo-espectacular-muestra-de-arte-en-sac-newman\\\/\",\"name\":\"Muestra de Arte SAC Newman: creatividad en el aula\",\"isPartOf\":{\"@id\":\"https:\\\/\\\/www.colegionewman.org\\\/#website\"},\"primaryImageOfPage\":{\"@id\":\"https:\\\/\\\/www.colegionewman.org\\\/del-6-al-10-de-marzo-espectacular-muestra-de-arte-en-sac-newman\\\/#primaryimage\"},\"image\":{\"@id\":\"https:\\\/\\\/www.colegionewman.org\\\/del-6-al-10-de-marzo-espectacular-muestra-de-arte-en-sac-newman\\\/#primaryimage\"},\"thumbnailUrl\":\"\",\"datePublished\":\"2023-03-03T07:12:32+00:00\",\"description\":\"La semana de las artes exhibe una muestra creativa en SAC Newman.\",\"breadcrumb\":{\"@id\":\"https:\\\/\\\/www.colegionewman.org\\\/del-6-al-10-de-marzo-espectacular-muestra-de-arte-en-sac-newman\\\/#breadcrumb\"},\"inLanguage\":\"es\",\"potentialAction\":[{\"@type\":\"ReadAction\",\"target\":[\"https:\\\/\\\/www.colegionewman.org\\\/del-6-al-10-de-marzo-espectacular-muestra-de-arte-en-sac-newman\\\/\"]}]},{\"@type\":\"ImageObject\",\"inLanguage\":\"es\",\"@id\":\"https:\\\/\\\/www.colegionewman.org\\\/del-6-al-10-de-marzo-espectacular-muestra-de-arte-en-sac-newman\\\/#primaryimage\",\"url\":\"\",\"contentUrl\":\"\"},{\"@type\":\"BreadcrumbList\",\"@id\":\"https:\\\/\\\/www.colegionewman.org\\\/del-6-al-10-de-marzo-espectacular-muestra-de-arte-en-sac-newman\\\/#breadcrumb\",\"itemListElement\":[{\"@type\":\"ListItem\",\"position\":1,\"name\":\"Portada\",\"item\":\"https:\\\/\\\/www.colegionewman.org\\\/\"},{\"@type\":\"ListItem\",\"position\":2,\"name\":\"Del 6 al 10 de marzo espectacular muestra de Arte en SAC Newman\"}]},{\"@type\":\"WebSite\",\"@id\":\"https:\\\/\\\/www.colegionewman.org\\\/#website\",\"url\":\"https:\\\/\\\/www.colegionewman.org\\\/\",\"name\":\"Colegio Internacional J.H. Newman\",\"description\":\"Un colegio que te abre al mundo\",\"publisher\":{\"@id\":\"https:\\\/\\\/www.colegionewman.org\\\/#organization\"},\"alternateName\":\"Colegio Newman\",\"potentialAction\":[{\"@type\":\"SearchAction\",\"target\":{\"@type\":\"EntryPoint\",\"urlTemplate\":\"https:\\\/\\\/www.colegionewman.org\\\/?s={search_term_string}\"},\"query-input\":{\"@type\":\"PropertyValueSpecification\",\"valueRequired\":true,\"valueName\":\"search_term_string\"}}],\"inLanguage\":\"es\"},{\"@type\":\"Organization\",\"@id\":\"https:\\\/\\\/www.colegionewman.org\\\/#organization\",\"name\":\"Colegio Internacional J.H. Newman\",\"alternateName\":\"Colegio Newman\",\"url\":\"https:\\\/\\\/www.colegionewman.org\\\/\",\"logo\":{\"@type\":\"ImageObject\",\"inLanguage\":\"es\",\"@id\":\"https:\\\/\\\/www.colegionewman.org\\\/#\\\/schema\\\/logo\\\/image\\\/\",\"url\":\"https:\\\/\\\/www.colegionewman.org\\\/wp-content\\\/uploads\\\/logo_mini_newman_Mesa-de-trabajo-1.png\",\"contentUrl\":\"https:\\\/\\\/www.colegionewman.org\\\/wp-content\\\/uploads\\\/logo_mini_newman_Mesa-de-trabajo-1.png\",\"width\":750,\"height\":750,\"caption\":\"Colegio Internacional J.H. Newman\"},\"image\":{\"@id\":\"https:\\\/\\\/www.colegionewman.org\\\/#\\\/schema\\\/logo\\\/image\\\/\"},\"sameAs\":[\"https:\\\/\\\/www.instagram.com\\\/colegiojhnewman\\\/\",\"https:\\\/\\\/www.youtube.com\\\/channel\\\/UCUEVCANGRsznbp-DRfSrexw\",\"https:\\\/\\\/www.linkedin.com\\\/company\\\/colegio-internacional-jh-newman\"]},{\"@type\":\"Person\",\"@id\":\"https:\\\/\\\/www.colegionewman.org\\\/#\\\/schema\\\/person\\\/2799c0d82b571b9f7abb79410090fab8\",\"name\":\"comunicacionnewman\",\"image\":{\"@type\":\"ImageObject\",\"inLanguage\":\"es\",\"@id\":\"https:\\\/\\\/secure.gravatar.com\\\/avatar\\\/d27069ebe1333a06be57ea6fc363509158ffbff50e35630dc631005391d81c95?s=96&d=mm&r=g\",\"url\":\"https:\\\/\\\/secure.gravatar.com\\\/avatar\\\/d27069ebe1333a06be57ea6fc363509158ffbff50e35630dc631005391d81c95?s=96&d=mm&r=g\",\"contentUrl\":\"https:\\\/\\\/secure.gravatar.com\\\/avatar\\\/d27069ebe1333a06be57ea6fc363509158ffbff50e35630dc631005391d81c95?s=96&d=mm&r=g\",\"caption\":\"comunicacionnewman\"},\"url\":\"https:\\\/\\\/www.colegionewman.org\\\/es_es\\\/author\\\/comunicacionnewman\\\/\"}]}<\/script>\n<!-- \/ Yoast SEO plugin. -->","yoast_head_json":{"title":"Muestra de Arte SAC Newman: creatividad en el aula","description":"La semana de las artes exhibe una muestra creativa en SAC Newman.","robots":{"index":"index","follow":"follow","max-snippet":"max-snippet:-1","max-image-preview":"max-image-preview:large","max-video-preview":"max-video-preview:-1"},"canonical":"https:\/\/www.colegionewman.org\/es_es\/del-6-al-10-de-marzo-espectacular-muestra-de-arte-en-sac-newman\/","og_locale":"es_ES","og_type":"article","og_title":"Muestra de Arte SAC Newman: creatividad en el aula","og_description":"La semana de las artes exhibe una muestra creativa en SAC Newman.","og_url":"https:\/\/www.colegionewman.org\/es_es\/del-6-al-10-de-marzo-espectacular-muestra-de-arte-en-sac-newman\/","og_site_name":"Colegio Internacional J.H. Newman","article_published_time":"2023-03-03T07:12:32+00:00","og_image":[{"width":3385,"height":1509,"url":"https:\/\/www.colegionewman.org\/wp-content\/uploads\/Logo-Newman-1.png","type":"image\/png"}],"author":"comunicacionnewman","twitter_card":"summary_large_image","twitter_misc":{"Escrito por":"comunicacionnewman","Tiempo de lectura":"3 minutos"},"schema":{"@context":"https:\/\/schema.org","@graph":[{"@type":"Article","@id":"https:\/\/www.colegionewman.org\/del-6-al-10-de-marzo-espectacular-muestra-de-arte-en-sac-newman\/#article","isPartOf":{"@id":"https:\/\/www.colegionewman.org\/del-6-al-10-de-marzo-espectacular-muestra-de-arte-en-sac-newman\/"},"author":{"name":"comunicacionnewman","@id":"https:\/\/www.colegionewman.org\/#\/schema\/person\/2799c0d82b571b9f7abb79410090fab8"},"headline":"Del 6 al 10 de marzo espectacular muestra de Arte en SAC Newman","datePublished":"2023-03-03T07:12:32+00:00","mainEntityOfPage":{"@id":"https:\/\/www.colegionewman.org\/del-6-al-10-de-marzo-espectacular-muestra-de-arte-en-sac-newman\/"},"wordCount":414,"commentCount":0,"publisher":{"@id":"https:\/\/www.colegionewman.org\/#organization"},"image":{"@id":"https:\/\/www.colegionewman.org\/del-6-al-10-de-marzo-espectacular-muestra-de-arte-en-sac-newman\/#primaryimage"},"thumbnailUrl":"","keywords":["Arte","Colegio Newman","pedro saura","SAC Newman"],"articleSection":["Bachillerato","Colegio","Eventos","Noticias","Prensa","Secundaria"],"inLanguage":"es","potentialAction":[{"@type":"CommentAction","name":"Comment","target":["https:\/\/www.colegionewman.org\/del-6-al-10-de-marzo-espectacular-muestra-de-arte-en-sac-newman\/#respond"]}]},{"@type":"WebPage","@id":"https:\/\/www.colegionewman.org\/del-6-al-10-de-marzo-espectacular-muestra-de-arte-en-sac-newman\/","url":"https:\/\/www.colegionewman.org\/del-6-al-10-de-marzo-espectacular-muestra-de-arte-en-sac-newman\/","name":"Muestra de Arte SAC Newman: creatividad en el aula","isPartOf":{"@id":"https:\/\/www.colegionewman.org\/#website"},"primaryImageOfPage":{"@id":"https:\/\/www.colegionewman.org\/del-6-al-10-de-marzo-espectacular-muestra-de-arte-en-sac-newman\/#primaryimage"},"image":{"@id":"https:\/\/www.colegionewman.org\/del-6-al-10-de-marzo-espectacular-muestra-de-arte-en-sac-newman\/#primaryimage"},"thumbnailUrl":"","datePublished":"2023-03-03T07:12:32+00:00","description":"La semana de las artes exhibe una muestra creativa en SAC Newman.","breadcrumb":{"@id":"https:\/\/www.colegionewman.org\/del-6-al-10-de-marzo-espectacular-muestra-de-arte-en-sac-newman\/#breadcrumb"},"inLanguage":"es","potentialAction":[{"@type":"ReadAction","target":["https:\/\/www.colegionewman.org\/del-6-al-10-de-marzo-espectacular-muestra-de-arte-en-sac-newman\/"]}]},{"@type":"ImageObject","inLanguage":"es","@id":"https:\/\/www.colegionewman.org\/del-6-al-10-de-marzo-espectacular-muestra-de-arte-en-sac-newman\/#primaryimage","url":"","contentUrl":""},{"@type":"BreadcrumbList","@id":"https:\/\/www.colegionewman.org\/del-6-al-10-de-marzo-espectacular-muestra-de-arte-en-sac-newman\/#breadcrumb","itemListElement":[{"@type":"ListItem","position":1,"name":"Portada","item":"https:\/\/www.colegionewman.org\/"},{"@type":"ListItem","position":2,"name":"Del 6 al 10 de marzo espectacular muestra de Arte en SAC Newman"}]},{"@type":"WebSite","@id":"https:\/\/www.colegionewman.org\/#website","url":"https:\/\/www.colegionewman.org\/","name":"Colegio Internacional J.H. Newman","description":"Un colegio que te abre al mundo","publisher":{"@id":"https:\/\/www.colegionewman.org\/#organization"},"alternateName":"Colegio Newman","potentialAction":[{"@type":"SearchAction","target":{"@type":"EntryPoint","urlTemplate":"https:\/\/www.colegionewman.org\/?s={search_term_string}"},"query-input":{"@type":"PropertyValueSpecification","valueRequired":true,"valueName":"search_term_string"}}],"inLanguage":"es"},{"@type":"Organization","@id":"https:\/\/www.colegionewman.org\/#organization","name":"Colegio Internacional J.H. Newman","alternateName":"Colegio Newman","url":"https:\/\/www.colegionewman.org\/","logo":{"@type":"ImageObject","inLanguage":"es","@id":"https:\/\/www.colegionewman.org\/#\/schema\/logo\/image\/","url":"https:\/\/www.colegionewman.org\/wp-content\/uploads\/logo_mini_newman_Mesa-de-trabajo-1.png","contentUrl":"https:\/\/www.colegionewman.org\/wp-content\/uploads\/logo_mini_newman_Mesa-de-trabajo-1.png","width":750,"height":750,"caption":"Colegio Internacional J.H. Newman"},"image":{"@id":"https:\/\/www.colegionewman.org\/#\/schema\/logo\/image\/"},"sameAs":["https:\/\/www.instagram.com\/colegiojhnewman\/","https:\/\/www.youtube.com\/channel\/UCUEVCANGRsznbp-DRfSrexw","https:\/\/www.linkedin.com\/company\/colegio-internacional-jh-newman"]},{"@type":"Person","@id":"https:\/\/www.colegionewman.org\/#\/schema\/person\/2799c0d82b571b9f7abb79410090fab8","name":"comunicacionnewman","image":{"@type":"ImageObject","inLanguage":"es","@id":"https:\/\/secure.gravatar.com\/avatar\/d27069ebe1333a06be57ea6fc363509158ffbff50e35630dc631005391d81c95?s=96&d=mm&r=g","url":"https:\/\/secure.gravatar.com\/avatar\/d27069ebe1333a06be57ea6fc363509158ffbff50e35630dc631005391d81c95?s=96&d=mm&r=g","contentUrl":"https:\/\/secure.gravatar.com\/avatar\/d27069ebe1333a06be57ea6fc363509158ffbff50e35630dc631005391d81c95?s=96&d=mm&r=g","caption":"comunicacionnewman"},"url":"https:\/\/www.colegionewman.org\/es_es\/author\/comunicacionnewman\/"}]}},"_links":{"self":[{"href":"https:\/\/www.colegionewman.org\/es_es\/wp-json\/wp\/v2\/posts\/27169","targetHints":{"allow":["GET"]}}],"collection":[{"href":"https:\/\/www.colegionewman.org\/es_es\/wp-json\/wp\/v2\/posts"}],"about":[{"href":"https:\/\/www.colegionewman.org\/es_es\/wp-json\/wp\/v2\/types\/post"}],"author":[{"embeddable":true,"href":"https:\/\/www.colegionewman.org\/es_es\/wp-json\/wp\/v2\/users\/2"}],"replies":[{"embeddable":true,"href":"https:\/\/www.colegionewman.org\/es_es\/wp-json\/wp\/v2\/comments?post=27169"}],"version-history":[{"count":0,"href":"https:\/\/www.colegionewman.org\/es_es\/wp-json\/wp\/v2\/posts\/27169\/revisions"}],"wp:featuredmedia":[{"embeddable":true,"href":"https:\/\/www.colegionewman.org\/es_es\/wp-json\/"}],"wp:attachment":[{"href":"https:\/\/www.colegionewman.org\/es_es\/wp-json\/wp\/v2\/media?parent=27169"}],"wp:term":[{"taxonomy":"category","embeddable":true,"href":"https:\/\/www.colegionewman.org\/es_es\/wp-json\/wp\/v2\/categories?post=27169"},{"taxonomy":"post_tag","embeddable":true,"href":"https:\/\/www.colegionewman.org\/es_es\/wp-json\/wp\/v2\/tags?post=27169"}],"curies":[{"name":"wp","href":"https:\/\/api.w.org\/{rel}","templated":true}]}}