{"id":27165,"date":"2023-03-03T08:09:29","date_gmt":"2023-03-03T07:09:29","guid":{"rendered":"https:\/\/www.colegionewman.org\/?p=27165"},"modified":"2023-03-03T08:09:29","modified_gmt":"2023-03-03T07:09:29","slug":"sac-newman-2023-vive-la-gran-semana-de-las-artes-y-las-ciencias-en-el-colegio-newman","status":"publish","type":"post","link":"https:\/\/www.colegionewman.org\/es_es\/sac-newman-2023-vive-la-gran-semana-de-las-artes-y-las-ciencias-en-el-colegio-newman\/","title":{"rendered":"SAC Newman 2023, vive la gran Semana de las Artes y las Ciencias en el Colegio Newman"},"content":{"rendered":"<p>Del 6 al 10 de marzo<\/p>\n<p><img loading=\"lazy\" decoding=\"async\" class=\"size-full wp-image-27182\" src=\"https:\/\/www.colegionewman.org\/wp-content\/uploads\/2023\/03\/programacion.jpg\" alt=\"\" width=\"2000\" height=\"1417\" \/><\/p>\n<p><strong>ARTES<\/strong><\/p>\n<div class='avia-iframe-wrap'><iframe loading=\"lazy\" title=\"Del 6 al 10 de marzo espectacular muestra de Arte en SAC Newman\" width=\"1500\" height=\"844\" src=\"https:\/\/www.youtube.com\/embed\/AcCWB_HQneA?start=39&#038;feature=oembed\" frameborder=\"0\" allow=\"accelerometer; autoplay; clipboard-write; encrypted-media; gyroscope; picture-in-picture; web-share\" allowfullscreen><\/iframe><\/div>\n<p><a href=\"https:\/\/www.colegionewman.org\/noticias\/del-6-al-10-de-marzo-espectacular-muestra-de-arte-en-sac-newman\/\">Pinche aqu\u00ed y accedas a las actividades de Artes<\/a><\/p>\n<p><strong>CIENCIAS<\/strong><\/p>\n<div class='avia-iframe-wrap'><iframe loading=\"lazy\" title=\"Del 6 a 10 de marzo las Ciencias cobran protagonismo en SAC Newman\" width=\"1500\" height=\"844\" src=\"https:\/\/www.youtube.com\/embed\/8278K5-93_Q?feature=oembed\" frameborder=\"0\" allow=\"accelerometer; autoplay; clipboard-write; encrypted-media; gyroscope; picture-in-picture; web-share\" allowfullscreen><\/iframe><\/div>\n<p><a href=\"https:\/\/www.colegionewman.org\/noticias\/del-6-a-10-de-marzo-las-ciencias-cobran-protagonismo-en-sac-newman\/\">Pinche aqu\u00ed y acceda a las actividades de Ciencias<\/a><\/p>\n<p><strong>CONCIERTOS<\/strong><\/p>\n<div class='avia-iframe-wrap'><iframe loading=\"lazy\" title=\"Del 6 al 10 de marzo disfruta los conciertos de SAC Newman\" width=\"1500\" height=\"844\" src=\"https:\/\/www.youtube.com\/embed\/hDGMsurwW9s?start=130&#038;feature=oembed\" frameborder=\"0\" allow=\"accelerometer; autoplay; clipboard-write; encrypted-media; gyroscope; picture-in-picture; web-share\" allowfullscreen><\/iframe><\/div>\n<p><a href=\"https:\/\/www.colegionewman.org\/noticias\/del-6-al-10-de-marzo-disfruta-los-conciertos-de-sac-newman\/\">Pinche aqu\u00ed y acceda a las actividades musicales organizadas<\/a><\/p>\n<p><strong>CIENCIAS SOCIALES<\/strong><\/p>\n<div class='avia-iframe-wrap'><iframe loading=\"lazy\" title=\"Del 6 al 10 de Marzo despliegue de actividades de Ciencias Sociales en SAC Newman\" width=\"1500\" height=\"844\" src=\"https:\/\/www.youtube.com\/embed\/mX2dJbe6OnE?feature=oembed\" frameborder=\"0\" allow=\"accelerometer; autoplay; clipboard-write; encrypted-media; gyroscope; picture-in-picture; web-share\" allowfullscreen><\/iframe><\/div>\n<p><a href=\"https:\/\/www.colegionewman.org\/noticias\/del-6-al-10-de-marzo-despliegue-de-actividades-de-ciencias-sociales-en-sac-newman\/\">Pinche aqu\u00ed y acceda al link de las actividades del departamento de Ciencias Sociales<\/a><\/p>\n<p><strong>CONFERENCIA GEMMA CALABRESI: JUSTICIA Y MISERICORDIA<\/strong><\/p>\n<div class='avia-iframe-wrap'><iframe loading=\"lazy\" title=\"Gemma Calabresi - Justicia y misericordia\" width=\"1500\" height=\"844\" src=\"https:\/\/www.youtube.com\/embed\/GSjaP0iEcwI?feature=oembed\" frameborder=\"0\" allow=\"accelerometer; autoplay; clipboard-write; encrypted-media; gyroscope; picture-in-picture; web-share\" allowfullscreen><\/iframe><\/div>\n<p>&nbsp;<\/p>\n<p>&nbsp;<\/p>\n","protected":false},"excerpt":{"rendered":"<p>Del 6 al 10 de marzo ARTES Pinche aqu\u00ed y accedas a las actividades de Artes CIENCIAS Pinche aqu\u00ed y acceda a las actividades de Ciencias CONCIERTOS Pinche aqu\u00ed y acceda a las actividades musicales organizadas CIENCIAS SOCIALES Pinche aqu\u00ed y acceda al link de las actividades del departamento de Ciencias Sociales CONFERENCIA GEMMA CALABRESI: [&hellip;]<\/p>\n","protected":false},"author":2,"featured_media":27162,"comment_status":"open","ping_status":"open","sticky":false,"template":"","format":"standard","meta":{"footnotes":""},"categories":[17,72,47,87,249,16],"tags":[832,354,616,26,1313,513,1239,196],"class_list":["post-27165","post","type-post","status-publish","format-standard","has-post-thumbnail","hentry","category-bachillerato","category-colegio","category-eventos","category-noticias","category-prensa","category-secundaria","tag-artes","tag-ciencias","tag-ciencias-sociales","tag-colegio-newman","tag-conciertos","tag-cultura","tag-sac-newman","tag-semana"],"yoast_head":"<!-- This site is optimized with the Yoast SEO plugin v27.3 - https:\/\/yoast.com\/product\/yoast-seo-wordpress\/ -->\n<title>SAC Newman 2023: Semana de las Artes en el colegio<\/title>\n<meta name=\"description\" content=\"La semana de las artes 2023 re\u00fane arte, ciencia y creatividad en una edici\u00f3n memorable del Newman.\" \/>\n<meta name=\"robots\" content=\"index, follow, max-snippet:-1, max-image-preview:large, max-video-preview:-1\" \/>\n<link rel=\"canonical\" href=\"https:\/\/www.colegionewman.org\/es_es\/sac-newman-2023-vive-la-gran-semana-de-las-artes-y-las-ciencias-en-el-colegio-newman\/\" \/>\n<meta property=\"og:locale\" content=\"es_ES\" \/>\n<meta property=\"og:type\" content=\"article\" \/>\n<meta property=\"og:title\" content=\"SAC Newman 2023: Semana de las Artes en el colegio\" \/>\n<meta property=\"og:description\" content=\"La semana de las artes 2023 re\u00fane arte, ciencia y creatividad en una edici\u00f3n memorable del Newman.\" \/>\n<meta property=\"og:url\" content=\"https:\/\/www.colegionewman.org\/es_es\/sac-newman-2023-vive-la-gran-semana-de-las-artes-y-las-ciencias-en-el-colegio-newman\/\" \/>\n<meta property=\"og:site_name\" content=\"Colegio Internacional J.H. Newman\" \/>\n<meta property=\"article:published_time\" content=\"2023-03-03T07:09:29+00:00\" \/>\n<meta property=\"og:image\" content=\"https:\/\/www.colegionewman.org\/wp-content\/uploads\/Logo-Newman-1.png\" \/>\n\t<meta property=\"og:image:width\" content=\"3385\" \/>\n\t<meta property=\"og:image:height\" content=\"1509\" \/>\n\t<meta property=\"og:image:type\" content=\"image\/png\" \/>\n<meta name=\"author\" content=\"comunicacionnewman\" \/>\n<meta name=\"twitter:card\" content=\"summary_large_image\" \/>\n<meta name=\"twitter:label1\" content=\"Escrito por\" \/>\n\t<meta name=\"twitter:data1\" content=\"comunicacionnewman\" \/>\n\t<meta name=\"twitter:label2\" content=\"Tiempo de lectura\" \/>\n\t<meta name=\"twitter:data2\" content=\"1 minuto\" \/>\n<script type=\"application\/ld+json\" class=\"yoast-schema-graph\">{\"@context\":\"https:\\\/\\\/schema.org\",\"@graph\":[{\"@type\":\"Article\",\"@id\":\"https:\\\/\\\/www.colegionewman.org\\\/sac-newman-2023-vive-la-gran-semana-de-las-artes-y-las-ciencias-en-el-colegio-newman\\\/#article\",\"isPartOf\":{\"@id\":\"https:\\\/\\\/www.colegionewman.org\\\/sac-newman-2023-vive-la-gran-semana-de-las-artes-y-las-ciencias-en-el-colegio-newman\\\/\"},\"author\":{\"name\":\"comunicacionnewman\",\"@id\":\"https:\\\/\\\/www.colegionewman.org\\\/#\\\/schema\\\/person\\\/2799c0d82b571b9f7abb79410090fab8\"},\"headline\":\"SAC Newman 2023, vive la gran Semana de las Artes y las Ciencias en el Colegio Newman\",\"datePublished\":\"2023-03-03T07:09:29+00:00\",\"mainEntityOfPage\":{\"@id\":\"https:\\\/\\\/www.colegionewman.org\\\/sac-newman-2023-vive-la-gran-semana-de-las-artes-y-las-ciencias-en-el-colegio-newman\\\/\"},\"wordCount\":122,\"commentCount\":0,\"publisher\":{\"@id\":\"https:\\\/\\\/www.colegionewman.org\\\/#organization\"},\"image\":{\"@id\":\"https:\\\/\\\/www.colegionewman.org\\\/sac-newman-2023-vive-la-gran-semana-de-las-artes-y-las-ciencias-en-el-colegio-newman\\\/#primaryimage\"},\"thumbnailUrl\":\"\",\"keywords\":[\"Artes\",\"Ciencias\",\"Ciencias Sociales\",\"Colegio Newman\",\"conciertos\",\"Cultura\",\"SAC Newman\",\"Semana\"],\"articleSection\":[\"Bachillerato\",\"Colegio\",\"Eventos\",\"Noticias\",\"Prensa\",\"Secundaria\"],\"inLanguage\":\"es\",\"potentialAction\":[{\"@type\":\"CommentAction\",\"name\":\"Comment\",\"target\":[\"https:\\\/\\\/www.colegionewman.org\\\/sac-newman-2023-vive-la-gran-semana-de-las-artes-y-las-ciencias-en-el-colegio-newman\\\/#respond\"]}]},{\"@type\":\"WebPage\",\"@id\":\"https:\\\/\\\/www.colegionewman.org\\\/sac-newman-2023-vive-la-gran-semana-de-las-artes-y-las-ciencias-en-el-colegio-newman\\\/\",\"url\":\"https:\\\/\\\/www.colegionewman.org\\\/sac-newman-2023-vive-la-gran-semana-de-las-artes-y-las-ciencias-en-el-colegio-newman\\\/\",\"name\":\"SAC Newman 2023: Semana de las Artes en el colegio\",\"isPartOf\":{\"@id\":\"https:\\\/\\\/www.colegionewman.org\\\/#website\"},\"primaryImageOfPage\":{\"@id\":\"https:\\\/\\\/www.colegionewman.org\\\/sac-newman-2023-vive-la-gran-semana-de-las-artes-y-las-ciencias-en-el-colegio-newman\\\/#primaryimage\"},\"image\":{\"@id\":\"https:\\\/\\\/www.colegionewman.org\\\/sac-newman-2023-vive-la-gran-semana-de-las-artes-y-las-ciencias-en-el-colegio-newman\\\/#primaryimage\"},\"thumbnailUrl\":\"\",\"datePublished\":\"2023-03-03T07:09:29+00:00\",\"description\":\"La semana de las artes 2023 re\u00fane arte, ciencia y creatividad en una edici\u00f3n memorable del Newman.\",\"breadcrumb\":{\"@id\":\"https:\\\/\\\/www.colegionewman.org\\\/sac-newman-2023-vive-la-gran-semana-de-las-artes-y-las-ciencias-en-el-colegio-newman\\\/#breadcrumb\"},\"inLanguage\":\"es\",\"potentialAction\":[{\"@type\":\"ReadAction\",\"target\":[\"https:\\\/\\\/www.colegionewman.org\\\/sac-newman-2023-vive-la-gran-semana-de-las-artes-y-las-ciencias-en-el-colegio-newman\\\/\"]}]},{\"@type\":\"ImageObject\",\"inLanguage\":\"es\",\"@id\":\"https:\\\/\\\/www.colegionewman.org\\\/sac-newman-2023-vive-la-gran-semana-de-las-artes-y-las-ciencias-en-el-colegio-newman\\\/#primaryimage\",\"url\":\"\",\"contentUrl\":\"\"},{\"@type\":\"BreadcrumbList\",\"@id\":\"https:\\\/\\\/www.colegionewman.org\\\/sac-newman-2023-vive-la-gran-semana-de-las-artes-y-las-ciencias-en-el-colegio-newman\\\/#breadcrumb\",\"itemListElement\":[{\"@type\":\"ListItem\",\"position\":1,\"name\":\"Portada\",\"item\":\"https:\\\/\\\/www.colegionewman.org\\\/\"},{\"@type\":\"ListItem\",\"position\":2,\"name\":\"SAC Newman 2023, vive la gran Semana de las Artes y las Ciencias en el Colegio Newman\"}]},{\"@type\":\"WebSite\",\"@id\":\"https:\\\/\\\/www.colegionewman.org\\\/#website\",\"url\":\"https:\\\/\\\/www.colegionewman.org\\\/\",\"name\":\"Colegio Internacional J.H. Newman\",\"description\":\"Un colegio que te abre al mundo\",\"publisher\":{\"@id\":\"https:\\\/\\\/www.colegionewman.org\\\/#organization\"},\"alternateName\":\"Colegio Newman\",\"potentialAction\":[{\"@type\":\"SearchAction\",\"target\":{\"@type\":\"EntryPoint\",\"urlTemplate\":\"https:\\\/\\\/www.colegionewman.org\\\/?s={search_term_string}\"},\"query-input\":{\"@type\":\"PropertyValueSpecification\",\"valueRequired\":true,\"valueName\":\"search_term_string\"}}],\"inLanguage\":\"es\"},{\"@type\":\"Organization\",\"@id\":\"https:\\\/\\\/www.colegionewman.org\\\/#organization\",\"name\":\"Colegio Internacional J.H. Newman\",\"alternateName\":\"Colegio Newman\",\"url\":\"https:\\\/\\\/www.colegionewman.org\\\/\",\"logo\":{\"@type\":\"ImageObject\",\"inLanguage\":\"es\",\"@id\":\"https:\\\/\\\/www.colegionewman.org\\\/#\\\/schema\\\/logo\\\/image\\\/\",\"url\":\"https:\\\/\\\/www.colegionewman.org\\\/wp-content\\\/uploads\\\/logo_mini_newman_Mesa-de-trabajo-1.png\",\"contentUrl\":\"https:\\\/\\\/www.colegionewman.org\\\/wp-content\\\/uploads\\\/logo_mini_newman_Mesa-de-trabajo-1.png\",\"width\":750,\"height\":750,\"caption\":\"Colegio Internacional J.H. Newman\"},\"image\":{\"@id\":\"https:\\\/\\\/www.colegionewman.org\\\/#\\\/schema\\\/logo\\\/image\\\/\"},\"sameAs\":[\"https:\\\/\\\/www.instagram.com\\\/colegiojhnewman\\\/\",\"https:\\\/\\\/www.youtube.com\\\/channel\\\/UCUEVCANGRsznbp-DRfSrexw\",\"https:\\\/\\\/www.linkedin.com\\\/company\\\/colegio-internacional-jh-newman\"]},{\"@type\":\"Person\",\"@id\":\"https:\\\/\\\/www.colegionewman.org\\\/#\\\/schema\\\/person\\\/2799c0d82b571b9f7abb79410090fab8\",\"name\":\"comunicacionnewman\",\"image\":{\"@type\":\"ImageObject\",\"inLanguage\":\"es\",\"@id\":\"https:\\\/\\\/secure.gravatar.com\\\/avatar\\\/d27069ebe1333a06be57ea6fc363509158ffbff50e35630dc631005391d81c95?s=96&d=mm&r=g\",\"url\":\"https:\\\/\\\/secure.gravatar.com\\\/avatar\\\/d27069ebe1333a06be57ea6fc363509158ffbff50e35630dc631005391d81c95?s=96&d=mm&r=g\",\"contentUrl\":\"https:\\\/\\\/secure.gravatar.com\\\/avatar\\\/d27069ebe1333a06be57ea6fc363509158ffbff50e35630dc631005391d81c95?s=96&d=mm&r=g\",\"caption\":\"comunicacionnewman\"},\"url\":\"https:\\\/\\\/www.colegionewman.org\\\/es_es\\\/author\\\/comunicacionnewman\\\/\"}]}<\/script>\n<!-- \/ Yoast SEO plugin. -->","yoast_head_json":{"title":"SAC Newman 2023: Semana de las Artes en el colegio","description":"La semana de las artes 2023 re\u00fane arte, ciencia y creatividad en una edici\u00f3n memorable del Newman.","robots":{"index":"index","follow":"follow","max-snippet":"max-snippet:-1","max-image-preview":"max-image-preview:large","max-video-preview":"max-video-preview:-1"},"canonical":"https:\/\/www.colegionewman.org\/es_es\/sac-newman-2023-vive-la-gran-semana-de-las-artes-y-las-ciencias-en-el-colegio-newman\/","og_locale":"es_ES","og_type":"article","og_title":"SAC Newman 2023: Semana de las Artes en el colegio","og_description":"La semana de las artes 2023 re\u00fane arte, ciencia y creatividad en una edici\u00f3n memorable del Newman.","og_url":"https:\/\/www.colegionewman.org\/es_es\/sac-newman-2023-vive-la-gran-semana-de-las-artes-y-las-ciencias-en-el-colegio-newman\/","og_site_name":"Colegio Internacional J.H. Newman","article_published_time":"2023-03-03T07:09:29+00:00","og_image":[{"width":3385,"height":1509,"url":"https:\/\/www.colegionewman.org\/wp-content\/uploads\/Logo-Newman-1.png","type":"image\/png"}],"author":"comunicacionnewman","twitter_card":"summary_large_image","twitter_misc":{"Escrito por":"comunicacionnewman","Tiempo de lectura":"1 minuto"},"schema":{"@context":"https:\/\/schema.org","@graph":[{"@type":"Article","@id":"https:\/\/www.colegionewman.org\/sac-newman-2023-vive-la-gran-semana-de-las-artes-y-las-ciencias-en-el-colegio-newman\/#article","isPartOf":{"@id":"https:\/\/www.colegionewman.org\/sac-newman-2023-vive-la-gran-semana-de-las-artes-y-las-ciencias-en-el-colegio-newman\/"},"author":{"name":"comunicacionnewman","@id":"https:\/\/www.colegionewman.org\/#\/schema\/person\/2799c0d82b571b9f7abb79410090fab8"},"headline":"SAC Newman 2023, vive la gran Semana de las Artes y las Ciencias en el Colegio Newman","datePublished":"2023-03-03T07:09:29+00:00","mainEntityOfPage":{"@id":"https:\/\/www.colegionewman.org\/sac-newman-2023-vive-la-gran-semana-de-las-artes-y-las-ciencias-en-el-colegio-newman\/"},"wordCount":122,"commentCount":0,"publisher":{"@id":"https:\/\/www.colegionewman.org\/#organization"},"image":{"@id":"https:\/\/www.colegionewman.org\/sac-newman-2023-vive-la-gran-semana-de-las-artes-y-las-ciencias-en-el-colegio-newman\/#primaryimage"},"thumbnailUrl":"","keywords":["Artes","Ciencias","Ciencias Sociales","Colegio Newman","conciertos","Cultura","SAC Newman","Semana"],"articleSection":["Bachillerato","Colegio","Eventos","Noticias","Prensa","Secundaria"],"inLanguage":"es","potentialAction":[{"@type":"CommentAction","name":"Comment","target":["https:\/\/www.colegionewman.org\/sac-newman-2023-vive-la-gran-semana-de-las-artes-y-las-ciencias-en-el-colegio-newman\/#respond"]}]},{"@type":"WebPage","@id":"https:\/\/www.colegionewman.org\/sac-newman-2023-vive-la-gran-semana-de-las-artes-y-las-ciencias-en-el-colegio-newman\/","url":"https:\/\/www.colegionewman.org\/sac-newman-2023-vive-la-gran-semana-de-las-artes-y-las-ciencias-en-el-colegio-newman\/","name":"SAC Newman 2023: Semana de las Artes en el colegio","isPartOf":{"@id":"https:\/\/www.colegionewman.org\/#website"},"primaryImageOfPage":{"@id":"https:\/\/www.colegionewman.org\/sac-newman-2023-vive-la-gran-semana-de-las-artes-y-las-ciencias-en-el-colegio-newman\/#primaryimage"},"image":{"@id":"https:\/\/www.colegionewman.org\/sac-newman-2023-vive-la-gran-semana-de-las-artes-y-las-ciencias-en-el-colegio-newman\/#primaryimage"},"thumbnailUrl":"","datePublished":"2023-03-03T07:09:29+00:00","description":"La semana de las artes 2023 re\u00fane arte, ciencia y creatividad en una edici\u00f3n memorable del Newman.","breadcrumb":{"@id":"https:\/\/www.colegionewman.org\/sac-newman-2023-vive-la-gran-semana-de-las-artes-y-las-ciencias-en-el-colegio-newman\/#breadcrumb"},"inLanguage":"es","potentialAction":[{"@type":"ReadAction","target":["https:\/\/www.colegionewman.org\/sac-newman-2023-vive-la-gran-semana-de-las-artes-y-las-ciencias-en-el-colegio-newman\/"]}]},{"@type":"ImageObject","inLanguage":"es","@id":"https:\/\/www.colegionewman.org\/sac-newman-2023-vive-la-gran-semana-de-las-artes-y-las-ciencias-en-el-colegio-newman\/#primaryimage","url":"","contentUrl":""},{"@type":"BreadcrumbList","@id":"https:\/\/www.colegionewman.org\/sac-newman-2023-vive-la-gran-semana-de-las-artes-y-las-ciencias-en-el-colegio-newman\/#breadcrumb","itemListElement":[{"@type":"ListItem","position":1,"name":"Portada","item":"https:\/\/www.colegionewman.org\/"},{"@type":"ListItem","position":2,"name":"SAC Newman 2023, vive la gran Semana de las Artes y las Ciencias en el Colegio Newman"}]},{"@type":"WebSite","@id":"https:\/\/www.colegionewman.org\/#website","url":"https:\/\/www.colegionewman.org\/","name":"Colegio Internacional J.H. Newman","description":"Un colegio que te abre al mundo","publisher":{"@id":"https:\/\/www.colegionewman.org\/#organization"},"alternateName":"Colegio Newman","potentialAction":[{"@type":"SearchAction","target":{"@type":"EntryPoint","urlTemplate":"https:\/\/www.colegionewman.org\/?s={search_term_string}"},"query-input":{"@type":"PropertyValueSpecification","valueRequired":true,"valueName":"search_term_string"}}],"inLanguage":"es"},{"@type":"Organization","@id":"https:\/\/www.colegionewman.org\/#organization","name":"Colegio Internacional J.H. Newman","alternateName":"Colegio Newman","url":"https:\/\/www.colegionewman.org\/","logo":{"@type":"ImageObject","inLanguage":"es","@id":"https:\/\/www.colegionewman.org\/#\/schema\/logo\/image\/","url":"https:\/\/www.colegionewman.org\/wp-content\/uploads\/logo_mini_newman_Mesa-de-trabajo-1.png","contentUrl":"https:\/\/www.colegionewman.org\/wp-content\/uploads\/logo_mini_newman_Mesa-de-trabajo-1.png","width":750,"height":750,"caption":"Colegio Internacional J.H. Newman"},"image":{"@id":"https:\/\/www.colegionewman.org\/#\/schema\/logo\/image\/"},"sameAs":["https:\/\/www.instagram.com\/colegiojhnewman\/","https:\/\/www.youtube.com\/channel\/UCUEVCANGRsznbp-DRfSrexw","https:\/\/www.linkedin.com\/company\/colegio-internacional-jh-newman"]},{"@type":"Person","@id":"https:\/\/www.colegionewman.org\/#\/schema\/person\/2799c0d82b571b9f7abb79410090fab8","name":"comunicacionnewman","image":{"@type":"ImageObject","inLanguage":"es","@id":"https:\/\/secure.gravatar.com\/avatar\/d27069ebe1333a06be57ea6fc363509158ffbff50e35630dc631005391d81c95?s=96&d=mm&r=g","url":"https:\/\/secure.gravatar.com\/avatar\/d27069ebe1333a06be57ea6fc363509158ffbff50e35630dc631005391d81c95?s=96&d=mm&r=g","contentUrl":"https:\/\/secure.gravatar.com\/avatar\/d27069ebe1333a06be57ea6fc363509158ffbff50e35630dc631005391d81c95?s=96&d=mm&r=g","caption":"comunicacionnewman"},"url":"https:\/\/www.colegionewman.org\/es_es\/author\/comunicacionnewman\/"}]}},"_links":{"self":[{"href":"https:\/\/www.colegionewman.org\/es_es\/wp-json\/wp\/v2\/posts\/27165","targetHints":{"allow":["GET"]}}],"collection":[{"href":"https:\/\/www.colegionewman.org\/es_es\/wp-json\/wp\/v2\/posts"}],"about":[{"href":"https:\/\/www.colegionewman.org\/es_es\/wp-json\/wp\/v2\/types\/post"}],"author":[{"embeddable":true,"href":"https:\/\/www.colegionewman.org\/es_es\/wp-json\/wp\/v2\/users\/2"}],"replies":[{"embeddable":true,"href":"https:\/\/www.colegionewman.org\/es_es\/wp-json\/wp\/v2\/comments?post=27165"}],"version-history":[{"count":0,"href":"https:\/\/www.colegionewman.org\/es_es\/wp-json\/wp\/v2\/posts\/27165\/revisions"}],"wp:featuredmedia":[{"embeddable":true,"href":"https:\/\/www.colegionewman.org\/es_es\/wp-json\/"}],"wp:attachment":[{"href":"https:\/\/www.colegionewman.org\/es_es\/wp-json\/wp\/v2\/media?parent=27165"}],"wp:term":[{"taxonomy":"category","embeddable":true,"href":"https:\/\/www.colegionewman.org\/es_es\/wp-json\/wp\/v2\/categories?post=27165"},{"taxonomy":"post_tag","embeddable":true,"href":"https:\/\/www.colegionewman.org\/es_es\/wp-json\/wp\/v2\/tags?post=27165"}],"curies":[{"name":"wp","href":"https:\/\/api.w.org\/{rel}","templated":true}]}}