{"id":27077,"date":"2023-02-17T10:16:16","date_gmt":"2023-02-17T09:16:16","guid":{"rendered":"https:\/\/www.colegionewman.org\/?p=27077"},"modified":"2023-02-17T10:16:16","modified_gmt":"2023-02-17T09:16:16","slug":"el-departamento-de-arte-del-newman-participa-en-el-proyecto-paisaje-de-la-luz","status":"publish","type":"post","link":"https:\/\/www.colegionewman.org\/es_es\/el-departamento-de-arte-del-newman-participa-en-el-proyecto-paisaje-de-la-luz\/","title":{"rendered":"El Departamento de Arte del Newman participa en el proyecto \u201cPaisaje de la Luz\u201d"},"content":{"rendered":"<p>El Departamento de Arte del Colegio Newman ha sido invitado a presentar el proyecto desarrollado con los alumnos de 2\u00ba del Bachillerato de Artes en la 2\u00ba Jornada promovida por el equipo del proyecto \u201cPaisaje de la Luz\u201d ( grupo de educaci\u00f3n patrimonial). Dicho encuentro contaba con la presencia de representantes de la UNESCO, Ayuntamiento de Madrid, Universidades, museos, centros culturales y directores y profesores de diferentes colegios de la capital. El proyecto de nuestro colegio tiene que ver con uno de los bienes declarados patrimonios culturales de la humanidad, \u201cLa Rosaleda del Retiro\u201d y fue muy elogiado adem\u00e1s de recibir una invitaci\u00f3n para montar una exposici\u00f3n de los trabajos de los alumnos en una de las salas del propio Parque del Retiro.<\/p>\n<p><img loading=\"lazy\" decoding=\"async\" class=\"alignnone size-full wp-image-27072\" src=\"https:\/\/www.colegionewman.org\/wp-content\/uploads\/2023\/02\/COLEGIO-NEWMAN-4-2.jpg\" alt=\"\" width=\"2000\" height=\"1000\" \/> <img loading=\"lazy\" decoding=\"async\" class=\"alignnone size-full wp-image-27071\" src=\"https:\/\/www.colegionewman.org\/wp-content\/uploads\/2023\/02\/COLEGIO-NEWMAN-3-2.jpg\" alt=\"\" width=\"2000\" height=\"1000\" \/> <img loading=\"lazy\" decoding=\"async\" class=\"alignnone size-full wp-image-27070\" src=\"https:\/\/www.colegionewman.org\/wp-content\/uploads\/2023\/02\/COLEGIO-NEWMAN-2-3.jpg\" alt=\"\" width=\"2000\" height=\"1000\" \/><\/p>\n","protected":false},"excerpt":{"rendered":"<p>El Departamento de Arte del Colegio Newman ha sido invitado a presentar el proyecto desarrollado con los alumnos de 2\u00ba del Bachillerato de Artes en la 2\u00ba Jornada promovida por el equipo del proyecto \u201cPaisaje de la Luz\u201d ( grupo de educaci\u00f3n patrimonial). Dicho encuentro contaba con la presencia de representantes de la UNESCO, Ayuntamiento [&hellip;]<\/p>\n","protected":false},"author":2,"featured_media":27069,"comment_status":"open","ping_status":"open","sticky":false,"template":"","format":"standard","meta":{"footnotes":""},"categories":[87],"tags":[273,1306,26,1307,1019],"class_list":["post-27077","post","type-post","status-publish","format-standard","has-post-thumbnail","hentry","category-noticias","tag-ayuntamiento-de-madrid","tag-bachillerato-artes","tag-colegio-newman","tag-ministerio-de-cultura","tag-unesco"],"yoast_head":"<!-- This site is optimized with the Yoast SEO plugin v27.3 - https:\/\/yoast.com\/product\/yoast-seo-wordpress\/ -->\n<title>El Newman participa en el proyecto Paisaje de la Luz<\/title>\n<meta name=\"description\" content=\"El Colegio Newman participa en el proyecto art\u00edstico Paisaje de la Luz.\" \/>\n<meta name=\"robots\" content=\"index, follow, max-snippet:-1, max-image-preview:large, max-video-preview:-1\" \/>\n<link rel=\"canonical\" href=\"https:\/\/www.colegionewman.org\/es_es\/el-departamento-de-arte-del-newman-participa-en-el-proyecto-paisaje-de-la-luz\/\" \/>\n<meta property=\"og:locale\" content=\"es_ES\" \/>\n<meta property=\"og:type\" content=\"article\" \/>\n<meta property=\"og:title\" content=\"El Newman participa en el proyecto Paisaje de la Luz\" \/>\n<meta property=\"og:description\" content=\"El Colegio Newman participa en el proyecto art\u00edstico Paisaje de la Luz.\" \/>\n<meta property=\"og:url\" content=\"https:\/\/www.colegionewman.org\/es_es\/el-departamento-de-arte-del-newman-participa-en-el-proyecto-paisaje-de-la-luz\/\" \/>\n<meta property=\"og:site_name\" content=\"Colegio Internacional J.H. Newman\" \/>\n<meta property=\"article:published_time\" content=\"2023-02-17T09:16:16+00:00\" \/>\n<meta property=\"og:image\" content=\"https:\/\/www.colegionewman.org\/wp-content\/uploads\/Logo-Newman-1.png\" \/>\n\t<meta property=\"og:image:width\" content=\"3385\" \/>\n\t<meta property=\"og:image:height\" content=\"1509\" \/>\n\t<meta property=\"og:image:type\" content=\"image\/png\" \/>\n<meta name=\"author\" content=\"comunicacionnewman\" \/>\n<meta name=\"twitter:card\" content=\"summary_large_image\" \/>\n<meta name=\"twitter:label1\" content=\"Escrito por\" \/>\n\t<meta name=\"twitter:data1\" content=\"comunicacionnewman\" \/>\n\t<meta name=\"twitter:label2\" content=\"Tiempo de lectura\" \/>\n\t<meta name=\"twitter:data2\" content=\"2 minutos\" \/>\n<script type=\"application\/ld+json\" class=\"yoast-schema-graph\">{\"@context\":\"https:\\\/\\\/schema.org\",\"@graph\":[{\"@type\":\"Article\",\"@id\":\"https:\\\/\\\/www.colegionewman.org\\\/el-departamento-de-arte-del-newman-participa-en-el-proyecto-paisaje-de-la-luz\\\/#article\",\"isPartOf\":{\"@id\":\"https:\\\/\\\/www.colegionewman.org\\\/el-departamento-de-arte-del-newman-participa-en-el-proyecto-paisaje-de-la-luz\\\/\"},\"author\":{\"name\":\"comunicacionnewman\",\"@id\":\"https:\\\/\\\/www.colegionewman.org\\\/#\\\/schema\\\/person\\\/2799c0d82b571b9f7abb79410090fab8\"},\"headline\":\"El Departamento de Arte del Newman participa en el proyecto \u201cPaisaje de la Luz\u201d\",\"datePublished\":\"2023-02-17T09:16:16+00:00\",\"mainEntityOfPage\":{\"@id\":\"https:\\\/\\\/www.colegionewman.org\\\/el-departamento-de-arte-del-newman-participa-en-el-proyecto-paisaje-de-la-luz\\\/\"},\"wordCount\":138,\"commentCount\":0,\"publisher\":{\"@id\":\"https:\\\/\\\/www.colegionewman.org\\\/#organization\"},\"image\":{\"@id\":\"https:\\\/\\\/www.colegionewman.org\\\/el-departamento-de-arte-del-newman-participa-en-el-proyecto-paisaje-de-la-luz\\\/#primaryimage\"},\"thumbnailUrl\":\"\",\"keywords\":[\"Ayuntamiento de Madrid\",\"bachillerato artes\",\"Colegio Newman\",\"ministerio de cultura\",\"Unesco\"],\"articleSection\":[\"Noticias\"],\"inLanguage\":\"es\",\"potentialAction\":[{\"@type\":\"CommentAction\",\"name\":\"Comment\",\"target\":[\"https:\\\/\\\/www.colegionewman.org\\\/el-departamento-de-arte-del-newman-participa-en-el-proyecto-paisaje-de-la-luz\\\/#respond\"]}]},{\"@type\":\"WebPage\",\"@id\":\"https:\\\/\\\/www.colegionewman.org\\\/el-departamento-de-arte-del-newman-participa-en-el-proyecto-paisaje-de-la-luz\\\/\",\"url\":\"https:\\\/\\\/www.colegionewman.org\\\/el-departamento-de-arte-del-newman-participa-en-el-proyecto-paisaje-de-la-luz\\\/\",\"name\":\"El Newman participa en el proyecto Paisaje de la Luz\",\"isPartOf\":{\"@id\":\"https:\\\/\\\/www.colegionewman.org\\\/#website\"},\"primaryImageOfPage\":{\"@id\":\"https:\\\/\\\/www.colegionewman.org\\\/el-departamento-de-arte-del-newman-participa-en-el-proyecto-paisaje-de-la-luz\\\/#primaryimage\"},\"image\":{\"@id\":\"https:\\\/\\\/www.colegionewman.org\\\/el-departamento-de-arte-del-newman-participa-en-el-proyecto-paisaje-de-la-luz\\\/#primaryimage\"},\"thumbnailUrl\":\"\",\"datePublished\":\"2023-02-17T09:16:16+00:00\",\"description\":\"El Colegio Newman participa en el proyecto art\u00edstico Paisaje de la Luz.\",\"breadcrumb\":{\"@id\":\"https:\\\/\\\/www.colegionewman.org\\\/el-departamento-de-arte-del-newman-participa-en-el-proyecto-paisaje-de-la-luz\\\/#breadcrumb\"},\"inLanguage\":\"es\",\"potentialAction\":[{\"@type\":\"ReadAction\",\"target\":[\"https:\\\/\\\/www.colegionewman.org\\\/el-departamento-de-arte-del-newman-participa-en-el-proyecto-paisaje-de-la-luz\\\/\"]}]},{\"@type\":\"ImageObject\",\"inLanguage\":\"es\",\"@id\":\"https:\\\/\\\/www.colegionewman.org\\\/el-departamento-de-arte-del-newman-participa-en-el-proyecto-paisaje-de-la-luz\\\/#primaryimage\",\"url\":\"\",\"contentUrl\":\"\"},{\"@type\":\"BreadcrumbList\",\"@id\":\"https:\\\/\\\/www.colegionewman.org\\\/el-departamento-de-arte-del-newman-participa-en-el-proyecto-paisaje-de-la-luz\\\/#breadcrumb\",\"itemListElement\":[{\"@type\":\"ListItem\",\"position\":1,\"name\":\"Portada\",\"item\":\"https:\\\/\\\/www.colegionewman.org\\\/\"},{\"@type\":\"ListItem\",\"position\":2,\"name\":\"El Departamento de Arte del Newman participa en el proyecto \u201cPaisaje de la Luz\u201d\"}]},{\"@type\":\"WebSite\",\"@id\":\"https:\\\/\\\/www.colegionewman.org\\\/#website\",\"url\":\"https:\\\/\\\/www.colegionewman.org\\\/\",\"name\":\"Colegio Internacional J.H. Newman\",\"description\":\"Un colegio que te abre al mundo\",\"publisher\":{\"@id\":\"https:\\\/\\\/www.colegionewman.org\\\/#organization\"},\"alternateName\":\"Colegio Newman\",\"potentialAction\":[{\"@type\":\"SearchAction\",\"target\":{\"@type\":\"EntryPoint\",\"urlTemplate\":\"https:\\\/\\\/www.colegionewman.org\\\/?s={search_term_string}\"},\"query-input\":{\"@type\":\"PropertyValueSpecification\",\"valueRequired\":true,\"valueName\":\"search_term_string\"}}],\"inLanguage\":\"es\"},{\"@type\":\"Organization\",\"@id\":\"https:\\\/\\\/www.colegionewman.org\\\/#organization\",\"name\":\"Colegio Internacional J.H. Newman\",\"alternateName\":\"Colegio Newman\",\"url\":\"https:\\\/\\\/www.colegionewman.org\\\/\",\"logo\":{\"@type\":\"ImageObject\",\"inLanguage\":\"es\",\"@id\":\"https:\\\/\\\/www.colegionewman.org\\\/#\\\/schema\\\/logo\\\/image\\\/\",\"url\":\"https:\\\/\\\/www.colegionewman.org\\\/wp-content\\\/uploads\\\/logo_mini_newman_Mesa-de-trabajo-1.png\",\"contentUrl\":\"https:\\\/\\\/www.colegionewman.org\\\/wp-content\\\/uploads\\\/logo_mini_newman_Mesa-de-trabajo-1.png\",\"width\":750,\"height\":750,\"caption\":\"Colegio Internacional J.H. Newman\"},\"image\":{\"@id\":\"https:\\\/\\\/www.colegionewman.org\\\/#\\\/schema\\\/logo\\\/image\\\/\"},\"sameAs\":[\"https:\\\/\\\/www.instagram.com\\\/colegiojhnewman\\\/\",\"https:\\\/\\\/www.youtube.com\\\/channel\\\/UCUEVCANGRsznbp-DRfSrexw\",\"https:\\\/\\\/www.linkedin.com\\\/company\\\/colegio-internacional-jh-newman\"]},{\"@type\":\"Person\",\"@id\":\"https:\\\/\\\/www.colegionewman.org\\\/#\\\/schema\\\/person\\\/2799c0d82b571b9f7abb79410090fab8\",\"name\":\"comunicacionnewman\",\"image\":{\"@type\":\"ImageObject\",\"inLanguage\":\"es\",\"@id\":\"https:\\\/\\\/secure.gravatar.com\\\/avatar\\\/d27069ebe1333a06be57ea6fc363509158ffbff50e35630dc631005391d81c95?s=96&d=mm&r=g\",\"url\":\"https:\\\/\\\/secure.gravatar.com\\\/avatar\\\/d27069ebe1333a06be57ea6fc363509158ffbff50e35630dc631005391d81c95?s=96&d=mm&r=g\",\"contentUrl\":\"https:\\\/\\\/secure.gravatar.com\\\/avatar\\\/d27069ebe1333a06be57ea6fc363509158ffbff50e35630dc631005391d81c95?s=96&d=mm&r=g\",\"caption\":\"comunicacionnewman\"},\"url\":\"https:\\\/\\\/www.colegionewman.org\\\/es_es\\\/author\\\/comunicacionnewman\\\/\"}]}<\/script>\n<!-- \/ Yoast SEO plugin. -->","yoast_head_json":{"title":"El Newman participa en el proyecto Paisaje de la Luz","description":"El Colegio Newman participa en el proyecto art\u00edstico Paisaje de la Luz.","robots":{"index":"index","follow":"follow","max-snippet":"max-snippet:-1","max-image-preview":"max-image-preview:large","max-video-preview":"max-video-preview:-1"},"canonical":"https:\/\/www.colegionewman.org\/es_es\/el-departamento-de-arte-del-newman-participa-en-el-proyecto-paisaje-de-la-luz\/","og_locale":"es_ES","og_type":"article","og_title":"El Newman participa en el proyecto Paisaje de la Luz","og_description":"El Colegio Newman participa en el proyecto art\u00edstico Paisaje de la Luz.","og_url":"https:\/\/www.colegionewman.org\/es_es\/el-departamento-de-arte-del-newman-participa-en-el-proyecto-paisaje-de-la-luz\/","og_site_name":"Colegio Internacional J.H. Newman","article_published_time":"2023-02-17T09:16:16+00:00","og_image":[{"width":3385,"height":1509,"url":"https:\/\/www.colegionewman.org\/wp-content\/uploads\/Logo-Newman-1.png","type":"image\/png"}],"author":"comunicacionnewman","twitter_card":"summary_large_image","twitter_misc":{"Escrito por":"comunicacionnewman","Tiempo de lectura":"2 minutos"},"schema":{"@context":"https:\/\/schema.org","@graph":[{"@type":"Article","@id":"https:\/\/www.colegionewman.org\/el-departamento-de-arte-del-newman-participa-en-el-proyecto-paisaje-de-la-luz\/#article","isPartOf":{"@id":"https:\/\/www.colegionewman.org\/el-departamento-de-arte-del-newman-participa-en-el-proyecto-paisaje-de-la-luz\/"},"author":{"name":"comunicacionnewman","@id":"https:\/\/www.colegionewman.org\/#\/schema\/person\/2799c0d82b571b9f7abb79410090fab8"},"headline":"El Departamento de Arte del Newman participa en el proyecto \u201cPaisaje de la Luz\u201d","datePublished":"2023-02-17T09:16:16+00:00","mainEntityOfPage":{"@id":"https:\/\/www.colegionewman.org\/el-departamento-de-arte-del-newman-participa-en-el-proyecto-paisaje-de-la-luz\/"},"wordCount":138,"commentCount":0,"publisher":{"@id":"https:\/\/www.colegionewman.org\/#organization"},"image":{"@id":"https:\/\/www.colegionewman.org\/el-departamento-de-arte-del-newman-participa-en-el-proyecto-paisaje-de-la-luz\/#primaryimage"},"thumbnailUrl":"","keywords":["Ayuntamiento de Madrid","bachillerato artes","Colegio Newman","ministerio de cultura","Unesco"],"articleSection":["Noticias"],"inLanguage":"es","potentialAction":[{"@type":"CommentAction","name":"Comment","target":["https:\/\/www.colegionewman.org\/el-departamento-de-arte-del-newman-participa-en-el-proyecto-paisaje-de-la-luz\/#respond"]}]},{"@type":"WebPage","@id":"https:\/\/www.colegionewman.org\/el-departamento-de-arte-del-newman-participa-en-el-proyecto-paisaje-de-la-luz\/","url":"https:\/\/www.colegionewman.org\/el-departamento-de-arte-del-newman-participa-en-el-proyecto-paisaje-de-la-luz\/","name":"El Newman participa en el proyecto Paisaje de la Luz","isPartOf":{"@id":"https:\/\/www.colegionewman.org\/#website"},"primaryImageOfPage":{"@id":"https:\/\/www.colegionewman.org\/el-departamento-de-arte-del-newman-participa-en-el-proyecto-paisaje-de-la-luz\/#primaryimage"},"image":{"@id":"https:\/\/www.colegionewman.org\/el-departamento-de-arte-del-newman-participa-en-el-proyecto-paisaje-de-la-luz\/#primaryimage"},"thumbnailUrl":"","datePublished":"2023-02-17T09:16:16+00:00","description":"El Colegio Newman participa en el proyecto art\u00edstico Paisaje de la Luz.","breadcrumb":{"@id":"https:\/\/www.colegionewman.org\/el-departamento-de-arte-del-newman-participa-en-el-proyecto-paisaje-de-la-luz\/#breadcrumb"},"inLanguage":"es","potentialAction":[{"@type":"ReadAction","target":["https:\/\/www.colegionewman.org\/el-departamento-de-arte-del-newman-participa-en-el-proyecto-paisaje-de-la-luz\/"]}]},{"@type":"ImageObject","inLanguage":"es","@id":"https:\/\/www.colegionewman.org\/el-departamento-de-arte-del-newman-participa-en-el-proyecto-paisaje-de-la-luz\/#primaryimage","url":"","contentUrl":""},{"@type":"BreadcrumbList","@id":"https:\/\/www.colegionewman.org\/el-departamento-de-arte-del-newman-participa-en-el-proyecto-paisaje-de-la-luz\/#breadcrumb","itemListElement":[{"@type":"ListItem","position":1,"name":"Portada","item":"https:\/\/www.colegionewman.org\/"},{"@type":"ListItem","position":2,"name":"El Departamento de Arte del Newman participa en el proyecto \u201cPaisaje de la Luz\u201d"}]},{"@type":"WebSite","@id":"https:\/\/www.colegionewman.org\/#website","url":"https:\/\/www.colegionewman.org\/","name":"Colegio Internacional J.H. Newman","description":"Un colegio que te abre al mundo","publisher":{"@id":"https:\/\/www.colegionewman.org\/#organization"},"alternateName":"Colegio Newman","potentialAction":[{"@type":"SearchAction","target":{"@type":"EntryPoint","urlTemplate":"https:\/\/www.colegionewman.org\/?s={search_term_string}"},"query-input":{"@type":"PropertyValueSpecification","valueRequired":true,"valueName":"search_term_string"}}],"inLanguage":"es"},{"@type":"Organization","@id":"https:\/\/www.colegionewman.org\/#organization","name":"Colegio Internacional J.H. Newman","alternateName":"Colegio Newman","url":"https:\/\/www.colegionewman.org\/","logo":{"@type":"ImageObject","inLanguage":"es","@id":"https:\/\/www.colegionewman.org\/#\/schema\/logo\/image\/","url":"https:\/\/www.colegionewman.org\/wp-content\/uploads\/logo_mini_newman_Mesa-de-trabajo-1.png","contentUrl":"https:\/\/www.colegionewman.org\/wp-content\/uploads\/logo_mini_newman_Mesa-de-trabajo-1.png","width":750,"height":750,"caption":"Colegio Internacional J.H. Newman"},"image":{"@id":"https:\/\/www.colegionewman.org\/#\/schema\/logo\/image\/"},"sameAs":["https:\/\/www.instagram.com\/colegiojhnewman\/","https:\/\/www.youtube.com\/channel\/UCUEVCANGRsznbp-DRfSrexw","https:\/\/www.linkedin.com\/company\/colegio-internacional-jh-newman"]},{"@type":"Person","@id":"https:\/\/www.colegionewman.org\/#\/schema\/person\/2799c0d82b571b9f7abb79410090fab8","name":"comunicacionnewman","image":{"@type":"ImageObject","inLanguage":"es","@id":"https:\/\/secure.gravatar.com\/avatar\/d27069ebe1333a06be57ea6fc363509158ffbff50e35630dc631005391d81c95?s=96&d=mm&r=g","url":"https:\/\/secure.gravatar.com\/avatar\/d27069ebe1333a06be57ea6fc363509158ffbff50e35630dc631005391d81c95?s=96&d=mm&r=g","contentUrl":"https:\/\/secure.gravatar.com\/avatar\/d27069ebe1333a06be57ea6fc363509158ffbff50e35630dc631005391d81c95?s=96&d=mm&r=g","caption":"comunicacionnewman"},"url":"https:\/\/www.colegionewman.org\/es_es\/author\/comunicacionnewman\/"}]}},"_links":{"self":[{"href":"https:\/\/www.colegionewman.org\/es_es\/wp-json\/wp\/v2\/posts\/27077","targetHints":{"allow":["GET"]}}],"collection":[{"href":"https:\/\/www.colegionewman.org\/es_es\/wp-json\/wp\/v2\/posts"}],"about":[{"href":"https:\/\/www.colegionewman.org\/es_es\/wp-json\/wp\/v2\/types\/post"}],"author":[{"embeddable":true,"href":"https:\/\/www.colegionewman.org\/es_es\/wp-json\/wp\/v2\/users\/2"}],"replies":[{"embeddable":true,"href":"https:\/\/www.colegionewman.org\/es_es\/wp-json\/wp\/v2\/comments?post=27077"}],"version-history":[{"count":0,"href":"https:\/\/www.colegionewman.org\/es_es\/wp-json\/wp\/v2\/posts\/27077\/revisions"}],"wp:featuredmedia":[{"embeddable":true,"href":"https:\/\/www.colegionewman.org\/es_es\/wp-json\/"}],"wp:attachment":[{"href":"https:\/\/www.colegionewman.org\/es_es\/wp-json\/wp\/v2\/media?parent=27077"}],"wp:term":[{"taxonomy":"category","embeddable":true,"href":"https:\/\/www.colegionewman.org\/es_es\/wp-json\/wp\/v2\/categories?post=27077"},{"taxonomy":"post_tag","embeddable":true,"href":"https:\/\/www.colegionewman.org\/es_es\/wp-json\/wp\/v2\/tags?post=27077"}],"curies":[{"name":"wp","href":"https:\/\/api.w.org\/{rel}","templated":true}]}}