{"id":26704,"date":"2022-12-15T09:17:18","date_gmt":"2022-12-15T08:17:18","guid":{"rendered":"https:\/\/www.colegionewman.org\/?p=26704"},"modified":"2022-12-15T09:17:18","modified_gmt":"2022-12-15T08:17:18","slug":"alumnos-del-colegio-newman-realizan-una-inmersion-educativa-en-irlanda","status":"publish","type":"post","link":"https:\/\/www.colegionewman.org\/es_es\/alumnos-del-colegio-newman-realizan-una-inmersion-educativa-en-irlanda\/","title":{"rendered":"Alumnos del Colegio Newman realizan una inmersi\u00f3n educativa en Irlanda"},"content":{"rendered":"<div id=\"title\" class=\"style-scope ytd-watch-metadata\">\n<div><span class=\"gmail_default\">El pasado mes de noviembre cerramos la primera edici\u00f3n de un programa de estancia e inmersi\u00f3n de estudio -trimestral- en Irlanda. Se trata de una iniciativa que pensamos para nuestros alumnos de 3\u00ba y 4\u00ba de la ESO. Las familias y los alumnos manifestaron mucho inter\u00e9s por esta iniciativa y, finalmente, participaron 8 alumnos de 3\u00ba y 4 de 4\u00ba.<\/span><\/div>\n<div>\n<div class=\"gmail_default\">Blanca Bouza S\u00e1nchez de Oca\u00f1a, Blanca Cama\u00f1o S\u00e1ez de Ibarra, Pablo Gavilanes Baeza, Marta Queipo de Llano, Mar\u00eda Santos Hern\u00e1ndez, Luc\u00eda Seldas Ortiz, Mar\u00eda Tejerina Horcajo y Carlota Vallejo S\u00e1nchez, de 3\u00ba y Luc\u00eda Bengoechea S\u00e1nchez, Jaime Gonz\u00e1lez Puelles y Maya Rosales Quintela, de 4\u00ba regresaron ya a nuestras aulas. El Newman sigue teniendo una representaci\u00f3n ah\u00ed, en Irlanda, con Mauro Nasarre Bl\u00e1zquez, que se quedar\u00e1 hasta final de curso y a quien saludamos desde aqu\u00ed. Queremos felicitar a estos alumnos por su madurez y sentido de adaptaci\u00f3n. Experiencias de este tipo enriquecen no s\u00f3lo a nivel acad\u00e9mico sino, sobre todo, a nivel personal. Estos alumnos han podido mejorar su nivel de ingl\u00e9s y han tenido que adaptarse a una realidad nueva, distinta, lejos de su familia y de sus amigos se han puesto en juego y han vuelto con una maleta llena de nuevas experiencias y amistades y han sido los primeros embajadores Newman en Irlanda \u00a1Enhorabuena!<\/div>\n<\/div>\n<div class='avia-iframe-wrap'><iframe loading=\"lazy\" title=\"Alumnos del Colegio Newman realizan una inmersi\u00f3n educativa en Irlanda\" width=\"1500\" height=\"844\" src=\"https:\/\/www.youtube.com\/embed\/FL-DZ0TXVVM?feature=oembed\" frameborder=\"0\" allow=\"accelerometer; autoplay; clipboard-write; encrypted-media; gyroscope; picture-in-picture; web-share\" allowfullscreen><\/iframe><\/div>\n<\/div>\n<div id=\"top-row\" class=\"style-scope ytd-watch-metadata\">\n<div id=\"owner\" class=\"item style-scope ytd-watch-metadata\"><\/div>\n<\/div>\n","protected":false},"excerpt":{"rendered":"<p>El pasado mes de noviembre cerramos la primera edici\u00f3n de un programa de estancia e inmersi\u00f3n de estudio -trimestral- en Irlanda. Se trata de una iniciativa que pensamos para nuestros alumnos de 3\u00ba y 4\u00ba de la ESO. Las familias y los alumnos manifestaron mucho inter\u00e9s por esta iniciativa y, finalmente, participaron 8 alumnos de [&hellip;]<\/p>\n","protected":false},"author":2,"featured_media":26705,"comment_status":"open","ping_status":"open","sticky":false,"template":"","format":"standard","meta":{"footnotes":""},"categories":[72,47,87,249,16],"tags":[536,26,31,1273],"class_list":["post-26704","post","type-post","status-publish","format-standard","has-post-thumbnail","hentry","category-colegio","category-eventos","category-noticias","category-prensa","category-secundaria","tag-bilinguismo","tag-colegio-newman","tag-ingles","tag-irlanda"],"yoast_head":"<!-- This site is optimized with the Yoast SEO plugin v27.5 - https:\/\/yoast.com\/product\/yoast-seo-wordpress\/ -->\n<title>Inmersi\u00f3n educativa en Irlanda para alumnos del Newman<\/title>\n<meta name=\"description\" content=\"Alumnos del colegio internacional madrid realizan una inmersi\u00f3n educativa en Irlanda.\" \/>\n<meta name=\"robots\" content=\"index, follow, max-snippet:-1, max-image-preview:large, max-video-preview:-1\" \/>\n<link rel=\"canonical\" href=\"https:\/\/www.colegionewman.org\/es_es\/alumnos-del-colegio-newman-realizan-una-inmersion-educativa-en-irlanda\/\" \/>\n<meta property=\"og:locale\" content=\"es_ES\" \/>\n<meta property=\"og:type\" content=\"article\" \/>\n<meta property=\"og:title\" content=\"Inmersi\u00f3n educativa en Irlanda para alumnos del Newman\" \/>\n<meta property=\"og:description\" content=\"Alumnos del colegio internacional madrid realizan una inmersi\u00f3n educativa en Irlanda.\" \/>\n<meta property=\"og:url\" content=\"https:\/\/www.colegionewman.org\/es_es\/alumnos-del-colegio-newman-realizan-una-inmersion-educativa-en-irlanda\/\" \/>\n<meta property=\"og:site_name\" content=\"Colegio Internacional J.H. Newman\" \/>\n<meta property=\"article:published_time\" content=\"2022-12-15T08:17:18+00:00\" \/>\n<meta property=\"og:image\" content=\"https:\/\/www.colegionewman.org\/wp-content\/uploads\/Logo-Newman-1.png\" \/>\n\t<meta property=\"og:image:width\" content=\"3385\" \/>\n\t<meta property=\"og:image:height\" content=\"1509\" \/>\n\t<meta property=\"og:image:type\" content=\"image\/png\" \/>\n<meta name=\"author\" content=\"comunicacionnewman\" \/>\n<meta name=\"twitter:card\" content=\"summary_large_image\" \/>\n<meta name=\"twitter:label1\" content=\"Escrito por\" \/>\n\t<meta name=\"twitter:data1\" content=\"comunicacionnewman\" \/>\n\t<meta name=\"twitter:label2\" content=\"Tiempo de lectura\" \/>\n\t<meta name=\"twitter:data2\" content=\"2 minutos\" \/>\n<script type=\"application\/ld+json\" class=\"yoast-schema-graph\">{\"@context\":\"https:\\\/\\\/schema.org\",\"@graph\":[{\"@type\":\"Article\",\"@id\":\"https:\\\/\\\/www.colegionewman.org\\\/alumnos-del-colegio-newman-realizan-una-inmersion-educativa-en-irlanda\\\/#article\",\"isPartOf\":{\"@id\":\"https:\\\/\\\/www.colegionewman.org\\\/alumnos-del-colegio-newman-realizan-una-inmersion-educativa-en-irlanda\\\/\"},\"author\":{\"name\":\"comunicacionnewman\",\"@id\":\"https:\\\/\\\/www.colegionewman.org\\\/#\\\/schema\\\/person\\\/2799c0d82b571b9f7abb79410090fab8\"},\"headline\":\"Alumnos del Colegio Newman realizan una inmersi\u00f3n educativa en Irlanda\",\"datePublished\":\"2022-12-15T08:17:18+00:00\",\"mainEntityOfPage\":{\"@id\":\"https:\\\/\\\/www.colegionewman.org\\\/alumnos-del-colegio-newman-realizan-una-inmersion-educativa-en-irlanda\\\/\"},\"wordCount\":252,\"commentCount\":0,\"publisher\":{\"@id\":\"https:\\\/\\\/www.colegionewman.org\\\/#organization\"},\"image\":{\"@id\":\"https:\\\/\\\/www.colegionewman.org\\\/alumnos-del-colegio-newman-realizan-una-inmersion-educativa-en-irlanda\\\/#primaryimage\"},\"thumbnailUrl\":\"\",\"keywords\":[\"Biling\u00fcismo\",\"Colegio Newman\",\"ingl\u00e9s\",\"irlanda\"],\"articleSection\":[\"Colegio\",\"Eventos\",\"Noticias\",\"Prensa\",\"Secundaria\"],\"inLanguage\":\"es\",\"potentialAction\":[{\"@type\":\"CommentAction\",\"name\":\"Comment\",\"target\":[\"https:\\\/\\\/www.colegionewman.org\\\/alumnos-del-colegio-newman-realizan-una-inmersion-educativa-en-irlanda\\\/#respond\"]}]},{\"@type\":\"WebPage\",\"@id\":\"https:\\\/\\\/www.colegionewman.org\\\/alumnos-del-colegio-newman-realizan-una-inmersion-educativa-en-irlanda\\\/\",\"url\":\"https:\\\/\\\/www.colegionewman.org\\\/alumnos-del-colegio-newman-realizan-una-inmersion-educativa-en-irlanda\\\/\",\"name\":\"Inmersi\u00f3n educativa en Irlanda para alumnos del Newman\",\"isPartOf\":{\"@id\":\"https:\\\/\\\/www.colegionewman.org\\\/#website\"},\"primaryImageOfPage\":{\"@id\":\"https:\\\/\\\/www.colegionewman.org\\\/alumnos-del-colegio-newman-realizan-una-inmersion-educativa-en-irlanda\\\/#primaryimage\"},\"image\":{\"@id\":\"https:\\\/\\\/www.colegionewman.org\\\/alumnos-del-colegio-newman-realizan-una-inmersion-educativa-en-irlanda\\\/#primaryimage\"},\"thumbnailUrl\":\"\",\"datePublished\":\"2022-12-15T08:17:18+00:00\",\"description\":\"Alumnos del colegio internacional madrid realizan una inmersi\u00f3n educativa en Irlanda.\",\"breadcrumb\":{\"@id\":\"https:\\\/\\\/www.colegionewman.org\\\/alumnos-del-colegio-newman-realizan-una-inmersion-educativa-en-irlanda\\\/#breadcrumb\"},\"inLanguage\":\"es\",\"potentialAction\":[{\"@type\":\"ReadAction\",\"target\":[\"https:\\\/\\\/www.colegionewman.org\\\/alumnos-del-colegio-newman-realizan-una-inmersion-educativa-en-irlanda\\\/\"]}]},{\"@type\":\"ImageObject\",\"inLanguage\":\"es\",\"@id\":\"https:\\\/\\\/www.colegionewman.org\\\/alumnos-del-colegio-newman-realizan-una-inmersion-educativa-en-irlanda\\\/#primaryimage\",\"url\":\"\",\"contentUrl\":\"\"},{\"@type\":\"BreadcrumbList\",\"@id\":\"https:\\\/\\\/www.colegionewman.org\\\/alumnos-del-colegio-newman-realizan-una-inmersion-educativa-en-irlanda\\\/#breadcrumb\",\"itemListElement\":[{\"@type\":\"ListItem\",\"position\":1,\"name\":\"Portada\",\"item\":\"https:\\\/\\\/www.colegionewman.org\\\/\"},{\"@type\":\"ListItem\",\"position\":2,\"name\":\"Alumnos del Colegio Newman realizan una inmersi\u00f3n educativa en Irlanda\"}]},{\"@type\":\"WebSite\",\"@id\":\"https:\\\/\\\/www.colegionewman.org\\\/#website\",\"url\":\"https:\\\/\\\/www.colegionewman.org\\\/\",\"name\":\"Colegio Internacional J.H. Newman\",\"description\":\"Un colegio que te abre al mundo\",\"publisher\":{\"@id\":\"https:\\\/\\\/www.colegionewman.org\\\/#organization\"},\"alternateName\":\"Colegio Newman\",\"potentialAction\":[{\"@type\":\"SearchAction\",\"target\":{\"@type\":\"EntryPoint\",\"urlTemplate\":\"https:\\\/\\\/www.colegionewman.org\\\/?s={search_term_string}\"},\"query-input\":{\"@type\":\"PropertyValueSpecification\",\"valueRequired\":true,\"valueName\":\"search_term_string\"}}],\"inLanguage\":\"es\"},{\"@type\":\"Organization\",\"@id\":\"https:\\\/\\\/www.colegionewman.org\\\/#organization\",\"name\":\"Colegio Internacional J.H. Newman\",\"alternateName\":\"Colegio Newman\",\"url\":\"https:\\\/\\\/www.colegionewman.org\\\/\",\"logo\":{\"@type\":\"ImageObject\",\"inLanguage\":\"es\",\"@id\":\"https:\\\/\\\/www.colegionewman.org\\\/#\\\/schema\\\/logo\\\/image\\\/\",\"url\":\"https:\\\/\\\/www.colegionewman.org\\\/wp-content\\\/uploads\\\/logo_mini_newman_Mesa-de-trabajo-1.png\",\"contentUrl\":\"https:\\\/\\\/www.colegionewman.org\\\/wp-content\\\/uploads\\\/logo_mini_newman_Mesa-de-trabajo-1.png\",\"width\":750,\"height\":750,\"caption\":\"Colegio Internacional J.H. Newman\"},\"image\":{\"@id\":\"https:\\\/\\\/www.colegionewman.org\\\/#\\\/schema\\\/logo\\\/image\\\/\"},\"sameAs\":[\"https:\\\/\\\/www.instagram.com\\\/colegiojhnewman\\\/\",\"https:\\\/\\\/www.youtube.com\\\/channel\\\/UCUEVCANGRsznbp-DRfSrexw\",\"https:\\\/\\\/www.linkedin.com\\\/company\\\/colegio-internacional-jh-newman\"]},{\"@type\":\"Person\",\"@id\":\"https:\\\/\\\/www.colegionewman.org\\\/#\\\/schema\\\/person\\\/2799c0d82b571b9f7abb79410090fab8\",\"name\":\"comunicacionnewman\",\"image\":{\"@type\":\"ImageObject\",\"inLanguage\":\"es\",\"@id\":\"https:\\\/\\\/secure.gravatar.com\\\/avatar\\\/d27069ebe1333a06be57ea6fc363509158ffbff50e35630dc631005391d81c95?s=96&d=mm&r=g\",\"url\":\"https:\\\/\\\/secure.gravatar.com\\\/avatar\\\/d27069ebe1333a06be57ea6fc363509158ffbff50e35630dc631005391d81c95?s=96&d=mm&r=g\",\"contentUrl\":\"https:\\\/\\\/secure.gravatar.com\\\/avatar\\\/d27069ebe1333a06be57ea6fc363509158ffbff50e35630dc631005391d81c95?s=96&d=mm&r=g\",\"caption\":\"comunicacionnewman\"},\"url\":\"https:\\\/\\\/www.colegionewman.org\\\/es_es\\\/author\\\/comunicacionnewman\\\/\"}]}<\/script>\n<!-- \/ Yoast SEO plugin. -->","yoast_head_json":{"title":"Inmersi\u00f3n educativa en Irlanda para alumnos del Newman","description":"Alumnos del colegio internacional madrid realizan una inmersi\u00f3n educativa en Irlanda.","robots":{"index":"index","follow":"follow","max-snippet":"max-snippet:-1","max-image-preview":"max-image-preview:large","max-video-preview":"max-video-preview:-1"},"canonical":"https:\/\/www.colegionewman.org\/es_es\/alumnos-del-colegio-newman-realizan-una-inmersion-educativa-en-irlanda\/","og_locale":"es_ES","og_type":"article","og_title":"Inmersi\u00f3n educativa en Irlanda para alumnos del Newman","og_description":"Alumnos del colegio internacional madrid realizan una inmersi\u00f3n educativa en Irlanda.","og_url":"https:\/\/www.colegionewman.org\/es_es\/alumnos-del-colegio-newman-realizan-una-inmersion-educativa-en-irlanda\/","og_site_name":"Colegio Internacional J.H. Newman","article_published_time":"2022-12-15T08:17:18+00:00","og_image":[{"width":3385,"height":1509,"url":"https:\/\/www.colegionewman.org\/wp-content\/uploads\/Logo-Newman-1.png","type":"image\/png"}],"author":"comunicacionnewman","twitter_card":"summary_large_image","twitter_misc":{"Escrito por":"comunicacionnewman","Tiempo de lectura":"2 minutos"},"schema":{"@context":"https:\/\/schema.org","@graph":[{"@type":"Article","@id":"https:\/\/www.colegionewman.org\/alumnos-del-colegio-newman-realizan-una-inmersion-educativa-en-irlanda\/#article","isPartOf":{"@id":"https:\/\/www.colegionewman.org\/alumnos-del-colegio-newman-realizan-una-inmersion-educativa-en-irlanda\/"},"author":{"name":"comunicacionnewman","@id":"https:\/\/www.colegionewman.org\/#\/schema\/person\/2799c0d82b571b9f7abb79410090fab8"},"headline":"Alumnos del Colegio Newman realizan una inmersi\u00f3n educativa en Irlanda","datePublished":"2022-12-15T08:17:18+00:00","mainEntityOfPage":{"@id":"https:\/\/www.colegionewman.org\/alumnos-del-colegio-newman-realizan-una-inmersion-educativa-en-irlanda\/"},"wordCount":252,"commentCount":0,"publisher":{"@id":"https:\/\/www.colegionewman.org\/#organization"},"image":{"@id":"https:\/\/www.colegionewman.org\/alumnos-del-colegio-newman-realizan-una-inmersion-educativa-en-irlanda\/#primaryimage"},"thumbnailUrl":"","keywords":["Biling\u00fcismo","Colegio Newman","ingl\u00e9s","irlanda"],"articleSection":["Colegio","Eventos","Noticias","Prensa","Secundaria"],"inLanguage":"es","potentialAction":[{"@type":"CommentAction","name":"Comment","target":["https:\/\/www.colegionewman.org\/alumnos-del-colegio-newman-realizan-una-inmersion-educativa-en-irlanda\/#respond"]}]},{"@type":"WebPage","@id":"https:\/\/www.colegionewman.org\/alumnos-del-colegio-newman-realizan-una-inmersion-educativa-en-irlanda\/","url":"https:\/\/www.colegionewman.org\/alumnos-del-colegio-newman-realizan-una-inmersion-educativa-en-irlanda\/","name":"Inmersi\u00f3n educativa en Irlanda para alumnos del Newman","isPartOf":{"@id":"https:\/\/www.colegionewman.org\/#website"},"primaryImageOfPage":{"@id":"https:\/\/www.colegionewman.org\/alumnos-del-colegio-newman-realizan-una-inmersion-educativa-en-irlanda\/#primaryimage"},"image":{"@id":"https:\/\/www.colegionewman.org\/alumnos-del-colegio-newman-realizan-una-inmersion-educativa-en-irlanda\/#primaryimage"},"thumbnailUrl":"","datePublished":"2022-12-15T08:17:18+00:00","description":"Alumnos del colegio internacional madrid realizan una inmersi\u00f3n educativa en Irlanda.","breadcrumb":{"@id":"https:\/\/www.colegionewman.org\/alumnos-del-colegio-newman-realizan-una-inmersion-educativa-en-irlanda\/#breadcrumb"},"inLanguage":"es","potentialAction":[{"@type":"ReadAction","target":["https:\/\/www.colegionewman.org\/alumnos-del-colegio-newman-realizan-una-inmersion-educativa-en-irlanda\/"]}]},{"@type":"ImageObject","inLanguage":"es","@id":"https:\/\/www.colegionewman.org\/alumnos-del-colegio-newman-realizan-una-inmersion-educativa-en-irlanda\/#primaryimage","url":"","contentUrl":""},{"@type":"BreadcrumbList","@id":"https:\/\/www.colegionewman.org\/alumnos-del-colegio-newman-realizan-una-inmersion-educativa-en-irlanda\/#breadcrumb","itemListElement":[{"@type":"ListItem","position":1,"name":"Portada","item":"https:\/\/www.colegionewman.org\/"},{"@type":"ListItem","position":2,"name":"Alumnos del Colegio Newman realizan una inmersi\u00f3n educativa en Irlanda"}]},{"@type":"WebSite","@id":"https:\/\/www.colegionewman.org\/#website","url":"https:\/\/www.colegionewman.org\/","name":"Colegio Internacional J.H. Newman","description":"Un colegio que te abre al mundo","publisher":{"@id":"https:\/\/www.colegionewman.org\/#organization"},"alternateName":"Colegio Newman","potentialAction":[{"@type":"SearchAction","target":{"@type":"EntryPoint","urlTemplate":"https:\/\/www.colegionewman.org\/?s={search_term_string}"},"query-input":{"@type":"PropertyValueSpecification","valueRequired":true,"valueName":"search_term_string"}}],"inLanguage":"es"},{"@type":"Organization","@id":"https:\/\/www.colegionewman.org\/#organization","name":"Colegio Internacional J.H. Newman","alternateName":"Colegio Newman","url":"https:\/\/www.colegionewman.org\/","logo":{"@type":"ImageObject","inLanguage":"es","@id":"https:\/\/www.colegionewman.org\/#\/schema\/logo\/image\/","url":"https:\/\/www.colegionewman.org\/wp-content\/uploads\/logo_mini_newman_Mesa-de-trabajo-1.png","contentUrl":"https:\/\/www.colegionewman.org\/wp-content\/uploads\/logo_mini_newman_Mesa-de-trabajo-1.png","width":750,"height":750,"caption":"Colegio Internacional J.H. Newman"},"image":{"@id":"https:\/\/www.colegionewman.org\/#\/schema\/logo\/image\/"},"sameAs":["https:\/\/www.instagram.com\/colegiojhnewman\/","https:\/\/www.youtube.com\/channel\/UCUEVCANGRsznbp-DRfSrexw","https:\/\/www.linkedin.com\/company\/colegio-internacional-jh-newman"]},{"@type":"Person","@id":"https:\/\/www.colegionewman.org\/#\/schema\/person\/2799c0d82b571b9f7abb79410090fab8","name":"comunicacionnewman","image":{"@type":"ImageObject","inLanguage":"es","@id":"https:\/\/secure.gravatar.com\/avatar\/d27069ebe1333a06be57ea6fc363509158ffbff50e35630dc631005391d81c95?s=96&d=mm&r=g","url":"https:\/\/secure.gravatar.com\/avatar\/d27069ebe1333a06be57ea6fc363509158ffbff50e35630dc631005391d81c95?s=96&d=mm&r=g","contentUrl":"https:\/\/secure.gravatar.com\/avatar\/d27069ebe1333a06be57ea6fc363509158ffbff50e35630dc631005391d81c95?s=96&d=mm&r=g","caption":"comunicacionnewman"},"url":"https:\/\/www.colegionewman.org\/es_es\/author\/comunicacionnewman\/"}]}},"_links":{"self":[{"href":"https:\/\/www.colegionewman.org\/es_es\/wp-json\/wp\/v2\/posts\/26704","targetHints":{"allow":["GET"]}}],"collection":[{"href":"https:\/\/www.colegionewman.org\/es_es\/wp-json\/wp\/v2\/posts"}],"about":[{"href":"https:\/\/www.colegionewman.org\/es_es\/wp-json\/wp\/v2\/types\/post"}],"author":[{"embeddable":true,"href":"https:\/\/www.colegionewman.org\/es_es\/wp-json\/wp\/v2\/users\/2"}],"replies":[{"embeddable":true,"href":"https:\/\/www.colegionewman.org\/es_es\/wp-json\/wp\/v2\/comments?post=26704"}],"version-history":[{"count":0,"href":"https:\/\/www.colegionewman.org\/es_es\/wp-json\/wp\/v2\/posts\/26704\/revisions"}],"wp:featuredmedia":[{"embeddable":true,"href":"https:\/\/www.colegionewman.org\/es_es\/wp-json\/"}],"wp:attachment":[{"href":"https:\/\/www.colegionewman.org\/es_es\/wp-json\/wp\/v2\/media?parent=26704"}],"wp:term":[{"taxonomy":"category","embeddable":true,"href":"https:\/\/www.colegionewman.org\/es_es\/wp-json\/wp\/v2\/categories?post=26704"},{"taxonomy":"post_tag","embeddable":true,"href":"https:\/\/www.colegionewman.org\/es_es\/wp-json\/wp\/v2\/tags?post=26704"}],"curies":[{"name":"wp","href":"https:\/\/api.w.org\/{rel}","templated":true}]}}