{"id":26606,"date":"2022-11-28T12:28:56","date_gmt":"2022-11-28T11:28:56","guid":{"rendered":"https:\/\/www.colegionewman.org\/?p=26606"},"modified":"2022-11-28T12:28:56","modified_gmt":"2022-11-28T11:28:56","slug":"festivales-de-navidad-de-infantil","status":"publish","type":"post","link":"https:\/\/www.colegionewman.org\/es_es\/festivales-de-navidad-de-infantil\/","title":{"rendered":"Festivales de Navidad de Infantil"},"content":{"rendered":"<div dir=\"auto\">Viernes 16 de diciembre, alumnos de las clases de las letras A y D<\/div>\n<div dir=\"auto\">Lunes 19 de diciembre, alumnos clases letra B<\/div>\n<div dir=\"auto\">Martes 20 de diciembre, alumnos clases letra C<\/div>\n<div dir=\"auto\"><\/div>\n<div dir=\"auto\">\n<div id=\"attachment_26608\" style=\"width: 1597px\" class=\"wp-caption alignnone\"><img loading=\"lazy\" decoding=\"async\" aria-describedby=\"caption-attachment-26608\" class=\"size-full wp-image-26608\" src=\"https:\/\/www.colegionewman.org\/wp-content\/uploads\/2022\/11\/FESTIVAL-DE-NAVIDAD-DE-INFANTIL-NEWMAN.jpg\" alt=\"\" width=\"1587\" height=\"2245\" \/><p id=\"caption-attachment-26608\" class=\"wp-caption-text\">colegio newman<\/p><\/div>\n<\/div>\n<div dir=\"auto\"><\/div>\n<div dir=\"auto\"><\/div>\n<div dir=\"auto\"><\/div>\n","protected":false},"excerpt":{"rendered":"<p>Viernes 16 de diciembre, alumnos de las clases de las letras A y D Lunes 19 de diciembre, alumnos clases letra B Martes 20 de diciembre, alumnos clases letra C<\/p>\n","protected":false},"author":2,"featured_media":26607,"comment_status":"open","ping_status":"open","sticky":false,"template":"","format":"standard","meta":{"footnotes":""},"categories":[72,14,87,249],"tags":[26,1287,28,102],"class_list":["post-26606","post","type-post","status-publish","format-standard","has-post-thumbnail","hentry","category-colegio","category-infantil","category-noticias","category-prensa","tag-colegio-newman","tag-festivales","tag-infantil","tag-navidad"],"yoast_head":"<!-- This site is optimized with the Yoast SEO plugin v27.3 - https:\/\/yoast.com\/product\/yoast-seo-wordpress\/ -->\n<title>Navidad en Infantil: actividades del colegio biling\u00fce<\/title>\n<meta name=\"description\" content=\"Los m\u00e1s peque\u00f1os celebran sus festivales navide\u00f1os dentro del programa de actividades complementarias y extraescolares.\" \/>\n<meta name=\"robots\" content=\"index, follow, max-snippet:-1, max-image-preview:large, max-video-preview:-1\" \/>\n<link rel=\"canonical\" href=\"https:\/\/www.colegionewman.org\/es_es\/festivales-de-navidad-de-infantil\/\" \/>\n<meta property=\"og:locale\" content=\"es_ES\" \/>\n<meta property=\"og:type\" content=\"article\" \/>\n<meta property=\"og:title\" content=\"Navidad en Infantil: actividades del colegio biling\u00fce\" \/>\n<meta property=\"og:description\" content=\"Los m\u00e1s peque\u00f1os celebran sus festivales navide\u00f1os dentro del programa de actividades complementarias y extraescolares.\" \/>\n<meta property=\"og:url\" content=\"https:\/\/www.colegionewman.org\/es_es\/festivales-de-navidad-de-infantil\/\" \/>\n<meta property=\"og:site_name\" content=\"Colegio Internacional J.H. Newman\" \/>\n<meta property=\"article:published_time\" content=\"2022-11-28T11:28:56+00:00\" \/>\n<meta property=\"og:image\" content=\"https:\/\/www.colegionewman.org\/wp-content\/uploads\/Logo-Newman-1.png\" \/>\n\t<meta property=\"og:image:width\" content=\"3385\" \/>\n\t<meta property=\"og:image:height\" content=\"1509\" \/>\n\t<meta property=\"og:image:type\" content=\"image\/png\" \/>\n<meta name=\"author\" content=\"comunicacionnewman\" \/>\n<meta name=\"twitter:card\" content=\"summary_large_image\" \/>\n<meta name=\"twitter:label1\" content=\"Escrito por\" \/>\n\t<meta name=\"twitter:data1\" content=\"comunicacionnewman\" \/>\n\t<meta name=\"twitter:label2\" content=\"Tiempo de lectura\" \/>\n\t<meta name=\"twitter:data2\" content=\"1 minuto\" \/>\n<script type=\"application\/ld+json\" class=\"yoast-schema-graph\">{\"@context\":\"https:\\\/\\\/schema.org\",\"@graph\":[{\"@type\":\"Article\",\"@id\":\"https:\\\/\\\/www.colegionewman.org\\\/festivales-de-navidad-de-infantil\\\/#article\",\"isPartOf\":{\"@id\":\"https:\\\/\\\/www.colegionewman.org\\\/festivales-de-navidad-de-infantil\\\/\"},\"author\":{\"name\":\"comunicacionnewman\",\"@id\":\"https:\\\/\\\/www.colegionewman.org\\\/#\\\/schema\\\/person\\\/2799c0d82b571b9f7abb79410090fab8\"},\"headline\":\"Festivales de Navidad de Infantil\",\"datePublished\":\"2022-11-28T11:28:56+00:00\",\"mainEntityOfPage\":{\"@id\":\"https:\\\/\\\/www.colegionewman.org\\\/festivales-de-navidad-de-infantil\\\/\"},\"wordCount\":41,\"commentCount\":0,\"publisher\":{\"@id\":\"https:\\\/\\\/www.colegionewman.org\\\/#organization\"},\"image\":{\"@id\":\"https:\\\/\\\/www.colegionewman.org\\\/festivales-de-navidad-de-infantil\\\/#primaryimage\"},\"thumbnailUrl\":\"\",\"keywords\":[\"Colegio Newman\",\"festivales\",\"Infantil\",\"Navidad\"],\"articleSection\":[\"Colegio\",\"Infantil\",\"Noticias\",\"Prensa\"],\"inLanguage\":\"es\",\"potentialAction\":[{\"@type\":\"CommentAction\",\"name\":\"Comment\",\"target\":[\"https:\\\/\\\/www.colegionewman.org\\\/festivales-de-navidad-de-infantil\\\/#respond\"]}]},{\"@type\":\"WebPage\",\"@id\":\"https:\\\/\\\/www.colegionewman.org\\\/festivales-de-navidad-de-infantil\\\/\",\"url\":\"https:\\\/\\\/www.colegionewman.org\\\/festivales-de-navidad-de-infantil\\\/\",\"name\":\"Navidad en Infantil: actividades del colegio biling\u00fce\",\"isPartOf\":{\"@id\":\"https:\\\/\\\/www.colegionewman.org\\\/#website\"},\"primaryImageOfPage\":{\"@id\":\"https:\\\/\\\/www.colegionewman.org\\\/festivales-de-navidad-de-infantil\\\/#primaryimage\"},\"image\":{\"@id\":\"https:\\\/\\\/www.colegionewman.org\\\/festivales-de-navidad-de-infantil\\\/#primaryimage\"},\"thumbnailUrl\":\"\",\"datePublished\":\"2022-11-28T11:28:56+00:00\",\"description\":\"Los m\u00e1s peque\u00f1os celebran sus festivales navide\u00f1os dentro del programa de actividades complementarias y extraescolares.\",\"breadcrumb\":{\"@id\":\"https:\\\/\\\/www.colegionewman.org\\\/festivales-de-navidad-de-infantil\\\/#breadcrumb\"},\"inLanguage\":\"es\",\"potentialAction\":[{\"@type\":\"ReadAction\",\"target\":[\"https:\\\/\\\/www.colegionewman.org\\\/festivales-de-navidad-de-infantil\\\/\"]}]},{\"@type\":\"ImageObject\",\"inLanguage\":\"es\",\"@id\":\"https:\\\/\\\/www.colegionewman.org\\\/festivales-de-navidad-de-infantil\\\/#primaryimage\",\"url\":\"\",\"contentUrl\":\"\"},{\"@type\":\"BreadcrumbList\",\"@id\":\"https:\\\/\\\/www.colegionewman.org\\\/festivales-de-navidad-de-infantil\\\/#breadcrumb\",\"itemListElement\":[{\"@type\":\"ListItem\",\"position\":1,\"name\":\"Portada\",\"item\":\"https:\\\/\\\/www.colegionewman.org\\\/\"},{\"@type\":\"ListItem\",\"position\":2,\"name\":\"Festivales de Navidad de Infantil\"}]},{\"@type\":\"WebSite\",\"@id\":\"https:\\\/\\\/www.colegionewman.org\\\/#website\",\"url\":\"https:\\\/\\\/www.colegionewman.org\\\/\",\"name\":\"Colegio Internacional J.H. Newman\",\"description\":\"Un colegio que te abre al mundo\",\"publisher\":{\"@id\":\"https:\\\/\\\/www.colegionewman.org\\\/#organization\"},\"alternateName\":\"Colegio Newman\",\"potentialAction\":[{\"@type\":\"SearchAction\",\"target\":{\"@type\":\"EntryPoint\",\"urlTemplate\":\"https:\\\/\\\/www.colegionewman.org\\\/?s={search_term_string}\"},\"query-input\":{\"@type\":\"PropertyValueSpecification\",\"valueRequired\":true,\"valueName\":\"search_term_string\"}}],\"inLanguage\":\"es\"},{\"@type\":\"Organization\",\"@id\":\"https:\\\/\\\/www.colegionewman.org\\\/#organization\",\"name\":\"Colegio Internacional J.H. Newman\",\"alternateName\":\"Colegio Newman\",\"url\":\"https:\\\/\\\/www.colegionewman.org\\\/\",\"logo\":{\"@type\":\"ImageObject\",\"inLanguage\":\"es\",\"@id\":\"https:\\\/\\\/www.colegionewman.org\\\/#\\\/schema\\\/logo\\\/image\\\/\",\"url\":\"https:\\\/\\\/www.colegionewman.org\\\/wp-content\\\/uploads\\\/logo_mini_newman_Mesa-de-trabajo-1.png\",\"contentUrl\":\"https:\\\/\\\/www.colegionewman.org\\\/wp-content\\\/uploads\\\/logo_mini_newman_Mesa-de-trabajo-1.png\",\"width\":750,\"height\":750,\"caption\":\"Colegio Internacional J.H. Newman\"},\"image\":{\"@id\":\"https:\\\/\\\/www.colegionewman.org\\\/#\\\/schema\\\/logo\\\/image\\\/\"},\"sameAs\":[\"https:\\\/\\\/www.instagram.com\\\/colegiojhnewman\\\/\",\"https:\\\/\\\/www.youtube.com\\\/channel\\\/UCUEVCANGRsznbp-DRfSrexw\",\"https:\\\/\\\/www.linkedin.com\\\/company\\\/colegio-internacional-jh-newman\"]},{\"@type\":\"Person\",\"@id\":\"https:\\\/\\\/www.colegionewman.org\\\/#\\\/schema\\\/person\\\/2799c0d82b571b9f7abb79410090fab8\",\"name\":\"comunicacionnewman\",\"image\":{\"@type\":\"ImageObject\",\"inLanguage\":\"es\",\"@id\":\"https:\\\/\\\/secure.gravatar.com\\\/avatar\\\/d27069ebe1333a06be57ea6fc363509158ffbff50e35630dc631005391d81c95?s=96&d=mm&r=g\",\"url\":\"https:\\\/\\\/secure.gravatar.com\\\/avatar\\\/d27069ebe1333a06be57ea6fc363509158ffbff50e35630dc631005391d81c95?s=96&d=mm&r=g\",\"contentUrl\":\"https:\\\/\\\/secure.gravatar.com\\\/avatar\\\/d27069ebe1333a06be57ea6fc363509158ffbff50e35630dc631005391d81c95?s=96&d=mm&r=g\",\"caption\":\"comunicacionnewman\"},\"url\":\"https:\\\/\\\/www.colegionewman.org\\\/es_es\\\/author\\\/comunicacionnewman\\\/\"}]}<\/script>\n<!-- \/ Yoast SEO plugin. -->","yoast_head_json":{"title":"Navidad en Infantil: actividades del colegio biling\u00fce","description":"Los m\u00e1s peque\u00f1os celebran sus festivales navide\u00f1os dentro del programa de actividades complementarias y extraescolares.","robots":{"index":"index","follow":"follow","max-snippet":"max-snippet:-1","max-image-preview":"max-image-preview:large","max-video-preview":"max-video-preview:-1"},"canonical":"https:\/\/www.colegionewman.org\/es_es\/festivales-de-navidad-de-infantil\/","og_locale":"es_ES","og_type":"article","og_title":"Navidad en Infantil: actividades del colegio biling\u00fce","og_description":"Los m\u00e1s peque\u00f1os celebran sus festivales navide\u00f1os dentro del programa de actividades complementarias y extraescolares.","og_url":"https:\/\/www.colegionewman.org\/es_es\/festivales-de-navidad-de-infantil\/","og_site_name":"Colegio Internacional J.H. Newman","article_published_time":"2022-11-28T11:28:56+00:00","og_image":[{"width":3385,"height":1509,"url":"https:\/\/www.colegionewman.org\/wp-content\/uploads\/Logo-Newman-1.png","type":"image\/png"}],"author":"comunicacionnewman","twitter_card":"summary_large_image","twitter_misc":{"Escrito por":"comunicacionnewman","Tiempo de lectura":"1 minuto"},"schema":{"@context":"https:\/\/schema.org","@graph":[{"@type":"Article","@id":"https:\/\/www.colegionewman.org\/festivales-de-navidad-de-infantil\/#article","isPartOf":{"@id":"https:\/\/www.colegionewman.org\/festivales-de-navidad-de-infantil\/"},"author":{"name":"comunicacionnewman","@id":"https:\/\/www.colegionewman.org\/#\/schema\/person\/2799c0d82b571b9f7abb79410090fab8"},"headline":"Festivales de Navidad de Infantil","datePublished":"2022-11-28T11:28:56+00:00","mainEntityOfPage":{"@id":"https:\/\/www.colegionewman.org\/festivales-de-navidad-de-infantil\/"},"wordCount":41,"commentCount":0,"publisher":{"@id":"https:\/\/www.colegionewman.org\/#organization"},"image":{"@id":"https:\/\/www.colegionewman.org\/festivales-de-navidad-de-infantil\/#primaryimage"},"thumbnailUrl":"","keywords":["Colegio Newman","festivales","Infantil","Navidad"],"articleSection":["Colegio","Infantil","Noticias","Prensa"],"inLanguage":"es","potentialAction":[{"@type":"CommentAction","name":"Comment","target":["https:\/\/www.colegionewman.org\/festivales-de-navidad-de-infantil\/#respond"]}]},{"@type":"WebPage","@id":"https:\/\/www.colegionewman.org\/festivales-de-navidad-de-infantil\/","url":"https:\/\/www.colegionewman.org\/festivales-de-navidad-de-infantil\/","name":"Navidad en Infantil: actividades del colegio biling\u00fce","isPartOf":{"@id":"https:\/\/www.colegionewman.org\/#website"},"primaryImageOfPage":{"@id":"https:\/\/www.colegionewman.org\/festivales-de-navidad-de-infantil\/#primaryimage"},"image":{"@id":"https:\/\/www.colegionewman.org\/festivales-de-navidad-de-infantil\/#primaryimage"},"thumbnailUrl":"","datePublished":"2022-11-28T11:28:56+00:00","description":"Los m\u00e1s peque\u00f1os celebran sus festivales navide\u00f1os dentro del programa de actividades complementarias y extraescolares.","breadcrumb":{"@id":"https:\/\/www.colegionewman.org\/festivales-de-navidad-de-infantil\/#breadcrumb"},"inLanguage":"es","potentialAction":[{"@type":"ReadAction","target":["https:\/\/www.colegionewman.org\/festivales-de-navidad-de-infantil\/"]}]},{"@type":"ImageObject","inLanguage":"es","@id":"https:\/\/www.colegionewman.org\/festivales-de-navidad-de-infantil\/#primaryimage","url":"","contentUrl":""},{"@type":"BreadcrumbList","@id":"https:\/\/www.colegionewman.org\/festivales-de-navidad-de-infantil\/#breadcrumb","itemListElement":[{"@type":"ListItem","position":1,"name":"Portada","item":"https:\/\/www.colegionewman.org\/"},{"@type":"ListItem","position":2,"name":"Festivales de Navidad de Infantil"}]},{"@type":"WebSite","@id":"https:\/\/www.colegionewman.org\/#website","url":"https:\/\/www.colegionewman.org\/","name":"Colegio Internacional J.H. Newman","description":"Un colegio que te abre al mundo","publisher":{"@id":"https:\/\/www.colegionewman.org\/#organization"},"alternateName":"Colegio Newman","potentialAction":[{"@type":"SearchAction","target":{"@type":"EntryPoint","urlTemplate":"https:\/\/www.colegionewman.org\/?s={search_term_string}"},"query-input":{"@type":"PropertyValueSpecification","valueRequired":true,"valueName":"search_term_string"}}],"inLanguage":"es"},{"@type":"Organization","@id":"https:\/\/www.colegionewman.org\/#organization","name":"Colegio Internacional J.H. Newman","alternateName":"Colegio Newman","url":"https:\/\/www.colegionewman.org\/","logo":{"@type":"ImageObject","inLanguage":"es","@id":"https:\/\/www.colegionewman.org\/#\/schema\/logo\/image\/","url":"https:\/\/www.colegionewman.org\/wp-content\/uploads\/logo_mini_newman_Mesa-de-trabajo-1.png","contentUrl":"https:\/\/www.colegionewman.org\/wp-content\/uploads\/logo_mini_newman_Mesa-de-trabajo-1.png","width":750,"height":750,"caption":"Colegio Internacional J.H. Newman"},"image":{"@id":"https:\/\/www.colegionewman.org\/#\/schema\/logo\/image\/"},"sameAs":["https:\/\/www.instagram.com\/colegiojhnewman\/","https:\/\/www.youtube.com\/channel\/UCUEVCANGRsznbp-DRfSrexw","https:\/\/www.linkedin.com\/company\/colegio-internacional-jh-newman"]},{"@type":"Person","@id":"https:\/\/www.colegionewman.org\/#\/schema\/person\/2799c0d82b571b9f7abb79410090fab8","name":"comunicacionnewman","image":{"@type":"ImageObject","inLanguage":"es","@id":"https:\/\/secure.gravatar.com\/avatar\/d27069ebe1333a06be57ea6fc363509158ffbff50e35630dc631005391d81c95?s=96&d=mm&r=g","url":"https:\/\/secure.gravatar.com\/avatar\/d27069ebe1333a06be57ea6fc363509158ffbff50e35630dc631005391d81c95?s=96&d=mm&r=g","contentUrl":"https:\/\/secure.gravatar.com\/avatar\/d27069ebe1333a06be57ea6fc363509158ffbff50e35630dc631005391d81c95?s=96&d=mm&r=g","caption":"comunicacionnewman"},"url":"https:\/\/www.colegionewman.org\/es_es\/author\/comunicacionnewman\/"}]}},"_links":{"self":[{"href":"https:\/\/www.colegionewman.org\/es_es\/wp-json\/wp\/v2\/posts\/26606","targetHints":{"allow":["GET"]}}],"collection":[{"href":"https:\/\/www.colegionewman.org\/es_es\/wp-json\/wp\/v2\/posts"}],"about":[{"href":"https:\/\/www.colegionewman.org\/es_es\/wp-json\/wp\/v2\/types\/post"}],"author":[{"embeddable":true,"href":"https:\/\/www.colegionewman.org\/es_es\/wp-json\/wp\/v2\/users\/2"}],"replies":[{"embeddable":true,"href":"https:\/\/www.colegionewman.org\/es_es\/wp-json\/wp\/v2\/comments?post=26606"}],"version-history":[{"count":0,"href":"https:\/\/www.colegionewman.org\/es_es\/wp-json\/wp\/v2\/posts\/26606\/revisions"}],"wp:featuredmedia":[{"embeddable":true,"href":"https:\/\/www.colegionewman.org\/es_es\/wp-json\/"}],"wp:attachment":[{"href":"https:\/\/www.colegionewman.org\/es_es\/wp-json\/wp\/v2\/media?parent=26606"}],"wp:term":[{"taxonomy":"category","embeddable":true,"href":"https:\/\/www.colegionewman.org\/es_es\/wp-json\/wp\/v2\/categories?post=26606"},{"taxonomy":"post_tag","embeddable":true,"href":"https:\/\/www.colegionewman.org\/es_es\/wp-json\/wp\/v2\/tags?post=26606"}],"curies":[{"name":"wp","href":"https:\/\/api.w.org\/{rel}","templated":true}]}}