{"id":26529,"date":"2022-11-24T10:31:07","date_gmt":"2022-11-24T09:31:07","guid":{"rendered":"https:\/\/www.colegionewman.org\/?p=26529"},"modified":"2022-11-24T10:31:07","modified_gmt":"2022-11-24T09:31:07","slug":"visita-del-padre-francisco-a-2o-de-primaria","status":"publish","type":"post","link":"https:\/\/www.colegionewman.org\/es_es\/visita-del-padre-francisco-a-2o-de-primaria\/","title":{"rendered":"Visita del Padre Francisco a 2\u00ba de Primaria"},"content":{"rendered":"<p>Los profesores de 2\u00ba de #PrimariaNewman han invitado al padre Francisco a explicar a los alumnos qu\u00e9 es el Adviento. La visita ha sido la oportunidad de descubrir muchas cosas. Despu\u00e9s de enriquecernos con su conocimiento, nos ha propuesto preparar bien el coraz\u00f3n para la venida de Jes\u00fas\u00a0 \u00a1Muchas gracias padre Francisco!<\/p>\n<div class='avia-iframe-wrap'><iframe loading=\"lazy\" title=\"Visita del Padre Francisco en 2\u00ba de Primaria\" width=\"1500\" height=\"844\" src=\"https:\/\/www.youtube.com\/embed\/dUmnpc2hQOs?feature=oembed\" frameborder=\"0\" allow=\"accelerometer; autoplay; clipboard-write; encrypted-media; gyroscope; picture-in-picture; web-share\" allowfullscreen><\/iframe><\/div>\n","protected":false},"excerpt":{"rendered":"<p>Los profesores de 2\u00ba de #PrimariaNewman han invitado al padre Francisco a explicar a los alumnos qu\u00e9 es el Adviento. La visita ha sido la oportunidad de descubrir muchas cosas. Despu\u00e9s de enriquecernos con su conocimiento, nos ha propuesto preparar bien el coraz\u00f3n para la venida de Jes\u00fas\u00a0 \u00a1Muchas gracias padre Francisco!<\/p>\n","protected":false},"author":2,"featured_media":26530,"comment_status":"open","ping_status":"open","sticky":false,"template":"","format":"standard","meta":{"footnotes":""},"categories":[72,87,249,15],"tags":[358,26,102,1285,383],"class_list":["post-26529","post","type-post","status-publish","format-standard","has-post-thumbnail","hentry","category-colegio","category-noticias","category-prensa","category-primaria","tag-adviento","tag-colegio-newman","tag-navidad","tag-padre-francisco","tag-religion"],"yoast_head":"<!-- This site is optimized with the Yoast SEO plugin v27.3 - https:\/\/yoast.com\/product\/yoast-seo-wordpress\/ -->\n<title>El Padre Francisco visita 2\u00ba de Primaria del Colegio Newman<\/title>\n<meta name=\"description\" content=\"El Padre Francisco visita 2.\u00ba de Primaria del Colegio Newman, actividad propia de un colegio religioso Madrid.\" \/>\n<meta name=\"robots\" content=\"index, follow, max-snippet:-1, max-image-preview:large, max-video-preview:-1\" \/>\n<link rel=\"canonical\" href=\"https:\/\/www.colegionewman.org\/es_es\/visita-del-padre-francisco-a-2o-de-primaria\/\" \/>\n<meta property=\"og:locale\" content=\"es_ES\" \/>\n<meta property=\"og:type\" content=\"article\" \/>\n<meta property=\"og:title\" content=\"El Padre Francisco visita 2\u00ba de Primaria del Colegio Newman\" \/>\n<meta property=\"og:description\" content=\"El Padre Francisco visita 2.\u00ba de Primaria del Colegio Newman, actividad propia de un colegio religioso Madrid.\" \/>\n<meta property=\"og:url\" content=\"https:\/\/www.colegionewman.org\/es_es\/visita-del-padre-francisco-a-2o-de-primaria\/\" \/>\n<meta property=\"og:site_name\" content=\"Colegio Internacional J.H. Newman\" \/>\n<meta property=\"article:published_time\" content=\"2022-11-24T09:31:07+00:00\" \/>\n<meta property=\"og:image\" content=\"https:\/\/www.colegionewman.org\/wp-content\/uploads\/Logo-Newman-1.png\" \/>\n\t<meta property=\"og:image:width\" content=\"3385\" \/>\n\t<meta property=\"og:image:height\" content=\"1509\" \/>\n\t<meta property=\"og:image:type\" content=\"image\/png\" \/>\n<meta name=\"author\" content=\"comunicacionnewman\" \/>\n<meta name=\"twitter:card\" content=\"summary_large_image\" \/>\n<meta name=\"twitter:label1\" content=\"Escrito por\" \/>\n\t<meta name=\"twitter:data1\" content=\"comunicacionnewman\" \/>\n\t<meta name=\"twitter:label2\" content=\"Tiempo de lectura\" \/>\n\t<meta name=\"twitter:data2\" content=\"1 minuto\" \/>\n<script type=\"application\/ld+json\" class=\"yoast-schema-graph\">{\"@context\":\"https:\\\/\\\/schema.org\",\"@graph\":[{\"@type\":\"Article\",\"@id\":\"https:\\\/\\\/www.colegionewman.org\\\/visita-del-padre-francisco-a-2o-de-primaria\\\/#article\",\"isPartOf\":{\"@id\":\"https:\\\/\\\/www.colegionewman.org\\\/visita-del-padre-francisco-a-2o-de-primaria\\\/\"},\"author\":{\"name\":\"comunicacionnewman\",\"@id\":\"https:\\\/\\\/www.colegionewman.org\\\/#\\\/schema\\\/person\\\/2799c0d82b571b9f7abb79410090fab8\"},\"headline\":\"Visita del Padre Francisco a 2\u00ba de Primaria\",\"datePublished\":\"2022-11-24T09:31:07+00:00\",\"mainEntityOfPage\":{\"@id\":\"https:\\\/\\\/www.colegionewman.org\\\/visita-del-padre-francisco-a-2o-de-primaria\\\/\"},\"wordCount\":69,\"commentCount\":0,\"publisher\":{\"@id\":\"https:\\\/\\\/www.colegionewman.org\\\/#organization\"},\"image\":{\"@id\":\"https:\\\/\\\/www.colegionewman.org\\\/visita-del-padre-francisco-a-2o-de-primaria\\\/#primaryimage\"},\"thumbnailUrl\":\"\",\"keywords\":[\"Adviento\",\"Colegio Newman\",\"Navidad\",\"Padre Francisco\",\"Religi\u00f3n\"],\"articleSection\":[\"Colegio\",\"Noticias\",\"Prensa\",\"Primaria\"],\"inLanguage\":\"es\",\"potentialAction\":[{\"@type\":\"CommentAction\",\"name\":\"Comment\",\"target\":[\"https:\\\/\\\/www.colegionewman.org\\\/visita-del-padre-francisco-a-2o-de-primaria\\\/#respond\"]}]},{\"@type\":\"WebPage\",\"@id\":\"https:\\\/\\\/www.colegionewman.org\\\/visita-del-padre-francisco-a-2o-de-primaria\\\/\",\"url\":\"https:\\\/\\\/www.colegionewman.org\\\/visita-del-padre-francisco-a-2o-de-primaria\\\/\",\"name\":\"El Padre Francisco visita 2\u00ba de Primaria del Colegio Newman\",\"isPartOf\":{\"@id\":\"https:\\\/\\\/www.colegionewman.org\\\/#website\"},\"primaryImageOfPage\":{\"@id\":\"https:\\\/\\\/www.colegionewman.org\\\/visita-del-padre-francisco-a-2o-de-primaria\\\/#primaryimage\"},\"image\":{\"@id\":\"https:\\\/\\\/www.colegionewman.org\\\/visita-del-padre-francisco-a-2o-de-primaria\\\/#primaryimage\"},\"thumbnailUrl\":\"\",\"datePublished\":\"2022-11-24T09:31:07+00:00\",\"description\":\"El Padre Francisco visita 2.\u00ba de Primaria del Colegio Newman, actividad propia de un colegio religioso Madrid.\",\"breadcrumb\":{\"@id\":\"https:\\\/\\\/www.colegionewman.org\\\/visita-del-padre-francisco-a-2o-de-primaria\\\/#breadcrumb\"},\"inLanguage\":\"es\",\"potentialAction\":[{\"@type\":\"ReadAction\",\"target\":[\"https:\\\/\\\/www.colegionewman.org\\\/visita-del-padre-francisco-a-2o-de-primaria\\\/\"]}]},{\"@type\":\"ImageObject\",\"inLanguage\":\"es\",\"@id\":\"https:\\\/\\\/www.colegionewman.org\\\/visita-del-padre-francisco-a-2o-de-primaria\\\/#primaryimage\",\"url\":\"\",\"contentUrl\":\"\"},{\"@type\":\"BreadcrumbList\",\"@id\":\"https:\\\/\\\/www.colegionewman.org\\\/visita-del-padre-francisco-a-2o-de-primaria\\\/#breadcrumb\",\"itemListElement\":[{\"@type\":\"ListItem\",\"position\":1,\"name\":\"Portada\",\"item\":\"https:\\\/\\\/www.colegionewman.org\\\/\"},{\"@type\":\"ListItem\",\"position\":2,\"name\":\"Visita del Padre Francisco a 2\u00ba de Primaria\"}]},{\"@type\":\"WebSite\",\"@id\":\"https:\\\/\\\/www.colegionewman.org\\\/#website\",\"url\":\"https:\\\/\\\/www.colegionewman.org\\\/\",\"name\":\"Colegio Internacional J.H. Newman\",\"description\":\"Un colegio que te abre al mundo\",\"publisher\":{\"@id\":\"https:\\\/\\\/www.colegionewman.org\\\/#organization\"},\"alternateName\":\"Colegio Newman\",\"potentialAction\":[{\"@type\":\"SearchAction\",\"target\":{\"@type\":\"EntryPoint\",\"urlTemplate\":\"https:\\\/\\\/www.colegionewman.org\\\/?s={search_term_string}\"},\"query-input\":{\"@type\":\"PropertyValueSpecification\",\"valueRequired\":true,\"valueName\":\"search_term_string\"}}],\"inLanguage\":\"es\"},{\"@type\":\"Organization\",\"@id\":\"https:\\\/\\\/www.colegionewman.org\\\/#organization\",\"name\":\"Colegio Internacional J.H. Newman\",\"alternateName\":\"Colegio Newman\",\"url\":\"https:\\\/\\\/www.colegionewman.org\\\/\",\"logo\":{\"@type\":\"ImageObject\",\"inLanguage\":\"es\",\"@id\":\"https:\\\/\\\/www.colegionewman.org\\\/#\\\/schema\\\/logo\\\/image\\\/\",\"url\":\"https:\\\/\\\/www.colegionewman.org\\\/wp-content\\\/uploads\\\/logo_mini_newman_Mesa-de-trabajo-1.png\",\"contentUrl\":\"https:\\\/\\\/www.colegionewman.org\\\/wp-content\\\/uploads\\\/logo_mini_newman_Mesa-de-trabajo-1.png\",\"width\":750,\"height\":750,\"caption\":\"Colegio Internacional J.H. Newman\"},\"image\":{\"@id\":\"https:\\\/\\\/www.colegionewman.org\\\/#\\\/schema\\\/logo\\\/image\\\/\"},\"sameAs\":[\"https:\\\/\\\/www.instagram.com\\\/colegiojhnewman\\\/\",\"https:\\\/\\\/www.youtube.com\\\/channel\\\/UCUEVCANGRsznbp-DRfSrexw\",\"https:\\\/\\\/www.linkedin.com\\\/company\\\/colegio-internacional-jh-newman\"]},{\"@type\":\"Person\",\"@id\":\"https:\\\/\\\/www.colegionewman.org\\\/#\\\/schema\\\/person\\\/2799c0d82b571b9f7abb79410090fab8\",\"name\":\"comunicacionnewman\",\"image\":{\"@type\":\"ImageObject\",\"inLanguage\":\"es\",\"@id\":\"https:\\\/\\\/secure.gravatar.com\\\/avatar\\\/d27069ebe1333a06be57ea6fc363509158ffbff50e35630dc631005391d81c95?s=96&d=mm&r=g\",\"url\":\"https:\\\/\\\/secure.gravatar.com\\\/avatar\\\/d27069ebe1333a06be57ea6fc363509158ffbff50e35630dc631005391d81c95?s=96&d=mm&r=g\",\"contentUrl\":\"https:\\\/\\\/secure.gravatar.com\\\/avatar\\\/d27069ebe1333a06be57ea6fc363509158ffbff50e35630dc631005391d81c95?s=96&d=mm&r=g\",\"caption\":\"comunicacionnewman\"},\"url\":\"https:\\\/\\\/www.colegionewman.org\\\/es_es\\\/author\\\/comunicacionnewman\\\/\"}]}<\/script>\n<!-- \/ Yoast SEO plugin. -->","yoast_head_json":{"title":"El Padre Francisco visita 2\u00ba de Primaria del Colegio Newman","description":"El Padre Francisco visita 2.\u00ba de Primaria del Colegio Newman, actividad propia de un colegio religioso Madrid.","robots":{"index":"index","follow":"follow","max-snippet":"max-snippet:-1","max-image-preview":"max-image-preview:large","max-video-preview":"max-video-preview:-1"},"canonical":"https:\/\/www.colegionewman.org\/es_es\/visita-del-padre-francisco-a-2o-de-primaria\/","og_locale":"es_ES","og_type":"article","og_title":"El Padre Francisco visita 2\u00ba de Primaria del Colegio Newman","og_description":"El Padre Francisco visita 2.\u00ba de Primaria del Colegio Newman, actividad propia de un colegio religioso Madrid.","og_url":"https:\/\/www.colegionewman.org\/es_es\/visita-del-padre-francisco-a-2o-de-primaria\/","og_site_name":"Colegio Internacional J.H. Newman","article_published_time":"2022-11-24T09:31:07+00:00","og_image":[{"width":3385,"height":1509,"url":"https:\/\/www.colegionewman.org\/wp-content\/uploads\/Logo-Newman-1.png","type":"image\/png"}],"author":"comunicacionnewman","twitter_card":"summary_large_image","twitter_misc":{"Escrito por":"comunicacionnewman","Tiempo de lectura":"1 minuto"},"schema":{"@context":"https:\/\/schema.org","@graph":[{"@type":"Article","@id":"https:\/\/www.colegionewman.org\/visita-del-padre-francisco-a-2o-de-primaria\/#article","isPartOf":{"@id":"https:\/\/www.colegionewman.org\/visita-del-padre-francisco-a-2o-de-primaria\/"},"author":{"name":"comunicacionnewman","@id":"https:\/\/www.colegionewman.org\/#\/schema\/person\/2799c0d82b571b9f7abb79410090fab8"},"headline":"Visita del Padre Francisco a 2\u00ba de Primaria","datePublished":"2022-11-24T09:31:07+00:00","mainEntityOfPage":{"@id":"https:\/\/www.colegionewman.org\/visita-del-padre-francisco-a-2o-de-primaria\/"},"wordCount":69,"commentCount":0,"publisher":{"@id":"https:\/\/www.colegionewman.org\/#organization"},"image":{"@id":"https:\/\/www.colegionewman.org\/visita-del-padre-francisco-a-2o-de-primaria\/#primaryimage"},"thumbnailUrl":"","keywords":["Adviento","Colegio Newman","Navidad","Padre Francisco","Religi\u00f3n"],"articleSection":["Colegio","Noticias","Prensa","Primaria"],"inLanguage":"es","potentialAction":[{"@type":"CommentAction","name":"Comment","target":["https:\/\/www.colegionewman.org\/visita-del-padre-francisco-a-2o-de-primaria\/#respond"]}]},{"@type":"WebPage","@id":"https:\/\/www.colegionewman.org\/visita-del-padre-francisco-a-2o-de-primaria\/","url":"https:\/\/www.colegionewman.org\/visita-del-padre-francisco-a-2o-de-primaria\/","name":"El Padre Francisco visita 2\u00ba de Primaria del Colegio Newman","isPartOf":{"@id":"https:\/\/www.colegionewman.org\/#website"},"primaryImageOfPage":{"@id":"https:\/\/www.colegionewman.org\/visita-del-padre-francisco-a-2o-de-primaria\/#primaryimage"},"image":{"@id":"https:\/\/www.colegionewman.org\/visita-del-padre-francisco-a-2o-de-primaria\/#primaryimage"},"thumbnailUrl":"","datePublished":"2022-11-24T09:31:07+00:00","description":"El Padre Francisco visita 2.\u00ba de Primaria del Colegio Newman, actividad propia de un colegio religioso Madrid.","breadcrumb":{"@id":"https:\/\/www.colegionewman.org\/visita-del-padre-francisco-a-2o-de-primaria\/#breadcrumb"},"inLanguage":"es","potentialAction":[{"@type":"ReadAction","target":["https:\/\/www.colegionewman.org\/visita-del-padre-francisco-a-2o-de-primaria\/"]}]},{"@type":"ImageObject","inLanguage":"es","@id":"https:\/\/www.colegionewman.org\/visita-del-padre-francisco-a-2o-de-primaria\/#primaryimage","url":"","contentUrl":""},{"@type":"BreadcrumbList","@id":"https:\/\/www.colegionewman.org\/visita-del-padre-francisco-a-2o-de-primaria\/#breadcrumb","itemListElement":[{"@type":"ListItem","position":1,"name":"Portada","item":"https:\/\/www.colegionewman.org\/"},{"@type":"ListItem","position":2,"name":"Visita del Padre Francisco a 2\u00ba de Primaria"}]},{"@type":"WebSite","@id":"https:\/\/www.colegionewman.org\/#website","url":"https:\/\/www.colegionewman.org\/","name":"Colegio Internacional J.H. Newman","description":"Un colegio que te abre al mundo","publisher":{"@id":"https:\/\/www.colegionewman.org\/#organization"},"alternateName":"Colegio Newman","potentialAction":[{"@type":"SearchAction","target":{"@type":"EntryPoint","urlTemplate":"https:\/\/www.colegionewman.org\/?s={search_term_string}"},"query-input":{"@type":"PropertyValueSpecification","valueRequired":true,"valueName":"search_term_string"}}],"inLanguage":"es"},{"@type":"Organization","@id":"https:\/\/www.colegionewman.org\/#organization","name":"Colegio Internacional J.H. Newman","alternateName":"Colegio Newman","url":"https:\/\/www.colegionewman.org\/","logo":{"@type":"ImageObject","inLanguage":"es","@id":"https:\/\/www.colegionewman.org\/#\/schema\/logo\/image\/","url":"https:\/\/www.colegionewman.org\/wp-content\/uploads\/logo_mini_newman_Mesa-de-trabajo-1.png","contentUrl":"https:\/\/www.colegionewman.org\/wp-content\/uploads\/logo_mini_newman_Mesa-de-trabajo-1.png","width":750,"height":750,"caption":"Colegio Internacional J.H. Newman"},"image":{"@id":"https:\/\/www.colegionewman.org\/#\/schema\/logo\/image\/"},"sameAs":["https:\/\/www.instagram.com\/colegiojhnewman\/","https:\/\/www.youtube.com\/channel\/UCUEVCANGRsznbp-DRfSrexw","https:\/\/www.linkedin.com\/company\/colegio-internacional-jh-newman"]},{"@type":"Person","@id":"https:\/\/www.colegionewman.org\/#\/schema\/person\/2799c0d82b571b9f7abb79410090fab8","name":"comunicacionnewman","image":{"@type":"ImageObject","inLanguage":"es","@id":"https:\/\/secure.gravatar.com\/avatar\/d27069ebe1333a06be57ea6fc363509158ffbff50e35630dc631005391d81c95?s=96&d=mm&r=g","url":"https:\/\/secure.gravatar.com\/avatar\/d27069ebe1333a06be57ea6fc363509158ffbff50e35630dc631005391d81c95?s=96&d=mm&r=g","contentUrl":"https:\/\/secure.gravatar.com\/avatar\/d27069ebe1333a06be57ea6fc363509158ffbff50e35630dc631005391d81c95?s=96&d=mm&r=g","caption":"comunicacionnewman"},"url":"https:\/\/www.colegionewman.org\/es_es\/author\/comunicacionnewman\/"}]}},"_links":{"self":[{"href":"https:\/\/www.colegionewman.org\/es_es\/wp-json\/wp\/v2\/posts\/26529","targetHints":{"allow":["GET"]}}],"collection":[{"href":"https:\/\/www.colegionewman.org\/es_es\/wp-json\/wp\/v2\/posts"}],"about":[{"href":"https:\/\/www.colegionewman.org\/es_es\/wp-json\/wp\/v2\/types\/post"}],"author":[{"embeddable":true,"href":"https:\/\/www.colegionewman.org\/es_es\/wp-json\/wp\/v2\/users\/2"}],"replies":[{"embeddable":true,"href":"https:\/\/www.colegionewman.org\/es_es\/wp-json\/wp\/v2\/comments?post=26529"}],"version-history":[{"count":0,"href":"https:\/\/www.colegionewman.org\/es_es\/wp-json\/wp\/v2\/posts\/26529\/revisions"}],"wp:featuredmedia":[{"embeddable":true,"href":"https:\/\/www.colegionewman.org\/es_es\/wp-json\/"}],"wp:attachment":[{"href":"https:\/\/www.colegionewman.org\/es_es\/wp-json\/wp\/v2\/media?parent=26529"}],"wp:term":[{"taxonomy":"category","embeddable":true,"href":"https:\/\/www.colegionewman.org\/es_es\/wp-json\/wp\/v2\/categories?post=26529"},{"taxonomy":"post_tag","embeddable":true,"href":"https:\/\/www.colegionewman.org\/es_es\/wp-json\/wp\/v2\/tags?post=26529"}],"curies":[{"name":"wp","href":"https:\/\/api.w.org\/{rel}","templated":true}]}}