{"id":26252,"date":"2022-11-09T09:14:48","date_gmt":"2022-11-09T08:14:48","guid":{"rendered":"https:\/\/www.colegionewman.org\/?p=26252"},"modified":"2022-11-09T09:14:48","modified_gmt":"2022-11-09T08:14:48","slug":"vii-feria-de-universidades-del-colegio-newman-23-y-24-de-noviembre","status":"publish","type":"post","link":"https:\/\/www.colegionewman.org\/es_es\/vii-feria-de-universidades-del-colegio-newman-23-y-24-de-noviembre\/","title":{"rendered":"VII Feria de Universidades del Colegio Newman, 23 y 24 de Noviembre"},"content":{"rendered":"<p>El Colegio Internacional JH Newman organiza la VII Feria de Universidades, un evento de orientaci\u00f3n universitaria GRATUITO, abierto a todos. Se trata de un evento en el que los alumnos y sus familiares pueden conocer m\u00e1s de cerca la amplia oferta de estudios posteriores a la ESO y Bachillerato. La Feria se celebra en el hall de nuestro colegio en dos d\u00edas consecutivos,23 y 24 de noviembre, cada uno de los d\u00edas vienen centros diferentes, tanto p\u00fablicos como privados, de todos los \u00e1mbitos del conocimiento. El objetivo de este evento es acercar a los alumnos la creciente oferta formativa universitaria y no universitaria adem\u00e1s de otras instituciones implicadas en la movilidad de estudiantes en el extranjero, de manera que puedan establecer un di\u00e1logo en un \u00e1mbito cercano con los diferentes asistentes.<\/p>\n<p>Adem\u00e1s de las mesas informativos el evento ofrece presentaciones en vivo de algunas de las instituciones educativas asistentes en diferentes charlas.<\/p>\n<p>El Colegio Newman en el barrio de San Blas organiza la s\u00e9ptima edici\u00f3n de esta feria en la que participar\u00e1n los alumnos de 4\u00ba de ESO y Bachillerato, as\u00ed como padres y educadores interesados en recibir consejos que les orienten de una manera m\u00e1s certera en la formaci\u00f3n universitaria. Adem\u00e1s, pueden asistir los centros educativos interesados con sus alumnos pero deben solicitarlo previamente al centro.<\/p>\n<p><strong>23 de noviembre<\/strong><\/p>\n<p>Universidad Villanueva<\/p>\n<p>Universidad Europea de Madrid<\/p>\n<p>CEDEU<\/p>\n<p>EDUCOWAY<\/p>\n<p>UFV<\/p>\n<p>U-tad<\/p>\n<p>ESNE &#8211; Universidad de Dise\u00f1o y Tecnolog\u00eda<\/p>\n<p>Escuela Universitaria de Artes TAI<\/p>\n<p>Centro de Estudios Garrigues<\/p>\n<p>Universidad Alfonso X<\/p>\n<p>CEU SAN PABLO<\/p>\n<p>Universidad Carlos III de Madrid<\/p>\n<p>&nbsp;<\/p>\n<p><strong>24 de noviembre<\/strong><\/p>\n<p>Universidad Polit\u00e9cnica de Madrid<\/p>\n<p>Universidad Nebrija<\/p>\n<p>EUHT StPOL Escuela Universitaria de Hoteler\u00eda y Turismo<\/p>\n<p>CUNEF universidad<\/p>\n<p>Universidad Rey Juan Carlos<\/p>\n<p>Universidad de Navarra<\/p>\n<p>IEB<\/p>\n<p>Fuerzas Armadas<\/p>\n<p>Escuela Internacional de Protocolo<\/p>\n<p>CES DESIGN &amp; CES ESCUELA SUPERIOR DE IMAGEN Y SONIDO<\/p>\n<div id=\"attachment_26292\" style=\"width: 1597px\" class=\"wp-caption alignnone\"><img loading=\"lazy\" decoding=\"async\" aria-describedby=\"caption-attachment-26292\" class=\"size-full wp-image-26292\" src=\"https:\/\/www.colegionewman.org\/wp-content\/uploads\/2022\/11\/UNIVERSIDADES.jpg\" alt=\"\" width=\"1587\" height=\"2245\" \/><p id=\"caption-attachment-26292\" class=\"wp-caption-text\">Colegio Newman<\/p><\/div>\n<p>CES DESIGN &amp; CES ESCUELA SUPERIOR DE IMAGEN Y SONIDO<\/p>\n","protected":false},"excerpt":{"rendered":"<p>El Colegio Internacional JH Newman organiza la VII Feria de Universidades, un evento de orientaci\u00f3n universitaria GRATUITO, abierto a todos. Se trata de un evento en el que los alumnos y sus familiares pueden conocer m\u00e1s de cerca la amplia oferta de estudios posteriores a la ESO y Bachillerato. La Feria se celebra en el [&hellip;]<\/p>\n","protected":false},"author":2,"featured_media":26253,"comment_status":"open","ping_status":"open","sticky":false,"template":"","format":"standard","meta":{"footnotes":""},"categories":[17,72,47,87,249,16],"tags":[26,413],"class_list":["post-26252","post","type-post","status-publish","format-standard","has-post-thumbnail","hentry","category-bachillerato","category-colegio","category-eventos","category-noticias","category-prensa","category-secundaria","tag-colegio-newman","tag-feria-de-universidades"],"yoast_head":"<!-- This site is optimized with the Yoast SEO plugin v27.3 - https:\/\/yoast.com\/product\/yoast-seo-wordpress\/ -->\n<title>Feria de universidades del colegio internacional Madrid<\/title>\n<meta name=\"description\" content=\"El Colegio Newman celebra su VII Feria de Universidades, un referente en orientaci\u00f3n educativa para Madrid.\" \/>\n<meta name=\"robots\" content=\"index, follow, max-snippet:-1, max-image-preview:large, max-video-preview:-1\" \/>\n<link rel=\"canonical\" href=\"https:\/\/www.colegionewman.org\/es_es\/vii-feria-de-universidades-del-colegio-newman-23-y-24-de-noviembre\/\" \/>\n<meta property=\"og:locale\" content=\"es_ES\" \/>\n<meta property=\"og:type\" content=\"article\" \/>\n<meta property=\"og:title\" content=\"Feria de universidades del colegio internacional Madrid\" \/>\n<meta property=\"og:description\" content=\"El Colegio Newman celebra su VII Feria de Universidades, un referente en orientaci\u00f3n educativa para Madrid.\" \/>\n<meta property=\"og:url\" content=\"https:\/\/www.colegionewman.org\/es_es\/vii-feria-de-universidades-del-colegio-newman-23-y-24-de-noviembre\/\" \/>\n<meta property=\"og:site_name\" content=\"Colegio Internacional J.H. Newman\" \/>\n<meta property=\"article:published_time\" content=\"2022-11-09T08:14:48+00:00\" \/>\n<meta property=\"og:image\" content=\"https:\/\/www.colegionewman.org\/wp-content\/uploads\/Logo-Newman-1.png\" \/>\n\t<meta property=\"og:image:width\" content=\"3385\" \/>\n\t<meta property=\"og:image:height\" content=\"1509\" \/>\n\t<meta property=\"og:image:type\" content=\"image\/png\" \/>\n<meta name=\"author\" content=\"comunicacionnewman\" \/>\n<meta name=\"twitter:card\" content=\"summary_large_image\" \/>\n<meta name=\"twitter:label1\" content=\"Escrito por\" \/>\n\t<meta name=\"twitter:data1\" content=\"comunicacionnewman\" \/>\n\t<meta name=\"twitter:label2\" content=\"Tiempo de lectura\" \/>\n\t<meta name=\"twitter:data2\" content=\"2 minutos\" \/>\n<script type=\"application\/ld+json\" class=\"yoast-schema-graph\">{\"@context\":\"https:\\\/\\\/schema.org\",\"@graph\":[{\"@type\":\"Article\",\"@id\":\"https:\\\/\\\/www.colegionewman.org\\\/vii-feria-de-universidades-del-colegio-newman-23-y-24-de-noviembre\\\/#article\",\"isPartOf\":{\"@id\":\"https:\\\/\\\/www.colegionewman.org\\\/vii-feria-de-universidades-del-colegio-newman-23-y-24-de-noviembre\\\/\"},\"author\":{\"name\":\"comunicacionnewman\",\"@id\":\"https:\\\/\\\/www.colegionewman.org\\\/#\\\/schema\\\/person\\\/2799c0d82b571b9f7abb79410090fab8\"},\"headline\":\"VII Feria de Universidades del Colegio Newman, 23 y 24 de Noviembre\",\"datePublished\":\"2022-11-09T08:14:48+00:00\",\"mainEntityOfPage\":{\"@id\":\"https:\\\/\\\/www.colegionewman.org\\\/vii-feria-de-universidades-del-colegio-newman-23-y-24-de-noviembre\\\/\"},\"wordCount\":344,\"commentCount\":0,\"publisher\":{\"@id\":\"https:\\\/\\\/www.colegionewman.org\\\/#organization\"},\"image\":{\"@id\":\"https:\\\/\\\/www.colegionewman.org\\\/vii-feria-de-universidades-del-colegio-newman-23-y-24-de-noviembre\\\/#primaryimage\"},\"thumbnailUrl\":\"\",\"keywords\":[\"Colegio Newman\",\"Feria de Universidades\"],\"articleSection\":[\"Bachillerato\",\"Colegio\",\"Eventos\",\"Noticias\",\"Prensa\",\"Secundaria\"],\"inLanguage\":\"es\",\"potentialAction\":[{\"@type\":\"CommentAction\",\"name\":\"Comment\",\"target\":[\"https:\\\/\\\/www.colegionewman.org\\\/vii-feria-de-universidades-del-colegio-newman-23-y-24-de-noviembre\\\/#respond\"]}]},{\"@type\":\"WebPage\",\"@id\":\"https:\\\/\\\/www.colegionewman.org\\\/vii-feria-de-universidades-del-colegio-newman-23-y-24-de-noviembre\\\/\",\"url\":\"https:\\\/\\\/www.colegionewman.org\\\/vii-feria-de-universidades-del-colegio-newman-23-y-24-de-noviembre\\\/\",\"name\":\"Feria de universidades del colegio internacional Madrid\",\"isPartOf\":{\"@id\":\"https:\\\/\\\/www.colegionewman.org\\\/#website\"},\"primaryImageOfPage\":{\"@id\":\"https:\\\/\\\/www.colegionewman.org\\\/vii-feria-de-universidades-del-colegio-newman-23-y-24-de-noviembre\\\/#primaryimage\"},\"image\":{\"@id\":\"https:\\\/\\\/www.colegionewman.org\\\/vii-feria-de-universidades-del-colegio-newman-23-y-24-de-noviembre\\\/#primaryimage\"},\"thumbnailUrl\":\"\",\"datePublished\":\"2022-11-09T08:14:48+00:00\",\"description\":\"El Colegio Newman celebra su VII Feria de Universidades, un referente en orientaci\u00f3n educativa para Madrid.\",\"breadcrumb\":{\"@id\":\"https:\\\/\\\/www.colegionewman.org\\\/vii-feria-de-universidades-del-colegio-newman-23-y-24-de-noviembre\\\/#breadcrumb\"},\"inLanguage\":\"es\",\"potentialAction\":[{\"@type\":\"ReadAction\",\"target\":[\"https:\\\/\\\/www.colegionewman.org\\\/vii-feria-de-universidades-del-colegio-newman-23-y-24-de-noviembre\\\/\"]}]},{\"@type\":\"ImageObject\",\"inLanguage\":\"es\",\"@id\":\"https:\\\/\\\/www.colegionewman.org\\\/vii-feria-de-universidades-del-colegio-newman-23-y-24-de-noviembre\\\/#primaryimage\",\"url\":\"\",\"contentUrl\":\"\"},{\"@type\":\"BreadcrumbList\",\"@id\":\"https:\\\/\\\/www.colegionewman.org\\\/vii-feria-de-universidades-del-colegio-newman-23-y-24-de-noviembre\\\/#breadcrumb\",\"itemListElement\":[{\"@type\":\"ListItem\",\"position\":1,\"name\":\"Portada\",\"item\":\"https:\\\/\\\/www.colegionewman.org\\\/\"},{\"@type\":\"ListItem\",\"position\":2,\"name\":\"VII Feria de Universidades del Colegio Newman, 23 y 24 de Noviembre\"}]},{\"@type\":\"WebSite\",\"@id\":\"https:\\\/\\\/www.colegionewman.org\\\/#website\",\"url\":\"https:\\\/\\\/www.colegionewman.org\\\/\",\"name\":\"Colegio Internacional J.H. Newman\",\"description\":\"Un colegio que te abre al mundo\",\"publisher\":{\"@id\":\"https:\\\/\\\/www.colegionewman.org\\\/#organization\"},\"alternateName\":\"Colegio Newman\",\"potentialAction\":[{\"@type\":\"SearchAction\",\"target\":{\"@type\":\"EntryPoint\",\"urlTemplate\":\"https:\\\/\\\/www.colegionewman.org\\\/?s={search_term_string}\"},\"query-input\":{\"@type\":\"PropertyValueSpecification\",\"valueRequired\":true,\"valueName\":\"search_term_string\"}}],\"inLanguage\":\"es\"},{\"@type\":\"Organization\",\"@id\":\"https:\\\/\\\/www.colegionewman.org\\\/#organization\",\"name\":\"Colegio Internacional J.H. Newman\",\"alternateName\":\"Colegio Newman\",\"url\":\"https:\\\/\\\/www.colegionewman.org\\\/\",\"logo\":{\"@type\":\"ImageObject\",\"inLanguage\":\"es\",\"@id\":\"https:\\\/\\\/www.colegionewman.org\\\/#\\\/schema\\\/logo\\\/image\\\/\",\"url\":\"https:\\\/\\\/www.colegionewman.org\\\/wp-content\\\/uploads\\\/logo_mini_newman_Mesa-de-trabajo-1.png\",\"contentUrl\":\"https:\\\/\\\/www.colegionewman.org\\\/wp-content\\\/uploads\\\/logo_mini_newman_Mesa-de-trabajo-1.png\",\"width\":750,\"height\":750,\"caption\":\"Colegio Internacional J.H. Newman\"},\"image\":{\"@id\":\"https:\\\/\\\/www.colegionewman.org\\\/#\\\/schema\\\/logo\\\/image\\\/\"},\"sameAs\":[\"https:\\\/\\\/www.instagram.com\\\/colegiojhnewman\\\/\",\"https:\\\/\\\/www.youtube.com\\\/channel\\\/UCUEVCANGRsznbp-DRfSrexw\",\"https:\\\/\\\/www.linkedin.com\\\/company\\\/colegio-internacional-jh-newman\"]},{\"@type\":\"Person\",\"@id\":\"https:\\\/\\\/www.colegionewman.org\\\/#\\\/schema\\\/person\\\/2799c0d82b571b9f7abb79410090fab8\",\"name\":\"comunicacionnewman\",\"image\":{\"@type\":\"ImageObject\",\"inLanguage\":\"es\",\"@id\":\"https:\\\/\\\/secure.gravatar.com\\\/avatar\\\/d27069ebe1333a06be57ea6fc363509158ffbff50e35630dc631005391d81c95?s=96&d=mm&r=g\",\"url\":\"https:\\\/\\\/secure.gravatar.com\\\/avatar\\\/d27069ebe1333a06be57ea6fc363509158ffbff50e35630dc631005391d81c95?s=96&d=mm&r=g\",\"contentUrl\":\"https:\\\/\\\/secure.gravatar.com\\\/avatar\\\/d27069ebe1333a06be57ea6fc363509158ffbff50e35630dc631005391d81c95?s=96&d=mm&r=g\",\"caption\":\"comunicacionnewman\"},\"url\":\"https:\\\/\\\/www.colegionewman.org\\\/es_es\\\/author\\\/comunicacionnewman\\\/\"}]}<\/script>\n<!-- \/ Yoast SEO plugin. -->","yoast_head_json":{"title":"Feria de universidades del colegio internacional Madrid","description":"El Colegio Newman celebra su VII Feria de Universidades, un referente en orientaci\u00f3n educativa para Madrid.","robots":{"index":"index","follow":"follow","max-snippet":"max-snippet:-1","max-image-preview":"max-image-preview:large","max-video-preview":"max-video-preview:-1"},"canonical":"https:\/\/www.colegionewman.org\/es_es\/vii-feria-de-universidades-del-colegio-newman-23-y-24-de-noviembre\/","og_locale":"es_ES","og_type":"article","og_title":"Feria de universidades del colegio internacional Madrid","og_description":"El Colegio Newman celebra su VII Feria de Universidades, un referente en orientaci\u00f3n educativa para Madrid.","og_url":"https:\/\/www.colegionewman.org\/es_es\/vii-feria-de-universidades-del-colegio-newman-23-y-24-de-noviembre\/","og_site_name":"Colegio Internacional J.H. Newman","article_published_time":"2022-11-09T08:14:48+00:00","og_image":[{"width":3385,"height":1509,"url":"https:\/\/www.colegionewman.org\/wp-content\/uploads\/Logo-Newman-1.png","type":"image\/png"}],"author":"comunicacionnewman","twitter_card":"summary_large_image","twitter_misc":{"Escrito por":"comunicacionnewman","Tiempo de lectura":"2 minutos"},"schema":{"@context":"https:\/\/schema.org","@graph":[{"@type":"Article","@id":"https:\/\/www.colegionewman.org\/vii-feria-de-universidades-del-colegio-newman-23-y-24-de-noviembre\/#article","isPartOf":{"@id":"https:\/\/www.colegionewman.org\/vii-feria-de-universidades-del-colegio-newman-23-y-24-de-noviembre\/"},"author":{"name":"comunicacionnewman","@id":"https:\/\/www.colegionewman.org\/#\/schema\/person\/2799c0d82b571b9f7abb79410090fab8"},"headline":"VII Feria de Universidades del Colegio Newman, 23 y 24 de Noviembre","datePublished":"2022-11-09T08:14:48+00:00","mainEntityOfPage":{"@id":"https:\/\/www.colegionewman.org\/vii-feria-de-universidades-del-colegio-newman-23-y-24-de-noviembre\/"},"wordCount":344,"commentCount":0,"publisher":{"@id":"https:\/\/www.colegionewman.org\/#organization"},"image":{"@id":"https:\/\/www.colegionewman.org\/vii-feria-de-universidades-del-colegio-newman-23-y-24-de-noviembre\/#primaryimage"},"thumbnailUrl":"","keywords":["Colegio Newman","Feria de Universidades"],"articleSection":["Bachillerato","Colegio","Eventos","Noticias","Prensa","Secundaria"],"inLanguage":"es","potentialAction":[{"@type":"CommentAction","name":"Comment","target":["https:\/\/www.colegionewman.org\/vii-feria-de-universidades-del-colegio-newman-23-y-24-de-noviembre\/#respond"]}]},{"@type":"WebPage","@id":"https:\/\/www.colegionewman.org\/vii-feria-de-universidades-del-colegio-newman-23-y-24-de-noviembre\/","url":"https:\/\/www.colegionewman.org\/vii-feria-de-universidades-del-colegio-newman-23-y-24-de-noviembre\/","name":"Feria de universidades del colegio internacional Madrid","isPartOf":{"@id":"https:\/\/www.colegionewman.org\/#website"},"primaryImageOfPage":{"@id":"https:\/\/www.colegionewman.org\/vii-feria-de-universidades-del-colegio-newman-23-y-24-de-noviembre\/#primaryimage"},"image":{"@id":"https:\/\/www.colegionewman.org\/vii-feria-de-universidades-del-colegio-newman-23-y-24-de-noviembre\/#primaryimage"},"thumbnailUrl":"","datePublished":"2022-11-09T08:14:48+00:00","description":"El Colegio Newman celebra su VII Feria de Universidades, un referente en orientaci\u00f3n educativa para Madrid.","breadcrumb":{"@id":"https:\/\/www.colegionewman.org\/vii-feria-de-universidades-del-colegio-newman-23-y-24-de-noviembre\/#breadcrumb"},"inLanguage":"es","potentialAction":[{"@type":"ReadAction","target":["https:\/\/www.colegionewman.org\/vii-feria-de-universidades-del-colegio-newman-23-y-24-de-noviembre\/"]}]},{"@type":"ImageObject","inLanguage":"es","@id":"https:\/\/www.colegionewman.org\/vii-feria-de-universidades-del-colegio-newman-23-y-24-de-noviembre\/#primaryimage","url":"","contentUrl":""},{"@type":"BreadcrumbList","@id":"https:\/\/www.colegionewman.org\/vii-feria-de-universidades-del-colegio-newman-23-y-24-de-noviembre\/#breadcrumb","itemListElement":[{"@type":"ListItem","position":1,"name":"Portada","item":"https:\/\/www.colegionewman.org\/"},{"@type":"ListItem","position":2,"name":"VII Feria de Universidades del Colegio Newman, 23 y 24 de Noviembre"}]},{"@type":"WebSite","@id":"https:\/\/www.colegionewman.org\/#website","url":"https:\/\/www.colegionewman.org\/","name":"Colegio Internacional J.H. Newman","description":"Un colegio que te abre al mundo","publisher":{"@id":"https:\/\/www.colegionewman.org\/#organization"},"alternateName":"Colegio Newman","potentialAction":[{"@type":"SearchAction","target":{"@type":"EntryPoint","urlTemplate":"https:\/\/www.colegionewman.org\/?s={search_term_string}"},"query-input":{"@type":"PropertyValueSpecification","valueRequired":true,"valueName":"search_term_string"}}],"inLanguage":"es"},{"@type":"Organization","@id":"https:\/\/www.colegionewman.org\/#organization","name":"Colegio Internacional J.H. Newman","alternateName":"Colegio Newman","url":"https:\/\/www.colegionewman.org\/","logo":{"@type":"ImageObject","inLanguage":"es","@id":"https:\/\/www.colegionewman.org\/#\/schema\/logo\/image\/","url":"https:\/\/www.colegionewman.org\/wp-content\/uploads\/logo_mini_newman_Mesa-de-trabajo-1.png","contentUrl":"https:\/\/www.colegionewman.org\/wp-content\/uploads\/logo_mini_newman_Mesa-de-trabajo-1.png","width":750,"height":750,"caption":"Colegio Internacional J.H. Newman"},"image":{"@id":"https:\/\/www.colegionewman.org\/#\/schema\/logo\/image\/"},"sameAs":["https:\/\/www.instagram.com\/colegiojhnewman\/","https:\/\/www.youtube.com\/channel\/UCUEVCANGRsznbp-DRfSrexw","https:\/\/www.linkedin.com\/company\/colegio-internacional-jh-newman"]},{"@type":"Person","@id":"https:\/\/www.colegionewman.org\/#\/schema\/person\/2799c0d82b571b9f7abb79410090fab8","name":"comunicacionnewman","image":{"@type":"ImageObject","inLanguage":"es","@id":"https:\/\/secure.gravatar.com\/avatar\/d27069ebe1333a06be57ea6fc363509158ffbff50e35630dc631005391d81c95?s=96&d=mm&r=g","url":"https:\/\/secure.gravatar.com\/avatar\/d27069ebe1333a06be57ea6fc363509158ffbff50e35630dc631005391d81c95?s=96&d=mm&r=g","contentUrl":"https:\/\/secure.gravatar.com\/avatar\/d27069ebe1333a06be57ea6fc363509158ffbff50e35630dc631005391d81c95?s=96&d=mm&r=g","caption":"comunicacionnewman"},"url":"https:\/\/www.colegionewman.org\/es_es\/author\/comunicacionnewman\/"}]}},"_links":{"self":[{"href":"https:\/\/www.colegionewman.org\/es_es\/wp-json\/wp\/v2\/posts\/26252","targetHints":{"allow":["GET"]}}],"collection":[{"href":"https:\/\/www.colegionewman.org\/es_es\/wp-json\/wp\/v2\/posts"}],"about":[{"href":"https:\/\/www.colegionewman.org\/es_es\/wp-json\/wp\/v2\/types\/post"}],"author":[{"embeddable":true,"href":"https:\/\/www.colegionewman.org\/es_es\/wp-json\/wp\/v2\/users\/2"}],"replies":[{"embeddable":true,"href":"https:\/\/www.colegionewman.org\/es_es\/wp-json\/wp\/v2\/comments?post=26252"}],"version-history":[{"count":0,"href":"https:\/\/www.colegionewman.org\/es_es\/wp-json\/wp\/v2\/posts\/26252\/revisions"}],"wp:featuredmedia":[{"embeddable":true,"href":"https:\/\/www.colegionewman.org\/es_es\/wp-json\/"}],"wp:attachment":[{"href":"https:\/\/www.colegionewman.org\/es_es\/wp-json\/wp\/v2\/media?parent=26252"}],"wp:term":[{"taxonomy":"category","embeddable":true,"href":"https:\/\/www.colegionewman.org\/es_es\/wp-json\/wp\/v2\/categories?post=26252"},{"taxonomy":"post_tag","embeddable":true,"href":"https:\/\/www.colegionewman.org\/es_es\/wp-json\/wp\/v2\/tags?post=26252"}],"curies":[{"name":"wp","href":"https:\/\/api.w.org\/{rel}","templated":true}]}}