{"id":26149,"date":"2022-10-23T11:24:32","date_gmt":"2022-10-23T09:24:32","guid":{"rendered":"https:\/\/www.colegionewman.org\/?p=26149"},"modified":"2022-10-23T11:24:32","modified_gmt":"2022-10-23T09:24:32","slug":"visita-educativa-a-irlanda","status":"publish","type":"post","link":"https:\/\/www.colegionewman.org\/es_es\/visita-educativa-a-irlanda\/","title":{"rendered":"Visita educativa a Irlanda"},"content":{"rendered":"<p>El departamento de Relaciones Internacionales, el coordinador de Secundaria y los directores de Ingl\u00e9s de Primaria y Secundaria de Colegio Newman han realizado una viaje educativo a Irlanda para visitar a nuestros alumnos de 3\u00bay 4\u00ba ESO que est\u00e1n realizando una estancia trimestral en el <a href=\"https:\/\/www.colaistecc.ie\/\">Col\u00e1iste Ch\u00fa Chulainn <\/a>en la ciudad de Dundalk. Y tambi\u00e9n St. Louis y De La Salle.<\/p>\n<p><img loading=\"lazy\" decoding=\"async\" class=\"alignnone size-full wp-image-26143\" src=\"https:\/\/www.colegionewman.org\/wp-content\/uploads\/2022\/10\/COLEGIO-NEWMAN-RELACIONES-INTERNACIONALES-5.jpg\" alt=\"\" width=\"820\" height=\"530\" \/> <img loading=\"lazy\" decoding=\"async\" class=\"alignnone size-full wp-image-26142\" src=\"https:\/\/www.colegionewman.org\/wp-content\/uploads\/2022\/10\/COLEGIO-NEWMAN-RELACIONES-INTERNACIONALES-4.jpg\" alt=\"\" width=\"820\" height=\"530\" \/>\u00a0 <img loading=\"lazy\" decoding=\"async\" class=\"alignnone size-full wp-image-26140\" src=\"https:\/\/www.colegionewman.org\/wp-content\/uploads\/2022\/10\/COLEGIO-NEWMAN-RELACIONES-INTERNACIONALES-2.jpg\" alt=\"\" width=\"820\" height=\"530\" \/><\/p>\n","protected":false},"excerpt":{"rendered":"<p>El departamento de Relaciones Internacionales, el coordinador de Secundaria y los directores de Ingl\u00e9s de Primaria y Secundaria de Colegio Newman han realizado una viaje educativo a Irlanda para visitar a nuestros alumnos de 3\u00bay 4\u00ba ESO que est\u00e1n realizando una estancia trimestral en el Col\u00e1iste Ch\u00fa Chulainn en la ciudad de Dundalk. Y tambi\u00e9n [&hellip;]<\/p>\n","protected":false},"author":2,"featured_media":26141,"comment_status":"open","ping_status":"open","sticky":false,"template":"","format":"standard","meta":{"footnotes":""},"categories":[72,47,87,249,15,16],"tags":[1272,26,1273],"class_list":["post-26149","post","type-post","status-publish","format-standard","has-post-thumbnail","hentry","category-colegio","category-eventos","category-noticias","category-prensa","category-primaria","category-secundaria","tag-colaiste-chu-chulainn","tag-colegio-newman","tag-irlanda"],"yoast_head":"<!-- This site is optimized with the Yoast SEO plugin v27.3 - https:\/\/yoast.com\/product\/yoast-seo-wordpress\/ -->\n<title>Visita educativa del Colegio Newman a Irlanda<\/title>\n<meta name=\"description\" content=\"El Colegio Newman realiza una visita educativa a Irlanda, reforzando su car\u00e1cter de colegio internacional Madrid.\" \/>\n<meta name=\"robots\" content=\"index, follow, max-snippet:-1, max-image-preview:large, max-video-preview:-1\" \/>\n<link rel=\"canonical\" href=\"https:\/\/www.colegionewman.org\/es_es\/visita-educativa-a-irlanda\/\" \/>\n<meta property=\"og:locale\" content=\"es_ES\" \/>\n<meta property=\"og:type\" content=\"article\" \/>\n<meta property=\"og:title\" content=\"Visita educativa del Colegio Newman a Irlanda\" \/>\n<meta property=\"og:description\" content=\"El Colegio Newman realiza una visita educativa a Irlanda, reforzando su car\u00e1cter de colegio internacional Madrid.\" \/>\n<meta property=\"og:url\" content=\"https:\/\/www.colegionewman.org\/es_es\/visita-educativa-a-irlanda\/\" \/>\n<meta property=\"og:site_name\" content=\"Colegio Internacional J.H. Newman\" \/>\n<meta property=\"article:published_time\" content=\"2022-10-23T09:24:32+00:00\" \/>\n<meta property=\"og:image\" content=\"https:\/\/www.colegionewman.org\/wp-content\/uploads\/Logo-Newman-1.png\" \/>\n\t<meta property=\"og:image:width\" content=\"3385\" \/>\n\t<meta property=\"og:image:height\" content=\"1509\" \/>\n\t<meta property=\"og:image:type\" content=\"image\/png\" \/>\n<meta name=\"author\" content=\"comunicacionnewman\" \/>\n<meta name=\"twitter:card\" content=\"summary_large_image\" \/>\n<meta name=\"twitter:label1\" content=\"Escrito por\" \/>\n\t<meta name=\"twitter:data1\" content=\"comunicacionnewman\" \/>\n\t<meta name=\"twitter:label2\" content=\"Tiempo de lectura\" \/>\n\t<meta name=\"twitter:data2\" content=\"1 minuto\" \/>\n<script type=\"application\/ld+json\" class=\"yoast-schema-graph\">{\"@context\":\"https:\\\/\\\/schema.org\",\"@graph\":[{\"@type\":\"Article\",\"@id\":\"https:\\\/\\\/www.colegionewman.org\\\/visita-educativa-a-irlanda\\\/#article\",\"isPartOf\":{\"@id\":\"https:\\\/\\\/www.colegionewman.org\\\/visita-educativa-a-irlanda\\\/\"},\"author\":{\"name\":\"comunicacionnewman\",\"@id\":\"https:\\\/\\\/www.colegionewman.org\\\/#\\\/schema\\\/person\\\/2799c0d82b571b9f7abb79410090fab8\"},\"headline\":\"Visita educativa a Irlanda\",\"datePublished\":\"2022-10-23T09:24:32+00:00\",\"mainEntityOfPage\":{\"@id\":\"https:\\\/\\\/www.colegionewman.org\\\/visita-educativa-a-irlanda\\\/\"},\"wordCount\":68,\"commentCount\":0,\"publisher\":{\"@id\":\"https:\\\/\\\/www.colegionewman.org\\\/#organization\"},\"image\":{\"@id\":\"https:\\\/\\\/www.colegionewman.org\\\/visita-educativa-a-irlanda\\\/#primaryimage\"},\"thumbnailUrl\":\"\",\"keywords\":[\"Col\u00e1iste Ch\u00fa Chulainn\",\"Colegio Newman\",\"irlanda\"],\"articleSection\":[\"Colegio\",\"Eventos\",\"Noticias\",\"Prensa\",\"Primaria\",\"Secundaria\"],\"inLanguage\":\"es\",\"potentialAction\":[{\"@type\":\"CommentAction\",\"name\":\"Comment\",\"target\":[\"https:\\\/\\\/www.colegionewman.org\\\/visita-educativa-a-irlanda\\\/#respond\"]}]},{\"@type\":\"WebPage\",\"@id\":\"https:\\\/\\\/www.colegionewman.org\\\/visita-educativa-a-irlanda\\\/\",\"url\":\"https:\\\/\\\/www.colegionewman.org\\\/visita-educativa-a-irlanda\\\/\",\"name\":\"Visita educativa del Colegio Newman a Irlanda\",\"isPartOf\":{\"@id\":\"https:\\\/\\\/www.colegionewman.org\\\/#website\"},\"primaryImageOfPage\":{\"@id\":\"https:\\\/\\\/www.colegionewman.org\\\/visita-educativa-a-irlanda\\\/#primaryimage\"},\"image\":{\"@id\":\"https:\\\/\\\/www.colegionewman.org\\\/visita-educativa-a-irlanda\\\/#primaryimage\"},\"thumbnailUrl\":\"\",\"datePublished\":\"2022-10-23T09:24:32+00:00\",\"description\":\"El Colegio Newman realiza una visita educativa a Irlanda, reforzando su car\u00e1cter de colegio internacional Madrid.\",\"breadcrumb\":{\"@id\":\"https:\\\/\\\/www.colegionewman.org\\\/visita-educativa-a-irlanda\\\/#breadcrumb\"},\"inLanguage\":\"es\",\"potentialAction\":[{\"@type\":\"ReadAction\",\"target\":[\"https:\\\/\\\/www.colegionewman.org\\\/visita-educativa-a-irlanda\\\/\"]}]},{\"@type\":\"ImageObject\",\"inLanguage\":\"es\",\"@id\":\"https:\\\/\\\/www.colegionewman.org\\\/visita-educativa-a-irlanda\\\/#primaryimage\",\"url\":\"\",\"contentUrl\":\"\"},{\"@type\":\"BreadcrumbList\",\"@id\":\"https:\\\/\\\/www.colegionewman.org\\\/visita-educativa-a-irlanda\\\/#breadcrumb\",\"itemListElement\":[{\"@type\":\"ListItem\",\"position\":1,\"name\":\"Portada\",\"item\":\"https:\\\/\\\/www.colegionewman.org\\\/\"},{\"@type\":\"ListItem\",\"position\":2,\"name\":\"Visita educativa a Irlanda\"}]},{\"@type\":\"WebSite\",\"@id\":\"https:\\\/\\\/www.colegionewman.org\\\/#website\",\"url\":\"https:\\\/\\\/www.colegionewman.org\\\/\",\"name\":\"Colegio Internacional J.H. Newman\",\"description\":\"Un colegio que te abre al mundo\",\"publisher\":{\"@id\":\"https:\\\/\\\/www.colegionewman.org\\\/#organization\"},\"alternateName\":\"Colegio Newman\",\"potentialAction\":[{\"@type\":\"SearchAction\",\"target\":{\"@type\":\"EntryPoint\",\"urlTemplate\":\"https:\\\/\\\/www.colegionewman.org\\\/?s={search_term_string}\"},\"query-input\":{\"@type\":\"PropertyValueSpecification\",\"valueRequired\":true,\"valueName\":\"search_term_string\"}}],\"inLanguage\":\"es\"},{\"@type\":\"Organization\",\"@id\":\"https:\\\/\\\/www.colegionewman.org\\\/#organization\",\"name\":\"Colegio Internacional J.H. Newman\",\"alternateName\":\"Colegio Newman\",\"url\":\"https:\\\/\\\/www.colegionewman.org\\\/\",\"logo\":{\"@type\":\"ImageObject\",\"inLanguage\":\"es\",\"@id\":\"https:\\\/\\\/www.colegionewman.org\\\/#\\\/schema\\\/logo\\\/image\\\/\",\"url\":\"https:\\\/\\\/www.colegionewman.org\\\/wp-content\\\/uploads\\\/logo_mini_newman_Mesa-de-trabajo-1.png\",\"contentUrl\":\"https:\\\/\\\/www.colegionewman.org\\\/wp-content\\\/uploads\\\/logo_mini_newman_Mesa-de-trabajo-1.png\",\"width\":750,\"height\":750,\"caption\":\"Colegio Internacional J.H. Newman\"},\"image\":{\"@id\":\"https:\\\/\\\/www.colegionewman.org\\\/#\\\/schema\\\/logo\\\/image\\\/\"},\"sameAs\":[\"https:\\\/\\\/www.instagram.com\\\/colegiojhnewman\\\/\",\"https:\\\/\\\/www.youtube.com\\\/channel\\\/UCUEVCANGRsznbp-DRfSrexw\",\"https:\\\/\\\/www.linkedin.com\\\/company\\\/colegio-internacional-jh-newman\"]},{\"@type\":\"Person\",\"@id\":\"https:\\\/\\\/www.colegionewman.org\\\/#\\\/schema\\\/person\\\/2799c0d82b571b9f7abb79410090fab8\",\"name\":\"comunicacionnewman\",\"image\":{\"@type\":\"ImageObject\",\"inLanguage\":\"es\",\"@id\":\"https:\\\/\\\/secure.gravatar.com\\\/avatar\\\/d27069ebe1333a06be57ea6fc363509158ffbff50e35630dc631005391d81c95?s=96&d=mm&r=g\",\"url\":\"https:\\\/\\\/secure.gravatar.com\\\/avatar\\\/d27069ebe1333a06be57ea6fc363509158ffbff50e35630dc631005391d81c95?s=96&d=mm&r=g\",\"contentUrl\":\"https:\\\/\\\/secure.gravatar.com\\\/avatar\\\/d27069ebe1333a06be57ea6fc363509158ffbff50e35630dc631005391d81c95?s=96&d=mm&r=g\",\"caption\":\"comunicacionnewman\"},\"url\":\"https:\\\/\\\/www.colegionewman.org\\\/es_es\\\/author\\\/comunicacionnewman\\\/\"}]}<\/script>\n<!-- \/ Yoast SEO plugin. -->","yoast_head_json":{"title":"Visita educativa del Colegio Newman a Irlanda","description":"El Colegio Newman realiza una visita educativa a Irlanda, reforzando su car\u00e1cter de colegio internacional Madrid.","robots":{"index":"index","follow":"follow","max-snippet":"max-snippet:-1","max-image-preview":"max-image-preview:large","max-video-preview":"max-video-preview:-1"},"canonical":"https:\/\/www.colegionewman.org\/es_es\/visita-educativa-a-irlanda\/","og_locale":"es_ES","og_type":"article","og_title":"Visita educativa del Colegio Newman a Irlanda","og_description":"El Colegio Newman realiza una visita educativa a Irlanda, reforzando su car\u00e1cter de colegio internacional Madrid.","og_url":"https:\/\/www.colegionewman.org\/es_es\/visita-educativa-a-irlanda\/","og_site_name":"Colegio Internacional J.H. Newman","article_published_time":"2022-10-23T09:24:32+00:00","og_image":[{"width":3385,"height":1509,"url":"https:\/\/www.colegionewman.org\/wp-content\/uploads\/Logo-Newman-1.png","type":"image\/png"}],"author":"comunicacionnewman","twitter_card":"summary_large_image","twitter_misc":{"Escrito por":"comunicacionnewman","Tiempo de lectura":"1 minuto"},"schema":{"@context":"https:\/\/schema.org","@graph":[{"@type":"Article","@id":"https:\/\/www.colegionewman.org\/visita-educativa-a-irlanda\/#article","isPartOf":{"@id":"https:\/\/www.colegionewman.org\/visita-educativa-a-irlanda\/"},"author":{"name":"comunicacionnewman","@id":"https:\/\/www.colegionewman.org\/#\/schema\/person\/2799c0d82b571b9f7abb79410090fab8"},"headline":"Visita educativa a Irlanda","datePublished":"2022-10-23T09:24:32+00:00","mainEntityOfPage":{"@id":"https:\/\/www.colegionewman.org\/visita-educativa-a-irlanda\/"},"wordCount":68,"commentCount":0,"publisher":{"@id":"https:\/\/www.colegionewman.org\/#organization"},"image":{"@id":"https:\/\/www.colegionewman.org\/visita-educativa-a-irlanda\/#primaryimage"},"thumbnailUrl":"","keywords":["Col\u00e1iste Ch\u00fa Chulainn","Colegio Newman","irlanda"],"articleSection":["Colegio","Eventos","Noticias","Prensa","Primaria","Secundaria"],"inLanguage":"es","potentialAction":[{"@type":"CommentAction","name":"Comment","target":["https:\/\/www.colegionewman.org\/visita-educativa-a-irlanda\/#respond"]}]},{"@type":"WebPage","@id":"https:\/\/www.colegionewman.org\/visita-educativa-a-irlanda\/","url":"https:\/\/www.colegionewman.org\/visita-educativa-a-irlanda\/","name":"Visita educativa del Colegio Newman a Irlanda","isPartOf":{"@id":"https:\/\/www.colegionewman.org\/#website"},"primaryImageOfPage":{"@id":"https:\/\/www.colegionewman.org\/visita-educativa-a-irlanda\/#primaryimage"},"image":{"@id":"https:\/\/www.colegionewman.org\/visita-educativa-a-irlanda\/#primaryimage"},"thumbnailUrl":"","datePublished":"2022-10-23T09:24:32+00:00","description":"El Colegio Newman realiza una visita educativa a Irlanda, reforzando su car\u00e1cter de colegio internacional Madrid.","breadcrumb":{"@id":"https:\/\/www.colegionewman.org\/visita-educativa-a-irlanda\/#breadcrumb"},"inLanguage":"es","potentialAction":[{"@type":"ReadAction","target":["https:\/\/www.colegionewman.org\/visita-educativa-a-irlanda\/"]}]},{"@type":"ImageObject","inLanguage":"es","@id":"https:\/\/www.colegionewman.org\/visita-educativa-a-irlanda\/#primaryimage","url":"","contentUrl":""},{"@type":"BreadcrumbList","@id":"https:\/\/www.colegionewman.org\/visita-educativa-a-irlanda\/#breadcrumb","itemListElement":[{"@type":"ListItem","position":1,"name":"Portada","item":"https:\/\/www.colegionewman.org\/"},{"@type":"ListItem","position":2,"name":"Visita educativa a Irlanda"}]},{"@type":"WebSite","@id":"https:\/\/www.colegionewman.org\/#website","url":"https:\/\/www.colegionewman.org\/","name":"Colegio Internacional J.H. Newman","description":"Un colegio que te abre al mundo","publisher":{"@id":"https:\/\/www.colegionewman.org\/#organization"},"alternateName":"Colegio Newman","potentialAction":[{"@type":"SearchAction","target":{"@type":"EntryPoint","urlTemplate":"https:\/\/www.colegionewman.org\/?s={search_term_string}"},"query-input":{"@type":"PropertyValueSpecification","valueRequired":true,"valueName":"search_term_string"}}],"inLanguage":"es"},{"@type":"Organization","@id":"https:\/\/www.colegionewman.org\/#organization","name":"Colegio Internacional J.H. Newman","alternateName":"Colegio Newman","url":"https:\/\/www.colegionewman.org\/","logo":{"@type":"ImageObject","inLanguage":"es","@id":"https:\/\/www.colegionewman.org\/#\/schema\/logo\/image\/","url":"https:\/\/www.colegionewman.org\/wp-content\/uploads\/logo_mini_newman_Mesa-de-trabajo-1.png","contentUrl":"https:\/\/www.colegionewman.org\/wp-content\/uploads\/logo_mini_newman_Mesa-de-trabajo-1.png","width":750,"height":750,"caption":"Colegio Internacional J.H. Newman"},"image":{"@id":"https:\/\/www.colegionewman.org\/#\/schema\/logo\/image\/"},"sameAs":["https:\/\/www.instagram.com\/colegiojhnewman\/","https:\/\/www.youtube.com\/channel\/UCUEVCANGRsznbp-DRfSrexw","https:\/\/www.linkedin.com\/company\/colegio-internacional-jh-newman"]},{"@type":"Person","@id":"https:\/\/www.colegionewman.org\/#\/schema\/person\/2799c0d82b571b9f7abb79410090fab8","name":"comunicacionnewman","image":{"@type":"ImageObject","inLanguage":"es","@id":"https:\/\/secure.gravatar.com\/avatar\/d27069ebe1333a06be57ea6fc363509158ffbff50e35630dc631005391d81c95?s=96&d=mm&r=g","url":"https:\/\/secure.gravatar.com\/avatar\/d27069ebe1333a06be57ea6fc363509158ffbff50e35630dc631005391d81c95?s=96&d=mm&r=g","contentUrl":"https:\/\/secure.gravatar.com\/avatar\/d27069ebe1333a06be57ea6fc363509158ffbff50e35630dc631005391d81c95?s=96&d=mm&r=g","caption":"comunicacionnewman"},"url":"https:\/\/www.colegionewman.org\/es_es\/author\/comunicacionnewman\/"}]}},"_links":{"self":[{"href":"https:\/\/www.colegionewman.org\/es_es\/wp-json\/wp\/v2\/posts\/26149","targetHints":{"allow":["GET"]}}],"collection":[{"href":"https:\/\/www.colegionewman.org\/es_es\/wp-json\/wp\/v2\/posts"}],"about":[{"href":"https:\/\/www.colegionewman.org\/es_es\/wp-json\/wp\/v2\/types\/post"}],"author":[{"embeddable":true,"href":"https:\/\/www.colegionewman.org\/es_es\/wp-json\/wp\/v2\/users\/2"}],"replies":[{"embeddable":true,"href":"https:\/\/www.colegionewman.org\/es_es\/wp-json\/wp\/v2\/comments?post=26149"}],"version-history":[{"count":0,"href":"https:\/\/www.colegionewman.org\/es_es\/wp-json\/wp\/v2\/posts\/26149\/revisions"}],"wp:featuredmedia":[{"embeddable":true,"href":"https:\/\/www.colegionewman.org\/es_es\/wp-json\/"}],"wp:attachment":[{"href":"https:\/\/www.colegionewman.org\/es_es\/wp-json\/wp\/v2\/media?parent=26149"}],"wp:term":[{"taxonomy":"category","embeddable":true,"href":"https:\/\/www.colegionewman.org\/es_es\/wp-json\/wp\/v2\/categories?post=26149"},{"taxonomy":"post_tag","embeddable":true,"href":"https:\/\/www.colegionewman.org\/es_es\/wp-json\/wp\/v2\/tags?post=26149"}],"curies":[{"name":"wp","href":"https:\/\/api.w.org\/{rel}","templated":true}]}}