{"id":31773,"date":"2026-03-09T14:23:28","date_gmt":"2026-03-09T13:23:28","guid":{"rendered":"https:\/\/www.colegionewman.org\/?p=31773"},"modified":"2026-03-09T14:24:13","modified_gmt":"2026-03-09T13:24:13","slug":"ferias-de-arte-ciencia-y-emprendimiento-en-la-sac","status":"publish","type":"post","link":"https:\/\/www.colegionewman.org\/en\/ferias-de-arte-ciencia-y-emprendimiento-en-la-sac\/","title":{"rendered":"Ferias de Arte, Ciencia y Emprendimiento en la SAC"},"content":{"rendered":"<h2 class=\"wp-block-heading\">Durante los d\u00edas 6 y 9 de marzo, ha tenido lugar en el <a href=\"https:\/\/www.colegionewman.org\/en\/\">International College J. H. Newman<\/a>, la feria de la <a href=\"https:\/\/www.colegionewman.org\/en\/sacnewman\/\">Semana de las Artes y las Ciencias (SAC)<\/a>. En estas ferias, nuestros alumnos han tenido la oportunidad de exponer y compartir con el resto de sus compa\u00f1eros, profesores y familiares los trabajos que han estado realizando a lo largo de todo el curso en disciplinas art\u00edsticas, emprendedoras o cient\u00edficas.<\/h2>\n\n\n\n<h3 class=\"wp-block-heading\">Feria de Artes<\/h3>\n\n\n\n<p>El hall, las escaleras, los pasillos y muchas de las paredes del <a href=\"https:\/\/www.colegionewman.org\/en\/\">..<\/a> se han transformado durante unos d\u00edas en aut\u00e9nticas galer\u00edas de museo. Nuestros alumnos de bachillerato, ESO, primaria e incluso infantil han llevado a cabo proyectos art\u00edsticos de todo tipo para la <strong>SAC<\/strong>.<br><br>Este a\u00f1o, el tema que ha inspirado los proyectos ha sido la tradici\u00f3n y la cultura de Espa\u00f1a. Adem\u00e1s, han hecho uso del textil, un elemento que actualmente est\u00e1 muy presente en las creaciones art\u00edsticas.<br><br>Para ello los alumnos han realizado un gran proceso de investigaci\u00f3n con el objetivo de conocer las tradiciones m\u00e1s antiguas de nuestro pa\u00eds y plasmar ese conocimiento en sus obras. Entre las creaciones expuestas, encontramos m\u00e1scaras, trajes regionales, casas tradicionales, reinterpretaciones del famoso toro de Osborne o mantones de manila.<br><\/p>\n\n\n\n<p>Tambi\u00e9n han realizado otros proyectos como elegir un objeto de dise\u00f1o y reinterpretarlo con otras caracter\u00edsticas, incluyendo elementos de la naturaleza y de la cultura espa\u00f1ola; o dise\u00f1ar escaparates en los que quedara reflejada su personalidad, como una representaci\u00f3n visual de su identidad.&nbsp;&nbsp;&nbsp;<\/p>\n\n\n\n<h3 class=\"wp-block-heading\">Feria de Emprendimiento<\/h3>\n\n\n\n<p>Los alumnos de las asignaturas de emprendimiento y econom\u00eda han presentado una gran variedad de proyectos orientados a dar respuesta a necesidades reales de la sociedad.<br><br>Por un lado, han dise\u00f1ado sus propias empresas, que ofrecen servicios pensados para mejorar la vida cotidiana en distintos \u00e1mbitos, como la b\u00fasqueda de vivienda, la instalaci\u00f3n de m\u00e1quinas expendedoras con material escolar y productos de higiene \u00edntima, o iniciativas destinadas a mejorar la convivencia.<br><br>Por otro lado, han trabajado a partir del m\u00e9todo SCAMPER, una t\u00e9cnica creativa que consiste en partir de un objeto ya existente y modificar alguno de sus elementos o funciones para darle una nueva utilidad o perspectiva.<br><br>Entre los ejemplos presentados en la <strong>SAC<\/strong> podemos encontrar propuestas muy ingeniosas, como un bolso con linterna incorporada que permite iluminar su interior y encontrar los objetos con mayor facilidad, inspirado en los sistemas de iluminaci\u00f3n de los armarios. Tambi\u00e9n han redise\u00f1ado marcos tradicionales de fotos para incorporar dibujos, palabras o elementos decorativos, permitiendo as\u00ed personalizar las fotograf\u00edas de una forma m\u00e1s creativa. Otra de las ideas presentadas busca resolver un problema cotidiano: la p\u00e9rdida de calcetines en la lavadora, mediante una bolsa organizadora.<\/p>\n\n\n\n<h3 class=\"wp-block-heading\">Feria de Ciencia<\/h3>\n\n\n\n<p>Los alumnos de la rama cient\u00edfica tambi\u00e9n han llevado a cabo numerosas investigaciones y experimentos de todo tipo. Algunos de ellos, enfocados en el \u00e1mbito de la Inteligencia Artificial, han desarrollado una aplicaci\u00f3n pensada para ayudar a los m\u00e1s j\u00f3venes a organizar su estudio.<br><br>Otros han realizado distintos experimentos y demostraciones cient\u00edficas, como la extracci\u00f3n de ADN de una fresa, la creaci\u00f3n de un instrumento musical utilizando fruta conectada a ordenadores, diversas reacciones qu\u00edmicas o investigaciones sobre la vitamina C. Adem\u00e1s, han llevado a cabo experimentos utilizando materiales del d\u00eda a d\u00eda, como alimentos o rotuladores, y han podido observar fen\u00f3menos f\u00edsicos como el funcionamiento de la presi\u00f3n atmosf\u00e9rica.<br><br>A trav\u00e9s de estos experimentos, los estudiantes han podido comprobar c\u00f3mo la ciencia est\u00e1 presente en muchas situaciones cotidianas, incluso en acciones tan habituales como cargar un tel\u00e9fono m\u00f3vil o un ordenador. Algunas de las reacciones realizadas permiten generar electricidad, lo que muestra de forma pr\u00e1ctica c\u00f3mo se produce la energ\u00eda que utilizamos para nuestros dispositivos electr\u00f3nicos.<\/p>\n\n\n\n<p>Muchos de estos proyectos se han desarrollado dentro del Club de Ciencias del colegio, un espacio en el que los alumnos pueden profundizar en su curiosidad cient\u00edfica y poner en pr\u00e1ctica sus conocimientos.<\/p>\n\n\n\n<h3 class=\"wp-block-heading\">Una experiencia enriquecedora<\/h3>\n\n\n\n<p>Toda esta experiencia supone una gran motivaci\u00f3n para nuestros alumnos, a quienes les ilusiona poder explicar y compartir con sus compa\u00f1eros, profesores y familias aquello en lo que han estado trabajando e investigando durante meses.<br><br>Detr\u00e1s de cada uno de los proyectos presentados en la <strong>SAC<\/strong> hay mucho tiempo, dedicaci\u00f3n y esfuerzo, no solo por parte de los estudiantes, sino tambi\u00e9n de los profesores, que los acompa\u00f1an, orientan y gu\u00edan a lo largo de todo el proceso de aprendizaje.&nbsp;<\/p>\n\n\n\n<p><\/p>\n\n\n\n<p>La programaci\u00f3n de la #SAC continu\u00f3 por la tarde con nuevas actividades. Los alumnos de <strong>1\u00ba de ESO<\/strong> participaron en un gran concurso de juegos de mesa, mientras que los estudiantes de <strong>4\u00ba de ESO<\/strong> asistieron a una jornada de orientaci\u00f3n en la que intervino un antiguo alumno del colegio.<\/p>\n\n\n\n<p>Uno de los momentos m\u00e1s inspiradores del d\u00eda fue la conferencia del deportista paral\u00edmpico <a href=\"https:\/\/www.colegionewman.org\/en\/javier-soto-atleta-paralimpico-y-medallista-en-la-sac-newman-2025\/\" target=\"_blank\" rel=\"noreferrer noopener\"><strong>Javier Soto<\/strong><\/a>, profesor de Ciencias de la Actividad F\u00edsica y del Deporte en la Universidad Aut\u00f3noma de Madrid, investigador del Centro de Estudios sobre Deporte Inclusivo (CEDI) de la Facultad de Ciencias de la Actividad F\u00edsica y del Deporte (INEF-UPM) y director t\u00e9cnico de la Federaci\u00f3n Espa\u00f1ola de Deportes para Sordos. Soto, que naci\u00f3 con sordera, comparti\u00f3 con los alumnos su experiencia deportiva y personal.<\/p>\n\n\n\n<p>Durante su intervenci\u00f3n relat\u00f3 c\u00f3mo ha competido con atletas con y sin discapacidad, ha viajado por todo el mundo con la selecci\u00f3n espa\u00f1ola y ha conseguido numerosas medallas y trofeos a lo largo de su carrera, superando distintas dificultades.<\/p>\n\n\n\n<p>Tras la charla, los alumnos tuvieron la oportunidad de practicar <strong>deportes adaptados<\/strong> en el polideportivo del colegio, una experiencia que les permiti\u00f3 comprender de forma directa los retos y valores del deporte inclusivo.<\/p>\n\n\n\n<p>Adem\u00e1s, a lo largo de la jornada, los recreos estuvieron acompa\u00f1ados por <strong>conciertos de alumnos<\/strong>, que llenaron el colegio de m\u00fasica y contribuyeron a crear un ambiente festivo y participativo durante&nbsp;la #SAC.<\/p>\n\n\n\n<figure class=\"wp-block-embed is-type-video is-provider-youtube wp-block-embed-youtube wp-embed-aspect-16-9 wp-has-aspect-ratio\"><div class=\"wp-block-embed__wrapper\">\n<div class='avia-iframe-wrap'><iframe loading=\"lazy\" title=\"D\u00eda 1 #SAC 26  | Colegio Internacional J.H. Newman\" width=\"1500\" height=\"844\" src=\"https:\/\/www.youtube.com\/embed\/ASfP-jZCYec?feature=oembed\" frameborder=\"0\" allow=\"accelerometer; autoplay; clipboard-write; encrypted-media; gyroscope; picture-in-picture; web-share\" referrerpolicy=\"strict-origin-when-cross-origin\" allowfullscreen><\/iframe><\/div>\n<\/div><\/figure>","protected":false},"excerpt":{"rendered":"<p>Durante los d\u00edas 6 y 9 de marzo, ha tenido lugar en el Colegio Internacional J.H. Newman, la feria de la Semana de las Artes y las Ciencias (SAC). En estas ferias, nuestros alumnos han tenido la oportunidad de exponer y compartir con el resto de sus compa\u00f1eros, profesores y familiares los trabajos que han [&hellip;]<\/p>\n","protected":false},"author":1,"featured_media":31787,"comment_status":"open","ping_status":"open","sticky":false,"template":"","format":"standard","meta":{"footnotes":""},"categories":[1515,17,1412,72,1496,47,1413,16],"tags":[70,354,721,26,548,30,278,421,1538],"class_list":["post-31773","post","type-post","status-publish","format-standard","has-post-thumbnail","hentry","category-arte","category-bachillerato","category-ciencias","category-colegio","category-coro","category-eventos","category-sac","category-secundaria","tag-arte","tag-ciencias","tag-colegio-internacional-jh-newman","tag-colegio-newman","tag-creatividad","tag-educacion","tag-emprendimiento","tag-madrid","tag-sac"],"yoast_head":"<!-- This site is optimized with the Yoast SEO plugin v27.3 - https:\/\/yoast.com\/product\/yoast-seo-wordpress\/ -->\n<title>Ferias de Arte, Ciencia y Emprendimiento en la SAC<\/title>\n<meta name=\"description\" content=\"Arte, ciencia y emprendimiento se unen en la Semana de las Artes y las Ciencias (SAC), donde los alumnos presentan sus proyectos.\" \/>\n<meta name=\"robots\" content=\"index, follow, max-snippet:-1, max-image-preview:large, max-video-preview:-1\" \/>\n<link rel=\"canonical\" href=\"https:\/\/www.colegionewman.org\/en\/ferias-de-arte-ciencia-y-emprendimiento-en-la-sac\/\" \/>\n<meta property=\"og:locale\" content=\"en_GB\" \/>\n<meta property=\"og:type\" content=\"article\" \/>\n<meta property=\"og:title\" content=\"Ferias de Arte, Ciencia y Emprendimiento en la SAC\" \/>\n<meta property=\"og:description\" content=\"Arte, ciencia y emprendimiento se unen en la Semana de las Artes y las Ciencias (SAC), donde los alumnos presentan sus proyectos.\" \/>\n<meta property=\"og:url\" content=\"https:\/\/www.colegionewman.org\/en\/ferias-de-arte-ciencia-y-emprendimiento-en-la-sac\/\" \/>\n<meta property=\"og:site_name\" content=\"Colegio Internacional J.H. Newman\" \/>\n<meta property=\"article:published_time\" content=\"2026-03-09T13:23:28+00:00\" \/>\n<meta property=\"article:modified_time\" content=\"2026-03-09T13:24:13+00:00\" \/>\n<meta property=\"og:image\" content=\"https:\/\/www.colegionewman.org\/wp-content\/uploads\/Ferias-de-Arte-Ciencia-y-Emprendimiento-en-la-SAC.jpeg\" \/>\n\t<meta property=\"og:image:width\" content=\"1600\" \/>\n\t<meta property=\"og:image:height\" content=\"1200\" \/>\n\t<meta property=\"og:image:type\" content=\"image\/jpeg\" \/>\n<meta name=\"author\" content=\"usuario01\" \/>\n<meta name=\"twitter:card\" content=\"summary_large_image\" \/>\n<meta name=\"twitter:label1\" content=\"Written by\" \/>\n\t<meta name=\"twitter:data1\" content=\"usuario01\" \/>\n\t<meta name=\"twitter:label2\" content=\"Estimated reading time\" \/>\n\t<meta name=\"twitter:data2\" content=\"5 minutes\" \/>\n<script type=\"application\/ld+json\" class=\"yoast-schema-graph\">{\"@context\":\"https:\\\/\\\/schema.org\",\"@graph\":[{\"@type\":\"Article\",\"@id\":\"https:\\\/\\\/www.colegionewman.org\\\/ferias-de-arte-ciencia-y-emprendimiento-en-la-sac\\\/#article\",\"isPartOf\":{\"@id\":\"https:\\\/\\\/www.colegionewman.org\\\/ferias-de-arte-ciencia-y-emprendimiento-en-la-sac\\\/\"},\"author\":{\"name\":\"usuario01\",\"@id\":\"https:\\\/\\\/www.colegionewman.org\\\/#\\\/schema\\\/person\\\/8106daec86dc9c621dee981574299879\"},\"headline\":\"Ferias de Arte, Ciencia y Emprendimiento en la SAC\",\"datePublished\":\"2026-03-09T13:23:28+00:00\",\"dateModified\":\"2026-03-09T13:24:13+00:00\",\"mainEntityOfPage\":{\"@id\":\"https:\\\/\\\/www.colegionewman.org\\\/ferias-de-arte-ciencia-y-emprendimiento-en-la-sac\\\/\"},\"wordCount\":1064,\"commentCount\":0,\"publisher\":{\"@id\":\"https:\\\/\\\/www.colegionewman.org\\\/#organization\"},\"image\":{\"@id\":\"https:\\\/\\\/www.colegionewman.org\\\/ferias-de-arte-ciencia-y-emprendimiento-en-la-sac\\\/#primaryimage\"},\"thumbnailUrl\":\"https:\\\/\\\/www.colegionewman.org\\\/wp-content\\\/uploads\\\/Ferias-de-Arte-Ciencia-y-Emprendimiento-en-la-SAC.jpeg\",\"keywords\":[\"Arte\",\"Ciencias\",\"Colegio Internacional JH Newman\",\"Colegio Newman\",\"Creatividad\",\"educaci\u00f3n\",\"Emprendimiento\",\"Madrid\",\"sac\"],\"articleSection\":[\"Arte\",\"Bachillerato\",\"Ciencias\",\"Colegio\",\"Coro\",\"Eventos\",\"SAC\",\"Secundaria\"],\"inLanguage\":\"en-GB\",\"potentialAction\":[{\"@type\":\"CommentAction\",\"name\":\"Comment\",\"target\":[\"https:\\\/\\\/www.colegionewman.org\\\/ferias-de-arte-ciencia-y-emprendimiento-en-la-sac\\\/#respond\"]}]},{\"@type\":\"WebPage\",\"@id\":\"https:\\\/\\\/www.colegionewman.org\\\/ferias-de-arte-ciencia-y-emprendimiento-en-la-sac\\\/\",\"url\":\"https:\\\/\\\/www.colegionewman.org\\\/ferias-de-arte-ciencia-y-emprendimiento-en-la-sac\\\/\",\"name\":\"Ferias de Arte, Ciencia y Emprendimiento en la SAC\",\"isPartOf\":{\"@id\":\"https:\\\/\\\/www.colegionewman.org\\\/#website\"},\"primaryImageOfPage\":{\"@id\":\"https:\\\/\\\/www.colegionewman.org\\\/ferias-de-arte-ciencia-y-emprendimiento-en-la-sac\\\/#primaryimage\"},\"image\":{\"@id\":\"https:\\\/\\\/www.colegionewman.org\\\/ferias-de-arte-ciencia-y-emprendimiento-en-la-sac\\\/#primaryimage\"},\"thumbnailUrl\":\"https:\\\/\\\/www.colegionewman.org\\\/wp-content\\\/uploads\\\/Ferias-de-Arte-Ciencia-y-Emprendimiento-en-la-SAC.jpeg\",\"datePublished\":\"2026-03-09T13:23:28+00:00\",\"dateModified\":\"2026-03-09T13:24:13+00:00\",\"description\":\"Arte, ciencia y emprendimiento se unen en la Semana de las Artes y las Ciencias (SAC), donde los alumnos presentan sus proyectos.\",\"breadcrumb\":{\"@id\":\"https:\\\/\\\/www.colegionewman.org\\\/ferias-de-arte-ciencia-y-emprendimiento-en-la-sac\\\/#breadcrumb\"},\"inLanguage\":\"en-GB\",\"potentialAction\":[{\"@type\":\"ReadAction\",\"target\":[\"https:\\\/\\\/www.colegionewman.org\\\/ferias-de-arte-ciencia-y-emprendimiento-en-la-sac\\\/\"]}]},{\"@type\":\"ImageObject\",\"inLanguage\":\"en-GB\",\"@id\":\"https:\\\/\\\/www.colegionewman.org\\\/ferias-de-arte-ciencia-y-emprendimiento-en-la-sac\\\/#primaryimage\",\"url\":\"https:\\\/\\\/www.colegionewman.org\\\/wp-content\\\/uploads\\\/Ferias-de-Arte-Ciencia-y-Emprendimiento-en-la-SAC.jpeg\",\"contentUrl\":\"https:\\\/\\\/www.colegionewman.org\\\/wp-content\\\/uploads\\\/Ferias-de-Arte-Ciencia-y-Emprendimiento-en-la-SAC.jpeg\",\"width\":1600,\"height\":1200},{\"@type\":\"BreadcrumbList\",\"@id\":\"https:\\\/\\\/www.colegionewman.org\\\/ferias-de-arte-ciencia-y-emprendimiento-en-la-sac\\\/#breadcrumb\",\"itemListElement\":[{\"@type\":\"ListItem\",\"position\":1,\"name\":\"Portada\",\"item\":\"https:\\\/\\\/www.colegionewman.org\\\/\"},{\"@type\":\"ListItem\",\"position\":2,\"name\":\"Ferias de Arte, Ciencia y Emprendimiento en la SAC\"}]},{\"@type\":\"WebSite\",\"@id\":\"https:\\\/\\\/www.colegionewman.org\\\/#website\",\"url\":\"https:\\\/\\\/www.colegionewman.org\\\/\",\"name\":\"Colegio Internacional J.H. Newman\",\"description\":\"Un colegio que te abre al mundo\",\"publisher\":{\"@id\":\"https:\\\/\\\/www.colegionewman.org\\\/#organization\"},\"alternateName\":\"Colegio Newman\",\"potentialAction\":[{\"@type\":\"SearchAction\",\"target\":{\"@type\":\"EntryPoint\",\"urlTemplate\":\"https:\\\/\\\/www.colegionewman.org\\\/?s={search_term_string}\"},\"query-input\":{\"@type\":\"PropertyValueSpecification\",\"valueRequired\":true,\"valueName\":\"search_term_string\"}}],\"inLanguage\":\"en-GB\"},{\"@type\":\"Organization\",\"@id\":\"https:\\\/\\\/www.colegionewman.org\\\/#organization\",\"name\":\"Colegio Internacional J.H. Newman\",\"alternateName\":\"Colegio Newman\",\"url\":\"https:\\\/\\\/www.colegionewman.org\\\/\",\"logo\":{\"@type\":\"ImageObject\",\"inLanguage\":\"en-GB\",\"@id\":\"https:\\\/\\\/www.colegionewman.org\\\/#\\\/schema\\\/logo\\\/image\\\/\",\"url\":\"https:\\\/\\\/www.colegionewman.org\\\/wp-content\\\/uploads\\\/logo_mini_newman_Mesa-de-trabajo-1.png\",\"contentUrl\":\"https:\\\/\\\/www.colegionewman.org\\\/wp-content\\\/uploads\\\/logo_mini_newman_Mesa-de-trabajo-1.png\",\"width\":750,\"height\":750,\"caption\":\"Colegio Internacional J.H. Newman\"},\"image\":{\"@id\":\"https:\\\/\\\/www.colegionewman.org\\\/#\\\/schema\\\/logo\\\/image\\\/\"},\"sameAs\":[\"https:\\\/\\\/www.instagram.com\\\/colegiojhnewman\\\/\",\"https:\\\/\\\/www.youtube.com\\\/channel\\\/UCUEVCANGRsznbp-DRfSrexw\",\"https:\\\/\\\/www.linkedin.com\\\/company\\\/colegio-internacional-jh-newman\"]},{\"@type\":\"Person\",\"@id\":\"https:\\\/\\\/www.colegionewman.org\\\/#\\\/schema\\\/person\\\/8106daec86dc9c621dee981574299879\",\"name\":\"usuario01\",\"image\":{\"@type\":\"ImageObject\",\"inLanguage\":\"en-GB\",\"@id\":\"https:\\\/\\\/secure.gravatar.com\\\/avatar\\\/2cefad0f4eecf4293f29f0087b54fe8c76e9fc1d6aed0ef8a8ecdd2e38e8cd47?s=96&d=mm&r=g\",\"url\":\"https:\\\/\\\/secure.gravatar.com\\\/avatar\\\/2cefad0f4eecf4293f29f0087b54fe8c76e9fc1d6aed0ef8a8ecdd2e38e8cd47?s=96&d=mm&r=g\",\"contentUrl\":\"https:\\\/\\\/secure.gravatar.com\\\/avatar\\\/2cefad0f4eecf4293f29f0087b54fe8c76e9fc1d6aed0ef8a8ecdd2e38e8cd47?s=96&d=mm&r=g\",\"caption\":\"usuario01\"},\"sameAs\":[\"https:\\\/\\\/www.colegionewman.org\"],\"url\":\"https:\\\/\\\/www.colegionewman.org\\\/en\\\/author\\\/usuario01\\\/\"}]}<\/script>\n<!-- \/ Yoast SEO plugin. -->","yoast_head_json":{"title":"Ferias de Arte, Ciencia y Emprendimiento en la SAC","description":"Arte, ciencia y emprendimiento se unen en la Semana de las Artes y las Ciencias (SAC), donde los alumnos presentan sus proyectos.","robots":{"index":"index","follow":"follow","max-snippet":"max-snippet:-1","max-image-preview":"max-image-preview:large","max-video-preview":"max-video-preview:-1"},"canonical":"https:\/\/www.colegionewman.org\/en\/ferias-de-arte-ciencia-y-emprendimiento-en-la-sac\/","og_locale":"en_GB","og_type":"article","og_title":"Ferias de Arte, Ciencia y Emprendimiento en la SAC","og_description":"Arte, ciencia y emprendimiento se unen en la Semana de las Artes y las Ciencias (SAC), donde los alumnos presentan sus proyectos.","og_url":"https:\/\/www.colegionewman.org\/en\/ferias-de-arte-ciencia-y-emprendimiento-en-la-sac\/","og_site_name":"Colegio Internacional J.H. Newman","article_published_time":"2026-03-09T13:23:28+00:00","article_modified_time":"2026-03-09T13:24:13+00:00","og_image":[{"width":1600,"height":1200,"url":"https:\/\/www.colegionewman.org\/wp-content\/uploads\/Ferias-de-Arte-Ciencia-y-Emprendimiento-en-la-SAC.jpeg","type":"image\/jpeg"}],"author":"usuario01","twitter_card":"summary_large_image","twitter_misc":{"Written by":"usuario01","Estimated reading time":"5 minutes"},"schema":{"@context":"https:\/\/schema.org","@graph":[{"@type":"Article","@id":"https:\/\/www.colegionewman.org\/ferias-de-arte-ciencia-y-emprendimiento-en-la-sac\/#article","isPartOf":{"@id":"https:\/\/www.colegionewman.org\/ferias-de-arte-ciencia-y-emprendimiento-en-la-sac\/"},"author":{"name":"usuario01","@id":"https:\/\/www.colegionewman.org\/#\/schema\/person\/8106daec86dc9c621dee981574299879"},"headline":"Ferias de Arte, Ciencia y Emprendimiento en la SAC","datePublished":"2026-03-09T13:23:28+00:00","dateModified":"2026-03-09T13:24:13+00:00","mainEntityOfPage":{"@id":"https:\/\/www.colegionewman.org\/ferias-de-arte-ciencia-y-emprendimiento-en-la-sac\/"},"wordCount":1064,"commentCount":0,"publisher":{"@id":"https:\/\/www.colegionewman.org\/#organization"},"image":{"@id":"https:\/\/www.colegionewman.org\/ferias-de-arte-ciencia-y-emprendimiento-en-la-sac\/#primaryimage"},"thumbnailUrl":"https:\/\/www.colegionewman.org\/wp-content\/uploads\/Ferias-de-Arte-Ciencia-y-Emprendimiento-en-la-SAC.jpeg","keywords":["Arte","Ciencias","Colegio Internacional JH Newman","Colegio Newman","Creatividad","educaci\u00f3n","Emprendimiento","Madrid","sac"],"articleSection":["Arte","Bachillerato","Ciencias","Colegio","Coro","Eventos","SAC","Secundaria"],"inLanguage":"en-GB","potentialAction":[{"@type":"CommentAction","name":"Comment","target":["https:\/\/www.colegionewman.org\/ferias-de-arte-ciencia-y-emprendimiento-en-la-sac\/#respond"]}]},{"@type":"WebPage","@id":"https:\/\/www.colegionewman.org\/ferias-de-arte-ciencia-y-emprendimiento-en-la-sac\/","url":"https:\/\/www.colegionewman.org\/ferias-de-arte-ciencia-y-emprendimiento-en-la-sac\/","name":"Ferias de Arte, Ciencia y Emprendimiento en la SAC","isPartOf":{"@id":"https:\/\/www.colegionewman.org\/#website"},"primaryImageOfPage":{"@id":"https:\/\/www.colegionewman.org\/ferias-de-arte-ciencia-y-emprendimiento-en-la-sac\/#primaryimage"},"image":{"@id":"https:\/\/www.colegionewman.org\/ferias-de-arte-ciencia-y-emprendimiento-en-la-sac\/#primaryimage"},"thumbnailUrl":"https:\/\/www.colegionewman.org\/wp-content\/uploads\/Ferias-de-Arte-Ciencia-y-Emprendimiento-en-la-SAC.jpeg","datePublished":"2026-03-09T13:23:28+00:00","dateModified":"2026-03-09T13:24:13+00:00","description":"Arte, ciencia y emprendimiento se unen en la Semana de las Artes y las Ciencias (SAC), donde los alumnos presentan sus proyectos.","breadcrumb":{"@id":"https:\/\/www.colegionewman.org\/ferias-de-arte-ciencia-y-emprendimiento-en-la-sac\/#breadcrumb"},"inLanguage":"en-GB","potentialAction":[{"@type":"ReadAction","target":["https:\/\/www.colegionewman.org\/ferias-de-arte-ciencia-y-emprendimiento-en-la-sac\/"]}]},{"@type":"ImageObject","inLanguage":"en-GB","@id":"https:\/\/www.colegionewman.org\/ferias-de-arte-ciencia-y-emprendimiento-en-la-sac\/#primaryimage","url":"https:\/\/www.colegionewman.org\/wp-content\/uploads\/Ferias-de-Arte-Ciencia-y-Emprendimiento-en-la-SAC.jpeg","contentUrl":"https:\/\/www.colegionewman.org\/wp-content\/uploads\/Ferias-de-Arte-Ciencia-y-Emprendimiento-en-la-SAC.jpeg","width":1600,"height":1200},{"@type":"BreadcrumbList","@id":"https:\/\/www.colegionewman.org\/ferias-de-arte-ciencia-y-emprendimiento-en-la-sac\/#breadcrumb","itemListElement":[{"@type":"ListItem","position":1,"name":"Portada","item":"https:\/\/www.colegionewman.org\/"},{"@type":"ListItem","position":2,"name":"Ferias de Arte, Ciencia y Emprendimiento en la SAC"}]},{"@type":"WebSite","@id":"https:\/\/www.colegionewman.org\/#website","url":"https:\/\/www.colegionewman.org\/","name":"International College J. H. Newman","description":"Un colegio que te abre al mundo","publisher":{"@id":"https:\/\/www.colegionewman.org\/#organization"},"alternateName":"Colegio Newman","potentialAction":[{"@type":"SearchAction","target":{"@type":"EntryPoint","urlTemplate":"https:\/\/www.colegionewman.org\/?s={search_term_string}"},"query-input":{"@type":"PropertyValueSpecification","valueRequired":true,"valueName":"search_term_string"}}],"inLanguage":"en-GB"},{"@type":"Organization","@id":"https:\/\/www.colegionewman.org\/#organization","name":"International College J. H. Newman","alternateName":"Colegio Newman","url":"https:\/\/www.colegionewman.org\/","logo":{"@type":"ImageObject","inLanguage":"en-GB","@id":"https:\/\/www.colegionewman.org\/#\/schema\/logo\/image\/","url":"https:\/\/www.colegionewman.org\/wp-content\/uploads\/logo_mini_newman_Mesa-de-trabajo-1.png","contentUrl":"https:\/\/www.colegionewman.org\/wp-content\/uploads\/logo_mini_newman_Mesa-de-trabajo-1.png","width":750,"height":750,"caption":"Colegio Internacional J.H. Newman"},"image":{"@id":"https:\/\/www.colegionewman.org\/#\/schema\/logo\/image\/"},"sameAs":["https:\/\/www.instagram.com\/colegiojhnewman\/","https:\/\/www.youtube.com\/channel\/UCUEVCANGRsznbp-DRfSrexw","https:\/\/www.linkedin.com\/company\/colegio-internacional-jh-newman"]},{"@type":"Person","@id":"https:\/\/www.colegionewman.org\/#\/schema\/person\/8106daec86dc9c621dee981574299879","name":"usuario01","image":{"@type":"ImageObject","inLanguage":"en-GB","@id":"https:\/\/secure.gravatar.com\/avatar\/2cefad0f4eecf4293f29f0087b54fe8c76e9fc1d6aed0ef8a8ecdd2e38e8cd47?s=96&d=mm&r=g","url":"https:\/\/secure.gravatar.com\/avatar\/2cefad0f4eecf4293f29f0087b54fe8c76e9fc1d6aed0ef8a8ecdd2e38e8cd47?s=96&d=mm&r=g","contentUrl":"https:\/\/secure.gravatar.com\/avatar\/2cefad0f4eecf4293f29f0087b54fe8c76e9fc1d6aed0ef8a8ecdd2e38e8cd47?s=96&d=mm&r=g","caption":"usuario01"},"sameAs":["https:\/\/www.colegionewman.org"],"url":"https:\/\/www.colegionewman.org\/en\/author\/usuario01\/"}]}},"_links":{"self":[{"href":"https:\/\/www.colegionewman.org\/en\/wp-json\/wp\/v2\/posts\/31773","targetHints":{"allow":["GET"]}}],"collection":[{"href":"https:\/\/www.colegionewman.org\/en\/wp-json\/wp\/v2\/posts"}],"about":[{"href":"https:\/\/www.colegionewman.org\/en\/wp-json\/wp\/v2\/types\/post"}],"author":[{"embeddable":true,"href":"https:\/\/www.colegionewman.org\/en\/wp-json\/wp\/v2\/users\/1"}],"replies":[{"embeddable":true,"href":"https:\/\/www.colegionewman.org\/en\/wp-json\/wp\/v2\/comments?post=31773"}],"version-history":[{"count":4,"href":"https:\/\/www.colegionewman.org\/en\/wp-json\/wp\/v2\/posts\/31773\/revisions"}],"predecessor-version":[{"id":31789,"href":"https:\/\/www.colegionewman.org\/en\/wp-json\/wp\/v2\/posts\/31773\/revisions\/31789"}],"wp:featuredmedia":[{"embeddable":true,"href":"https:\/\/www.colegionewman.org\/en\/wp-json\/wp\/v2\/media\/31787"}],"wp:attachment":[{"href":"https:\/\/www.colegionewman.org\/en\/wp-json\/wp\/v2\/media?parent=31773"}],"wp:term":[{"taxonomy":"category","embeddable":true,"href":"https:\/\/www.colegionewman.org\/en\/wp-json\/wp\/v2\/categories?post=31773"},{"taxonomy":"post_tag","embeddable":true,"href":"https:\/\/www.colegionewman.org\/en\/wp-json\/wp\/v2\/tags?post=31773"}],"curies":[{"name":"wp","href":"https:\/\/api.w.org\/{rel}","templated":true}]}}