{"id":31766,"date":"2026-03-02T10:16:57","date_gmt":"2026-03-02T09:16:57","guid":{"rendered":"https:\/\/www.colegionewman.org\/?p=31766"},"modified":"2026-03-02T10:16:59","modified_gmt":"2026-03-02T09:16:59","slug":"llega-la-sac-newman-2026","status":"publish","type":"post","link":"https:\/\/www.colegionewman.org\/en\/llega-la-sac-newman-2026\/","title":{"rendered":"Llega la #SAC Newman 2026"},"content":{"rendered":"<p><strong>EL COLEGIO J.H. NEWMAN CELEBRA LA SEMANA DE LAS <\/strong><strong>ARTES Y LAS CIENCIAS (SAC NEWMAN) CON CONFERENCIAS ART\u00cdSTICAS, CIENT\u00cdFICAS Y HUMAN\u00cdSTICAS CON DIVERSAS PERSONALIDADES Y FERIAS DE PROYECTOS DE LOS ALUMNOS<\/strong><\/p>\n\n\n\n<p>The <strong>Arts &amp; science week<\/strong> que se celebra en el <strong>Colegio J.H. Newman,<\/strong> tendr\u00e1 lugar del <strong>6 al 12 de marzo de 2026<\/strong> y se trata de una feria de exposiciones, talleres, conciertos, masterclases y conferencias art\u00edsticas, human\u00edsticas y cient\u00edficas con<strong> importantes personalidades.<\/strong><\/p>\n\n\n\n<p><strong>Madrid, 2 de marzo de 2026.<\/strong> &#8211; Del <strong>6 al 12 de marzo de 2026,<\/strong> el Colegio Internacional J.H. Newman celebra su <strong>V edici\u00f3n de la Semana de las Artes y las Ciencias (SAC Newman), <\/strong>bajo su lema <em>\u201cel arte de la ciencia, la ciencia del arte\u201d<\/em>. Seis d\u00edas donde el Colegio J.H. Newman se convierte en una <strong>feria de formaci\u00f3n y exposici\u00f3n de proyectos de diferentes disciplinas.<\/strong> El colegio cuenta cada a\u00f1o con m\u00faltiples actividades dentro de diferentes \u00e1mbitos: Exposici\u00f3n de proyectos experimentales y de investigaci\u00f3n elaborados y explicados por los alumnos, conferencias divulgativas y talleres magistrales impartidos por importantes personalidades del mundo universitario, profesional o de la investigaci\u00f3n, concursos, conciertos, actividades deportivas y mucho m\u00e1s. En pasadas ediciones hemos contado con la presencia de personalidades como el <strong>responsable de Desarrollo Educativo del Museo Thyssen-Bornemisza de Madrid y coordinador de EducaThyssen.org, el artista Okuda, el locutor Javi Nieves o el divulgador cultural \u201cEl Barroquista\u201d.<\/strong><\/p>\n\n\n\n<p>Este a\u00f1o, contaremos entre otros, con la presencia de la <strong>artista <\/strong><a href=\"https:\/\/belenbenavent.com\/\"><strong>Bel\u00e9n Benavent<\/strong><\/a><strong>,<\/strong> que expondr\u00e1 su obra \u201c<strong>M\u00edrame, una realidad que me interpela\u201d <\/strong>y que adem\u00e1s es antigua alumna del colegio. Tambi\u00e9n nos visitar\u00e1 el <strong>matem\u00e1tico espa\u00f1ol, profesor de Investigaci\u00f3n del Consejo Superior de Investigaciones Cient\u00edficas (CSIC)<\/strong>, Manuel de Le\u00f3n, exponiendo una conferencia sobre <strong>\u00abLas matem\u00e1ticas detr\u00e1s de la ciencia del siglo XX\u00bb, <\/strong>Javier Ablitas, periodista y <strong>doctor de Comunicaci\u00f3n por la Universidad Rey Juan Carlos<\/strong> o el arquitecto Enrique Andreo que expondr\u00e1 su trabajo sobre la obra de <strong>Eduardo Chillida.<\/strong><\/p>\n\n\n\n<p>Adem\u00e1s, durante varios d\u00edas, se expondr\u00e1n en diferentes espacios del centro, proyectos cient\u00edficos y art\u00edsticos explicados por los alumnos en diferentes grupos, una feria de emprendimiento con soluciones y propuestas innovadoras elaboradas por los alumnos de Bachillerato y habr\u00e1 talleres deportivos, art\u00edsticos y cient\u00edficos, desaf\u00edos matem\u00e1ticos y otros concursos.&nbsp;<\/p>\n\n\n\n<p>The <strong>SAC Newman<\/strong> es un espacio formativo, cultural, art\u00edstico y de investigaci\u00f3n abierto a todo el p\u00fablico en el coraz\u00f3n del barrio de Las Rosas. <\/p>\n\n\n\n<p><strong>Descubre todo el programa y actividades: <\/strong><a href=\"https:\/\/www.colegionewman.org\/en\/sacnewman\/\"><strong>https:\/\/www.colegionewman.org\/sacnewman\/<\/strong><\/a><\/p>\n\n\n\n<p><\/p>\n\n\n\n<p><\/p>\n\n\n\n<figure class=\"wp-block-image size-full\"><img loading=\"lazy\" decoding=\"async\" width=\"600\" height=\"849\" src=\"https:\/\/www.colegionewman.org\/wp-content\/uploads\/SAC-NEWMAN-2026.png\" alt=\"\" class=\"wp-image-31710\" srcset=\"https:\/\/www.colegionewman.org\/wp-content\/uploads\/SAC-NEWMAN-2026.png 600w, https:\/\/www.colegionewman.org\/wp-content\/uploads\/SAC-NEWMAN-2026-212x300.png 212w, https:\/\/www.colegionewman.org\/wp-content\/uploads\/SAC-NEWMAN-2026-8x12.png 8w, https:\/\/www.colegionewman.org\/wp-content\/uploads\/SAC-NEWMAN-2026-498x705.png 498w\" sizes=\"auto, (max-width: 600px) 100vw, 600px\" \/><\/figure>","protected":false},"excerpt":{"rendered":"<p>EL COLEGIO J.H. NEWMAN CELEBRA LA SEMANA DE LAS ARTES Y LAS CIENCIAS (SAC NEWMAN) CON CONFERENCIAS ART\u00cdSTICAS, CIENT\u00cdFICAS Y HUMAN\u00cdSTICAS CON DIVERSAS PERSONALIDADES Y FERIAS DE PROYECTOS DE LOS ALUMNOS La Semana de las Artes y las Ciencias que se celebra en el Colegio J.H. Newman, tendr\u00e1 lugar del 6 al 12 de marzo [&hellip;]<\/p>\n","protected":false},"author":1,"featured_media":31740,"comment_status":"open","ping_status":"open","sticky":false,"template":"","format":"standard","meta":{"footnotes":""},"categories":[1515,17,1412,23,72,1496,47,87,249,1413,16],"tags":[832,97,354,721,26,188,1538,1239,113],"class_list":["post-31766","post","type-post","status-publish","format-standard","has-post-thumbnail","hentry","category-arte","category-bachillerato","category-ciencias","category-club-deportivo","category-colegio","category-coro","category-eventos","category-noticias","category-prensa","category-sac","category-secundaria","tag-artes","tag-bachillerato","tag-ciencias","tag-colegio-internacional-jh-newman","tag-colegio-newman","tag-eso","tag-sac","tag-sac-newman","tag-secundaria"],"yoast_head":"<!-- This site is optimized with the Yoast SEO plugin v27.3 - https:\/\/yoast.com\/product\/yoast-seo-wordpress\/ -->\n<title>Llega la #SAC Newman 2026 | Colegio Internacional J.H. Newman<\/title>\n<meta name=\"description\" content=\"EL COLEGIO J.H. NEWMAN CELEBRA LA SEMANA DE LAS ARTES Y LAS CIENCIAS (SAC NEWMAN) CON CONFERENCIAS ART\u00cdSTICAS, CIENT\u00cdFICAS Y HUMAN\u00cdSTICAS.\" \/>\n<meta name=\"robots\" content=\"index, follow, max-snippet:-1, max-image-preview:large, max-video-preview:-1\" \/>\n<link rel=\"canonical\" href=\"https:\/\/www.colegionewman.org\/en\/llega-la-sac-newman-2026\/\" \/>\n<meta property=\"og:locale\" content=\"en_GB\" \/>\n<meta property=\"og:type\" content=\"article\" \/>\n<meta property=\"og:title\" content=\"Llega la #SAC Newman 2026 | Colegio Internacional J.H. Newman\" \/>\n<meta property=\"og:description\" content=\"EL COLEGIO J.H. NEWMAN CELEBRA LA SEMANA DE LAS ARTES Y LAS CIENCIAS (SAC NEWMAN) CON CONFERENCIAS ART\u00cdSTICAS, CIENT\u00cdFICAS Y HUMAN\u00cdSTICAS.\" \/>\n<meta property=\"og:url\" content=\"https:\/\/www.colegionewman.org\/en\/llega-la-sac-newman-2026\/\" \/>\n<meta property=\"og:site_name\" content=\"Colegio Internacional J.H. Newman\" \/>\n<meta property=\"article:published_time\" content=\"2026-03-02T09:16:57+00:00\" \/>\n<meta property=\"article:modified_time\" content=\"2026-03-02T09:16:59+00:00\" \/>\n<meta property=\"og:image\" content=\"https:\/\/www.colegionewman.org\/wp-content\/uploads\/Bannere-SAC-scaled.jpg\" \/>\n\t<meta property=\"og:image:width\" content=\"2560\" \/>\n\t<meta property=\"og:image:height\" content=\"1280\" \/>\n\t<meta property=\"og:image:type\" content=\"image\/jpeg\" \/>\n<meta name=\"author\" content=\"usuario01\" \/>\n<meta name=\"twitter:card\" content=\"summary_large_image\" \/>\n<meta name=\"twitter:label1\" content=\"Written by\" \/>\n\t<meta name=\"twitter:data1\" content=\"usuario01\" \/>\n\t<meta name=\"twitter:label2\" content=\"Estimated reading time\" \/>\n\t<meta name=\"twitter:data2\" content=\"3 minutes\" \/>\n<script type=\"application\/ld+json\" class=\"yoast-schema-graph\">{\"@context\":\"https:\\\/\\\/schema.org\",\"@graph\":[{\"@type\":\"Article\",\"@id\":\"https:\\\/\\\/www.colegionewman.org\\\/llega-la-sac-newman-2026\\\/#article\",\"isPartOf\":{\"@id\":\"https:\\\/\\\/www.colegionewman.org\\\/llega-la-sac-newman-2026\\\/\"},\"author\":{\"name\":\"usuario01\",\"@id\":\"https:\\\/\\\/www.colegionewman.org\\\/#\\\/schema\\\/person\\\/8106daec86dc9c621dee981574299879\"},\"headline\":\"Llega la #SAC Newman 2026\",\"datePublished\":\"2026-03-02T09:16:57+00:00\",\"dateModified\":\"2026-03-02T09:16:59+00:00\",\"mainEntityOfPage\":{\"@id\":\"https:\\\/\\\/www.colegionewman.org\\\/llega-la-sac-newman-2026\\\/\"},\"wordCount\":452,\"commentCount\":0,\"publisher\":{\"@id\":\"https:\\\/\\\/www.colegionewman.org\\\/#organization\"},\"image\":{\"@id\":\"https:\\\/\\\/www.colegionewman.org\\\/llega-la-sac-newman-2026\\\/#primaryimage\"},\"thumbnailUrl\":\"https:\\\/\\\/www.colegionewman.org\\\/wp-content\\\/uploads\\\/Bannere-SAC-scaled.jpg\",\"keywords\":[\"Artes\",\"Bachillerato\",\"Ciencias\",\"Colegio Internacional JH Newman\",\"Colegio Newman\",\"ESO\",\"sac\",\"SAC Newman\",\"Secundaria\"],\"articleSection\":[\"Arte\",\"Bachillerato\",\"Ciencias\",\"Club Deportivo\",\"Colegio\",\"Coro\",\"Eventos\",\"Noticias\",\"Prensa\",\"SAC\",\"Secundaria\"],\"inLanguage\":\"en-GB\",\"potentialAction\":[{\"@type\":\"CommentAction\",\"name\":\"Comment\",\"target\":[\"https:\\\/\\\/www.colegionewman.org\\\/llega-la-sac-newman-2026\\\/#respond\"]}]},{\"@type\":\"WebPage\",\"@id\":\"https:\\\/\\\/www.colegionewman.org\\\/llega-la-sac-newman-2026\\\/\",\"url\":\"https:\\\/\\\/www.colegionewman.org\\\/llega-la-sac-newman-2026\\\/\",\"name\":\"Llega la #SAC Newman 2026 | Colegio Internacional J.H. Newman\",\"isPartOf\":{\"@id\":\"https:\\\/\\\/www.colegionewman.org\\\/#website\"},\"primaryImageOfPage\":{\"@id\":\"https:\\\/\\\/www.colegionewman.org\\\/llega-la-sac-newman-2026\\\/#primaryimage\"},\"image\":{\"@id\":\"https:\\\/\\\/www.colegionewman.org\\\/llega-la-sac-newman-2026\\\/#primaryimage\"},\"thumbnailUrl\":\"https:\\\/\\\/www.colegionewman.org\\\/wp-content\\\/uploads\\\/Bannere-SAC-scaled.jpg\",\"datePublished\":\"2026-03-02T09:16:57+00:00\",\"dateModified\":\"2026-03-02T09:16:59+00:00\",\"description\":\"EL COLEGIO J.H. NEWMAN CELEBRA LA SEMANA DE LAS ARTES Y LAS CIENCIAS (SAC NEWMAN) CON CONFERENCIAS ART\u00cdSTICAS, CIENT\u00cdFICAS Y HUMAN\u00cdSTICAS.\",\"breadcrumb\":{\"@id\":\"https:\\\/\\\/www.colegionewman.org\\\/llega-la-sac-newman-2026\\\/#breadcrumb\"},\"inLanguage\":\"en-GB\",\"potentialAction\":[{\"@type\":\"ReadAction\",\"target\":[\"https:\\\/\\\/www.colegionewman.org\\\/llega-la-sac-newman-2026\\\/\"]}]},{\"@type\":\"ImageObject\",\"inLanguage\":\"en-GB\",\"@id\":\"https:\\\/\\\/www.colegionewman.org\\\/llega-la-sac-newman-2026\\\/#primaryimage\",\"url\":\"https:\\\/\\\/www.colegionewman.org\\\/wp-content\\\/uploads\\\/Bannere-SAC-scaled.jpg\",\"contentUrl\":\"https:\\\/\\\/www.colegionewman.org\\\/wp-content\\\/uploads\\\/Bannere-SAC-scaled.jpg\",\"width\":2560,\"height\":1280},{\"@type\":\"BreadcrumbList\",\"@id\":\"https:\\\/\\\/www.colegionewman.org\\\/llega-la-sac-newman-2026\\\/#breadcrumb\",\"itemListElement\":[{\"@type\":\"ListItem\",\"position\":1,\"name\":\"Portada\",\"item\":\"https:\\\/\\\/www.colegionewman.org\\\/\"},{\"@type\":\"ListItem\",\"position\":2,\"name\":\"Llega la #SAC Newman 2026\"}]},{\"@type\":\"WebSite\",\"@id\":\"https:\\\/\\\/www.colegionewman.org\\\/#website\",\"url\":\"https:\\\/\\\/www.colegionewman.org\\\/\",\"name\":\"Colegio Internacional J.H. Newman\",\"description\":\"Un colegio que te abre al mundo\",\"publisher\":{\"@id\":\"https:\\\/\\\/www.colegionewman.org\\\/#organization\"},\"alternateName\":\"Colegio Newman\",\"potentialAction\":[{\"@type\":\"SearchAction\",\"target\":{\"@type\":\"EntryPoint\",\"urlTemplate\":\"https:\\\/\\\/www.colegionewman.org\\\/?s={search_term_string}\"},\"query-input\":{\"@type\":\"PropertyValueSpecification\",\"valueRequired\":true,\"valueName\":\"search_term_string\"}}],\"inLanguage\":\"en-GB\"},{\"@type\":\"Organization\",\"@id\":\"https:\\\/\\\/www.colegionewman.org\\\/#organization\",\"name\":\"Colegio Internacional J.H. Newman\",\"alternateName\":\"Colegio Newman\",\"url\":\"https:\\\/\\\/www.colegionewman.org\\\/\",\"logo\":{\"@type\":\"ImageObject\",\"inLanguage\":\"en-GB\",\"@id\":\"https:\\\/\\\/www.colegionewman.org\\\/#\\\/schema\\\/logo\\\/image\\\/\",\"url\":\"https:\\\/\\\/www.colegionewman.org\\\/wp-content\\\/uploads\\\/logo_mini_newman_Mesa-de-trabajo-1.png\",\"contentUrl\":\"https:\\\/\\\/www.colegionewman.org\\\/wp-content\\\/uploads\\\/logo_mini_newman_Mesa-de-trabajo-1.png\",\"width\":750,\"height\":750,\"caption\":\"Colegio Internacional J.H. Newman\"},\"image\":{\"@id\":\"https:\\\/\\\/www.colegionewman.org\\\/#\\\/schema\\\/logo\\\/image\\\/\"},\"sameAs\":[\"https:\\\/\\\/www.instagram.com\\\/colegiojhnewman\\\/\",\"https:\\\/\\\/www.youtube.com\\\/channel\\\/UCUEVCANGRsznbp-DRfSrexw\",\"https:\\\/\\\/www.linkedin.com\\\/company\\\/colegio-internacional-jh-newman\"]},{\"@type\":\"Person\",\"@id\":\"https:\\\/\\\/www.colegionewman.org\\\/#\\\/schema\\\/person\\\/8106daec86dc9c621dee981574299879\",\"name\":\"usuario01\",\"image\":{\"@type\":\"ImageObject\",\"inLanguage\":\"en-GB\",\"@id\":\"https:\\\/\\\/secure.gravatar.com\\\/avatar\\\/2cefad0f4eecf4293f29f0087b54fe8c76e9fc1d6aed0ef8a8ecdd2e38e8cd47?s=96&d=mm&r=g\",\"url\":\"https:\\\/\\\/secure.gravatar.com\\\/avatar\\\/2cefad0f4eecf4293f29f0087b54fe8c76e9fc1d6aed0ef8a8ecdd2e38e8cd47?s=96&d=mm&r=g\",\"contentUrl\":\"https:\\\/\\\/secure.gravatar.com\\\/avatar\\\/2cefad0f4eecf4293f29f0087b54fe8c76e9fc1d6aed0ef8a8ecdd2e38e8cd47?s=96&d=mm&r=g\",\"caption\":\"usuario01\"},\"sameAs\":[\"https:\\\/\\\/www.colegionewman.org\"],\"url\":\"https:\\\/\\\/www.colegionewman.org\\\/en\\\/author\\\/usuario01\\\/\"}]}<\/script>\n<!-- \/ Yoast SEO plugin. -->","yoast_head_json":{"title":"Llega la #SAC Newman 2026 | Colegio Internacional J.H. Newman","description":"EL COLEGIO J.H. NEWMAN CELEBRA LA SEMANA DE LAS ARTES Y LAS CIENCIAS (SAC NEWMAN) CON CONFERENCIAS ART\u00cdSTICAS, CIENT\u00cdFICAS Y HUMAN\u00cdSTICAS.","robots":{"index":"index","follow":"follow","max-snippet":"max-snippet:-1","max-image-preview":"max-image-preview:large","max-video-preview":"max-video-preview:-1"},"canonical":"https:\/\/www.colegionewman.org\/en\/llega-la-sac-newman-2026\/","og_locale":"en_GB","og_type":"article","og_title":"Llega la #SAC Newman 2026 | Colegio Internacional J.H. Newman","og_description":"EL COLEGIO J.H. NEWMAN CELEBRA LA SEMANA DE LAS ARTES Y LAS CIENCIAS (SAC NEWMAN) CON CONFERENCIAS ART\u00cdSTICAS, CIENT\u00cdFICAS Y HUMAN\u00cdSTICAS.","og_url":"https:\/\/www.colegionewman.org\/en\/llega-la-sac-newman-2026\/","og_site_name":"Colegio Internacional J.H. Newman","article_published_time":"2026-03-02T09:16:57+00:00","article_modified_time":"2026-03-02T09:16:59+00:00","og_image":[{"width":2560,"height":1280,"url":"https:\/\/www.colegionewman.org\/wp-content\/uploads\/Bannere-SAC-scaled.jpg","type":"image\/jpeg"}],"author":"usuario01","twitter_card":"summary_large_image","twitter_misc":{"Written by":"usuario01","Estimated reading time":"3 minutes"},"schema":{"@context":"https:\/\/schema.org","@graph":[{"@type":"Article","@id":"https:\/\/www.colegionewman.org\/llega-la-sac-newman-2026\/#article","isPartOf":{"@id":"https:\/\/www.colegionewman.org\/llega-la-sac-newman-2026\/"},"author":{"name":"usuario01","@id":"https:\/\/www.colegionewman.org\/#\/schema\/person\/8106daec86dc9c621dee981574299879"},"headline":"Llega la #SAC Newman 2026","datePublished":"2026-03-02T09:16:57+00:00","dateModified":"2026-03-02T09:16:59+00:00","mainEntityOfPage":{"@id":"https:\/\/www.colegionewman.org\/llega-la-sac-newman-2026\/"},"wordCount":452,"commentCount":0,"publisher":{"@id":"https:\/\/www.colegionewman.org\/#organization"},"image":{"@id":"https:\/\/www.colegionewman.org\/llega-la-sac-newman-2026\/#primaryimage"},"thumbnailUrl":"https:\/\/www.colegionewman.org\/wp-content\/uploads\/Bannere-SAC-scaled.jpg","keywords":["Artes","Bachillerato","Ciencias","Colegio Internacional JH Newman","Colegio Newman","ESO","sac","SAC Newman","Secundaria"],"articleSection":["Arte","Bachillerato","Ciencias","Club Deportivo","Colegio","Coro","Eventos","Noticias","Prensa","SAC","Secundaria"],"inLanguage":"en-GB","potentialAction":[{"@type":"CommentAction","name":"Comment","target":["https:\/\/www.colegionewman.org\/llega-la-sac-newman-2026\/#respond"]}]},{"@type":"WebPage","@id":"https:\/\/www.colegionewman.org\/llega-la-sac-newman-2026\/","url":"https:\/\/www.colegionewman.org\/llega-la-sac-newman-2026\/","name":"Llega la #SAC Newman 2026 | Colegio Internacional J.H. Newman","isPartOf":{"@id":"https:\/\/www.colegionewman.org\/#website"},"primaryImageOfPage":{"@id":"https:\/\/www.colegionewman.org\/llega-la-sac-newman-2026\/#primaryimage"},"image":{"@id":"https:\/\/www.colegionewman.org\/llega-la-sac-newman-2026\/#primaryimage"},"thumbnailUrl":"https:\/\/www.colegionewman.org\/wp-content\/uploads\/Bannere-SAC-scaled.jpg","datePublished":"2026-03-02T09:16:57+00:00","dateModified":"2026-03-02T09:16:59+00:00","description":"EL COLEGIO J.H. NEWMAN CELEBRA LA SEMANA DE LAS ARTES Y LAS CIENCIAS (SAC NEWMAN) CON CONFERENCIAS ART\u00cdSTICAS, CIENT\u00cdFICAS Y HUMAN\u00cdSTICAS.","breadcrumb":{"@id":"https:\/\/www.colegionewman.org\/llega-la-sac-newman-2026\/#breadcrumb"},"inLanguage":"en-GB","potentialAction":[{"@type":"ReadAction","target":["https:\/\/www.colegionewman.org\/llega-la-sac-newman-2026\/"]}]},{"@type":"ImageObject","inLanguage":"en-GB","@id":"https:\/\/www.colegionewman.org\/llega-la-sac-newman-2026\/#primaryimage","url":"https:\/\/www.colegionewman.org\/wp-content\/uploads\/Bannere-SAC-scaled.jpg","contentUrl":"https:\/\/www.colegionewman.org\/wp-content\/uploads\/Bannere-SAC-scaled.jpg","width":2560,"height":1280},{"@type":"BreadcrumbList","@id":"https:\/\/www.colegionewman.org\/llega-la-sac-newman-2026\/#breadcrumb","itemListElement":[{"@type":"ListItem","position":1,"name":"Portada","item":"https:\/\/www.colegionewman.org\/"},{"@type":"ListItem","position":2,"name":"Llega la #SAC Newman 2026"}]},{"@type":"WebSite","@id":"https:\/\/www.colegionewman.org\/#website","url":"https:\/\/www.colegionewman.org\/","name":"International College J. H. Newman","description":"Un colegio que te abre al mundo","publisher":{"@id":"https:\/\/www.colegionewman.org\/#organization"},"alternateName":"Colegio Newman","potentialAction":[{"@type":"SearchAction","target":{"@type":"EntryPoint","urlTemplate":"https:\/\/www.colegionewman.org\/?s={search_term_string}"},"query-input":{"@type":"PropertyValueSpecification","valueRequired":true,"valueName":"search_term_string"}}],"inLanguage":"en-GB"},{"@type":"Organization","@id":"https:\/\/www.colegionewman.org\/#organization","name":"International College J. H. Newman","alternateName":"Colegio Newman","url":"https:\/\/www.colegionewman.org\/","logo":{"@type":"ImageObject","inLanguage":"en-GB","@id":"https:\/\/www.colegionewman.org\/#\/schema\/logo\/image\/","url":"https:\/\/www.colegionewman.org\/wp-content\/uploads\/logo_mini_newman_Mesa-de-trabajo-1.png","contentUrl":"https:\/\/www.colegionewman.org\/wp-content\/uploads\/logo_mini_newman_Mesa-de-trabajo-1.png","width":750,"height":750,"caption":"Colegio Internacional J.H. Newman"},"image":{"@id":"https:\/\/www.colegionewman.org\/#\/schema\/logo\/image\/"},"sameAs":["https:\/\/www.instagram.com\/colegiojhnewman\/","https:\/\/www.youtube.com\/channel\/UCUEVCANGRsznbp-DRfSrexw","https:\/\/www.linkedin.com\/company\/colegio-internacional-jh-newman"]},{"@type":"Person","@id":"https:\/\/www.colegionewman.org\/#\/schema\/person\/8106daec86dc9c621dee981574299879","name":"usuario01","image":{"@type":"ImageObject","inLanguage":"en-GB","@id":"https:\/\/secure.gravatar.com\/avatar\/2cefad0f4eecf4293f29f0087b54fe8c76e9fc1d6aed0ef8a8ecdd2e38e8cd47?s=96&d=mm&r=g","url":"https:\/\/secure.gravatar.com\/avatar\/2cefad0f4eecf4293f29f0087b54fe8c76e9fc1d6aed0ef8a8ecdd2e38e8cd47?s=96&d=mm&r=g","contentUrl":"https:\/\/secure.gravatar.com\/avatar\/2cefad0f4eecf4293f29f0087b54fe8c76e9fc1d6aed0ef8a8ecdd2e38e8cd47?s=96&d=mm&r=g","caption":"usuario01"},"sameAs":["https:\/\/www.colegionewman.org"],"url":"https:\/\/www.colegionewman.org\/en\/author\/usuario01\/"}]}},"_links":{"self":[{"href":"https:\/\/www.colegionewman.org\/en\/wp-json\/wp\/v2\/posts\/31766","targetHints":{"allow":["GET"]}}],"collection":[{"href":"https:\/\/www.colegionewman.org\/en\/wp-json\/wp\/v2\/posts"}],"about":[{"href":"https:\/\/www.colegionewman.org\/en\/wp-json\/wp\/v2\/types\/post"}],"author":[{"embeddable":true,"href":"https:\/\/www.colegionewman.org\/en\/wp-json\/wp\/v2\/users\/1"}],"replies":[{"embeddable":true,"href":"https:\/\/www.colegionewman.org\/en\/wp-json\/wp\/v2\/comments?post=31766"}],"version-history":[{"count":1,"href":"https:\/\/www.colegionewman.org\/en\/wp-json\/wp\/v2\/posts\/31766\/revisions"}],"predecessor-version":[{"id":31767,"href":"https:\/\/www.colegionewman.org\/en\/wp-json\/wp\/v2\/posts\/31766\/revisions\/31767"}],"wp:featuredmedia":[{"embeddable":true,"href":"https:\/\/www.colegionewman.org\/en\/wp-json\/wp\/v2\/media\/31740"}],"wp:attachment":[{"href":"https:\/\/www.colegionewman.org\/en\/wp-json\/wp\/v2\/media?parent=31766"}],"wp:term":[{"taxonomy":"category","embeddable":true,"href":"https:\/\/www.colegionewman.org\/en\/wp-json\/wp\/v2\/categories?post=31766"},{"taxonomy":"post_tag","embeddable":true,"href":"https:\/\/www.colegionewman.org\/en\/wp-json\/wp\/v2\/tags?post=31766"}],"curies":[{"name":"wp","href":"https:\/\/api.w.org\/{rel}","templated":true}]}}